{"id":11376,"date":"2014-12-18T10:06:02","date_gmt":"2014-12-18T09:06:02","guid":{"rendered":"https:\/\/www.itakaescolapios.org\/?p=11376"},"modified":"2023-11-28T12:38:51","modified_gmt":"2023-11-28T11:38:51","slug":"boletin-de-itaka-escolapios-zaragoza","status":"publish","type":"post","link":"https:\/\/www.itakaescolapios.org\/ca\/2014\/12\/boletin-de-itaka-escolapios-zaragoza\/","title":{"rendered":"Bolet\u00edn de Itaka Escolapios Zaragoza"},"content":{"rendered":"<p>Os presentamos un breve bolet\u00edn informativo con las novedades de la Fundaci\u00f3n Itaka Escolapios en la presencia de Zaragoza.<\/p>\n<p>Podr\u00e9is conocer todas las novedades de todos los proyectos que tenemos en marcha: It\u00e1vere, comercio justo, Movimiento Calasanz\u2026<\/p>\n<p>&nbsp;<\/p>\n<p><a href=\"https:\/\/www.itakaescolapios.org\/2014\/12\/boletin-de-itaka-escolapios-zaragoza\/boletin-1-itaka-escolapios-zaragozaweb\/\" rel=\"attachment wp-att-11377\">Boleti\u0301n 1 Itaka Escolapios Zaragozaweb<\/a><\/p>\n","protected":false},"excerpt":{"rendered":"<p>Os presentamos un breve bolet\u00edn informativo con las novedades de la Fundaci\u00f3n Itaka Escolapios en la presencia de Zaragoza. Podr\u00e9is conocer todas las novedades de todos los proyectos que tenemos [&hellip;]<\/p>\n","protected":false},"author":4,"featured_media":10960,"comment_status":"closed","ping_status":"closed","sticky":false,"template":"","format":"standard","meta":{"_et_pb_use_builder":"","_et_pb_old_content":"","_et_gb_content_width":"","footnotes":""},"categories":[25],"tags":[],"class_list":["post-11376","post","type-post","status-publish","format-standard","has-post-thumbnail","hentry","category-zaragoza"],"yoast_head":"<!-- This site is optimized with the Yoast SEO plugin v27.4 - https:\/\/yoast.com\/product\/yoast-seo-wordpress\/ -->\n<title>Bolet\u00edn de Itaka Escolapios Zaragoza<\/title>\n<meta name=\"description\" content=\"Os presentamos un breve bolet\u00edn informativo con las novedades de la Fundaci\u00f3n Itaka Escolapios en la presencia de Zaragoza. Podr\u00e9is conocer todas las novedades de todos los proyectos que tenemos en marcha: It\u00e1vere, comercio justo, Movimiento Calasanz\u2026 &nbsp; Boleti\u0301n 1 Itaka Escolapios Zaragozaweb\" \/>\n<meta name=\"robots\" content=\"index, follow, max-snippet:-1, max-image-preview:large, max-video-preview:-1\" \/>\n<link rel=\"canonical\" href=\"\" \/>\n<meta property=\"og:locale\" content=\"ca_ES\" \/>\n<meta property=\"og:type\" content=\"article\" \/>\n<meta property=\"og:title\" content=\"Bolet\u00edn de Itaka Escolapios Zaragoza\" \/>\n<meta property=\"og:description\" content=\"Os presentamos un breve bolet\u00edn informativo con las novedades de la Fundaci\u00f3n Itaka Escolapios en la presencia de Zaragoza. Podr\u00e9is conocer todas las novedades de todos los proyectos que tenemos en marcha: It\u00e1vere, comercio justo, Movimiento Calasanz\u2026 &nbsp; Boleti\u0301n 1 Itaka Escolapios Zaragozaweb\" \/>\n<meta property=\"og:url\" content=\"https:\/\/www.itakaescolapios.org\/ca\/2014\/12\/boletin-de-itaka-escolapios-zaragoza\/\" \/>\n<meta property=\"og:site_name\" content=\"Itaka-Escolapios\" \/>\n<meta property=\"article:published_time\" content=\"2014-12-18T09:06:02+00:00\" \/>\n<meta property=\"article:modified_time\" content=\"2023-11-28T11:38:51+00:00\" \/>\n<meta property=\"og:image\" content=\"https:\/\/www.itakaescolapios.org\/wp-content\/uploads\/2014\/11\/Comercio-justo-CR.jpg\" \/>\n\t<meta property=\"og:image:width\" content=\"2000\" \/>\n\t<meta property=\"og:image:height\" content=\"1500\" \/>\n\t<meta property=\"og:image:type\" content=\"image\/jpeg\" \/>\n<meta name=\"author\" content=\"itaka\" \/>\n<meta name=\"twitter:card\" content=\"summary_large_image\" \/>\n<meta name=\"twitter:label1\" content=\"Escrit per\" \/>\n\t<meta name=\"twitter:data1\" content=\"itaka\" \/>\n<script type=\"application\/ld+json\" class=\"yoast-schema-graph\">{\"@context\":\"https:\\\/\\\/schema.org\",\"@graph\":[{\"@type\":\"Article\",\"@id\":\"https:\\\/\\\/www.itakaescolapios.org\\\/ca\\\/2014\\\/12\\\/boletin-de-itaka-escolapios-zaragoza\\\/#article\",\"isPartOf\":{\"@id\":\"https:\\\/\\\/www.itakaescolapios.org\\\/ca\\\/2014\\\/12\\\/boletin-de-itaka-escolapios-zaragoza\\\/\"},\"author\":{\"name\":\"itaka\",\"@id\":\"https:\\\/\\\/www.itakaescolapios.org\\\/es\\\/#\\\/schema\\\/person\\\/670123daeb1cc31cae1b106740036ccb\"},\"headline\":\"Bolet\u00edn de Itaka Escolapios Zaragoza\",\"datePublished\":\"2014-12-18T09:06:02+00:00\",\"dateModified\":\"2023-11-28T11:38:51+00:00\",\"mainEntityOfPage\":{\"@id\":\"https:\\\/\\\/www.itakaescolapios.org\\\/ca\\\/2014\\\/12\\\/boletin-de-itaka-escolapios-zaragoza\\\/\"},\"wordCount\":53,\"publisher\":{\"@id\":\"https:\\\/\\\/www.itakaescolapios.org\\\/es\\\/#organization\"},\"image\":{\"@id\":\"https:\\\/\\\/www.itakaescolapios.org\\\/ca\\\/2014\\\/12\\\/boletin-de-itaka-escolapios-zaragoza\\\/#primaryimage\"},\"thumbnailUrl\":\"https:\\\/\\\/www.itakaescolapios.org\\\/wp-content\\\/uploads\\\/2014\\\/11\\\/Comercio-justo-CR.jpg\",\"articleSection\":[\"Zaragoza\"],\"inLanguage\":\"ca\"},{\"@type\":\"WebPage\",\"@id\":\"https:\\\/\\\/www.itakaescolapios.org\\\/ca\\\/2014\\\/12\\\/boletin-de-itaka-escolapios-zaragoza\\\/\",\"url\":\"https:\\\/\\\/www.itakaescolapios.org\\\/ca\\\/2014\\\/12\\\/boletin-de-itaka-escolapios-zaragoza\\\/\",\"name\":\"Bolet\u00edn de Itaka Escolapios Zaragoza - Itaka-Escolapios\",\"isPartOf\":{\"@id\":\"https:\\\/\\\/www.itakaescolapios.org\\\/es\\\/#website\"},\"primaryImageOfPage\":{\"@id\":\"https:\\\/\\\/www.itakaescolapios.org\\\/ca\\\/2014\\\/12\\\/boletin-de-itaka-escolapios-zaragoza\\\/#primaryimage\"},\"image\":{\"@id\":\"https:\\\/\\\/www.itakaescolapios.org\\\/ca\\\/2014\\\/12\\\/boletin-de-itaka-escolapios-zaragoza\\\/#primaryimage\"},\"thumbnailUrl\":\"https:\\\/\\\/www.itakaescolapios.org\\\/wp-content\\\/uploads\\\/2014\\\/11\\\/Comercio-justo-CR.jpg\",\"datePublished\":\"2014-12-18T09:06:02+00:00\",\"dateModified\":\"2023-11-28T11:38:51+00:00\",\"breadcrumb\":{\"@id\":\"https:\\\/\\\/www.itakaescolapios.org\\\/ca\\\/2014\\\/12\\\/boletin-de-itaka-escolapios-zaragoza\\\/#breadcrumb\"},\"inLanguage\":\"ca\",\"potentialAction\":[{\"@type\":\"ReadAction\",\"target\":[\"https:\\\/\\\/www.itakaescolapios.org\\\/ca\\\/2014\\\/12\\\/boletin-de-itaka-escolapios-zaragoza\\\/\"]}]},{\"@type\":\"ImageObject\",\"inLanguage\":\"ca\",\"@id\":\"https:\\\/\\\/www.itakaescolapios.org\\\/ca\\\/2014\\\/12\\\/boletin-de-itaka-escolapios-zaragoza\\\/#primaryimage\",\"url\":\"https:\\\/\\\/www.itakaescolapios.org\\\/wp-content\\\/uploads\\\/2014\\\/11\\\/Comercio-justo-CR.jpg\",\"contentUrl\":\"https:\\\/\\\/www.itakaescolapios.org\\\/wp-content\\\/uploads\\\/2014\\\/11\\\/Comercio-justo-CR.jpg\",\"width\":2000,\"height\":1500},{\"@type\":\"BreadcrumbList\",\"@id\":\"https:\\\/\\\/www.itakaescolapios.org\\\/ca\\\/2014\\\/12\\\/boletin-de-itaka-escolapios-zaragoza\\\/#breadcrumb\",\"itemListElement\":[{\"@type\":\"ListItem\",\"position\":1,\"name\":\"Itaka-Escolapios\",\"item\":\"https:\\\/\\\/www.itakaescolapios.org\\\/es\\\/\"},{\"@type\":\"ListItem\",\"position\":2,\"name\":\"Bolet\u00edn de Itaka Escolapios Zaragoza\"}]},{\"@type\":\"WebSite\",\"@id\":\"https:\\\/\\\/www.itakaescolapios.org\\\/ca\\\/es\\\/#website\",\"url\":\"https:\\\/\\\/www.itakaescolapios.org\\\/ca\\\/es\\\/\",\"name\":\"Itaka-Escolapios\",\"description\":\"Red de Itaka-Escolapios\",\"publisher\":{\"@id\":\"https:\\\/\\\/www.itakaescolapios.org\\\/ca\\\/es\\\/#organization\"},\"potentialAction\":[{\"@type\":\"SearchAction\",\"target\":{\"@type\":\"EntryPoint\",\"urlTemplate\":\"https:\\\/\\\/www.itakaescolapios.org\\\/ca\\\/es\\\/?s={search_term_string}\"},\"query-input\":{\"@type\":\"PropertyValueSpecification\",\"valueRequired\":true,\"valueName\":\"search_term_string\"}}],\"inLanguage\":\"ca\"},{\"@type\":\"Organization\",\"@id\":\"https:\\\/\\\/www.itakaescolapios.org\\\/ca\\\/es\\\/#organization\",\"name\":\"Fundaci\u00f3 Itaka-Escolapios\",\"url\":\"https:\\\/\\\/www.itakaescolapios.org\\\/ca\\\/es\\\/\",\"logo\":{\"@type\":\"ImageObject\",\"inLanguage\":\"ca\",\"@id\":\"https:\\\/\\\/www.itakaescolapios.org\\\/ca\\\/es\\\/#\\\/schema\\\/logo\\\/image\\\/\",\"url\":\"https:\\\/\\\/www.itakaescolapios.org\\\/wp-content\\\/uploads\\\/2024\\\/04\\\/Logo-itakaescolapios-peque.png\",\"contentUrl\":\"https:\\\/\\\/www.itakaescolapios.org\\\/wp-content\\\/uploads\\\/2024\\\/04\\\/Logo-itakaescolapios-peque.png\",\"width\":500,\"height\":199,\"caption\":\"Fundaci\u00f3 Itaka-Escolapios\"},\"image\":{\"@id\":\"https:\\\/\\\/www.itakaescolapios.org\\\/ca\\\/es\\\/#\\\/schema\\\/logo\\\/image\\\/\"}},{\"@type\":\"Person\",\"@id\":\"https:\\\/\\\/www.itakaescolapios.org\\\/es\\\/#\\\/schema\\\/person\\\/670123daeb1cc31cae1b106740036ccb\",\"name\":\"itaka\",\"url\":\"https:\\\/\\\/www.itakaescolapios.org\\\/ca\\\/author\\\/itaka\\\/\"}]}<\/script>\n<!-- \/ Yoast SEO plugin. -->","yoast_head_json":{"title":"Bolet\u00edn de Itaka Escolapios Zaragoza","description":"Os presentamos un breve bolet\u00edn informativo con las novedades de la Fundaci\u00f3n Itaka Escolapios en la presencia de Zaragoza. Podr\u00e9is conocer todas las novedades de todos los proyectos que tenemos en marcha: It\u00e1vere, comercio justo, Movimiento Calasanz\u2026 &nbsp; Boleti\u0301n 1 Itaka Escolapios Zaragozaweb","robots":{"index":"index","follow":"follow","max-snippet":"max-snippet:-1","max-image-preview":"max-image-preview:large","max-video-preview":"max-video-preview:-1"},"canonical":"Os presentamos un breve bolet\u00edn informativo con las novedades de la Fundaci\u00f3n Itaka Escolapios en la presencia de Zaragoza. Podr\u00e9is conocer todas las novedades de todos los proyectos que tenemos en marcha: It\u00e1vere, comercio justo, Movimiento Calasanz\u2026 &nbsp; Boleti\u0301n 1 Itaka Escolapios Zaragozaweb","og_locale":"ca_ES","og_type":"article","og_title":"Bolet\u00edn de Itaka Escolapios Zaragoza","og_description":"Os presentamos un breve bolet\u00edn informativo con las novedades de la Fundaci\u00f3n Itaka Escolapios en la presencia de Zaragoza. Podr\u00e9is conocer todas las novedades de todos los proyectos que tenemos en marcha: It\u00e1vere, comercio justo, Movimiento Calasanz\u2026 &nbsp; Boleti\u0301n 1 Itaka Escolapios Zaragozaweb","og_url":"https:\/\/www.itakaescolapios.org\/ca\/2014\/12\/boletin-de-itaka-escolapios-zaragoza\/","og_site_name":"Itaka-Escolapios","article_published_time":"2014-12-18T09:06:02+00:00","article_modified_time":"2023-11-28T11:38:51+00:00","og_image":[{"width":2000,"height":1500,"url":"https:\/\/www.itakaescolapios.org\/wp-content\/uploads\/2014\/11\/Comercio-justo-CR.jpg","type":"image\/jpeg"}],"author":"itaka","twitter_card":"summary_large_image","twitter_misc":{"Escrit per":"itaka"},"schema":{"@context":"https:\/\/schema.org","@graph":[{"@type":"Article","@id":"https:\/\/www.itakaescolapios.org\/ca\/2014\/12\/boletin-de-itaka-escolapios-zaragoza\/#article","isPartOf":{"@id":"https:\/\/www.itakaescolapios.org\/ca\/2014\/12\/boletin-de-itaka-escolapios-zaragoza\/"},"author":{"name":"itaka","@id":"https:\/\/www.itakaescolapios.org\/es\/#\/schema\/person\/670123daeb1cc31cae1b106740036ccb"},"headline":"Bolet\u00edn de Itaka Escolapios Zaragoza","datePublished":"2014-12-18T09:06:02+00:00","dateModified":"2023-11-28T11:38:51+00:00","mainEntityOfPage":{"@id":"https:\/\/www.itakaescolapios.org\/ca\/2014\/12\/boletin-de-itaka-escolapios-zaragoza\/"},"wordCount":53,"publisher":{"@id":"https:\/\/www.itakaescolapios.org\/es\/#organization"},"image":{"@id":"https:\/\/www.itakaescolapios.org\/ca\/2014\/12\/boletin-de-itaka-escolapios-zaragoza\/#primaryimage"},"thumbnailUrl":"https:\/\/www.itakaescolapios.org\/wp-content\/uploads\/2014\/11\/Comercio-justo-CR.jpg","articleSection":["Zaragoza"],"inLanguage":"ca"},{"@type":"WebPage","@id":"https:\/\/www.itakaescolapios.org\/ca\/2014\/12\/boletin-de-itaka-escolapios-zaragoza\/","url":"https:\/\/www.itakaescolapios.org\/ca\/2014\/12\/boletin-de-itaka-escolapios-zaragoza\/","name":"Bolet\u00edn de Itaka Escolapios Zaragoza - Itaka-Escolapios","isPartOf":{"@id":"https:\/\/www.itakaescolapios.org\/es\/#website"},"primaryImageOfPage":{"@id":"https:\/\/www.itakaescolapios.org\/ca\/2014\/12\/boletin-de-itaka-escolapios-zaragoza\/#primaryimage"},"image":{"@id":"https:\/\/www.itakaescolapios.org\/ca\/2014\/12\/boletin-de-itaka-escolapios-zaragoza\/#primaryimage"},"thumbnailUrl":"https:\/\/www.itakaescolapios.org\/wp-content\/uploads\/2014\/11\/Comercio-justo-CR.jpg","datePublished":"2014-12-18T09:06:02+00:00","dateModified":"2023-11-28T11:38:51+00:00","breadcrumb":{"@id":"https:\/\/www.itakaescolapios.org\/ca\/2014\/12\/boletin-de-itaka-escolapios-zaragoza\/#breadcrumb"},"inLanguage":"ca","potentialAction":[{"@type":"ReadAction","target":["https:\/\/www.itakaescolapios.org\/ca\/2014\/12\/boletin-de-itaka-escolapios-zaragoza\/"]}]},{"@type":"ImageObject","inLanguage":"ca","@id":"https:\/\/www.itakaescolapios.org\/ca\/2014\/12\/boletin-de-itaka-escolapios-zaragoza\/#primaryimage","url":"https:\/\/www.itakaescolapios.org\/wp-content\/uploads\/2014\/11\/Comercio-justo-CR.jpg","contentUrl":"https:\/\/www.itakaescolapios.org\/wp-content\/uploads\/2014\/11\/Comercio-justo-CR.jpg","width":2000,"height":1500},{"@type":"BreadcrumbList","@id":"https:\/\/www.itakaescolapios.org\/ca\/2014\/12\/boletin-de-itaka-escolapios-zaragoza\/#breadcrumb","itemListElement":[{"@type":"ListItem","position":1,"name":"Itaka-Escolapios","item":"https:\/\/www.itakaescolapios.org\/es\/"},{"@type":"ListItem","position":2,"name":"Bolet\u00edn de Itaka Escolapios Zaragoza"}]},{"@type":"WebSite","@id":"https:\/\/www.itakaescolapios.org\/ca\/es\/#website","url":"https:\/\/www.itakaescolapios.org\/ca\/es\/","name":"Itaka-Escolapios","description":"Red de Itaka-Escolapios","publisher":{"@id":"https:\/\/www.itakaescolapios.org\/ca\/es\/#organization"},"potentialAction":[{"@type":"SearchAction","target":{"@type":"EntryPoint","urlTemplate":"https:\/\/www.itakaescolapios.org\/ca\/es\/?s={search_term_string}"},"query-input":{"@type":"PropertyValueSpecification","valueRequired":true,"valueName":"search_term_string"}}],"inLanguage":"ca"},{"@type":"Organization","@id":"https:\/\/www.itakaescolapios.org\/ca\/es\/#organization","name":"Fundaci\u00f3 Itaka-Escolapios","url":"https:\/\/www.itakaescolapios.org\/ca\/es\/","logo":{"@type":"ImageObject","inLanguage":"ca","@id":"https:\/\/www.itakaescolapios.org\/ca\/es\/#\/schema\/logo\/image\/","url":"https:\/\/www.itakaescolapios.org\/wp-content\/uploads\/2024\/04\/Logo-itakaescolapios-peque.png","contentUrl":"https:\/\/www.itakaescolapios.org\/wp-content\/uploads\/2024\/04\/Logo-itakaescolapios-peque.png","width":500,"height":199,"caption":"Fundaci\u00f3 Itaka-Escolapios"},"image":{"@id":"https:\/\/www.itakaescolapios.org\/ca\/es\/#\/schema\/logo\/image\/"}},{"@type":"Person","@id":"https:\/\/www.itakaescolapios.org\/es\/#\/schema\/person\/670123daeb1cc31cae1b106740036ccb","name":"itaka","url":"https:\/\/www.itakaescolapios.org\/ca\/author\/itaka\/"}]}},"_links":{"self":[{"href":"https:\/\/www.itakaescolapios.org\/ca\/wp-json\/wp\/v2\/posts\/11376","targetHints":{"allow":["GET"]}}],"collection":[{"href":"https:\/\/www.itakaescolapios.org\/ca\/wp-json\/wp\/v2\/posts"}],"about":[{"href":"https:\/\/www.itakaescolapios.org\/ca\/wp-json\/wp\/v2\/types\/post"}],"author":[{"embeddable":true,"href":"https:\/\/www.itakaescolapios.org\/ca\/wp-json\/wp\/v2\/users\/4"}],"replies":[{"embeddable":true,"href":"https:\/\/www.itakaescolapios.org\/ca\/wp-json\/wp\/v2\/comments?post=11376"}],"version-history":[{"count":5,"href":"https:\/\/www.itakaescolapios.org\/ca\/wp-json\/wp\/v2\/posts\/11376\/revisions"}],"predecessor-version":[{"id":48866,"href":"https:\/\/www.itakaescolapios.org\/ca\/wp-json\/wp\/v2\/posts\/11376\/revisions\/48866"}],"wp:featuredmedia":[{"embeddable":true,"href":"https:\/\/www.itakaescolapios.org\/ca\/wp-json\/wp\/v2\/media\/10960"}],"wp:attachment":[{"href":"https:\/\/www.itakaescolapios.org\/ca\/wp-json\/wp\/v2\/media?parent=11376"}],"wp:term":[{"taxonomy":"category","embeddable":true,"href":"https:\/\/www.itakaescolapios.org\/ca\/wp-json\/wp\/v2\/categories?post=11376"},{"taxonomy":"post_tag","embeddable":true,"href":"https:\/\/www.itakaescolapios.org\/ca\/wp-json\/wp\/v2\/tags?post=11376"}],"curies":[{"name":"wp","href":"https:\/\/api.w.org\/{rel}","templated":true}]}}