{"id":12272,"date":"2015-04-01T19:20:22","date_gmt":"2015-04-01T18:20:22","guid":{"rendered":"https:\/\/www.itakaescolapios.org\/?p=12272"},"modified":"2023-11-28T12:38:43","modified_gmt":"2023-11-28T11:38:43","slug":"balance-de-la-caminhada-2015","status":"publish","type":"post","link":"https:\/\/www.itakaescolapios.org\/ca\/2015\/04\/balance-de-la-caminhada-2015\/","title":{"rendered":"Balance de la Caminhada 2015"},"content":{"rendered":"<p>El s\u00e1bado 28 de marzo los dos colegios escolapios de Pamplona-Iru\u00f1a\u00a0(Calasanz-Escolapios y La Compasi\u00f3n-Escolapios)\u00a0y la\u00a0Fundaci\u00f3n Itaka-Escolapios\u00a0celebramos,\u00a0despu\u00e9s de un mes de campa\u00f1a de sensibilizaci\u00f3n, la XVIII edici\u00f3n de nuestra fiesta solidaria:\u00a0la\u00a0Caminhada.<\/p>\n<p>El resultado ha sido muy bueno tanto en asistencia como en recaudaci\u00f3n. Much\u00edsimas gracias a todos y todas por vuestra participaci\u00f3n y por vuestro trabajo para organizar esta Caminhada: profesores, voluntarios y monitores de Itaka-Escolapios, chavales, familias, grupos y comunidades de Lurberri, etc.\u00a0Eskerrik asko guztioi!<\/p>\n<p>Sin duda, una jornada festiva y solidaria donde todos,\u00a0sin excepci\u00f3n, nos sentimos protagonistas y pusimos de nuestra parte para favorecer el acceso a la educaci\u00f3n de tantos ni\u00f1os y ni\u00f1as del mundo. \u00a0La campa\u00f1a de solidaridad sigue en otras sedes de Itaka-Escolapios con el mismo objetivo.\u00a0\u00a1Animo y suerte en todos los lugares!<\/p>\n<p>Os dejamos aqu\u00ed este link para ver im\u00e1genes de la Caminhada:<\/p>\n<p><iframe loading=\"lazy\" title=\"POST-Caminhada XVIII Escolapios Pamplona\" width=\"1080\" height=\"810\" src=\"https:\/\/www.youtube.com\/embed\/ODiOIJoYjTU?feature=oembed\"  allow=\"accelerometer; autoplay; clipboard-write; encrypted-media; gyroscope; picture-in-picture; web-share\" referrerpolicy=\"strict-origin-when-cross-origin\" allowfullscreen><\/iframe><br \/>\n<a href=\"https:\/\/www.itakaescolapios.org\/wp-content\/uploads\/2015\/04\/DSCN5452.jpg\"><img decoding=\"async\" class=\"aligncenter size-medium wp-image-12274\" alt=\"DSCN5452\" src=\"https:\/\/www.itakaescolapios.org\/wp-content\/uploads\/2015\/04\/DSCN5452-300x224.jpg\" width=\"300\" height=\"224\" srcset=\"https:\/\/www.itakaescolapios.org\/wp-content\/uploads\/2015\/04\/DSCN5452-300x224.jpg 300w, https:\/\/www.itakaescolapios.org\/wp-content\/uploads\/2015\/04\/DSCN5452-1024x768.jpg 1024w, https:\/\/www.itakaescolapios.org\/wp-content\/uploads\/2015\/04\/DSCN5452-250x187.jpg 250w, https:\/\/www.itakaescolapios.org\/wp-content\/uploads\/2015\/04\/DSCN5452.jpg 2000w\" sizes=\"(max-width: 300px) 100vw, 300px\" \/><\/a> <a href=\"https:\/\/www.itakaescolapios.org\/wp-content\/uploads\/2015\/04\/DSCN5515.jpg\"><img decoding=\"async\" class=\"aligncenter size-medium wp-image-12275\" alt=\"DSCN5515\" src=\"https:\/\/www.itakaescolapios.org\/wp-content\/uploads\/2015\/04\/DSCN5515-300x224.jpg\" width=\"300\" height=\"224\" srcset=\"https:\/\/www.itakaescolapios.org\/wp-content\/uploads\/2015\/04\/DSCN5515-300x224.jpg 300w, https:\/\/www.itakaescolapios.org\/wp-content\/uploads\/2015\/04\/DSCN5515-1024x768.jpg 1024w, https:\/\/www.itakaescolapios.org\/wp-content\/uploads\/2015\/04\/DSCN5515-250x187.jpg 250w, https:\/\/www.itakaescolapios.org\/wp-content\/uploads\/2015\/04\/DSCN5515.jpg 2000w\" sizes=\"(max-width: 300px) 100vw, 300px\" \/><\/a> <a href=\"https:\/\/www.itakaescolapios.org\/wp-content\/uploads\/2015\/04\/DSCN5545.jpg\"><img decoding=\"async\" class=\"aligncenter size-medium wp-image-12276\" alt=\"DSCN5545\" src=\"https:\/\/www.itakaescolapios.org\/wp-content\/uploads\/2015\/04\/DSCN5545-300x224.jpg\" width=\"300\" height=\"224\" srcset=\"https:\/\/www.itakaescolapios.org\/wp-content\/uploads\/2015\/04\/DSCN5545-300x224.jpg 300w, https:\/\/www.itakaescolapios.org\/wp-content\/uploads\/2015\/04\/DSCN5545-1024x768.jpg 1024w, https:\/\/www.itakaescolapios.org\/wp-content\/uploads\/2015\/04\/DSCN5545-250x187.jpg 250w, https:\/\/www.itakaescolapios.org\/wp-content\/uploads\/2015\/04\/DSCN5545.jpg 2000w\" sizes=\"(max-width: 300px) 100vw, 300px\" \/><\/a> <a href=\"https:\/\/www.itakaescolapios.org\/wp-content\/uploads\/2015\/04\/DSCN5638.jpg\"><img decoding=\"async\" class=\"aligncenter size-medium wp-image-12277\" alt=\"DSCN5638\" src=\"https:\/\/www.itakaescolapios.org\/wp-content\/uploads\/2015\/04\/DSCN5638-300x224.jpg\" width=\"300\" height=\"224\" srcset=\"https:\/\/www.itakaescolapios.org\/wp-content\/uploads\/2015\/04\/DSCN5638-300x224.jpg 300w, https:\/\/www.itakaescolapios.org\/wp-content\/uploads\/2015\/04\/DSCN5638-1024x768.jpg 1024w, https:\/\/www.itakaescolapios.org\/wp-content\/uploads\/2015\/04\/DSCN5638-250x187.jpg 250w, https:\/\/www.itakaescolapios.org\/wp-content\/uploads\/2015\/04\/DSCN5638.jpg 2000w\" sizes=\"(max-width: 300px) 100vw, 300px\" \/><\/a> <a href=\"https:\/\/www.itakaescolapios.org\/wp-content\/uploads\/2015\/04\/IMG_2351.jpg\"><img decoding=\"async\" class=\"aligncenter size-medium wp-image-12278\" alt=\"IMG_2351\" src=\"https:\/\/www.itakaescolapios.org\/wp-content\/uploads\/2015\/04\/IMG_2351-300x200.jpg\" width=\"300\" height=\"200\" srcset=\"https:\/\/www.itakaescolapios.org\/wp-content\/uploads\/2015\/04\/IMG_2351-300x200.jpg 300w, https:\/\/www.itakaescolapios.org\/wp-content\/uploads\/2015\/04\/IMG_2351-1024x682.jpg 1024w, https:\/\/www.itakaescolapios.org\/wp-content\/uploads\/2015\/04\/IMG_2351-250x166.jpg 250w, https:\/\/www.itakaescolapios.org\/wp-content\/uploads\/2015\/04\/IMG_2351.jpg 2000w\" sizes=\"(max-width: 300px) 100vw, 300px\" \/><\/a><\/p>\n","protected":false},"excerpt":{"rendered":"<p>El s\u00e1bado 28 de marzo los dos colegios escolapios de Pamplona-Iru\u00f1a\u00a0(Calasanz-Escolapios y La Compasi\u00f3n-Escolapios)\u00a0y la\u00a0Fundaci\u00f3n Itaka-Escolapios\u00a0celebramos,\u00a0despu\u00e9s de un mes de campa\u00f1a de sensibilizaci\u00f3n, la XVIII edici\u00f3n de nuestra fiesta solidaria:\u00a0la\u00a0Caminhada. [&hellip;]<\/p>\n","protected":false},"author":29,"featured_media":12273,"comment_status":"closed","ping_status":"closed","sticky":false,"template":"","format":"standard","meta":{"_et_pb_use_builder":"","_et_pb_old_content":"","_et_gb_content_width":"","footnotes":""},"categories":[20],"tags":[],"class_list":["post-12272","post","type-post","status-publish","format-standard","has-post-thumbnail","hentry","category-pamplona-iruna"],"yoast_head":"<!-- This site is optimized with the Yoast SEO plugin v27.4 - https:\/\/yoast.com\/product\/yoast-seo-wordpress\/ -->\n<title>Balance de la Caminhada 2015<\/title>\n<meta name=\"description\" content=\"El s\u00e1bado 28 de marzo los dos colegios escolapios de Pamplona-Iru\u00f1a\u00a0(Calasanz-Escolapios y La Compasi\u00f3n-Escolapios)\u00a0y la\u00a0Fundaci\u00f3n Itaka-Escolapios\u00a0celebramos,\u00a0despu\u00e9s de un mes de campa\u00f1a de sensibilizaci\u00f3n, la XVIII edici\u00f3n de nuestra fiesta solidaria:\u00a0la\u00a0Caminhada. El resultado ha sido muy bueno tanto en asistencia como en recaudaci\u00f3n. Much\u00edsimas gracias a todos y todas por vuestra participaci\u00f3n y por vuestro trabajo&hellip;\" \/>\n<meta name=\"robots\" content=\"index, follow, max-snippet:-1, max-image-preview:large, max-video-preview:-1\" \/>\n<link rel=\"canonical\" href=\"\" \/>\n<meta property=\"og:locale\" content=\"ca_ES\" \/>\n<meta property=\"og:type\" content=\"article\" \/>\n<meta property=\"og:title\" content=\"Balance de la Caminhada 2015\" \/>\n<meta property=\"og:description\" content=\"El s\u00e1bado 28 de marzo los dos colegios escolapios de Pamplona-Iru\u00f1a\u00a0(Calasanz-Escolapios y La Compasi\u00f3n-Escolapios)\u00a0y la\u00a0Fundaci\u00f3n Itaka-Escolapios\u00a0celebramos,\u00a0despu\u00e9s de un mes de campa\u00f1a de sensibilizaci\u00f3n, la XVIII edici\u00f3n de nuestra fiesta solidaria:\u00a0la\u00a0Caminhada. El resultado ha sido muy bueno tanto en asistencia como en recaudaci\u00f3n. Much\u00edsimas gracias a todos y todas por vuestra participaci\u00f3n y por vuestro trabajo&hellip;\" \/>\n<meta property=\"og:url\" content=\"https:\/\/www.itakaescolapios.org\/ca\/2015\/04\/balance-de-la-caminhada-2015\/\" \/>\n<meta property=\"og:site_name\" content=\"Itaka-Escolapios\" \/>\n<meta property=\"article:published_time\" content=\"2015-04-01T18:20:22+00:00\" \/>\n<meta property=\"article:modified_time\" content=\"2023-11-28T11:38:43+00:00\" \/>\n<meta property=\"og:image\" content=\"https:\/\/www.itakaescolapios.org\/wp-content\/uploads\/2015\/04\/Diapositiva1.jpg\" \/>\n\t<meta property=\"og:image:width\" content=\"1280\" \/>\n\t<meta property=\"og:image:height\" content=\"720\" \/>\n\t<meta property=\"og:image:type\" content=\"image\/jpeg\" \/>\n<meta name=\"author\" content=\"pamplona01\" \/>\n<meta name=\"twitter:card\" content=\"summary_large_image\" \/>\n<meta name=\"twitter:label1\" content=\"Escrit per\" \/>\n\t<meta name=\"twitter:data1\" content=\"pamplona01\" \/>\n\t<meta name=\"twitter:label2\" content=\"Temps estimat de lectura\" \/>\n\t<meta name=\"twitter:data2\" content=\"1 minut\" \/>\n<script type=\"application\/ld+json\" class=\"yoast-schema-graph\">{\"@context\":\"https:\\\/\\\/schema.org\",\"@graph\":[{\"@type\":\"Article\",\"@id\":\"https:\\\/\\\/www.itakaescolapios.org\\\/ca\\\/2015\\\/04\\\/balance-de-la-caminhada-2015\\\/#article\",\"isPartOf\":{\"@id\":\"https:\\\/\\\/www.itakaescolapios.org\\\/ca\\\/2015\\\/04\\\/balance-de-la-caminhada-2015\\\/\"},\"author\":{\"name\":\"pamplona01\",\"@id\":\"https:\\\/\\\/www.itakaescolapios.org\\\/es\\\/#\\\/schema\\\/person\\\/a44de70f9a43a90c3e0f59aaaffd61f3\"},\"headline\":\"Balance de la Caminhada 2015\",\"datePublished\":\"2015-04-01T18:20:22+00:00\",\"dateModified\":\"2023-11-28T11:38:43+00:00\",\"mainEntityOfPage\":{\"@id\":\"https:\\\/\\\/www.itakaescolapios.org\\\/ca\\\/2015\\\/04\\\/balance-de-la-caminhada-2015\\\/\"},\"wordCount\":175,\"publisher\":{\"@id\":\"https:\\\/\\\/www.itakaescolapios.org\\\/es\\\/#organization\"},\"image\":{\"@id\":\"https:\\\/\\\/www.itakaescolapios.org\\\/ca\\\/2015\\\/04\\\/balance-de-la-caminhada-2015\\\/#primaryimage\"},\"thumbnailUrl\":\"https:\\\/\\\/www.itakaescolapios.org\\\/wp-content\\\/uploads\\\/2015\\\/04\\\/Diapositiva1.jpg\",\"articleSection\":[\"Pamplona-Iru\u00f1a\"],\"inLanguage\":\"ca\"},{\"@type\":\"WebPage\",\"@id\":\"https:\\\/\\\/www.itakaescolapios.org\\\/ca\\\/2015\\\/04\\\/balance-de-la-caminhada-2015\\\/\",\"url\":\"https:\\\/\\\/www.itakaescolapios.org\\\/ca\\\/2015\\\/04\\\/balance-de-la-caminhada-2015\\\/\",\"name\":\"Balance de la Caminhada 2015 - Itaka-Escolapios\",\"isPartOf\":{\"@id\":\"https:\\\/\\\/www.itakaescolapios.org\\\/es\\\/#website\"},\"primaryImageOfPage\":{\"@id\":\"https:\\\/\\\/www.itakaescolapios.org\\\/ca\\\/2015\\\/04\\\/balance-de-la-caminhada-2015\\\/#primaryimage\"},\"image\":{\"@id\":\"https:\\\/\\\/www.itakaescolapios.org\\\/ca\\\/2015\\\/04\\\/balance-de-la-caminhada-2015\\\/#primaryimage\"},\"thumbnailUrl\":\"https:\\\/\\\/www.itakaescolapios.org\\\/wp-content\\\/uploads\\\/2015\\\/04\\\/Diapositiva1.jpg\",\"datePublished\":\"2015-04-01T18:20:22+00:00\",\"dateModified\":\"2023-11-28T11:38:43+00:00\",\"breadcrumb\":{\"@id\":\"https:\\\/\\\/www.itakaescolapios.org\\\/ca\\\/2015\\\/04\\\/balance-de-la-caminhada-2015\\\/#breadcrumb\"},\"inLanguage\":\"ca\",\"potentialAction\":[{\"@type\":\"ReadAction\",\"target\":[\"https:\\\/\\\/www.itakaescolapios.org\\\/ca\\\/2015\\\/04\\\/balance-de-la-caminhada-2015\\\/\"]}]},{\"@type\":\"ImageObject\",\"inLanguage\":\"ca\",\"@id\":\"https:\\\/\\\/www.itakaescolapios.org\\\/ca\\\/2015\\\/04\\\/balance-de-la-caminhada-2015\\\/#primaryimage\",\"url\":\"https:\\\/\\\/www.itakaescolapios.org\\\/wp-content\\\/uploads\\\/2015\\\/04\\\/Diapositiva1.jpg\",\"contentUrl\":\"https:\\\/\\\/www.itakaescolapios.org\\\/wp-content\\\/uploads\\\/2015\\\/04\\\/Diapositiva1.jpg\",\"width\":1280,\"height\":720},{\"@type\":\"BreadcrumbList\",\"@id\":\"https:\\\/\\\/www.itakaescolapios.org\\\/ca\\\/2015\\\/04\\\/balance-de-la-caminhada-2015\\\/#breadcrumb\",\"itemListElement\":[{\"@type\":\"ListItem\",\"position\":1,\"name\":\"Itaka-Escolapios\",\"item\":\"https:\\\/\\\/www.itakaescolapios.org\\\/es\\\/\"},{\"@type\":\"ListItem\",\"position\":2,\"name\":\"Balance de la Caminhada 2015\"}]},{\"@type\":\"WebSite\",\"@id\":\"https:\\\/\\\/www.itakaescolapios.org\\\/ca\\\/es\\\/#website\",\"url\":\"https:\\\/\\\/www.itakaescolapios.org\\\/ca\\\/es\\\/\",\"name\":\"Itaka-Escolapios\",\"description\":\"Red de Itaka-Escolapios\",\"publisher\":{\"@id\":\"https:\\\/\\\/www.itakaescolapios.org\\\/ca\\\/es\\\/#organization\"},\"potentialAction\":[{\"@type\":\"SearchAction\",\"target\":{\"@type\":\"EntryPoint\",\"urlTemplate\":\"https:\\\/\\\/www.itakaescolapios.org\\\/ca\\\/es\\\/?s={search_term_string}\"},\"query-input\":{\"@type\":\"PropertyValueSpecification\",\"valueRequired\":true,\"valueName\":\"search_term_string\"}}],\"inLanguage\":\"ca\"},{\"@type\":\"Organization\",\"@id\":\"https:\\\/\\\/www.itakaescolapios.org\\\/ca\\\/es\\\/#organization\",\"name\":\"Fundaci\u00f3 Itaka-Escolapios\",\"url\":\"https:\\\/\\\/www.itakaescolapios.org\\\/ca\\\/es\\\/\",\"logo\":{\"@type\":\"ImageObject\",\"inLanguage\":\"ca\",\"@id\":\"https:\\\/\\\/www.itakaescolapios.org\\\/ca\\\/es\\\/#\\\/schema\\\/logo\\\/image\\\/\",\"url\":\"https:\\\/\\\/www.itakaescolapios.org\\\/wp-content\\\/uploads\\\/2024\\\/04\\\/Logo-itakaescolapios-peque.png\",\"contentUrl\":\"https:\\\/\\\/www.itakaescolapios.org\\\/wp-content\\\/uploads\\\/2024\\\/04\\\/Logo-itakaescolapios-peque.png\",\"width\":500,\"height\":199,\"caption\":\"Fundaci\u00f3 Itaka-Escolapios\"},\"image\":{\"@id\":\"https:\\\/\\\/www.itakaescolapios.org\\\/ca\\\/es\\\/#\\\/schema\\\/logo\\\/image\\\/\"}},{\"@type\":\"Person\",\"@id\":\"https:\\\/\\\/www.itakaescolapios.org\\\/es\\\/#\\\/schema\\\/person\\\/a44de70f9a43a90c3e0f59aaaffd61f3\",\"name\":\"pamplona01\",\"url\":\"https:\\\/\\\/www.itakaescolapios.org\\\/ca\\\/author\\\/pamplona01\\\/\"}]}<\/script>\n<!-- \/ Yoast SEO plugin. -->","yoast_head_json":{"title":"Balance de la Caminhada 2015","description":"El s\u00e1bado 28 de marzo los dos colegios escolapios de Pamplona-Iru\u00f1a\u00a0(Calasanz-Escolapios y La Compasi\u00f3n-Escolapios)\u00a0y la\u00a0Fundaci\u00f3n Itaka-Escolapios\u00a0celebramos,\u00a0despu\u00e9s de un mes de campa\u00f1a de sensibilizaci\u00f3n, la XVIII edici\u00f3n de nuestra fiesta solidaria:\u00a0la\u00a0Caminhada. El resultado ha sido muy bueno tanto en asistencia como en recaudaci\u00f3n. Much\u00edsimas gracias a todos y todas por vuestra participaci\u00f3n y por vuestro trabajo&hellip;","robots":{"index":"index","follow":"follow","max-snippet":"max-snippet:-1","max-image-preview":"max-image-preview:large","max-video-preview":"max-video-preview:-1"},"canonical":"El s\u00e1bado 28 de marzo los dos colegios escolapios de Pamplona-Iru\u00f1a\u00a0(Calasanz-Escolapios y La Compasi\u00f3n-Escolapios)\u00a0y la\u00a0Fundaci\u00f3n Itaka-Escolapios\u00a0celebramos,\u00a0despu\u00e9s de un mes de campa\u00f1a de sensibilizaci\u00f3n, la XVIII edici\u00f3n de nuestra fiesta solidaria:\u00a0la\u00a0Caminhada. El resultado ha sido muy bueno tanto en asistencia como en recaudaci\u00f3n. Much\u00edsimas gracias a todos y todas por vuestra participaci\u00f3n y por vuestro trabajo&hellip;","og_locale":"ca_ES","og_type":"article","og_title":"Balance de la Caminhada 2015","og_description":"El s\u00e1bado 28 de marzo los dos colegios escolapios de Pamplona-Iru\u00f1a\u00a0(Calasanz-Escolapios y La Compasi\u00f3n-Escolapios)\u00a0y la\u00a0Fundaci\u00f3n Itaka-Escolapios\u00a0celebramos,\u00a0despu\u00e9s de un mes de campa\u00f1a de sensibilizaci\u00f3n, la XVIII edici\u00f3n de nuestra fiesta solidaria:\u00a0la\u00a0Caminhada. El resultado ha sido muy bueno tanto en asistencia como en recaudaci\u00f3n. Much\u00edsimas gracias a todos y todas por vuestra participaci\u00f3n y por vuestro trabajo&hellip;","og_url":"https:\/\/www.itakaescolapios.org\/ca\/2015\/04\/balance-de-la-caminhada-2015\/","og_site_name":"Itaka-Escolapios","article_published_time":"2015-04-01T18:20:22+00:00","article_modified_time":"2023-11-28T11:38:43+00:00","og_image":[{"width":1280,"height":720,"url":"https:\/\/www.itakaescolapios.org\/wp-content\/uploads\/2015\/04\/Diapositiva1.jpg","type":"image\/jpeg"}],"author":"pamplona01","twitter_card":"summary_large_image","twitter_misc":{"Escrit per":"pamplona01","Temps estimat de lectura":"1 minut"},"schema":{"@context":"https:\/\/schema.org","@graph":[{"@type":"Article","@id":"https:\/\/www.itakaescolapios.org\/ca\/2015\/04\/balance-de-la-caminhada-2015\/#article","isPartOf":{"@id":"https:\/\/www.itakaescolapios.org\/ca\/2015\/04\/balance-de-la-caminhada-2015\/"},"author":{"name":"pamplona01","@id":"https:\/\/www.itakaescolapios.org\/es\/#\/schema\/person\/a44de70f9a43a90c3e0f59aaaffd61f3"},"headline":"Balance de la Caminhada 2015","datePublished":"2015-04-01T18:20:22+00:00","dateModified":"2023-11-28T11:38:43+00:00","mainEntityOfPage":{"@id":"https:\/\/www.itakaescolapios.org\/ca\/2015\/04\/balance-de-la-caminhada-2015\/"},"wordCount":175,"publisher":{"@id":"https:\/\/www.itakaescolapios.org\/es\/#organization"},"image":{"@id":"https:\/\/www.itakaescolapios.org\/ca\/2015\/04\/balance-de-la-caminhada-2015\/#primaryimage"},"thumbnailUrl":"https:\/\/www.itakaescolapios.org\/wp-content\/uploads\/2015\/04\/Diapositiva1.jpg","articleSection":["Pamplona-Iru\u00f1a"],"inLanguage":"ca"},{"@type":"WebPage","@id":"https:\/\/www.itakaescolapios.org\/ca\/2015\/04\/balance-de-la-caminhada-2015\/","url":"https:\/\/www.itakaescolapios.org\/ca\/2015\/04\/balance-de-la-caminhada-2015\/","name":"Balance de la Caminhada 2015 - Itaka-Escolapios","isPartOf":{"@id":"https:\/\/www.itakaescolapios.org\/es\/#website"},"primaryImageOfPage":{"@id":"https:\/\/www.itakaescolapios.org\/ca\/2015\/04\/balance-de-la-caminhada-2015\/#primaryimage"},"image":{"@id":"https:\/\/www.itakaescolapios.org\/ca\/2015\/04\/balance-de-la-caminhada-2015\/#primaryimage"},"thumbnailUrl":"https:\/\/www.itakaescolapios.org\/wp-content\/uploads\/2015\/04\/Diapositiva1.jpg","datePublished":"2015-04-01T18:20:22+00:00","dateModified":"2023-11-28T11:38:43+00:00","breadcrumb":{"@id":"https:\/\/www.itakaescolapios.org\/ca\/2015\/04\/balance-de-la-caminhada-2015\/#breadcrumb"},"inLanguage":"ca","potentialAction":[{"@type":"ReadAction","target":["https:\/\/www.itakaescolapios.org\/ca\/2015\/04\/balance-de-la-caminhada-2015\/"]}]},{"@type":"ImageObject","inLanguage":"ca","@id":"https:\/\/www.itakaescolapios.org\/ca\/2015\/04\/balance-de-la-caminhada-2015\/#primaryimage","url":"https:\/\/www.itakaescolapios.org\/wp-content\/uploads\/2015\/04\/Diapositiva1.jpg","contentUrl":"https:\/\/www.itakaescolapios.org\/wp-content\/uploads\/2015\/04\/Diapositiva1.jpg","width":1280,"height":720},{"@type":"BreadcrumbList","@id":"https:\/\/www.itakaescolapios.org\/ca\/2015\/04\/balance-de-la-caminhada-2015\/#breadcrumb","itemListElement":[{"@type":"ListItem","position":1,"name":"Itaka-Escolapios","item":"https:\/\/www.itakaescolapios.org\/es\/"},{"@type":"ListItem","position":2,"name":"Balance de la Caminhada 2015"}]},{"@type":"WebSite","@id":"https:\/\/www.itakaescolapios.org\/ca\/es\/#website","url":"https:\/\/www.itakaescolapios.org\/ca\/es\/","name":"Itaka-Escolapios","description":"Red de Itaka-Escolapios","publisher":{"@id":"https:\/\/www.itakaescolapios.org\/ca\/es\/#organization"},"potentialAction":[{"@type":"SearchAction","target":{"@type":"EntryPoint","urlTemplate":"https:\/\/www.itakaescolapios.org\/ca\/es\/?s={search_term_string}"},"query-input":{"@type":"PropertyValueSpecification","valueRequired":true,"valueName":"search_term_string"}}],"inLanguage":"ca"},{"@type":"Organization","@id":"https:\/\/www.itakaescolapios.org\/ca\/es\/#organization","name":"Fundaci\u00f3 Itaka-Escolapios","url":"https:\/\/www.itakaescolapios.org\/ca\/es\/","logo":{"@type":"ImageObject","inLanguage":"ca","@id":"https:\/\/www.itakaescolapios.org\/ca\/es\/#\/schema\/logo\/image\/","url":"https:\/\/www.itakaescolapios.org\/wp-content\/uploads\/2024\/04\/Logo-itakaescolapios-peque.png","contentUrl":"https:\/\/www.itakaescolapios.org\/wp-content\/uploads\/2024\/04\/Logo-itakaescolapios-peque.png","width":500,"height":199,"caption":"Fundaci\u00f3 Itaka-Escolapios"},"image":{"@id":"https:\/\/www.itakaescolapios.org\/ca\/es\/#\/schema\/logo\/image\/"}},{"@type":"Person","@id":"https:\/\/www.itakaescolapios.org\/es\/#\/schema\/person\/a44de70f9a43a90c3e0f59aaaffd61f3","name":"pamplona01","url":"https:\/\/www.itakaescolapios.org\/ca\/author\/pamplona01\/"}]}},"_links":{"self":[{"href":"https:\/\/www.itakaescolapios.org\/ca\/wp-json\/wp\/v2\/posts\/12272","targetHints":{"allow":["GET"]}}],"collection":[{"href":"https:\/\/www.itakaescolapios.org\/ca\/wp-json\/wp\/v2\/posts"}],"about":[{"href":"https:\/\/www.itakaescolapios.org\/ca\/wp-json\/wp\/v2\/types\/post"}],"author":[{"embeddable":true,"href":"https:\/\/www.itakaescolapios.org\/ca\/wp-json\/wp\/v2\/users\/29"}],"replies":[{"embeddable":true,"href":"https:\/\/www.itakaescolapios.org\/ca\/wp-json\/wp\/v2\/comments?post=12272"}],"version-history":[{"count":5,"href":"https:\/\/www.itakaescolapios.org\/ca\/wp-json\/wp\/v2\/posts\/12272\/revisions"}],"predecessor-version":[{"id":48672,"href":"https:\/\/www.itakaescolapios.org\/ca\/wp-json\/wp\/v2\/posts\/12272\/revisions\/48672"}],"wp:featuredmedia":[{"embeddable":true,"href":"https:\/\/www.itakaescolapios.org\/ca\/wp-json\/wp\/v2\/media\/12273"}],"wp:attachment":[{"href":"https:\/\/www.itakaescolapios.org\/ca\/wp-json\/wp\/v2\/media?parent=12272"}],"wp:term":[{"taxonomy":"category","embeddable":true,"href":"https:\/\/www.itakaescolapios.org\/ca\/wp-json\/wp\/v2\/categories?post=12272"},{"taxonomy":"post_tag","embeddable":true,"href":"https:\/\/www.itakaescolapios.org\/ca\/wp-json\/wp\/v2\/tags?post=12272"}],"curies":[{"name":"wp","href":"https:\/\/api.w.org\/{rel}","templated":true}]}}