{"id":12738,"date":"2015-05-30T20:50:49","date_gmt":"2015-05-30T19:50:49","guid":{"rendered":"https:\/\/www.itakaescolapios.org\/?p=12738"},"modified":"2023-11-28T12:38:40","modified_gmt":"2023-11-28T11:38:40","slug":"inauguracion-nueva-infraestructura-en-el-colegio-san-jose-de-calasanz-anzaldo","status":"publish","type":"post","link":"https:\/\/www.itakaescolapios.org\/ca\/2015\/05\/inauguracion-nueva-infraestructura-en-el-colegio-san-jose-de-calasanz-anzaldo\/","title":{"rendered":"INAUGURACI\u00d3N NUEVA INFRAESTRUCTURA EN  EL COLEGIO SAN JOS\u00c9 DE CALASANZ ANZALDO"},"content":{"rendered":"<p>Despu\u00e9s de una espera larga, este 27 de mayo, por fin se ha inaugurado un nuevo bloque (Nueva Edificaci\u00f3n) en el colegio San Jos\u00e9 de Calasanz de Anzaldo, gracias a Programas del gobierno Central, en coordinaci\u00f3n con el Gobierno Municipal de Anzaldo y los Padres Escolapios. Nuevas aulas, laboratorios, planta administrativa, es lo que comprende esta nueva infraestructura. En este acto, estuvo presente el Presidente del Estado Plurinacional Dn Evo Morales Ayma, el Honorable Alcalde Municipal Grover Vallejos, el concejo Municipal, Padres Escolapios, adem\u00e1s de autoridades educativas del Municipio.<\/p>\n\n\t\t<style type=\"text\/css\">\n\t\t\t#gallery-1 {\n\t\t\t\tmargin: auto;\n\t\t\t}\n\t\t\t#gallery-1 .gallery-item {\n\t\t\t\tfloat: left;\n\t\t\t\tmargin-top: 10px;\n\t\t\t\ttext-align: center;\n\t\t\t\twidth: 20%;\n\t\t\t}\n\t\t\t#gallery-1 img {\n\t\t\t\tborder: 2px solid #cfcfcf;\n\t\t\t}\n\t\t\t#gallery-1 .gallery-caption {\n\t\t\t\tmargin-left: 0;\n\t\t\t}\n\t\t\t\/* see gallery_shortcode() in wp-includes\/media.php *\/\n\t\t<\/style>\n\t\t<div id='gallery-1' class='gallery galleryid-12738 gallery-columns-5 gallery-size-thumbnail'><dl class='gallery-item'>\n\t\t\t<dt class='gallery-icon landscape'>\n\t\t\t\t<a href='https:\/\/www.itakaescolapios.org\/ca\/2015\/05\/inauguracion-nueva-infraestructura-en-el-colegio-san-jose-de-calasanz-anzaldo\/attachment\/20150601125410\/'><img decoding=\"async\" width=\"90\" height=\"90\" src=\"https:\/\/www.itakaescolapios.org\/wp-content\/uploads\/2015\/05\/20150601125410-90x90.jpg\" class=\"attachment-thumbnail size-thumbnail\" alt=\"\" \/><\/a>\n\t\t\t<\/dt><\/dl><dl class='gallery-item'>\n\t\t\t<dt class='gallery-icon landscape'>\n\t\t\t\t<a href='https:\/\/www.itakaescolapios.org\/ca\/2015\/05\/inauguracion-nueva-infraestructura-en-el-colegio-san-jose-de-calasanz-anzaldo\/11220882_898894446849226_5747366512854069944_n\/'><img decoding=\"async\" width=\"90\" height=\"90\" src=\"https:\/\/www.itakaescolapios.org\/wp-content\/uploads\/2015\/05\/11220882_898894446849226_5747366512854069944_n-90x90.jpg\" class=\"attachment-thumbnail size-thumbnail\" alt=\"\" \/><\/a>\n\t\t\t<\/dt><\/dl><dl class='gallery-item'>\n\t\t\t<dt class='gallery-icon landscape'>\n\t\t\t\t<a href='https:\/\/www.itakaescolapios.org\/ca\/2015\/05\/inauguracion-nueva-infraestructura-en-el-colegio-san-jose-de-calasanz-anzaldo\/11180630_898894383515899_4031325805822447564_n\/'><img decoding=\"async\" width=\"90\" height=\"90\" src=\"https:\/\/www.itakaescolapios.org\/wp-content\/uploads\/2015\/05\/11180630_898894383515899_4031325805822447564_n-90x90.jpg\" class=\"attachment-thumbnail size-thumbnail\" alt=\"\" \/><\/a>\n\t\t\t<\/dt><\/dl><dl class='gallery-item'>\n\t\t\t<dt class='gallery-icon landscape'>\n\t\t\t\t<a href='https:\/\/www.itakaescolapios.org\/ca\/2015\/05\/inauguracion-nueva-infraestructura-en-el-colegio-san-jose-de-calasanz-anzaldo\/11165328_1605257769714707_5424657812920855182_n\/'><img decoding=\"async\" width=\"90\" height=\"90\" src=\"https:\/\/www.itakaescolapios.org\/wp-content\/uploads\/2015\/05\/11165328_1605257769714707_5424657812920855182_n-90x90.jpg\" class=\"attachment-thumbnail size-thumbnail\" alt=\"\" \/><\/a>\n\t\t\t<\/dt><\/dl><dl class='gallery-item'>\n\t\t\t<dt class='gallery-icon landscape'>\n\t\t\t\t<a href='https:\/\/www.itakaescolapios.org\/ca\/2015\/05\/inauguracion-nueva-infraestructura-en-el-colegio-san-jose-de-calasanz-anzaldo\/11164639_898894413515896_1053784333242926493_n\/'><img decoding=\"async\" width=\"90\" height=\"90\" src=\"https:\/\/www.itakaescolapios.org\/wp-content\/uploads\/2015\/05\/11164639_898894413515896_1053784333242926493_n-90x90.jpg\" class=\"attachment-thumbnail size-thumbnail\" alt=\"\" \/><\/a>\n\t\t\t<\/dt><\/dl><br style=\"clear: both\" \/><dl class='gallery-item'>\n\t\t\t<dt class='gallery-icon landscape'>\n\t\t\t\t<a href='https:\/\/www.itakaescolapios.org\/ca\/2015\/05\/inauguracion-nueva-infraestructura-en-el-colegio-san-jose-de-calasanz-anzaldo\/11111607_898894520182552_4182162101212766679_n\/'><img decoding=\"async\" width=\"90\" height=\"90\" src=\"https:\/\/www.itakaescolapios.org\/wp-content\/uploads\/2015\/05\/11111607_898894520182552_4182162101212766679_n-90x90.jpg\" class=\"attachment-thumbnail size-thumbnail\" alt=\"\" \/><\/a>\n\t\t\t<\/dt><\/dl><dl class='gallery-item'>\n\t\t\t<dt class='gallery-icon landscape'>\n\t\t\t\t<a href='https:\/\/www.itakaescolapios.org\/ca\/2015\/05\/inauguracion-nueva-infraestructura-en-el-colegio-san-jose-de-calasanz-anzaldo\/1453515_898894336849237_4309222302543101011_n\/'><img decoding=\"async\" width=\"90\" height=\"90\" src=\"https:\/\/www.itakaescolapios.org\/wp-content\/uploads\/2015\/05\/1453515_898894336849237_4309222302543101011_n-90x90.jpg\" class=\"attachment-thumbnail size-thumbnail\" alt=\"\" \/><\/a>\n\t\t\t<\/dt><\/dl><dl class='gallery-item'>\n\t\t\t<dt class='gallery-icon landscape'>\n\t\t\t\t<a href='https:\/\/www.itakaescolapios.org\/ca\/2015\/05\/inauguracion-nueva-infraestructura-en-el-colegio-san-jose-de-calasanz-anzaldo\/17114_898894480182556_6831071866892386173_n\/'><img decoding=\"async\" width=\"90\" height=\"90\" src=\"https:\/\/www.itakaescolapios.org\/wp-content\/uploads\/2015\/05\/17114_898894480182556_6831071866892386173_n-90x90.jpg\" class=\"attachment-thumbnail size-thumbnail\" alt=\"\" \/><\/a>\n\t\t\t<\/dt><\/dl><dl class='gallery-item'>\n\t\t\t<dt class='gallery-icon landscape'>\n\t\t\t\t<a href='https:\/\/www.itakaescolapios.org\/ca\/2015\/05\/inauguracion-nueva-infraestructura-en-el-colegio-san-jose-de-calasanz-anzaldo\/dsc_1269\/'><img decoding=\"async\" width=\"90\" height=\"90\" src=\"https:\/\/www.itakaescolapios.org\/wp-content\/uploads\/2015\/05\/DSC_1269-90x90.jpg\" class=\"attachment-thumbnail size-thumbnail\" alt=\"\" \/><\/a>\n\t\t\t<\/dt><\/dl><dl class='gallery-item'>\n\t\t\t<dt class='gallery-icon landscape'>\n\t\t\t\t<a href='https:\/\/www.itakaescolapios.org\/ca\/2015\/05\/inauguracion-nueva-infraestructura-en-el-colegio-san-jose-de-calasanz-anzaldo\/dsc_1268\/'><img decoding=\"async\" width=\"90\" height=\"90\" src=\"https:\/\/www.itakaescolapios.org\/wp-content\/uploads\/2015\/05\/DSC_1268-90x90.jpg\" class=\"attachment-thumbnail size-thumbnail\" alt=\"\" \/><\/a>\n\t\t\t<\/dt><\/dl><br style=\"clear: both\" \/><dl class='gallery-item'>\n\t\t\t<dt class='gallery-icon landscape'>\n\t\t\t\t<a href='https:\/\/www.itakaescolapios.org\/ca\/2015\/05\/inauguracion-nueva-infraestructura-en-el-colegio-san-jose-de-calasanz-anzaldo\/dsc_1263\/'><img decoding=\"async\" width=\"90\" height=\"90\" src=\"https:\/\/www.itakaescolapios.org\/wp-content\/uploads\/2015\/05\/DSC_1263-90x90.jpg\" class=\"attachment-thumbnail size-thumbnail\" alt=\"\" \/><\/a>\n\t\t\t<\/dt><\/dl><dl class='gallery-item'>\n\t\t\t<dt class='gallery-icon landscape'>\n\t\t\t\t<a href='https:\/\/www.itakaescolapios.org\/ca\/2015\/05\/inauguracion-nueva-infraestructura-en-el-colegio-san-jose-de-calasanz-anzaldo\/dsc_1262\/'><img decoding=\"async\" width=\"90\" height=\"90\" src=\"https:\/\/www.itakaescolapios.org\/wp-content\/uploads\/2015\/05\/DSC_1262-90x90.jpg\" class=\"attachment-thumbnail size-thumbnail\" alt=\"\" \/><\/a>\n\t\t\t<\/dt><\/dl><dl class='gallery-item'>\n\t\t\t<dt class='gallery-icon landscape'>\n\t\t\t\t<a href='https:\/\/www.itakaescolapios.org\/ca\/2015\/05\/inauguracion-nueva-infraestructura-en-el-colegio-san-jose-de-calasanz-anzaldo\/attachment\/20150601125452\/'><img decoding=\"async\" width=\"90\" height=\"90\" src=\"https:\/\/www.itakaescolapios.org\/wp-content\/uploads\/2015\/05\/20150601125452-90x90.jpg\" class=\"attachment-thumbnail size-thumbnail\" alt=\"\" \/><\/a>\n\t\t\t<\/dt><\/dl><dl class='gallery-item'>\n\t\t\t<dt class='gallery-icon landscape'>\n\t\t\t\t<a href='https:\/\/www.itakaescolapios.org\/ca\/2015\/05\/inauguracion-nueva-infraestructura-en-el-colegio-san-jose-de-calasanz-anzaldo\/attachment\/20150601125451\/'><img decoding=\"async\" width=\"90\" height=\"90\" src=\"https:\/\/www.itakaescolapios.org\/wp-content\/uploads\/2015\/05\/20150601125451-90x90.jpg\" class=\"attachment-thumbnail size-thumbnail\" alt=\"\" \/><\/a>\n\t\t\t<\/dt><\/dl><dl class='gallery-item'>\n\t\t\t<dt class='gallery-icon landscape'>\n\t\t\t\t<a href='https:\/\/www.itakaescolapios.org\/ca\/2015\/05\/inauguracion-nueva-infraestructura-en-el-colegio-san-jose-de-calasanz-anzaldo\/attachment\/20150601125414\/'><img decoding=\"async\" width=\"90\" height=\"90\" src=\"https:\/\/www.itakaescolapios.org\/wp-content\/uploads\/2015\/05\/20150601125414-90x90.jpg\" class=\"attachment-thumbnail size-thumbnail\" alt=\"\" \/><\/a>\n\t\t\t<\/dt><\/dl><br style=\"clear: both\" \/><dl class='gallery-item'>\n\t\t\t<dt class='gallery-icon landscape'>\n\t\t\t\t<a href='https:\/\/www.itakaescolapios.org\/ca\/2015\/05\/inauguracion-nueva-infraestructura-en-el-colegio-san-jose-de-calasanz-anzaldo\/img-20150528-wa0011\/'><img decoding=\"async\" width=\"90\" height=\"90\" src=\"https:\/\/www.itakaescolapios.org\/wp-content\/uploads\/2015\/05\/IMG-20150528-WA0011-90x90.jpg\" class=\"attachment-thumbnail size-thumbnail\" alt=\"\" aria-describedby=\"gallery-1-12739\" \/><\/a>\n\t\t\t<\/dt>\n\t\t\t\t<dd class='wp-caption-text gallery-caption' id='gallery-1-12739'>\n\t\t\t\tNuevo Bloque del Colegio San Jos\u00e9 de Calasanz de Anzaldo\n\t\t\t\t<\/dd><\/dl>\n\t\t\t<br style='clear: both' \/>\n\t\t<\/div>\n\n","protected":false},"excerpt":{"rendered":"<p>Despu\u00e9s de una espera larga, este 27 de mayo, por fin se ha inaugurado un nuevo bloque (Nueva Edificaci\u00f3n) en el colegio San Jos\u00e9 de Calasanz de Anzaldo, gracias a [&hellip;]<\/p>\n","protected":false},"author":7,"featured_media":12739,"comment_status":"closed","ping_status":"closed","sticky":false,"template":"","format":"standard","meta":{"_et_pb_use_builder":"","_et_pb_old_content":"","_et_gb_content_width":"","footnotes":""},"categories":[15],"tags":[],"class_list":["post-12738","post","type-post","status-publish","format-standard","has-post-thumbnail","hentry","category-bolivia"],"yoast_head":"<!-- This site is optimized with the Yoast SEO plugin v27.4 - https:\/\/yoast.com\/product\/yoast-seo-wordpress\/ -->\n<title>INAUGURACI\u00d3N NUEVA INFRAESTRUCTURA EN  EL COLEGIO SAN JOS\u00c9 DE CALASANZ ANZALDO<\/title>\n<meta name=\"description\" content=\"Despu\u00e9s de una espera larga, este 27 de mayo, por fin se ha inaugurado un nuevo bloque (Nueva Edificaci\u00f3n) en el colegio San Jos\u00e9 de Calasanz de Anzaldo, gracias a Programas del gobierno Central, en coordinaci\u00f3n con el Gobierno Municipal de Anzaldo y los Padres Escolapios. Nuevas aulas, laboratorios, planta administrativa, es lo que comprende&hellip;\" \/>\n<meta name=\"robots\" content=\"index, follow, max-snippet:-1, max-image-preview:large, max-video-preview:-1\" \/>\n<link rel=\"canonical\" href=\"http:\/\/Despu\u00e9s%20de%20una%20espera%20larga,%20este%2027%20de%20mayo,%20por%20fin%20se%20ha%20inaugurado%20un%20nuevo%20bloque%20(Nueva%20Edificaci\u00f3n)%20en%20el%20colegio%20San%20Jos\u00e9%20de%20Calasanz%20de%20Anzaldo,%20gracias%20a%20Programas%20del%20gobierno%20Central,%20en%20coordinaci\u00f3n%20con%20el%20Gobierno%20Municipal%20de%20Anzaldo%20y%20los%20Padres%20Escolapios.%20Nuevas%20aulas,%20laboratorios,%20planta%20administrativa,%20es%20lo%20que%20comprende&hellip;\" \/>\n<meta property=\"og:locale\" content=\"ca_ES\" \/>\n<meta property=\"og:type\" content=\"article\" \/>\n<meta property=\"og:title\" content=\"INAUGURACI\u00d3N NUEVA INFRAESTRUCTURA EN  EL COLEGIO SAN JOS\u00c9 DE CALASANZ ANZALDO\" \/>\n<meta property=\"og:description\" content=\"Despu\u00e9s de una espera larga, este 27 de mayo, por fin se ha inaugurado un nuevo bloque (Nueva Edificaci\u00f3n) en el colegio San Jos\u00e9 de Calasanz de Anzaldo, gracias a Programas del gobierno Central, en coordinaci\u00f3n con el Gobierno Municipal de Anzaldo y los Padres Escolapios. Nuevas aulas, laboratorios, planta administrativa, es lo que comprende&hellip;\" \/>\n<meta property=\"og:url\" content=\"https:\/\/www.itakaescolapios.org\/ca\/2015\/05\/inauguracion-nueva-infraestructura-en-el-colegio-san-jose-de-calasanz-anzaldo\/\" \/>\n<meta property=\"og:site_name\" content=\"Itaka-Escolapios\" \/>\n<meta property=\"article:published_time\" content=\"2015-05-30T19:50:49+00:00\" \/>\n<meta property=\"article:modified_time\" content=\"2023-11-28T11:38:40+00:00\" \/>\n<meta property=\"og:image\" content=\"https:\/\/www.itakaescolapios.org\/wp-content\/uploads\/2015\/05\/IMG-20150528-WA0011.jpg\" \/>\n\t<meta property=\"og:image:width\" content=\"1040\" \/>\n\t<meta property=\"og:image:height\" content=\"585\" \/>\n\t<meta property=\"og:image:type\" content=\"image\/jpeg\" \/>\n<meta name=\"author\" content=\"bolivia01\" \/>\n<meta name=\"twitter:card\" content=\"summary_large_image\" \/>\n<meta name=\"twitter:label1\" content=\"Escrit per\" \/>\n\t<meta name=\"twitter:data1\" content=\"bolivia01\" \/>\n<script type=\"application\/ld+json\" class=\"yoast-schema-graph\">{\"@context\":\"https:\\\/\\\/schema.org\",\"@graph\":[{\"@type\":\"Article\",\"@id\":\"https:\\\/\\\/www.itakaescolapios.org\\\/ca\\\/2015\\\/05\\\/inauguracion-nueva-infraestructura-en-el-colegio-san-jose-de-calasanz-anzaldo\\\/#article\",\"isPartOf\":{\"@id\":\"https:\\\/\\\/www.itakaescolapios.org\\\/ca\\\/2015\\\/05\\\/inauguracion-nueva-infraestructura-en-el-colegio-san-jose-de-calasanz-anzaldo\\\/\"},\"author\":{\"name\":\"bolivia01\",\"@id\":\"https:\\\/\\\/www.itakaescolapios.org\\\/es\\\/#\\\/schema\\\/person\\\/141b7734ef7c6eadcc0fefeb0614c94a\"},\"headline\":\"INAUGURACI\u00d3N NUEVA INFRAESTRUCTURA EN EL COLEGIO SAN JOS\u00c9 DE CALASANZ ANZALDO\",\"datePublished\":\"2015-05-30T19:50:49+00:00\",\"dateModified\":\"2023-11-28T11:38:40+00:00\",\"mainEntityOfPage\":{\"@id\":\"https:\\\/\\\/www.itakaescolapios.org\\\/ca\\\/2015\\\/05\\\/inauguracion-nueva-infraestructura-en-el-colegio-san-jose-de-calasanz-anzaldo\\\/\"},\"wordCount\":107,\"publisher\":{\"@id\":\"https:\\\/\\\/www.itakaescolapios.org\\\/es\\\/#organization\"},\"image\":{\"@id\":\"https:\\\/\\\/www.itakaescolapios.org\\\/ca\\\/2015\\\/05\\\/inauguracion-nueva-infraestructura-en-el-colegio-san-jose-de-calasanz-anzaldo\\\/#primaryimage\"},\"thumbnailUrl\":\"https:\\\/\\\/www.itakaescolapios.org\\\/wp-content\\\/uploads\\\/2015\\\/05\\\/IMG-20150528-WA0011.jpg\",\"articleSection\":[\"Bolivia\"],\"inLanguage\":\"ca\"},{\"@type\":\"WebPage\",\"@id\":\"https:\\\/\\\/www.itakaescolapios.org\\\/ca\\\/2015\\\/05\\\/inauguracion-nueva-infraestructura-en-el-colegio-san-jose-de-calasanz-anzaldo\\\/\",\"url\":\"https:\\\/\\\/www.itakaescolapios.org\\\/ca\\\/2015\\\/05\\\/inauguracion-nueva-infraestructura-en-el-colegio-san-jose-de-calasanz-anzaldo\\\/\",\"name\":\"INAUGURACI\u00d3N NUEVA INFRAESTRUCTURA EN EL COLEGIO SAN JOS\u00c9 DE CALASANZ ANZALDO - Itaka-Escolapios\",\"isPartOf\":{\"@id\":\"https:\\\/\\\/www.itakaescolapios.org\\\/es\\\/#website\"},\"primaryImageOfPage\":{\"@id\":\"https:\\\/\\\/www.itakaescolapios.org\\\/ca\\\/2015\\\/05\\\/inauguracion-nueva-infraestructura-en-el-colegio-san-jose-de-calasanz-anzaldo\\\/#primaryimage\"},\"image\":{\"@id\":\"https:\\\/\\\/www.itakaescolapios.org\\\/ca\\\/2015\\\/05\\\/inauguracion-nueva-infraestructura-en-el-colegio-san-jose-de-calasanz-anzaldo\\\/#primaryimage\"},\"thumbnailUrl\":\"https:\\\/\\\/www.itakaescolapios.org\\\/wp-content\\\/uploads\\\/2015\\\/05\\\/IMG-20150528-WA0011.jpg\",\"datePublished\":\"2015-05-30T19:50:49+00:00\",\"dateModified\":\"2023-11-28T11:38:40+00:00\",\"breadcrumb\":{\"@id\":\"https:\\\/\\\/www.itakaescolapios.org\\\/ca\\\/2015\\\/05\\\/inauguracion-nueva-infraestructura-en-el-colegio-san-jose-de-calasanz-anzaldo\\\/#breadcrumb\"},\"inLanguage\":\"ca\",\"potentialAction\":[{\"@type\":\"ReadAction\",\"target\":[\"https:\\\/\\\/www.itakaescolapios.org\\\/ca\\\/2015\\\/05\\\/inauguracion-nueva-infraestructura-en-el-colegio-san-jose-de-calasanz-anzaldo\\\/\"]}]},{\"@type\":\"ImageObject\",\"inLanguage\":\"ca\",\"@id\":\"https:\\\/\\\/www.itakaescolapios.org\\\/ca\\\/2015\\\/05\\\/inauguracion-nueva-infraestructura-en-el-colegio-san-jose-de-calasanz-anzaldo\\\/#primaryimage\",\"url\":\"https:\\\/\\\/www.itakaescolapios.org\\\/wp-content\\\/uploads\\\/2015\\\/05\\\/IMG-20150528-WA0011.jpg\",\"contentUrl\":\"https:\\\/\\\/www.itakaescolapios.org\\\/wp-content\\\/uploads\\\/2015\\\/05\\\/IMG-20150528-WA0011.jpg\",\"width\":1040,\"height\":585,\"caption\":\"Nuevo Bloque del Colegio San Jos\u00e9 de Calasanz de Anzaldo\"},{\"@type\":\"BreadcrumbList\",\"@id\":\"https:\\\/\\\/www.itakaescolapios.org\\\/ca\\\/2015\\\/05\\\/inauguracion-nueva-infraestructura-en-el-colegio-san-jose-de-calasanz-anzaldo\\\/#breadcrumb\",\"itemListElement\":[{\"@type\":\"ListItem\",\"position\":1,\"name\":\"Itaka-Escolapios\",\"item\":\"https:\\\/\\\/www.itakaescolapios.org\\\/es\\\/\"},{\"@type\":\"ListItem\",\"position\":2,\"name\":\"INAUGURACI\u00d3N NUEVA INFRAESTRUCTURA EN EL COLEGIO SAN JOS\u00c9 DE CALASANZ ANZALDO\"}]},{\"@type\":\"WebSite\",\"@id\":\"https:\\\/\\\/www.itakaescolapios.org\\\/ca\\\/es\\\/#website\",\"url\":\"https:\\\/\\\/www.itakaescolapios.org\\\/ca\\\/es\\\/\",\"name\":\"Itaka-Escolapios\",\"description\":\"Red de Itaka-Escolapios\",\"publisher\":{\"@id\":\"https:\\\/\\\/www.itakaescolapios.org\\\/ca\\\/es\\\/#organization\"},\"potentialAction\":[{\"@type\":\"SearchAction\",\"target\":{\"@type\":\"EntryPoint\",\"urlTemplate\":\"https:\\\/\\\/www.itakaescolapios.org\\\/ca\\\/es\\\/?s={search_term_string}\"},\"query-input\":{\"@type\":\"PropertyValueSpecification\",\"valueRequired\":true,\"valueName\":\"search_term_string\"}}],\"inLanguage\":\"ca\"},{\"@type\":\"Organization\",\"@id\":\"https:\\\/\\\/www.itakaescolapios.org\\\/ca\\\/es\\\/#organization\",\"name\":\"Fundaci\u00f3 Itaka-Escolapios\",\"url\":\"https:\\\/\\\/www.itakaescolapios.org\\\/ca\\\/es\\\/\",\"logo\":{\"@type\":\"ImageObject\",\"inLanguage\":\"ca\",\"@id\":\"https:\\\/\\\/www.itakaescolapios.org\\\/ca\\\/es\\\/#\\\/schema\\\/logo\\\/image\\\/\",\"url\":\"https:\\\/\\\/www.itakaescolapios.org\\\/wp-content\\\/uploads\\\/2024\\\/04\\\/Logo-itakaescolapios-peque.png\",\"contentUrl\":\"https:\\\/\\\/www.itakaescolapios.org\\\/wp-content\\\/uploads\\\/2024\\\/04\\\/Logo-itakaescolapios-peque.png\",\"width\":500,\"height\":199,\"caption\":\"Fundaci\u00f3 Itaka-Escolapios\"},\"image\":{\"@id\":\"https:\\\/\\\/www.itakaescolapios.org\\\/ca\\\/es\\\/#\\\/schema\\\/logo\\\/image\\\/\"}},{\"@type\":\"Person\",\"@id\":\"https:\\\/\\\/www.itakaescolapios.org\\\/es\\\/#\\\/schema\\\/person\\\/141b7734ef7c6eadcc0fefeb0614c94a\",\"name\":\"bolivia01\",\"url\":\"https:\\\/\\\/www.itakaescolapios.org\\\/ca\\\/author\\\/bolivia01\\\/\"}]}<\/script>\n<!-- \/ Yoast SEO plugin. -->","yoast_head_json":{"title":"INAUGURACI\u00d3N NUEVA INFRAESTRUCTURA EN  EL COLEGIO SAN JOS\u00c9 DE CALASANZ ANZALDO","description":"Despu\u00e9s de una espera larga, este 27 de mayo, por fin se ha inaugurado un nuevo bloque (Nueva Edificaci\u00f3n) en el colegio San Jos\u00e9 de Calasanz de Anzaldo, gracias a Programas del gobierno Central, en coordinaci\u00f3n con el Gobierno Municipal de Anzaldo y los Padres Escolapios. Nuevas aulas, laboratorios, planta administrativa, es lo que comprende&hellip;","robots":{"index":"index","follow":"follow","max-snippet":"max-snippet:-1","max-image-preview":"max-image-preview:large","max-video-preview":"max-video-preview:-1"},"canonical":"Despu\u00e9s de una espera larga, este 27 de mayo, por fin se ha inaugurado un nuevo bloque (Nueva Edificaci\u00f3n) en el colegio San Jos\u00e9 de Calasanz de Anzaldo, gracias a Programas del gobierno Central, en coordinaci\u00f3n con el Gobierno Municipal de Anzaldo y los Padres Escolapios. Nuevas aulas, laboratorios, planta administrativa, es lo que comprende&hellip;","og_locale":"ca_ES","og_type":"article","og_title":"INAUGURACI\u00d3N NUEVA INFRAESTRUCTURA EN  EL COLEGIO SAN JOS\u00c9 DE CALASANZ ANZALDO","og_description":"Despu\u00e9s de una espera larga, este 27 de mayo, por fin se ha inaugurado un nuevo bloque (Nueva Edificaci\u00f3n) en el colegio San Jos\u00e9 de Calasanz de Anzaldo, gracias a Programas del gobierno Central, en coordinaci\u00f3n con el Gobierno Municipal de Anzaldo y los Padres Escolapios. Nuevas aulas, laboratorios, planta administrativa, es lo que comprende&hellip;","og_url":"https:\/\/www.itakaescolapios.org\/ca\/2015\/05\/inauguracion-nueva-infraestructura-en-el-colegio-san-jose-de-calasanz-anzaldo\/","og_site_name":"Itaka-Escolapios","article_published_time":"2015-05-30T19:50:49+00:00","article_modified_time":"2023-11-28T11:38:40+00:00","og_image":[{"width":1040,"height":585,"url":"https:\/\/www.itakaescolapios.org\/wp-content\/uploads\/2015\/05\/IMG-20150528-WA0011.jpg","type":"image\/jpeg"}],"author":"bolivia01","twitter_card":"summary_large_image","twitter_misc":{"Escrit per":"bolivia01"},"schema":{"@context":"https:\/\/schema.org","@graph":[{"@type":"Article","@id":"https:\/\/www.itakaescolapios.org\/ca\/2015\/05\/inauguracion-nueva-infraestructura-en-el-colegio-san-jose-de-calasanz-anzaldo\/#article","isPartOf":{"@id":"https:\/\/www.itakaescolapios.org\/ca\/2015\/05\/inauguracion-nueva-infraestructura-en-el-colegio-san-jose-de-calasanz-anzaldo\/"},"author":{"name":"bolivia01","@id":"https:\/\/www.itakaescolapios.org\/es\/#\/schema\/person\/141b7734ef7c6eadcc0fefeb0614c94a"},"headline":"INAUGURACI\u00d3N NUEVA INFRAESTRUCTURA EN EL COLEGIO SAN JOS\u00c9 DE CALASANZ ANZALDO","datePublished":"2015-05-30T19:50:49+00:00","dateModified":"2023-11-28T11:38:40+00:00","mainEntityOfPage":{"@id":"https:\/\/www.itakaescolapios.org\/ca\/2015\/05\/inauguracion-nueva-infraestructura-en-el-colegio-san-jose-de-calasanz-anzaldo\/"},"wordCount":107,"publisher":{"@id":"https:\/\/www.itakaescolapios.org\/es\/#organization"},"image":{"@id":"https:\/\/www.itakaescolapios.org\/ca\/2015\/05\/inauguracion-nueva-infraestructura-en-el-colegio-san-jose-de-calasanz-anzaldo\/#primaryimage"},"thumbnailUrl":"https:\/\/www.itakaescolapios.org\/wp-content\/uploads\/2015\/05\/IMG-20150528-WA0011.jpg","articleSection":["Bolivia"],"inLanguage":"ca"},{"@type":"WebPage","@id":"https:\/\/www.itakaescolapios.org\/ca\/2015\/05\/inauguracion-nueva-infraestructura-en-el-colegio-san-jose-de-calasanz-anzaldo\/","url":"https:\/\/www.itakaescolapios.org\/ca\/2015\/05\/inauguracion-nueva-infraestructura-en-el-colegio-san-jose-de-calasanz-anzaldo\/","name":"INAUGURACI\u00d3N NUEVA INFRAESTRUCTURA EN EL COLEGIO SAN JOS\u00c9 DE CALASANZ ANZALDO - Itaka-Escolapios","isPartOf":{"@id":"https:\/\/www.itakaescolapios.org\/es\/#website"},"primaryImageOfPage":{"@id":"https:\/\/www.itakaescolapios.org\/ca\/2015\/05\/inauguracion-nueva-infraestructura-en-el-colegio-san-jose-de-calasanz-anzaldo\/#primaryimage"},"image":{"@id":"https:\/\/www.itakaescolapios.org\/ca\/2015\/05\/inauguracion-nueva-infraestructura-en-el-colegio-san-jose-de-calasanz-anzaldo\/#primaryimage"},"thumbnailUrl":"https:\/\/www.itakaescolapios.org\/wp-content\/uploads\/2015\/05\/IMG-20150528-WA0011.jpg","datePublished":"2015-05-30T19:50:49+00:00","dateModified":"2023-11-28T11:38:40+00:00","breadcrumb":{"@id":"https:\/\/www.itakaescolapios.org\/ca\/2015\/05\/inauguracion-nueva-infraestructura-en-el-colegio-san-jose-de-calasanz-anzaldo\/#breadcrumb"},"inLanguage":"ca","potentialAction":[{"@type":"ReadAction","target":["https:\/\/www.itakaescolapios.org\/ca\/2015\/05\/inauguracion-nueva-infraestructura-en-el-colegio-san-jose-de-calasanz-anzaldo\/"]}]},{"@type":"ImageObject","inLanguage":"ca","@id":"https:\/\/www.itakaescolapios.org\/ca\/2015\/05\/inauguracion-nueva-infraestructura-en-el-colegio-san-jose-de-calasanz-anzaldo\/#primaryimage","url":"https:\/\/www.itakaescolapios.org\/wp-content\/uploads\/2015\/05\/IMG-20150528-WA0011.jpg","contentUrl":"https:\/\/www.itakaescolapios.org\/wp-content\/uploads\/2015\/05\/IMG-20150528-WA0011.jpg","width":1040,"height":585,"caption":"Nuevo Bloque del Colegio San Jos\u00e9 de Calasanz de Anzaldo"},{"@type":"BreadcrumbList","@id":"https:\/\/www.itakaescolapios.org\/ca\/2015\/05\/inauguracion-nueva-infraestructura-en-el-colegio-san-jose-de-calasanz-anzaldo\/#breadcrumb","itemListElement":[{"@type":"ListItem","position":1,"name":"Itaka-Escolapios","item":"https:\/\/www.itakaescolapios.org\/es\/"},{"@type":"ListItem","position":2,"name":"INAUGURACI\u00d3N NUEVA INFRAESTRUCTURA EN EL COLEGIO SAN JOS\u00c9 DE CALASANZ ANZALDO"}]},{"@type":"WebSite","@id":"https:\/\/www.itakaescolapios.org\/ca\/es\/#website","url":"https:\/\/www.itakaescolapios.org\/ca\/es\/","name":"Itaka-Escolapios","description":"Red de Itaka-Escolapios","publisher":{"@id":"https:\/\/www.itakaescolapios.org\/ca\/es\/#organization"},"potentialAction":[{"@type":"SearchAction","target":{"@type":"EntryPoint","urlTemplate":"https:\/\/www.itakaescolapios.org\/ca\/es\/?s={search_term_string}"},"query-input":{"@type":"PropertyValueSpecification","valueRequired":true,"valueName":"search_term_string"}}],"inLanguage":"ca"},{"@type":"Organization","@id":"https:\/\/www.itakaescolapios.org\/ca\/es\/#organization","name":"Fundaci\u00f3 Itaka-Escolapios","url":"https:\/\/www.itakaescolapios.org\/ca\/es\/","logo":{"@type":"ImageObject","inLanguage":"ca","@id":"https:\/\/www.itakaescolapios.org\/ca\/es\/#\/schema\/logo\/image\/","url":"https:\/\/www.itakaescolapios.org\/wp-content\/uploads\/2024\/04\/Logo-itakaescolapios-peque.png","contentUrl":"https:\/\/www.itakaescolapios.org\/wp-content\/uploads\/2024\/04\/Logo-itakaescolapios-peque.png","width":500,"height":199,"caption":"Fundaci\u00f3 Itaka-Escolapios"},"image":{"@id":"https:\/\/www.itakaescolapios.org\/ca\/es\/#\/schema\/logo\/image\/"}},{"@type":"Person","@id":"https:\/\/www.itakaescolapios.org\/es\/#\/schema\/person\/141b7734ef7c6eadcc0fefeb0614c94a","name":"bolivia01","url":"https:\/\/www.itakaescolapios.org\/ca\/author\/bolivia01\/"}]}},"_links":{"self":[{"href":"https:\/\/www.itakaescolapios.org\/ca\/wp-json\/wp\/v2\/posts\/12738","targetHints":{"allow":["GET"]}}],"collection":[{"href":"https:\/\/www.itakaescolapios.org\/ca\/wp-json\/wp\/v2\/posts"}],"about":[{"href":"https:\/\/www.itakaescolapios.org\/ca\/wp-json\/wp\/v2\/types\/post"}],"author":[{"embeddable":true,"href":"https:\/\/www.itakaescolapios.org\/ca\/wp-json\/wp\/v2\/users\/7"}],"replies":[{"embeddable":true,"href":"https:\/\/www.itakaescolapios.org\/ca\/wp-json\/wp\/v2\/comments?post=12738"}],"version-history":[{"count":6,"href":"https:\/\/www.itakaescolapios.org\/ca\/wp-json\/wp\/v2\/posts\/12738\/revisions"}],"predecessor-version":[{"id":12760,"href":"https:\/\/www.itakaescolapios.org\/ca\/wp-json\/wp\/v2\/posts\/12738\/revisions\/12760"}],"wp:featuredmedia":[{"embeddable":true,"href":"https:\/\/www.itakaescolapios.org\/ca\/wp-json\/wp\/v2\/media\/12739"}],"wp:attachment":[{"href":"https:\/\/www.itakaescolapios.org\/ca\/wp-json\/wp\/v2\/media?parent=12738"}],"wp:term":[{"taxonomy":"category","embeddable":true,"href":"https:\/\/www.itakaescolapios.org\/ca\/wp-json\/wp\/v2\/categories?post=12738"},{"taxonomy":"post_tag","embeddable":true,"href":"https:\/\/www.itakaescolapios.org\/ca\/wp-json\/wp\/v2\/tags?post=12738"}],"curies":[{"name":"wp","href":"https:\/\/api.w.org\/{rel}","templated":true}]}}