{"id":13087,"date":"2015-09-18T14:34:02","date_gmt":"2015-09-18T13:34:02","guid":{"rendered":"https:\/\/www.itakaescolapios.org\/?p=13087"},"modified":"2023-11-28T12:38:38","modified_gmt":"2023-11-28T11:38:38","slug":"semana-de-economia-alternativa-y-solidaria-anzaldo","status":"publish","type":"post","link":"https:\/\/www.itakaescolapios.org\/ca\/2015\/09\/semana-de-economia-alternativa-y-solidaria-anzaldo\/","title":{"rendered":"SEMANA DE ECONOMIA ALTERNATIVA Y SOLIDARIA - ANZALDO"},"content":{"rendered":"<p>El lunes 21 comienza nuestra Semana de Econom\u00eda Alternativa y Solidaria, dentro del Proyecto Anzaldo Educativo 2015. El martes nuestros estudiantes tendr\u00e1n un encuentro con la organizaci\u00f3n CIPCA sobre nuevas propuestas productivas y nuevas pr\u00e1cticas de econom\u00eda familiar y comunitaria. El mi\u00e9rcoles habr\u00e1 un taller sobre cambio clim\u00e1tico y producci\u00f3n, organizado junto a la Alcald\u00eda de Anzaldo y la Gobernaci\u00f3n de Cochabamba. Diversas actividades para seguir transformando nuestra realidad personal y social desde la educaci\u00f3n.<\/p>\n","protected":false},"excerpt":{"rendered":"<p>El lunes 21 comienza nuestra Semana de Econom\u00eda Alternativa y Solidaria, dentro del Proyecto Anzaldo Educativo 2015. El martes nuestros estudiantes tendr\u00e1n un encuentro con la organizaci\u00f3n CIPCA sobre nuevas [&hellip;]<\/p>\n","protected":false},"author":7,"featured_media":13088,"comment_status":"closed","ping_status":"closed","sticky":false,"template":"","format":"standard","meta":{"_et_pb_use_builder":"","_et_pb_old_content":"","_et_gb_content_width":"","footnotes":""},"categories":[15],"tags":[],"class_list":["post-13087","post","type-post","status-publish","format-standard","has-post-thumbnail","hentry","category-bolivia"],"yoast_head":"<!-- This site is optimized with the Yoast SEO plugin v27.4 - https:\/\/yoast.com\/product\/yoast-seo-wordpress\/ -->\n<title>SEMANA DE ECONOMIA ALTERNATIVA Y SOLIDARIA - ANZALDO<\/title>\n<meta name=\"description\" content=\"El lunes 21 comienza nuestra Semana de Econom\u00eda Alternativa y Solidaria, dentro del Proyecto Anzaldo Educativo 2015. El martes nuestros estudiantes tendr\u00e1n un encuentro con la organizaci\u00f3n CIPCA sobre nuevas propuestas productivas y nuevas pr\u00e1cticas de econom\u00eda familiar y comunitaria. El mi\u00e9rcoles habr\u00e1 un taller sobre cambio clim\u00e1tico y producci\u00f3n, organizado junto a la Alcald\u00eda&hellip;\" \/>\n<meta name=\"robots\" content=\"index, follow, max-snippet:-1, max-image-preview:large, max-video-preview:-1\" \/>\n<link rel=\"canonical\" href=\"http:\/\/El%20lunes%2021%20comienza%20nuestra%20Semana%20de%20Econom\u00eda%20Alternativa%20y%20Solidaria,%20dentro%20del%20Proyecto%20Anzaldo%20Educativo%202015.%20El%20martes%20nuestros%20estudiantes%20tendr\u00e1n%20un%20encuentro%20con%20la%20organizaci\u00f3n%20CIPCA%20sobre%20nuevas%20propuestas%20productivas%20y%20nuevas%20pr\u00e1cticas%20de%20econom\u00eda%20familiar%20y%20comunitaria.%20El%20mi\u00e9rcoles%20habr\u00e1%20un%20taller%20sobre%20cambio%20clim\u00e1tico%20y%20producci\u00f3n,%20organizado%20junto%20a%20la%20Alcald\u00eda&hellip;\" \/>\n<meta property=\"og:locale\" content=\"ca_ES\" \/>\n<meta property=\"og:type\" content=\"article\" \/>\n<meta property=\"og:title\" content=\"SEMANA DE ECONOMIA ALTERNATIVA Y SOLIDARIA - ANZALDO\" \/>\n<meta property=\"og:description\" content=\"El lunes 21 comienza nuestra Semana de Econom\u00eda Alternativa y Solidaria, dentro del Proyecto Anzaldo Educativo 2015. El martes nuestros estudiantes tendr\u00e1n un encuentro con la organizaci\u00f3n CIPCA sobre nuevas propuestas productivas y nuevas pr\u00e1cticas de econom\u00eda familiar y comunitaria. El mi\u00e9rcoles habr\u00e1 un taller sobre cambio clim\u00e1tico y producci\u00f3n, organizado junto a la Alcald\u00eda&hellip;\" \/>\n<meta property=\"og:url\" content=\"https:\/\/www.itakaescolapios.org\/ca\/2015\/09\/semana-de-economia-alternativa-y-solidaria-anzaldo\/\" \/>\n<meta property=\"og:site_name\" content=\"Itaka-Escolapios\" \/>\n<meta property=\"article:published_time\" content=\"2015-09-18T13:34:02+00:00\" \/>\n<meta property=\"article:modified_time\" content=\"2023-11-28T11:38:38+00:00\" \/>\n<meta property=\"og:image\" content=\"https:\/\/www.itakaescolapios.org\/wp-content\/uploads\/2015\/09\/11143369_922413754519089_1351394360800947936_n.jpg\" \/>\n\t<meta property=\"og:image:width\" content=\"857\" \/>\n\t<meta property=\"og:image:height\" content=\"298\" \/>\n\t<meta property=\"og:image:type\" content=\"image\/jpeg\" \/>\n<meta name=\"author\" content=\"bolivia01\" \/>\n<meta name=\"twitter:card\" content=\"summary_large_image\" \/>\n<meta name=\"twitter:label1\" content=\"Escrit per\" \/>\n\t<meta name=\"twitter:data1\" content=\"bolivia01\" \/>\n<script type=\"application\/ld+json\" class=\"yoast-schema-graph\">{\"@context\":\"https:\\\/\\\/schema.org\",\"@graph\":[{\"@type\":\"Article\",\"@id\":\"https:\\\/\\\/www.itakaescolapios.org\\\/ca\\\/2015\\\/09\\\/semana-de-economia-alternativa-y-solidaria-anzaldo\\\/#article\",\"isPartOf\":{\"@id\":\"https:\\\/\\\/www.itakaescolapios.org\\\/ca\\\/2015\\\/09\\\/semana-de-economia-alternativa-y-solidaria-anzaldo\\\/\"},\"author\":{\"name\":\"bolivia01\",\"@id\":\"https:\\\/\\\/www.itakaescolapios.org\\\/es\\\/#\\\/schema\\\/person\\\/141b7734ef7c6eadcc0fefeb0614c94a\"},\"headline\":\"SEMANA DE ECONOMIA ALTERNATIVA Y SOLIDARIA - ANZALDO\",\"datePublished\":\"2015-09-18T13:34:02+00:00\",\"dateModified\":\"2023-11-28T11:38:38+00:00\",\"mainEntityOfPage\":{\"@id\":\"https:\\\/\\\/www.itakaescolapios.org\\\/ca\\\/2015\\\/09\\\/semana-de-economia-alternativa-y-solidaria-anzaldo\\\/\"},\"wordCount\":92,\"publisher\":{\"@id\":\"https:\\\/\\\/www.itakaescolapios.org\\\/es\\\/#organization\"},\"image\":{\"@id\":\"https:\\\/\\\/www.itakaescolapios.org\\\/ca\\\/2015\\\/09\\\/semana-de-economia-alternativa-y-solidaria-anzaldo\\\/#primaryimage\"},\"thumbnailUrl\":\"https:\\\/\\\/www.itakaescolapios.org\\\/wp-content\\\/uploads\\\/2015\\\/09\\\/11143369_922413754519089_1351394360800947936_n.jpg\",\"articleSection\":[\"Bolivia\"],\"inLanguage\":\"ca\"},{\"@type\":\"WebPage\",\"@id\":\"https:\\\/\\\/www.itakaescolapios.org\\\/ca\\\/2015\\\/09\\\/semana-de-economia-alternativa-y-solidaria-anzaldo\\\/\",\"url\":\"https:\\\/\\\/www.itakaescolapios.org\\\/ca\\\/2015\\\/09\\\/semana-de-economia-alternativa-y-solidaria-anzaldo\\\/\",\"name\":\"SEMANA DE ECONOMIA ALTERNATIVA Y SOLIDARIA - ANZALDO - Itaka-Escolapios\",\"isPartOf\":{\"@id\":\"https:\\\/\\\/www.itakaescolapios.org\\\/es\\\/#website\"},\"primaryImageOfPage\":{\"@id\":\"https:\\\/\\\/www.itakaescolapios.org\\\/ca\\\/2015\\\/09\\\/semana-de-economia-alternativa-y-solidaria-anzaldo\\\/#primaryimage\"},\"image\":{\"@id\":\"https:\\\/\\\/www.itakaescolapios.org\\\/ca\\\/2015\\\/09\\\/semana-de-economia-alternativa-y-solidaria-anzaldo\\\/#primaryimage\"},\"thumbnailUrl\":\"https:\\\/\\\/www.itakaescolapios.org\\\/wp-content\\\/uploads\\\/2015\\\/09\\\/11143369_922413754519089_1351394360800947936_n.jpg\",\"datePublished\":\"2015-09-18T13:34:02+00:00\",\"dateModified\":\"2023-11-28T11:38:38+00:00\",\"breadcrumb\":{\"@id\":\"https:\\\/\\\/www.itakaescolapios.org\\\/ca\\\/2015\\\/09\\\/semana-de-economia-alternativa-y-solidaria-anzaldo\\\/#breadcrumb\"},\"inLanguage\":\"ca\",\"potentialAction\":[{\"@type\":\"ReadAction\",\"target\":[\"https:\\\/\\\/www.itakaescolapios.org\\\/ca\\\/2015\\\/09\\\/semana-de-economia-alternativa-y-solidaria-anzaldo\\\/\"]}]},{\"@type\":\"ImageObject\",\"inLanguage\":\"ca\",\"@id\":\"https:\\\/\\\/www.itakaescolapios.org\\\/ca\\\/2015\\\/09\\\/semana-de-economia-alternativa-y-solidaria-anzaldo\\\/#primaryimage\",\"url\":\"https:\\\/\\\/www.itakaescolapios.org\\\/wp-content\\\/uploads\\\/2015\\\/09\\\/11143369_922413754519089_1351394360800947936_n.jpg\",\"contentUrl\":\"https:\\\/\\\/www.itakaescolapios.org\\\/wp-content\\\/uploads\\\/2015\\\/09\\\/11143369_922413754519089_1351394360800947936_n.jpg\",\"width\":857,\"height\":298},{\"@type\":\"BreadcrumbList\",\"@id\":\"https:\\\/\\\/www.itakaescolapios.org\\\/ca\\\/2015\\\/09\\\/semana-de-economia-alternativa-y-solidaria-anzaldo\\\/#breadcrumb\",\"itemListElement\":[{\"@type\":\"ListItem\",\"position\":1,\"name\":\"Itaka-Escolapios\",\"item\":\"https:\\\/\\\/www.itakaescolapios.org\\\/es\\\/\"},{\"@type\":\"ListItem\",\"position\":2,\"name\":\"SEMANA DE ECONOMIA ALTERNATIVA Y SOLIDARIA - ANZALDO\"}]},{\"@type\":\"WebSite\",\"@id\":\"https:\\\/\\\/www.itakaescolapios.org\\\/ca\\\/es\\\/#website\",\"url\":\"https:\\\/\\\/www.itakaescolapios.org\\\/ca\\\/es\\\/\",\"name\":\"Itaka-Escolapios\",\"description\":\"Red de Itaka-Escolapios\",\"publisher\":{\"@id\":\"https:\\\/\\\/www.itakaescolapios.org\\\/ca\\\/es\\\/#organization\"},\"potentialAction\":[{\"@type\":\"SearchAction\",\"target\":{\"@type\":\"EntryPoint\",\"urlTemplate\":\"https:\\\/\\\/www.itakaescolapios.org\\\/ca\\\/es\\\/?s={search_term_string}\"},\"query-input\":{\"@type\":\"PropertyValueSpecification\",\"valueRequired\":true,\"valueName\":\"search_term_string\"}}],\"inLanguage\":\"ca\"},{\"@type\":\"Organization\",\"@id\":\"https:\\\/\\\/www.itakaescolapios.org\\\/ca\\\/es\\\/#organization\",\"name\":\"Fundaci\u00f3 Itaka-Escolapios\",\"url\":\"https:\\\/\\\/www.itakaescolapios.org\\\/ca\\\/es\\\/\",\"logo\":{\"@type\":\"ImageObject\",\"inLanguage\":\"ca\",\"@id\":\"https:\\\/\\\/www.itakaescolapios.org\\\/ca\\\/es\\\/#\\\/schema\\\/logo\\\/image\\\/\",\"url\":\"https:\\\/\\\/www.itakaescolapios.org\\\/wp-content\\\/uploads\\\/2024\\\/04\\\/Logo-itakaescolapios-peque.png\",\"contentUrl\":\"https:\\\/\\\/www.itakaescolapios.org\\\/wp-content\\\/uploads\\\/2024\\\/04\\\/Logo-itakaescolapios-peque.png\",\"width\":500,\"height\":199,\"caption\":\"Fundaci\u00f3 Itaka-Escolapios\"},\"image\":{\"@id\":\"https:\\\/\\\/www.itakaescolapios.org\\\/ca\\\/es\\\/#\\\/schema\\\/logo\\\/image\\\/\"}},{\"@type\":\"Person\",\"@id\":\"https:\\\/\\\/www.itakaescolapios.org\\\/es\\\/#\\\/schema\\\/person\\\/141b7734ef7c6eadcc0fefeb0614c94a\",\"name\":\"bolivia01\",\"url\":\"https:\\\/\\\/www.itakaescolapios.org\\\/ca\\\/author\\\/bolivia01\\\/\"}]}<\/script>\n<!-- \/ Yoast SEO plugin. -->","yoast_head_json":{"title":"SEMANA DE ECONOMIA ALTERNATIVA Y SOLIDARIA - ANZALDO","description":"El lunes 21 comienza nuestra Semana de Econom\u00eda Alternativa y Solidaria, dentro del Proyecto Anzaldo Educativo 2015. El martes nuestros estudiantes tendr\u00e1n un encuentro con la organizaci\u00f3n CIPCA sobre nuevas propuestas productivas y nuevas pr\u00e1cticas de econom\u00eda familiar y comunitaria. El mi\u00e9rcoles habr\u00e1 un taller sobre cambio clim\u00e1tico y producci\u00f3n, organizado junto a la Alcald\u00eda&hellip;","robots":{"index":"index","follow":"follow","max-snippet":"max-snippet:-1","max-image-preview":"max-image-preview:large","max-video-preview":"max-video-preview:-1"},"canonical":"El lunes 21 comienza nuestra Semana de Econom\u00eda Alternativa y Solidaria, dentro del Proyecto Anzaldo Educativo 2015. El martes nuestros estudiantes tendr\u00e1n un encuentro con la organizaci\u00f3n CIPCA sobre nuevas propuestas productivas y nuevas pr\u00e1cticas de econom\u00eda familiar y comunitaria. El mi\u00e9rcoles habr\u00e1 un taller sobre cambio clim\u00e1tico y producci\u00f3n, organizado junto a la Alcald\u00eda&hellip;","og_locale":"ca_ES","og_type":"article","og_title":"SEMANA DE ECONOMIA ALTERNATIVA Y SOLIDARIA - ANZALDO","og_description":"El lunes 21 comienza nuestra Semana de Econom\u00eda Alternativa y Solidaria, dentro del Proyecto Anzaldo Educativo 2015. El martes nuestros estudiantes tendr\u00e1n un encuentro con la organizaci\u00f3n CIPCA sobre nuevas propuestas productivas y nuevas pr\u00e1cticas de econom\u00eda familiar y comunitaria. El mi\u00e9rcoles habr\u00e1 un taller sobre cambio clim\u00e1tico y producci\u00f3n, organizado junto a la Alcald\u00eda&hellip;","og_url":"https:\/\/www.itakaescolapios.org\/ca\/2015\/09\/semana-de-economia-alternativa-y-solidaria-anzaldo\/","og_site_name":"Itaka-Escolapios","article_published_time":"2015-09-18T13:34:02+00:00","article_modified_time":"2023-11-28T11:38:38+00:00","og_image":[{"width":857,"height":298,"url":"https:\/\/www.itakaescolapios.org\/wp-content\/uploads\/2015\/09\/11143369_922413754519089_1351394360800947936_n.jpg","type":"image\/jpeg"}],"author":"bolivia01","twitter_card":"summary_large_image","twitter_misc":{"Escrit per":"bolivia01"},"schema":{"@context":"https:\/\/schema.org","@graph":[{"@type":"Article","@id":"https:\/\/www.itakaescolapios.org\/ca\/2015\/09\/semana-de-economia-alternativa-y-solidaria-anzaldo\/#article","isPartOf":{"@id":"https:\/\/www.itakaescolapios.org\/ca\/2015\/09\/semana-de-economia-alternativa-y-solidaria-anzaldo\/"},"author":{"name":"bolivia01","@id":"https:\/\/www.itakaescolapios.org\/es\/#\/schema\/person\/141b7734ef7c6eadcc0fefeb0614c94a"},"headline":"SEMANA DE ECONOMIA ALTERNATIVA Y SOLIDARIA - ANZALDO","datePublished":"2015-09-18T13:34:02+00:00","dateModified":"2023-11-28T11:38:38+00:00","mainEntityOfPage":{"@id":"https:\/\/www.itakaescolapios.org\/ca\/2015\/09\/semana-de-economia-alternativa-y-solidaria-anzaldo\/"},"wordCount":92,"publisher":{"@id":"https:\/\/www.itakaescolapios.org\/es\/#organization"},"image":{"@id":"https:\/\/www.itakaescolapios.org\/ca\/2015\/09\/semana-de-economia-alternativa-y-solidaria-anzaldo\/#primaryimage"},"thumbnailUrl":"https:\/\/www.itakaescolapios.org\/wp-content\/uploads\/2015\/09\/11143369_922413754519089_1351394360800947936_n.jpg","articleSection":["Bolivia"],"inLanguage":"ca"},{"@type":"WebPage","@id":"https:\/\/www.itakaescolapios.org\/ca\/2015\/09\/semana-de-economia-alternativa-y-solidaria-anzaldo\/","url":"https:\/\/www.itakaescolapios.org\/ca\/2015\/09\/semana-de-economia-alternativa-y-solidaria-anzaldo\/","name":"SEMANA DE ECONOMIA ALTERNATIVA Y SOLIDARIA - ANZALDO - Itaka-Escolapios","isPartOf":{"@id":"https:\/\/www.itakaescolapios.org\/es\/#website"},"primaryImageOfPage":{"@id":"https:\/\/www.itakaescolapios.org\/ca\/2015\/09\/semana-de-economia-alternativa-y-solidaria-anzaldo\/#primaryimage"},"image":{"@id":"https:\/\/www.itakaescolapios.org\/ca\/2015\/09\/semana-de-economia-alternativa-y-solidaria-anzaldo\/#primaryimage"},"thumbnailUrl":"https:\/\/www.itakaescolapios.org\/wp-content\/uploads\/2015\/09\/11143369_922413754519089_1351394360800947936_n.jpg","datePublished":"2015-09-18T13:34:02+00:00","dateModified":"2023-11-28T11:38:38+00:00","breadcrumb":{"@id":"https:\/\/www.itakaescolapios.org\/ca\/2015\/09\/semana-de-economia-alternativa-y-solidaria-anzaldo\/#breadcrumb"},"inLanguage":"ca","potentialAction":[{"@type":"ReadAction","target":["https:\/\/www.itakaescolapios.org\/ca\/2015\/09\/semana-de-economia-alternativa-y-solidaria-anzaldo\/"]}]},{"@type":"ImageObject","inLanguage":"ca","@id":"https:\/\/www.itakaescolapios.org\/ca\/2015\/09\/semana-de-economia-alternativa-y-solidaria-anzaldo\/#primaryimage","url":"https:\/\/www.itakaescolapios.org\/wp-content\/uploads\/2015\/09\/11143369_922413754519089_1351394360800947936_n.jpg","contentUrl":"https:\/\/www.itakaescolapios.org\/wp-content\/uploads\/2015\/09\/11143369_922413754519089_1351394360800947936_n.jpg","width":857,"height":298},{"@type":"BreadcrumbList","@id":"https:\/\/www.itakaescolapios.org\/ca\/2015\/09\/semana-de-economia-alternativa-y-solidaria-anzaldo\/#breadcrumb","itemListElement":[{"@type":"ListItem","position":1,"name":"Itaka-Escolapios","item":"https:\/\/www.itakaescolapios.org\/es\/"},{"@type":"ListItem","position":2,"name":"SEMANA DE ECONOMIA ALTERNATIVA Y SOLIDARIA - ANZALDO"}]},{"@type":"WebSite","@id":"https:\/\/www.itakaescolapios.org\/ca\/es\/#website","url":"https:\/\/www.itakaescolapios.org\/ca\/es\/","name":"Itaka-Escolapios","description":"Red de Itaka-Escolapios","publisher":{"@id":"https:\/\/www.itakaescolapios.org\/ca\/es\/#organization"},"potentialAction":[{"@type":"SearchAction","target":{"@type":"EntryPoint","urlTemplate":"https:\/\/www.itakaescolapios.org\/ca\/es\/?s={search_term_string}"},"query-input":{"@type":"PropertyValueSpecification","valueRequired":true,"valueName":"search_term_string"}}],"inLanguage":"ca"},{"@type":"Organization","@id":"https:\/\/www.itakaescolapios.org\/ca\/es\/#organization","name":"Fundaci\u00f3 Itaka-Escolapios","url":"https:\/\/www.itakaescolapios.org\/ca\/es\/","logo":{"@type":"ImageObject","inLanguage":"ca","@id":"https:\/\/www.itakaescolapios.org\/ca\/es\/#\/schema\/logo\/image\/","url":"https:\/\/www.itakaescolapios.org\/wp-content\/uploads\/2024\/04\/Logo-itakaescolapios-peque.png","contentUrl":"https:\/\/www.itakaescolapios.org\/wp-content\/uploads\/2024\/04\/Logo-itakaescolapios-peque.png","width":500,"height":199,"caption":"Fundaci\u00f3 Itaka-Escolapios"},"image":{"@id":"https:\/\/www.itakaescolapios.org\/ca\/es\/#\/schema\/logo\/image\/"}},{"@type":"Person","@id":"https:\/\/www.itakaescolapios.org\/es\/#\/schema\/person\/141b7734ef7c6eadcc0fefeb0614c94a","name":"bolivia01","url":"https:\/\/www.itakaescolapios.org\/ca\/author\/bolivia01\/"}]}},"_links":{"self":[{"href":"https:\/\/www.itakaescolapios.org\/ca\/wp-json\/wp\/v2\/posts\/13087","targetHints":{"allow":["GET"]}}],"collection":[{"href":"https:\/\/www.itakaescolapios.org\/ca\/wp-json\/wp\/v2\/posts"}],"about":[{"href":"https:\/\/www.itakaescolapios.org\/ca\/wp-json\/wp\/v2\/types\/post"}],"author":[{"embeddable":true,"href":"https:\/\/www.itakaescolapios.org\/ca\/wp-json\/wp\/v2\/users\/7"}],"replies":[{"embeddable":true,"href":"https:\/\/www.itakaescolapios.org\/ca\/wp-json\/wp\/v2\/comments?post=13087"}],"version-history":[{"count":1,"href":"https:\/\/www.itakaescolapios.org\/ca\/wp-json\/wp\/v2\/posts\/13087\/revisions"}],"predecessor-version":[{"id":13089,"href":"https:\/\/www.itakaescolapios.org\/ca\/wp-json\/wp\/v2\/posts\/13087\/revisions\/13089"}],"wp:featuredmedia":[{"embeddable":true,"href":"https:\/\/www.itakaescolapios.org\/ca\/wp-json\/wp\/v2\/media\/13088"}],"wp:attachment":[{"href":"https:\/\/www.itakaescolapios.org\/ca\/wp-json\/wp\/v2\/media?parent=13087"}],"wp:term":[{"taxonomy":"category","embeddable":true,"href":"https:\/\/www.itakaescolapios.org\/ca\/wp-json\/wp\/v2\/categories?post=13087"},{"taxonomy":"post_tag","embeddable":true,"href":"https:\/\/www.itakaescolapios.org\/ca\/wp-json\/wp\/v2\/tags?post=13087"}],"curies":[{"name":"wp","href":"https:\/\/api.w.org\/{rel}","templated":true}]}}