{"id":13182,"date":"2015-09-28T12:29:18","date_gmt":"2015-09-28T11:29:18","guid":{"rendered":"https:\/\/www.itakaescolapios.org\/?p=13182"},"modified":"2023-11-28T12:38:37","modified_gmt":"2023-11-28T11:38:37","slug":"juntos-colaborando-por-el-banco-de-alimentos-de-caritas-en-mislata","status":"publish","type":"post","link":"https:\/\/www.itakaescolapios.org\/ca\/2015\/09\/juntos-colaborando-por-el-banco-de-alimentos-de-caritas-en-mislata\/","title":{"rendered":"JUNTOS COLABORANDO POR EL BANCO DE ALIMENTOS DE C\u00c1RITAS EN MISLATA"},"content":{"rendered":"<p style=\"text-align: justify\">El pasado 20 de septiembre, voluntarios de Itaka- Escolapios colaboraron en la Volta a Peu solidaria de Mislata organizada por Runners Ciutat de Valencia. Cada corredor aport\u00f3 un kilo de comida no perecedera, que fueron destinados al Banco de Alimentos de C\u00e1ritas &#8220;El Rebost&#8221;.<\/p>\n<p style=\"text-align: justify\">Los voluntarios de Itaka- Escolapios se encargaron de animar a los ni\u00f1os m\u00e1s peque\u00f1os que, adem\u00e1s de correr en su propia categor\u00eda, tuvieron pintacaras, dibujo solidario, lienzos con plastilina, el paraca\u00eddas, f\u00fatbol, carreras&#8230;<\/p>\n<p style=\"text-align: justify\">Fue, en definitiva, una ma\u00f1ana muy divertida para una gran iniciativa. Desde Itaka- Escolapios damos las gracias a los organizadores por contar con nosotros.<\/p>\n<p style=\"text-align: justify\">Pod\u00e9is ver m\u00e1s informaci\u00f3n y fotos sobre la carrera en nuestro <a href=\"https:\/\/www.facebook.com\/fundacion.itakaescolapiosbetania?ref=hl\">Facebook <\/a>y la p\u00e1gina de <a href=\"https:\/\/www.facebook.com\/runnersciutatdevalencia?fref=ts\">Runners Ciutat de Valencia<\/a><\/p>\n","protected":false},"excerpt":{"rendered":"<p>El pasado 20 de septiembre, voluntarios de Itaka- Escolapios colaboraron en la Volta a Peu solidaria de Mislata organizada por Runners Ciutat de Valencia. Cada corredor aport\u00f3 un kilo de [&hellip;]<\/p>\n","protected":false},"author":39,"featured_media":13183,"comment_status":"closed","ping_status":"closed","sticky":false,"template":"","format":"standard","meta":{"_et_pb_use_builder":"","_et_pb_old_content":"","_et_gb_content_width":"","footnotes":""},"categories":[12],"tags":[183,181,419,182],"class_list":["post-13182","post","type-post","status-publish","format-standard","has-post-thumbnail","hentry","category-valencia","tag-banco-de-alimentos","tag-carrera-solidaria","tag-itaka-escolapios","tag-ninos"],"yoast_head":"<!-- This site is optimized with the Yoast SEO plugin v27.4 - https:\/\/yoast.com\/product\/yoast-seo-wordpress\/ -->\n<title>JUNTOS COLABORANDO POR EL BANCO DE ALIMENTOS DE C\u00c1RITAS EN MISLATA<\/title>\n<meta name=\"description\" content=\"El pasado 20 de septiembre, voluntarios de Itaka- Escolapios colaboraron en la Volta a Peu solidaria de Mislata organizada por Runners Ciutat de Valencia. Cada corredor aport\u00f3 un kilo de comida no perecedera, que fueron destinados al Banco de Alimentos de C\u00e1ritas &quot;El Rebost&quot;. Los voluntarios de Itaka- Escolapios se encargaron de animar a los&hellip;\" \/>\n<meta name=\"robots\" content=\"index, follow, max-snippet:-1, max-image-preview:large, max-video-preview:-1\" \/>\n<link rel=\"canonical\" href=\"http:\/\/El%20pasado%2020%20de%20septiembre,%20voluntarios%20de%20Itaka-%20Escolapios%20colaboraron%20en%20la%20Volta%20a%20Peu%20solidaria%20de%20Mislata%20organizada%20por%20Runners%20Ciutat%20de%20Valencia.%20Cada%20corredor%20aport\u00f3%20un%20kilo%20de%20comida%20no%20perecedera,%20que%20fueron%20destinados%20al%20Banco%20de%20Alimentos%20de%20C\u00e1ritas%20El%20Rebost.%20Los%20voluntarios%20de%20Itaka-%20Escolapios%20se%20encargaron%20de%20animar%20a%20los&hellip;\" \/>\n<meta property=\"og:locale\" content=\"ca_ES\" \/>\n<meta property=\"og:type\" content=\"article\" \/>\n<meta property=\"og:title\" content=\"JUNTOS COLABORANDO POR EL BANCO DE ALIMENTOS DE C\u00c1RITAS EN MISLATA\" \/>\n<meta property=\"og:description\" content=\"El pasado 20 de septiembre, voluntarios de Itaka- Escolapios colaboraron en la Volta a Peu solidaria de Mislata organizada por Runners Ciutat de Valencia. Cada corredor aport\u00f3 un kilo de comida no perecedera, que fueron destinados al Banco de Alimentos de C\u00e1ritas &quot;El Rebost&quot;. Los voluntarios de Itaka- Escolapios se encargaron de animar a los&hellip;\" \/>\n<meta property=\"og:url\" content=\"https:\/\/www.itakaescolapios.org\/ca\/2015\/09\/juntos-colaborando-por-el-banco-de-alimentos-de-caritas-en-mislata\/\" \/>\n<meta property=\"og:site_name\" content=\"Itaka-Escolapios\" \/>\n<meta property=\"article:published_time\" content=\"2015-09-28T11:29:18+00:00\" \/>\n<meta property=\"article:modified_time\" content=\"2023-11-28T11:38:37+00:00\" \/>\n<meta property=\"og:image\" content=\"https:\/\/www.itakaescolapios.org\/wp-content\/uploads\/2015\/09\/IMG-20150920-WA0086.jpg\" \/>\n\t<meta property=\"og:image:width\" content=\"1600\" \/>\n\t<meta property=\"og:image:height\" content=\"1200\" \/>\n\t<meta property=\"og:image:type\" content=\"image\/jpeg\" \/>\n<meta name=\"author\" content=\"valencia01\" \/>\n<meta name=\"twitter:card\" content=\"summary_large_image\" \/>\n<meta name=\"twitter:label1\" content=\"Escrit per\" \/>\n\t<meta name=\"twitter:data1\" content=\"valencia01\" \/>\n\t<meta name=\"twitter:label2\" content=\"Temps estimat de lectura\" \/>\n\t<meta name=\"twitter:data2\" content=\"1 minut\" \/>\n<script type=\"application\/ld+json\" class=\"yoast-schema-graph\">{\"@context\":\"https:\\\/\\\/schema.org\",\"@graph\":[{\"@type\":\"Article\",\"@id\":\"https:\\\/\\\/www.itakaescolapios.org\\\/ca\\\/2015\\\/09\\\/juntos-colaborando-por-el-banco-de-alimentos-de-caritas-en-mislata\\\/#article\",\"isPartOf\":{\"@id\":\"https:\\\/\\\/www.itakaescolapios.org\\\/ca\\\/2015\\\/09\\\/juntos-colaborando-por-el-banco-de-alimentos-de-caritas-en-mislata\\\/\"},\"author\":{\"name\":\"valencia01\",\"@id\":\"https:\\\/\\\/www.itakaescolapios.org\\\/es\\\/#\\\/schema\\\/person\\\/c232ccaa2b3f2e98db93c1f8dfca96ff\"},\"headline\":\"JUNTOS COLABORANDO POR EL BANCO DE ALIMENTOS DE C\u00c1RITAS EN MISLATA\",\"datePublished\":\"2015-09-28T11:29:18+00:00\",\"dateModified\":\"2023-11-28T11:38:37+00:00\",\"mainEntityOfPage\":{\"@id\":\"https:\\\/\\\/www.itakaescolapios.org\\\/ca\\\/2015\\\/09\\\/juntos-colaborando-por-el-banco-de-alimentos-de-caritas-en-mislata\\\/\"},\"wordCount\":145,\"publisher\":{\"@id\":\"https:\\\/\\\/www.itakaescolapios.org\\\/es\\\/#organization\"},\"image\":{\"@id\":\"https:\\\/\\\/www.itakaescolapios.org\\\/ca\\\/2015\\\/09\\\/juntos-colaborando-por-el-banco-de-alimentos-de-caritas-en-mislata\\\/#primaryimage\"},\"thumbnailUrl\":\"https:\\\/\\\/www.itakaescolapios.org\\\/wp-content\\\/uploads\\\/2015\\\/09\\\/IMG-20150920-WA0086.jpg\",\"keywords\":[\"Banco de Alimentos\",\"carrera solidaria\",\"Itaka Escolapios\",\"ni\u00f1os\"],\"articleSection\":[\"Valencia\"],\"inLanguage\":\"ca\"},{\"@type\":\"WebPage\",\"@id\":\"https:\\\/\\\/www.itakaescolapios.org\\\/ca\\\/2015\\\/09\\\/juntos-colaborando-por-el-banco-de-alimentos-de-caritas-en-mislata\\\/\",\"url\":\"https:\\\/\\\/www.itakaescolapios.org\\\/ca\\\/2015\\\/09\\\/juntos-colaborando-por-el-banco-de-alimentos-de-caritas-en-mislata\\\/\",\"name\":\"JUNTOS COLABORANDO POR EL BANCO DE ALIMENTOS DE C\u00c1RITAS EN MISLATA - Itaka-Escolapios\",\"isPartOf\":{\"@id\":\"https:\\\/\\\/www.itakaescolapios.org\\\/es\\\/#website\"},\"primaryImageOfPage\":{\"@id\":\"https:\\\/\\\/www.itakaescolapios.org\\\/ca\\\/2015\\\/09\\\/juntos-colaborando-por-el-banco-de-alimentos-de-caritas-en-mislata\\\/#primaryimage\"},\"image\":{\"@id\":\"https:\\\/\\\/www.itakaescolapios.org\\\/ca\\\/2015\\\/09\\\/juntos-colaborando-por-el-banco-de-alimentos-de-caritas-en-mislata\\\/#primaryimage\"},\"thumbnailUrl\":\"https:\\\/\\\/www.itakaescolapios.org\\\/wp-content\\\/uploads\\\/2015\\\/09\\\/IMG-20150920-WA0086.jpg\",\"datePublished\":\"2015-09-28T11:29:18+00:00\",\"dateModified\":\"2023-11-28T11:38:37+00:00\",\"breadcrumb\":{\"@id\":\"https:\\\/\\\/www.itakaescolapios.org\\\/ca\\\/2015\\\/09\\\/juntos-colaborando-por-el-banco-de-alimentos-de-caritas-en-mislata\\\/#breadcrumb\"},\"inLanguage\":\"ca\",\"potentialAction\":[{\"@type\":\"ReadAction\",\"target\":[\"https:\\\/\\\/www.itakaescolapios.org\\\/ca\\\/2015\\\/09\\\/juntos-colaborando-por-el-banco-de-alimentos-de-caritas-en-mislata\\\/\"]}]},{\"@type\":\"ImageObject\",\"inLanguage\":\"ca\",\"@id\":\"https:\\\/\\\/www.itakaescolapios.org\\\/ca\\\/2015\\\/09\\\/juntos-colaborando-por-el-banco-de-alimentos-de-caritas-en-mislata\\\/#primaryimage\",\"url\":\"https:\\\/\\\/www.itakaescolapios.org\\\/wp-content\\\/uploads\\\/2015\\\/09\\\/IMG-20150920-WA0086.jpg\",\"contentUrl\":\"https:\\\/\\\/www.itakaescolapios.org\\\/wp-content\\\/uploads\\\/2015\\\/09\\\/IMG-20150920-WA0086.jpg\",\"width\":1600,\"height\":1200},{\"@type\":\"BreadcrumbList\",\"@id\":\"https:\\\/\\\/www.itakaescolapios.org\\\/ca\\\/2015\\\/09\\\/juntos-colaborando-por-el-banco-de-alimentos-de-caritas-en-mislata\\\/#breadcrumb\",\"itemListElement\":[{\"@type\":\"ListItem\",\"position\":1,\"name\":\"Itaka-Escolapios\",\"item\":\"https:\\\/\\\/www.itakaescolapios.org\\\/es\\\/\"},{\"@type\":\"ListItem\",\"position\":2,\"name\":\"JUNTOS COLABORANDO POR EL BANCO DE ALIMENTOS DE C\u00c1RITAS EN MISLATA\"}]},{\"@type\":\"WebSite\",\"@id\":\"https:\\\/\\\/www.itakaescolapios.org\\\/ca\\\/es\\\/#website\",\"url\":\"https:\\\/\\\/www.itakaescolapios.org\\\/ca\\\/es\\\/\",\"name\":\"Itaka-Escolapios\",\"description\":\"Red de Itaka-Escolapios\",\"publisher\":{\"@id\":\"https:\\\/\\\/www.itakaescolapios.org\\\/ca\\\/es\\\/#organization\"},\"potentialAction\":[{\"@type\":\"SearchAction\",\"target\":{\"@type\":\"EntryPoint\",\"urlTemplate\":\"https:\\\/\\\/www.itakaescolapios.org\\\/ca\\\/es\\\/?s={search_term_string}\"},\"query-input\":{\"@type\":\"PropertyValueSpecification\",\"valueRequired\":true,\"valueName\":\"search_term_string\"}}],\"inLanguage\":\"ca\"},{\"@type\":\"Organization\",\"@id\":\"https:\\\/\\\/www.itakaescolapios.org\\\/ca\\\/es\\\/#organization\",\"name\":\"Fundaci\u00f3 Itaka-Escolapios\",\"url\":\"https:\\\/\\\/www.itakaescolapios.org\\\/ca\\\/es\\\/\",\"logo\":{\"@type\":\"ImageObject\",\"inLanguage\":\"ca\",\"@id\":\"https:\\\/\\\/www.itakaescolapios.org\\\/ca\\\/es\\\/#\\\/schema\\\/logo\\\/image\\\/\",\"url\":\"https:\\\/\\\/www.itakaescolapios.org\\\/wp-content\\\/uploads\\\/2024\\\/04\\\/Logo-itakaescolapios-peque.png\",\"contentUrl\":\"https:\\\/\\\/www.itakaescolapios.org\\\/wp-content\\\/uploads\\\/2024\\\/04\\\/Logo-itakaescolapios-peque.png\",\"width\":500,\"height\":199,\"caption\":\"Fundaci\u00f3 Itaka-Escolapios\"},\"image\":{\"@id\":\"https:\\\/\\\/www.itakaescolapios.org\\\/ca\\\/es\\\/#\\\/schema\\\/logo\\\/image\\\/\"}},{\"@type\":\"Person\",\"@id\":\"https:\\\/\\\/www.itakaescolapios.org\\\/es\\\/#\\\/schema\\\/person\\\/c232ccaa2b3f2e98db93c1f8dfca96ff\",\"name\":\"valencia01\",\"url\":\"https:\\\/\\\/www.itakaescolapios.org\\\/ca\\\/author\\\/valencia01\\\/\"}]}<\/script>\n<!-- \/ Yoast SEO plugin. -->","yoast_head_json":{"title":"JUNTOS COLABORANDO POR EL BANCO DE ALIMENTOS DE C\u00c1RITAS EN MISLATA","description":"El pasado 20 de septiembre, voluntarios de Itaka- Escolapios colaboraron en la Volta a Peu solidaria de Mislata organizada por Runners Ciutat de Valencia. Cada corredor aport\u00f3 un kilo de comida no perecedera, que fueron destinados al Banco de Alimentos de C\u00e1ritas \"El Rebost\". Los voluntarios de Itaka- Escolapios se encargaron de animar a los&hellip;","robots":{"index":"index","follow":"follow","max-snippet":"max-snippet:-1","max-image-preview":"max-image-preview:large","max-video-preview":"max-video-preview:-1"},"canonical":"El pasado 20 de septiembre, voluntarios de Itaka- Escolapios colaboraron en la Volta a Peu solidaria de Mislata organizada por Runners Ciutat de Valencia. Cada corredor aport\u00f3 un kilo de comida no perecedera, que fueron destinados al Banco de Alimentos de C\u00e1ritas \"El Rebost\". Los voluntarios de Itaka- Escolapios se encargaron de animar a los&hellip;","og_locale":"ca_ES","og_type":"article","og_title":"JUNTOS COLABORANDO POR EL BANCO DE ALIMENTOS DE C\u00c1RITAS EN MISLATA","og_description":"El pasado 20 de septiembre, voluntarios de Itaka- Escolapios colaboraron en la Volta a Peu solidaria de Mislata organizada por Runners Ciutat de Valencia. Cada corredor aport\u00f3 un kilo de comida no perecedera, que fueron destinados al Banco de Alimentos de C\u00e1ritas \"El Rebost\". Los voluntarios de Itaka- Escolapios se encargaron de animar a los&hellip;","og_url":"https:\/\/www.itakaescolapios.org\/ca\/2015\/09\/juntos-colaborando-por-el-banco-de-alimentos-de-caritas-en-mislata\/","og_site_name":"Itaka-Escolapios","article_published_time":"2015-09-28T11:29:18+00:00","article_modified_time":"2023-11-28T11:38:37+00:00","og_image":[{"width":1600,"height":1200,"url":"https:\/\/www.itakaescolapios.org\/wp-content\/uploads\/2015\/09\/IMG-20150920-WA0086.jpg","type":"image\/jpeg"}],"author":"valencia01","twitter_card":"summary_large_image","twitter_misc":{"Escrit per":"valencia01","Temps estimat de lectura":"1 minut"},"schema":{"@context":"https:\/\/schema.org","@graph":[{"@type":"Article","@id":"https:\/\/www.itakaescolapios.org\/ca\/2015\/09\/juntos-colaborando-por-el-banco-de-alimentos-de-caritas-en-mislata\/#article","isPartOf":{"@id":"https:\/\/www.itakaescolapios.org\/ca\/2015\/09\/juntos-colaborando-por-el-banco-de-alimentos-de-caritas-en-mislata\/"},"author":{"name":"valencia01","@id":"https:\/\/www.itakaescolapios.org\/es\/#\/schema\/person\/c232ccaa2b3f2e98db93c1f8dfca96ff"},"headline":"JUNTOS COLABORANDO POR EL BANCO DE ALIMENTOS DE C\u00c1RITAS EN MISLATA","datePublished":"2015-09-28T11:29:18+00:00","dateModified":"2023-11-28T11:38:37+00:00","mainEntityOfPage":{"@id":"https:\/\/www.itakaescolapios.org\/ca\/2015\/09\/juntos-colaborando-por-el-banco-de-alimentos-de-caritas-en-mislata\/"},"wordCount":145,"publisher":{"@id":"https:\/\/www.itakaescolapios.org\/es\/#organization"},"image":{"@id":"https:\/\/www.itakaescolapios.org\/ca\/2015\/09\/juntos-colaborando-por-el-banco-de-alimentos-de-caritas-en-mislata\/#primaryimage"},"thumbnailUrl":"https:\/\/www.itakaescolapios.org\/wp-content\/uploads\/2015\/09\/IMG-20150920-WA0086.jpg","keywords":["Banco de Alimentos","carrera solidaria","Itaka Escolapios","ni\u00f1os"],"articleSection":["Valencia"],"inLanguage":"ca"},{"@type":"WebPage","@id":"https:\/\/www.itakaescolapios.org\/ca\/2015\/09\/juntos-colaborando-por-el-banco-de-alimentos-de-caritas-en-mislata\/","url":"https:\/\/www.itakaescolapios.org\/ca\/2015\/09\/juntos-colaborando-por-el-banco-de-alimentos-de-caritas-en-mislata\/","name":"JUNTOS COLABORANDO POR EL BANCO DE ALIMENTOS DE C\u00c1RITAS EN MISLATA - Itaka-Escolapios","isPartOf":{"@id":"https:\/\/www.itakaescolapios.org\/es\/#website"},"primaryImageOfPage":{"@id":"https:\/\/www.itakaescolapios.org\/ca\/2015\/09\/juntos-colaborando-por-el-banco-de-alimentos-de-caritas-en-mislata\/#primaryimage"},"image":{"@id":"https:\/\/www.itakaescolapios.org\/ca\/2015\/09\/juntos-colaborando-por-el-banco-de-alimentos-de-caritas-en-mislata\/#primaryimage"},"thumbnailUrl":"https:\/\/www.itakaescolapios.org\/wp-content\/uploads\/2015\/09\/IMG-20150920-WA0086.jpg","datePublished":"2015-09-28T11:29:18+00:00","dateModified":"2023-11-28T11:38:37+00:00","breadcrumb":{"@id":"https:\/\/www.itakaescolapios.org\/ca\/2015\/09\/juntos-colaborando-por-el-banco-de-alimentos-de-caritas-en-mislata\/#breadcrumb"},"inLanguage":"ca","potentialAction":[{"@type":"ReadAction","target":["https:\/\/www.itakaescolapios.org\/ca\/2015\/09\/juntos-colaborando-por-el-banco-de-alimentos-de-caritas-en-mislata\/"]}]},{"@type":"ImageObject","inLanguage":"ca","@id":"https:\/\/www.itakaescolapios.org\/ca\/2015\/09\/juntos-colaborando-por-el-banco-de-alimentos-de-caritas-en-mislata\/#primaryimage","url":"https:\/\/www.itakaescolapios.org\/wp-content\/uploads\/2015\/09\/IMG-20150920-WA0086.jpg","contentUrl":"https:\/\/www.itakaescolapios.org\/wp-content\/uploads\/2015\/09\/IMG-20150920-WA0086.jpg","width":1600,"height":1200},{"@type":"BreadcrumbList","@id":"https:\/\/www.itakaescolapios.org\/ca\/2015\/09\/juntos-colaborando-por-el-banco-de-alimentos-de-caritas-en-mislata\/#breadcrumb","itemListElement":[{"@type":"ListItem","position":1,"name":"Itaka-Escolapios","item":"https:\/\/www.itakaescolapios.org\/es\/"},{"@type":"ListItem","position":2,"name":"JUNTOS COLABORANDO POR EL BANCO DE ALIMENTOS DE C\u00c1RITAS EN MISLATA"}]},{"@type":"WebSite","@id":"https:\/\/www.itakaescolapios.org\/ca\/es\/#website","url":"https:\/\/www.itakaescolapios.org\/ca\/es\/","name":"Itaka-Escolapios","description":"Red de Itaka-Escolapios","publisher":{"@id":"https:\/\/www.itakaescolapios.org\/ca\/es\/#organization"},"potentialAction":[{"@type":"SearchAction","target":{"@type":"EntryPoint","urlTemplate":"https:\/\/www.itakaescolapios.org\/ca\/es\/?s={search_term_string}"},"query-input":{"@type":"PropertyValueSpecification","valueRequired":true,"valueName":"search_term_string"}}],"inLanguage":"ca"},{"@type":"Organization","@id":"https:\/\/www.itakaescolapios.org\/ca\/es\/#organization","name":"Fundaci\u00f3 Itaka-Escolapios","url":"https:\/\/www.itakaescolapios.org\/ca\/es\/","logo":{"@type":"ImageObject","inLanguage":"ca","@id":"https:\/\/www.itakaescolapios.org\/ca\/es\/#\/schema\/logo\/image\/","url":"https:\/\/www.itakaescolapios.org\/wp-content\/uploads\/2024\/04\/Logo-itakaescolapios-peque.png","contentUrl":"https:\/\/www.itakaescolapios.org\/wp-content\/uploads\/2024\/04\/Logo-itakaescolapios-peque.png","width":500,"height":199,"caption":"Fundaci\u00f3 Itaka-Escolapios"},"image":{"@id":"https:\/\/www.itakaescolapios.org\/ca\/es\/#\/schema\/logo\/image\/"}},{"@type":"Person","@id":"https:\/\/www.itakaescolapios.org\/es\/#\/schema\/person\/c232ccaa2b3f2e98db93c1f8dfca96ff","name":"valencia01","url":"https:\/\/www.itakaescolapios.org\/ca\/author\/valencia01\/"}]}},"_links":{"self":[{"href":"https:\/\/www.itakaescolapios.org\/ca\/wp-json\/wp\/v2\/posts\/13182","targetHints":{"allow":["GET"]}}],"collection":[{"href":"https:\/\/www.itakaescolapios.org\/ca\/wp-json\/wp\/v2\/posts"}],"about":[{"href":"https:\/\/www.itakaescolapios.org\/ca\/wp-json\/wp\/v2\/types\/post"}],"author":[{"embeddable":true,"href":"https:\/\/www.itakaescolapios.org\/ca\/wp-json\/wp\/v2\/users\/39"}],"replies":[{"embeddable":true,"href":"https:\/\/www.itakaescolapios.org\/ca\/wp-json\/wp\/v2\/comments?post=13182"}],"version-history":[{"count":1,"href":"https:\/\/www.itakaescolapios.org\/ca\/wp-json\/wp\/v2\/posts\/13182\/revisions"}],"predecessor-version":[{"id":13184,"href":"https:\/\/www.itakaescolapios.org\/ca\/wp-json\/wp\/v2\/posts\/13182\/revisions\/13184"}],"wp:featuredmedia":[{"embeddable":true,"href":"https:\/\/www.itakaescolapios.org\/ca\/wp-json\/wp\/v2\/media\/13183"}],"wp:attachment":[{"href":"https:\/\/www.itakaescolapios.org\/ca\/wp-json\/wp\/v2\/media?parent=13182"}],"wp:term":[{"taxonomy":"category","embeddable":true,"href":"https:\/\/www.itakaescolapios.org\/ca\/wp-json\/wp\/v2\/categories?post=13182"},{"taxonomy":"post_tag","embeddable":true,"href":"https:\/\/www.itakaescolapios.org\/ca\/wp-json\/wp\/v2\/tags?post=13182"}],"curies":[{"name":"wp","href":"https:\/\/api.w.org\/{rel}","templated":true}]}}