{"id":13186,"date":"2015-09-29T10:15:53","date_gmt":"2015-09-29T09:15:53","guid":{"rendered":"https:\/\/www.itakaescolapios.org\/?p=13186"},"modified":"2023-11-28T12:38:37","modified_gmt":"2023-11-28T11:38:37","slug":"primer-encuentro-de-voluntariado-del-curso-en-valencia","status":"publish","type":"post","link":"https:\/\/www.itakaescolapios.org\/ca\/2015\/09\/primer-encuentro-de-voluntariado-del-curso-en-valencia\/","title":{"rendered":"PRIMER ENCUENTRO DE VOLUNTARIADO DEL CURSO EN VALENCIA"},"content":{"rendered":"<p style=\"text-align: justify\">Unos 30 j\u00f3venes participaron el pasado viernes en el primer Encuentro de Voluntariado del curso en Valencia. Muchos de ellos eran voluntarios que vivieron la experiencia del campo de trabajo este verano, pero otros ya son voluntarios &#8220;experimentados&#8221;, que llevan colaborando con Itaka- Escolapios varios a\u00f1os.<\/p>\n<p style=\"text-align: justify\">Este primer encuentro sirvi\u00f3 para vernos las caras, recordar el Campo de Trabajo y ubicarnos dentro de la fundaci\u00f3n, para luego poner la vista en este curso escolar, y en las asociaciones y proyectos en los que participaremos.<\/p>\n<p style=\"text-align: justify\">El proyecto Trast\u00e9vere, en los colegios de Malvarrosa y Carniceros, la asociaci\u00f3n Amaltea, Proyecto Vivir, Taleia, Ni\u00f1o Jes\u00fas y el Carmen ser\u00e1n las entidades en las que colaborar\u00e1n este a\u00f1o, todas ellas con ni\u00f1os y ni\u00f1as. Una vez presentada cada una de ellas, los voluntarios mostraron su disponibilidad para participar seg\u00fan los horarios y funciones.<\/p>\n<p style=\"text-align: justify\">En breve, todos estos j\u00f3venes empezar\u00e1n su labor voluntaria, junto con la que Itaka- Escolapios ofrecer\u00e1 encuentros de formaci\u00f3n, tan importantes para la labor diaria como la acci\u00f3n directa.<\/p>\n","protected":false},"excerpt":{"rendered":"<p>Unos 30 j\u00f3venes participaron el pasado viernes en el primer Encuentro de Voluntariado del curso en Valencia. Muchos de ellos eran voluntarios que vivieron la experiencia del campo de trabajo [&hellip;]<\/p>\n","protected":false},"author":39,"featured_media":13187,"comment_status":"closed","ping_status":"closed","sticky":false,"template":"","format":"standard","meta":{"_et_pb_use_builder":"","_et_pb_old_content":"","_et_gb_content_width":"","footnotes":""},"categories":[12],"tags":[184,45,142],"class_list":["post-13186","post","type-post","status-publish","format-standard","has-post-thumbnail","hentry","category-valencia","tag-asociaciones","tag-encuentro","tag-voluntariado"],"yoast_head":"<!-- This site is optimized with the Yoast SEO plugin v27.4 - https:\/\/yoast.com\/product\/yoast-seo-wordpress\/ -->\n<title>PRIMER ENCUENTRO DE VOLUNTARIADO DEL CURSO EN VALENCIA<\/title>\n<meta name=\"description\" content=\"Unos 30 j\u00f3venes participaron el pasado viernes en el primer Encuentro de Voluntariado del curso en Valencia. Muchos de ellos eran voluntarios que vivieron la experiencia del campo de trabajo este verano, pero otros ya son voluntarios &quot;experimentados&quot;, que llevan colaborando con Itaka- Escolapios varios a\u00f1os. Este primer encuentro sirvi\u00f3 para vernos las caras, recordar&hellip;\" \/>\n<meta name=\"robots\" content=\"index, follow, max-snippet:-1, max-image-preview:large, max-video-preview:-1\" \/>\n<link rel=\"canonical\" href=\"http:\/\/Unos%2030%20j\u00f3venes%20participaron%20el%20pasado%20viernes%20en%20el%20primer%20Encuentro%20de%20Voluntariado%20del%20curso%20en%20Valencia.%20Muchos%20de%20ellos%20eran%20voluntarios%20que%20vivieron%20la%20experiencia%20del%20campo%20de%20trabajo%20este%20verano,%20pero%20otros%20ya%20son%20voluntarios%20experimentados,%20que%20llevan%20colaborando%20con%20Itaka-%20Escolapios%20varios%20a\u00f1os.%20Este%20primer%20encuentro%20sirvi\u00f3%20para%20vernos%20las%20caras,%20recordar&hellip;\" \/>\n<meta property=\"og:locale\" content=\"ca_ES\" \/>\n<meta property=\"og:type\" content=\"article\" \/>\n<meta property=\"og:title\" content=\"PRIMER ENCUENTRO DE VOLUNTARIADO DEL CURSO EN VALENCIA\" \/>\n<meta property=\"og:description\" content=\"Unos 30 j\u00f3venes participaron el pasado viernes en el primer Encuentro de Voluntariado del curso en Valencia. Muchos de ellos eran voluntarios que vivieron la experiencia del campo de trabajo este verano, pero otros ya son voluntarios &quot;experimentados&quot;, que llevan colaborando con Itaka- Escolapios varios a\u00f1os. Este primer encuentro sirvi\u00f3 para vernos las caras, recordar&hellip;\" \/>\n<meta property=\"og:url\" content=\"https:\/\/www.itakaescolapios.org\/ca\/2015\/09\/primer-encuentro-de-voluntariado-del-curso-en-valencia\/\" \/>\n<meta property=\"og:site_name\" content=\"Itaka-Escolapios\" \/>\n<meta property=\"article:published_time\" content=\"2015-09-29T09:15:53+00:00\" \/>\n<meta property=\"article:modified_time\" content=\"2023-11-28T11:38:37+00:00\" \/>\n<meta property=\"og:image\" content=\"https:\/\/www.itakaescolapios.org\/wp-content\/uploads\/2015\/09\/IMG_20150925_174905.jpg\" \/>\n\t<meta property=\"og:image:width\" content=\"2000\" \/>\n\t<meta property=\"og:image:height\" content=\"1500\" \/>\n\t<meta property=\"og:image:type\" content=\"image\/jpeg\" \/>\n<meta name=\"author\" content=\"valencia01\" \/>\n<meta name=\"twitter:card\" content=\"summary_large_image\" \/>\n<meta name=\"twitter:label1\" content=\"Escrit per\" \/>\n\t<meta name=\"twitter:data1\" content=\"valencia01\" \/>\n\t<meta name=\"twitter:label2\" content=\"Temps estimat de lectura\" \/>\n\t<meta name=\"twitter:data2\" content=\"1 minut\" \/>\n<script type=\"application\/ld+json\" class=\"yoast-schema-graph\">{\"@context\":\"https:\\\/\\\/schema.org\",\"@graph\":[{\"@type\":\"Article\",\"@id\":\"https:\\\/\\\/www.itakaescolapios.org\\\/ca\\\/2015\\\/09\\\/primer-encuentro-de-voluntariado-del-curso-en-valencia\\\/#article\",\"isPartOf\":{\"@id\":\"https:\\\/\\\/www.itakaescolapios.org\\\/ca\\\/2015\\\/09\\\/primer-encuentro-de-voluntariado-del-curso-en-valencia\\\/\"},\"author\":{\"name\":\"valencia01\",\"@id\":\"https:\\\/\\\/www.itakaescolapios.org\\\/es\\\/#\\\/schema\\\/person\\\/c232ccaa2b3f2e98db93c1f8dfca96ff\"},\"headline\":\"PRIMER ENCUENTRO DE VOLUNTARIADO DEL CURSO EN VALENCIA\",\"datePublished\":\"2015-09-29T09:15:53+00:00\",\"dateModified\":\"2023-11-28T11:38:37+00:00\",\"mainEntityOfPage\":{\"@id\":\"https:\\\/\\\/www.itakaescolapios.org\\\/ca\\\/2015\\\/09\\\/primer-encuentro-de-voluntariado-del-curso-en-valencia\\\/\"},\"wordCount\":192,\"publisher\":{\"@id\":\"https:\\\/\\\/www.itakaescolapios.org\\\/es\\\/#organization\"},\"image\":{\"@id\":\"https:\\\/\\\/www.itakaescolapios.org\\\/ca\\\/2015\\\/09\\\/primer-encuentro-de-voluntariado-del-curso-en-valencia\\\/#primaryimage\"},\"thumbnailUrl\":\"https:\\\/\\\/www.itakaescolapios.org\\\/wp-content\\\/uploads\\\/2015\\\/09\\\/IMG_20150925_174905.jpg\",\"keywords\":[\"asociaciones\",\"Encuentro\",\"voluntariado\"],\"articleSection\":[\"Valencia\"],\"inLanguage\":\"ca\"},{\"@type\":\"WebPage\",\"@id\":\"https:\\\/\\\/www.itakaescolapios.org\\\/ca\\\/2015\\\/09\\\/primer-encuentro-de-voluntariado-del-curso-en-valencia\\\/\",\"url\":\"https:\\\/\\\/www.itakaescolapios.org\\\/ca\\\/2015\\\/09\\\/primer-encuentro-de-voluntariado-del-curso-en-valencia\\\/\",\"name\":\"PRIMER ENCUENTRO DE VOLUNTARIADO DEL CURSO EN VALENCIA - Itaka-Escolapios\",\"isPartOf\":{\"@id\":\"https:\\\/\\\/www.itakaescolapios.org\\\/es\\\/#website\"},\"primaryImageOfPage\":{\"@id\":\"https:\\\/\\\/www.itakaescolapios.org\\\/ca\\\/2015\\\/09\\\/primer-encuentro-de-voluntariado-del-curso-en-valencia\\\/#primaryimage\"},\"image\":{\"@id\":\"https:\\\/\\\/www.itakaescolapios.org\\\/ca\\\/2015\\\/09\\\/primer-encuentro-de-voluntariado-del-curso-en-valencia\\\/#primaryimage\"},\"thumbnailUrl\":\"https:\\\/\\\/www.itakaescolapios.org\\\/wp-content\\\/uploads\\\/2015\\\/09\\\/IMG_20150925_174905.jpg\",\"datePublished\":\"2015-09-29T09:15:53+00:00\",\"dateModified\":\"2023-11-28T11:38:37+00:00\",\"breadcrumb\":{\"@id\":\"https:\\\/\\\/www.itakaescolapios.org\\\/ca\\\/2015\\\/09\\\/primer-encuentro-de-voluntariado-del-curso-en-valencia\\\/#breadcrumb\"},\"inLanguage\":\"ca\",\"potentialAction\":[{\"@type\":\"ReadAction\",\"target\":[\"https:\\\/\\\/www.itakaescolapios.org\\\/ca\\\/2015\\\/09\\\/primer-encuentro-de-voluntariado-del-curso-en-valencia\\\/\"]}]},{\"@type\":\"ImageObject\",\"inLanguage\":\"ca\",\"@id\":\"https:\\\/\\\/www.itakaescolapios.org\\\/ca\\\/2015\\\/09\\\/primer-encuentro-de-voluntariado-del-curso-en-valencia\\\/#primaryimage\",\"url\":\"https:\\\/\\\/www.itakaescolapios.org\\\/wp-content\\\/uploads\\\/2015\\\/09\\\/IMG_20150925_174905.jpg\",\"contentUrl\":\"https:\\\/\\\/www.itakaescolapios.org\\\/wp-content\\\/uploads\\\/2015\\\/09\\\/IMG_20150925_174905.jpg\",\"width\":2000,\"height\":1500},{\"@type\":\"BreadcrumbList\",\"@id\":\"https:\\\/\\\/www.itakaescolapios.org\\\/ca\\\/2015\\\/09\\\/primer-encuentro-de-voluntariado-del-curso-en-valencia\\\/#breadcrumb\",\"itemListElement\":[{\"@type\":\"ListItem\",\"position\":1,\"name\":\"Itaka-Escolapios\",\"item\":\"https:\\\/\\\/www.itakaescolapios.org\\\/es\\\/\"},{\"@type\":\"ListItem\",\"position\":2,\"name\":\"PRIMER ENCUENTRO DE VOLUNTARIADO DEL CURSO EN VALENCIA\"}]},{\"@type\":\"WebSite\",\"@id\":\"https:\\\/\\\/www.itakaescolapios.org\\\/ca\\\/es\\\/#website\",\"url\":\"https:\\\/\\\/www.itakaescolapios.org\\\/ca\\\/es\\\/\",\"name\":\"Itaka-Escolapios\",\"description\":\"Red de Itaka-Escolapios\",\"publisher\":{\"@id\":\"https:\\\/\\\/www.itakaescolapios.org\\\/ca\\\/es\\\/#organization\"},\"potentialAction\":[{\"@type\":\"SearchAction\",\"target\":{\"@type\":\"EntryPoint\",\"urlTemplate\":\"https:\\\/\\\/www.itakaescolapios.org\\\/ca\\\/es\\\/?s={search_term_string}\"},\"query-input\":{\"@type\":\"PropertyValueSpecification\",\"valueRequired\":true,\"valueName\":\"search_term_string\"}}],\"inLanguage\":\"ca\"},{\"@type\":\"Organization\",\"@id\":\"https:\\\/\\\/www.itakaescolapios.org\\\/ca\\\/es\\\/#organization\",\"name\":\"Fundaci\u00f3 Itaka-Escolapios\",\"url\":\"https:\\\/\\\/www.itakaescolapios.org\\\/ca\\\/es\\\/\",\"logo\":{\"@type\":\"ImageObject\",\"inLanguage\":\"ca\",\"@id\":\"https:\\\/\\\/www.itakaescolapios.org\\\/ca\\\/es\\\/#\\\/schema\\\/logo\\\/image\\\/\",\"url\":\"https:\\\/\\\/www.itakaescolapios.org\\\/wp-content\\\/uploads\\\/2024\\\/04\\\/Logo-itakaescolapios-peque.png\",\"contentUrl\":\"https:\\\/\\\/www.itakaescolapios.org\\\/wp-content\\\/uploads\\\/2024\\\/04\\\/Logo-itakaescolapios-peque.png\",\"width\":500,\"height\":199,\"caption\":\"Fundaci\u00f3 Itaka-Escolapios\"},\"image\":{\"@id\":\"https:\\\/\\\/www.itakaescolapios.org\\\/ca\\\/es\\\/#\\\/schema\\\/logo\\\/image\\\/\"}},{\"@type\":\"Person\",\"@id\":\"https:\\\/\\\/www.itakaescolapios.org\\\/es\\\/#\\\/schema\\\/person\\\/c232ccaa2b3f2e98db93c1f8dfca96ff\",\"name\":\"valencia01\",\"url\":\"https:\\\/\\\/www.itakaescolapios.org\\\/ca\\\/author\\\/valencia01\\\/\"}]}<\/script>\n<!-- \/ Yoast SEO plugin. -->","yoast_head_json":{"title":"PRIMER ENCUENTRO DE VOLUNTARIADO DEL CURSO EN VALENCIA","description":"Unos 30 j\u00f3venes participaron el pasado viernes en el primer Encuentro de Voluntariado del curso en Valencia. Muchos de ellos eran voluntarios que vivieron la experiencia del campo de trabajo este verano, pero otros ya son voluntarios \"experimentados\", que llevan colaborando con Itaka- Escolapios varios a\u00f1os. Este primer encuentro sirvi\u00f3 para vernos las caras, recordar&hellip;","robots":{"index":"index","follow":"follow","max-snippet":"max-snippet:-1","max-image-preview":"max-image-preview:large","max-video-preview":"max-video-preview:-1"},"canonical":"Unos 30 j\u00f3venes participaron el pasado viernes en el primer Encuentro de Voluntariado del curso en Valencia. Muchos de ellos eran voluntarios que vivieron la experiencia del campo de trabajo este verano, pero otros ya son voluntarios \"experimentados\", que llevan colaborando con Itaka- Escolapios varios a\u00f1os. Este primer encuentro sirvi\u00f3 para vernos las caras, recordar&hellip;","og_locale":"ca_ES","og_type":"article","og_title":"PRIMER ENCUENTRO DE VOLUNTARIADO DEL CURSO EN VALENCIA","og_description":"Unos 30 j\u00f3venes participaron el pasado viernes en el primer Encuentro de Voluntariado del curso en Valencia. Muchos de ellos eran voluntarios que vivieron la experiencia del campo de trabajo este verano, pero otros ya son voluntarios \"experimentados\", que llevan colaborando con Itaka- Escolapios varios a\u00f1os. Este primer encuentro sirvi\u00f3 para vernos las caras, recordar&hellip;","og_url":"https:\/\/www.itakaescolapios.org\/ca\/2015\/09\/primer-encuentro-de-voluntariado-del-curso-en-valencia\/","og_site_name":"Itaka-Escolapios","article_published_time":"2015-09-29T09:15:53+00:00","article_modified_time":"2023-11-28T11:38:37+00:00","og_image":[{"width":2000,"height":1500,"url":"https:\/\/www.itakaescolapios.org\/wp-content\/uploads\/2015\/09\/IMG_20150925_174905.jpg","type":"image\/jpeg"}],"author":"valencia01","twitter_card":"summary_large_image","twitter_misc":{"Escrit per":"valencia01","Temps estimat de lectura":"1 minut"},"schema":{"@context":"https:\/\/schema.org","@graph":[{"@type":"Article","@id":"https:\/\/www.itakaescolapios.org\/ca\/2015\/09\/primer-encuentro-de-voluntariado-del-curso-en-valencia\/#article","isPartOf":{"@id":"https:\/\/www.itakaescolapios.org\/ca\/2015\/09\/primer-encuentro-de-voluntariado-del-curso-en-valencia\/"},"author":{"name":"valencia01","@id":"https:\/\/www.itakaescolapios.org\/es\/#\/schema\/person\/c232ccaa2b3f2e98db93c1f8dfca96ff"},"headline":"PRIMER ENCUENTRO DE VOLUNTARIADO DEL CURSO EN VALENCIA","datePublished":"2015-09-29T09:15:53+00:00","dateModified":"2023-11-28T11:38:37+00:00","mainEntityOfPage":{"@id":"https:\/\/www.itakaescolapios.org\/ca\/2015\/09\/primer-encuentro-de-voluntariado-del-curso-en-valencia\/"},"wordCount":192,"publisher":{"@id":"https:\/\/www.itakaescolapios.org\/es\/#organization"},"image":{"@id":"https:\/\/www.itakaescolapios.org\/ca\/2015\/09\/primer-encuentro-de-voluntariado-del-curso-en-valencia\/#primaryimage"},"thumbnailUrl":"https:\/\/www.itakaescolapios.org\/wp-content\/uploads\/2015\/09\/IMG_20150925_174905.jpg","keywords":["asociaciones","Encuentro","voluntariado"],"articleSection":["Valencia"],"inLanguage":"ca"},{"@type":"WebPage","@id":"https:\/\/www.itakaescolapios.org\/ca\/2015\/09\/primer-encuentro-de-voluntariado-del-curso-en-valencia\/","url":"https:\/\/www.itakaescolapios.org\/ca\/2015\/09\/primer-encuentro-de-voluntariado-del-curso-en-valencia\/","name":"PRIMER ENCUENTRO DE VOLUNTARIADO DEL CURSO EN VALENCIA - Itaka-Escolapios","isPartOf":{"@id":"https:\/\/www.itakaescolapios.org\/es\/#website"},"primaryImageOfPage":{"@id":"https:\/\/www.itakaescolapios.org\/ca\/2015\/09\/primer-encuentro-de-voluntariado-del-curso-en-valencia\/#primaryimage"},"image":{"@id":"https:\/\/www.itakaescolapios.org\/ca\/2015\/09\/primer-encuentro-de-voluntariado-del-curso-en-valencia\/#primaryimage"},"thumbnailUrl":"https:\/\/www.itakaescolapios.org\/wp-content\/uploads\/2015\/09\/IMG_20150925_174905.jpg","datePublished":"2015-09-29T09:15:53+00:00","dateModified":"2023-11-28T11:38:37+00:00","breadcrumb":{"@id":"https:\/\/www.itakaescolapios.org\/ca\/2015\/09\/primer-encuentro-de-voluntariado-del-curso-en-valencia\/#breadcrumb"},"inLanguage":"ca","potentialAction":[{"@type":"ReadAction","target":["https:\/\/www.itakaescolapios.org\/ca\/2015\/09\/primer-encuentro-de-voluntariado-del-curso-en-valencia\/"]}]},{"@type":"ImageObject","inLanguage":"ca","@id":"https:\/\/www.itakaescolapios.org\/ca\/2015\/09\/primer-encuentro-de-voluntariado-del-curso-en-valencia\/#primaryimage","url":"https:\/\/www.itakaescolapios.org\/wp-content\/uploads\/2015\/09\/IMG_20150925_174905.jpg","contentUrl":"https:\/\/www.itakaescolapios.org\/wp-content\/uploads\/2015\/09\/IMG_20150925_174905.jpg","width":2000,"height":1500},{"@type":"BreadcrumbList","@id":"https:\/\/www.itakaescolapios.org\/ca\/2015\/09\/primer-encuentro-de-voluntariado-del-curso-en-valencia\/#breadcrumb","itemListElement":[{"@type":"ListItem","position":1,"name":"Itaka-Escolapios","item":"https:\/\/www.itakaescolapios.org\/es\/"},{"@type":"ListItem","position":2,"name":"PRIMER ENCUENTRO DE VOLUNTARIADO DEL CURSO EN VALENCIA"}]},{"@type":"WebSite","@id":"https:\/\/www.itakaescolapios.org\/ca\/es\/#website","url":"https:\/\/www.itakaescolapios.org\/ca\/es\/","name":"Itaka-Escolapios","description":"Red de Itaka-Escolapios","publisher":{"@id":"https:\/\/www.itakaescolapios.org\/ca\/es\/#organization"},"potentialAction":[{"@type":"SearchAction","target":{"@type":"EntryPoint","urlTemplate":"https:\/\/www.itakaescolapios.org\/ca\/es\/?s={search_term_string}"},"query-input":{"@type":"PropertyValueSpecification","valueRequired":true,"valueName":"search_term_string"}}],"inLanguage":"ca"},{"@type":"Organization","@id":"https:\/\/www.itakaescolapios.org\/ca\/es\/#organization","name":"Fundaci\u00f3 Itaka-Escolapios","url":"https:\/\/www.itakaescolapios.org\/ca\/es\/","logo":{"@type":"ImageObject","inLanguage":"ca","@id":"https:\/\/www.itakaescolapios.org\/ca\/es\/#\/schema\/logo\/image\/","url":"https:\/\/www.itakaescolapios.org\/wp-content\/uploads\/2024\/04\/Logo-itakaescolapios-peque.png","contentUrl":"https:\/\/www.itakaescolapios.org\/wp-content\/uploads\/2024\/04\/Logo-itakaescolapios-peque.png","width":500,"height":199,"caption":"Fundaci\u00f3 Itaka-Escolapios"},"image":{"@id":"https:\/\/www.itakaescolapios.org\/ca\/es\/#\/schema\/logo\/image\/"}},{"@type":"Person","@id":"https:\/\/www.itakaescolapios.org\/es\/#\/schema\/person\/c232ccaa2b3f2e98db93c1f8dfca96ff","name":"valencia01","url":"https:\/\/www.itakaescolapios.org\/ca\/author\/valencia01\/"}]}},"_links":{"self":[{"href":"https:\/\/www.itakaescolapios.org\/ca\/wp-json\/wp\/v2\/posts\/13186","targetHints":{"allow":["GET"]}}],"collection":[{"href":"https:\/\/www.itakaescolapios.org\/ca\/wp-json\/wp\/v2\/posts"}],"about":[{"href":"https:\/\/www.itakaescolapios.org\/ca\/wp-json\/wp\/v2\/types\/post"}],"author":[{"embeddable":true,"href":"https:\/\/www.itakaescolapios.org\/ca\/wp-json\/wp\/v2\/users\/39"}],"replies":[{"embeddable":true,"href":"https:\/\/www.itakaescolapios.org\/ca\/wp-json\/wp\/v2\/comments?post=13186"}],"version-history":[{"count":1,"href":"https:\/\/www.itakaescolapios.org\/ca\/wp-json\/wp\/v2\/posts\/13186\/revisions"}],"predecessor-version":[{"id":13188,"href":"https:\/\/www.itakaescolapios.org\/ca\/wp-json\/wp\/v2\/posts\/13186\/revisions\/13188"}],"wp:featuredmedia":[{"embeddable":true,"href":"https:\/\/www.itakaescolapios.org\/ca\/wp-json\/wp\/v2\/media\/13187"}],"wp:attachment":[{"href":"https:\/\/www.itakaescolapios.org\/ca\/wp-json\/wp\/v2\/media?parent=13186"}],"wp:term":[{"taxonomy":"category","embeddable":true,"href":"https:\/\/www.itakaescolapios.org\/ca\/wp-json\/wp\/v2\/categories?post=13186"},{"taxonomy":"post_tag","embeddable":true,"href":"https:\/\/www.itakaescolapios.org\/ca\/wp-json\/wp\/v2\/tags?post=13186"}],"curies":[{"name":"wp","href":"https:\/\/api.w.org\/{rel}","templated":true}]}}