{"id":14073,"date":"2015-11-23T09:05:46","date_gmt":"2015-11-23T08:05:46","guid":{"rendered":"https:\/\/www.itakaescolapios.org\/?p=14073"},"modified":"2023-11-28T12:38:33","modified_gmt":"2023-11-28T11:38:33","slug":"francais-le-delegue-regionale-de-leducation-de-base-de-la-region-du-nord-ouest-visite-les-ecoles-catholiques-de-bamenda","status":"publish","type":"post","link":"https:\/\/www.itakaescolapios.org\/ca\/2015\/11\/francais-le-delegue-regionale-de-leducation-de-base-de-la-region-du-nord-ouest-visite-les-ecoles-catholiques-de-bamenda\/","title":{"rendered":"Bamenda \u2013 Visita de la Delegada del Ministerio de Educaci\u00f3n B\u00e1sica"},"content":{"rendered":"<p>Con mucho cari\u00f1o, hemos recibido la visita de la Delegada Regional de Educaci\u00f3n B\u00e1sica para el Noroeste de Camer\u00fan. Nuestros\/as alumnos han hecho una acogida con alegr\u00eda y canciones superbonitas.<\/p>\n<p>Se trata de animar a todos los miembros de la comunidad educativa escolapia de Futru en su importante y eficaz misi\u00f3n hacia estos ni\u00f1os\/as.<\/p>\n","protected":false},"excerpt":{"rendered":"<p>Con mucho cari\u00f1o, hemos recibido la visita de la Delegada Regional de Educaci\u00f3n B\u00e1sica para el Noroeste de Camer\u00fan. Nuestros\/as alumnos han hecho una acogida con alegr\u00eda y canciones superbonitas. [&hellip;]<\/p>\n","protected":false},"author":15,"featured_media":14075,"comment_status":"closed","ping_status":"closed","sticky":false,"template":"","format":"standard","meta":{"_et_pb_use_builder":"","_et_pb_old_content":"","_et_gb_content_width":"","footnotes":""},"categories":[10],"tags":[],"class_list":["post-14073","post","type-post","status-publish","format-standard","has-post-thumbnail","hentry","category-camerun"],"yoast_head":"<!-- This site is optimized with the Yoast SEO plugin v27.4 - https:\/\/yoast.com\/product\/yoast-seo-wordpress\/ -->\n<title>Bamenda \u2013 Visita de la Delegada del Ministerio de Educaci\u00f3n B\u00e1sica<\/title>\n<meta name=\"description\" content=\"Con mucho cari\u00f1o, hemos recibido la visita de la Delegada Regional de Educaci\u00f3n B\u00e1sica para el Noroeste de Camer\u00fan. Nuestros\/as alumnos han hecho una acogida con alegr\u00eda y canciones superbonitas. Se trata de animar a todos los miembros de la comunidad educativa escolapia de Futru en su importante y eficaz misi\u00f3n hacia estos ni\u00f1os\/as.\" \/>\n<meta name=\"robots\" content=\"index, follow, max-snippet:-1, max-image-preview:large, max-video-preview:-1\" \/>\n<link rel=\"canonical\" href=\"http:\/\/Con%20mucho%20cari\u00f1o,%20hemos%20recibido%20la%20visita%20de%20la%20Delegada%20Regional%20de%20Educaci\u00f3n%20B\u00e1sica%20para%20el%20Noroeste%20de%20Camer\u00fan.%20Nuestros\/as%20alumnos%20han%20hecho%20una%20acogida%20con%20alegr\u00eda%20y%20canciones%20superbonitas.%20Se%20trata%20de%20animar%20a%20todos%20los%20miembros%20de%20la%20comunidad%20educativa%20escolapia%20de%20Futru%20en%20su%20importante%20y%20eficaz%20misi\u00f3n%20hacia%20estos%20ni\u00f1os\/as.\" \/>\n<meta property=\"og:locale\" content=\"ca_ES\" \/>\n<meta property=\"og:type\" content=\"article\" \/>\n<meta property=\"og:title\" content=\"Bamenda \u2013 Visita de la Delegada del Ministerio de Educaci\u00f3n B\u00e1sica\" \/>\n<meta property=\"og:description\" content=\"Con mucho cari\u00f1o, hemos recibido la visita de la Delegada Regional de Educaci\u00f3n B\u00e1sica para el Noroeste de Camer\u00fan. Nuestros\/as alumnos han hecho una acogida con alegr\u00eda y canciones superbonitas. Se trata de animar a todos los miembros de la comunidad educativa escolapia de Futru en su importante y eficaz misi\u00f3n hacia estos ni\u00f1os\/as.\" \/>\n<meta property=\"og:url\" content=\"https:\/\/www.itakaescolapios.org\/ca\/2015\/11\/francais-le-delegue-regionale-de-leducation-de-base-de-la-region-du-nord-ouest-visite-les-ecoles-catholiques-de-bamenda\/\" \/>\n<meta property=\"og:site_name\" content=\"Itaka-Escolapios\" \/>\n<meta property=\"article:published_time\" content=\"2015-11-23T08:05:46+00:00\" \/>\n<meta property=\"article:modified_time\" content=\"2023-11-28T11:38:33+00:00\" \/>\n<meta property=\"og:image\" content=\"https:\/\/www.itakaescolapios.org\/wp-content\/uploads\/2015\/11\/IMG_0703.jpg\" \/>\n\t<meta property=\"og:image:width\" content=\"1500\" \/>\n\t<meta property=\"og:image:height\" content=\"1500\" \/>\n\t<meta property=\"og:image:type\" content=\"image\/jpeg\" \/>\n<meta name=\"author\" content=\"cameroun01\" \/>\n<meta name=\"twitter:card\" content=\"summary_large_image\" \/>\n<meta name=\"twitter:label1\" content=\"Escrit per\" \/>\n\t<meta name=\"twitter:data1\" content=\"cameroun01\" \/>\n<script type=\"application\/ld+json\" class=\"yoast-schema-graph\">{\"@context\":\"https:\\\/\\\/schema.org\",\"@graph\":[{\"@type\":\"Article\",\"@id\":\"https:\\\/\\\/www.itakaescolapios.org\\\/ca\\\/2015\\\/11\\\/francais-le-delegue-regionale-de-leducation-de-base-de-la-region-du-nord-ouest-visite-les-ecoles-catholiques-de-bamenda\\\/#article\",\"isPartOf\":{\"@id\":\"https:\\\/\\\/www.itakaescolapios.org\\\/ca\\\/2015\\\/11\\\/francais-le-delegue-regionale-de-leducation-de-base-de-la-region-du-nord-ouest-visite-les-ecoles-catholiques-de-bamenda\\\/\"},\"author\":{\"name\":\"cameroun01\",\"@id\":\"https:\\\/\\\/www.itakaescolapios.org\\\/es\\\/#\\\/schema\\\/person\\\/d2844383e29bfdfef69039672ce14eb1\"},\"headline\":\"Bamenda \u2013 Visita de la Delegada del Ministerio de Educaci\u00f3n B\u00e1sica\",\"datePublished\":\"2015-11-23T08:05:46+00:00\",\"dateModified\":\"2023-11-28T11:38:33+00:00\",\"mainEntityOfPage\":{\"@id\":\"https:\\\/\\\/www.itakaescolapios.org\\\/ca\\\/2015\\\/11\\\/francais-le-delegue-regionale-de-leducation-de-base-de-la-region-du-nord-ouest-visite-les-ecoles-catholiques-de-bamenda\\\/\"},\"wordCount\":75,\"publisher\":{\"@id\":\"https:\\\/\\\/www.itakaescolapios.org\\\/es\\\/#organization\"},\"image\":{\"@id\":\"https:\\\/\\\/www.itakaescolapios.org\\\/ca\\\/2015\\\/11\\\/francais-le-delegue-regionale-de-leducation-de-base-de-la-region-du-nord-ouest-visite-les-ecoles-catholiques-de-bamenda\\\/#primaryimage\"},\"thumbnailUrl\":\"https:\\\/\\\/www.itakaescolapios.org\\\/wp-content\\\/uploads\\\/2015\\\/11\\\/IMG_0703.jpg\",\"articleSection\":[\"Camerun\"],\"inLanguage\":\"ca\"},{\"@type\":\"WebPage\",\"@id\":\"https:\\\/\\\/www.itakaescolapios.org\\\/ca\\\/2015\\\/11\\\/francais-le-delegue-regionale-de-leducation-de-base-de-la-region-du-nord-ouest-visite-les-ecoles-catholiques-de-bamenda\\\/\",\"url\":\"https:\\\/\\\/www.itakaescolapios.org\\\/ca\\\/2015\\\/11\\\/francais-le-delegue-regionale-de-leducation-de-base-de-la-region-du-nord-ouest-visite-les-ecoles-catholiques-de-bamenda\\\/\",\"name\":\"Bamenda \u2013 Visita de la Delegada del Ministerio de Educaci\u00f3n B\u00e1sica - Itaka-Escolapios\",\"isPartOf\":{\"@id\":\"https:\\\/\\\/www.itakaescolapios.org\\\/es\\\/#website\"},\"primaryImageOfPage\":{\"@id\":\"https:\\\/\\\/www.itakaescolapios.org\\\/ca\\\/2015\\\/11\\\/francais-le-delegue-regionale-de-leducation-de-base-de-la-region-du-nord-ouest-visite-les-ecoles-catholiques-de-bamenda\\\/#primaryimage\"},\"image\":{\"@id\":\"https:\\\/\\\/www.itakaescolapios.org\\\/ca\\\/2015\\\/11\\\/francais-le-delegue-regionale-de-leducation-de-base-de-la-region-du-nord-ouest-visite-les-ecoles-catholiques-de-bamenda\\\/#primaryimage\"},\"thumbnailUrl\":\"https:\\\/\\\/www.itakaescolapios.org\\\/wp-content\\\/uploads\\\/2015\\\/11\\\/IMG_0703.jpg\",\"datePublished\":\"2015-11-23T08:05:46+00:00\",\"dateModified\":\"2023-11-28T11:38:33+00:00\",\"breadcrumb\":{\"@id\":\"https:\\\/\\\/www.itakaescolapios.org\\\/ca\\\/2015\\\/11\\\/francais-le-delegue-regionale-de-leducation-de-base-de-la-region-du-nord-ouest-visite-les-ecoles-catholiques-de-bamenda\\\/#breadcrumb\"},\"inLanguage\":\"ca\",\"potentialAction\":[{\"@type\":\"ReadAction\",\"target\":[\"https:\\\/\\\/www.itakaescolapios.org\\\/ca\\\/2015\\\/11\\\/francais-le-delegue-regionale-de-leducation-de-base-de-la-region-du-nord-ouest-visite-les-ecoles-catholiques-de-bamenda\\\/\"]}]},{\"@type\":\"ImageObject\",\"inLanguage\":\"ca\",\"@id\":\"https:\\\/\\\/www.itakaescolapios.org\\\/ca\\\/2015\\\/11\\\/francais-le-delegue-regionale-de-leducation-de-base-de-la-region-du-nord-ouest-visite-les-ecoles-catholiques-de-bamenda\\\/#primaryimage\",\"url\":\"https:\\\/\\\/www.itakaescolapios.org\\\/wp-content\\\/uploads\\\/2015\\\/11\\\/IMG_0703.jpg\",\"contentUrl\":\"https:\\\/\\\/www.itakaescolapios.org\\\/wp-content\\\/uploads\\\/2015\\\/11\\\/IMG_0703.jpg\",\"width\":1500,\"height\":1500},{\"@type\":\"BreadcrumbList\",\"@id\":\"https:\\\/\\\/www.itakaescolapios.org\\\/ca\\\/2015\\\/11\\\/francais-le-delegue-regionale-de-leducation-de-base-de-la-region-du-nord-ouest-visite-les-ecoles-catholiques-de-bamenda\\\/#breadcrumb\",\"itemListElement\":[{\"@type\":\"ListItem\",\"position\":1,\"name\":\"Itaka-Escolapios\",\"item\":\"https:\\\/\\\/www.itakaescolapios.org\\\/es\\\/\"},{\"@type\":\"ListItem\",\"position\":2,\"name\":\"Bamenda \u2013 Visita de la Delegada del Ministerio de Educaci\u00f3n B\u00e1sica\"}]},{\"@type\":\"WebSite\",\"@id\":\"https:\\\/\\\/www.itakaescolapios.org\\\/ca\\\/es\\\/#website\",\"url\":\"https:\\\/\\\/www.itakaescolapios.org\\\/ca\\\/es\\\/\",\"name\":\"Itaka-Escolapios\",\"description\":\"Red de Itaka-Escolapios\",\"publisher\":{\"@id\":\"https:\\\/\\\/www.itakaescolapios.org\\\/ca\\\/es\\\/#organization\"},\"potentialAction\":[{\"@type\":\"SearchAction\",\"target\":{\"@type\":\"EntryPoint\",\"urlTemplate\":\"https:\\\/\\\/www.itakaescolapios.org\\\/ca\\\/es\\\/?s={search_term_string}\"},\"query-input\":{\"@type\":\"PropertyValueSpecification\",\"valueRequired\":true,\"valueName\":\"search_term_string\"}}],\"inLanguage\":\"ca\"},{\"@type\":\"Organization\",\"@id\":\"https:\\\/\\\/www.itakaescolapios.org\\\/ca\\\/es\\\/#organization\",\"name\":\"Fundaci\u00f3 Itaka-Escolapios\",\"url\":\"https:\\\/\\\/www.itakaescolapios.org\\\/ca\\\/es\\\/\",\"logo\":{\"@type\":\"ImageObject\",\"inLanguage\":\"ca\",\"@id\":\"https:\\\/\\\/www.itakaescolapios.org\\\/ca\\\/es\\\/#\\\/schema\\\/logo\\\/image\\\/\",\"url\":\"https:\\\/\\\/www.itakaescolapios.org\\\/wp-content\\\/uploads\\\/2024\\\/04\\\/Logo-itakaescolapios-peque.png\",\"contentUrl\":\"https:\\\/\\\/www.itakaescolapios.org\\\/wp-content\\\/uploads\\\/2024\\\/04\\\/Logo-itakaescolapios-peque.png\",\"width\":500,\"height\":199,\"caption\":\"Fundaci\u00f3 Itaka-Escolapios\"},\"image\":{\"@id\":\"https:\\\/\\\/www.itakaescolapios.org\\\/ca\\\/es\\\/#\\\/schema\\\/logo\\\/image\\\/\"}},{\"@type\":\"Person\",\"@id\":\"https:\\\/\\\/www.itakaescolapios.org\\\/es\\\/#\\\/schema\\\/person\\\/d2844383e29bfdfef69039672ce14eb1\",\"name\":\"cameroun01\",\"url\":\"https:\\\/\\\/www.itakaescolapios.org\\\/ca\\\/author\\\/cameroun01\\\/\"}]}<\/script>\n<!-- \/ Yoast SEO plugin. -->","yoast_head_json":{"title":"Bamenda \u2013 Visita de la Delegada del Ministerio de Educaci\u00f3n B\u00e1sica","description":"Con mucho cari\u00f1o, hemos recibido la visita de la Delegada Regional de Educaci\u00f3n B\u00e1sica para el Noroeste de Camer\u00fan. Nuestros\/as alumnos han hecho una acogida con alegr\u00eda y canciones superbonitas. Se trata de animar a todos los miembros de la comunidad educativa escolapia de Futru en su importante y eficaz misi\u00f3n hacia estos ni\u00f1os\/as.","robots":{"index":"index","follow":"follow","max-snippet":"max-snippet:-1","max-image-preview":"max-image-preview:large","max-video-preview":"max-video-preview:-1"},"canonical":"Con mucho cari\u00f1o, hemos recibido la visita de la Delegada Regional de Educaci\u00f3n B\u00e1sica para el Noroeste de Camer\u00fan. Nuestros\/as alumnos han hecho una acogida con alegr\u00eda y canciones superbonitas. Se trata de animar a todos los miembros de la comunidad educativa escolapia de Futru en su importante y eficaz misi\u00f3n hacia estos ni\u00f1os\/as.","og_locale":"ca_ES","og_type":"article","og_title":"Bamenda \u2013 Visita de la Delegada del Ministerio de Educaci\u00f3n B\u00e1sica","og_description":"Con mucho cari\u00f1o, hemos recibido la visita de la Delegada Regional de Educaci\u00f3n B\u00e1sica para el Noroeste de Camer\u00fan. Nuestros\/as alumnos han hecho una acogida con alegr\u00eda y canciones superbonitas. Se trata de animar a todos los miembros de la comunidad educativa escolapia de Futru en su importante y eficaz misi\u00f3n hacia estos ni\u00f1os\/as.","og_url":"https:\/\/www.itakaescolapios.org\/ca\/2015\/11\/francais-le-delegue-regionale-de-leducation-de-base-de-la-region-du-nord-ouest-visite-les-ecoles-catholiques-de-bamenda\/","og_site_name":"Itaka-Escolapios","article_published_time":"2015-11-23T08:05:46+00:00","article_modified_time":"2023-11-28T11:38:33+00:00","og_image":[{"width":1500,"height":1500,"url":"https:\/\/www.itakaescolapios.org\/wp-content\/uploads\/2015\/11\/IMG_0703.jpg","type":"image\/jpeg"}],"author":"cameroun01","twitter_card":"summary_large_image","twitter_misc":{"Escrit per":"cameroun01"},"schema":{"@context":"https:\/\/schema.org","@graph":[{"@type":"Article","@id":"https:\/\/www.itakaescolapios.org\/ca\/2015\/11\/francais-le-delegue-regionale-de-leducation-de-base-de-la-region-du-nord-ouest-visite-les-ecoles-catholiques-de-bamenda\/#article","isPartOf":{"@id":"https:\/\/www.itakaescolapios.org\/ca\/2015\/11\/francais-le-delegue-regionale-de-leducation-de-base-de-la-region-du-nord-ouest-visite-les-ecoles-catholiques-de-bamenda\/"},"author":{"name":"cameroun01","@id":"https:\/\/www.itakaescolapios.org\/es\/#\/schema\/person\/d2844383e29bfdfef69039672ce14eb1"},"headline":"Bamenda \u2013 Visita de la Delegada del Ministerio de Educaci\u00f3n B\u00e1sica","datePublished":"2015-11-23T08:05:46+00:00","dateModified":"2023-11-28T11:38:33+00:00","mainEntityOfPage":{"@id":"https:\/\/www.itakaescolapios.org\/ca\/2015\/11\/francais-le-delegue-regionale-de-leducation-de-base-de-la-region-du-nord-ouest-visite-les-ecoles-catholiques-de-bamenda\/"},"wordCount":75,"publisher":{"@id":"https:\/\/www.itakaescolapios.org\/es\/#organization"},"image":{"@id":"https:\/\/www.itakaescolapios.org\/ca\/2015\/11\/francais-le-delegue-regionale-de-leducation-de-base-de-la-region-du-nord-ouest-visite-les-ecoles-catholiques-de-bamenda\/#primaryimage"},"thumbnailUrl":"https:\/\/www.itakaescolapios.org\/wp-content\/uploads\/2015\/11\/IMG_0703.jpg","articleSection":["Camerun"],"inLanguage":"ca"},{"@type":"WebPage","@id":"https:\/\/www.itakaescolapios.org\/ca\/2015\/11\/francais-le-delegue-regionale-de-leducation-de-base-de-la-region-du-nord-ouest-visite-les-ecoles-catholiques-de-bamenda\/","url":"https:\/\/www.itakaescolapios.org\/ca\/2015\/11\/francais-le-delegue-regionale-de-leducation-de-base-de-la-region-du-nord-ouest-visite-les-ecoles-catholiques-de-bamenda\/","name":"Bamenda \u2013 Visita de la Delegada del Ministerio de Educaci\u00f3n B\u00e1sica - Itaka-Escolapios","isPartOf":{"@id":"https:\/\/www.itakaescolapios.org\/es\/#website"},"primaryImageOfPage":{"@id":"https:\/\/www.itakaescolapios.org\/ca\/2015\/11\/francais-le-delegue-regionale-de-leducation-de-base-de-la-region-du-nord-ouest-visite-les-ecoles-catholiques-de-bamenda\/#primaryimage"},"image":{"@id":"https:\/\/www.itakaescolapios.org\/ca\/2015\/11\/francais-le-delegue-regionale-de-leducation-de-base-de-la-region-du-nord-ouest-visite-les-ecoles-catholiques-de-bamenda\/#primaryimage"},"thumbnailUrl":"https:\/\/www.itakaescolapios.org\/wp-content\/uploads\/2015\/11\/IMG_0703.jpg","datePublished":"2015-11-23T08:05:46+00:00","dateModified":"2023-11-28T11:38:33+00:00","breadcrumb":{"@id":"https:\/\/www.itakaescolapios.org\/ca\/2015\/11\/francais-le-delegue-regionale-de-leducation-de-base-de-la-region-du-nord-ouest-visite-les-ecoles-catholiques-de-bamenda\/#breadcrumb"},"inLanguage":"ca","potentialAction":[{"@type":"ReadAction","target":["https:\/\/www.itakaescolapios.org\/ca\/2015\/11\/francais-le-delegue-regionale-de-leducation-de-base-de-la-region-du-nord-ouest-visite-les-ecoles-catholiques-de-bamenda\/"]}]},{"@type":"ImageObject","inLanguage":"ca","@id":"https:\/\/www.itakaescolapios.org\/ca\/2015\/11\/francais-le-delegue-regionale-de-leducation-de-base-de-la-region-du-nord-ouest-visite-les-ecoles-catholiques-de-bamenda\/#primaryimage","url":"https:\/\/www.itakaescolapios.org\/wp-content\/uploads\/2015\/11\/IMG_0703.jpg","contentUrl":"https:\/\/www.itakaescolapios.org\/wp-content\/uploads\/2015\/11\/IMG_0703.jpg","width":1500,"height":1500},{"@type":"BreadcrumbList","@id":"https:\/\/www.itakaescolapios.org\/ca\/2015\/11\/francais-le-delegue-regionale-de-leducation-de-base-de-la-region-du-nord-ouest-visite-les-ecoles-catholiques-de-bamenda\/#breadcrumb","itemListElement":[{"@type":"ListItem","position":1,"name":"Itaka-Escolapios","item":"https:\/\/www.itakaescolapios.org\/es\/"},{"@type":"ListItem","position":2,"name":"Bamenda \u2013 Visita de la Delegada del Ministerio de Educaci\u00f3n B\u00e1sica"}]},{"@type":"WebSite","@id":"https:\/\/www.itakaescolapios.org\/ca\/es\/#website","url":"https:\/\/www.itakaescolapios.org\/ca\/es\/","name":"Itaka-Escolapios","description":"Red de Itaka-Escolapios","publisher":{"@id":"https:\/\/www.itakaescolapios.org\/ca\/es\/#organization"},"potentialAction":[{"@type":"SearchAction","target":{"@type":"EntryPoint","urlTemplate":"https:\/\/www.itakaescolapios.org\/ca\/es\/?s={search_term_string}"},"query-input":{"@type":"PropertyValueSpecification","valueRequired":true,"valueName":"search_term_string"}}],"inLanguage":"ca"},{"@type":"Organization","@id":"https:\/\/www.itakaescolapios.org\/ca\/es\/#organization","name":"Fundaci\u00f3 Itaka-Escolapios","url":"https:\/\/www.itakaescolapios.org\/ca\/es\/","logo":{"@type":"ImageObject","inLanguage":"ca","@id":"https:\/\/www.itakaescolapios.org\/ca\/es\/#\/schema\/logo\/image\/","url":"https:\/\/www.itakaescolapios.org\/wp-content\/uploads\/2024\/04\/Logo-itakaescolapios-peque.png","contentUrl":"https:\/\/www.itakaescolapios.org\/wp-content\/uploads\/2024\/04\/Logo-itakaescolapios-peque.png","width":500,"height":199,"caption":"Fundaci\u00f3 Itaka-Escolapios"},"image":{"@id":"https:\/\/www.itakaescolapios.org\/ca\/es\/#\/schema\/logo\/image\/"}},{"@type":"Person","@id":"https:\/\/www.itakaescolapios.org\/es\/#\/schema\/person\/d2844383e29bfdfef69039672ce14eb1","name":"cameroun01","url":"https:\/\/www.itakaescolapios.org\/ca\/author\/cameroun01\/"}]}},"_links":{"self":[{"href":"https:\/\/www.itakaescolapios.org\/ca\/wp-json\/wp\/v2\/posts\/14073","targetHints":{"allow":["GET"]}}],"collection":[{"href":"https:\/\/www.itakaescolapios.org\/ca\/wp-json\/wp\/v2\/posts"}],"about":[{"href":"https:\/\/www.itakaescolapios.org\/ca\/wp-json\/wp\/v2\/types\/post"}],"author":[{"embeddable":true,"href":"https:\/\/www.itakaescolapios.org\/ca\/wp-json\/wp\/v2\/users\/15"}],"replies":[{"embeddable":true,"href":"https:\/\/www.itakaescolapios.org\/ca\/wp-json\/wp\/v2\/comments?post=14073"}],"version-history":[{"count":4,"href":"https:\/\/www.itakaescolapios.org\/ca\/wp-json\/wp\/v2\/posts\/14073\/revisions"}],"predecessor-version":[{"id":48527,"href":"https:\/\/www.itakaescolapios.org\/ca\/wp-json\/wp\/v2\/posts\/14073\/revisions\/48527"}],"wp:featuredmedia":[{"embeddable":true,"href":"https:\/\/www.itakaescolapios.org\/ca\/wp-json\/wp\/v2\/media\/14075"}],"wp:attachment":[{"href":"https:\/\/www.itakaescolapios.org\/ca\/wp-json\/wp\/v2\/media?parent=14073"}],"wp:term":[{"taxonomy":"category","embeddable":true,"href":"https:\/\/www.itakaescolapios.org\/ca\/wp-json\/wp\/v2\/categories?post=14073"},{"taxonomy":"post_tag","embeddable":true,"href":"https:\/\/www.itakaescolapios.org\/ca\/wp-json\/wp\/v2\/tags?post=14073"}],"curies":[{"name":"wp","href":"https:\/\/api.w.org\/{rel}","templated":true}]}}