{"id":15111,"date":"2016-03-03T10:42:02","date_gmt":"2016-03-03T09:42:02","guid":{"rendered":"https:\/\/www.itakaescolapios.org\/?p=15111"},"modified":"2023-11-28T12:38:28","modified_gmt":"2023-11-28T11:38:28","slug":"2o-encuentro-formativo-de-voluntariado-en-cercedilla","status":"publish","type":"post","link":"https:\/\/www.itakaescolapios.org\/ca\/2016\/03\/2o-encuentro-formativo-de-voluntariado-en-cercedilla\/","title":{"rendered":"2\u00ba ENCUENTRO FORMATIVO DE VOLUNTARIADO EN CERCEDILLA"},"content":{"rendered":"<p style=\"text-align: justify\">El pasado fin de semana del 27 y 28 de Febrero, tuvo lugar en Cercedilla el segundo encuentro de formaci\u00f3n de voluntarios procedentes de Santander, Getafe, Alcal\u00e1 y Madrid. Os dejamos la cr\u00f3nica de dos d\u00edas intensos, contada por Pepe Garc\u00eda:<\/p>\n<p style=\"text-align: justify\">&#8220;El s\u00e1bado por la ma\u00f1ana, despu\u00e9s de la oraci\u00f3n preparada por Sara Andr\u00e9s para empezar con fuerza, Paloma Corbal\u00e1n nos present\u00f3 cuatro t\u00e9cnicas de \u201cEducaci\u00f3n en valores a trav\u00e9s de t\u00e9cnicas audiovisuales\u201d con el objetivo de mejorar las din\u00e1micas de grupo para trabajar la inteligencia emocional con los ni\u00f1os y ni\u00f1as. Los voluntarios se dividieron en cuatro grupos para preparar una din\u00e1mica utilizando el material facilitado (v\u00eddeos, canciones, palabras e im\u00e1genes), para despu\u00e9s de la comida presentarlo al resto de equipos.<\/p>\n<p style=\"text-align: justify\">Al finalizar las presentaciones, se evalu\u00f3 cada din\u00e1mica, se realizaron propuestas de mejora y se comentaron las dificultades que tuvo cada grupo para preparar y desarrollar la actividad.<\/p>\n<p style=\"text-align: justify\">Tras la merienda, Alba G\u00f3mez nos habl\u00f3 sobre \u201cG\u00e9nero en el \u00e1mbito educativo y social\u201d: definici\u00f3n de t\u00e9rminos como machismo, hembrismo y feminismo, tratamos datos de desigualdad entre g\u00e9neros, analizamos el lenguaje sexista existente en numerosas canciones, adem\u00e1s del lenguaje machista arraigado en la sociedad. Se gener\u00f3 un debate muy interesante y enriquecedor gracias a las aportaciones de los voluntarios y formadores.<\/p>\n<p style=\"text-align: justify\">Despu\u00e9s de cenar, disfrutamos de un juego amenizado por Jos\u00e9 Garc\u00eda, cuya gracia y desparpajo nos brind\u00f3 grandes momentos de distensi\u00f3n. Para disfrutar de ello, se unieron algunos integrantes del Proyecto Marco de Pastoral (Marta Moratona, Elena L\u00f3pez y Pedro Mart\u00ednez), que aprovechaban para reunirse tambi\u00e9n en Cercedilla.<\/p>\n<p style=\"text-align: justify\">El domingo por la ma\u00f1ana, en base a fotograf\u00edas y testimonios preparados por Sara, los voluntarios compartieron su situaci\u00f3n actual dentro de la Fundaci\u00f3n: compromiso, dudas, preguntas, experiencia\u2026El ambiente fue muy propicio para que cada uno comentara sus preocupaciones, su visi\u00f3n del voluntariado como estilo de vida, tanto por parte de los voluntarios como de los formadores.<\/p>\n<p style=\"text-align: justify\">Finalizamos con una eucarist\u00eda presidida por Carles Such y, despu\u00e9s de comer, cada uno volvi\u00f3 a su lugar de procedencia. Cada uno de nosotros con la sensaci\u00f3n de haber crecido un poco m\u00e1s como personas.\u00a0 Seguro.&#8221;<\/p>\n<p style=\"text-align: justify\">Y todas las fotos del encuentro en nuestro <a href=\"https:\/\/www.facebook.com\/media\/set\/?set=a.1077714638985223.1073741866.367218580034836&amp;type=3&amp;uploaded=18\">Facebook<\/a>!<\/p>\n","protected":false},"excerpt":{"rendered":"<p>El pasado fin de semana del 27 y 28 de Febrero, tuvo lugar en Cercedilla el segundo encuentro de formaci\u00f3n de voluntarios procedentes de Santander, Getafe, Alcal\u00e1 y Madrid. Os [&hellip;]<\/p>\n","protected":false},"author":39,"featured_media":15112,"comment_status":"closed","ping_status":"closed","sticky":false,"template":"","format":"standard","meta":{"_et_pb_use_builder":"","_et_pb_old_content":"","_et_gb_content_width":"","footnotes":""},"categories":[12],"tags":[195,161,72,142],"class_list":["post-15111","post","type-post","status-publish","format-standard","has-post-thumbnail","hentry","category-valencia","tag-al-encuentro","tag-encuentro-formativo","tag-formacion","tag-voluntariado"],"yoast_head":"<!-- This site is optimized with the Yoast SEO plugin v27.4 - https:\/\/yoast.com\/product\/yoast-seo-wordpress\/ -->\n<title>2\u00ba ENCUENTRO FORMATIVO DE VOLUNTARIADO EN CERCEDILLA<\/title>\n<meta name=\"description\" content=\"El pasado fin de semana del 27 y 28 de Febrero, tuvo lugar en Cercedilla el segundo encuentro de formaci\u00f3n de voluntarios procedentes de Santander, Getafe, Alcal\u00e1 y Madrid. Os dejamos la cr\u00f3nica de dos d\u00edas intensos, contada por Pepe Garc\u00eda: &quot;El s\u00e1bado por la ma\u00f1ana, despu\u00e9s de la oraci\u00f3n preparada por Sara Andr\u00e9s para&hellip;\" \/>\n<meta name=\"robots\" content=\"index, follow, max-snippet:-1, max-image-preview:large, max-video-preview:-1\" \/>\n<link rel=\"canonical\" href=\"\" \/>\n<meta property=\"og:locale\" content=\"ca_ES\" \/>\n<meta property=\"og:type\" content=\"article\" \/>\n<meta property=\"og:title\" content=\"2\u00ba ENCUENTRO FORMATIVO DE VOLUNTARIADO EN CERCEDILLA\" \/>\n<meta property=\"og:description\" content=\"El pasado fin de semana del 27 y 28 de Febrero, tuvo lugar en Cercedilla el segundo encuentro de formaci\u00f3n de voluntarios procedentes de Santander, Getafe, Alcal\u00e1 y Madrid. Os dejamos la cr\u00f3nica de dos d\u00edas intensos, contada por Pepe Garc\u00eda: &quot;El s\u00e1bado por la ma\u00f1ana, despu\u00e9s de la oraci\u00f3n preparada por Sara Andr\u00e9s para&hellip;\" \/>\n<meta property=\"og:url\" content=\"https:\/\/www.itakaescolapios.org\/ca\/2016\/03\/2o-encuentro-formativo-de-voluntariado-en-cercedilla\/\" \/>\n<meta property=\"og:site_name\" content=\"Itaka-Escolapios\" \/>\n<meta property=\"article:published_time\" content=\"2016-03-03T09:42:02+00:00\" \/>\n<meta property=\"article:modified_time\" content=\"2023-11-28T11:38:28+00:00\" \/>\n<meta property=\"og:image\" content=\"https:\/\/www.itakaescolapios.org\/wp-content\/uploads\/2016\/03\/IMG-20160229-WA0006.jpg\" \/>\n\t<meta property=\"og:image:width\" content=\"1600\" \/>\n\t<meta property=\"og:image:height\" content=\"1200\" \/>\n\t<meta property=\"og:image:type\" content=\"image\/jpeg\" \/>\n<meta name=\"author\" content=\"valencia01\" \/>\n<meta name=\"twitter:card\" content=\"summary_large_image\" \/>\n<meta name=\"twitter:label1\" content=\"Escrit per\" \/>\n\t<meta name=\"twitter:data1\" content=\"valencia01\" \/>\n\t<meta name=\"twitter:label2\" content=\"Temps estimat de lectura\" \/>\n\t<meta name=\"twitter:data2\" content=\"2 minuts\" \/>\n<script type=\"application\/ld+json\" class=\"yoast-schema-graph\">{\"@context\":\"https:\\\/\\\/schema.org\",\"@graph\":[{\"@type\":\"Article\",\"@id\":\"https:\\\/\\\/www.itakaescolapios.org\\\/ca\\\/2016\\\/03\\\/2o-encuentro-formativo-de-voluntariado-en-cercedilla\\\/#article\",\"isPartOf\":{\"@id\":\"https:\\\/\\\/www.itakaescolapios.org\\\/ca\\\/2016\\\/03\\\/2o-encuentro-formativo-de-voluntariado-en-cercedilla\\\/\"},\"author\":{\"name\":\"valencia01\",\"@id\":\"https:\\\/\\\/www.itakaescolapios.org\\\/es\\\/#\\\/schema\\\/person\\\/c232ccaa2b3f2e98db93c1f8dfca96ff\"},\"headline\":\"2\u00ba ENCUENTRO FORMATIVO DE VOLUNTARIADO EN CERCEDILLA\",\"datePublished\":\"2016-03-03T09:42:02+00:00\",\"dateModified\":\"2023-11-28T11:38:28+00:00\",\"mainEntityOfPage\":{\"@id\":\"https:\\\/\\\/www.itakaescolapios.org\\\/ca\\\/2016\\\/03\\\/2o-encuentro-formativo-de-voluntariado-en-cercedilla\\\/\"},\"wordCount\":410,\"publisher\":{\"@id\":\"https:\\\/\\\/www.itakaescolapios.org\\\/es\\\/#organization\"},\"image\":{\"@id\":\"https:\\\/\\\/www.itakaescolapios.org\\\/ca\\\/2016\\\/03\\\/2o-encuentro-formativo-de-voluntariado-en-cercedilla\\\/#primaryimage\"},\"thumbnailUrl\":\"https:\\\/\\\/www.itakaescolapios.org\\\/wp-content\\\/uploads\\\/2016\\\/03\\\/IMG-20160229-WA0006.jpg\",\"keywords\":[\"Al Encuentro\",\"Encuentro Formativo\",\"formaci\u00f3n\",\"voluntariado\"],\"articleSection\":[\"Valencia\"],\"inLanguage\":\"ca\"},{\"@type\":\"WebPage\",\"@id\":\"https:\\\/\\\/www.itakaescolapios.org\\\/ca\\\/2016\\\/03\\\/2o-encuentro-formativo-de-voluntariado-en-cercedilla\\\/\",\"url\":\"https:\\\/\\\/www.itakaescolapios.org\\\/ca\\\/2016\\\/03\\\/2o-encuentro-formativo-de-voluntariado-en-cercedilla\\\/\",\"name\":\"2\u00ba ENCUENTRO FORMATIVO DE VOLUNTARIADO EN CERCEDILLA - Itaka-Escolapios\",\"isPartOf\":{\"@id\":\"https:\\\/\\\/www.itakaescolapios.org\\\/es\\\/#website\"},\"primaryImageOfPage\":{\"@id\":\"https:\\\/\\\/www.itakaescolapios.org\\\/ca\\\/2016\\\/03\\\/2o-encuentro-formativo-de-voluntariado-en-cercedilla\\\/#primaryimage\"},\"image\":{\"@id\":\"https:\\\/\\\/www.itakaescolapios.org\\\/ca\\\/2016\\\/03\\\/2o-encuentro-formativo-de-voluntariado-en-cercedilla\\\/#primaryimage\"},\"thumbnailUrl\":\"https:\\\/\\\/www.itakaescolapios.org\\\/wp-content\\\/uploads\\\/2016\\\/03\\\/IMG-20160229-WA0006.jpg\",\"datePublished\":\"2016-03-03T09:42:02+00:00\",\"dateModified\":\"2023-11-28T11:38:28+00:00\",\"breadcrumb\":{\"@id\":\"https:\\\/\\\/www.itakaescolapios.org\\\/ca\\\/2016\\\/03\\\/2o-encuentro-formativo-de-voluntariado-en-cercedilla\\\/#breadcrumb\"},\"inLanguage\":\"ca\",\"potentialAction\":[{\"@type\":\"ReadAction\",\"target\":[\"https:\\\/\\\/www.itakaescolapios.org\\\/ca\\\/2016\\\/03\\\/2o-encuentro-formativo-de-voluntariado-en-cercedilla\\\/\"]}]},{\"@type\":\"ImageObject\",\"inLanguage\":\"ca\",\"@id\":\"https:\\\/\\\/www.itakaescolapios.org\\\/ca\\\/2016\\\/03\\\/2o-encuentro-formativo-de-voluntariado-en-cercedilla\\\/#primaryimage\",\"url\":\"https:\\\/\\\/www.itakaescolapios.org\\\/wp-content\\\/uploads\\\/2016\\\/03\\\/IMG-20160229-WA0006.jpg\",\"contentUrl\":\"https:\\\/\\\/www.itakaescolapios.org\\\/wp-content\\\/uploads\\\/2016\\\/03\\\/IMG-20160229-WA0006.jpg\",\"width\":1600,\"height\":1200},{\"@type\":\"BreadcrumbList\",\"@id\":\"https:\\\/\\\/www.itakaescolapios.org\\\/ca\\\/2016\\\/03\\\/2o-encuentro-formativo-de-voluntariado-en-cercedilla\\\/#breadcrumb\",\"itemListElement\":[{\"@type\":\"ListItem\",\"position\":1,\"name\":\"Itaka-Escolapios\",\"item\":\"https:\\\/\\\/www.itakaescolapios.org\\\/es\\\/\"},{\"@type\":\"ListItem\",\"position\":2,\"name\":\"2\u00ba ENCUENTRO FORMATIVO DE VOLUNTARIADO EN CERCEDILLA\"}]},{\"@type\":\"WebSite\",\"@id\":\"https:\\\/\\\/www.itakaescolapios.org\\\/ca\\\/es\\\/#website\",\"url\":\"https:\\\/\\\/www.itakaescolapios.org\\\/ca\\\/es\\\/\",\"name\":\"Itaka-Escolapios\",\"description\":\"Red de Itaka-Escolapios\",\"publisher\":{\"@id\":\"https:\\\/\\\/www.itakaescolapios.org\\\/ca\\\/es\\\/#organization\"},\"potentialAction\":[{\"@type\":\"SearchAction\",\"target\":{\"@type\":\"EntryPoint\",\"urlTemplate\":\"https:\\\/\\\/www.itakaescolapios.org\\\/ca\\\/es\\\/?s={search_term_string}\"},\"query-input\":{\"@type\":\"PropertyValueSpecification\",\"valueRequired\":true,\"valueName\":\"search_term_string\"}}],\"inLanguage\":\"ca\"},{\"@type\":\"Organization\",\"@id\":\"https:\\\/\\\/www.itakaescolapios.org\\\/ca\\\/es\\\/#organization\",\"name\":\"Fundaci\u00f3 Itaka-Escolapios\",\"url\":\"https:\\\/\\\/www.itakaescolapios.org\\\/ca\\\/es\\\/\",\"logo\":{\"@type\":\"ImageObject\",\"inLanguage\":\"ca\",\"@id\":\"https:\\\/\\\/www.itakaescolapios.org\\\/ca\\\/es\\\/#\\\/schema\\\/logo\\\/image\\\/\",\"url\":\"https:\\\/\\\/www.itakaescolapios.org\\\/wp-content\\\/uploads\\\/2024\\\/04\\\/Logo-itakaescolapios-peque.png\",\"contentUrl\":\"https:\\\/\\\/www.itakaescolapios.org\\\/wp-content\\\/uploads\\\/2024\\\/04\\\/Logo-itakaescolapios-peque.png\",\"width\":500,\"height\":199,\"caption\":\"Fundaci\u00f3 Itaka-Escolapios\"},\"image\":{\"@id\":\"https:\\\/\\\/www.itakaescolapios.org\\\/ca\\\/es\\\/#\\\/schema\\\/logo\\\/image\\\/\"}},{\"@type\":\"Person\",\"@id\":\"https:\\\/\\\/www.itakaescolapios.org\\\/es\\\/#\\\/schema\\\/person\\\/c232ccaa2b3f2e98db93c1f8dfca96ff\",\"name\":\"valencia01\",\"url\":\"https:\\\/\\\/www.itakaescolapios.org\\\/ca\\\/author\\\/valencia01\\\/\"}]}<\/script>\n<!-- \/ Yoast SEO plugin. -->","yoast_head_json":{"title":"2\u00ba ENCUENTRO FORMATIVO DE VOLUNTARIADO EN CERCEDILLA","description":"El pasado fin de semana del 27 y 28 de Febrero, tuvo lugar en Cercedilla el segundo encuentro de formaci\u00f3n de voluntarios procedentes de Santander, Getafe, Alcal\u00e1 y Madrid. Os dejamos la cr\u00f3nica de dos d\u00edas intensos, contada por Pepe Garc\u00eda: \"El s\u00e1bado por la ma\u00f1ana, despu\u00e9s de la oraci\u00f3n preparada por Sara Andr\u00e9s para&hellip;","robots":{"index":"index","follow":"follow","max-snippet":"max-snippet:-1","max-image-preview":"max-image-preview:large","max-video-preview":"max-video-preview:-1"},"canonical":"El pasado fin de semana del 27 y 28 de Febrero, tuvo lugar en Cercedilla el segundo encuentro de formaci\u00f3n de voluntarios procedentes de Santander, Getafe, Alcal\u00e1 y Madrid. Os dejamos la cr\u00f3nica de dos d\u00edas intensos, contada por Pepe Garc\u00eda: \"El s\u00e1bado por la ma\u00f1ana, despu\u00e9s de la oraci\u00f3n preparada por Sara Andr\u00e9s para&hellip;","og_locale":"ca_ES","og_type":"article","og_title":"2\u00ba ENCUENTRO FORMATIVO DE VOLUNTARIADO EN CERCEDILLA","og_description":"El pasado fin de semana del 27 y 28 de Febrero, tuvo lugar en Cercedilla el segundo encuentro de formaci\u00f3n de voluntarios procedentes de Santander, Getafe, Alcal\u00e1 y Madrid. Os dejamos la cr\u00f3nica de dos d\u00edas intensos, contada por Pepe Garc\u00eda: \"El s\u00e1bado por la ma\u00f1ana, despu\u00e9s de la oraci\u00f3n preparada por Sara Andr\u00e9s para&hellip;","og_url":"https:\/\/www.itakaescolapios.org\/ca\/2016\/03\/2o-encuentro-formativo-de-voluntariado-en-cercedilla\/","og_site_name":"Itaka-Escolapios","article_published_time":"2016-03-03T09:42:02+00:00","article_modified_time":"2023-11-28T11:38:28+00:00","og_image":[{"width":1600,"height":1200,"url":"https:\/\/www.itakaescolapios.org\/wp-content\/uploads\/2016\/03\/IMG-20160229-WA0006.jpg","type":"image\/jpeg"}],"author":"valencia01","twitter_card":"summary_large_image","twitter_misc":{"Escrit per":"valencia01","Temps estimat de lectura":"2 minuts"},"schema":{"@context":"https:\/\/schema.org","@graph":[{"@type":"Article","@id":"https:\/\/www.itakaescolapios.org\/ca\/2016\/03\/2o-encuentro-formativo-de-voluntariado-en-cercedilla\/#article","isPartOf":{"@id":"https:\/\/www.itakaescolapios.org\/ca\/2016\/03\/2o-encuentro-formativo-de-voluntariado-en-cercedilla\/"},"author":{"name":"valencia01","@id":"https:\/\/www.itakaescolapios.org\/es\/#\/schema\/person\/c232ccaa2b3f2e98db93c1f8dfca96ff"},"headline":"2\u00ba ENCUENTRO FORMATIVO DE VOLUNTARIADO EN CERCEDILLA","datePublished":"2016-03-03T09:42:02+00:00","dateModified":"2023-11-28T11:38:28+00:00","mainEntityOfPage":{"@id":"https:\/\/www.itakaescolapios.org\/ca\/2016\/03\/2o-encuentro-formativo-de-voluntariado-en-cercedilla\/"},"wordCount":410,"publisher":{"@id":"https:\/\/www.itakaescolapios.org\/es\/#organization"},"image":{"@id":"https:\/\/www.itakaescolapios.org\/ca\/2016\/03\/2o-encuentro-formativo-de-voluntariado-en-cercedilla\/#primaryimage"},"thumbnailUrl":"https:\/\/www.itakaescolapios.org\/wp-content\/uploads\/2016\/03\/IMG-20160229-WA0006.jpg","keywords":["Al Encuentro","Encuentro Formativo","formaci\u00f3n","voluntariado"],"articleSection":["Valencia"],"inLanguage":"ca"},{"@type":"WebPage","@id":"https:\/\/www.itakaescolapios.org\/ca\/2016\/03\/2o-encuentro-formativo-de-voluntariado-en-cercedilla\/","url":"https:\/\/www.itakaescolapios.org\/ca\/2016\/03\/2o-encuentro-formativo-de-voluntariado-en-cercedilla\/","name":"2\u00ba ENCUENTRO FORMATIVO DE VOLUNTARIADO EN CERCEDILLA - Itaka-Escolapios","isPartOf":{"@id":"https:\/\/www.itakaescolapios.org\/es\/#website"},"primaryImageOfPage":{"@id":"https:\/\/www.itakaescolapios.org\/ca\/2016\/03\/2o-encuentro-formativo-de-voluntariado-en-cercedilla\/#primaryimage"},"image":{"@id":"https:\/\/www.itakaescolapios.org\/ca\/2016\/03\/2o-encuentro-formativo-de-voluntariado-en-cercedilla\/#primaryimage"},"thumbnailUrl":"https:\/\/www.itakaescolapios.org\/wp-content\/uploads\/2016\/03\/IMG-20160229-WA0006.jpg","datePublished":"2016-03-03T09:42:02+00:00","dateModified":"2023-11-28T11:38:28+00:00","breadcrumb":{"@id":"https:\/\/www.itakaescolapios.org\/ca\/2016\/03\/2o-encuentro-formativo-de-voluntariado-en-cercedilla\/#breadcrumb"},"inLanguage":"ca","potentialAction":[{"@type":"ReadAction","target":["https:\/\/www.itakaescolapios.org\/ca\/2016\/03\/2o-encuentro-formativo-de-voluntariado-en-cercedilla\/"]}]},{"@type":"ImageObject","inLanguage":"ca","@id":"https:\/\/www.itakaescolapios.org\/ca\/2016\/03\/2o-encuentro-formativo-de-voluntariado-en-cercedilla\/#primaryimage","url":"https:\/\/www.itakaescolapios.org\/wp-content\/uploads\/2016\/03\/IMG-20160229-WA0006.jpg","contentUrl":"https:\/\/www.itakaescolapios.org\/wp-content\/uploads\/2016\/03\/IMG-20160229-WA0006.jpg","width":1600,"height":1200},{"@type":"BreadcrumbList","@id":"https:\/\/www.itakaescolapios.org\/ca\/2016\/03\/2o-encuentro-formativo-de-voluntariado-en-cercedilla\/#breadcrumb","itemListElement":[{"@type":"ListItem","position":1,"name":"Itaka-Escolapios","item":"https:\/\/www.itakaescolapios.org\/es\/"},{"@type":"ListItem","position":2,"name":"2\u00ba ENCUENTRO FORMATIVO DE VOLUNTARIADO EN CERCEDILLA"}]},{"@type":"WebSite","@id":"https:\/\/www.itakaescolapios.org\/ca\/es\/#website","url":"https:\/\/www.itakaescolapios.org\/ca\/es\/","name":"Itaka-Escolapios","description":"Red de Itaka-Escolapios","publisher":{"@id":"https:\/\/www.itakaescolapios.org\/ca\/es\/#organization"},"potentialAction":[{"@type":"SearchAction","target":{"@type":"EntryPoint","urlTemplate":"https:\/\/www.itakaescolapios.org\/ca\/es\/?s={search_term_string}"},"query-input":{"@type":"PropertyValueSpecification","valueRequired":true,"valueName":"search_term_string"}}],"inLanguage":"ca"},{"@type":"Organization","@id":"https:\/\/www.itakaescolapios.org\/ca\/es\/#organization","name":"Fundaci\u00f3 Itaka-Escolapios","url":"https:\/\/www.itakaescolapios.org\/ca\/es\/","logo":{"@type":"ImageObject","inLanguage":"ca","@id":"https:\/\/www.itakaescolapios.org\/ca\/es\/#\/schema\/logo\/image\/","url":"https:\/\/www.itakaescolapios.org\/wp-content\/uploads\/2024\/04\/Logo-itakaescolapios-peque.png","contentUrl":"https:\/\/www.itakaescolapios.org\/wp-content\/uploads\/2024\/04\/Logo-itakaescolapios-peque.png","width":500,"height":199,"caption":"Fundaci\u00f3 Itaka-Escolapios"},"image":{"@id":"https:\/\/www.itakaescolapios.org\/ca\/es\/#\/schema\/logo\/image\/"}},{"@type":"Person","@id":"https:\/\/www.itakaescolapios.org\/es\/#\/schema\/person\/c232ccaa2b3f2e98db93c1f8dfca96ff","name":"valencia01","url":"https:\/\/www.itakaescolapios.org\/ca\/author\/valencia01\/"}]}},"_links":{"self":[{"href":"https:\/\/www.itakaescolapios.org\/ca\/wp-json\/wp\/v2\/posts\/15111","targetHints":{"allow":["GET"]}}],"collection":[{"href":"https:\/\/www.itakaescolapios.org\/ca\/wp-json\/wp\/v2\/posts"}],"about":[{"href":"https:\/\/www.itakaescolapios.org\/ca\/wp-json\/wp\/v2\/types\/post"}],"author":[{"embeddable":true,"href":"https:\/\/www.itakaescolapios.org\/ca\/wp-json\/wp\/v2\/users\/39"}],"replies":[{"embeddable":true,"href":"https:\/\/www.itakaescolapios.org\/ca\/wp-json\/wp\/v2\/comments?post=15111"}],"version-history":[{"count":4,"href":"https:\/\/www.itakaescolapios.org\/ca\/wp-json\/wp\/v2\/posts\/15111\/revisions"}],"predecessor-version":[{"id":48372,"href":"https:\/\/www.itakaescolapios.org\/ca\/wp-json\/wp\/v2\/posts\/15111\/revisions\/48372"}],"wp:featuredmedia":[{"embeddable":true,"href":"https:\/\/www.itakaescolapios.org\/ca\/wp-json\/wp\/v2\/media\/15112"}],"wp:attachment":[{"href":"https:\/\/www.itakaescolapios.org\/ca\/wp-json\/wp\/v2\/media?parent=15111"}],"wp:term":[{"taxonomy":"category","embeddable":true,"href":"https:\/\/www.itakaescolapios.org\/ca\/wp-json\/wp\/v2\/categories?post=15111"},{"taxonomy":"post_tag","embeddable":true,"href":"https:\/\/www.itakaescolapios.org\/ca\/wp-json\/wp\/v2\/tags?post=15111"}],"curies":[{"name":"wp","href":"https:\/\/api.w.org\/{rel}","templated":true}]}}