{"id":15936,"date":"2016-07-05T10:07:41","date_gmt":"2016-07-05T09:07:41","guid":{"rendered":"https:\/\/www.itakaescolapios.org\/?p=15936"},"modified":"2023-11-28T12:38:24","modified_gmt":"2023-11-28T11:38:24","slug":"francais-debut-des-activites-de-vacances-a-bandjoun-ouest-cameroun","status":"publish","type":"post","link":"https:\/\/www.itakaescolapios.org\/ca\/2016\/07\/francais-debut-des-activites-de-vacances-a-bandjoun-ouest-cameroun\/","title":{"rendered":""},"content":{"rendered":"<p> Bandjoun a pour th\u00e8me : VACANCES UTILES ET AGREABLES CHEZ NOUS AU CAMEROUN; Pour le d\u00e9but de ces activit\u00e9s, les fr\u00e8res Celestine et Raymond ont enr\u00e9gistr\u00e9s environ une quarantaine d&#8217;enfants allant de 3 \u00e0 16 ans.  ces derniers sont \u00e9panouis. Chaque matin ils preint, chantent etc. les fr\u00e8res ainsi que les moniteurs enseignent aux enfants les valeurs de quelques pays en commen\u00e7ant par le Cameroun, le S\u00e9n\u00e9gal et la Guinn\u00e9e Equatoriale notamment l&#8217;hymne national du Cameroun en Fran\u00e7ais et en Anglais, les noms des pr\u00e9sidents, des d\u00e9vises, de ces diff\u00e9rents pays etc. Les enfants re\u00e7oivent certains cours tels que: l&#8217;anglais, le fran\u00e7ais, l&#8217; espagnol et  les math\u00e9matiques et bien d&#8217;autres activit\u00e9s.<\/p>\n","protected":false},"excerpt":{"rendered":"<p>Bandjoun a pour th\u00e8me : VACANCES UTILES ET AGREABLES CHEZ NOUS AU CAMEROUN; Pour le d\u00e9but de ces activit\u00e9s, les fr\u00e8res Celestine et Raymond ont enr\u00e9gistr\u00e9s environ une quarantaine d&#8217;enfants [&hellip;]<\/p>\n","protected":false},"author":15,"featured_media":15937,"comment_status":"closed","ping_status":"closed","sticky":false,"template":"","format":"standard","meta":{"_et_pb_use_builder":"","_et_pb_old_content":"","_et_gb_content_width":"","footnotes":""},"categories":[10],"tags":[],"class_list":["post-15936","post","type-post","status-publish","format-standard","has-post-thumbnail","hentry","category-camerun"],"yoast_head":"<!-- This site is optimized with the Yoast SEO plugin v27.4 - https:\/\/yoast.com\/product\/yoast-seo-wordpress\/ -->\n<title>- Itaka-Escolapios<\/title>\n<meta name=\"description\" content=\"Bandjoun a pour th\u00e8me : VACANCES UTILES ET AGREABLES CHEZ NOUS AU CAMEROUN; Pour le d\u00e9but de ces activit\u00e9s, les fr\u00e8res Celestine et Raymond ont enr\u00e9gistr\u00e9s environ une quarantaine d&#039;enfants allant de 3 \u00e0 16 ans. ces derniers sont \u00e9panouis. Chaque matin ils preint, chantent etc. les fr\u00e8res ainsi que les moniteurs enseignent aux enfants&hellip;\" \/>\n<meta name=\"robots\" content=\"index, follow, max-snippet:-1, max-image-preview:large, max-video-preview:-1\" \/>\n<link rel=\"canonical\" href=\"\" \/>\n<meta property=\"og:locale\" content=\"ca_ES\" \/>\n<meta property=\"og:type\" content=\"article\" \/>\n<meta property=\"og:title\" content=\"- Itaka-Escolapios\" \/>\n<meta property=\"og:description\" content=\"Bandjoun a pour th\u00e8me : VACANCES UTILES ET AGREABLES CHEZ NOUS AU CAMEROUN; Pour le d\u00e9but de ces activit\u00e9s, les fr\u00e8res Celestine et Raymond ont enr\u00e9gistr\u00e9s environ une quarantaine d&#039;enfants allant de 3 \u00e0 16 ans. ces derniers sont \u00e9panouis. Chaque matin ils preint, chantent etc. les fr\u00e8res ainsi que les moniteurs enseignent aux enfants&hellip;\" \/>\n<meta property=\"og:url\" content=\"https:\/\/www.itakaescolapios.org\/ca\/2016\/07\/francais-debut-des-activites-de-vacances-a-bandjoun-ouest-cameroun\/\" \/>\n<meta property=\"og:site_name\" content=\"Itaka-Escolapios\" \/>\n<meta property=\"article:published_time\" content=\"2016-07-05T09:07:41+00:00\" \/>\n<meta property=\"article:modified_time\" content=\"2023-11-28T11:38:24+00:00\" \/>\n<meta property=\"og:image\" content=\"https:\/\/www.itakaescolapios.org\/wp-content\/uploads\/2016\/07\/IMG_4813.jpg\" \/>\n\t<meta property=\"og:image:width\" content=\"640\" \/>\n\t<meta property=\"og:image:height\" content=\"424\" \/>\n\t<meta property=\"og:image:type\" content=\"image\/jpeg\" \/>\n<meta name=\"author\" content=\"cameroun01\" \/>\n<meta name=\"twitter:card\" content=\"summary_large_image\" \/>\n<meta name=\"twitter:label1\" content=\"Escrit per\" \/>\n\t<meta name=\"twitter:data1\" content=\"cameroun01\" \/>\n\t<meta name=\"twitter:label2\" content=\"Temps estimat de lectura\" \/>\n\t<meta name=\"twitter:data2\" content=\"1 minut\" \/>\n<script type=\"application\/ld+json\" class=\"yoast-schema-graph\">{\"@context\":\"https:\\\/\\\/schema.org\",\"@graph\":[{\"@type\":\"Article\",\"@id\":\"https:\\\/\\\/www.itakaescolapios.org\\\/ca\\\/2016\\\/07\\\/francais-debut-des-activites-de-vacances-a-bandjoun-ouest-cameroun\\\/#article\",\"isPartOf\":{\"@id\":\"https:\\\/\\\/www.itakaescolapios.org\\\/ca\\\/2016\\\/07\\\/francais-debut-des-activites-de-vacances-a-bandjoun-ouest-cameroun\\\/\"},\"author\":{\"name\":\"cameroun01\",\"@id\":\"https:\\\/\\\/www.itakaescolapios.org\\\/es\\\/#\\\/schema\\\/person\\\/d2844383e29bfdfef69039672ce14eb1\"},\"headline\":\"Sense t\u00edtol\",\"datePublished\":\"2016-07-05T09:07:41+00:00\",\"dateModified\":\"2023-11-28T11:38:24+00:00\",\"mainEntityOfPage\":{\"@id\":\"https:\\\/\\\/www.itakaescolapios.org\\\/ca\\\/2016\\\/07\\\/francais-debut-des-activites-de-vacances-a-bandjoun-ouest-cameroun\\\/\"},\"wordCount\":130,\"publisher\":{\"@id\":\"https:\\\/\\\/www.itakaescolapios.org\\\/es\\\/#organization\"},\"image\":{\"@id\":\"https:\\\/\\\/www.itakaescolapios.org\\\/ca\\\/2016\\\/07\\\/francais-debut-des-activites-de-vacances-a-bandjoun-ouest-cameroun\\\/#primaryimage\"},\"thumbnailUrl\":\"https:\\\/\\\/www.itakaescolapios.org\\\/wp-content\\\/uploads\\\/2016\\\/07\\\/IMG_4813.jpg\",\"articleSection\":[\"Camerun\"],\"inLanguage\":\"ca\"},{\"@type\":\"WebPage\",\"@id\":\"https:\\\/\\\/www.itakaescolapios.org\\\/ca\\\/2016\\\/07\\\/francais-debut-des-activites-de-vacances-a-bandjoun-ouest-cameroun\\\/\",\"url\":\"https:\\\/\\\/www.itakaescolapios.org\\\/ca\\\/2016\\\/07\\\/francais-debut-des-activites-de-vacances-a-bandjoun-ouest-cameroun\\\/\",\"name\":\"- Itaka-Escolapios\",\"isPartOf\":{\"@id\":\"https:\\\/\\\/www.itakaescolapios.org\\\/es\\\/#website\"},\"primaryImageOfPage\":{\"@id\":\"https:\\\/\\\/www.itakaescolapios.org\\\/ca\\\/2016\\\/07\\\/francais-debut-des-activites-de-vacances-a-bandjoun-ouest-cameroun\\\/#primaryimage\"},\"image\":{\"@id\":\"https:\\\/\\\/www.itakaescolapios.org\\\/ca\\\/2016\\\/07\\\/francais-debut-des-activites-de-vacances-a-bandjoun-ouest-cameroun\\\/#primaryimage\"},\"thumbnailUrl\":\"https:\\\/\\\/www.itakaescolapios.org\\\/wp-content\\\/uploads\\\/2016\\\/07\\\/IMG_4813.jpg\",\"datePublished\":\"2016-07-05T09:07:41+00:00\",\"dateModified\":\"2023-11-28T11:38:24+00:00\",\"inLanguage\":\"ca\",\"potentialAction\":[{\"@type\":\"ReadAction\",\"target\":[\"https:\\\/\\\/www.itakaescolapios.org\\\/ca\\\/2016\\\/07\\\/francais-debut-des-activites-de-vacances-a-bandjoun-ouest-cameroun\\\/\"]}]},{\"@type\":\"ImageObject\",\"inLanguage\":\"ca\",\"@id\":\"https:\\\/\\\/www.itakaescolapios.org\\\/ca\\\/2016\\\/07\\\/francais-debut-des-activites-de-vacances-a-bandjoun-ouest-cameroun\\\/#primaryimage\",\"url\":\"https:\\\/\\\/www.itakaescolapios.org\\\/wp-content\\\/uploads\\\/2016\\\/07\\\/IMG_4813.jpg\",\"contentUrl\":\"https:\\\/\\\/www.itakaescolapios.org\\\/wp-content\\\/uploads\\\/2016\\\/07\\\/IMG_4813.jpg\",\"width\":640,\"height\":424},{\"@type\":\"WebSite\",\"@id\":\"https:\\\/\\\/www.itakaescolapios.org\\\/ca\\\/es\\\/#website\",\"url\":\"https:\\\/\\\/www.itakaescolapios.org\\\/ca\\\/es\\\/\",\"name\":\"Itaka-Escolapios\",\"description\":\"Red de Itaka-Escolapios\",\"publisher\":{\"@id\":\"https:\\\/\\\/www.itakaescolapios.org\\\/ca\\\/es\\\/#organization\"},\"potentialAction\":[{\"@type\":\"SearchAction\",\"target\":{\"@type\":\"EntryPoint\",\"urlTemplate\":\"https:\\\/\\\/www.itakaescolapios.org\\\/ca\\\/es\\\/?s={search_term_string}\"},\"query-input\":{\"@type\":\"PropertyValueSpecification\",\"valueRequired\":true,\"valueName\":\"search_term_string\"}}],\"inLanguage\":\"ca\"},{\"@type\":\"Organization\",\"@id\":\"https:\\\/\\\/www.itakaescolapios.org\\\/ca\\\/es\\\/#organization\",\"name\":\"Fundaci\u00f3 Itaka-Escolapios\",\"url\":\"https:\\\/\\\/www.itakaescolapios.org\\\/ca\\\/es\\\/\",\"logo\":{\"@type\":\"ImageObject\",\"inLanguage\":\"ca\",\"@id\":\"https:\\\/\\\/www.itakaescolapios.org\\\/ca\\\/es\\\/#\\\/schema\\\/logo\\\/image\\\/\",\"url\":\"https:\\\/\\\/www.itakaescolapios.org\\\/wp-content\\\/uploads\\\/2024\\\/04\\\/Logo-itakaescolapios-peque.png\",\"contentUrl\":\"https:\\\/\\\/www.itakaescolapios.org\\\/wp-content\\\/uploads\\\/2024\\\/04\\\/Logo-itakaescolapios-peque.png\",\"width\":500,\"height\":199,\"caption\":\"Fundaci\u00f3 Itaka-Escolapios\"},\"image\":{\"@id\":\"https:\\\/\\\/www.itakaescolapios.org\\\/ca\\\/es\\\/#\\\/schema\\\/logo\\\/image\\\/\"}},{\"@type\":\"Person\",\"@id\":\"https:\\\/\\\/www.itakaescolapios.org\\\/es\\\/#\\\/schema\\\/person\\\/d2844383e29bfdfef69039672ce14eb1\",\"name\":\"cameroun01\",\"url\":\"https:\\\/\\\/www.itakaescolapios.org\\\/ca\\\/author\\\/cameroun01\\\/\"}]}<\/script>\n<!-- \/ Yoast SEO plugin. -->","yoast_head_json":{"title":"- Itaka-Escolapios","description":"Bandjoun a pour th\u00e8me : VACANCES UTILES ET AGREABLES CHEZ NOUS AU CAMEROUN; Pour le d\u00e9but de ces activit\u00e9s, les fr\u00e8res Celestine et Raymond ont enr\u00e9gistr\u00e9s environ une quarantaine d'enfants allant de 3 \u00e0 16 ans. ces derniers sont \u00e9panouis. Chaque matin ils preint, chantent etc. les fr\u00e8res ainsi que les moniteurs enseignent aux enfants&hellip;","robots":{"index":"index","follow":"follow","max-snippet":"max-snippet:-1","max-image-preview":"max-image-preview:large","max-video-preview":"max-video-preview:-1"},"canonical":"Bandjoun a pour th\u00e8me : VACANCES UTILES ET AGREABLES CHEZ NOUS AU CAMEROUN; Pour le d\u00e9but de ces activit\u00e9s, les fr\u00e8res Celestine et Raymond ont enr\u00e9gistr\u00e9s environ une quarantaine d'enfants allant de 3 \u00e0 16 ans. ces derniers sont \u00e9panouis. Chaque matin ils preint, chantent etc. les fr\u00e8res ainsi que les moniteurs enseignent aux enfants&hellip;","og_locale":"ca_ES","og_type":"article","og_title":"- Itaka-Escolapios","og_description":"Bandjoun a pour th\u00e8me : VACANCES UTILES ET AGREABLES CHEZ NOUS AU CAMEROUN; Pour le d\u00e9but de ces activit\u00e9s, les fr\u00e8res Celestine et Raymond ont enr\u00e9gistr\u00e9s environ une quarantaine d'enfants allant de 3 \u00e0 16 ans. ces derniers sont \u00e9panouis. Chaque matin ils preint, chantent etc. les fr\u00e8res ainsi que les moniteurs enseignent aux enfants&hellip;","og_url":"https:\/\/www.itakaescolapios.org\/ca\/2016\/07\/francais-debut-des-activites-de-vacances-a-bandjoun-ouest-cameroun\/","og_site_name":"Itaka-Escolapios","article_published_time":"2016-07-05T09:07:41+00:00","article_modified_time":"2023-11-28T11:38:24+00:00","og_image":[{"width":640,"height":424,"url":"https:\/\/www.itakaescolapios.org\/wp-content\/uploads\/2016\/07\/IMG_4813.jpg","type":"image\/jpeg"}],"author":"cameroun01","twitter_card":"summary_large_image","twitter_misc":{"Escrit per":"cameroun01","Temps estimat de lectura":"1 minut"},"schema":{"@context":"https:\/\/schema.org","@graph":[{"@type":"Article","@id":"https:\/\/www.itakaescolapios.org\/ca\/2016\/07\/francais-debut-des-activites-de-vacances-a-bandjoun-ouest-cameroun\/#article","isPartOf":{"@id":"https:\/\/www.itakaescolapios.org\/ca\/2016\/07\/francais-debut-des-activites-de-vacances-a-bandjoun-ouest-cameroun\/"},"author":{"name":"cameroun01","@id":"https:\/\/www.itakaescolapios.org\/es\/#\/schema\/person\/d2844383e29bfdfef69039672ce14eb1"},"headline":"Sense t\u00edtol","datePublished":"2016-07-05T09:07:41+00:00","dateModified":"2023-11-28T11:38:24+00:00","mainEntityOfPage":{"@id":"https:\/\/www.itakaescolapios.org\/ca\/2016\/07\/francais-debut-des-activites-de-vacances-a-bandjoun-ouest-cameroun\/"},"wordCount":130,"publisher":{"@id":"https:\/\/www.itakaescolapios.org\/es\/#organization"},"image":{"@id":"https:\/\/www.itakaescolapios.org\/ca\/2016\/07\/francais-debut-des-activites-de-vacances-a-bandjoun-ouest-cameroun\/#primaryimage"},"thumbnailUrl":"https:\/\/www.itakaescolapios.org\/wp-content\/uploads\/2016\/07\/IMG_4813.jpg","articleSection":["Camerun"],"inLanguage":"ca"},{"@type":"WebPage","@id":"https:\/\/www.itakaescolapios.org\/ca\/2016\/07\/francais-debut-des-activites-de-vacances-a-bandjoun-ouest-cameroun\/","url":"https:\/\/www.itakaescolapios.org\/ca\/2016\/07\/francais-debut-des-activites-de-vacances-a-bandjoun-ouest-cameroun\/","name":"- Itaka-Escolapios","isPartOf":{"@id":"https:\/\/www.itakaescolapios.org\/es\/#website"},"primaryImageOfPage":{"@id":"https:\/\/www.itakaescolapios.org\/ca\/2016\/07\/francais-debut-des-activites-de-vacances-a-bandjoun-ouest-cameroun\/#primaryimage"},"image":{"@id":"https:\/\/www.itakaescolapios.org\/ca\/2016\/07\/francais-debut-des-activites-de-vacances-a-bandjoun-ouest-cameroun\/#primaryimage"},"thumbnailUrl":"https:\/\/www.itakaescolapios.org\/wp-content\/uploads\/2016\/07\/IMG_4813.jpg","datePublished":"2016-07-05T09:07:41+00:00","dateModified":"2023-11-28T11:38:24+00:00","inLanguage":"ca","potentialAction":[{"@type":"ReadAction","target":["https:\/\/www.itakaescolapios.org\/ca\/2016\/07\/francais-debut-des-activites-de-vacances-a-bandjoun-ouest-cameroun\/"]}]},{"@type":"ImageObject","inLanguage":"ca","@id":"https:\/\/www.itakaescolapios.org\/ca\/2016\/07\/francais-debut-des-activites-de-vacances-a-bandjoun-ouest-cameroun\/#primaryimage","url":"https:\/\/www.itakaescolapios.org\/wp-content\/uploads\/2016\/07\/IMG_4813.jpg","contentUrl":"https:\/\/www.itakaescolapios.org\/wp-content\/uploads\/2016\/07\/IMG_4813.jpg","width":640,"height":424},{"@type":"WebSite","@id":"https:\/\/www.itakaescolapios.org\/ca\/es\/#website","url":"https:\/\/www.itakaescolapios.org\/ca\/es\/","name":"Itaka-Escolapios","description":"Red de Itaka-Escolapios","publisher":{"@id":"https:\/\/www.itakaescolapios.org\/ca\/es\/#organization"},"potentialAction":[{"@type":"SearchAction","target":{"@type":"EntryPoint","urlTemplate":"https:\/\/www.itakaescolapios.org\/ca\/es\/?s={search_term_string}"},"query-input":{"@type":"PropertyValueSpecification","valueRequired":true,"valueName":"search_term_string"}}],"inLanguage":"ca"},{"@type":"Organization","@id":"https:\/\/www.itakaescolapios.org\/ca\/es\/#organization","name":"Fundaci\u00f3 Itaka-Escolapios","url":"https:\/\/www.itakaescolapios.org\/ca\/es\/","logo":{"@type":"ImageObject","inLanguage":"ca","@id":"https:\/\/www.itakaescolapios.org\/ca\/es\/#\/schema\/logo\/image\/","url":"https:\/\/www.itakaescolapios.org\/wp-content\/uploads\/2024\/04\/Logo-itakaescolapios-peque.png","contentUrl":"https:\/\/www.itakaescolapios.org\/wp-content\/uploads\/2024\/04\/Logo-itakaescolapios-peque.png","width":500,"height":199,"caption":"Fundaci\u00f3 Itaka-Escolapios"},"image":{"@id":"https:\/\/www.itakaescolapios.org\/ca\/es\/#\/schema\/logo\/image\/"}},{"@type":"Person","@id":"https:\/\/www.itakaescolapios.org\/es\/#\/schema\/person\/d2844383e29bfdfef69039672ce14eb1","name":"cameroun01","url":"https:\/\/www.itakaescolapios.org\/ca\/author\/cameroun01\/"}]}},"_links":{"self":[{"href":"https:\/\/www.itakaescolapios.org\/ca\/wp-json\/wp\/v2\/posts\/15936","targetHints":{"allow":["GET"]}}],"collection":[{"href":"https:\/\/www.itakaescolapios.org\/ca\/wp-json\/wp\/v2\/posts"}],"about":[{"href":"https:\/\/www.itakaescolapios.org\/ca\/wp-json\/wp\/v2\/types\/post"}],"author":[{"embeddable":true,"href":"https:\/\/www.itakaescolapios.org\/ca\/wp-json\/wp\/v2\/users\/15"}],"replies":[{"embeddable":true,"href":"https:\/\/www.itakaescolapios.org\/ca\/wp-json\/wp\/v2\/comments?post=15936"}],"version-history":[{"count":3,"href":"https:\/\/www.itakaescolapios.org\/ca\/wp-json\/wp\/v2\/posts\/15936\/revisions"}],"predecessor-version":[{"id":48274,"href":"https:\/\/www.itakaescolapios.org\/ca\/wp-json\/wp\/v2\/posts\/15936\/revisions\/48274"}],"wp:featuredmedia":[{"embeddable":true,"href":"https:\/\/www.itakaescolapios.org\/ca\/wp-json\/wp\/v2\/media\/15937"}],"wp:attachment":[{"href":"https:\/\/www.itakaescolapios.org\/ca\/wp-json\/wp\/v2\/media?parent=15936"}],"wp:term":[{"taxonomy":"category","embeddable":true,"href":"https:\/\/www.itakaescolapios.org\/ca\/wp-json\/wp\/v2\/categories?post=15936"},{"taxonomy":"post_tag","embeddable":true,"href":"https:\/\/www.itakaescolapios.org\/ca\/wp-json\/wp\/v2\/tags?post=15936"}],"curies":[{"name":"wp","href":"https:\/\/api.w.org\/{rel}","templated":true}]}}