{"id":16421,"date":"2016-09-19T12:36:26","date_gmt":"2016-09-19T11:36:26","guid":{"rendered":"https:\/\/www.itakaescolapios.org\/?p=16421"},"modified":"2023-11-28T12:38:22","modified_gmt":"2023-11-28T11:38:22","slug":"primer-encuentro-de-voluntariado-del-curso-en-valencia-2","status":"publish","type":"post","link":"https:\/\/www.itakaescolapios.org\/ca\/2016\/09\/primer-encuentro-de-voluntariado-del-curso-en-valencia-2\/","title":{"rendered":"PRIMER ENCUENTRO DE VOLUNTARIADO DEL CURSO EN VALENCIA"},"content":{"rendered":"<p style=\"text-align: justify\">Casi 70 personas asistieron al primer Encuentro de Voluntariado del curso 2016-17, que se organiz\u00f3 el pasado s\u00e1bado en Valencia. Antiguos y nuevos voluntarios de distintas procedencias, como la Fraternidad y los colegios escolapios, voluntarios de la reci\u00e9n incorporada Amaltea, y nuevos interesados, se acercaron al Real Colegio de las Escuelas P\u00edas para pasar la ma\u00f1ana conociendo los nuevos proyectos y los ya consolidados de Itaka- Escolapios.<\/p>\n<p style=\"text-align: justify\">El Encuentro comenz\u00f3 una din\u00e1mica para romper el hielo y presentarse a los dem\u00e1s, para despu\u00e9s pasar a un juego interactivo por equipos en los que los voluntarios pusieron a prueba sus conocimientos sobre Itaka.<\/p>\n<p style=\"text-align: justify\">Tras el almuerzo, se explicaron uno por uno los equipos y proyectos de la sede en Valencia: Sensibilizaci\u00f3n, comunicaci\u00f3n, formaci\u00f3n, captaci\u00f3n de recursos y cooperaci\u00f3n, Acci\u00f3n Social en los colegios, proyecto Trast\u00e9vere, Amaltea, las asociaciones con las que colaboramos (Proyecto Vivir, Taleia y el Carmen); Graduado escolar, proyecto Ulises y los grupos interactivos en el colegio de Malvarrosa. Cada uno de ellos cont\u00f3 con un voluntario que cont\u00f3 la labor que se hace en ellos, siempre a favor de los ni\u00f1os y j\u00f3venes, y las novedades para este curso.<\/p>\n<p style=\"text-align: justify\">La ma\u00f1ana se cerr\u00f3 con la visita a Amaltea y sus instalaciones, y la comida todos juntos en el local de Itaka- Escolapios de la calle Carniceros.<\/p>\n<p style=\"text-align: justify\">\u00a1Gracias a todos por venir! \u00a1Empezamos con muchas ganas!<\/p>\n\n\t\t<style type=\"text\/css\">\n\t\t\t#gallery-1 {\n\t\t\t\tmargin: auto;\n\t\t\t}\n\t\t\t#gallery-1 .gallery-item {\n\t\t\t\tfloat: left;\n\t\t\t\tmargin-top: 10px;\n\t\t\t\ttext-align: center;\n\t\t\t\twidth: 25%;\n\t\t\t}\n\t\t\t#gallery-1 img {\n\t\t\t\tborder: 2px solid #cfcfcf;\n\t\t\t}\n\t\t\t#gallery-1 .gallery-caption {\n\t\t\t\tmargin-left: 0;\n\t\t\t}\n\t\t\t\/* see gallery_shortcode() in wp-includes\/media.php *\/\n\t\t<\/style>\n\t\t<div id='gallery-1' class='gallery galleryid-16421 gallery-columns-4 gallery-size-thumbnail'><dl class='gallery-item'>\n\t\t\t<dt class='gallery-icon landscape'>\n\t\t\t\t<a href='https:\/\/www.itakaescolapios.org\/wp-content\/uploads\/2016\/09\/WhatsApp-Image-2016-09-19-at-12.15.17-1.jpeg'><img decoding=\"async\" width=\"90\" height=\"90\" src=\"https:\/\/www.itakaescolapios.org\/wp-content\/uploads\/2016\/09\/WhatsApp-Image-2016-09-19-at-12.15.17-1-90x90.jpeg\" class=\"attachment-thumbnail size-thumbnail\" alt=\"\" \/><\/a>\n\t\t\t<\/dt><\/dl><dl class='gallery-item'>\n\t\t\t<dt class='gallery-icon landscape'>\n\t\t\t\t<a href='https:\/\/www.itakaescolapios.org\/wp-content\/uploads\/2016\/09\/WhatsApp-Image-2016-09-19-at-12.14.00-3.jpeg'><img decoding=\"async\" width=\"90\" height=\"90\" src=\"https:\/\/www.itakaescolapios.org\/wp-content\/uploads\/2016\/09\/WhatsApp-Image-2016-09-19-at-12.14.00-3-90x90.jpeg\" class=\"attachment-thumbnail size-thumbnail\" alt=\"\" \/><\/a>\n\t\t\t<\/dt><\/dl><dl class='gallery-item'>\n\t\t\t<dt class='gallery-icon landscape'>\n\t\t\t\t<a href='https:\/\/www.itakaescolapios.org\/wp-content\/uploads\/2016\/09\/WhatsApp-Image-2016-09-19-at-12.13.31-2.jpeg'><img decoding=\"async\" width=\"90\" height=\"90\" src=\"https:\/\/www.itakaescolapios.org\/wp-content\/uploads\/2016\/09\/WhatsApp-Image-2016-09-19-at-12.13.31-2-90x90.jpeg\" class=\"attachment-thumbnail size-thumbnail\" alt=\"\" \/><\/a>\n\t\t\t<\/dt><\/dl><dl class='gallery-item'>\n\t\t\t<dt class='gallery-icon landscape'>\n\t\t\t\t<a href='https:\/\/www.itakaescolapios.org\/wp-content\/uploads\/2016\/09\/WhatsApp-Image-2016-09-19-at-12.13.29.jpeg'><img decoding=\"async\" width=\"90\" height=\"90\" src=\"https:\/\/www.itakaescolapios.org\/wp-content\/uploads\/2016\/09\/WhatsApp-Image-2016-09-19-at-12.13.29-90x90.jpeg\" class=\"attachment-thumbnail size-thumbnail\" alt=\"\" \/><\/a>\n\t\t\t<\/dt><\/dl><br style=\"clear: both\" \/>\n\t\t<\/div>\n\n","protected":false},"excerpt":{"rendered":"<p>Casi 70 personas asistieron al primer Encuentro de Voluntariado del curso 2016-17, que se organiz\u00f3 el pasado s\u00e1bado en Valencia. Antiguos y nuevos voluntarios de distintas procedencias, como la Fraternidad [&hellip;]<\/p>\n","protected":false},"author":39,"featured_media":16425,"comment_status":"closed","ping_status":"closed","sticky":false,"template":"","format":"standard","meta":{"_et_pb_use_builder":"","_et_pb_old_content":"","_et_gb_content_width":"","footnotes":""},"categories":[12],"tags":[191],"class_list":["post-16421","post","type-post","status-publish","format-standard","has-post-thumbnail","hentry","category-valencia","tag-encuentro-de-voluntariado"],"yoast_head":"<!-- This site is optimized with the Yoast SEO plugin v27.4 - https:\/\/yoast.com\/product\/yoast-seo-wordpress\/ -->\n<title>PRIMER ENCUENTRO DE VOLUNTARIADO DEL CURSO EN VALENCIA<\/title>\n<meta name=\"description\" content=\"Casi 70 personas asistieron al primer Encuentro de Voluntariado del curso 2016-17, que se organiz\u00f3 el pasado s\u00e1bado en Valencia. Antiguos y nuevos voluntarios de distintas procedencias, como la Fraternidad y los colegios escolapios, voluntarios de la reci\u00e9n incorporada Amaltea, y nuevos interesados, se acercaron al Real Colegio de las Escuelas P\u00edas para pasar la&hellip;\" \/>\n<meta name=\"robots\" content=\"index, follow, max-snippet:-1, max-image-preview:large, max-video-preview:-1\" \/>\n<link rel=\"canonical\" href=\"http:\/\/Casi%2070%20personas%20asistieron%20al%20primer%20Encuentro%20de%20Voluntariado%20del%20curso%202016-17,%20que%20se%20organiz\u00f3%20el%20pasado%20s\u00e1bado%20en%20Valencia.%20Antiguos%20y%20nuevos%20voluntarios%20de%20distintas%20procedencias,%20como%20la%20Fraternidad%20y%20los%20colegios%20escolapios,%20voluntarios%20de%20la%20reci\u00e9n%20incorporada%20Amaltea,%20y%20nuevos%20interesados,%20se%20acercaron%20al%20Real%20Colegio%20de%20las%20Escuelas%20P\u00edas%20para%20pasar%20la&hellip;\" \/>\n<meta property=\"og:locale\" content=\"ca_ES\" \/>\n<meta property=\"og:type\" content=\"article\" \/>\n<meta property=\"og:title\" content=\"PRIMER ENCUENTRO DE VOLUNTARIADO DEL CURSO EN VALENCIA\" \/>\n<meta property=\"og:description\" content=\"Casi 70 personas asistieron al primer Encuentro de Voluntariado del curso 2016-17, que se organiz\u00f3 el pasado s\u00e1bado en Valencia. Antiguos y nuevos voluntarios de distintas procedencias, como la Fraternidad y los colegios escolapios, voluntarios de la reci\u00e9n incorporada Amaltea, y nuevos interesados, se acercaron al Real Colegio de las Escuelas P\u00edas para pasar la&hellip;\" \/>\n<meta property=\"og:url\" content=\"https:\/\/www.itakaescolapios.org\/ca\/2016\/09\/primer-encuentro-de-voluntariado-del-curso-en-valencia-2\/\" \/>\n<meta property=\"og:site_name\" content=\"Itaka-Escolapios\" \/>\n<meta property=\"article:published_time\" content=\"2016-09-19T11:36:26+00:00\" \/>\n<meta property=\"article:modified_time\" content=\"2023-11-28T11:38:22+00:00\" \/>\n<meta property=\"og:image\" content=\"https:\/\/www.itakaescolapios.org\/wp-content\/uploads\/2016\/09\/WhatsApp-Image-2016-09-19-at-12.13.31.jpeg\" \/>\n\t<meta property=\"og:image:width\" content=\"1600\" \/>\n\t<meta property=\"og:image:height\" content=\"898\" \/>\n\t<meta property=\"og:image:type\" content=\"image\/jpeg\" \/>\n<meta name=\"author\" content=\"valencia01\" \/>\n<meta name=\"twitter:card\" content=\"summary_large_image\" \/>\n<meta name=\"twitter:label1\" content=\"Escrit per\" \/>\n\t<meta name=\"twitter:data1\" content=\"valencia01\" \/>\n\t<meta name=\"twitter:label2\" content=\"Temps estimat de lectura\" \/>\n\t<meta name=\"twitter:data2\" content=\"1 minut\" \/>\n<script type=\"application\/ld+json\" class=\"yoast-schema-graph\">{\"@context\":\"https:\\\/\\\/schema.org\",\"@graph\":[{\"@type\":\"Article\",\"@id\":\"https:\\\/\\\/www.itakaescolapios.org\\\/ca\\\/2016\\\/09\\\/primer-encuentro-de-voluntariado-del-curso-en-valencia-2\\\/#article\",\"isPartOf\":{\"@id\":\"https:\\\/\\\/www.itakaescolapios.org\\\/ca\\\/2016\\\/09\\\/primer-encuentro-de-voluntariado-del-curso-en-valencia-2\\\/\"},\"author\":{\"name\":\"valencia01\",\"@id\":\"https:\\\/\\\/www.itakaescolapios.org\\\/es\\\/#\\\/schema\\\/person\\\/c232ccaa2b3f2e98db93c1f8dfca96ff\"},\"headline\":\"PRIMER ENCUENTRO DE VOLUNTARIADO DEL CURSO EN VALENCIA\",\"datePublished\":\"2016-09-19T11:36:26+00:00\",\"dateModified\":\"2023-11-28T11:38:22+00:00\",\"mainEntityOfPage\":{\"@id\":\"https:\\\/\\\/www.itakaescolapios.org\\\/ca\\\/2016\\\/09\\\/primer-encuentro-de-voluntariado-del-curso-en-valencia-2\\\/\"},\"wordCount\":256,\"publisher\":{\"@id\":\"https:\\\/\\\/www.itakaescolapios.org\\\/es\\\/#organization\"},\"image\":{\"@id\":\"https:\\\/\\\/www.itakaescolapios.org\\\/ca\\\/2016\\\/09\\\/primer-encuentro-de-voluntariado-del-curso-en-valencia-2\\\/#primaryimage\"},\"thumbnailUrl\":\"https:\\\/\\\/www.itakaescolapios.org\\\/wp-content\\\/uploads\\\/2016\\\/09\\\/WhatsApp-Image-2016-09-19-at-12.13.31.jpeg\",\"keywords\":[\"encuentro de voluntariado\"],\"articleSection\":[\"Valencia\"],\"inLanguage\":\"ca\"},{\"@type\":\"WebPage\",\"@id\":\"https:\\\/\\\/www.itakaescolapios.org\\\/ca\\\/2016\\\/09\\\/primer-encuentro-de-voluntariado-del-curso-en-valencia-2\\\/\",\"url\":\"https:\\\/\\\/www.itakaescolapios.org\\\/ca\\\/2016\\\/09\\\/primer-encuentro-de-voluntariado-del-curso-en-valencia-2\\\/\",\"name\":\"PRIMER ENCUENTRO DE VOLUNTARIADO DEL CURSO EN VALENCIA - Itaka-Escolapios\",\"isPartOf\":{\"@id\":\"https:\\\/\\\/www.itakaescolapios.org\\\/es\\\/#website\"},\"primaryImageOfPage\":{\"@id\":\"https:\\\/\\\/www.itakaescolapios.org\\\/ca\\\/2016\\\/09\\\/primer-encuentro-de-voluntariado-del-curso-en-valencia-2\\\/#primaryimage\"},\"image\":{\"@id\":\"https:\\\/\\\/www.itakaescolapios.org\\\/ca\\\/2016\\\/09\\\/primer-encuentro-de-voluntariado-del-curso-en-valencia-2\\\/#primaryimage\"},\"thumbnailUrl\":\"https:\\\/\\\/www.itakaescolapios.org\\\/wp-content\\\/uploads\\\/2016\\\/09\\\/WhatsApp-Image-2016-09-19-at-12.13.31.jpeg\",\"datePublished\":\"2016-09-19T11:36:26+00:00\",\"dateModified\":\"2023-11-28T11:38:22+00:00\",\"breadcrumb\":{\"@id\":\"https:\\\/\\\/www.itakaescolapios.org\\\/ca\\\/2016\\\/09\\\/primer-encuentro-de-voluntariado-del-curso-en-valencia-2\\\/#breadcrumb\"},\"inLanguage\":\"ca\",\"potentialAction\":[{\"@type\":\"ReadAction\",\"target\":[\"https:\\\/\\\/www.itakaescolapios.org\\\/ca\\\/2016\\\/09\\\/primer-encuentro-de-voluntariado-del-curso-en-valencia-2\\\/\"]}]},{\"@type\":\"ImageObject\",\"inLanguage\":\"ca\",\"@id\":\"https:\\\/\\\/www.itakaescolapios.org\\\/ca\\\/2016\\\/09\\\/primer-encuentro-de-voluntariado-del-curso-en-valencia-2\\\/#primaryimage\",\"url\":\"https:\\\/\\\/www.itakaescolapios.org\\\/wp-content\\\/uploads\\\/2016\\\/09\\\/WhatsApp-Image-2016-09-19-at-12.13.31.jpeg\",\"contentUrl\":\"https:\\\/\\\/www.itakaescolapios.org\\\/wp-content\\\/uploads\\\/2016\\\/09\\\/WhatsApp-Image-2016-09-19-at-12.13.31.jpeg\",\"width\":1600,\"height\":898},{\"@type\":\"BreadcrumbList\",\"@id\":\"https:\\\/\\\/www.itakaescolapios.org\\\/ca\\\/2016\\\/09\\\/primer-encuentro-de-voluntariado-del-curso-en-valencia-2\\\/#breadcrumb\",\"itemListElement\":[{\"@type\":\"ListItem\",\"position\":1,\"name\":\"Itaka-Escolapios\",\"item\":\"https:\\\/\\\/www.itakaescolapios.org\\\/es\\\/\"},{\"@type\":\"ListItem\",\"position\":2,\"name\":\"PRIMER ENCUENTRO DE VOLUNTARIADO DEL CURSO EN VALENCIA\"}]},{\"@type\":\"WebSite\",\"@id\":\"https:\\\/\\\/www.itakaescolapios.org\\\/ca\\\/es\\\/#website\",\"url\":\"https:\\\/\\\/www.itakaescolapios.org\\\/ca\\\/es\\\/\",\"name\":\"Itaka-Escolapios\",\"description\":\"Red de Itaka-Escolapios\",\"publisher\":{\"@id\":\"https:\\\/\\\/www.itakaescolapios.org\\\/ca\\\/es\\\/#organization\"},\"potentialAction\":[{\"@type\":\"SearchAction\",\"target\":{\"@type\":\"EntryPoint\",\"urlTemplate\":\"https:\\\/\\\/www.itakaescolapios.org\\\/ca\\\/es\\\/?s={search_term_string}\"},\"query-input\":{\"@type\":\"PropertyValueSpecification\",\"valueRequired\":true,\"valueName\":\"search_term_string\"}}],\"inLanguage\":\"ca\"},{\"@type\":\"Organization\",\"@id\":\"https:\\\/\\\/www.itakaescolapios.org\\\/ca\\\/es\\\/#organization\",\"name\":\"Fundaci\u00f3 Itaka-Escolapios\",\"url\":\"https:\\\/\\\/www.itakaescolapios.org\\\/ca\\\/es\\\/\",\"logo\":{\"@type\":\"ImageObject\",\"inLanguage\":\"ca\",\"@id\":\"https:\\\/\\\/www.itakaescolapios.org\\\/ca\\\/es\\\/#\\\/schema\\\/logo\\\/image\\\/\",\"url\":\"https:\\\/\\\/www.itakaescolapios.org\\\/wp-content\\\/uploads\\\/2024\\\/04\\\/Logo-itakaescolapios-peque.png\",\"contentUrl\":\"https:\\\/\\\/www.itakaescolapios.org\\\/wp-content\\\/uploads\\\/2024\\\/04\\\/Logo-itakaescolapios-peque.png\",\"width\":500,\"height\":199,\"caption\":\"Fundaci\u00f3 Itaka-Escolapios\"},\"image\":{\"@id\":\"https:\\\/\\\/www.itakaescolapios.org\\\/ca\\\/es\\\/#\\\/schema\\\/logo\\\/image\\\/\"}},{\"@type\":\"Person\",\"@id\":\"https:\\\/\\\/www.itakaescolapios.org\\\/es\\\/#\\\/schema\\\/person\\\/c232ccaa2b3f2e98db93c1f8dfca96ff\",\"name\":\"valencia01\",\"url\":\"https:\\\/\\\/www.itakaescolapios.org\\\/ca\\\/author\\\/valencia01\\\/\"}]}<\/script>\n<!-- \/ Yoast SEO plugin. -->","yoast_head_json":{"title":"PRIMER ENCUENTRO DE VOLUNTARIADO DEL CURSO EN VALENCIA","description":"Casi 70 personas asistieron al primer Encuentro de Voluntariado del curso 2016-17, que se organiz\u00f3 el pasado s\u00e1bado en Valencia. Antiguos y nuevos voluntarios de distintas procedencias, como la Fraternidad y los colegios escolapios, voluntarios de la reci\u00e9n incorporada Amaltea, y nuevos interesados, se acercaron al Real Colegio de las Escuelas P\u00edas para pasar la&hellip;","robots":{"index":"index","follow":"follow","max-snippet":"max-snippet:-1","max-image-preview":"max-image-preview:large","max-video-preview":"max-video-preview:-1"},"canonical":"Casi 70 personas asistieron al primer Encuentro de Voluntariado del curso 2016-17, que se organiz\u00f3 el pasado s\u00e1bado en Valencia. Antiguos y nuevos voluntarios de distintas procedencias, como la Fraternidad y los colegios escolapios, voluntarios de la reci\u00e9n incorporada Amaltea, y nuevos interesados, se acercaron al Real Colegio de las Escuelas P\u00edas para pasar la&hellip;","og_locale":"ca_ES","og_type":"article","og_title":"PRIMER ENCUENTRO DE VOLUNTARIADO DEL CURSO EN VALENCIA","og_description":"Casi 70 personas asistieron al primer Encuentro de Voluntariado del curso 2016-17, que se organiz\u00f3 el pasado s\u00e1bado en Valencia. Antiguos y nuevos voluntarios de distintas procedencias, como la Fraternidad y los colegios escolapios, voluntarios de la reci\u00e9n incorporada Amaltea, y nuevos interesados, se acercaron al Real Colegio de las Escuelas P\u00edas para pasar la&hellip;","og_url":"https:\/\/www.itakaescolapios.org\/ca\/2016\/09\/primer-encuentro-de-voluntariado-del-curso-en-valencia-2\/","og_site_name":"Itaka-Escolapios","article_published_time":"2016-09-19T11:36:26+00:00","article_modified_time":"2023-11-28T11:38:22+00:00","og_image":[{"width":1600,"height":898,"url":"https:\/\/www.itakaescolapios.org\/wp-content\/uploads\/2016\/09\/WhatsApp-Image-2016-09-19-at-12.13.31.jpeg","type":"image\/jpeg"}],"author":"valencia01","twitter_card":"summary_large_image","twitter_misc":{"Escrit per":"valencia01","Temps estimat de lectura":"1 minut"},"schema":{"@context":"https:\/\/schema.org","@graph":[{"@type":"Article","@id":"https:\/\/www.itakaescolapios.org\/ca\/2016\/09\/primer-encuentro-de-voluntariado-del-curso-en-valencia-2\/#article","isPartOf":{"@id":"https:\/\/www.itakaescolapios.org\/ca\/2016\/09\/primer-encuentro-de-voluntariado-del-curso-en-valencia-2\/"},"author":{"name":"valencia01","@id":"https:\/\/www.itakaescolapios.org\/es\/#\/schema\/person\/c232ccaa2b3f2e98db93c1f8dfca96ff"},"headline":"PRIMER ENCUENTRO DE VOLUNTARIADO DEL CURSO EN VALENCIA","datePublished":"2016-09-19T11:36:26+00:00","dateModified":"2023-11-28T11:38:22+00:00","mainEntityOfPage":{"@id":"https:\/\/www.itakaescolapios.org\/ca\/2016\/09\/primer-encuentro-de-voluntariado-del-curso-en-valencia-2\/"},"wordCount":256,"publisher":{"@id":"https:\/\/www.itakaescolapios.org\/es\/#organization"},"image":{"@id":"https:\/\/www.itakaescolapios.org\/ca\/2016\/09\/primer-encuentro-de-voluntariado-del-curso-en-valencia-2\/#primaryimage"},"thumbnailUrl":"https:\/\/www.itakaescolapios.org\/wp-content\/uploads\/2016\/09\/WhatsApp-Image-2016-09-19-at-12.13.31.jpeg","keywords":["encuentro de voluntariado"],"articleSection":["Valencia"],"inLanguage":"ca"},{"@type":"WebPage","@id":"https:\/\/www.itakaescolapios.org\/ca\/2016\/09\/primer-encuentro-de-voluntariado-del-curso-en-valencia-2\/","url":"https:\/\/www.itakaescolapios.org\/ca\/2016\/09\/primer-encuentro-de-voluntariado-del-curso-en-valencia-2\/","name":"PRIMER ENCUENTRO DE VOLUNTARIADO DEL CURSO EN VALENCIA - Itaka-Escolapios","isPartOf":{"@id":"https:\/\/www.itakaescolapios.org\/es\/#website"},"primaryImageOfPage":{"@id":"https:\/\/www.itakaescolapios.org\/ca\/2016\/09\/primer-encuentro-de-voluntariado-del-curso-en-valencia-2\/#primaryimage"},"image":{"@id":"https:\/\/www.itakaescolapios.org\/ca\/2016\/09\/primer-encuentro-de-voluntariado-del-curso-en-valencia-2\/#primaryimage"},"thumbnailUrl":"https:\/\/www.itakaescolapios.org\/wp-content\/uploads\/2016\/09\/WhatsApp-Image-2016-09-19-at-12.13.31.jpeg","datePublished":"2016-09-19T11:36:26+00:00","dateModified":"2023-11-28T11:38:22+00:00","breadcrumb":{"@id":"https:\/\/www.itakaescolapios.org\/ca\/2016\/09\/primer-encuentro-de-voluntariado-del-curso-en-valencia-2\/#breadcrumb"},"inLanguage":"ca","potentialAction":[{"@type":"ReadAction","target":["https:\/\/www.itakaescolapios.org\/ca\/2016\/09\/primer-encuentro-de-voluntariado-del-curso-en-valencia-2\/"]}]},{"@type":"ImageObject","inLanguage":"ca","@id":"https:\/\/www.itakaescolapios.org\/ca\/2016\/09\/primer-encuentro-de-voluntariado-del-curso-en-valencia-2\/#primaryimage","url":"https:\/\/www.itakaescolapios.org\/wp-content\/uploads\/2016\/09\/WhatsApp-Image-2016-09-19-at-12.13.31.jpeg","contentUrl":"https:\/\/www.itakaescolapios.org\/wp-content\/uploads\/2016\/09\/WhatsApp-Image-2016-09-19-at-12.13.31.jpeg","width":1600,"height":898},{"@type":"BreadcrumbList","@id":"https:\/\/www.itakaescolapios.org\/ca\/2016\/09\/primer-encuentro-de-voluntariado-del-curso-en-valencia-2\/#breadcrumb","itemListElement":[{"@type":"ListItem","position":1,"name":"Itaka-Escolapios","item":"https:\/\/www.itakaescolapios.org\/es\/"},{"@type":"ListItem","position":2,"name":"PRIMER ENCUENTRO DE VOLUNTARIADO DEL CURSO EN VALENCIA"}]},{"@type":"WebSite","@id":"https:\/\/www.itakaescolapios.org\/ca\/es\/#website","url":"https:\/\/www.itakaescolapios.org\/ca\/es\/","name":"Itaka-Escolapios","description":"Red de Itaka-Escolapios","publisher":{"@id":"https:\/\/www.itakaescolapios.org\/ca\/es\/#organization"},"potentialAction":[{"@type":"SearchAction","target":{"@type":"EntryPoint","urlTemplate":"https:\/\/www.itakaescolapios.org\/ca\/es\/?s={search_term_string}"},"query-input":{"@type":"PropertyValueSpecification","valueRequired":true,"valueName":"search_term_string"}}],"inLanguage":"ca"},{"@type":"Organization","@id":"https:\/\/www.itakaescolapios.org\/ca\/es\/#organization","name":"Fundaci\u00f3 Itaka-Escolapios","url":"https:\/\/www.itakaescolapios.org\/ca\/es\/","logo":{"@type":"ImageObject","inLanguage":"ca","@id":"https:\/\/www.itakaescolapios.org\/ca\/es\/#\/schema\/logo\/image\/","url":"https:\/\/www.itakaescolapios.org\/wp-content\/uploads\/2024\/04\/Logo-itakaescolapios-peque.png","contentUrl":"https:\/\/www.itakaescolapios.org\/wp-content\/uploads\/2024\/04\/Logo-itakaescolapios-peque.png","width":500,"height":199,"caption":"Fundaci\u00f3 Itaka-Escolapios"},"image":{"@id":"https:\/\/www.itakaescolapios.org\/ca\/es\/#\/schema\/logo\/image\/"}},{"@type":"Person","@id":"https:\/\/www.itakaescolapios.org\/es\/#\/schema\/person\/c232ccaa2b3f2e98db93c1f8dfca96ff","name":"valencia01","url":"https:\/\/www.itakaescolapios.org\/ca\/author\/valencia01\/"}]}},"_links":{"self":[{"href":"https:\/\/www.itakaescolapios.org\/ca\/wp-json\/wp\/v2\/posts\/16421","targetHints":{"allow":["GET"]}}],"collection":[{"href":"https:\/\/www.itakaescolapios.org\/ca\/wp-json\/wp\/v2\/posts"}],"about":[{"href":"https:\/\/www.itakaescolapios.org\/ca\/wp-json\/wp\/v2\/types\/post"}],"author":[{"embeddable":true,"href":"https:\/\/www.itakaescolapios.org\/ca\/wp-json\/wp\/v2\/users\/39"}],"replies":[{"embeddable":true,"href":"https:\/\/www.itakaescolapios.org\/ca\/wp-json\/wp\/v2\/comments?post=16421"}],"version-history":[{"count":5,"href":"https:\/\/www.itakaescolapios.org\/ca\/wp-json\/wp\/v2\/posts\/16421\/revisions"}],"predecessor-version":[{"id":48211,"href":"https:\/\/www.itakaescolapios.org\/ca\/wp-json\/wp\/v2\/posts\/16421\/revisions\/48211"}],"wp:featuredmedia":[{"embeddable":true,"href":"https:\/\/www.itakaescolapios.org\/ca\/wp-json\/wp\/v2\/media\/16425"}],"wp:attachment":[{"href":"https:\/\/www.itakaescolapios.org\/ca\/wp-json\/wp\/v2\/media?parent=16421"}],"wp:term":[{"taxonomy":"category","embeddable":true,"href":"https:\/\/www.itakaescolapios.org\/ca\/wp-json\/wp\/v2\/categories?post=16421"},{"taxonomy":"post_tag","embeddable":true,"href":"https:\/\/www.itakaescolapios.org\/ca\/wp-json\/wp\/v2\/tags?post=16421"}],"curies":[{"name":"wp","href":"https:\/\/api.w.org\/{rel}","templated":true}]}}