{"id":18123,"date":"2017-02-10T19:02:52","date_gmt":"2017-02-10T18:02:52","guid":{"rendered":"https:\/\/www.itakaescolapios.org\/?p=18123"},"modified":"2023-11-28T12:38:12","modified_gmt":"2023-11-28T11:38:12","slug":"portugues-itaka-gv-inicia-as-atividades-2017","status":"publish","type":"post","link":"https:\/\/www.itakaescolapios.org\/ca\/2017\/02\/portugues-itaka-gv-inicia-as-atividades-2017\/","title":{"rendered":""},"content":{"rendered":"<p><!--:pt--><\/p>\n<p style=\"text-align: justify\">Itaka Governador Valadares iniciou as atividades 2017 em ritmo de Capoeira, com o volunt\u00e1rio Wedson!<\/p>\n<p style=\"text-align: justify\">A Capoeira \u00e9 uma das atividades socioeducativas do Projeto Socializa\u00e7\u00e3o, que tem como objetivo contribuir para que crian\u00e7as e adolescentes tenham assegurados seus direitos \u00e0 prote\u00e7\u00e3o social b\u00e1sica.<\/p>\n<p style=\"text-align: justify\">Itaka GV, contribuindo na constru\u00e7\u00e3o de uma sociedade mais justa e fraterna,\u00a0mediante a educa\u00e7\u00e3o e evangeliza\u00e7\u00e3o, especialmente da inf\u00e2ncia e juventude mais vulner\u00e1vel.<\/p>\n<p><!--:--><\/p>\n","protected":false},"excerpt":{"rendered":"<p>Itaka Governador Valadares iniciou as atividades 2017 em ritmo de Capoeira, com o volunt\u00e1rio Wedson! A Capoeira \u00e9 uma das atividades socioeducativas do Projeto Socializa\u00e7\u00e3o, que tem como objetivo contribuir [&hellip;]<\/p>\n","protected":false},"author":11,"featured_media":18124,"comment_status":"closed","ping_status":"closed","sticky":false,"template":"","format":"standard","meta":{"_et_pb_use_builder":"","_et_pb_old_content":"","_et_gb_content_width":"","footnotes":""},"categories":[16],"tags":[],"class_list":["post-18123","post","type-post","status-publish","format-standard","has-post-thumbnail","hentry","category-governador-valadares"],"yoast_head":"<!-- This site is optimized with the Yoast SEO plugin v27.4 - https:\/\/yoast.com\/product\/yoast-seo-wordpress\/ -->\n<title>- Itaka-Escolapios<\/title>\n<meta name=\"description\" content=\"Itaka Governador Valadares iniciou as atividades 2017 em ritmo de Capoeira, com o volunt\u00e1rio Wedson! A Capoeira \u00e9 uma das atividades socioeducativas do Projeto Socializa\u00e7\u00e3o, que tem como objetivo contribuir para que crian\u00e7as e adolescentes tenham assegurados seus direitos \u00e0 prote\u00e7\u00e3o social b\u00e1sica. Itaka GV, contribuindo na constru\u00e7\u00e3o de uma sociedade mais justa e fraterna,\u00a0mediante&hellip;\" \/>\n<meta name=\"robots\" content=\"index, follow, max-snippet:-1, max-image-preview:large, max-video-preview:-1\" \/>\n<link rel=\"canonical\" href=\"http:\/\/Itaka%20Governador%20Valadares%20iniciou%20as%20atividades%202017%20em%20ritmo%20de%20Capoeira,%20com%20o%20volunt\u00e1rio%20Wedson!%20A%20Capoeira%20\u00e9%20uma%20das%20atividades%20socioeducativas%20do%20Projeto%20Socializa\u00e7\u00e3o,%20que%20tem%20como%20objetivo%20contribuir%20para%20que%20crian\u00e7as%20e%20adolescentes%20tenham%20assegurados%20seus%20direitos%20\u00e0%20prote\u00e7\u00e3o%20social%20b\u00e1sica.%20Itaka%20GV,%20contribuindo%20na%20constru\u00e7\u00e3o%20de%20uma%20sociedade%20mais%20justa%20e%20fraterna,\u00a0mediante&hellip;\" \/>\n<meta property=\"og:locale\" content=\"ca_ES\" \/>\n<meta property=\"og:type\" content=\"article\" \/>\n<meta property=\"og:title\" content=\"- Itaka-Escolapios\" \/>\n<meta property=\"og:description\" content=\"Itaka Governador Valadares iniciou as atividades 2017 em ritmo de Capoeira, com o volunt\u00e1rio Wedson! A Capoeira \u00e9 uma das atividades socioeducativas do Projeto Socializa\u00e7\u00e3o, que tem como objetivo contribuir para que crian\u00e7as e adolescentes tenham assegurados seus direitos \u00e0 prote\u00e7\u00e3o social b\u00e1sica. Itaka GV, contribuindo na constru\u00e7\u00e3o de uma sociedade mais justa e fraterna,\u00a0mediante&hellip;\" \/>\n<meta property=\"og:url\" content=\"https:\/\/www.itakaescolapios.org\/ca\/2017\/02\/portugues-itaka-gv-inicia-as-atividades-2017\/\" \/>\n<meta property=\"og:site_name\" content=\"Itaka-Escolapios\" \/>\n<meta property=\"article:published_time\" content=\"2017-02-10T18:02:52+00:00\" \/>\n<meta property=\"article:modified_time\" content=\"2023-11-28T11:38:12+00:00\" \/>\n<meta property=\"og:image\" content=\"https:\/\/www.itakaescolapios.org\/wp-content\/uploads\/2017\/02\/16425993_322291801500441_5225549259532462038_n.jpg\" \/>\n\t<meta property=\"og:image:width\" content=\"960\" \/>\n\t<meta property=\"og:image:height\" content=\"640\" \/>\n\t<meta property=\"og:image:type\" content=\"image\/jpeg\" \/>\n<meta name=\"author\" content=\"brasil03\" \/>\n<meta name=\"twitter:card\" content=\"summary_large_image\" \/>\n<meta name=\"twitter:label1\" content=\"Escrit per\" \/>\n\t<meta name=\"twitter:data1\" content=\"brasil03\" \/>\n<script type=\"application\/ld+json\" class=\"yoast-schema-graph\">{\"@context\":\"https:\\\/\\\/schema.org\",\"@graph\":[{\"@type\":\"Article\",\"@id\":\"https:\\\/\\\/www.itakaescolapios.org\\\/ca\\\/2017\\\/02\\\/portugues-itaka-gv-inicia-as-atividades-2017\\\/#article\",\"isPartOf\":{\"@id\":\"https:\\\/\\\/www.itakaescolapios.org\\\/ca\\\/2017\\\/02\\\/portugues-itaka-gv-inicia-as-atividades-2017\\\/\"},\"author\":{\"name\":\"brasil03\",\"@id\":\"https:\\\/\\\/www.itakaescolapios.org\\\/es\\\/#\\\/schema\\\/person\\\/9c761c62049293fc36e6c91e429de3d5\"},\"headline\":\"Sense t\u00edtol\",\"datePublished\":\"2017-02-10T18:02:52+00:00\",\"dateModified\":\"2023-11-28T11:38:12+00:00\",\"mainEntityOfPage\":{\"@id\":\"https:\\\/\\\/www.itakaescolapios.org\\\/ca\\\/2017\\\/02\\\/portugues-itaka-gv-inicia-as-atividades-2017\\\/\"},\"wordCount\":74,\"publisher\":{\"@id\":\"https:\\\/\\\/www.itakaescolapios.org\\\/es\\\/#organization\"},\"image\":{\"@id\":\"https:\\\/\\\/www.itakaescolapios.org\\\/ca\\\/2017\\\/02\\\/portugues-itaka-gv-inicia-as-atividades-2017\\\/#primaryimage\"},\"thumbnailUrl\":\"https:\\\/\\\/www.itakaescolapios.org\\\/wp-content\\\/uploads\\\/2017\\\/02\\\/16425993_322291801500441_5225549259532462038_n.jpg\",\"articleSection\":[\"Governador Valadares\"],\"inLanguage\":\"ca\"},{\"@type\":\"WebPage\",\"@id\":\"https:\\\/\\\/www.itakaescolapios.org\\\/ca\\\/2017\\\/02\\\/portugues-itaka-gv-inicia-as-atividades-2017\\\/\",\"url\":\"https:\\\/\\\/www.itakaescolapios.org\\\/ca\\\/2017\\\/02\\\/portugues-itaka-gv-inicia-as-atividades-2017\\\/\",\"name\":\"- Itaka-Escolapios\",\"isPartOf\":{\"@id\":\"https:\\\/\\\/www.itakaescolapios.org\\\/es\\\/#website\"},\"primaryImageOfPage\":{\"@id\":\"https:\\\/\\\/www.itakaescolapios.org\\\/ca\\\/2017\\\/02\\\/portugues-itaka-gv-inicia-as-atividades-2017\\\/#primaryimage\"},\"image\":{\"@id\":\"https:\\\/\\\/www.itakaescolapios.org\\\/ca\\\/2017\\\/02\\\/portugues-itaka-gv-inicia-as-atividades-2017\\\/#primaryimage\"},\"thumbnailUrl\":\"https:\\\/\\\/www.itakaescolapios.org\\\/wp-content\\\/uploads\\\/2017\\\/02\\\/16425993_322291801500441_5225549259532462038_n.jpg\",\"datePublished\":\"2017-02-10T18:02:52+00:00\",\"dateModified\":\"2023-11-28T11:38:12+00:00\",\"inLanguage\":\"ca\",\"potentialAction\":[{\"@type\":\"ReadAction\",\"target\":[\"https:\\\/\\\/www.itakaescolapios.org\\\/ca\\\/2017\\\/02\\\/portugues-itaka-gv-inicia-as-atividades-2017\\\/\"]}]},{\"@type\":\"ImageObject\",\"inLanguage\":\"ca\",\"@id\":\"https:\\\/\\\/www.itakaescolapios.org\\\/ca\\\/2017\\\/02\\\/portugues-itaka-gv-inicia-as-atividades-2017\\\/#primaryimage\",\"url\":\"https:\\\/\\\/www.itakaescolapios.org\\\/wp-content\\\/uploads\\\/2017\\\/02\\\/16425993_322291801500441_5225549259532462038_n.jpg\",\"contentUrl\":\"https:\\\/\\\/www.itakaescolapios.org\\\/wp-content\\\/uploads\\\/2017\\\/02\\\/16425993_322291801500441_5225549259532462038_n.jpg\",\"width\":960,\"height\":640},{\"@type\":\"WebSite\",\"@id\":\"https:\\\/\\\/www.itakaescolapios.org\\\/ca\\\/es\\\/#website\",\"url\":\"https:\\\/\\\/www.itakaescolapios.org\\\/ca\\\/es\\\/\",\"name\":\"Itaka-Escolapios\",\"description\":\"Red de Itaka-Escolapios\",\"publisher\":{\"@id\":\"https:\\\/\\\/www.itakaescolapios.org\\\/ca\\\/es\\\/#organization\"},\"potentialAction\":[{\"@type\":\"SearchAction\",\"target\":{\"@type\":\"EntryPoint\",\"urlTemplate\":\"https:\\\/\\\/www.itakaescolapios.org\\\/ca\\\/es\\\/?s={search_term_string}\"},\"query-input\":{\"@type\":\"PropertyValueSpecification\",\"valueRequired\":true,\"valueName\":\"search_term_string\"}}],\"inLanguage\":\"ca\"},{\"@type\":\"Organization\",\"@id\":\"https:\\\/\\\/www.itakaescolapios.org\\\/ca\\\/es\\\/#organization\",\"name\":\"Fundaci\u00f3 Itaka-Escolapios\",\"url\":\"https:\\\/\\\/www.itakaescolapios.org\\\/ca\\\/es\\\/\",\"logo\":{\"@type\":\"ImageObject\",\"inLanguage\":\"ca\",\"@id\":\"https:\\\/\\\/www.itakaescolapios.org\\\/ca\\\/es\\\/#\\\/schema\\\/logo\\\/image\\\/\",\"url\":\"https:\\\/\\\/www.itakaescolapios.org\\\/wp-content\\\/uploads\\\/2024\\\/04\\\/Logo-itakaescolapios-peque.png\",\"contentUrl\":\"https:\\\/\\\/www.itakaescolapios.org\\\/wp-content\\\/uploads\\\/2024\\\/04\\\/Logo-itakaescolapios-peque.png\",\"width\":500,\"height\":199,\"caption\":\"Fundaci\u00f3 Itaka-Escolapios\"},\"image\":{\"@id\":\"https:\\\/\\\/www.itakaescolapios.org\\\/ca\\\/es\\\/#\\\/schema\\\/logo\\\/image\\\/\"}},{\"@type\":\"Person\",\"@id\":\"https:\\\/\\\/www.itakaescolapios.org\\\/es\\\/#\\\/schema\\\/person\\\/9c761c62049293fc36e6c91e429de3d5\",\"name\":\"brasil03\",\"url\":\"https:\\\/\\\/www.itakaescolapios.org\\\/ca\\\/author\\\/brasil03\\\/\"}]}<\/script>\n<!-- \/ Yoast SEO plugin. -->","yoast_head_json":{"title":"- Itaka-Escolapios","description":"Itaka Governador Valadares iniciou as atividades 2017 em ritmo de Capoeira, com o volunt\u00e1rio Wedson! A Capoeira \u00e9 uma das atividades socioeducativas do Projeto Socializa\u00e7\u00e3o, que tem como objetivo contribuir para que crian\u00e7as e adolescentes tenham assegurados seus direitos \u00e0 prote\u00e7\u00e3o social b\u00e1sica. Itaka GV, contribuindo na constru\u00e7\u00e3o de uma sociedade mais justa e fraterna,\u00a0mediante&hellip;","robots":{"index":"index","follow":"follow","max-snippet":"max-snippet:-1","max-image-preview":"max-image-preview:large","max-video-preview":"max-video-preview:-1"},"canonical":"Itaka Governador Valadares iniciou as atividades 2017 em ritmo de Capoeira, com o volunt\u00e1rio Wedson! A Capoeira \u00e9 uma das atividades socioeducativas do Projeto Socializa\u00e7\u00e3o, que tem como objetivo contribuir para que crian\u00e7as e adolescentes tenham assegurados seus direitos \u00e0 prote\u00e7\u00e3o social b\u00e1sica. Itaka GV, contribuindo na constru\u00e7\u00e3o de uma sociedade mais justa e fraterna,\u00a0mediante&hellip;","og_locale":"ca_ES","og_type":"article","og_title":"- Itaka-Escolapios","og_description":"Itaka Governador Valadares iniciou as atividades 2017 em ritmo de Capoeira, com o volunt\u00e1rio Wedson! A Capoeira \u00e9 uma das atividades socioeducativas do Projeto Socializa\u00e7\u00e3o, que tem como objetivo contribuir para que crian\u00e7as e adolescentes tenham assegurados seus direitos \u00e0 prote\u00e7\u00e3o social b\u00e1sica. Itaka GV, contribuindo na constru\u00e7\u00e3o de uma sociedade mais justa e fraterna,\u00a0mediante&hellip;","og_url":"https:\/\/www.itakaescolapios.org\/ca\/2017\/02\/portugues-itaka-gv-inicia-as-atividades-2017\/","og_site_name":"Itaka-Escolapios","article_published_time":"2017-02-10T18:02:52+00:00","article_modified_time":"2023-11-28T11:38:12+00:00","og_image":[{"width":960,"height":640,"url":"https:\/\/www.itakaescolapios.org\/wp-content\/uploads\/2017\/02\/16425993_322291801500441_5225549259532462038_n.jpg","type":"image\/jpeg"}],"author":"brasil03","twitter_card":"summary_large_image","twitter_misc":{"Escrit per":"brasil03"},"schema":{"@context":"https:\/\/schema.org","@graph":[{"@type":"Article","@id":"https:\/\/www.itakaescolapios.org\/ca\/2017\/02\/portugues-itaka-gv-inicia-as-atividades-2017\/#article","isPartOf":{"@id":"https:\/\/www.itakaescolapios.org\/ca\/2017\/02\/portugues-itaka-gv-inicia-as-atividades-2017\/"},"author":{"name":"brasil03","@id":"https:\/\/www.itakaescolapios.org\/es\/#\/schema\/person\/9c761c62049293fc36e6c91e429de3d5"},"headline":"Sense t\u00edtol","datePublished":"2017-02-10T18:02:52+00:00","dateModified":"2023-11-28T11:38:12+00:00","mainEntityOfPage":{"@id":"https:\/\/www.itakaescolapios.org\/ca\/2017\/02\/portugues-itaka-gv-inicia-as-atividades-2017\/"},"wordCount":74,"publisher":{"@id":"https:\/\/www.itakaescolapios.org\/es\/#organization"},"image":{"@id":"https:\/\/www.itakaescolapios.org\/ca\/2017\/02\/portugues-itaka-gv-inicia-as-atividades-2017\/#primaryimage"},"thumbnailUrl":"https:\/\/www.itakaescolapios.org\/wp-content\/uploads\/2017\/02\/16425993_322291801500441_5225549259532462038_n.jpg","articleSection":["Governador Valadares"],"inLanguage":"ca"},{"@type":"WebPage","@id":"https:\/\/www.itakaescolapios.org\/ca\/2017\/02\/portugues-itaka-gv-inicia-as-atividades-2017\/","url":"https:\/\/www.itakaescolapios.org\/ca\/2017\/02\/portugues-itaka-gv-inicia-as-atividades-2017\/","name":"- Itaka-Escolapios","isPartOf":{"@id":"https:\/\/www.itakaescolapios.org\/es\/#website"},"primaryImageOfPage":{"@id":"https:\/\/www.itakaescolapios.org\/ca\/2017\/02\/portugues-itaka-gv-inicia-as-atividades-2017\/#primaryimage"},"image":{"@id":"https:\/\/www.itakaescolapios.org\/ca\/2017\/02\/portugues-itaka-gv-inicia-as-atividades-2017\/#primaryimage"},"thumbnailUrl":"https:\/\/www.itakaescolapios.org\/wp-content\/uploads\/2017\/02\/16425993_322291801500441_5225549259532462038_n.jpg","datePublished":"2017-02-10T18:02:52+00:00","dateModified":"2023-11-28T11:38:12+00:00","inLanguage":"ca","potentialAction":[{"@type":"ReadAction","target":["https:\/\/www.itakaescolapios.org\/ca\/2017\/02\/portugues-itaka-gv-inicia-as-atividades-2017\/"]}]},{"@type":"ImageObject","inLanguage":"ca","@id":"https:\/\/www.itakaescolapios.org\/ca\/2017\/02\/portugues-itaka-gv-inicia-as-atividades-2017\/#primaryimage","url":"https:\/\/www.itakaescolapios.org\/wp-content\/uploads\/2017\/02\/16425993_322291801500441_5225549259532462038_n.jpg","contentUrl":"https:\/\/www.itakaescolapios.org\/wp-content\/uploads\/2017\/02\/16425993_322291801500441_5225549259532462038_n.jpg","width":960,"height":640},{"@type":"WebSite","@id":"https:\/\/www.itakaescolapios.org\/ca\/es\/#website","url":"https:\/\/www.itakaescolapios.org\/ca\/es\/","name":"Itaka-Escolapios","description":"Red de Itaka-Escolapios","publisher":{"@id":"https:\/\/www.itakaescolapios.org\/ca\/es\/#organization"},"potentialAction":[{"@type":"SearchAction","target":{"@type":"EntryPoint","urlTemplate":"https:\/\/www.itakaescolapios.org\/ca\/es\/?s={search_term_string}"},"query-input":{"@type":"PropertyValueSpecification","valueRequired":true,"valueName":"search_term_string"}}],"inLanguage":"ca"},{"@type":"Organization","@id":"https:\/\/www.itakaescolapios.org\/ca\/es\/#organization","name":"Fundaci\u00f3 Itaka-Escolapios","url":"https:\/\/www.itakaescolapios.org\/ca\/es\/","logo":{"@type":"ImageObject","inLanguage":"ca","@id":"https:\/\/www.itakaescolapios.org\/ca\/es\/#\/schema\/logo\/image\/","url":"https:\/\/www.itakaescolapios.org\/wp-content\/uploads\/2024\/04\/Logo-itakaescolapios-peque.png","contentUrl":"https:\/\/www.itakaescolapios.org\/wp-content\/uploads\/2024\/04\/Logo-itakaescolapios-peque.png","width":500,"height":199,"caption":"Fundaci\u00f3 Itaka-Escolapios"},"image":{"@id":"https:\/\/www.itakaescolapios.org\/ca\/es\/#\/schema\/logo\/image\/"}},{"@type":"Person","@id":"https:\/\/www.itakaescolapios.org\/es\/#\/schema\/person\/9c761c62049293fc36e6c91e429de3d5","name":"brasil03","url":"https:\/\/www.itakaescolapios.org\/ca\/author\/brasil03\/"}]}},"_links":{"self":[{"href":"https:\/\/www.itakaescolapios.org\/ca\/wp-json\/wp\/v2\/posts\/18123","targetHints":{"allow":["GET"]}}],"collection":[{"href":"https:\/\/www.itakaescolapios.org\/ca\/wp-json\/wp\/v2\/posts"}],"about":[{"href":"https:\/\/www.itakaescolapios.org\/ca\/wp-json\/wp\/v2\/types\/post"}],"author":[{"embeddable":true,"href":"https:\/\/www.itakaescolapios.org\/ca\/wp-json\/wp\/v2\/users\/11"}],"replies":[{"embeddable":true,"href":"https:\/\/www.itakaescolapios.org\/ca\/wp-json\/wp\/v2\/comments?post=18123"}],"version-history":[{"count":5,"href":"https:\/\/www.itakaescolapios.org\/ca\/wp-json\/wp\/v2\/posts\/18123\/revisions"}],"predecessor-version":[{"id":47946,"href":"https:\/\/www.itakaescolapios.org\/ca\/wp-json\/wp\/v2\/posts\/18123\/revisions\/47946"}],"wp:featuredmedia":[{"embeddable":true,"href":"https:\/\/www.itakaescolapios.org\/ca\/wp-json\/wp\/v2\/media\/18124"}],"wp:attachment":[{"href":"https:\/\/www.itakaescolapios.org\/ca\/wp-json\/wp\/v2\/media?parent=18123"}],"wp:term":[{"taxonomy":"category","embeddable":true,"href":"https:\/\/www.itakaescolapios.org\/ca\/wp-json\/wp\/v2\/categories?post=18123"},{"taxonomy":"post_tag","embeddable":true,"href":"https:\/\/www.itakaescolapios.org\/ca\/wp-json\/wp\/v2\/tags?post=18123"}],"curies":[{"name":"wp","href":"https:\/\/api.w.org\/{rel}","templated":true}]}}