{"id":18786,"date":"2017-04-04T16:03:54","date_gmt":"2017-04-04T15:03:54","guid":{"rendered":"https:\/\/www.itakaescolapios.org\/?p=18786"},"modified":"2023-11-28T12:38:07","modified_gmt":"2023-11-28T11:38:07","slug":"encuentro-voluntarios-ves-de-madrid","status":"publish","type":"post","link":"https:\/\/www.itakaescolapios.org\/ca\/2017\/04\/encuentro-voluntarios-ves-de-madrid\/","title":{"rendered":"ENCUENTRO VOLUNTARIOS VES DE MADRID"},"content":{"rendered":"<p>Este fin de semana los voluntarios del VES de Madrid nos hemos juntado para compartir el \u00faltimo encuentro formativo del a\u00f1o.<\/p>\n<p>Cercedilla nos recibi\u00f3 con un bonito sol aunque con algo de fr\u00edo. Es un regalo magn\u00edfico poder encontrarnos, y hacerlo en este lugar siempre a\u00f1ade un plus. Despu\u00e9s de un caf\u00e9 y pastas comenzamos con una oraci\u00f3n que nos sirvi\u00f3 para encauzar el trabajo que desarrollamos despu\u00e9s. Comenzamos desde lo m\u00e1s global para poco a poco acabar buceando en nosotros mismos.<\/p>\n<p>Durante el resto de la ma\u00f1ana fuimos abriendo nuestra mirada hacia diferentes realidades de conflictos armados que hay actualmente, analizando factores que los han motivado, quienes son las v\u00edctimas, posibles soluciones\u2026etc. Por la tarde Yolanda y Andrea, del grupo de bullying de la campa\u00f1a <b><span style=\"text-decoration: underline\">noviolencia2018,<\/span><\/b> nos dieron un taller de introducci\u00f3n a un modelo de intervenci\u00f3n para afrontar conflictos en el \u00e1mbito escolar desde las herramientas que nos pueden aportar la noviolencia y el teatro de la Escucha. Fue muy interesante y totalmente pr\u00e1ctico.<\/p>\n<p>Despu\u00e9s de la cena vimos la pel\u00edcula \u201cDiarios de la calle\u201d. Esta pel\u00edcula est\u00e1 inspirada en una historia real, la de la profesora de un instituto, Erin Gruwell (Hilary Swank) y sus alumnos, provenientes de un entono marcado por la violencia de las bandas. Despu\u00e9s hicimos un peque\u00f1o videoforum en el que analizamos varios aspectos mostrados en la pel\u00edcula.<\/p>\n<p>El domingo la formaci\u00f3n tom\u00f3 un cariz mucho m\u00e1s introspectivo. Tocaba mirar hacia dentro, hacia nuestras motivaciones, c\u00f3mo nos relacionamos con nuestra familia, amigos, pareja, c\u00f3mo lo hacemos hacia el mundo, hacia los empobrecidos, con que dificultades nos encontramos y c\u00f3mo podemos superarlas.<\/p>\n<p>Despu\u00e9s de todo el fin de semana, el poso que queda es de mucho agradecimiento por todo lo vivido y compartido y sobre todo muchas ganas de seguir haciendo camino siempre al servicio, especialmente de los m\u00e1s peque\u00f1os.<\/p>\n<p>En nuestro <a href=\"https:\/\/www.facebook.com\/pg\/ItakaBetania\/photos\/?tab=album&amp;album_id=1406693612753989\">Facebook<\/a> podr\u00e9is ver todas las fotos del encuentro.<\/p>\n","protected":false},"excerpt":{"rendered":"<p>Este fin de semana los voluntarios del VES de Madrid nos hemos juntado para compartir el \u00faltimo encuentro formativo del a\u00f1o. Cercedilla nos recibi\u00f3 con un bonito sol aunque con [&hellip;]<\/p>\n","protected":false},"author":48,"featured_media":18788,"comment_status":"closed","ping_status":"closed","sticky":false,"template":"","format":"standard","meta":{"_et_pb_use_builder":"","_et_pb_old_content":"","_et_gb_content_width":"","footnotes":""},"categories":[146],"tags":[],"class_list":["post-18786","post","type-post","status-publish","format-standard","has-post-thumbnail","hentry","category-madrid"],"yoast_head":"<!-- This site is optimized with the Yoast SEO plugin v27.4 - https:\/\/yoast.com\/product\/yoast-seo-wordpress\/ -->\n<title>ENCUENTRO VOLUNTARIOS VES DE MADRID<\/title>\n<meta name=\"description\" content=\"Este fin de semana los voluntarios del VES de Madrid nos hemos juntado para compartir el \u00faltimo encuentro formativo del a\u00f1o. Cercedilla nos recibi\u00f3 con un bonito sol aunque con algo de fr\u00edo. Es un regalo magn\u00edfico poder encontrarnos, y hacerlo en este lugar siempre a\u00f1ade un plus. Despu\u00e9s de un caf\u00e9 y pastas comenzamos&hellip;\" \/>\n<meta name=\"robots\" content=\"index, follow, max-snippet:-1, max-image-preview:large, max-video-preview:-1\" \/>\n<link rel=\"canonical\" href=\"http:\/\/Este%20fin%20de%20semana%20los%20voluntarios%20del%20VES%20de%20Madrid%20nos%20hemos%20juntado%20para%20compartir%20el%20\u00faltimo%20encuentro%20formativo%20del%20a\u00f1o.%20Cercedilla%20nos%20recibi\u00f3%20con%20un%20bonito%20sol%20aunque%20con%20algo%20de%20fr\u00edo.%20Es%20un%20regalo%20magn\u00edfico%20poder%20encontrarnos,%20y%20hacerlo%20en%20este%20lugar%20siempre%20a\u00f1ade%20un%20plus.%20Despu\u00e9s%20de%20un%20caf\u00e9%20y%20pastas%20comenzamos&hellip;\" \/>\n<meta property=\"og:locale\" content=\"ca_ES\" \/>\n<meta property=\"og:type\" content=\"article\" \/>\n<meta property=\"og:title\" content=\"ENCUENTRO VOLUNTARIOS VES DE MADRID\" \/>\n<meta property=\"og:description\" content=\"Este fin de semana los voluntarios del VES de Madrid nos hemos juntado para compartir el \u00faltimo encuentro formativo del a\u00f1o. Cercedilla nos recibi\u00f3 con un bonito sol aunque con algo de fr\u00edo. Es un regalo magn\u00edfico poder encontrarnos, y hacerlo en este lugar siempre a\u00f1ade un plus. Despu\u00e9s de un caf\u00e9 y pastas comenzamos&hellip;\" \/>\n<meta property=\"og:url\" content=\"https:\/\/www.itakaescolapios.org\/ca\/2017\/04\/encuentro-voluntarios-ves-de-madrid\/\" \/>\n<meta property=\"og:site_name\" content=\"Itaka-Escolapios\" \/>\n<meta property=\"article:published_time\" content=\"2017-04-04T15:03:54+00:00\" \/>\n<meta property=\"article:modified_time\" content=\"2023-11-28T11:38:07+00:00\" \/>\n<meta property=\"og:image\" content=\"https:\/\/www.itakaescolapios.org\/wp-content\/uploads\/2017\/04\/IMG_20170402_151952-e1491316390946.jpg\" \/>\n\t<meta property=\"og:image:width\" content=\"2000\" \/>\n\t<meta property=\"og:image:height\" content=\"1500\" \/>\n\t<meta property=\"og:image:type\" content=\"image\/jpeg\" \/>\n<meta name=\"author\" content=\"madrid01\" \/>\n<meta name=\"twitter:card\" content=\"summary_large_image\" \/>\n<meta name=\"twitter:label1\" content=\"Escrit per\" \/>\n\t<meta name=\"twitter:data1\" content=\"madrid01\" \/>\n\t<meta name=\"twitter:label2\" content=\"Temps estimat de lectura\" \/>\n\t<meta name=\"twitter:data2\" content=\"2 minuts\" \/>\n<script type=\"application\/ld+json\" class=\"yoast-schema-graph\">{\"@context\":\"https:\\\/\\\/schema.org\",\"@graph\":[{\"@type\":\"Article\",\"@id\":\"https:\\\/\\\/www.itakaescolapios.org\\\/ca\\\/2017\\\/04\\\/encuentro-voluntarios-ves-de-madrid\\\/#article\",\"isPartOf\":{\"@id\":\"https:\\\/\\\/www.itakaescolapios.org\\\/ca\\\/2017\\\/04\\\/encuentro-voluntarios-ves-de-madrid\\\/\"},\"author\":{\"name\":\"madrid01\",\"@id\":\"https:\\\/\\\/www.itakaescolapios.org\\\/es\\\/#\\\/schema\\\/person\\\/bcd60d18d9795d0e978153a567a2edcb\"},\"headline\":\"ENCUENTRO VOLUNTARIOS VES DE MADRID\",\"datePublished\":\"2017-04-04T15:03:54+00:00\",\"dateModified\":\"2023-11-28T11:38:07+00:00\",\"mainEntityOfPage\":{\"@id\":\"https:\\\/\\\/www.itakaescolapios.org\\\/ca\\\/2017\\\/04\\\/encuentro-voluntarios-ves-de-madrid\\\/\"},\"wordCount\":351,\"publisher\":{\"@id\":\"https:\\\/\\\/www.itakaescolapios.org\\\/es\\\/#organization\"},\"image\":{\"@id\":\"https:\\\/\\\/www.itakaescolapios.org\\\/ca\\\/2017\\\/04\\\/encuentro-voluntarios-ves-de-madrid\\\/#primaryimage\"},\"thumbnailUrl\":\"https:\\\/\\\/www.itakaescolapios.org\\\/wp-content\\\/uploads\\\/2017\\\/04\\\/IMG_20170402_151952-e1491316390946.jpg\",\"articleSection\":[\"Madrid\"],\"inLanguage\":\"ca\"},{\"@type\":\"WebPage\",\"@id\":\"https:\\\/\\\/www.itakaescolapios.org\\\/ca\\\/2017\\\/04\\\/encuentro-voluntarios-ves-de-madrid\\\/\",\"url\":\"https:\\\/\\\/www.itakaescolapios.org\\\/ca\\\/2017\\\/04\\\/encuentro-voluntarios-ves-de-madrid\\\/\",\"name\":\"ENCUENTRO VOLUNTARIOS VES DE MADRID - Itaka-Escolapios\",\"isPartOf\":{\"@id\":\"https:\\\/\\\/www.itakaescolapios.org\\\/es\\\/#website\"},\"primaryImageOfPage\":{\"@id\":\"https:\\\/\\\/www.itakaescolapios.org\\\/ca\\\/2017\\\/04\\\/encuentro-voluntarios-ves-de-madrid\\\/#primaryimage\"},\"image\":{\"@id\":\"https:\\\/\\\/www.itakaescolapios.org\\\/ca\\\/2017\\\/04\\\/encuentro-voluntarios-ves-de-madrid\\\/#primaryimage\"},\"thumbnailUrl\":\"https:\\\/\\\/www.itakaescolapios.org\\\/wp-content\\\/uploads\\\/2017\\\/04\\\/IMG_20170402_151952-e1491316390946.jpg\",\"datePublished\":\"2017-04-04T15:03:54+00:00\",\"dateModified\":\"2023-11-28T11:38:07+00:00\",\"breadcrumb\":{\"@id\":\"https:\\\/\\\/www.itakaescolapios.org\\\/ca\\\/2017\\\/04\\\/encuentro-voluntarios-ves-de-madrid\\\/#breadcrumb\"},\"inLanguage\":\"ca\",\"potentialAction\":[{\"@type\":\"ReadAction\",\"target\":[\"https:\\\/\\\/www.itakaescolapios.org\\\/ca\\\/2017\\\/04\\\/encuentro-voluntarios-ves-de-madrid\\\/\"]}]},{\"@type\":\"ImageObject\",\"inLanguage\":\"ca\",\"@id\":\"https:\\\/\\\/www.itakaescolapios.org\\\/ca\\\/2017\\\/04\\\/encuentro-voluntarios-ves-de-madrid\\\/#primaryimage\",\"url\":\"https:\\\/\\\/www.itakaescolapios.org\\\/wp-content\\\/uploads\\\/2017\\\/04\\\/IMG_20170402_151952-e1491316390946.jpg\",\"contentUrl\":\"https:\\\/\\\/www.itakaescolapios.org\\\/wp-content\\\/uploads\\\/2017\\\/04\\\/IMG_20170402_151952-e1491316390946.jpg\",\"width\":2000,\"height\":1500},{\"@type\":\"BreadcrumbList\",\"@id\":\"https:\\\/\\\/www.itakaescolapios.org\\\/ca\\\/2017\\\/04\\\/encuentro-voluntarios-ves-de-madrid\\\/#breadcrumb\",\"itemListElement\":[{\"@type\":\"ListItem\",\"position\":1,\"name\":\"Itaka-Escolapios\",\"item\":\"https:\\\/\\\/www.itakaescolapios.org\\\/es\\\/\"},{\"@type\":\"ListItem\",\"position\":2,\"name\":\"ENCUENTRO VOLUNTARIOS VES DE MADRID\"}]},{\"@type\":\"WebSite\",\"@id\":\"https:\\\/\\\/www.itakaescolapios.org\\\/ca\\\/es\\\/#website\",\"url\":\"https:\\\/\\\/www.itakaescolapios.org\\\/ca\\\/es\\\/\",\"name\":\"Itaka-Escolapios\",\"description\":\"Red de Itaka-Escolapios\",\"publisher\":{\"@id\":\"https:\\\/\\\/www.itakaescolapios.org\\\/ca\\\/es\\\/#organization\"},\"potentialAction\":[{\"@type\":\"SearchAction\",\"target\":{\"@type\":\"EntryPoint\",\"urlTemplate\":\"https:\\\/\\\/www.itakaescolapios.org\\\/ca\\\/es\\\/?s={search_term_string}\"},\"query-input\":{\"@type\":\"PropertyValueSpecification\",\"valueRequired\":true,\"valueName\":\"search_term_string\"}}],\"inLanguage\":\"ca\"},{\"@type\":\"Organization\",\"@id\":\"https:\\\/\\\/www.itakaescolapios.org\\\/ca\\\/es\\\/#organization\",\"name\":\"Fundaci\u00f3 Itaka-Escolapios\",\"url\":\"https:\\\/\\\/www.itakaescolapios.org\\\/ca\\\/es\\\/\",\"logo\":{\"@type\":\"ImageObject\",\"inLanguage\":\"ca\",\"@id\":\"https:\\\/\\\/www.itakaescolapios.org\\\/ca\\\/es\\\/#\\\/schema\\\/logo\\\/image\\\/\",\"url\":\"https:\\\/\\\/www.itakaescolapios.org\\\/wp-content\\\/uploads\\\/2024\\\/04\\\/Logo-itakaescolapios-peque.png\",\"contentUrl\":\"https:\\\/\\\/www.itakaescolapios.org\\\/wp-content\\\/uploads\\\/2024\\\/04\\\/Logo-itakaescolapios-peque.png\",\"width\":500,\"height\":199,\"caption\":\"Fundaci\u00f3 Itaka-Escolapios\"},\"image\":{\"@id\":\"https:\\\/\\\/www.itakaescolapios.org\\\/ca\\\/es\\\/#\\\/schema\\\/logo\\\/image\\\/\"}},{\"@type\":\"Person\",\"@id\":\"https:\\\/\\\/www.itakaescolapios.org\\\/es\\\/#\\\/schema\\\/person\\\/bcd60d18d9795d0e978153a567a2edcb\",\"name\":\"madrid01\",\"url\":\"https:\\\/\\\/www.itakaescolapios.org\\\/ca\\\/author\\\/madrid01\\\/\"}]}<\/script>\n<!-- \/ Yoast SEO plugin. -->","yoast_head_json":{"title":"ENCUENTRO VOLUNTARIOS VES DE MADRID","description":"Este fin de semana los voluntarios del VES de Madrid nos hemos juntado para compartir el \u00faltimo encuentro formativo del a\u00f1o. Cercedilla nos recibi\u00f3 con un bonito sol aunque con algo de fr\u00edo. Es un regalo magn\u00edfico poder encontrarnos, y hacerlo en este lugar siempre a\u00f1ade un plus. Despu\u00e9s de un caf\u00e9 y pastas comenzamos&hellip;","robots":{"index":"index","follow":"follow","max-snippet":"max-snippet:-1","max-image-preview":"max-image-preview:large","max-video-preview":"max-video-preview:-1"},"canonical":"Este fin de semana los voluntarios del VES de Madrid nos hemos juntado para compartir el \u00faltimo encuentro formativo del a\u00f1o. Cercedilla nos recibi\u00f3 con un bonito sol aunque con algo de fr\u00edo. Es un regalo magn\u00edfico poder encontrarnos, y hacerlo en este lugar siempre a\u00f1ade un plus. Despu\u00e9s de un caf\u00e9 y pastas comenzamos&hellip;","og_locale":"ca_ES","og_type":"article","og_title":"ENCUENTRO VOLUNTARIOS VES DE MADRID","og_description":"Este fin de semana los voluntarios del VES de Madrid nos hemos juntado para compartir el \u00faltimo encuentro formativo del a\u00f1o. Cercedilla nos recibi\u00f3 con un bonito sol aunque con algo de fr\u00edo. Es un regalo magn\u00edfico poder encontrarnos, y hacerlo en este lugar siempre a\u00f1ade un plus. Despu\u00e9s de un caf\u00e9 y pastas comenzamos&hellip;","og_url":"https:\/\/www.itakaescolapios.org\/ca\/2017\/04\/encuentro-voluntarios-ves-de-madrid\/","og_site_name":"Itaka-Escolapios","article_published_time":"2017-04-04T15:03:54+00:00","article_modified_time":"2023-11-28T11:38:07+00:00","og_image":[{"width":2000,"height":1500,"url":"https:\/\/www.itakaescolapios.org\/wp-content\/uploads\/2017\/04\/IMG_20170402_151952-e1491316390946.jpg","type":"image\/jpeg"}],"author":"madrid01","twitter_card":"summary_large_image","twitter_misc":{"Escrit per":"madrid01","Temps estimat de lectura":"2 minuts"},"schema":{"@context":"https:\/\/schema.org","@graph":[{"@type":"Article","@id":"https:\/\/www.itakaescolapios.org\/ca\/2017\/04\/encuentro-voluntarios-ves-de-madrid\/#article","isPartOf":{"@id":"https:\/\/www.itakaescolapios.org\/ca\/2017\/04\/encuentro-voluntarios-ves-de-madrid\/"},"author":{"name":"madrid01","@id":"https:\/\/www.itakaescolapios.org\/es\/#\/schema\/person\/bcd60d18d9795d0e978153a567a2edcb"},"headline":"ENCUENTRO VOLUNTARIOS VES DE MADRID","datePublished":"2017-04-04T15:03:54+00:00","dateModified":"2023-11-28T11:38:07+00:00","mainEntityOfPage":{"@id":"https:\/\/www.itakaescolapios.org\/ca\/2017\/04\/encuentro-voluntarios-ves-de-madrid\/"},"wordCount":351,"publisher":{"@id":"https:\/\/www.itakaescolapios.org\/es\/#organization"},"image":{"@id":"https:\/\/www.itakaescolapios.org\/ca\/2017\/04\/encuentro-voluntarios-ves-de-madrid\/#primaryimage"},"thumbnailUrl":"https:\/\/www.itakaescolapios.org\/wp-content\/uploads\/2017\/04\/IMG_20170402_151952-e1491316390946.jpg","articleSection":["Madrid"],"inLanguage":"ca"},{"@type":"WebPage","@id":"https:\/\/www.itakaescolapios.org\/ca\/2017\/04\/encuentro-voluntarios-ves-de-madrid\/","url":"https:\/\/www.itakaescolapios.org\/ca\/2017\/04\/encuentro-voluntarios-ves-de-madrid\/","name":"ENCUENTRO VOLUNTARIOS VES DE MADRID - Itaka-Escolapios","isPartOf":{"@id":"https:\/\/www.itakaescolapios.org\/es\/#website"},"primaryImageOfPage":{"@id":"https:\/\/www.itakaescolapios.org\/ca\/2017\/04\/encuentro-voluntarios-ves-de-madrid\/#primaryimage"},"image":{"@id":"https:\/\/www.itakaescolapios.org\/ca\/2017\/04\/encuentro-voluntarios-ves-de-madrid\/#primaryimage"},"thumbnailUrl":"https:\/\/www.itakaescolapios.org\/wp-content\/uploads\/2017\/04\/IMG_20170402_151952-e1491316390946.jpg","datePublished":"2017-04-04T15:03:54+00:00","dateModified":"2023-11-28T11:38:07+00:00","breadcrumb":{"@id":"https:\/\/www.itakaescolapios.org\/ca\/2017\/04\/encuentro-voluntarios-ves-de-madrid\/#breadcrumb"},"inLanguage":"ca","potentialAction":[{"@type":"ReadAction","target":["https:\/\/www.itakaescolapios.org\/ca\/2017\/04\/encuentro-voluntarios-ves-de-madrid\/"]}]},{"@type":"ImageObject","inLanguage":"ca","@id":"https:\/\/www.itakaescolapios.org\/ca\/2017\/04\/encuentro-voluntarios-ves-de-madrid\/#primaryimage","url":"https:\/\/www.itakaescolapios.org\/wp-content\/uploads\/2017\/04\/IMG_20170402_151952-e1491316390946.jpg","contentUrl":"https:\/\/www.itakaescolapios.org\/wp-content\/uploads\/2017\/04\/IMG_20170402_151952-e1491316390946.jpg","width":2000,"height":1500},{"@type":"BreadcrumbList","@id":"https:\/\/www.itakaescolapios.org\/ca\/2017\/04\/encuentro-voluntarios-ves-de-madrid\/#breadcrumb","itemListElement":[{"@type":"ListItem","position":1,"name":"Itaka-Escolapios","item":"https:\/\/www.itakaescolapios.org\/es\/"},{"@type":"ListItem","position":2,"name":"ENCUENTRO VOLUNTARIOS VES DE MADRID"}]},{"@type":"WebSite","@id":"https:\/\/www.itakaescolapios.org\/ca\/es\/#website","url":"https:\/\/www.itakaescolapios.org\/ca\/es\/","name":"Itaka-Escolapios","description":"Red de Itaka-Escolapios","publisher":{"@id":"https:\/\/www.itakaescolapios.org\/ca\/es\/#organization"},"potentialAction":[{"@type":"SearchAction","target":{"@type":"EntryPoint","urlTemplate":"https:\/\/www.itakaescolapios.org\/ca\/es\/?s={search_term_string}"},"query-input":{"@type":"PropertyValueSpecification","valueRequired":true,"valueName":"search_term_string"}}],"inLanguage":"ca"},{"@type":"Organization","@id":"https:\/\/www.itakaescolapios.org\/ca\/es\/#organization","name":"Fundaci\u00f3 Itaka-Escolapios","url":"https:\/\/www.itakaescolapios.org\/ca\/es\/","logo":{"@type":"ImageObject","inLanguage":"ca","@id":"https:\/\/www.itakaescolapios.org\/ca\/es\/#\/schema\/logo\/image\/","url":"https:\/\/www.itakaescolapios.org\/wp-content\/uploads\/2024\/04\/Logo-itakaescolapios-peque.png","contentUrl":"https:\/\/www.itakaescolapios.org\/wp-content\/uploads\/2024\/04\/Logo-itakaescolapios-peque.png","width":500,"height":199,"caption":"Fundaci\u00f3 Itaka-Escolapios"},"image":{"@id":"https:\/\/www.itakaescolapios.org\/ca\/es\/#\/schema\/logo\/image\/"}},{"@type":"Person","@id":"https:\/\/www.itakaescolapios.org\/es\/#\/schema\/person\/bcd60d18d9795d0e978153a567a2edcb","name":"madrid01","url":"https:\/\/www.itakaescolapios.org\/ca\/author\/madrid01\/"}]}},"_links":{"self":[{"href":"https:\/\/www.itakaescolapios.org\/ca\/wp-json\/wp\/v2\/posts\/18786","targetHints":{"allow":["GET"]}}],"collection":[{"href":"https:\/\/www.itakaescolapios.org\/ca\/wp-json\/wp\/v2\/posts"}],"about":[{"href":"https:\/\/www.itakaescolapios.org\/ca\/wp-json\/wp\/v2\/types\/post"}],"author":[{"embeddable":true,"href":"https:\/\/www.itakaescolapios.org\/ca\/wp-json\/wp\/v2\/users\/48"}],"replies":[{"embeddable":true,"href":"https:\/\/www.itakaescolapios.org\/ca\/wp-json\/wp\/v2\/comments?post=18786"}],"version-history":[{"count":7,"href":"https:\/\/www.itakaescolapios.org\/ca\/wp-json\/wp\/v2\/posts\/18786\/revisions"}],"predecessor-version":[{"id":47798,"href":"https:\/\/www.itakaescolapios.org\/ca\/wp-json\/wp\/v2\/posts\/18786\/revisions\/47798"}],"wp:featuredmedia":[{"embeddable":true,"href":"https:\/\/www.itakaescolapios.org\/ca\/wp-json\/wp\/v2\/media\/18788"}],"wp:attachment":[{"href":"https:\/\/www.itakaescolapios.org\/ca\/wp-json\/wp\/v2\/media?parent=18786"}],"wp:term":[{"taxonomy":"category","embeddable":true,"href":"https:\/\/www.itakaescolapios.org\/ca\/wp-json\/wp\/v2\/categories?post=18786"},{"taxonomy":"post_tag","embeddable":true,"href":"https:\/\/www.itakaescolapios.org\/ca\/wp-json\/wp\/v2\/tags?post=18786"}],"curies":[{"name":"wp","href":"https:\/\/api.w.org\/{rel}","templated":true}]}}