{"id":18847,"date":"2017-04-06T19:16:13","date_gmt":"2017-04-06T18:16:13","guid":{"rendered":"https:\/\/www.itakaescolapios.org\/?p=18847"},"modified":"2023-11-28T12:38:07","modified_gmt":"2023-11-28T11:38:07","slug":"primera-experiencia-desde-la-escuela-de-formacion-de-itaka-madrid","status":"publish","type":"post","link":"https:\/\/www.itakaescolapios.org\/ca\/2017\/04\/primera-experiencia-desde-la-escuela-de-formacion-de-itaka-madrid\/","title":{"rendered":"PRIMERA EXPERIENCIA DESDE LA ESCUELA DE FORMACI\u00d3N DE ITAKA MADRID"},"content":{"rendered":"<p>En este precioso a\u00f1o del Jubileo Calasancio, \u00a0Itaka-Escolapios en Madrid desea estar disponible para nuestros contextos. Es por ello, \u00a0que fruto de esta inquietud, y de la posibilidad que se nos ha brindado desde el IES La Poveda, hemos comenzado con un modesto proyecto de \u201cescuela de formaci\u00f3n\u201d, \u00a0que busca acercarnos a los contextos educativos de mayor necesidad en nuestro entorno, a la vez que nos permite desplegar todo las posibilidades que tienen las formaciones generadas para el voluntariado, las sesiones de sensibilizaci\u00f3n de la campa\u00f1a solidaria y los espacios de reflexi\u00f3n en torno a la exclusi\u00f3n y la desigualdad entre otras.<\/p>\n<p>Durante el mes de marzo y a lo largo de tres sesiones hemos podido acercarnos a la realidad de las aulas de compensaci\u00f3n educativa de este centro. Queremos dejaros con un breve relato que recoge lo m\u00e1s significativo de esta experiencia para nosotras:<\/p>\n<p>Destacamos la gran acogida por parte de Bego\u00f1a y Laura, las profesoras que viven, su d\u00eda a d\u00eda, comprometidas con este grupo, y particularmente la acogida y participaci\u00f3n de los j\u00f3venes con los que hemos ido compartiendo nuestras inquietudes y experiencias a lo largo del taller.<\/p>\n<p>&nbsp;<\/p>\n<p>Para acercarnos a la autoestima y al autoconcepto, fuimos trabajando juntos, mediante el di\u00e1logo y el visionado de alg\u00fan video, c\u00f3mo nos puede afectar lo que los dem\u00e1s piensan de nosotros. Profundizamos sobre la imagen que tienen los dem\u00e1s sobre nosotros y c\u00f3mo esto nos hace sentir.<\/p>\n<p>&nbsp;<\/p>\n<p>Nos hemos dedicado la mejor de las sonrisas, alentado a nuestros compa\u00f1eros con mensajes positivos, deseos y virtudes, que nos han permitido mejorar y completar la visi\u00f3n que cada uno de ellos pod\u00edan tener sobre s\u00ed mismos.<\/p>\n<p>&nbsp;<\/p>\n<p>Y para terminar hemos presentado el testimonio de un joven cuya vida es un \u201cmilagro\u201d tal y como \u00e9l mismo nos se\u00f1ala, Tim Gu\u00e9nard nos gui\u00f3 en nuestra \u00faltima sesi\u00f3n que trataba sobre la resiliencia, o como salir fortalecido en la vida a pesar de las dificultades.<\/p>\n<p>&nbsp;<\/p>\n<p>Nuestro taller se titul\u00f3 \u201cT\u00fa puedes, \u00bfte lo crees?\u201d. Para nosotras era todo un desaf\u00edo, llevar una palabra de aliento y de esperanza a\u00fan sin conocer al grupo. Quer\u00edamos decirles que uno puede hacerse cargo de su vida, de lo bueno y de lo peor, y hacer algo nuevo, aun cuando todo apunte a que ser\u00e1 dif\u00edcil, aun cuando a veces vivir sea todo un reto.<\/p>\n<p>&nbsp;<\/p>\n<p>Quer\u00edamos desempolvar herramientas que ya poseen para hacer frente a las situaciones que cada uno vive en sus realidades cotidianas.<\/p>\n<p>&nbsp;<\/p>\n<p>Ciertamente no sabemos si lo habremos conseguido tal y como pretend\u00edamos, pero nos llevamos las caras de ilusi\u00f3n al compartir el almuerzo, las ganas de seguir estando ah\u00ed donde se necesite, el lanzamiento de globos, pese a la verg\u00fcenza, para aligerar aquello que nos pesa demasiado en la \u201cmochila de la vida\u201d, nos llevamos la alegr\u00eda del compartir sincero y su alta participaci\u00f3n en todo lo propuesto y nos quedamos con su invitaci\u00f3n: \u00a0&#8220;La pr\u00f3xima vez que veng\u00e1is os invitamos nosotros a desayunar&#8221;<\/p>\n<p>Que as\u00ed sea.<\/p>\n<p>Os dejamos el enlace a la noticia en <a href=\"https:\/\/www.facebook.com\/ItakaBetania\/videos\/1409244225832261\/\">facebook <\/a>donde pod\u00e9is ver un precioso v\u00eddeo con algunas fotos del taller<\/p>\n","protected":false},"excerpt":{"rendered":"<p>En este precioso a\u00f1o del Jubileo Calasancio, \u00a0Itaka-Escolapios en Madrid desea estar disponible para nuestros contextos. Es por ello, \u00a0que fruto de esta inquietud, y de la posibilidad que se [&hellip;]<\/p>\n","protected":false},"author":48,"featured_media":18848,"comment_status":"closed","ping_status":"closed","sticky":false,"template":"","format":"standard","meta":{"_et_pb_use_builder":"","_et_pb_old_content":"","_et_gb_content_width":"","footnotes":""},"categories":[146],"tags":[],"class_list":["post-18847","post","type-post","status-publish","format-standard","has-post-thumbnail","hentry","category-madrid"],"yoast_head":"<!-- This site is optimized with the Yoast SEO plugin v27.4 - https:\/\/yoast.com\/product\/yoast-seo-wordpress\/ -->\n<title>PRIMERA EXPERIENCIA DESDE LA ESCUELA DE FORMACI\u00d3N DE ITAKA MADRID<\/title>\n<meta name=\"description\" content=\"En este precioso a\u00f1o del Jubileo Calasancio, \u00a0Itaka-Escolapios en Madrid desea estar disponible para nuestros contextos. Es por ello, \u00a0que fruto de esta inquietud, y de la posibilidad que se nos ha brindado desde el IES La Poveda, hemos comenzado con un modesto proyecto de \u201cescuela de formaci\u00f3n\u201d, \u00a0que busca acercarnos a los contextos educativos&hellip;\" \/>\n<meta name=\"robots\" content=\"index, follow, max-snippet:-1, max-image-preview:large, max-video-preview:-1\" \/>\n<link rel=\"canonical\" href=\"http:\/\/En%20este%20precioso%20a\u00f1o%20del%20Jubileo%20Calasancio,%20\u00a0Itaka-Escolapios%20en%20Madrid%20desea%20estar%20disponible%20para%20nuestros%20contextos.%20Es%20por%20ello,%20\u00a0que%20fruto%20de%20esta%20inquietud,%20y%20de%20la%20posibilidad%20que%20se%20nos%20ha%20brindado%20desde%20el%20IES%20La%20Poveda,%20hemos%20comenzado%20con%20un%20modesto%20proyecto%20de%20\u201cescuela%20de%20formaci\u00f3n\u201d,%20\u00a0que%20busca%20acercarnos%20a%20los%20contextos%20educativos&hellip;\" \/>\n<meta property=\"og:locale\" content=\"ca_ES\" \/>\n<meta property=\"og:type\" content=\"article\" \/>\n<meta property=\"og:title\" content=\"PRIMERA EXPERIENCIA DESDE LA ESCUELA DE FORMACI\u00d3N DE ITAKA MADRID\" \/>\n<meta property=\"og:description\" content=\"En este precioso a\u00f1o del Jubileo Calasancio, \u00a0Itaka-Escolapios en Madrid desea estar disponible para nuestros contextos. Es por ello, \u00a0que fruto de esta inquietud, y de la posibilidad que se nos ha brindado desde el IES La Poveda, hemos comenzado con un modesto proyecto de \u201cescuela de formaci\u00f3n\u201d, \u00a0que busca acercarnos a los contextos educativos&hellip;\" \/>\n<meta property=\"og:url\" content=\"https:\/\/www.itakaescolapios.org\/ca\/2017\/04\/primera-experiencia-desde-la-escuela-de-formacion-de-itaka-madrid\/\" \/>\n<meta property=\"og:site_name\" content=\"Itaka-Escolapios\" \/>\n<meta property=\"article:published_time\" content=\"2017-04-06T18:16:13+00:00\" \/>\n<meta property=\"article:modified_time\" content=\"2023-11-28T11:38:07+00:00\" \/>\n<meta property=\"og:image\" content=\"https:\/\/www.itakaescolapios.org\/wp-content\/uploads\/2017\/04\/Taller-Arganda.jpg\" \/>\n\t<meta property=\"og:image:width\" content=\"844\" \/>\n\t<meta property=\"og:image:height\" content=\"1500\" \/>\n\t<meta property=\"og:image:type\" content=\"image\/jpeg\" \/>\n<meta name=\"author\" content=\"madrid01\" \/>\n<meta name=\"twitter:card\" content=\"summary_large_image\" \/>\n<meta name=\"twitter:label1\" content=\"Escrit per\" \/>\n\t<meta name=\"twitter:data1\" content=\"madrid01\" \/>\n\t<meta name=\"twitter:label2\" content=\"Temps estimat de lectura\" \/>\n\t<meta name=\"twitter:data2\" content=\"3 minuts\" \/>\n<script type=\"application\/ld+json\" class=\"yoast-schema-graph\">{\"@context\":\"https:\\\/\\\/schema.org\",\"@graph\":[{\"@type\":\"Article\",\"@id\":\"https:\\\/\\\/www.itakaescolapios.org\\\/ca\\\/2017\\\/04\\\/primera-experiencia-desde-la-escuela-de-formacion-de-itaka-madrid\\\/#article\",\"isPartOf\":{\"@id\":\"https:\\\/\\\/www.itakaescolapios.org\\\/ca\\\/2017\\\/04\\\/primera-experiencia-desde-la-escuela-de-formacion-de-itaka-madrid\\\/\"},\"author\":{\"name\":\"madrid01\",\"@id\":\"https:\\\/\\\/www.itakaescolapios.org\\\/es\\\/#\\\/schema\\\/person\\\/bcd60d18d9795d0e978153a567a2edcb\"},\"headline\":\"PRIMERA EXPERIENCIA DESDE LA ESCUELA DE FORMACI\u00d3N DE ITAKA MADRID\",\"datePublished\":\"2017-04-06T18:16:13+00:00\",\"dateModified\":\"2023-11-28T11:38:07+00:00\",\"mainEntityOfPage\":{\"@id\":\"https:\\\/\\\/www.itakaescolapios.org\\\/ca\\\/2017\\\/04\\\/primera-experiencia-desde-la-escuela-de-formacion-de-itaka-madrid\\\/\"},\"wordCount\":571,\"publisher\":{\"@id\":\"https:\\\/\\\/www.itakaescolapios.org\\\/es\\\/#organization\"},\"image\":{\"@id\":\"https:\\\/\\\/www.itakaescolapios.org\\\/ca\\\/2017\\\/04\\\/primera-experiencia-desde-la-escuela-de-formacion-de-itaka-madrid\\\/#primaryimage\"},\"thumbnailUrl\":\"https:\\\/\\\/www.itakaescolapios.org\\\/wp-content\\\/uploads\\\/2017\\\/04\\\/Taller-Arganda.jpg\",\"articleSection\":[\"Madrid\"],\"inLanguage\":\"ca\"},{\"@type\":\"WebPage\",\"@id\":\"https:\\\/\\\/www.itakaescolapios.org\\\/ca\\\/2017\\\/04\\\/primera-experiencia-desde-la-escuela-de-formacion-de-itaka-madrid\\\/\",\"url\":\"https:\\\/\\\/www.itakaescolapios.org\\\/ca\\\/2017\\\/04\\\/primera-experiencia-desde-la-escuela-de-formacion-de-itaka-madrid\\\/\",\"name\":\"PRIMERA EXPERIENCIA DESDE LA ESCUELA DE FORMACI\u00d3N DE ITAKA MADRID - Itaka-Escolapios\",\"isPartOf\":{\"@id\":\"https:\\\/\\\/www.itakaescolapios.org\\\/es\\\/#website\"},\"primaryImageOfPage\":{\"@id\":\"https:\\\/\\\/www.itakaescolapios.org\\\/ca\\\/2017\\\/04\\\/primera-experiencia-desde-la-escuela-de-formacion-de-itaka-madrid\\\/#primaryimage\"},\"image\":{\"@id\":\"https:\\\/\\\/www.itakaescolapios.org\\\/ca\\\/2017\\\/04\\\/primera-experiencia-desde-la-escuela-de-formacion-de-itaka-madrid\\\/#primaryimage\"},\"thumbnailUrl\":\"https:\\\/\\\/www.itakaescolapios.org\\\/wp-content\\\/uploads\\\/2017\\\/04\\\/Taller-Arganda.jpg\",\"datePublished\":\"2017-04-06T18:16:13+00:00\",\"dateModified\":\"2023-11-28T11:38:07+00:00\",\"breadcrumb\":{\"@id\":\"https:\\\/\\\/www.itakaescolapios.org\\\/ca\\\/2017\\\/04\\\/primera-experiencia-desde-la-escuela-de-formacion-de-itaka-madrid\\\/#breadcrumb\"},\"inLanguage\":\"ca\",\"potentialAction\":[{\"@type\":\"ReadAction\",\"target\":[\"https:\\\/\\\/www.itakaescolapios.org\\\/ca\\\/2017\\\/04\\\/primera-experiencia-desde-la-escuela-de-formacion-de-itaka-madrid\\\/\"]}]},{\"@type\":\"ImageObject\",\"inLanguage\":\"ca\",\"@id\":\"https:\\\/\\\/www.itakaescolapios.org\\\/ca\\\/2017\\\/04\\\/primera-experiencia-desde-la-escuela-de-formacion-de-itaka-madrid\\\/#primaryimage\",\"url\":\"https:\\\/\\\/www.itakaescolapios.org\\\/wp-content\\\/uploads\\\/2017\\\/04\\\/Taller-Arganda.jpg\",\"contentUrl\":\"https:\\\/\\\/www.itakaescolapios.org\\\/wp-content\\\/uploads\\\/2017\\\/04\\\/Taller-Arganda.jpg\",\"width\":844,\"height\":1500},{\"@type\":\"BreadcrumbList\",\"@id\":\"https:\\\/\\\/www.itakaescolapios.org\\\/ca\\\/2017\\\/04\\\/primera-experiencia-desde-la-escuela-de-formacion-de-itaka-madrid\\\/#breadcrumb\",\"itemListElement\":[{\"@type\":\"ListItem\",\"position\":1,\"name\":\"Itaka-Escolapios\",\"item\":\"https:\\\/\\\/www.itakaescolapios.org\\\/es\\\/\"},{\"@type\":\"ListItem\",\"position\":2,\"name\":\"PRIMERA EXPERIENCIA DESDE LA ESCUELA DE FORMACI\u00d3N DE ITAKA MADRID\"}]},{\"@type\":\"WebSite\",\"@id\":\"https:\\\/\\\/www.itakaescolapios.org\\\/ca\\\/es\\\/#website\",\"url\":\"https:\\\/\\\/www.itakaescolapios.org\\\/ca\\\/es\\\/\",\"name\":\"Itaka-Escolapios\",\"description\":\"Red de Itaka-Escolapios\",\"publisher\":{\"@id\":\"https:\\\/\\\/www.itakaescolapios.org\\\/ca\\\/es\\\/#organization\"},\"potentialAction\":[{\"@type\":\"SearchAction\",\"target\":{\"@type\":\"EntryPoint\",\"urlTemplate\":\"https:\\\/\\\/www.itakaescolapios.org\\\/ca\\\/es\\\/?s={search_term_string}\"},\"query-input\":{\"@type\":\"PropertyValueSpecification\",\"valueRequired\":true,\"valueName\":\"search_term_string\"}}],\"inLanguage\":\"ca\"},{\"@type\":\"Organization\",\"@id\":\"https:\\\/\\\/www.itakaescolapios.org\\\/ca\\\/es\\\/#organization\",\"name\":\"Fundaci\u00f3 Itaka-Escolapios\",\"url\":\"https:\\\/\\\/www.itakaescolapios.org\\\/ca\\\/es\\\/\",\"logo\":{\"@type\":\"ImageObject\",\"inLanguage\":\"ca\",\"@id\":\"https:\\\/\\\/www.itakaescolapios.org\\\/ca\\\/es\\\/#\\\/schema\\\/logo\\\/image\\\/\",\"url\":\"https:\\\/\\\/www.itakaescolapios.org\\\/wp-content\\\/uploads\\\/2024\\\/04\\\/Logo-itakaescolapios-peque.png\",\"contentUrl\":\"https:\\\/\\\/www.itakaescolapios.org\\\/wp-content\\\/uploads\\\/2024\\\/04\\\/Logo-itakaescolapios-peque.png\",\"width\":500,\"height\":199,\"caption\":\"Fundaci\u00f3 Itaka-Escolapios\"},\"image\":{\"@id\":\"https:\\\/\\\/www.itakaescolapios.org\\\/ca\\\/es\\\/#\\\/schema\\\/logo\\\/image\\\/\"}},{\"@type\":\"Person\",\"@id\":\"https:\\\/\\\/www.itakaescolapios.org\\\/es\\\/#\\\/schema\\\/person\\\/bcd60d18d9795d0e978153a567a2edcb\",\"name\":\"madrid01\",\"url\":\"https:\\\/\\\/www.itakaescolapios.org\\\/ca\\\/author\\\/madrid01\\\/\"}]}<\/script>\n<!-- \/ Yoast SEO plugin. -->","yoast_head_json":{"title":"PRIMERA EXPERIENCIA DESDE LA ESCUELA DE FORMACI\u00d3N DE ITAKA MADRID","description":"En este precioso a\u00f1o del Jubileo Calasancio, \u00a0Itaka-Escolapios en Madrid desea estar disponible para nuestros contextos. Es por ello, \u00a0que fruto de esta inquietud, y de la posibilidad que se nos ha brindado desde el IES La Poveda, hemos comenzado con un modesto proyecto de \u201cescuela de formaci\u00f3n\u201d, \u00a0que busca acercarnos a los contextos educativos&hellip;","robots":{"index":"index","follow":"follow","max-snippet":"max-snippet:-1","max-image-preview":"max-image-preview:large","max-video-preview":"max-video-preview:-1"},"canonical":"En este precioso a\u00f1o del Jubileo Calasancio, \u00a0Itaka-Escolapios en Madrid desea estar disponible para nuestros contextos. Es por ello, \u00a0que fruto de esta inquietud, y de la posibilidad que se nos ha brindado desde el IES La Poveda, hemos comenzado con un modesto proyecto de \u201cescuela de formaci\u00f3n\u201d, \u00a0que busca acercarnos a los contextos educativos&hellip;","og_locale":"ca_ES","og_type":"article","og_title":"PRIMERA EXPERIENCIA DESDE LA ESCUELA DE FORMACI\u00d3N DE ITAKA MADRID","og_description":"En este precioso a\u00f1o del Jubileo Calasancio, \u00a0Itaka-Escolapios en Madrid desea estar disponible para nuestros contextos. Es por ello, \u00a0que fruto de esta inquietud, y de la posibilidad que se nos ha brindado desde el IES La Poveda, hemos comenzado con un modesto proyecto de \u201cescuela de formaci\u00f3n\u201d, \u00a0que busca acercarnos a los contextos educativos&hellip;","og_url":"https:\/\/www.itakaescolapios.org\/ca\/2017\/04\/primera-experiencia-desde-la-escuela-de-formacion-de-itaka-madrid\/","og_site_name":"Itaka-Escolapios","article_published_time":"2017-04-06T18:16:13+00:00","article_modified_time":"2023-11-28T11:38:07+00:00","og_image":[{"width":844,"height":1500,"url":"https:\/\/www.itakaescolapios.org\/wp-content\/uploads\/2017\/04\/Taller-Arganda.jpg","type":"image\/jpeg"}],"author":"madrid01","twitter_card":"summary_large_image","twitter_misc":{"Escrit per":"madrid01","Temps estimat de lectura":"3 minuts"},"schema":{"@context":"https:\/\/schema.org","@graph":[{"@type":"Article","@id":"https:\/\/www.itakaescolapios.org\/ca\/2017\/04\/primera-experiencia-desde-la-escuela-de-formacion-de-itaka-madrid\/#article","isPartOf":{"@id":"https:\/\/www.itakaescolapios.org\/ca\/2017\/04\/primera-experiencia-desde-la-escuela-de-formacion-de-itaka-madrid\/"},"author":{"name":"madrid01","@id":"https:\/\/www.itakaescolapios.org\/es\/#\/schema\/person\/bcd60d18d9795d0e978153a567a2edcb"},"headline":"PRIMERA EXPERIENCIA DESDE LA ESCUELA DE FORMACI\u00d3N DE ITAKA MADRID","datePublished":"2017-04-06T18:16:13+00:00","dateModified":"2023-11-28T11:38:07+00:00","mainEntityOfPage":{"@id":"https:\/\/www.itakaescolapios.org\/ca\/2017\/04\/primera-experiencia-desde-la-escuela-de-formacion-de-itaka-madrid\/"},"wordCount":571,"publisher":{"@id":"https:\/\/www.itakaescolapios.org\/es\/#organization"},"image":{"@id":"https:\/\/www.itakaescolapios.org\/ca\/2017\/04\/primera-experiencia-desde-la-escuela-de-formacion-de-itaka-madrid\/#primaryimage"},"thumbnailUrl":"https:\/\/www.itakaescolapios.org\/wp-content\/uploads\/2017\/04\/Taller-Arganda.jpg","articleSection":["Madrid"],"inLanguage":"ca"},{"@type":"WebPage","@id":"https:\/\/www.itakaescolapios.org\/ca\/2017\/04\/primera-experiencia-desde-la-escuela-de-formacion-de-itaka-madrid\/","url":"https:\/\/www.itakaescolapios.org\/ca\/2017\/04\/primera-experiencia-desde-la-escuela-de-formacion-de-itaka-madrid\/","name":"PRIMERA EXPERIENCIA DESDE LA ESCUELA DE FORMACI\u00d3N DE ITAKA MADRID - Itaka-Escolapios","isPartOf":{"@id":"https:\/\/www.itakaescolapios.org\/es\/#website"},"primaryImageOfPage":{"@id":"https:\/\/www.itakaescolapios.org\/ca\/2017\/04\/primera-experiencia-desde-la-escuela-de-formacion-de-itaka-madrid\/#primaryimage"},"image":{"@id":"https:\/\/www.itakaescolapios.org\/ca\/2017\/04\/primera-experiencia-desde-la-escuela-de-formacion-de-itaka-madrid\/#primaryimage"},"thumbnailUrl":"https:\/\/www.itakaescolapios.org\/wp-content\/uploads\/2017\/04\/Taller-Arganda.jpg","datePublished":"2017-04-06T18:16:13+00:00","dateModified":"2023-11-28T11:38:07+00:00","breadcrumb":{"@id":"https:\/\/www.itakaescolapios.org\/ca\/2017\/04\/primera-experiencia-desde-la-escuela-de-formacion-de-itaka-madrid\/#breadcrumb"},"inLanguage":"ca","potentialAction":[{"@type":"ReadAction","target":["https:\/\/www.itakaescolapios.org\/ca\/2017\/04\/primera-experiencia-desde-la-escuela-de-formacion-de-itaka-madrid\/"]}]},{"@type":"ImageObject","inLanguage":"ca","@id":"https:\/\/www.itakaescolapios.org\/ca\/2017\/04\/primera-experiencia-desde-la-escuela-de-formacion-de-itaka-madrid\/#primaryimage","url":"https:\/\/www.itakaescolapios.org\/wp-content\/uploads\/2017\/04\/Taller-Arganda.jpg","contentUrl":"https:\/\/www.itakaescolapios.org\/wp-content\/uploads\/2017\/04\/Taller-Arganda.jpg","width":844,"height":1500},{"@type":"BreadcrumbList","@id":"https:\/\/www.itakaescolapios.org\/ca\/2017\/04\/primera-experiencia-desde-la-escuela-de-formacion-de-itaka-madrid\/#breadcrumb","itemListElement":[{"@type":"ListItem","position":1,"name":"Itaka-Escolapios","item":"https:\/\/www.itakaescolapios.org\/es\/"},{"@type":"ListItem","position":2,"name":"PRIMERA EXPERIENCIA DESDE LA ESCUELA DE FORMACI\u00d3N DE ITAKA MADRID"}]},{"@type":"WebSite","@id":"https:\/\/www.itakaescolapios.org\/ca\/es\/#website","url":"https:\/\/www.itakaescolapios.org\/ca\/es\/","name":"Itaka-Escolapios","description":"Red de Itaka-Escolapios","publisher":{"@id":"https:\/\/www.itakaescolapios.org\/ca\/es\/#organization"},"potentialAction":[{"@type":"SearchAction","target":{"@type":"EntryPoint","urlTemplate":"https:\/\/www.itakaescolapios.org\/ca\/es\/?s={search_term_string}"},"query-input":{"@type":"PropertyValueSpecification","valueRequired":true,"valueName":"search_term_string"}}],"inLanguage":"ca"},{"@type":"Organization","@id":"https:\/\/www.itakaescolapios.org\/ca\/es\/#organization","name":"Fundaci\u00f3 Itaka-Escolapios","url":"https:\/\/www.itakaescolapios.org\/ca\/es\/","logo":{"@type":"ImageObject","inLanguage":"ca","@id":"https:\/\/www.itakaescolapios.org\/ca\/es\/#\/schema\/logo\/image\/","url":"https:\/\/www.itakaescolapios.org\/wp-content\/uploads\/2024\/04\/Logo-itakaescolapios-peque.png","contentUrl":"https:\/\/www.itakaescolapios.org\/wp-content\/uploads\/2024\/04\/Logo-itakaescolapios-peque.png","width":500,"height":199,"caption":"Fundaci\u00f3 Itaka-Escolapios"},"image":{"@id":"https:\/\/www.itakaescolapios.org\/ca\/es\/#\/schema\/logo\/image\/"}},{"@type":"Person","@id":"https:\/\/www.itakaescolapios.org\/es\/#\/schema\/person\/bcd60d18d9795d0e978153a567a2edcb","name":"madrid01","url":"https:\/\/www.itakaescolapios.org\/ca\/author\/madrid01\/"}]}},"_links":{"self":[{"href":"https:\/\/www.itakaescolapios.org\/ca\/wp-json\/wp\/v2\/posts\/18847","targetHints":{"allow":["GET"]}}],"collection":[{"href":"https:\/\/www.itakaescolapios.org\/ca\/wp-json\/wp\/v2\/posts"}],"about":[{"href":"https:\/\/www.itakaescolapios.org\/ca\/wp-json\/wp\/v2\/types\/post"}],"author":[{"embeddable":true,"href":"https:\/\/www.itakaescolapios.org\/ca\/wp-json\/wp\/v2\/users\/48"}],"replies":[{"embeddable":true,"href":"https:\/\/www.itakaescolapios.org\/ca\/wp-json\/wp\/v2\/comments?post=18847"}],"version-history":[{"count":3,"href":"https:\/\/www.itakaescolapios.org\/ca\/wp-json\/wp\/v2\/posts\/18847\/revisions"}],"predecessor-version":[{"id":47788,"href":"https:\/\/www.itakaescolapios.org\/ca\/wp-json\/wp\/v2\/posts\/18847\/revisions\/47788"}],"wp:featuredmedia":[{"embeddable":true,"href":"https:\/\/www.itakaescolapios.org\/ca\/wp-json\/wp\/v2\/media\/18848"}],"wp:attachment":[{"href":"https:\/\/www.itakaescolapios.org\/ca\/wp-json\/wp\/v2\/media?parent=18847"}],"wp:term":[{"taxonomy":"category","embeddable":true,"href":"https:\/\/www.itakaescolapios.org\/ca\/wp-json\/wp\/v2\/categories?post=18847"},{"taxonomy":"post_tag","embeddable":true,"href":"https:\/\/www.itakaescolapios.org\/ca\/wp-json\/wp\/v2\/tags?post=18847"}],"curies":[{"name":"wp","href":"https:\/\/api.w.org\/{rel}","templated":true}]}}