{"id":19577,"date":"2017-06-28T19:55:18","date_gmt":"2017-06-28T18:55:18","guid":{"rendered":"https:\/\/www.itakaescolapios.org\/?p=19577"},"modified":"2023-11-28T12:37:59","modified_gmt":"2023-11-28T11:37:59","slug":"portugues-batizado-de-capoeira","status":"publish","type":"post","link":"https:\/\/www.itakaescolapios.org\/ca\/2017\/06\/portugues-batizado-de-capoeira\/","title":{"rendered":""},"content":{"rendered":"<p style=\"text-align: justify;\">Em clima de muita festa as crian\u00e7as e adolescentes da atividade de capoeira do projeto Socializa\u00e7\u00e3o de Itaka GV participaram no ultimo final de semana do Batizado de capoeira promovido pela ADCT \u2013 Associa\u00e7\u00e3o Desportiva Capoeira Tribal em parceria com a Obra Social Itaka Escol\u00e1pios. Na oportunidade as crian\u00e7as e adolescentes receberam as suas gradua\u00e7\u00f5es representadas pelas cores de suas cordas e tamb\u00e9m o diploma de participa\u00e7\u00e3o. Nosso parab\u00e9ns a cada uma delas pela conquista e ao professor volunt\u00e1rio D\u2019Noite, nosso muito obrigado pelo carinho com as nossas crian\u00e7as. Agradecemos tamb\u00e9m aos visitantes de outras cidades, aos pais, amigos e patrocinadores.<\/p>\n<p style=\"text-align: justify;\">Mais fotos en\u00a0<a href=\"https:\/\/www.facebook.com\/photo.php?fbid=394717504257870&amp;set=pcb.394725367590417&amp;type=3\">https:\/\/www.facebook.com\/photo.php?fbid=394717504257870&amp;set=pcb.394725367590417&amp;type=3<\/a><\/p>\n","protected":false},"excerpt":{"rendered":"<p>Em clima de muita festa as crian\u00e7as e adolescentes da atividade de capoeira do projeto Socializa\u00e7\u00e3o de Itaka GV participaram no ultimo final de semana do Batizado de capoeira promovido [&hellip;]<\/p>\n","protected":false},"author":11,"featured_media":19578,"comment_status":"closed","ping_status":"closed","sticky":false,"template":"","format":"standard","meta":{"_et_pb_use_builder":"","_et_pb_old_content":"","_et_gb_content_width":"","footnotes":""},"categories":[16],"tags":[],"class_list":["post-19577","post","type-post","status-publish","format-standard","has-post-thumbnail","hentry","category-governador-valadares"],"yoast_head":"<!-- This site is optimized with the Yoast SEO plugin v27.4 - https:\/\/yoast.com\/product\/yoast-seo-wordpress\/ -->\n<title>- Itaka-Escolapios<\/title>\n<meta name=\"description\" content=\"Em clima de muita festa as crian\u00e7as e adolescentes da atividade de capoeira do projeto Socializa\u00e7\u00e3o de Itaka GV participaram no ultimo final de semana do Batizado de capoeira promovido pela ADCT \u2013 Associa\u00e7\u00e3o Desportiva Capoeira Tribal em parceria com a Obra Social Itaka Escol\u00e1pios. Na oportunidade as crian\u00e7as e adolescentes receberam as suas gradua\u00e7\u00f5es&hellip;\" \/>\n<meta name=\"robots\" content=\"index, follow, max-snippet:-1, max-image-preview:large, max-video-preview:-1\" \/>\n<link rel=\"canonical\" href=\"http:\/\/Em%20clima%20de%20muita%20festa%20as%20crian\u00e7as%20e%20adolescentes%20da%20atividade%20de%20capoeira%20do%20projeto%20Socializa\u00e7\u00e3o%20de%20Itaka%20GV%20participaram%20no%20ultimo%20final%20de%20semana%20do%20Batizado%20de%20capoeira%20promovido%20pela%20ADCT%20\u2013%20Associa\u00e7\u00e3o%20Desportiva%20Capoeira%20Tribal%20em%20parceria%20com%20a%20Obra%20Social%20Itaka%20Escol\u00e1pios.%20Na%20oportunidade%20as%20crian\u00e7as%20e%20adolescentes%20receberam%20as%20suas%20gradua\u00e7\u00f5es&hellip;\" \/>\n<meta property=\"og:locale\" content=\"ca_ES\" \/>\n<meta property=\"og:type\" content=\"article\" \/>\n<meta property=\"og:title\" content=\"- Itaka-Escolapios\" \/>\n<meta property=\"og:description\" content=\"Em clima de muita festa as crian\u00e7as e adolescentes da atividade de capoeira do projeto Socializa\u00e7\u00e3o de Itaka GV participaram no ultimo final de semana do Batizado de capoeira promovido pela ADCT \u2013 Associa\u00e7\u00e3o Desportiva Capoeira Tribal em parceria com a Obra Social Itaka Escol\u00e1pios. Na oportunidade as crian\u00e7as e adolescentes receberam as suas gradua\u00e7\u00f5es&hellip;\" \/>\n<meta property=\"og:url\" content=\"https:\/\/www.itakaescolapios.org\/ca\/2017\/06\/portugues-batizado-de-capoeira\/\" \/>\n<meta property=\"og:site_name\" content=\"Itaka-Escolapios\" \/>\n<meta property=\"article:published_time\" content=\"2017-06-28T18:55:18+00:00\" \/>\n<meta property=\"article:modified_time\" content=\"2023-11-28T11:37:59+00:00\" \/>\n<meta property=\"og:image\" content=\"https:\/\/www.itakaescolapios.org\/wp-content\/uploads\/2017\/06\/IMG_8845.jpg\" \/>\n\t<meta property=\"og:image:width\" content=\"2000\" \/>\n\t<meta property=\"og:image:height\" content=\"1335\" \/>\n\t<meta property=\"og:image:type\" content=\"image\/jpeg\" \/>\n<meta name=\"author\" content=\"brasil03\" \/>\n<meta name=\"twitter:card\" content=\"summary_large_image\" \/>\n<meta name=\"twitter:label1\" content=\"Escrit per\" \/>\n\t<meta name=\"twitter:data1\" content=\"brasil03\" \/>\n\t<meta name=\"twitter:label2\" content=\"Temps estimat de lectura\" \/>\n\t<meta name=\"twitter:data2\" content=\"1 minut\" \/>\n<script type=\"application\/ld+json\" class=\"yoast-schema-graph\">{\"@context\":\"https:\\\/\\\/schema.org\",\"@graph\":[{\"@type\":\"Article\",\"@id\":\"https:\\\/\\\/www.itakaescolapios.org\\\/ca\\\/2017\\\/06\\\/portugues-batizado-de-capoeira\\\/#article\",\"isPartOf\":{\"@id\":\"https:\\\/\\\/www.itakaescolapios.org\\\/ca\\\/2017\\\/06\\\/portugues-batizado-de-capoeira\\\/\"},\"author\":{\"name\":\"brasil03\",\"@id\":\"https:\\\/\\\/www.itakaescolapios.org\\\/es\\\/#\\\/schema\\\/person\\\/9c761c62049293fc36e6c91e429de3d5\"},\"headline\":\"Sense t\u00edtol\",\"datePublished\":\"2017-06-28T18:55:18+00:00\",\"dateModified\":\"2023-11-28T11:37:59+00:00\",\"mainEntityOfPage\":{\"@id\":\"https:\\\/\\\/www.itakaescolapios.org\\\/ca\\\/2017\\\/06\\\/portugues-batizado-de-capoeira\\\/\"},\"wordCount\":128,\"publisher\":{\"@id\":\"https:\\\/\\\/www.itakaescolapios.org\\\/es\\\/#organization\"},\"image\":{\"@id\":\"https:\\\/\\\/www.itakaescolapios.org\\\/ca\\\/2017\\\/06\\\/portugues-batizado-de-capoeira\\\/#primaryimage\"},\"thumbnailUrl\":\"https:\\\/\\\/www.itakaescolapios.org\\\/wp-content\\\/uploads\\\/2017\\\/06\\\/IMG_8845.jpg\",\"articleSection\":[\"Governador Valadares\"],\"inLanguage\":\"ca\"},{\"@type\":\"WebPage\",\"@id\":\"https:\\\/\\\/www.itakaescolapios.org\\\/ca\\\/2017\\\/06\\\/portugues-batizado-de-capoeira\\\/\",\"url\":\"https:\\\/\\\/www.itakaescolapios.org\\\/ca\\\/2017\\\/06\\\/portugues-batizado-de-capoeira\\\/\",\"name\":\"- Itaka-Escolapios\",\"isPartOf\":{\"@id\":\"https:\\\/\\\/www.itakaescolapios.org\\\/es\\\/#website\"},\"primaryImageOfPage\":{\"@id\":\"https:\\\/\\\/www.itakaescolapios.org\\\/ca\\\/2017\\\/06\\\/portugues-batizado-de-capoeira\\\/#primaryimage\"},\"image\":{\"@id\":\"https:\\\/\\\/www.itakaescolapios.org\\\/ca\\\/2017\\\/06\\\/portugues-batizado-de-capoeira\\\/#primaryimage\"},\"thumbnailUrl\":\"https:\\\/\\\/www.itakaescolapios.org\\\/wp-content\\\/uploads\\\/2017\\\/06\\\/IMG_8845.jpg\",\"datePublished\":\"2017-06-28T18:55:18+00:00\",\"dateModified\":\"2023-11-28T11:37:59+00:00\",\"inLanguage\":\"ca\",\"potentialAction\":[{\"@type\":\"ReadAction\",\"target\":[\"https:\\\/\\\/www.itakaescolapios.org\\\/ca\\\/2017\\\/06\\\/portugues-batizado-de-capoeira\\\/\"]}]},{\"@type\":\"ImageObject\",\"inLanguage\":\"ca\",\"@id\":\"https:\\\/\\\/www.itakaescolapios.org\\\/ca\\\/2017\\\/06\\\/portugues-batizado-de-capoeira\\\/#primaryimage\",\"url\":\"https:\\\/\\\/www.itakaescolapios.org\\\/wp-content\\\/uploads\\\/2017\\\/06\\\/IMG_8845.jpg\",\"contentUrl\":\"https:\\\/\\\/www.itakaescolapios.org\\\/wp-content\\\/uploads\\\/2017\\\/06\\\/IMG_8845.jpg\",\"width\":2000,\"height\":1335},{\"@type\":\"WebSite\",\"@id\":\"https:\\\/\\\/www.itakaescolapios.org\\\/ca\\\/es\\\/#website\",\"url\":\"https:\\\/\\\/www.itakaescolapios.org\\\/ca\\\/es\\\/\",\"name\":\"Itaka-Escolapios\",\"description\":\"Red de Itaka-Escolapios\",\"publisher\":{\"@id\":\"https:\\\/\\\/www.itakaescolapios.org\\\/ca\\\/es\\\/#organization\"},\"potentialAction\":[{\"@type\":\"SearchAction\",\"target\":{\"@type\":\"EntryPoint\",\"urlTemplate\":\"https:\\\/\\\/www.itakaescolapios.org\\\/ca\\\/es\\\/?s={search_term_string}\"},\"query-input\":{\"@type\":\"PropertyValueSpecification\",\"valueRequired\":true,\"valueName\":\"search_term_string\"}}],\"inLanguage\":\"ca\"},{\"@type\":\"Organization\",\"@id\":\"https:\\\/\\\/www.itakaescolapios.org\\\/ca\\\/es\\\/#organization\",\"name\":\"Fundaci\u00f3 Itaka-Escolapios\",\"url\":\"https:\\\/\\\/www.itakaescolapios.org\\\/ca\\\/es\\\/\",\"logo\":{\"@type\":\"ImageObject\",\"inLanguage\":\"ca\",\"@id\":\"https:\\\/\\\/www.itakaescolapios.org\\\/ca\\\/es\\\/#\\\/schema\\\/logo\\\/image\\\/\",\"url\":\"https:\\\/\\\/www.itakaescolapios.org\\\/wp-content\\\/uploads\\\/2024\\\/04\\\/Logo-itakaescolapios-peque.png\",\"contentUrl\":\"https:\\\/\\\/www.itakaescolapios.org\\\/wp-content\\\/uploads\\\/2024\\\/04\\\/Logo-itakaescolapios-peque.png\",\"width\":500,\"height\":199,\"caption\":\"Fundaci\u00f3 Itaka-Escolapios\"},\"image\":{\"@id\":\"https:\\\/\\\/www.itakaescolapios.org\\\/ca\\\/es\\\/#\\\/schema\\\/logo\\\/image\\\/\"}},{\"@type\":\"Person\",\"@id\":\"https:\\\/\\\/www.itakaescolapios.org\\\/es\\\/#\\\/schema\\\/person\\\/9c761c62049293fc36e6c91e429de3d5\",\"name\":\"brasil03\",\"url\":\"https:\\\/\\\/www.itakaescolapios.org\\\/ca\\\/author\\\/brasil03\\\/\"}]}<\/script>\n<!-- \/ Yoast SEO plugin. -->","yoast_head_json":{"title":"- Itaka-Escolapios","description":"Em clima de muita festa as crian\u00e7as e adolescentes da atividade de capoeira do projeto Socializa\u00e7\u00e3o de Itaka GV participaram no ultimo final de semana do Batizado de capoeira promovido pela ADCT \u2013 Associa\u00e7\u00e3o Desportiva Capoeira Tribal em parceria com a Obra Social Itaka Escol\u00e1pios. Na oportunidade as crian\u00e7as e adolescentes receberam as suas gradua\u00e7\u00f5es&hellip;","robots":{"index":"index","follow":"follow","max-snippet":"max-snippet:-1","max-image-preview":"max-image-preview:large","max-video-preview":"max-video-preview:-1"},"canonical":"Em clima de muita festa as crian\u00e7as e adolescentes da atividade de capoeira do projeto Socializa\u00e7\u00e3o de Itaka GV participaram no ultimo final de semana do Batizado de capoeira promovido pela ADCT \u2013 Associa\u00e7\u00e3o Desportiva Capoeira Tribal em parceria com a Obra Social Itaka Escol\u00e1pios. Na oportunidade as crian\u00e7as e adolescentes receberam as suas gradua\u00e7\u00f5es&hellip;","og_locale":"ca_ES","og_type":"article","og_title":"- Itaka-Escolapios","og_description":"Em clima de muita festa as crian\u00e7as e adolescentes da atividade de capoeira do projeto Socializa\u00e7\u00e3o de Itaka GV participaram no ultimo final de semana do Batizado de capoeira promovido pela ADCT \u2013 Associa\u00e7\u00e3o Desportiva Capoeira Tribal em parceria com a Obra Social Itaka Escol\u00e1pios. Na oportunidade as crian\u00e7as e adolescentes receberam as suas gradua\u00e7\u00f5es&hellip;","og_url":"https:\/\/www.itakaescolapios.org\/ca\/2017\/06\/portugues-batizado-de-capoeira\/","og_site_name":"Itaka-Escolapios","article_published_time":"2017-06-28T18:55:18+00:00","article_modified_time":"2023-11-28T11:37:59+00:00","og_image":[{"width":2000,"height":1335,"url":"https:\/\/www.itakaescolapios.org\/wp-content\/uploads\/2017\/06\/IMG_8845.jpg","type":"image\/jpeg"}],"author":"brasil03","twitter_card":"summary_large_image","twitter_misc":{"Escrit per":"brasil03","Temps estimat de lectura":"1 minut"},"schema":{"@context":"https:\/\/schema.org","@graph":[{"@type":"Article","@id":"https:\/\/www.itakaescolapios.org\/ca\/2017\/06\/portugues-batizado-de-capoeira\/#article","isPartOf":{"@id":"https:\/\/www.itakaescolapios.org\/ca\/2017\/06\/portugues-batizado-de-capoeira\/"},"author":{"name":"brasil03","@id":"https:\/\/www.itakaescolapios.org\/es\/#\/schema\/person\/9c761c62049293fc36e6c91e429de3d5"},"headline":"Sense t\u00edtol","datePublished":"2017-06-28T18:55:18+00:00","dateModified":"2023-11-28T11:37:59+00:00","mainEntityOfPage":{"@id":"https:\/\/www.itakaescolapios.org\/ca\/2017\/06\/portugues-batizado-de-capoeira\/"},"wordCount":128,"publisher":{"@id":"https:\/\/www.itakaescolapios.org\/es\/#organization"},"image":{"@id":"https:\/\/www.itakaescolapios.org\/ca\/2017\/06\/portugues-batizado-de-capoeira\/#primaryimage"},"thumbnailUrl":"https:\/\/www.itakaescolapios.org\/wp-content\/uploads\/2017\/06\/IMG_8845.jpg","articleSection":["Governador Valadares"],"inLanguage":"ca"},{"@type":"WebPage","@id":"https:\/\/www.itakaescolapios.org\/ca\/2017\/06\/portugues-batizado-de-capoeira\/","url":"https:\/\/www.itakaescolapios.org\/ca\/2017\/06\/portugues-batizado-de-capoeira\/","name":"- Itaka-Escolapios","isPartOf":{"@id":"https:\/\/www.itakaescolapios.org\/es\/#website"},"primaryImageOfPage":{"@id":"https:\/\/www.itakaescolapios.org\/ca\/2017\/06\/portugues-batizado-de-capoeira\/#primaryimage"},"image":{"@id":"https:\/\/www.itakaescolapios.org\/ca\/2017\/06\/portugues-batizado-de-capoeira\/#primaryimage"},"thumbnailUrl":"https:\/\/www.itakaescolapios.org\/wp-content\/uploads\/2017\/06\/IMG_8845.jpg","datePublished":"2017-06-28T18:55:18+00:00","dateModified":"2023-11-28T11:37:59+00:00","inLanguage":"ca","potentialAction":[{"@type":"ReadAction","target":["https:\/\/www.itakaescolapios.org\/ca\/2017\/06\/portugues-batizado-de-capoeira\/"]}]},{"@type":"ImageObject","inLanguage":"ca","@id":"https:\/\/www.itakaescolapios.org\/ca\/2017\/06\/portugues-batizado-de-capoeira\/#primaryimage","url":"https:\/\/www.itakaescolapios.org\/wp-content\/uploads\/2017\/06\/IMG_8845.jpg","contentUrl":"https:\/\/www.itakaescolapios.org\/wp-content\/uploads\/2017\/06\/IMG_8845.jpg","width":2000,"height":1335},{"@type":"WebSite","@id":"https:\/\/www.itakaescolapios.org\/ca\/es\/#website","url":"https:\/\/www.itakaescolapios.org\/ca\/es\/","name":"Itaka-Escolapios","description":"Red de Itaka-Escolapios","publisher":{"@id":"https:\/\/www.itakaescolapios.org\/ca\/es\/#organization"},"potentialAction":[{"@type":"SearchAction","target":{"@type":"EntryPoint","urlTemplate":"https:\/\/www.itakaescolapios.org\/ca\/es\/?s={search_term_string}"},"query-input":{"@type":"PropertyValueSpecification","valueRequired":true,"valueName":"search_term_string"}}],"inLanguage":"ca"},{"@type":"Organization","@id":"https:\/\/www.itakaescolapios.org\/ca\/es\/#organization","name":"Fundaci\u00f3 Itaka-Escolapios","url":"https:\/\/www.itakaescolapios.org\/ca\/es\/","logo":{"@type":"ImageObject","inLanguage":"ca","@id":"https:\/\/www.itakaescolapios.org\/ca\/es\/#\/schema\/logo\/image\/","url":"https:\/\/www.itakaescolapios.org\/wp-content\/uploads\/2024\/04\/Logo-itakaescolapios-peque.png","contentUrl":"https:\/\/www.itakaescolapios.org\/wp-content\/uploads\/2024\/04\/Logo-itakaescolapios-peque.png","width":500,"height":199,"caption":"Fundaci\u00f3 Itaka-Escolapios"},"image":{"@id":"https:\/\/www.itakaescolapios.org\/ca\/es\/#\/schema\/logo\/image\/"}},{"@type":"Person","@id":"https:\/\/www.itakaescolapios.org\/es\/#\/schema\/person\/9c761c62049293fc36e6c91e429de3d5","name":"brasil03","url":"https:\/\/www.itakaescolapios.org\/ca\/author\/brasil03\/"}]}},"_links":{"self":[{"href":"https:\/\/www.itakaescolapios.org\/ca\/wp-json\/wp\/v2\/posts\/19577","targetHints":{"allow":["GET"]}}],"collection":[{"href":"https:\/\/www.itakaescolapios.org\/ca\/wp-json\/wp\/v2\/posts"}],"about":[{"href":"https:\/\/www.itakaescolapios.org\/ca\/wp-json\/wp\/v2\/types\/post"}],"author":[{"embeddable":true,"href":"https:\/\/www.itakaescolapios.org\/ca\/wp-json\/wp\/v2\/users\/11"}],"replies":[{"embeddable":true,"href":"https:\/\/www.itakaescolapios.org\/ca\/wp-json\/wp\/v2\/comments?post=19577"}],"version-history":[{"count":5,"href":"https:\/\/www.itakaescolapios.org\/ca\/wp-json\/wp\/v2\/posts\/19577\/revisions"}],"predecessor-version":[{"id":47614,"href":"https:\/\/www.itakaescolapios.org\/ca\/wp-json\/wp\/v2\/posts\/19577\/revisions\/47614"}],"wp:featuredmedia":[{"embeddable":true,"href":"https:\/\/www.itakaescolapios.org\/ca\/wp-json\/wp\/v2\/media\/19578"}],"wp:attachment":[{"href":"https:\/\/www.itakaescolapios.org\/ca\/wp-json\/wp\/v2\/media?parent=19577"}],"wp:term":[{"taxonomy":"category","embeddable":true,"href":"https:\/\/www.itakaescolapios.org\/ca\/wp-json\/wp\/v2\/categories?post=19577"},{"taxonomy":"post_tag","embeddable":true,"href":"https:\/\/www.itakaescolapios.org\/ca\/wp-json\/wp\/v2\/tags?post=19577"}],"curies":[{"name":"wp","href":"https:\/\/api.w.org\/{rel}","templated":true}]}}