{"id":19659,"date":"2017-07-07T09:36:30","date_gmt":"2017-07-07T08:36:30","guid":{"rendered":"https:\/\/www.itakaescolapios.org\/?p=19659"},"modified":"2023-11-28T12:37:58","modified_gmt":"2023-11-28T11:37:58","slug":"comienza-el-campo-de-trabajo-de-valencia","status":"publish","type":"post","link":"https:\/\/www.itakaescolapios.org\/ca\/2017\/07\/comienza-el-campo-de-trabajo-de-valencia\/","title":{"rendered":"\u00a1COMIENZA EL CAMPO DE TRABAJO DE VALENCIA!"},"content":{"rendered":"<p style=\"text-align: justify\">Este domingo empieza el Campo de Trabajo 2017 de Valencia, en el que participar\u00e1n 18 voluntarios y voluntarias de Valencia y Monforte de Lemos (Galicia) y 7 coordinadores, que durante 15 d\u00edas vivir\u00e1n una experiencia de servicio con los m\u00e1s peque\u00f1os.<\/p>\n<p style=\"text-align: justify\">El Real Colegio de las Escuelas P\u00edas de Valencia ser\u00e1 el centro de este campo, donde convivir\u00e1n los j\u00f3venes que por las ma\u00f1anas acudir\u00e1n a varios proyectos y asociaciones que trabajan con ni\u00f1os y ni\u00f1as, muchos de ellos en situaciones de riesgo de exclusi\u00f3n. Este a\u00f1o colaborar\u00e1n en la Fundaci\u00f3n Proyecto Vivir, la asociaci\u00f3n Embalum de Mislata y los proyectos Amaltea y Trast\u00e9vere de Itaka- Escolapios. Por delante, una quincena llena de juegos, repaso, excursiones, piscina y muchas m\u00e1s actividades con el objetivo de ofrecer un gran verano a los ni\u00f1os.<\/p>\n<p style=\"text-align: justify\">Por las tardes, los voluntarios regresar\u00e1n al colegio y ser\u00e1 momento de la formaci\u00f3n y la reflexi\u00f3n sobre todo lo que est\u00e9n viviendo, para dar un mejor servicio de voluntariado y seguir los pasos de San Jos\u00e9 de Calasanz. El objetivo final: Crecer juntos abriendo los ojos a las realidades m\u00e1s pr\u00f3ximas, descubriendo el valor de ayudar a los dem\u00e1s desinteresadamente y la educaci\u00f3n como herramienta transformadora.<\/p>\n<p style=\"text-align: justify\">\u00a1Buen campo de trabajo a todos, disfrutad de la experiencia!<\/p>\n<p style=\"text-align: justify\">\n","protected":false},"excerpt":{"rendered":"<p>Este domingo empieza el Campo de Trabajo 2017 de Valencia, en el que participar\u00e1n 18 voluntarios y voluntarias de Valencia y Monforte de Lemos (Galicia) y 7 coordinadores, que durante [&hellip;]<\/p>\n","protected":false},"author":39,"featured_media":19660,"comment_status":"closed","ping_status":"closed","sticky":false,"template":"","format":"standard","meta":{"_et_pb_use_builder":"","_et_pb_old_content":"","_et_gb_content_width":"","footnotes":""},"categories":[12],"tags":[159,266,419,411,142,154],"class_list":["post-19659","post","type-post","status-publish","format-standard","has-post-thumbnail","hentry","category-valencia","tag-campo-de-trabajo","tag-ct17","tag-itaka-escolapios","tag-valencia","tag-voluntariado","tag-voluntarios"],"yoast_head":"<!-- This site is optimized with the Yoast SEO plugin v27.4 - https:\/\/yoast.com\/product\/yoast-seo-wordpress\/ -->\n<title>\u00a1COMIENZA EL CAMPO DE TRABAJO DE VALENCIA!<\/title>\n<meta name=\"description\" content=\"Este domingo empieza el Campo de Trabajo 2017 de Valencia, en el que participar\u00e1n 18 voluntarios y voluntarias de Valencia y Monforte de Lemos (Galicia) y 7 coordinadores, que durante 15 d\u00edas vivir\u00e1n una experiencia de servicio con los m\u00e1s peque\u00f1os. El Real Colegio de las Escuelas P\u00edas de Valencia ser\u00e1 el centro de este&hellip;\" \/>\n<meta name=\"robots\" content=\"index, follow, max-snippet:-1, max-image-preview:large, max-video-preview:-1\" \/>\n<link rel=\"canonical\" href=\"http:\/\/Este%20domingo%20empieza%20el%20Campo%20de%20Trabajo%202017%20de%20Valencia,%20en%20el%20que%20participar\u00e1n%2018%20voluntarios%20y%20voluntarias%20de%20Valencia%20y%20Monforte%20de%20Lemos%20(Galicia)%20y%207%20coordinadores,%20que%20durante%2015%20d\u00edas%20vivir\u00e1n%20una%20experiencia%20de%20servicio%20con%20los%20m\u00e1s%20peque\u00f1os.%20El%20Real%20Colegio%20de%20las%20Escuelas%20P\u00edas%20de%20Valencia%20ser\u00e1%20el%20centro%20de%20este&hellip;\" \/>\n<meta property=\"og:locale\" content=\"ca_ES\" \/>\n<meta property=\"og:type\" content=\"article\" \/>\n<meta property=\"og:title\" content=\"\u00a1COMIENZA EL CAMPO DE TRABAJO DE VALENCIA!\" \/>\n<meta property=\"og:description\" content=\"Este domingo empieza el Campo de Trabajo 2017 de Valencia, en el que participar\u00e1n 18 voluntarios y voluntarias de Valencia y Monforte de Lemos (Galicia) y 7 coordinadores, que durante 15 d\u00edas vivir\u00e1n una experiencia de servicio con los m\u00e1s peque\u00f1os. El Real Colegio de las Escuelas P\u00edas de Valencia ser\u00e1 el centro de este&hellip;\" \/>\n<meta property=\"og:url\" content=\"https:\/\/www.itakaescolapios.org\/ca\/2017\/07\/comienza-el-campo-de-trabajo-de-valencia\/\" \/>\n<meta property=\"og:site_name\" content=\"Itaka-Escolapios\" \/>\n<meta property=\"article:published_time\" content=\"2017-07-07T08:36:30+00:00\" \/>\n<meta property=\"article:modified_time\" content=\"2023-11-28T11:37:58+00:00\" \/>\n<meta property=\"og:image\" content=\"https:\/\/www.itakaescolapios.org\/wp-content\/uploads\/2017\/07\/logo-CT2017.jpg\" \/>\n\t<meta property=\"og:image:width\" content=\"1624\" \/>\n\t<meta property=\"og:image:height\" content=\"1439\" \/>\n\t<meta property=\"og:image:type\" content=\"image\/jpeg\" \/>\n<meta name=\"author\" content=\"valencia01\" \/>\n<meta name=\"twitter:card\" content=\"summary_large_image\" \/>\n<meta name=\"twitter:label1\" content=\"Escrit per\" \/>\n\t<meta name=\"twitter:data1\" content=\"valencia01\" \/>\n\t<meta name=\"twitter:label2\" content=\"Temps estimat de lectura\" \/>\n\t<meta name=\"twitter:data2\" content=\"1 minut\" \/>\n<script type=\"application\/ld+json\" class=\"yoast-schema-graph\">{\"@context\":\"https:\\\/\\\/schema.org\",\"@graph\":[{\"@type\":\"Article\",\"@id\":\"https:\\\/\\\/www.itakaescolapios.org\\\/ca\\\/2017\\\/07\\\/comienza-el-campo-de-trabajo-de-valencia\\\/#article\",\"isPartOf\":{\"@id\":\"https:\\\/\\\/www.itakaescolapios.org\\\/ca\\\/2017\\\/07\\\/comienza-el-campo-de-trabajo-de-valencia\\\/\"},\"author\":{\"name\":\"valencia01\",\"@id\":\"https:\\\/\\\/www.itakaescolapios.org\\\/es\\\/#\\\/schema\\\/person\\\/c232ccaa2b3f2e98db93c1f8dfca96ff\"},\"headline\":\"\u00a1COMIENZA EL CAMPO DE TRABAJO DE VALENCIA!\",\"datePublished\":\"2017-07-07T08:36:30+00:00\",\"dateModified\":\"2023-11-28T11:37:58+00:00\",\"mainEntityOfPage\":{\"@id\":\"https:\\\/\\\/www.itakaescolapios.org\\\/ca\\\/2017\\\/07\\\/comienza-el-campo-de-trabajo-de-valencia\\\/\"},\"wordCount\":240,\"publisher\":{\"@id\":\"https:\\\/\\\/www.itakaescolapios.org\\\/es\\\/#organization\"},\"image\":{\"@id\":\"https:\\\/\\\/www.itakaescolapios.org\\\/ca\\\/2017\\\/07\\\/comienza-el-campo-de-trabajo-de-valencia\\\/#primaryimage\"},\"thumbnailUrl\":\"https:\\\/\\\/www.itakaescolapios.org\\\/wp-content\\\/uploads\\\/2017\\\/07\\\/logo-CT2017.jpg\",\"keywords\":[\"Campo de Trabajo\",\"CT17\",\"Itaka Escolapios\",\"Valencia\",\"voluntariado\",\"voluntarios\"],\"articleSection\":[\"Valencia\"],\"inLanguage\":\"ca\"},{\"@type\":\"WebPage\",\"@id\":\"https:\\\/\\\/www.itakaescolapios.org\\\/ca\\\/2017\\\/07\\\/comienza-el-campo-de-trabajo-de-valencia\\\/\",\"url\":\"https:\\\/\\\/www.itakaescolapios.org\\\/ca\\\/2017\\\/07\\\/comienza-el-campo-de-trabajo-de-valencia\\\/\",\"name\":\"\u00a1COMIENZA EL CAMPO DE TRABAJO DE VALENCIA! - Itaka-Escolapios\",\"isPartOf\":{\"@id\":\"https:\\\/\\\/www.itakaescolapios.org\\\/es\\\/#website\"},\"primaryImageOfPage\":{\"@id\":\"https:\\\/\\\/www.itakaescolapios.org\\\/ca\\\/2017\\\/07\\\/comienza-el-campo-de-trabajo-de-valencia\\\/#primaryimage\"},\"image\":{\"@id\":\"https:\\\/\\\/www.itakaescolapios.org\\\/ca\\\/2017\\\/07\\\/comienza-el-campo-de-trabajo-de-valencia\\\/#primaryimage\"},\"thumbnailUrl\":\"https:\\\/\\\/www.itakaescolapios.org\\\/wp-content\\\/uploads\\\/2017\\\/07\\\/logo-CT2017.jpg\",\"datePublished\":\"2017-07-07T08:36:30+00:00\",\"dateModified\":\"2023-11-28T11:37:58+00:00\",\"breadcrumb\":{\"@id\":\"https:\\\/\\\/www.itakaescolapios.org\\\/ca\\\/2017\\\/07\\\/comienza-el-campo-de-trabajo-de-valencia\\\/#breadcrumb\"},\"inLanguage\":\"ca\",\"potentialAction\":[{\"@type\":\"ReadAction\",\"target\":[\"https:\\\/\\\/www.itakaescolapios.org\\\/ca\\\/2017\\\/07\\\/comienza-el-campo-de-trabajo-de-valencia\\\/\"]}]},{\"@type\":\"ImageObject\",\"inLanguage\":\"ca\",\"@id\":\"https:\\\/\\\/www.itakaescolapios.org\\\/ca\\\/2017\\\/07\\\/comienza-el-campo-de-trabajo-de-valencia\\\/#primaryimage\",\"url\":\"https:\\\/\\\/www.itakaescolapios.org\\\/wp-content\\\/uploads\\\/2017\\\/07\\\/logo-CT2017.jpg\",\"contentUrl\":\"https:\\\/\\\/www.itakaescolapios.org\\\/wp-content\\\/uploads\\\/2017\\\/07\\\/logo-CT2017.jpg\",\"width\":1624,\"height\":1439},{\"@type\":\"BreadcrumbList\",\"@id\":\"https:\\\/\\\/www.itakaescolapios.org\\\/ca\\\/2017\\\/07\\\/comienza-el-campo-de-trabajo-de-valencia\\\/#breadcrumb\",\"itemListElement\":[{\"@type\":\"ListItem\",\"position\":1,\"name\":\"Itaka-Escolapios\",\"item\":\"https:\\\/\\\/www.itakaescolapios.org\\\/es\\\/\"},{\"@type\":\"ListItem\",\"position\":2,\"name\":\"\u00a1COMIENZA EL CAMPO DE TRABAJO DE VALENCIA!\"}]},{\"@type\":\"WebSite\",\"@id\":\"https:\\\/\\\/www.itakaescolapios.org\\\/ca\\\/es\\\/#website\",\"url\":\"https:\\\/\\\/www.itakaescolapios.org\\\/ca\\\/es\\\/\",\"name\":\"Itaka-Escolapios\",\"description\":\"Red de Itaka-Escolapios\",\"publisher\":{\"@id\":\"https:\\\/\\\/www.itakaescolapios.org\\\/ca\\\/es\\\/#organization\"},\"potentialAction\":[{\"@type\":\"SearchAction\",\"target\":{\"@type\":\"EntryPoint\",\"urlTemplate\":\"https:\\\/\\\/www.itakaescolapios.org\\\/ca\\\/es\\\/?s={search_term_string}\"},\"query-input\":{\"@type\":\"PropertyValueSpecification\",\"valueRequired\":true,\"valueName\":\"search_term_string\"}}],\"inLanguage\":\"ca\"},{\"@type\":\"Organization\",\"@id\":\"https:\\\/\\\/www.itakaescolapios.org\\\/ca\\\/es\\\/#organization\",\"name\":\"Fundaci\u00f3 Itaka-Escolapios\",\"url\":\"https:\\\/\\\/www.itakaescolapios.org\\\/ca\\\/es\\\/\",\"logo\":{\"@type\":\"ImageObject\",\"inLanguage\":\"ca\",\"@id\":\"https:\\\/\\\/www.itakaescolapios.org\\\/ca\\\/es\\\/#\\\/schema\\\/logo\\\/image\\\/\",\"url\":\"https:\\\/\\\/www.itakaescolapios.org\\\/wp-content\\\/uploads\\\/2024\\\/04\\\/Logo-itakaescolapios-peque.png\",\"contentUrl\":\"https:\\\/\\\/www.itakaescolapios.org\\\/wp-content\\\/uploads\\\/2024\\\/04\\\/Logo-itakaescolapios-peque.png\",\"width\":500,\"height\":199,\"caption\":\"Fundaci\u00f3 Itaka-Escolapios\"},\"image\":{\"@id\":\"https:\\\/\\\/www.itakaescolapios.org\\\/ca\\\/es\\\/#\\\/schema\\\/logo\\\/image\\\/\"}},{\"@type\":\"Person\",\"@id\":\"https:\\\/\\\/www.itakaescolapios.org\\\/es\\\/#\\\/schema\\\/person\\\/c232ccaa2b3f2e98db93c1f8dfca96ff\",\"name\":\"valencia01\",\"url\":\"https:\\\/\\\/www.itakaescolapios.org\\\/ca\\\/author\\\/valencia01\\\/\"}]}<\/script>\n<!-- \/ Yoast SEO plugin. -->","yoast_head_json":{"title":"\u00a1COMIENZA EL CAMPO DE TRABAJO DE VALENCIA!","description":"Este domingo empieza el Campo de Trabajo 2017 de Valencia, en el que participar\u00e1n 18 voluntarios y voluntarias de Valencia y Monforte de Lemos (Galicia) y 7 coordinadores, que durante 15 d\u00edas vivir\u00e1n una experiencia de servicio con los m\u00e1s peque\u00f1os. El Real Colegio de las Escuelas P\u00edas de Valencia ser\u00e1 el centro de este&hellip;","robots":{"index":"index","follow":"follow","max-snippet":"max-snippet:-1","max-image-preview":"max-image-preview:large","max-video-preview":"max-video-preview:-1"},"canonical":"Este domingo empieza el Campo de Trabajo 2017 de Valencia, en el que participar\u00e1n 18 voluntarios y voluntarias de Valencia y Monforte de Lemos (Galicia) y 7 coordinadores, que durante 15 d\u00edas vivir\u00e1n una experiencia de servicio con los m\u00e1s peque\u00f1os. El Real Colegio de las Escuelas P\u00edas de Valencia ser\u00e1 el centro de este&hellip;","og_locale":"ca_ES","og_type":"article","og_title":"\u00a1COMIENZA EL CAMPO DE TRABAJO DE VALENCIA!","og_description":"Este domingo empieza el Campo de Trabajo 2017 de Valencia, en el que participar\u00e1n 18 voluntarios y voluntarias de Valencia y Monforte de Lemos (Galicia) y 7 coordinadores, que durante 15 d\u00edas vivir\u00e1n una experiencia de servicio con los m\u00e1s peque\u00f1os. El Real Colegio de las Escuelas P\u00edas de Valencia ser\u00e1 el centro de este&hellip;","og_url":"https:\/\/www.itakaescolapios.org\/ca\/2017\/07\/comienza-el-campo-de-trabajo-de-valencia\/","og_site_name":"Itaka-Escolapios","article_published_time":"2017-07-07T08:36:30+00:00","article_modified_time":"2023-11-28T11:37:58+00:00","og_image":[{"width":1624,"height":1439,"url":"https:\/\/www.itakaescolapios.org\/wp-content\/uploads\/2017\/07\/logo-CT2017.jpg","type":"image\/jpeg"}],"author":"valencia01","twitter_card":"summary_large_image","twitter_misc":{"Escrit per":"valencia01","Temps estimat de lectura":"1 minut"},"schema":{"@context":"https:\/\/schema.org","@graph":[{"@type":"Article","@id":"https:\/\/www.itakaescolapios.org\/ca\/2017\/07\/comienza-el-campo-de-trabajo-de-valencia\/#article","isPartOf":{"@id":"https:\/\/www.itakaescolapios.org\/ca\/2017\/07\/comienza-el-campo-de-trabajo-de-valencia\/"},"author":{"name":"valencia01","@id":"https:\/\/www.itakaescolapios.org\/es\/#\/schema\/person\/c232ccaa2b3f2e98db93c1f8dfca96ff"},"headline":"\u00a1COMIENZA EL CAMPO DE TRABAJO DE VALENCIA!","datePublished":"2017-07-07T08:36:30+00:00","dateModified":"2023-11-28T11:37:58+00:00","mainEntityOfPage":{"@id":"https:\/\/www.itakaescolapios.org\/ca\/2017\/07\/comienza-el-campo-de-trabajo-de-valencia\/"},"wordCount":240,"publisher":{"@id":"https:\/\/www.itakaescolapios.org\/es\/#organization"},"image":{"@id":"https:\/\/www.itakaescolapios.org\/ca\/2017\/07\/comienza-el-campo-de-trabajo-de-valencia\/#primaryimage"},"thumbnailUrl":"https:\/\/www.itakaescolapios.org\/wp-content\/uploads\/2017\/07\/logo-CT2017.jpg","keywords":["Campo de Trabajo","CT17","Itaka Escolapios","Valencia","voluntariado","voluntarios"],"articleSection":["Valencia"],"inLanguage":"ca"},{"@type":"WebPage","@id":"https:\/\/www.itakaescolapios.org\/ca\/2017\/07\/comienza-el-campo-de-trabajo-de-valencia\/","url":"https:\/\/www.itakaescolapios.org\/ca\/2017\/07\/comienza-el-campo-de-trabajo-de-valencia\/","name":"\u00a1COMIENZA EL CAMPO DE TRABAJO DE VALENCIA! - Itaka-Escolapios","isPartOf":{"@id":"https:\/\/www.itakaescolapios.org\/es\/#website"},"primaryImageOfPage":{"@id":"https:\/\/www.itakaescolapios.org\/ca\/2017\/07\/comienza-el-campo-de-trabajo-de-valencia\/#primaryimage"},"image":{"@id":"https:\/\/www.itakaescolapios.org\/ca\/2017\/07\/comienza-el-campo-de-trabajo-de-valencia\/#primaryimage"},"thumbnailUrl":"https:\/\/www.itakaescolapios.org\/wp-content\/uploads\/2017\/07\/logo-CT2017.jpg","datePublished":"2017-07-07T08:36:30+00:00","dateModified":"2023-11-28T11:37:58+00:00","breadcrumb":{"@id":"https:\/\/www.itakaescolapios.org\/ca\/2017\/07\/comienza-el-campo-de-trabajo-de-valencia\/#breadcrumb"},"inLanguage":"ca","potentialAction":[{"@type":"ReadAction","target":["https:\/\/www.itakaescolapios.org\/ca\/2017\/07\/comienza-el-campo-de-trabajo-de-valencia\/"]}]},{"@type":"ImageObject","inLanguage":"ca","@id":"https:\/\/www.itakaescolapios.org\/ca\/2017\/07\/comienza-el-campo-de-trabajo-de-valencia\/#primaryimage","url":"https:\/\/www.itakaescolapios.org\/wp-content\/uploads\/2017\/07\/logo-CT2017.jpg","contentUrl":"https:\/\/www.itakaescolapios.org\/wp-content\/uploads\/2017\/07\/logo-CT2017.jpg","width":1624,"height":1439},{"@type":"BreadcrumbList","@id":"https:\/\/www.itakaescolapios.org\/ca\/2017\/07\/comienza-el-campo-de-trabajo-de-valencia\/#breadcrumb","itemListElement":[{"@type":"ListItem","position":1,"name":"Itaka-Escolapios","item":"https:\/\/www.itakaescolapios.org\/es\/"},{"@type":"ListItem","position":2,"name":"\u00a1COMIENZA EL CAMPO DE TRABAJO DE VALENCIA!"}]},{"@type":"WebSite","@id":"https:\/\/www.itakaescolapios.org\/ca\/es\/#website","url":"https:\/\/www.itakaescolapios.org\/ca\/es\/","name":"Itaka-Escolapios","description":"Red de Itaka-Escolapios","publisher":{"@id":"https:\/\/www.itakaescolapios.org\/ca\/es\/#organization"},"potentialAction":[{"@type":"SearchAction","target":{"@type":"EntryPoint","urlTemplate":"https:\/\/www.itakaescolapios.org\/ca\/es\/?s={search_term_string}"},"query-input":{"@type":"PropertyValueSpecification","valueRequired":true,"valueName":"search_term_string"}}],"inLanguage":"ca"},{"@type":"Organization","@id":"https:\/\/www.itakaescolapios.org\/ca\/es\/#organization","name":"Fundaci\u00f3 Itaka-Escolapios","url":"https:\/\/www.itakaescolapios.org\/ca\/es\/","logo":{"@type":"ImageObject","inLanguage":"ca","@id":"https:\/\/www.itakaescolapios.org\/ca\/es\/#\/schema\/logo\/image\/","url":"https:\/\/www.itakaescolapios.org\/wp-content\/uploads\/2024\/04\/Logo-itakaescolapios-peque.png","contentUrl":"https:\/\/www.itakaescolapios.org\/wp-content\/uploads\/2024\/04\/Logo-itakaescolapios-peque.png","width":500,"height":199,"caption":"Fundaci\u00f3 Itaka-Escolapios"},"image":{"@id":"https:\/\/www.itakaescolapios.org\/ca\/es\/#\/schema\/logo\/image\/"}},{"@type":"Person","@id":"https:\/\/www.itakaescolapios.org\/es\/#\/schema\/person\/c232ccaa2b3f2e98db93c1f8dfca96ff","name":"valencia01","url":"https:\/\/www.itakaescolapios.org\/ca\/author\/valencia01\/"}]}},"_links":{"self":[{"href":"https:\/\/www.itakaescolapios.org\/ca\/wp-json\/wp\/v2\/posts\/19659","targetHints":{"allow":["GET"]}}],"collection":[{"href":"https:\/\/www.itakaescolapios.org\/ca\/wp-json\/wp\/v2\/posts"}],"about":[{"href":"https:\/\/www.itakaescolapios.org\/ca\/wp-json\/wp\/v2\/types\/post"}],"author":[{"embeddable":true,"href":"https:\/\/www.itakaescolapios.org\/ca\/wp-json\/wp\/v2\/users\/39"}],"replies":[{"embeddable":true,"href":"https:\/\/www.itakaescolapios.org\/ca\/wp-json\/wp\/v2\/comments?post=19659"}],"version-history":[{"count":4,"href":"https:\/\/www.itakaescolapios.org\/ca\/wp-json\/wp\/v2\/posts\/19659\/revisions"}],"predecessor-version":[{"id":47586,"href":"https:\/\/www.itakaescolapios.org\/ca\/wp-json\/wp\/v2\/posts\/19659\/revisions\/47586"}],"wp:featuredmedia":[{"embeddable":true,"href":"https:\/\/www.itakaescolapios.org\/ca\/wp-json\/wp\/v2\/media\/19660"}],"wp:attachment":[{"href":"https:\/\/www.itakaescolapios.org\/ca\/wp-json\/wp\/v2\/media?parent=19659"}],"wp:term":[{"taxonomy":"category","embeddable":true,"href":"https:\/\/www.itakaescolapios.org\/ca\/wp-json\/wp\/v2\/categories?post=19659"},{"taxonomy":"post_tag","embeddable":true,"href":"https:\/\/www.itakaescolapios.org\/ca\/wp-json\/wp\/v2\/tags?post=19659"}],"curies":[{"name":"wp","href":"https:\/\/api.w.org\/{rel}","templated":true}]}}