{"id":19793,"date":"2017-07-25T10:48:15","date_gmt":"2017-07-25T09:48:15","guid":{"rendered":"https:\/\/www.itakaescolapios.org\/?p=19793"},"modified":"2023-11-28T12:37:56","modified_gmt":"2023-11-28T11:37:56","slug":"campo-de-trabajo-2017-de-valencia","status":"publish","type":"post","link":"https:\/\/www.itakaescolapios.org\/ca\/2017\/07\/campo-de-trabajo-2017-de-valencia\/","title":{"rendered":"CAMPO DE TRABAJO 2017 DE VALENCIA"},"content":{"rendered":"<p style=\"text-align: justify\">El pasado 9 de julio, 25 j\u00f3venes, que nos cruz\u00e1bamos miradas nerviosas, de inquietud, de dudas y cargadas de preguntas, invadimos el primer piso del Real Colegio de las Escuelas P\u00edas de Valencia, que se convertir\u00eda en nuestro fuerte, en nuestra casa durante las dos semanas que ha durado el Campo de Trabajo.<\/p>\n<p style=\"text-align: justify\">Por las ma\u00f1anas, despu\u00e9s de remolonear un poco en las camas y del momento de la oraci\u00f3n para coger fuerzas y encarar el d\u00eda, los voluntarios y sus respectivos coordinadores abandonaban el colegio para encontrarse con los peque\u00f1os. Algunos iban m\u00e1s lejos que otros.<\/p>\n<p style=\"text-align: justify\">A Amaltea, capitaneados por Marta P. sal\u00edan Mar, Irene y Lucas. A Proyecto Vivir iban Rodrigo, Emma, Dome y Luc\u00eda, cuya <i>coordi<\/i> era Ana. Estaban tambi\u00e9n los que incluso cog\u00edan el metro para ir a Mislata, a Embalum: Marta G. y Jos\u00e9 dirigidos por Jose Pablo. Y por \u00faltimo, Proyecto Trastevere, cuyo campamento urbano tuvo lugar en el mismo colegio. Pero tranquilos, no salir del colegio para nada en toda la semana no desquici\u00f3 a Marta M., ni nuestra gallega Andrea (el calor s\u00ed lo hizo), ni a Carmen, Andr\u00e9s, Denis, ni a Elena, Laura, Miriam y Fede, a la cabeza de los cuales est\u00e1bamos Maite y Alejandra. Procurando un feliz desarrollo del Campo de Trabajo ten\u00edamos a Javier y Natalia, coordinadores de Campo y de Formaci\u00f3n respectivamente, que no sabemos qu\u00e9 hac\u00edan exactamente por las ma\u00f1anas, pero sabemos que si no lo hubieran hecho el fuerte habr\u00eda ca\u00eddo.<\/p>\n<p style=\"text-align: justify\">Las tardes las dedic\u00e1bamos a formarnos como personas voluntarias de cara a la acci\u00f3n directa con los ni\u00f1os, pero tambi\u00e9n a aproximarnos a otras realidades -a veces invisibles- tanto locales como globales. Recibimos formaciones sobre el repaso escolar, la resoluci\u00f3n de conflictos, la educaci\u00f3n emocional; sobre la globalizaci\u00f3n, o el voluntariado como estilo de vida\u2026<\/p>\n<p style=\"text-align: justify\">Despu\u00e9s de las duchas, las tareas y la reflexi\u00f3n del d\u00eda, ten\u00edamos otro momento de oraci\u00f3n, en el que descansar en el Se\u00f1or lo vivido y compartirlo con nuestros compa\u00f1eros. El d\u00eda finalizaba (no especialmente pronto, todo hay que decirlo) preparando las actividades y talleres para el d\u00eda siguiente.<\/p>\n<p style=\"text-align: justify\">El s\u00e1bado 22, recogiendo, haciendo las maletas, las miradas que entonces se cruzaban eran c\u00f3mplices, miradas con respuestas, pero tambi\u00e9n con nuevas preguntas, miradas con ilusiones, y miradas con atisbos de transformaci\u00f3n. Ojal\u00e1 contin\u00faen esas miradas de voluntariado durante toda su vida.<\/p>\n<p style=\"text-align: justify\">Por Alejandra Vi\u00f1uales<\/p>\n<p style=\"text-align: justify\">PD: Pod\u00e9is encontrar todas las fotos de esta campo de trabajo en nuestro <a title=\"Facebook\" href=\"https:\/\/www.facebook.com\/ItakaBetania\/\" target=\"_blank\" rel=\"noopener\">Facebook<\/a>\u00a0.<\/p>\n\n\t\t<style type=\"text\/css\">\n\t\t\t#gallery-1 {\n\t\t\t\tmargin: auto;\n\t\t\t}\n\t\t\t#gallery-1 .gallery-item {\n\t\t\t\tfloat: left;\n\t\t\t\tmargin-top: 10px;\n\t\t\t\ttext-align: center;\n\t\t\t\twidth: 20%;\n\t\t\t}\n\t\t\t#gallery-1 img {\n\t\t\t\tborder: 2px solid #cfcfcf;\n\t\t\t}\n\t\t\t#gallery-1 .gallery-caption {\n\t\t\t\tmargin-left: 0;\n\t\t\t}\n\t\t\t\/* see gallery_shortcode() in wp-includes\/media.php *\/\n\t\t<\/style>\n\t\t<div id='gallery-1' class='gallery galleryid-19793 gallery-columns-5 gallery-size-thumbnail'><dl class='gallery-item'>\n\t\t\t<dt class='gallery-icon landscape'>\n\t\t\t\t<img decoding=\"async\" width=\"90\" height=\"90\" src=\"https:\/\/www.itakaescolapios.org\/wp-content\/uploads\/2017\/07\/0_Llegada-y-acogida-1-90x90.jpeg\" class=\"attachment-thumbnail size-thumbnail\" alt=\"\" \/>\n\t\t\t<\/dt><\/dl><dl class='gallery-item'>\n\t\t\t<dt class='gallery-icon landscape'>\n\t\t\t\t<img decoding=\"async\" width=\"90\" height=\"90\" src=\"https:\/\/www.itakaescolapios.org\/wp-content\/uploads\/2017\/07\/1_Juegos-y-danzas-3-90x90.jpeg\" class=\"attachment-thumbnail size-thumbnail\" alt=\"\" \/>\n\t\t\t<\/dt><\/dl><dl class='gallery-item'>\n\t\t\t<dt class='gallery-icon landscape'>\n\t\t\t\t<img decoding=\"async\" width=\"90\" height=\"90\" src=\"https:\/\/www.itakaescolapios.org\/wp-content\/uploads\/2017\/07\/1_Proyecto-Vivir-1-90x90.jpeg\" class=\"attachment-thumbnail size-thumbnail\" alt=\"\" \/>\n\t\t\t<\/dt><\/dl><dl class='gallery-item'>\n\t\t\t<dt class='gallery-icon portrait'>\n\t\t\t\t<img decoding=\"async\" width=\"90\" height=\"90\" src=\"https:\/\/www.itakaescolapios.org\/wp-content\/uploads\/2017\/07\/2_Din\u00e1micas-de-grupo-3-90x90.jpeg\" class=\"attachment-thumbnail size-thumbnail\" alt=\"\" \/>\n\t\t\t<\/dt><\/dl><dl class='gallery-item'>\n\t\t\t<dt class='gallery-icon landscape'>\n\t\t\t\t<img decoding=\"async\" width=\"90\" height=\"90\" src=\"https:\/\/www.itakaescolapios.org\/wp-content\/uploads\/2017\/07\/2_Din\u00e1micas-de-grupo-9-90x90.jpeg\" class=\"attachment-thumbnail size-thumbnail\" alt=\"\" \/>\n\t\t\t<\/dt><\/dl><br style=\"clear: both\" \/><dl class='gallery-item'>\n\t\t\t<dt class='gallery-icon landscape'>\n\t\t\t\t<img decoding=\"async\" width=\"90\" height=\"90\" src=\"https:\/\/www.itakaescolapios.org\/wp-content\/uploads\/2017\/07\/2_Trast\u00e9vere-1-rec-90x90.jpg\" class=\"attachment-thumbnail size-thumbnail\" alt=\"\" \/>\n\t\t\t<\/dt><\/dl><dl class='gallery-item'>\n\t\t\t<dt class='gallery-icon landscape'>\n\t\t\t\t<img decoding=\"async\" width=\"90\" height=\"90\" src=\"https:\/\/www.itakaescolapios.org\/wp-content\/uploads\/2017\/07\/2-Resoluci\u00f3n-conflictos-2-90x90.jpeg\" class=\"attachment-thumbnail size-thumbnail\" alt=\"\" \/>\n\t\t\t<\/dt><\/dl><dl class='gallery-item'>\n\t\t\t<dt class='gallery-icon landscape'>\n\t\t\t\t<img decoding=\"async\" width=\"90\" height=\"90\" src=\"https:\/\/www.itakaescolapios.org\/wp-content\/uploads\/2017\/07\/3_Norte-y-Sur-y-formaci\u00f3n-6-90x90.jpeg\" class=\"attachment-thumbnail size-thumbnail\" alt=\"\" \/>\n\t\t\t<\/dt><\/dl><dl class='gallery-item'>\n\t\t\t<dt class='gallery-icon landscape'>\n\t\t\t\t<img decoding=\"async\" width=\"90\" height=\"90\" src=\"https:\/\/www.itakaescolapios.org\/wp-content\/uploads\/2017\/07\/4_Educaci\u00f3n-emocional-5-90x90.jpeg\" class=\"attachment-thumbnail size-thumbnail\" alt=\"\" \/>\n\t\t\t<\/dt><\/dl><dl class='gallery-item'>\n\t\t\t<dt class='gallery-icon landscape'>\n\t\t\t\t<img decoding=\"async\" width=\"90\" height=\"90\" src=\"https:\/\/www.itakaescolapios.org\/wp-content\/uploads\/2017\/07\/9_Juego-Calasanz-17-90x90.jpg\" class=\"attachment-thumbnail size-thumbnail\" alt=\"\" \/>\n\t\t\t<\/dt><\/dl><br style=\"clear: both\" \/><dl class='gallery-item'>\n\t\t\t<dt class='gallery-icon landscape'>\n\t\t\t\t<img decoding=\"async\" width=\"90\" height=\"90\" src=\"https:\/\/www.itakaescolapios.org\/wp-content\/uploads\/2017\/07\/11_estilo-de-vida-2-90x90.jpeg\" class=\"attachment-thumbnail size-thumbnail\" alt=\"\" \/>\n\t\t\t<\/dt><\/dl><dl class='gallery-item'>\n\t\t\t<dt class='gallery-icon landscape'>\n\t\t\t\t<img decoding=\"async\" width=\"90\" height=\"90\" src=\"https:\/\/www.itakaescolapios.org\/wp-content\/uploads\/2017\/07\/12_Eucarist\u00eda-final-y-fotos-42-90x90.jpeg\" class=\"attachment-thumbnail size-thumbnail\" alt=\"\" \/>\n\t\t\t<\/dt><\/dl><dl class='gallery-item'>\n\t\t\t<dt class='gallery-icon landscape'>\n\t\t\t\t<img decoding=\"async\" width=\"90\" height=\"90\" src=\"https:\/\/www.itakaescolapios.org\/wp-content\/uploads\/2017\/07\/12_Eucarist\u00eda-final-y-fotos-68-90x90.jpeg\" class=\"attachment-thumbnail size-thumbnail\" alt=\"\" \/>\n\t\t\t<\/dt><\/dl>\n\t\t\t<br style='clear: both' \/>\n\t\t<\/div>\n\n","protected":false},"excerpt":{"rendered":"<p>El pasado 9 de julio, 25 j\u00f3venes, que nos cruz\u00e1bamos miradas nerviosas, de inquietud, de dudas y cargadas de preguntas, invadimos el primer piso del Real Colegio de las Escuelas [&hellip;]<\/p>\n","protected":false},"author":39,"featured_media":19794,"comment_status":"closed","ping_status":"closed","sticky":false,"template":"","format":"standard","meta":{"_et_pb_use_builder":"","_et_pb_old_content":"","_et_gb_content_width":"","footnotes":""},"categories":[12],"tags":[232,159,266,271,171,270,411,142],"class_list":["post-19793","post","type-post","status-publish","format-standard","has-post-thumbnail","hentry","category-valencia","tag-amaltea","tag-campo-de-trabajo","tag-ct17","tag-embalum","tag-proyecto-trastevere","tag-proyecto-vivir","tag-valencia","tag-voluntariado"],"yoast_head":"<!-- This site is optimized with the Yoast SEO plugin v27.4 - https:\/\/yoast.com\/product\/yoast-seo-wordpress\/ -->\n<title>CAMPO DE TRABAJO 2017 DE VALENCIA<\/title>\n<meta name=\"description\" content=\"El pasado 9 de julio, 25 j\u00f3venes, que nos cruz\u00e1bamos miradas nerviosas, de inquietud, de dudas y cargadas de preguntas, invadimos el primer piso del Real Colegio de las Escuelas P\u00edas de Valencia, que se convertir\u00eda en nuestro fuerte, en nuestra casa durante las dos semanas que ha durado el Campo de Trabajo. Por las&hellip;\" \/>\n<meta name=\"robots\" content=\"index, follow, max-snippet:-1, max-image-preview:large, max-video-preview:-1\" \/>\n<link rel=\"canonical\" href=\"http:\/\/El%20pasado%209%20de%20julio,%2025%20j\u00f3venes,%20que%20nos%20cruz\u00e1bamos%20miradas%20nerviosas,%20de%20inquietud,%20de%20dudas%20y%20cargadas%20de%20preguntas,%20invadimos%20el%20primer%20piso%20del%20Real%20Colegio%20de%20las%20Escuelas%20P\u00edas%20de%20Valencia,%20que%20se%20convertir\u00eda%20en%20nuestro%20fuerte,%20en%20nuestra%20casa%20durante%20las%20dos%20semanas%20que%20ha%20durado%20el%20Campo%20de%20Trabajo.%20Por%20las&hellip;\" \/>\n<meta property=\"og:locale\" content=\"ca_ES\" \/>\n<meta property=\"og:type\" content=\"article\" \/>\n<meta property=\"og:title\" content=\"CAMPO DE TRABAJO 2017 DE VALENCIA\" \/>\n<meta property=\"og:description\" content=\"El pasado 9 de julio, 25 j\u00f3venes, que nos cruz\u00e1bamos miradas nerviosas, de inquietud, de dudas y cargadas de preguntas, invadimos el primer piso del Real Colegio de las Escuelas P\u00edas de Valencia, que se convertir\u00eda en nuestro fuerte, en nuestra casa durante las dos semanas que ha durado el Campo de Trabajo. Por las&hellip;\" \/>\n<meta property=\"og:url\" content=\"https:\/\/www.itakaescolapios.org\/ca\/2017\/07\/campo-de-trabajo-2017-de-valencia\/\" \/>\n<meta property=\"og:site_name\" content=\"Itaka-Escolapios\" \/>\n<meta property=\"article:published_time\" content=\"2017-07-25T09:48:15+00:00\" \/>\n<meta property=\"article:modified_time\" content=\"2023-11-28T11:37:56+00:00\" \/>\n<meta property=\"og:image\" content=\"https:\/\/www.itakaescolapios.org\/wp-content\/uploads\/2017\/07\/12_Eucarist\u00eda-final-y-fotos-79.jpeg\" \/>\n\t<meta property=\"og:image:width\" content=\"1600\" \/>\n\t<meta property=\"og:image:height\" content=\"900\" \/>\n\t<meta property=\"og:image:type\" content=\"image\/jpeg\" \/>\n<meta name=\"author\" content=\"valencia01\" \/>\n<meta name=\"twitter:card\" content=\"summary_large_image\" \/>\n<meta name=\"twitter:label1\" content=\"Escrit per\" \/>\n\t<meta name=\"twitter:data1\" content=\"valencia01\" \/>\n\t<meta name=\"twitter:label2\" content=\"Temps estimat de lectura\" \/>\n\t<meta name=\"twitter:data2\" content=\"2 minuts\" \/>\n<script type=\"application\/ld+json\" class=\"yoast-schema-graph\">{\"@context\":\"https:\\\/\\\/schema.org\",\"@graph\":[{\"@type\":\"Article\",\"@id\":\"https:\\\/\\\/www.itakaescolapios.org\\\/ca\\\/2017\\\/07\\\/campo-de-trabajo-2017-de-valencia\\\/#article\",\"isPartOf\":{\"@id\":\"https:\\\/\\\/www.itakaescolapios.org\\\/ca\\\/2017\\\/07\\\/campo-de-trabajo-2017-de-valencia\\\/\"},\"author\":{\"name\":\"valencia01\",\"@id\":\"https:\\\/\\\/www.itakaescolapios.org\\\/es\\\/#\\\/schema\\\/person\\\/c232ccaa2b3f2e98db93c1f8dfca96ff\"},\"headline\":\"CAMPO DE TRABAJO 2017 DE VALENCIA\",\"datePublished\":\"2017-07-25T09:48:15+00:00\",\"dateModified\":\"2023-11-28T11:37:56+00:00\",\"mainEntityOfPage\":{\"@id\":\"https:\\\/\\\/www.itakaescolapios.org\\\/ca\\\/2017\\\/07\\\/campo-de-trabajo-2017-de-valencia\\\/\"},\"wordCount\":461,\"publisher\":{\"@id\":\"https:\\\/\\\/www.itakaescolapios.org\\\/es\\\/#organization\"},\"image\":{\"@id\":\"https:\\\/\\\/www.itakaescolapios.org\\\/ca\\\/2017\\\/07\\\/campo-de-trabajo-2017-de-valencia\\\/#primaryimage\"},\"thumbnailUrl\":\"https:\\\/\\\/www.itakaescolapios.org\\\/wp-content\\\/uploads\\\/2017\\\/07\\\/12_Eucarist\u00eda-final-y-fotos-79.jpeg\",\"keywords\":[\"Amaltea\",\"Campo de Trabajo\",\"CT17\",\"Embalum\",\"Proyecto Trast\u00e9vere\",\"Proyecto Vivir\",\"Valencia\",\"voluntariado\"],\"articleSection\":[\"Valencia\"],\"inLanguage\":\"ca\"},{\"@type\":\"WebPage\",\"@id\":\"https:\\\/\\\/www.itakaescolapios.org\\\/ca\\\/2017\\\/07\\\/campo-de-trabajo-2017-de-valencia\\\/\",\"url\":\"https:\\\/\\\/www.itakaescolapios.org\\\/ca\\\/2017\\\/07\\\/campo-de-trabajo-2017-de-valencia\\\/\",\"name\":\"CAMPO DE TRABAJO 2017 DE VALENCIA - Itaka-Escolapios\",\"isPartOf\":{\"@id\":\"https:\\\/\\\/www.itakaescolapios.org\\\/es\\\/#website\"},\"primaryImageOfPage\":{\"@id\":\"https:\\\/\\\/www.itakaescolapios.org\\\/ca\\\/2017\\\/07\\\/campo-de-trabajo-2017-de-valencia\\\/#primaryimage\"},\"image\":{\"@id\":\"https:\\\/\\\/www.itakaescolapios.org\\\/ca\\\/2017\\\/07\\\/campo-de-trabajo-2017-de-valencia\\\/#primaryimage\"},\"thumbnailUrl\":\"https:\\\/\\\/www.itakaescolapios.org\\\/wp-content\\\/uploads\\\/2017\\\/07\\\/12_Eucarist\u00eda-final-y-fotos-79.jpeg\",\"datePublished\":\"2017-07-25T09:48:15+00:00\",\"dateModified\":\"2023-11-28T11:37:56+00:00\",\"breadcrumb\":{\"@id\":\"https:\\\/\\\/www.itakaescolapios.org\\\/ca\\\/2017\\\/07\\\/campo-de-trabajo-2017-de-valencia\\\/#breadcrumb\"},\"inLanguage\":\"ca\",\"potentialAction\":[{\"@type\":\"ReadAction\",\"target\":[\"https:\\\/\\\/www.itakaescolapios.org\\\/ca\\\/2017\\\/07\\\/campo-de-trabajo-2017-de-valencia\\\/\"]}]},{\"@type\":\"ImageObject\",\"inLanguage\":\"ca\",\"@id\":\"https:\\\/\\\/www.itakaescolapios.org\\\/ca\\\/2017\\\/07\\\/campo-de-trabajo-2017-de-valencia\\\/#primaryimage\",\"url\":\"https:\\\/\\\/www.itakaescolapios.org\\\/wp-content\\\/uploads\\\/2017\\\/07\\\/12_Eucarist\u00eda-final-y-fotos-79.jpeg\",\"contentUrl\":\"https:\\\/\\\/www.itakaescolapios.org\\\/wp-content\\\/uploads\\\/2017\\\/07\\\/12_Eucarist\u00eda-final-y-fotos-79.jpeg\",\"width\":1600,\"height\":900},{\"@type\":\"BreadcrumbList\",\"@id\":\"https:\\\/\\\/www.itakaescolapios.org\\\/ca\\\/2017\\\/07\\\/campo-de-trabajo-2017-de-valencia\\\/#breadcrumb\",\"itemListElement\":[{\"@type\":\"ListItem\",\"position\":1,\"name\":\"Itaka-Escolapios\",\"item\":\"https:\\\/\\\/www.itakaescolapios.org\\\/es\\\/\"},{\"@type\":\"ListItem\",\"position\":2,\"name\":\"CAMPO DE TRABAJO 2017 DE VALENCIA\"}]},{\"@type\":\"WebSite\",\"@id\":\"https:\\\/\\\/www.itakaescolapios.org\\\/ca\\\/es\\\/#website\",\"url\":\"https:\\\/\\\/www.itakaescolapios.org\\\/ca\\\/es\\\/\",\"name\":\"Itaka-Escolapios\",\"description\":\"Red de Itaka-Escolapios\",\"publisher\":{\"@id\":\"https:\\\/\\\/www.itakaescolapios.org\\\/ca\\\/es\\\/#organization\"},\"potentialAction\":[{\"@type\":\"SearchAction\",\"target\":{\"@type\":\"EntryPoint\",\"urlTemplate\":\"https:\\\/\\\/www.itakaescolapios.org\\\/ca\\\/es\\\/?s={search_term_string}\"},\"query-input\":{\"@type\":\"PropertyValueSpecification\",\"valueRequired\":true,\"valueName\":\"search_term_string\"}}],\"inLanguage\":\"ca\"},{\"@type\":\"Organization\",\"@id\":\"https:\\\/\\\/www.itakaescolapios.org\\\/ca\\\/es\\\/#organization\",\"name\":\"Fundaci\u00f3 Itaka-Escolapios\",\"url\":\"https:\\\/\\\/www.itakaescolapios.org\\\/ca\\\/es\\\/\",\"logo\":{\"@type\":\"ImageObject\",\"inLanguage\":\"ca\",\"@id\":\"https:\\\/\\\/www.itakaescolapios.org\\\/ca\\\/es\\\/#\\\/schema\\\/logo\\\/image\\\/\",\"url\":\"https:\\\/\\\/www.itakaescolapios.org\\\/wp-content\\\/uploads\\\/2024\\\/04\\\/Logo-itakaescolapios-peque.png\",\"contentUrl\":\"https:\\\/\\\/www.itakaescolapios.org\\\/wp-content\\\/uploads\\\/2024\\\/04\\\/Logo-itakaescolapios-peque.png\",\"width\":500,\"height\":199,\"caption\":\"Fundaci\u00f3 Itaka-Escolapios\"},\"image\":{\"@id\":\"https:\\\/\\\/www.itakaescolapios.org\\\/ca\\\/es\\\/#\\\/schema\\\/logo\\\/image\\\/\"}},{\"@type\":\"Person\",\"@id\":\"https:\\\/\\\/www.itakaescolapios.org\\\/es\\\/#\\\/schema\\\/person\\\/c232ccaa2b3f2e98db93c1f8dfca96ff\",\"name\":\"valencia01\",\"url\":\"https:\\\/\\\/www.itakaescolapios.org\\\/ca\\\/author\\\/valencia01\\\/\"}]}<\/script>\n<!-- \/ Yoast SEO plugin. -->","yoast_head_json":{"title":"CAMPO DE TRABAJO 2017 DE VALENCIA","description":"El pasado 9 de julio, 25 j\u00f3venes, que nos cruz\u00e1bamos miradas nerviosas, de inquietud, de dudas y cargadas de preguntas, invadimos el primer piso del Real Colegio de las Escuelas P\u00edas de Valencia, que se convertir\u00eda en nuestro fuerte, en nuestra casa durante las dos semanas que ha durado el Campo de Trabajo. Por las&hellip;","robots":{"index":"index","follow":"follow","max-snippet":"max-snippet:-1","max-image-preview":"max-image-preview:large","max-video-preview":"max-video-preview:-1"},"canonical":"El pasado 9 de julio, 25 j\u00f3venes, que nos cruz\u00e1bamos miradas nerviosas, de inquietud, de dudas y cargadas de preguntas, invadimos el primer piso del Real Colegio de las Escuelas P\u00edas de Valencia, que se convertir\u00eda en nuestro fuerte, en nuestra casa durante las dos semanas que ha durado el Campo de Trabajo. Por las&hellip;","og_locale":"ca_ES","og_type":"article","og_title":"CAMPO DE TRABAJO 2017 DE VALENCIA","og_description":"El pasado 9 de julio, 25 j\u00f3venes, que nos cruz\u00e1bamos miradas nerviosas, de inquietud, de dudas y cargadas de preguntas, invadimos el primer piso del Real Colegio de las Escuelas P\u00edas de Valencia, que se convertir\u00eda en nuestro fuerte, en nuestra casa durante las dos semanas que ha durado el Campo de Trabajo. Por las&hellip;","og_url":"https:\/\/www.itakaescolapios.org\/ca\/2017\/07\/campo-de-trabajo-2017-de-valencia\/","og_site_name":"Itaka-Escolapios","article_published_time":"2017-07-25T09:48:15+00:00","article_modified_time":"2023-11-28T11:37:56+00:00","og_image":[{"width":1600,"height":900,"url":"https:\/\/www.itakaescolapios.org\/wp-content\/uploads\/2017\/07\/12_Eucarist\u00eda-final-y-fotos-79.jpeg","type":"image\/jpeg"}],"author":"valencia01","twitter_card":"summary_large_image","twitter_misc":{"Escrit per":"valencia01","Temps estimat de lectura":"2 minuts"},"schema":{"@context":"https:\/\/schema.org","@graph":[{"@type":"Article","@id":"https:\/\/www.itakaescolapios.org\/ca\/2017\/07\/campo-de-trabajo-2017-de-valencia\/#article","isPartOf":{"@id":"https:\/\/www.itakaescolapios.org\/ca\/2017\/07\/campo-de-trabajo-2017-de-valencia\/"},"author":{"name":"valencia01","@id":"https:\/\/www.itakaescolapios.org\/es\/#\/schema\/person\/c232ccaa2b3f2e98db93c1f8dfca96ff"},"headline":"CAMPO DE TRABAJO 2017 DE VALENCIA","datePublished":"2017-07-25T09:48:15+00:00","dateModified":"2023-11-28T11:37:56+00:00","mainEntityOfPage":{"@id":"https:\/\/www.itakaescolapios.org\/ca\/2017\/07\/campo-de-trabajo-2017-de-valencia\/"},"wordCount":461,"publisher":{"@id":"https:\/\/www.itakaescolapios.org\/es\/#organization"},"image":{"@id":"https:\/\/www.itakaescolapios.org\/ca\/2017\/07\/campo-de-trabajo-2017-de-valencia\/#primaryimage"},"thumbnailUrl":"https:\/\/www.itakaescolapios.org\/wp-content\/uploads\/2017\/07\/12_Eucarist\u00eda-final-y-fotos-79.jpeg","keywords":["Amaltea","Campo de Trabajo","CT17","Embalum","Proyecto Trast\u00e9vere","Proyecto Vivir","Valencia","voluntariado"],"articleSection":["Valencia"],"inLanguage":"ca"},{"@type":"WebPage","@id":"https:\/\/www.itakaescolapios.org\/ca\/2017\/07\/campo-de-trabajo-2017-de-valencia\/","url":"https:\/\/www.itakaescolapios.org\/ca\/2017\/07\/campo-de-trabajo-2017-de-valencia\/","name":"CAMPO DE TRABAJO 2017 DE VALENCIA - Itaka-Escolapios","isPartOf":{"@id":"https:\/\/www.itakaescolapios.org\/es\/#website"},"primaryImageOfPage":{"@id":"https:\/\/www.itakaescolapios.org\/ca\/2017\/07\/campo-de-trabajo-2017-de-valencia\/#primaryimage"},"image":{"@id":"https:\/\/www.itakaescolapios.org\/ca\/2017\/07\/campo-de-trabajo-2017-de-valencia\/#primaryimage"},"thumbnailUrl":"https:\/\/www.itakaescolapios.org\/wp-content\/uploads\/2017\/07\/12_Eucarist\u00eda-final-y-fotos-79.jpeg","datePublished":"2017-07-25T09:48:15+00:00","dateModified":"2023-11-28T11:37:56+00:00","breadcrumb":{"@id":"https:\/\/www.itakaescolapios.org\/ca\/2017\/07\/campo-de-trabajo-2017-de-valencia\/#breadcrumb"},"inLanguage":"ca","potentialAction":[{"@type":"ReadAction","target":["https:\/\/www.itakaescolapios.org\/ca\/2017\/07\/campo-de-trabajo-2017-de-valencia\/"]}]},{"@type":"ImageObject","inLanguage":"ca","@id":"https:\/\/www.itakaescolapios.org\/ca\/2017\/07\/campo-de-trabajo-2017-de-valencia\/#primaryimage","url":"https:\/\/www.itakaescolapios.org\/wp-content\/uploads\/2017\/07\/12_Eucarist\u00eda-final-y-fotos-79.jpeg","contentUrl":"https:\/\/www.itakaescolapios.org\/wp-content\/uploads\/2017\/07\/12_Eucarist\u00eda-final-y-fotos-79.jpeg","width":1600,"height":900},{"@type":"BreadcrumbList","@id":"https:\/\/www.itakaescolapios.org\/ca\/2017\/07\/campo-de-trabajo-2017-de-valencia\/#breadcrumb","itemListElement":[{"@type":"ListItem","position":1,"name":"Itaka-Escolapios","item":"https:\/\/www.itakaescolapios.org\/es\/"},{"@type":"ListItem","position":2,"name":"CAMPO DE TRABAJO 2017 DE VALENCIA"}]},{"@type":"WebSite","@id":"https:\/\/www.itakaescolapios.org\/ca\/es\/#website","url":"https:\/\/www.itakaescolapios.org\/ca\/es\/","name":"Itaka-Escolapios","description":"Red de Itaka-Escolapios","publisher":{"@id":"https:\/\/www.itakaescolapios.org\/ca\/es\/#organization"},"potentialAction":[{"@type":"SearchAction","target":{"@type":"EntryPoint","urlTemplate":"https:\/\/www.itakaescolapios.org\/ca\/es\/?s={search_term_string}"},"query-input":{"@type":"PropertyValueSpecification","valueRequired":true,"valueName":"search_term_string"}}],"inLanguage":"ca"},{"@type":"Organization","@id":"https:\/\/www.itakaescolapios.org\/ca\/es\/#organization","name":"Fundaci\u00f3 Itaka-Escolapios","url":"https:\/\/www.itakaescolapios.org\/ca\/es\/","logo":{"@type":"ImageObject","inLanguage":"ca","@id":"https:\/\/www.itakaescolapios.org\/ca\/es\/#\/schema\/logo\/image\/","url":"https:\/\/www.itakaescolapios.org\/wp-content\/uploads\/2024\/04\/Logo-itakaescolapios-peque.png","contentUrl":"https:\/\/www.itakaescolapios.org\/wp-content\/uploads\/2024\/04\/Logo-itakaescolapios-peque.png","width":500,"height":199,"caption":"Fundaci\u00f3 Itaka-Escolapios"},"image":{"@id":"https:\/\/www.itakaescolapios.org\/ca\/es\/#\/schema\/logo\/image\/"}},{"@type":"Person","@id":"https:\/\/www.itakaescolapios.org\/es\/#\/schema\/person\/c232ccaa2b3f2e98db93c1f8dfca96ff","name":"valencia01","url":"https:\/\/www.itakaescolapios.org\/ca\/author\/valencia01\/"}]}},"_links":{"self":[{"href":"https:\/\/www.itakaescolapios.org\/ca\/wp-json\/wp\/v2\/posts\/19793","targetHints":{"allow":["GET"]}}],"collection":[{"href":"https:\/\/www.itakaescolapios.org\/ca\/wp-json\/wp\/v2\/posts"}],"about":[{"href":"https:\/\/www.itakaescolapios.org\/ca\/wp-json\/wp\/v2\/types\/post"}],"author":[{"embeddable":true,"href":"https:\/\/www.itakaescolapios.org\/ca\/wp-json\/wp\/v2\/users\/39"}],"replies":[{"embeddable":true,"href":"https:\/\/www.itakaescolapios.org\/ca\/wp-json\/wp\/v2\/comments?post=19793"}],"version-history":[{"count":4,"href":"https:\/\/www.itakaescolapios.org\/ca\/wp-json\/wp\/v2\/posts\/19793\/revisions"}],"predecessor-version":[{"id":47542,"href":"https:\/\/www.itakaescolapios.org\/ca\/wp-json\/wp\/v2\/posts\/19793\/revisions\/47542"}],"wp:featuredmedia":[{"embeddable":true,"href":"https:\/\/www.itakaescolapios.org\/ca\/wp-json\/wp\/v2\/media\/19794"}],"wp:attachment":[{"href":"https:\/\/www.itakaescolapios.org\/ca\/wp-json\/wp\/v2\/media?parent=19793"}],"wp:term":[{"taxonomy":"category","embeddable":true,"href":"https:\/\/www.itakaescolapios.org\/ca\/wp-json\/wp\/v2\/categories?post=19793"},{"taxonomy":"post_tag","embeddable":true,"href":"https:\/\/www.itakaescolapios.org\/ca\/wp-json\/wp\/v2\/tags?post=19793"}],"curies":[{"name":"wp","href":"https:\/\/api.w.org\/{rel}","templated":true}]}}