{"id":21281,"date":"2017-12-01T10:55:36","date_gmt":"2017-12-01T09:55:36","guid":{"rendered":"https:\/\/www.itakaescolapios.org\/?p=21281"},"modified":"2023-11-28T12:37:45","modified_gmt":"2023-11-28T11:37:45","slug":"presentacion-de-la-campana-de-solidaridad-en-betania","status":"publish","type":"post","link":"https:\/\/www.itakaescolapios.org\/ca\/2017\/12\/presentacion-de-la-campana-de-solidaridad-en-betania\/","title":{"rendered":"PRESENTACI\u00d3N DE LA CAMPA\u00d1A DE SOLIDARIDAD EN BETANIA"},"content":{"rendered":"<p style=\"text-align: justify\">Esta semana hemos tenido reuniones con los coordinadores de Acci\u00f3n Social de los colegios Escolapios de la zona este y centro de la provincia de Betania, para presentar la campa\u00f1a de solidaridad \u201cEl tesoro de Senegal\u201d que llevaremos a cabo durante este curso.<\/p>\n<p style=\"text-align: justify\">El martes, en la sede de Itaka- Escolapios en Valencia, los coordinadores de los colegios de Valencia, Castell\u00f3n, Albacete, Gandia y Algemes\u00ed conocieron a fondo el proyecto que los escolapios tienen en Senegal y al que va dirigida la campa\u00f1a, los cinco internados que atienden a m\u00e1s de 200 ni\u00f1os y ni\u00f1as. Asimismo, tambi\u00e9n repasaron las actividades, tanto generales para todo el colegio como para cada curso, que proponemos para que los alumnos y alumnas aprendan m\u00e1s sobre Senegal y sus tesoros, colaboren y, sobre todo, se sientan parte del proyecto com\u00fan de las escuelas P\u00edas en el mundo.<\/p>\n<p style=\"text-align: justify\">Por su parte, el jueves fue el turno de los coordinadores DAS de Madrid, Alcal\u00e1, Gatefe, Pozuelo y Salamanca, que se juntaron en la sede de Itaka- Escolapios de Madrid para conocer la campa\u00f1a \u201cEl tesoro de Senegal\u201d y avanzar junto con nuestra Expedici\u00f3n, formada por Calasanz, Marine, Sukal, Bla, Jiwa y Quisap.<\/p>\n<p style=\"text-align: justify\">En ambas reuniones tuvimos tambi\u00e9n momento para ver los materiales que se han preparado, resolver dudas y, por supuesto, jugar con algunas de las actividades propuestas, para que luego sean los propios coordinadores los que, de primera mano, transmitan todo lo trabajado al claustro de sus respectivos colegios, y a los alumnos y alumnas.<\/p>\n<p style=\"text-align: justify\">Pr\u00f3ximamente se presentar\u00e1 la campa\u00f1a a los departamentos de Acci\u00f3n Social de los colegios \u00a0de Oviedo, Santander, Villacarriedo, Coru\u00f1a y Monforte, as\u00ed como se est\u00e1 haciendo ya en otros 30 colegios de todo el mundo que impulsar\u00e1n, de manera conjunta, la campa\u00f1a de solidaridad \u201cEl tesoro de Senegal\u201d.<\/p>\n\n\t\t<style type=\"text\/css\">\n\t\t\t#gallery-1 {\n\t\t\t\tmargin: auto;\n\t\t\t}\n\t\t\t#gallery-1 .gallery-item {\n\t\t\t\tfloat: left;\n\t\t\t\tmargin-top: 10px;\n\t\t\t\ttext-align: center;\n\t\t\t\twidth: 20%;\n\t\t\t}\n\t\t\t#gallery-1 img {\n\t\t\t\tborder: 2px solid #cfcfcf;\n\t\t\t}\n\t\t\t#gallery-1 .gallery-caption {\n\t\t\t\tmargin-left: 0;\n\t\t\t}\n\t\t\t\/* see gallery_shortcode() in wp-includes\/media.php *\/\n\t\t<\/style>\n\t\t<div id='gallery-1' class='gallery galleryid-21281 gallery-columns-5 gallery-size-thumbnail'><dl class='gallery-item'>\n\t\t\t<dt class='gallery-icon landscape'>\n\t\t\t\t<img decoding=\"async\" width=\"90\" height=\"90\" src=\"https:\/\/www.itakaescolapios.org\/wp-content\/uploads\/2017\/12\/WhatsApp-Image-2017-12-01-at-10.36.52-1-90x90.jpeg\" class=\"attachment-thumbnail size-thumbnail\" alt=\"\" \/>\n\t\t\t<\/dt><\/dl><dl class='gallery-item'>\n\t\t\t<dt class='gallery-icon landscape'>\n\t\t\t\t<img decoding=\"async\" width=\"90\" height=\"90\" src=\"https:\/\/www.itakaescolapios.org\/wp-content\/uploads\/2017\/12\/WhatsApp-Image-2017-12-01-at-10.36.52-7-90x90.jpeg\" class=\"attachment-thumbnail size-thumbnail\" alt=\"\" \/>\n\t\t\t<\/dt><\/dl><dl class='gallery-item'>\n\t\t\t<dt class='gallery-icon landscape'>\n\t\t\t\t<img decoding=\"async\" width=\"90\" height=\"90\" src=\"https:\/\/www.itakaescolapios.org\/wp-content\/uploads\/2017\/12\/WhatsApp-Image-2017-12-01-at-10.36.52-4-90x90.jpeg\" class=\"attachment-thumbnail size-thumbnail\" alt=\"\" \/>\n\t\t\t<\/dt><\/dl><dl class='gallery-item'>\n\t\t\t<dt class='gallery-icon landscape'>\n\t\t\t\t<img decoding=\"async\" width=\"90\" height=\"90\" src=\"https:\/\/www.itakaescolapios.org\/wp-content\/uploads\/2017\/12\/WhatsApp-Image-2017-12-01-at-10.36.52-5-90x90.jpeg\" class=\"attachment-thumbnail size-thumbnail\" alt=\"\" \/>\n\t\t\t<\/dt><\/dl><dl class='gallery-item'>\n\t\t\t<dt class='gallery-icon landscape'>\n\t\t\t\t<img decoding=\"async\" width=\"90\" height=\"90\" src=\"https:\/\/www.itakaescolapios.org\/wp-content\/uploads\/2017\/12\/WhatsApp-Image-2017-12-01-at-10.36.52-3-90x90.jpeg\" class=\"attachment-thumbnail size-thumbnail\" alt=\"\" \/>\n\t\t\t<\/dt><\/dl><br style=\"clear: both\" \/><dl class='gallery-item'>\n\t\t\t<dt class='gallery-icon landscape'>\n\t\t\t\t<img decoding=\"async\" width=\"90\" height=\"90\" src=\"https:\/\/www.itakaescolapios.org\/wp-content\/uploads\/2017\/12\/WhatsApp-Image-2017-12-01-at-10.36.52-2-90x90.jpeg\" class=\"attachment-thumbnail size-thumbnail\" alt=\"\" \/>\n\t\t\t<\/dt><\/dl><dl class='gallery-item'>\n\t\t\t<dt class='gallery-icon portrait'>\n\t\t\t\t<img decoding=\"async\" width=\"90\" height=\"90\" src=\"https:\/\/www.itakaescolapios.org\/wp-content\/uploads\/2017\/12\/WhatsApp-Image-2017-12-01-at-10.36.50-4-90x90.jpeg\" class=\"attachment-thumbnail size-thumbnail\" alt=\"\" \/>\n\t\t\t<\/dt><\/dl><dl class='gallery-item'>\n\t\t\t<dt class='gallery-icon portrait'>\n\t\t\t\t<img decoding=\"async\" width=\"90\" height=\"90\" src=\"https:\/\/www.itakaescolapios.org\/wp-content\/uploads\/2017\/12\/WhatsApp-Image-2017-12-01-at-10.36.50-6-90x90.jpeg\" class=\"attachment-thumbnail size-thumbnail\" alt=\"\" \/>\n\t\t\t<\/dt><\/dl><dl class='gallery-item'>\n\t\t\t<dt class='gallery-icon landscape'>\n\t\t\t\t<img decoding=\"async\" width=\"90\" height=\"90\" src=\"https:\/\/www.itakaescolapios.org\/wp-content\/uploads\/2017\/12\/WhatsApp-Image-2017-12-01-at-10.36.51-1-90x90.jpeg\" class=\"attachment-thumbnail size-thumbnail\" alt=\"\" \/>\n\t\t\t<\/dt><\/dl><dl class='gallery-item'>\n\t\t\t<dt class='gallery-icon landscape'>\n\t\t\t\t<img decoding=\"async\" width=\"90\" height=\"90\" src=\"https:\/\/www.itakaescolapios.org\/wp-content\/uploads\/2017\/12\/WhatsApp-Image-2017-12-01-at-10.36.51-2-90x90.jpeg\" class=\"attachment-thumbnail size-thumbnail\" alt=\"\" \/>\n\t\t\t<\/dt><\/dl><br style=\"clear: both\" \/><dl class='gallery-item'>\n\t\t\t<dt class='gallery-icon landscape'>\n\t\t\t\t<img decoding=\"async\" width=\"90\" height=\"90\" src=\"https:\/\/www.itakaescolapios.org\/wp-content\/uploads\/2017\/12\/WhatsApp-Image-2017-12-01-at-10.36.49-3-90x90.jpeg\" class=\"attachment-thumbnail size-thumbnail\" alt=\"\" \/>\n\t\t\t<\/dt><\/dl><dl class='gallery-item'>\n\t\t\t<dt class='gallery-icon landscape'>\n\t\t\t\t<img decoding=\"async\" width=\"90\" height=\"90\" src=\"https:\/\/www.itakaescolapios.org\/wp-content\/uploads\/2017\/12\/WhatsApp-Image-2017-12-01-at-10.36.49-90x90.jpeg\" class=\"attachment-thumbnail size-thumbnail\" alt=\"\" \/>\n\t\t\t<\/dt><\/dl><dl class='gallery-item'>\n\t\t\t<dt class='gallery-icon landscape'>\n\t\t\t\t<img decoding=\"async\" width=\"90\" height=\"90\" src=\"https:\/\/www.itakaescolapios.org\/wp-content\/uploads\/2017\/12\/WhatsApp-Image-2017-12-01-at-10.36.50-2-90x90.jpeg\" class=\"attachment-thumbnail size-thumbnail\" alt=\"\" \/>\n\t\t\t<\/dt><\/dl><dl class='gallery-item'>\n\t\t\t<dt class='gallery-icon landscape'>\n\t\t\t\t<img decoding=\"async\" width=\"90\" height=\"90\" src=\"https:\/\/www.itakaescolapios.org\/wp-content\/uploads\/2017\/12\/WhatsApp-Image-2017-12-01-at-10.36.49-2-90x90.jpeg\" class=\"attachment-thumbnail size-thumbnail\" alt=\"\" \/>\n\t\t\t<\/dt><\/dl><dl class='gallery-item'>\n\t\t\t<dt class='gallery-icon landscape'>\n\t\t\t\t<img decoding=\"async\" width=\"90\" height=\"90\" src=\"https:\/\/www.itakaescolapios.org\/wp-content\/uploads\/2017\/12\/WhatsApp-Image-2017-12-01-at-10.36.49-6-90x90.jpeg\" class=\"attachment-thumbnail size-thumbnail\" alt=\"\" \/>\n\t\t\t<\/dt><\/dl><br style=\"clear: both\" \/>\n\t\t<\/div>\n\n","protected":false},"excerpt":{"rendered":"<p>Esta semana hemos tenido reuniones con los coordinadores de Acci\u00f3n Social de los colegios Escolapios de la zona este y centro de la provincia de Betania, para presentar la campa\u00f1a [&hellip;]<\/p>\n","protected":false},"author":39,"featured_media":21299,"comment_status":"closed","ping_status":"closed","sticky":false,"template":"","format":"standard","meta":{"_et_pb_use_builder":"","_et_pb_old_content":"","_et_gb_content_width":"","footnotes":""},"categories":[146,12],"tags":[111,196,256,284,419,431],"class_list":["post-21281","post","type-post","status-publish","format-standard","has-post-thumbnail","hentry","category-madrid","category-valencia","tag-accion-social","tag-betania","tag-campana-de-solidaridad","tag-el-tesoro-de-senegal","tag-itaka-escolapios","tag-senegal"],"yoast_head":"<!-- This site is optimized with the Yoast SEO plugin v27.4 - https:\/\/yoast.com\/product\/yoast-seo-wordpress\/ -->\n<title>PRESENTACI\u00d3N DE LA CAMPA\u00d1A DE SOLIDARIDAD EN BETANIA<\/title>\n<meta name=\"description\" content=\"Esta semana hemos tenido reuniones con los coordinadores de Acci\u00f3n Social de los colegios Escolapios de la zona este y centro de la provincia de Betania, para presentar la campa\u00f1a de solidaridad \u201cEl tesoro de Senegal\u201d que llevaremos a cabo durante este curso. El martes, en la sede de Itaka- Escolapios en Valencia, los coordinadores&hellip;\" \/>\n<meta name=\"robots\" content=\"index, follow, max-snippet:-1, max-image-preview:large, max-video-preview:-1\" \/>\n<link rel=\"canonical\" href=\"http:\/\/Esta%20semana%20hemos%20tenido%20reuniones%20con%20los%20coordinadores%20de%20Acci\u00f3n%20Social%20de%20los%20colegios%20Escolapios%20de%20la%20zona%20este%20y%20centro%20de%20la%20provincia%20de%20Betania,%20para%20presentar%20la%20campa\u00f1a%20de%20solidaridad%20\u201cEl%20tesoro%20de%20Senegal\u201d%20que%20llevaremos%20a%20cabo%20durante%20este%20curso.%20El%20martes,%20en%20la%20sede%20de%20Itaka-%20Escolapios%20en%20Valencia,%20los%20coordinadores&hellip;\" \/>\n<meta property=\"og:locale\" content=\"ca_ES\" \/>\n<meta property=\"og:type\" content=\"article\" \/>\n<meta property=\"og:title\" content=\"PRESENTACI\u00d3N DE LA CAMPA\u00d1A DE SOLIDARIDAD EN BETANIA\" \/>\n<meta property=\"og:description\" content=\"Esta semana hemos tenido reuniones con los coordinadores de Acci\u00f3n Social de los colegios Escolapios de la zona este y centro de la provincia de Betania, para presentar la campa\u00f1a de solidaridad \u201cEl tesoro de Senegal\u201d que llevaremos a cabo durante este curso. El martes, en la sede de Itaka- Escolapios en Valencia, los coordinadores&hellip;\" \/>\n<meta property=\"og:url\" content=\"https:\/\/www.itakaescolapios.org\/ca\/2017\/12\/presentacion-de-la-campana-de-solidaridad-en-betania\/\" \/>\n<meta property=\"og:site_name\" content=\"Itaka-Escolapios\" \/>\n<meta property=\"article:published_time\" content=\"2017-12-01T09:55:36+00:00\" \/>\n<meta property=\"article:modified_time\" content=\"2023-11-28T11:37:45+00:00\" \/>\n<meta property=\"og:image\" content=\"https:\/\/www.itakaescolapios.org\/wp-content\/uploads\/2017\/12\/cartel-campa\u00f1a.jpg\" \/>\n\t<meta property=\"og:image:width\" content=\"2000\" \/>\n\t<meta property=\"og:image:height\" content=\"1429\" \/>\n\t<meta property=\"og:image:type\" content=\"image\/jpeg\" \/>\n<meta name=\"author\" content=\"valencia01\" \/>\n<meta name=\"twitter:card\" content=\"summary_large_image\" \/>\n<meta name=\"twitter:label1\" content=\"Escrit per\" \/>\n\t<meta name=\"twitter:data1\" content=\"valencia01\" \/>\n\t<meta name=\"twitter:label2\" content=\"Temps estimat de lectura\" \/>\n\t<meta name=\"twitter:data2\" content=\"2 minuts\" \/>\n<script type=\"application\/ld+json\" class=\"yoast-schema-graph\">{\"@context\":\"https:\\\/\\\/schema.org\",\"@graph\":[{\"@type\":\"Article\",\"@id\":\"https:\\\/\\\/www.itakaescolapios.org\\\/ca\\\/2017\\\/12\\\/presentacion-de-la-campana-de-solidaridad-en-betania\\\/#article\",\"isPartOf\":{\"@id\":\"https:\\\/\\\/www.itakaescolapios.org\\\/ca\\\/2017\\\/12\\\/presentacion-de-la-campana-de-solidaridad-en-betania\\\/\"},\"author\":{\"name\":\"valencia01\",\"@id\":\"https:\\\/\\\/www.itakaescolapios.org\\\/es\\\/#\\\/schema\\\/person\\\/c232ccaa2b3f2e98db93c1f8dfca96ff\"},\"headline\":\"PRESENTACI\u00d3N DE LA CAMPA\u00d1A DE SOLIDARIDAD EN BETANIA\",\"datePublished\":\"2017-12-01T09:55:36+00:00\",\"dateModified\":\"2023-11-28T11:37:45+00:00\",\"mainEntityOfPage\":{\"@id\":\"https:\\\/\\\/www.itakaescolapios.org\\\/ca\\\/2017\\\/12\\\/presentacion-de-la-campana-de-solidaridad-en-betania\\\/\"},\"wordCount\":330,\"publisher\":{\"@id\":\"https:\\\/\\\/www.itakaescolapios.org\\\/es\\\/#organization\"},\"image\":{\"@id\":\"https:\\\/\\\/www.itakaescolapios.org\\\/ca\\\/2017\\\/12\\\/presentacion-de-la-campana-de-solidaridad-en-betania\\\/#primaryimage\"},\"thumbnailUrl\":\"https:\\\/\\\/www.itakaescolapios.org\\\/wp-content\\\/uploads\\\/2017\\\/12\\\/cartel-campa\u00f1a.jpg\",\"keywords\":[\"Acci\u00f3n Social\",\"Betania\",\"campa\u00f1a de solidaridad\",\"el tesoro de Senegal\",\"Itaka Escolapios\",\"Senegal\"],\"articleSection\":[\"Madrid\",\"Valencia\"],\"inLanguage\":\"ca\"},{\"@type\":\"WebPage\",\"@id\":\"https:\\\/\\\/www.itakaescolapios.org\\\/ca\\\/2017\\\/12\\\/presentacion-de-la-campana-de-solidaridad-en-betania\\\/\",\"url\":\"https:\\\/\\\/www.itakaescolapios.org\\\/ca\\\/2017\\\/12\\\/presentacion-de-la-campana-de-solidaridad-en-betania\\\/\",\"name\":\"PRESENTACI\u00d3N DE LA CAMPA\u00d1A DE SOLIDARIDAD EN BETANIA - Itaka-Escolapios\",\"isPartOf\":{\"@id\":\"https:\\\/\\\/www.itakaescolapios.org\\\/es\\\/#website\"},\"primaryImageOfPage\":{\"@id\":\"https:\\\/\\\/www.itakaescolapios.org\\\/ca\\\/2017\\\/12\\\/presentacion-de-la-campana-de-solidaridad-en-betania\\\/#primaryimage\"},\"image\":{\"@id\":\"https:\\\/\\\/www.itakaescolapios.org\\\/ca\\\/2017\\\/12\\\/presentacion-de-la-campana-de-solidaridad-en-betania\\\/#primaryimage\"},\"thumbnailUrl\":\"https:\\\/\\\/www.itakaescolapios.org\\\/wp-content\\\/uploads\\\/2017\\\/12\\\/cartel-campa\u00f1a.jpg\",\"datePublished\":\"2017-12-01T09:55:36+00:00\",\"dateModified\":\"2023-11-28T11:37:45+00:00\",\"breadcrumb\":{\"@id\":\"https:\\\/\\\/www.itakaescolapios.org\\\/ca\\\/2017\\\/12\\\/presentacion-de-la-campana-de-solidaridad-en-betania\\\/#breadcrumb\"},\"inLanguage\":\"ca\",\"potentialAction\":[{\"@type\":\"ReadAction\",\"target\":[\"https:\\\/\\\/www.itakaescolapios.org\\\/ca\\\/2017\\\/12\\\/presentacion-de-la-campana-de-solidaridad-en-betania\\\/\"]}]},{\"@type\":\"ImageObject\",\"inLanguage\":\"ca\",\"@id\":\"https:\\\/\\\/www.itakaescolapios.org\\\/ca\\\/2017\\\/12\\\/presentacion-de-la-campana-de-solidaridad-en-betania\\\/#primaryimage\",\"url\":\"https:\\\/\\\/www.itakaescolapios.org\\\/wp-content\\\/uploads\\\/2017\\\/12\\\/cartel-campa\u00f1a.jpg\",\"contentUrl\":\"https:\\\/\\\/www.itakaescolapios.org\\\/wp-content\\\/uploads\\\/2017\\\/12\\\/cartel-campa\u00f1a.jpg\",\"width\":2000,\"height\":1429},{\"@type\":\"BreadcrumbList\",\"@id\":\"https:\\\/\\\/www.itakaescolapios.org\\\/ca\\\/2017\\\/12\\\/presentacion-de-la-campana-de-solidaridad-en-betania\\\/#breadcrumb\",\"itemListElement\":[{\"@type\":\"ListItem\",\"position\":1,\"name\":\"Itaka-Escolapios\",\"item\":\"https:\\\/\\\/www.itakaescolapios.org\\\/es\\\/\"},{\"@type\":\"ListItem\",\"position\":2,\"name\":\"PRESENTACI\u00d3N DE LA CAMPA\u00d1A DE SOLIDARIDAD EN BETANIA\"}]},{\"@type\":\"WebSite\",\"@id\":\"https:\\\/\\\/www.itakaescolapios.org\\\/ca\\\/es\\\/#website\",\"url\":\"https:\\\/\\\/www.itakaescolapios.org\\\/ca\\\/es\\\/\",\"name\":\"Itaka-Escolapios\",\"description\":\"Red de Itaka-Escolapios\",\"publisher\":{\"@id\":\"https:\\\/\\\/www.itakaescolapios.org\\\/ca\\\/es\\\/#organization\"},\"potentialAction\":[{\"@type\":\"SearchAction\",\"target\":{\"@type\":\"EntryPoint\",\"urlTemplate\":\"https:\\\/\\\/www.itakaescolapios.org\\\/ca\\\/es\\\/?s={search_term_string}\"},\"query-input\":{\"@type\":\"PropertyValueSpecification\",\"valueRequired\":true,\"valueName\":\"search_term_string\"}}],\"inLanguage\":\"ca\"},{\"@type\":\"Organization\",\"@id\":\"https:\\\/\\\/www.itakaescolapios.org\\\/ca\\\/es\\\/#organization\",\"name\":\"Fundaci\u00f3 Itaka-Escolapios\",\"url\":\"https:\\\/\\\/www.itakaescolapios.org\\\/ca\\\/es\\\/\",\"logo\":{\"@type\":\"ImageObject\",\"inLanguage\":\"ca\",\"@id\":\"https:\\\/\\\/www.itakaescolapios.org\\\/ca\\\/es\\\/#\\\/schema\\\/logo\\\/image\\\/\",\"url\":\"https:\\\/\\\/www.itakaescolapios.org\\\/wp-content\\\/uploads\\\/2024\\\/04\\\/Logo-itakaescolapios-peque.png\",\"contentUrl\":\"https:\\\/\\\/www.itakaescolapios.org\\\/wp-content\\\/uploads\\\/2024\\\/04\\\/Logo-itakaescolapios-peque.png\",\"width\":500,\"height\":199,\"caption\":\"Fundaci\u00f3 Itaka-Escolapios\"},\"image\":{\"@id\":\"https:\\\/\\\/www.itakaescolapios.org\\\/ca\\\/es\\\/#\\\/schema\\\/logo\\\/image\\\/\"}},{\"@type\":\"Person\",\"@id\":\"https:\\\/\\\/www.itakaescolapios.org\\\/es\\\/#\\\/schema\\\/person\\\/c232ccaa2b3f2e98db93c1f8dfca96ff\",\"name\":\"valencia01\",\"url\":\"https:\\\/\\\/www.itakaescolapios.org\\\/ca\\\/author\\\/valencia01\\\/\"}]}<\/script>\n<!-- \/ Yoast SEO plugin. -->","yoast_head_json":{"title":"PRESENTACI\u00d3N DE LA CAMPA\u00d1A DE SOLIDARIDAD EN BETANIA","description":"Esta semana hemos tenido reuniones con los coordinadores de Acci\u00f3n Social de los colegios Escolapios de la zona este y centro de la provincia de Betania, para presentar la campa\u00f1a de solidaridad \u201cEl tesoro de Senegal\u201d que llevaremos a cabo durante este curso. El martes, en la sede de Itaka- Escolapios en Valencia, los coordinadores&hellip;","robots":{"index":"index","follow":"follow","max-snippet":"max-snippet:-1","max-image-preview":"max-image-preview:large","max-video-preview":"max-video-preview:-1"},"canonical":"Esta semana hemos tenido reuniones con los coordinadores de Acci\u00f3n Social de los colegios Escolapios de la zona este y centro de la provincia de Betania, para presentar la campa\u00f1a de solidaridad \u201cEl tesoro de Senegal\u201d que llevaremos a cabo durante este curso. El martes, en la sede de Itaka- Escolapios en Valencia, los coordinadores&hellip;","og_locale":"ca_ES","og_type":"article","og_title":"PRESENTACI\u00d3N DE LA CAMPA\u00d1A DE SOLIDARIDAD EN BETANIA","og_description":"Esta semana hemos tenido reuniones con los coordinadores de Acci\u00f3n Social de los colegios Escolapios de la zona este y centro de la provincia de Betania, para presentar la campa\u00f1a de solidaridad \u201cEl tesoro de Senegal\u201d que llevaremos a cabo durante este curso. El martes, en la sede de Itaka- Escolapios en Valencia, los coordinadores&hellip;","og_url":"https:\/\/www.itakaescolapios.org\/ca\/2017\/12\/presentacion-de-la-campana-de-solidaridad-en-betania\/","og_site_name":"Itaka-Escolapios","article_published_time":"2017-12-01T09:55:36+00:00","article_modified_time":"2023-11-28T11:37:45+00:00","og_image":[{"width":2000,"height":1429,"url":"https:\/\/www.itakaescolapios.org\/wp-content\/uploads\/2017\/12\/cartel-campa\u00f1a.jpg","type":"image\/jpeg"}],"author":"valencia01","twitter_card":"summary_large_image","twitter_misc":{"Escrit per":"valencia01","Temps estimat de lectura":"2 minuts"},"schema":{"@context":"https:\/\/schema.org","@graph":[{"@type":"Article","@id":"https:\/\/www.itakaescolapios.org\/ca\/2017\/12\/presentacion-de-la-campana-de-solidaridad-en-betania\/#article","isPartOf":{"@id":"https:\/\/www.itakaescolapios.org\/ca\/2017\/12\/presentacion-de-la-campana-de-solidaridad-en-betania\/"},"author":{"name":"valencia01","@id":"https:\/\/www.itakaescolapios.org\/es\/#\/schema\/person\/c232ccaa2b3f2e98db93c1f8dfca96ff"},"headline":"PRESENTACI\u00d3N DE LA CAMPA\u00d1A DE SOLIDARIDAD EN BETANIA","datePublished":"2017-12-01T09:55:36+00:00","dateModified":"2023-11-28T11:37:45+00:00","mainEntityOfPage":{"@id":"https:\/\/www.itakaescolapios.org\/ca\/2017\/12\/presentacion-de-la-campana-de-solidaridad-en-betania\/"},"wordCount":330,"publisher":{"@id":"https:\/\/www.itakaescolapios.org\/es\/#organization"},"image":{"@id":"https:\/\/www.itakaescolapios.org\/ca\/2017\/12\/presentacion-de-la-campana-de-solidaridad-en-betania\/#primaryimage"},"thumbnailUrl":"https:\/\/www.itakaescolapios.org\/wp-content\/uploads\/2017\/12\/cartel-campa\u00f1a.jpg","keywords":["Acci\u00f3n Social","Betania","campa\u00f1a de solidaridad","el tesoro de Senegal","Itaka Escolapios","Senegal"],"articleSection":["Madrid","Valencia"],"inLanguage":"ca"},{"@type":"WebPage","@id":"https:\/\/www.itakaescolapios.org\/ca\/2017\/12\/presentacion-de-la-campana-de-solidaridad-en-betania\/","url":"https:\/\/www.itakaescolapios.org\/ca\/2017\/12\/presentacion-de-la-campana-de-solidaridad-en-betania\/","name":"PRESENTACI\u00d3N DE LA CAMPA\u00d1A DE SOLIDARIDAD EN BETANIA - Itaka-Escolapios","isPartOf":{"@id":"https:\/\/www.itakaescolapios.org\/es\/#website"},"primaryImageOfPage":{"@id":"https:\/\/www.itakaescolapios.org\/ca\/2017\/12\/presentacion-de-la-campana-de-solidaridad-en-betania\/#primaryimage"},"image":{"@id":"https:\/\/www.itakaescolapios.org\/ca\/2017\/12\/presentacion-de-la-campana-de-solidaridad-en-betania\/#primaryimage"},"thumbnailUrl":"https:\/\/www.itakaescolapios.org\/wp-content\/uploads\/2017\/12\/cartel-campa\u00f1a.jpg","datePublished":"2017-12-01T09:55:36+00:00","dateModified":"2023-11-28T11:37:45+00:00","breadcrumb":{"@id":"https:\/\/www.itakaescolapios.org\/ca\/2017\/12\/presentacion-de-la-campana-de-solidaridad-en-betania\/#breadcrumb"},"inLanguage":"ca","potentialAction":[{"@type":"ReadAction","target":["https:\/\/www.itakaescolapios.org\/ca\/2017\/12\/presentacion-de-la-campana-de-solidaridad-en-betania\/"]}]},{"@type":"ImageObject","inLanguage":"ca","@id":"https:\/\/www.itakaescolapios.org\/ca\/2017\/12\/presentacion-de-la-campana-de-solidaridad-en-betania\/#primaryimage","url":"https:\/\/www.itakaescolapios.org\/wp-content\/uploads\/2017\/12\/cartel-campa\u00f1a.jpg","contentUrl":"https:\/\/www.itakaescolapios.org\/wp-content\/uploads\/2017\/12\/cartel-campa\u00f1a.jpg","width":2000,"height":1429},{"@type":"BreadcrumbList","@id":"https:\/\/www.itakaescolapios.org\/ca\/2017\/12\/presentacion-de-la-campana-de-solidaridad-en-betania\/#breadcrumb","itemListElement":[{"@type":"ListItem","position":1,"name":"Itaka-Escolapios","item":"https:\/\/www.itakaescolapios.org\/es\/"},{"@type":"ListItem","position":2,"name":"PRESENTACI\u00d3N DE LA CAMPA\u00d1A DE SOLIDARIDAD EN BETANIA"}]},{"@type":"WebSite","@id":"https:\/\/www.itakaescolapios.org\/ca\/es\/#website","url":"https:\/\/www.itakaescolapios.org\/ca\/es\/","name":"Itaka-Escolapios","description":"Red de Itaka-Escolapios","publisher":{"@id":"https:\/\/www.itakaescolapios.org\/ca\/es\/#organization"},"potentialAction":[{"@type":"SearchAction","target":{"@type":"EntryPoint","urlTemplate":"https:\/\/www.itakaescolapios.org\/ca\/es\/?s={search_term_string}"},"query-input":{"@type":"PropertyValueSpecification","valueRequired":true,"valueName":"search_term_string"}}],"inLanguage":"ca"},{"@type":"Organization","@id":"https:\/\/www.itakaescolapios.org\/ca\/es\/#organization","name":"Fundaci\u00f3 Itaka-Escolapios","url":"https:\/\/www.itakaescolapios.org\/ca\/es\/","logo":{"@type":"ImageObject","inLanguage":"ca","@id":"https:\/\/www.itakaescolapios.org\/ca\/es\/#\/schema\/logo\/image\/","url":"https:\/\/www.itakaescolapios.org\/wp-content\/uploads\/2024\/04\/Logo-itakaescolapios-peque.png","contentUrl":"https:\/\/www.itakaescolapios.org\/wp-content\/uploads\/2024\/04\/Logo-itakaescolapios-peque.png","width":500,"height":199,"caption":"Fundaci\u00f3 Itaka-Escolapios"},"image":{"@id":"https:\/\/www.itakaescolapios.org\/ca\/es\/#\/schema\/logo\/image\/"}},{"@type":"Person","@id":"https:\/\/www.itakaescolapios.org\/es\/#\/schema\/person\/c232ccaa2b3f2e98db93c1f8dfca96ff","name":"valencia01","url":"https:\/\/www.itakaescolapios.org\/ca\/author\/valencia01\/"}]}},"_links":{"self":[{"href":"https:\/\/www.itakaescolapios.org\/ca\/wp-json\/wp\/v2\/posts\/21281","targetHints":{"allow":["GET"]}}],"collection":[{"href":"https:\/\/www.itakaescolapios.org\/ca\/wp-json\/wp\/v2\/posts"}],"about":[{"href":"https:\/\/www.itakaescolapios.org\/ca\/wp-json\/wp\/v2\/types\/post"}],"author":[{"embeddable":true,"href":"https:\/\/www.itakaescolapios.org\/ca\/wp-json\/wp\/v2\/users\/39"}],"replies":[{"embeddable":true,"href":"https:\/\/www.itakaescolapios.org\/ca\/wp-json\/wp\/v2\/comments?post=21281"}],"version-history":[{"count":3,"href":"https:\/\/www.itakaescolapios.org\/ca\/wp-json\/wp\/v2\/posts\/21281\/revisions"}],"predecessor-version":[{"id":47220,"href":"https:\/\/www.itakaescolapios.org\/ca\/wp-json\/wp\/v2\/posts\/21281\/revisions\/47220"}],"wp:featuredmedia":[{"embeddable":true,"href":"https:\/\/www.itakaescolapios.org\/ca\/wp-json\/wp\/v2\/media\/21299"}],"wp:attachment":[{"href":"https:\/\/www.itakaescolapios.org\/ca\/wp-json\/wp\/v2\/media?parent=21281"}],"wp:term":[{"taxonomy":"category","embeddable":true,"href":"https:\/\/www.itakaescolapios.org\/ca\/wp-json\/wp\/v2\/categories?post=21281"},{"taxonomy":"post_tag","embeddable":true,"href":"https:\/\/www.itakaescolapios.org\/ca\/wp-json\/wp\/v2\/tags?post=21281"}],"curies":[{"name":"wp","href":"https:\/\/api.w.org\/{rel}","templated":true}]}}