{"id":21480,"date":"2017-12-20T11:51:53","date_gmt":"2017-12-20T10:51:53","guid":{"rendered":"https:\/\/www.itakaescolapios.org\/?p=21480"},"modified":"2023-11-28T12:37:43","modified_gmt":"2023-11-28T11:37:43","slug":"magia-en-familia-de-nuevo-un-exito-en-valencia","status":"publish","type":"post","link":"https:\/\/www.itakaescolapios.org\/ca\/2017\/12\/magia-en-familia-de-nuevo-un-exito-en-valencia\/","title":{"rendered":"MAGIA EN FAMILIA, DE NUEVO UN \u00c9XITO EN VALENCIA"},"content":{"rendered":"<p style=\"text-align: justify\">El pasado s\u00e1bado celebramos una nueva edici\u00f3n, y ya van seis, de \u201cMagia en Familia\u201d. El colegio San Jos\u00e9 de Calasanz de Valencia volvi\u00f3 a acoger en su sal\u00f3n de actos este espect\u00e1culo, que cont\u00f3 en el escenario con el mago Kiki, el mago Vaza, el mago Sergio y la colaboraci\u00f3n especial de David Guerrero, que consiguieron sorprender con sus trucos de magia y, sobre todo, \u00a0hacer re\u00edr y pasar una tarde fant\u00e1stica a los ni\u00f1os y mayores asistentes.<\/p>\n<p style=\"text-align: justify\">Bajo el t\u00edtulo \u201cEscuela de Superh\u00e9roes\u201d, el evento se llen\u00f3 de \u201cSupermanes\u201d, \u201cSpidermans\u201d, \u201cBatmans\u201d y otras grandes estrellas, tanto en escena como en el p\u00fablico, entre las 500 personas que asistieron a Magia en Familia en las dos sesiones organizadas.<\/p>\n<p style=\"text-align: justify\">Y todo, adem\u00e1s, por una buena causa, ya que la recaudaci\u00f3n del espect\u00e1culo est\u00e1 destinada al proyecto escolapio en Senegal, al que tambi\u00e9n se dirige la campa\u00f1a de solidaridad \u201cEl tesoro de Senegal\u201d, que se est\u00e1 llevando a cabo en los colegios durante este curso. En total se recaudaron m\u00e1s de 2.600 euros que se enviar\u00e1n para el mantenimiento y mejora de los internados que la Orden de las Escuelas P\u00edas tiene en el pa\u00eds africano.<\/p>\n<p style=\"text-align: justify\">Por supuesto, los ni\u00f1os y ni\u00f1as rieron y disfrutaron viendo apariciones y desapariciones incre\u00edbles, y ofreci\u00e9ndose voluntarios para ayudar en los trucos que los magos iban realizando y que dejaban con la boca abierta a m\u00e1s de uno. Y para completar las sesiones, todos los asistentes pudieron fotografiarse en el photocall con los magos-superh\u00e9roes, y con los personajes de la campa\u00f1a, la Expedici\u00f3n Itaka- Escolapios que, en su canoa, presid\u00edan el hall del sal\u00f3n de actos.<\/p>\n<p style=\"text-align: justify\">Una tarde m\u00e1gica y muy divertida por la que os damos las gracias, tanto a todos los que vinisteis a ver el espect\u00e1culo de Magia en Familia, como a los magos participantes y a todos los voluntarios y colaboradores que, antes, durante y despu\u00e9s del evento han participado para que todo estuviese perfecto. \u00a0\u00a1Gracias a todos!<\/p>\n<p style=\"text-align: justify\">\u00a1Colgamos todas las fotos del evento en el Facebook de <a title=\"Itaka-Escolapios Betania\" href=\"https:\/\/www.facebook.com\/ItakaBetania\/\" target=\"_blank\" rel=\"noopener\">Itaka- Escolapios Betania<\/a>!<\/p>\n","protected":false},"excerpt":{"rendered":"<p>El pasado s\u00e1bado celebramos una nueva edici\u00f3n, y ya van seis, de \u201cMagia en Familia\u201d. El colegio San Jos\u00e9 de Calasanz de Valencia volvi\u00f3 a acoger en su sal\u00f3n de [&hellip;]<\/p>\n","protected":false},"author":39,"featured_media":21481,"comment_status":"closed","ping_status":"closed","sticky":false,"template":"","format":"standard","meta":{"_et_pb_use_builder":"","_et_pb_old_content":"","_et_gb_content_width":"","footnotes":""},"categories":[12],"tags":[284,288,286,152,287,289,431],"class_list":["post-21480","post","type-post","status-publish","format-standard","has-post-thumbnail","hentry","category-valencia","tag-el-tesoro-de-senegal","tag-escuela-de-superheres","tag-magia","tag-magia-en-familia","tag-magos","tag-proyecto-escolapio","tag-senegal"],"yoast_head":"<!-- This site is optimized with the Yoast SEO plugin v27.4 - https:\/\/yoast.com\/product\/yoast-seo-wordpress\/ -->\n<title>MAGIA EN FAMILIA, DE NUEVO UN \u00c9XITO EN VALENCIA<\/title>\n<meta name=\"description\" content=\"El pasado s\u00e1bado celebramos una nueva edici\u00f3n, y ya van seis, de \u201cMagia en Familia\u201d. El colegio San Jos\u00e9 de Calasanz de Valencia volvi\u00f3 a acoger en su sal\u00f3n de actos este espect\u00e1culo, que cont\u00f3 en el escenario con el mago Kiki, el mago Vaza, el mago Sergio y la colaboraci\u00f3n especial de David Guerrero,&hellip;\" \/>\n<meta name=\"robots\" content=\"index, follow, max-snippet:-1, max-image-preview:large, max-video-preview:-1\" \/>\n<link rel=\"canonical\" href=\"http:\/\/El%20pasado%20s\u00e1bado%20celebramos%20una%20nueva%20edici\u00f3n,%20y%20ya%20van%20seis,%20de%20\u201cMagia%20en%20Familia\u201d.%20El%20colegio%20San%20Jos\u00e9%20de%20Calasanz%20de%20Valencia%20volvi\u00f3%20a%20acoger%20en%20su%20sal\u00f3n%20de%20actos%20este%20espect\u00e1culo,%20que%20cont\u00f3%20en%20el%20escenario%20con%20el%20mago%20Kiki,%20el%20mago%20Vaza,%20el%20mago%20Sergio%20y%20la%20colaboraci\u00f3n%20especial%20de%20David%20Guerrero,&hellip;\" \/>\n<meta property=\"og:locale\" content=\"ca_ES\" \/>\n<meta property=\"og:type\" content=\"article\" \/>\n<meta property=\"og:title\" content=\"MAGIA EN FAMILIA, DE NUEVO UN \u00c9XITO EN VALENCIA\" \/>\n<meta property=\"og:description\" content=\"El pasado s\u00e1bado celebramos una nueva edici\u00f3n, y ya van seis, de \u201cMagia en Familia\u201d. El colegio San Jos\u00e9 de Calasanz de Valencia volvi\u00f3 a acoger en su sal\u00f3n de actos este espect\u00e1culo, que cont\u00f3 en el escenario con el mago Kiki, el mago Vaza, el mago Sergio y la colaboraci\u00f3n especial de David Guerrero,&hellip;\" \/>\n<meta property=\"og:url\" content=\"https:\/\/www.itakaescolapios.org\/ca\/2017\/12\/magia-en-familia-de-nuevo-un-exito-en-valencia\/\" \/>\n<meta property=\"og:site_name\" content=\"Itaka-Escolapios\" \/>\n<meta property=\"article:published_time\" content=\"2017-12-20T10:51:53+00:00\" \/>\n<meta property=\"article:modified_time\" content=\"2023-11-28T11:37:43+00:00\" \/>\n<meta property=\"og:image\" content=\"https:\/\/www.itakaescolapios.org\/wp-content\/uploads\/2017\/12\/P1080326.jpg\" \/>\n\t<meta property=\"og:image:width\" content=\"2000\" \/>\n\t<meta property=\"og:image:height\" content=\"1500\" \/>\n\t<meta property=\"og:image:type\" content=\"image\/jpeg\" \/>\n<meta name=\"author\" content=\"valencia01\" \/>\n<meta name=\"twitter:card\" content=\"summary_large_image\" \/>\n<meta name=\"twitter:label1\" content=\"Escrit per\" \/>\n\t<meta name=\"twitter:data1\" content=\"valencia01\" \/>\n\t<meta name=\"twitter:label2\" content=\"Temps estimat de lectura\" \/>\n\t<meta name=\"twitter:data2\" content=\"2 minuts\" \/>\n<script type=\"application\/ld+json\" class=\"yoast-schema-graph\">{\"@context\":\"https:\\\/\\\/schema.org\",\"@graph\":[{\"@type\":\"Article\",\"@id\":\"https:\\\/\\\/www.itakaescolapios.org\\\/ca\\\/2017\\\/12\\\/magia-en-familia-de-nuevo-un-exito-en-valencia\\\/#article\",\"isPartOf\":{\"@id\":\"https:\\\/\\\/www.itakaescolapios.org\\\/ca\\\/2017\\\/12\\\/magia-en-familia-de-nuevo-un-exito-en-valencia\\\/\"},\"author\":{\"name\":\"valencia01\",\"@id\":\"https:\\\/\\\/www.itakaescolapios.org\\\/es\\\/#\\\/schema\\\/person\\\/c232ccaa2b3f2e98db93c1f8dfca96ff\"},\"headline\":\"MAGIA EN FAMILIA, DE NUEVO UN \u00c9XITO EN VALENCIA\",\"datePublished\":\"2017-12-20T10:51:53+00:00\",\"dateModified\":\"2023-11-28T11:37:43+00:00\",\"mainEntityOfPage\":{\"@id\":\"https:\\\/\\\/www.itakaescolapios.org\\\/ca\\\/2017\\\/12\\\/magia-en-familia-de-nuevo-un-exito-en-valencia\\\/\"},\"wordCount\":380,\"publisher\":{\"@id\":\"https:\\\/\\\/www.itakaescolapios.org\\\/es\\\/#organization\"},\"image\":{\"@id\":\"https:\\\/\\\/www.itakaescolapios.org\\\/ca\\\/2017\\\/12\\\/magia-en-familia-de-nuevo-un-exito-en-valencia\\\/#primaryimage\"},\"thumbnailUrl\":\"https:\\\/\\\/www.itakaescolapios.org\\\/wp-content\\\/uploads\\\/2017\\\/12\\\/P1080326.jpg\",\"keywords\":[\"el tesoro de Senegal\",\"Escuela de Superh\u00e9res\",\"Magia\",\"Magia en Familia\",\"magos\",\"proyecto escolapio\",\"Senegal\"],\"articleSection\":[\"Valencia\"],\"inLanguage\":\"ca\"},{\"@type\":\"WebPage\",\"@id\":\"https:\\\/\\\/www.itakaescolapios.org\\\/ca\\\/2017\\\/12\\\/magia-en-familia-de-nuevo-un-exito-en-valencia\\\/\",\"url\":\"https:\\\/\\\/www.itakaescolapios.org\\\/ca\\\/2017\\\/12\\\/magia-en-familia-de-nuevo-un-exito-en-valencia\\\/\",\"name\":\"MAGIA EN FAMILIA, DE NUEVO UN \u00c9XITO EN VALENCIA - Itaka-Escolapios\",\"isPartOf\":{\"@id\":\"https:\\\/\\\/www.itakaescolapios.org\\\/es\\\/#website\"},\"primaryImageOfPage\":{\"@id\":\"https:\\\/\\\/www.itakaescolapios.org\\\/ca\\\/2017\\\/12\\\/magia-en-familia-de-nuevo-un-exito-en-valencia\\\/#primaryimage\"},\"image\":{\"@id\":\"https:\\\/\\\/www.itakaescolapios.org\\\/ca\\\/2017\\\/12\\\/magia-en-familia-de-nuevo-un-exito-en-valencia\\\/#primaryimage\"},\"thumbnailUrl\":\"https:\\\/\\\/www.itakaescolapios.org\\\/wp-content\\\/uploads\\\/2017\\\/12\\\/P1080326.jpg\",\"datePublished\":\"2017-12-20T10:51:53+00:00\",\"dateModified\":\"2023-11-28T11:37:43+00:00\",\"breadcrumb\":{\"@id\":\"https:\\\/\\\/www.itakaescolapios.org\\\/ca\\\/2017\\\/12\\\/magia-en-familia-de-nuevo-un-exito-en-valencia\\\/#breadcrumb\"},\"inLanguage\":\"ca\",\"potentialAction\":[{\"@type\":\"ReadAction\",\"target\":[\"https:\\\/\\\/www.itakaescolapios.org\\\/ca\\\/2017\\\/12\\\/magia-en-familia-de-nuevo-un-exito-en-valencia\\\/\"]}]},{\"@type\":\"ImageObject\",\"inLanguage\":\"ca\",\"@id\":\"https:\\\/\\\/www.itakaescolapios.org\\\/ca\\\/2017\\\/12\\\/magia-en-familia-de-nuevo-un-exito-en-valencia\\\/#primaryimage\",\"url\":\"https:\\\/\\\/www.itakaescolapios.org\\\/wp-content\\\/uploads\\\/2017\\\/12\\\/P1080326.jpg\",\"contentUrl\":\"https:\\\/\\\/www.itakaescolapios.org\\\/wp-content\\\/uploads\\\/2017\\\/12\\\/P1080326.jpg\",\"width\":2000,\"height\":1500},{\"@type\":\"BreadcrumbList\",\"@id\":\"https:\\\/\\\/www.itakaescolapios.org\\\/ca\\\/2017\\\/12\\\/magia-en-familia-de-nuevo-un-exito-en-valencia\\\/#breadcrumb\",\"itemListElement\":[{\"@type\":\"ListItem\",\"position\":1,\"name\":\"Itaka-Escolapios\",\"item\":\"https:\\\/\\\/www.itakaescolapios.org\\\/es\\\/\"},{\"@type\":\"ListItem\",\"position\":2,\"name\":\"MAGIA EN FAMILIA, DE NUEVO UN \u00c9XITO EN VALENCIA\"}]},{\"@type\":\"WebSite\",\"@id\":\"https:\\\/\\\/www.itakaescolapios.org\\\/ca\\\/es\\\/#website\",\"url\":\"https:\\\/\\\/www.itakaescolapios.org\\\/ca\\\/es\\\/\",\"name\":\"Itaka-Escolapios\",\"description\":\"Red de Itaka-Escolapios\",\"publisher\":{\"@id\":\"https:\\\/\\\/www.itakaescolapios.org\\\/ca\\\/es\\\/#organization\"},\"potentialAction\":[{\"@type\":\"SearchAction\",\"target\":{\"@type\":\"EntryPoint\",\"urlTemplate\":\"https:\\\/\\\/www.itakaescolapios.org\\\/ca\\\/es\\\/?s={search_term_string}\"},\"query-input\":{\"@type\":\"PropertyValueSpecification\",\"valueRequired\":true,\"valueName\":\"search_term_string\"}}],\"inLanguage\":\"ca\"},{\"@type\":\"Organization\",\"@id\":\"https:\\\/\\\/www.itakaescolapios.org\\\/ca\\\/es\\\/#organization\",\"name\":\"Fundaci\u00f3 Itaka-Escolapios\",\"url\":\"https:\\\/\\\/www.itakaescolapios.org\\\/ca\\\/es\\\/\",\"logo\":{\"@type\":\"ImageObject\",\"inLanguage\":\"ca\",\"@id\":\"https:\\\/\\\/www.itakaescolapios.org\\\/ca\\\/es\\\/#\\\/schema\\\/logo\\\/image\\\/\",\"url\":\"https:\\\/\\\/www.itakaescolapios.org\\\/wp-content\\\/uploads\\\/2024\\\/04\\\/Logo-itakaescolapios-peque.png\",\"contentUrl\":\"https:\\\/\\\/www.itakaescolapios.org\\\/wp-content\\\/uploads\\\/2024\\\/04\\\/Logo-itakaescolapios-peque.png\",\"width\":500,\"height\":199,\"caption\":\"Fundaci\u00f3 Itaka-Escolapios\"},\"image\":{\"@id\":\"https:\\\/\\\/www.itakaescolapios.org\\\/ca\\\/es\\\/#\\\/schema\\\/logo\\\/image\\\/\"}},{\"@type\":\"Person\",\"@id\":\"https:\\\/\\\/www.itakaescolapios.org\\\/es\\\/#\\\/schema\\\/person\\\/c232ccaa2b3f2e98db93c1f8dfca96ff\",\"name\":\"valencia01\",\"url\":\"https:\\\/\\\/www.itakaescolapios.org\\\/ca\\\/author\\\/valencia01\\\/\"}]}<\/script>\n<!-- \/ Yoast SEO plugin. -->","yoast_head_json":{"title":"MAGIA EN FAMILIA, DE NUEVO UN \u00c9XITO EN VALENCIA","description":"El pasado s\u00e1bado celebramos una nueva edici\u00f3n, y ya van seis, de \u201cMagia en Familia\u201d. El colegio San Jos\u00e9 de Calasanz de Valencia volvi\u00f3 a acoger en su sal\u00f3n de actos este espect\u00e1culo, que cont\u00f3 en el escenario con el mago Kiki, el mago Vaza, el mago Sergio y la colaboraci\u00f3n especial de David Guerrero,&hellip;","robots":{"index":"index","follow":"follow","max-snippet":"max-snippet:-1","max-image-preview":"max-image-preview:large","max-video-preview":"max-video-preview:-1"},"canonical":"El pasado s\u00e1bado celebramos una nueva edici\u00f3n, y ya van seis, de \u201cMagia en Familia\u201d. El colegio San Jos\u00e9 de Calasanz de Valencia volvi\u00f3 a acoger en su sal\u00f3n de actos este espect\u00e1culo, que cont\u00f3 en el escenario con el mago Kiki, el mago Vaza, el mago Sergio y la colaboraci\u00f3n especial de David Guerrero,&hellip;","og_locale":"ca_ES","og_type":"article","og_title":"MAGIA EN FAMILIA, DE NUEVO UN \u00c9XITO EN VALENCIA","og_description":"El pasado s\u00e1bado celebramos una nueva edici\u00f3n, y ya van seis, de \u201cMagia en Familia\u201d. El colegio San Jos\u00e9 de Calasanz de Valencia volvi\u00f3 a acoger en su sal\u00f3n de actos este espect\u00e1culo, que cont\u00f3 en el escenario con el mago Kiki, el mago Vaza, el mago Sergio y la colaboraci\u00f3n especial de David Guerrero,&hellip;","og_url":"https:\/\/www.itakaescolapios.org\/ca\/2017\/12\/magia-en-familia-de-nuevo-un-exito-en-valencia\/","og_site_name":"Itaka-Escolapios","article_published_time":"2017-12-20T10:51:53+00:00","article_modified_time":"2023-11-28T11:37:43+00:00","og_image":[{"width":2000,"height":1500,"url":"https:\/\/www.itakaescolapios.org\/wp-content\/uploads\/2017\/12\/P1080326.jpg","type":"image\/jpeg"}],"author":"valencia01","twitter_card":"summary_large_image","twitter_misc":{"Escrit per":"valencia01","Temps estimat de lectura":"2 minuts"},"schema":{"@context":"https:\/\/schema.org","@graph":[{"@type":"Article","@id":"https:\/\/www.itakaescolapios.org\/ca\/2017\/12\/magia-en-familia-de-nuevo-un-exito-en-valencia\/#article","isPartOf":{"@id":"https:\/\/www.itakaescolapios.org\/ca\/2017\/12\/magia-en-familia-de-nuevo-un-exito-en-valencia\/"},"author":{"name":"valencia01","@id":"https:\/\/www.itakaescolapios.org\/es\/#\/schema\/person\/c232ccaa2b3f2e98db93c1f8dfca96ff"},"headline":"MAGIA EN FAMILIA, DE NUEVO UN \u00c9XITO EN VALENCIA","datePublished":"2017-12-20T10:51:53+00:00","dateModified":"2023-11-28T11:37:43+00:00","mainEntityOfPage":{"@id":"https:\/\/www.itakaescolapios.org\/ca\/2017\/12\/magia-en-familia-de-nuevo-un-exito-en-valencia\/"},"wordCount":380,"publisher":{"@id":"https:\/\/www.itakaescolapios.org\/es\/#organization"},"image":{"@id":"https:\/\/www.itakaescolapios.org\/ca\/2017\/12\/magia-en-familia-de-nuevo-un-exito-en-valencia\/#primaryimage"},"thumbnailUrl":"https:\/\/www.itakaescolapios.org\/wp-content\/uploads\/2017\/12\/P1080326.jpg","keywords":["el tesoro de Senegal","Escuela de Superh\u00e9res","Magia","Magia en Familia","magos","proyecto escolapio","Senegal"],"articleSection":["Valencia"],"inLanguage":"ca"},{"@type":"WebPage","@id":"https:\/\/www.itakaescolapios.org\/ca\/2017\/12\/magia-en-familia-de-nuevo-un-exito-en-valencia\/","url":"https:\/\/www.itakaescolapios.org\/ca\/2017\/12\/magia-en-familia-de-nuevo-un-exito-en-valencia\/","name":"MAGIA EN FAMILIA, DE NUEVO UN \u00c9XITO EN VALENCIA - Itaka-Escolapios","isPartOf":{"@id":"https:\/\/www.itakaescolapios.org\/es\/#website"},"primaryImageOfPage":{"@id":"https:\/\/www.itakaescolapios.org\/ca\/2017\/12\/magia-en-familia-de-nuevo-un-exito-en-valencia\/#primaryimage"},"image":{"@id":"https:\/\/www.itakaescolapios.org\/ca\/2017\/12\/magia-en-familia-de-nuevo-un-exito-en-valencia\/#primaryimage"},"thumbnailUrl":"https:\/\/www.itakaescolapios.org\/wp-content\/uploads\/2017\/12\/P1080326.jpg","datePublished":"2017-12-20T10:51:53+00:00","dateModified":"2023-11-28T11:37:43+00:00","breadcrumb":{"@id":"https:\/\/www.itakaescolapios.org\/ca\/2017\/12\/magia-en-familia-de-nuevo-un-exito-en-valencia\/#breadcrumb"},"inLanguage":"ca","potentialAction":[{"@type":"ReadAction","target":["https:\/\/www.itakaescolapios.org\/ca\/2017\/12\/magia-en-familia-de-nuevo-un-exito-en-valencia\/"]}]},{"@type":"ImageObject","inLanguage":"ca","@id":"https:\/\/www.itakaescolapios.org\/ca\/2017\/12\/magia-en-familia-de-nuevo-un-exito-en-valencia\/#primaryimage","url":"https:\/\/www.itakaescolapios.org\/wp-content\/uploads\/2017\/12\/P1080326.jpg","contentUrl":"https:\/\/www.itakaescolapios.org\/wp-content\/uploads\/2017\/12\/P1080326.jpg","width":2000,"height":1500},{"@type":"BreadcrumbList","@id":"https:\/\/www.itakaescolapios.org\/ca\/2017\/12\/magia-en-familia-de-nuevo-un-exito-en-valencia\/#breadcrumb","itemListElement":[{"@type":"ListItem","position":1,"name":"Itaka-Escolapios","item":"https:\/\/www.itakaescolapios.org\/es\/"},{"@type":"ListItem","position":2,"name":"MAGIA EN FAMILIA, DE NUEVO UN \u00c9XITO EN VALENCIA"}]},{"@type":"WebSite","@id":"https:\/\/www.itakaescolapios.org\/ca\/es\/#website","url":"https:\/\/www.itakaescolapios.org\/ca\/es\/","name":"Itaka-Escolapios","description":"Red de Itaka-Escolapios","publisher":{"@id":"https:\/\/www.itakaescolapios.org\/ca\/es\/#organization"},"potentialAction":[{"@type":"SearchAction","target":{"@type":"EntryPoint","urlTemplate":"https:\/\/www.itakaescolapios.org\/ca\/es\/?s={search_term_string}"},"query-input":{"@type":"PropertyValueSpecification","valueRequired":true,"valueName":"search_term_string"}}],"inLanguage":"ca"},{"@type":"Organization","@id":"https:\/\/www.itakaescolapios.org\/ca\/es\/#organization","name":"Fundaci\u00f3 Itaka-Escolapios","url":"https:\/\/www.itakaescolapios.org\/ca\/es\/","logo":{"@type":"ImageObject","inLanguage":"ca","@id":"https:\/\/www.itakaescolapios.org\/ca\/es\/#\/schema\/logo\/image\/","url":"https:\/\/www.itakaescolapios.org\/wp-content\/uploads\/2024\/04\/Logo-itakaescolapios-peque.png","contentUrl":"https:\/\/www.itakaescolapios.org\/wp-content\/uploads\/2024\/04\/Logo-itakaescolapios-peque.png","width":500,"height":199,"caption":"Fundaci\u00f3 Itaka-Escolapios"},"image":{"@id":"https:\/\/www.itakaescolapios.org\/ca\/es\/#\/schema\/logo\/image\/"}},{"@type":"Person","@id":"https:\/\/www.itakaescolapios.org\/es\/#\/schema\/person\/c232ccaa2b3f2e98db93c1f8dfca96ff","name":"valencia01","url":"https:\/\/www.itakaescolapios.org\/ca\/author\/valencia01\/"}]}},"_links":{"self":[{"href":"https:\/\/www.itakaescolapios.org\/ca\/wp-json\/wp\/v2\/posts\/21480","targetHints":{"allow":["GET"]}}],"collection":[{"href":"https:\/\/www.itakaescolapios.org\/ca\/wp-json\/wp\/v2\/posts"}],"about":[{"href":"https:\/\/www.itakaescolapios.org\/ca\/wp-json\/wp\/v2\/types\/post"}],"author":[{"embeddable":true,"href":"https:\/\/www.itakaescolapios.org\/ca\/wp-json\/wp\/v2\/users\/39"}],"replies":[{"embeddable":true,"href":"https:\/\/www.itakaescolapios.org\/ca\/wp-json\/wp\/v2\/comments?post=21480"}],"version-history":[{"count":5,"href":"https:\/\/www.itakaescolapios.org\/ca\/wp-json\/wp\/v2\/posts\/21480\/revisions"}],"predecessor-version":[{"id":47166,"href":"https:\/\/www.itakaescolapios.org\/ca\/wp-json\/wp\/v2\/posts\/21480\/revisions\/47166"}],"wp:featuredmedia":[{"embeddable":true,"href":"https:\/\/www.itakaescolapios.org\/ca\/wp-json\/wp\/v2\/media\/21481"}],"wp:attachment":[{"href":"https:\/\/www.itakaescolapios.org\/ca\/wp-json\/wp\/v2\/media?parent=21480"}],"wp:term":[{"taxonomy":"category","embeddable":true,"href":"https:\/\/www.itakaescolapios.org\/ca\/wp-json\/wp\/v2\/categories?post=21480"},{"taxonomy":"post_tag","embeddable":true,"href":"https:\/\/www.itakaescolapios.org\/ca\/wp-json\/wp\/v2\/tags?post=21480"}],"curies":[{"name":"wp","href":"https:\/\/api.w.org\/{rel}","templated":true}]}}