{"id":21696,"date":"2018-01-11T17:40:48","date_gmt":"2018-01-11T16:40:48","guid":{"rendered":"https:\/\/www.itakaescolapios.org\/?p=21696"},"modified":"2023-11-28T12:37:41","modified_gmt":"2023-11-28T11:37:41","slug":"aprender-leyendo-y-hablando-en-mare","status":"publish","type":"post","link":"https:\/\/www.itakaescolapios.org\/ca\/2018\/01\/aprender-leyendo-y-hablando-en-mare\/","title":{"rendered":"APRENDER LEYENDO Y HABLANDO, EN MARE"},"content":{"rendered":"<p style=\"text-align: justify\">Durante este curso hemos empezado una nueva actividad en el proyecto Mare de Valencia: Las tertulias literarias dial\u00f3gicas. Gracias al buen resultado que se est\u00e1 viendo en la motivaci\u00f3n por la lectura, en la argumentaci\u00f3n, en generar pensamiento cr\u00edtico en los alumnos\/as de secundaria del colegio Escuelas P\u00edas Malvarrosa, nos aventuramos a comenzar con los ni\u00f1os y ni\u00f1as de nuestro proyecto.<\/p>\n<p style=\"text-align: justify\">Tenemos dos grupos de ni\u00f1os y ni\u00f1as, y los libros elegidos para este curso han sido: &#8220;La vuelta al mundo en 80 d\u00edas&#8221; y &#8220;La isla del tesoro&#8221;.\u00a0 El desarrollo de la actividad consiste en leer en casa o en el proyecto las p\u00e1ginas acordadas del libro para la tertulia. All\u00ed, cada uno se\u00f1alar\u00e1 una idea o p\u00e1rrafo que m\u00e1s le ha llamado la atenci\u00f3n por cualquier motivo, porque le ha gustado, porque no lo entiende, porque le recuerda a algo\u2026<\/p>\n<p style=\"text-align: justify\">Una vez en la tertulia, cada ni\u00f1o\/a, respetando el turno de palabra, lee su idea o p\u00e1rrafo y explica por qu\u00e9 lo ha elegido. Despu\u00e9s se abre turno de palabra para que los dem\u00e1s ni\u00f1os\/as puedan comentar sobre esa idea.<\/p>\n<p style=\"text-align: justify\">Una de las reglas de las tertulias es que todas las opiniones son respetadas, de forma que todos los ni\u00f1os\/as se sientan con ganas de participar y aprender y aumenten su curiosidad. Poco a poco nos iremos adentrando en el fant\u00e1stico mundo de la lectura, porque para viajar lejos, no hay mejor nave que un libro.<\/p>\n\n\t\t<style type=\"text\/css\">\n\t\t\t#gallery-1 {\n\t\t\t\tmargin: auto;\n\t\t\t}\n\t\t\t#gallery-1 .gallery-item {\n\t\t\t\tfloat: left;\n\t\t\t\tmargin-top: 10px;\n\t\t\t\ttext-align: center;\n\t\t\t\twidth: 50%;\n\t\t\t}\n\t\t\t#gallery-1 img {\n\t\t\t\tborder: 2px solid #cfcfcf;\n\t\t\t}\n\t\t\t#gallery-1 .gallery-caption {\n\t\t\t\tmargin-left: 0;\n\t\t\t}\n\t\t\t\/* see gallery_shortcode() in wp-includes\/media.php *\/\n\t\t<\/style>\n\t\t<div id='gallery-1' class='gallery galleryid-21696 gallery-columns-2 gallery-size-thumbnail'><dl class='gallery-item'>\n\t\t\t<dt class='gallery-icon portrait'>\n\t\t\t\t<img decoding=\"async\" width=\"90\" height=\"90\" src=\"https:\/\/www.itakaescolapios.org\/wp-content\/uploads\/2018\/01\/tertulias-1-90x90.jpeg\" class=\"attachment-thumbnail size-thumbnail\" alt=\"\" \/>\n\t\t\t<\/dt><\/dl><dl class='gallery-item'>\n\t\t\t<dt class='gallery-icon landscape'>\n\t\t\t\t<img decoding=\"async\" width=\"90\" height=\"90\" src=\"https:\/\/www.itakaescolapios.org\/wp-content\/uploads\/2018\/01\/tertulias-3-90x90.jpeg\" class=\"attachment-thumbnail size-thumbnail\" alt=\"\" \/>\n\t\t\t<\/dt><\/dl><br style=\"clear: both\" \/>\n\t\t<\/div>\n\n","protected":false},"excerpt":{"rendered":"<p>Durante este curso hemos empezado una nueva actividad en el proyecto Mare de Valencia: Las tertulias literarias dial\u00f3gicas. Gracias al buen resultado que se est\u00e1 viendo en la motivaci\u00f3n por [&hellip;]<\/p>\n","protected":false},"author":39,"featured_media":21699,"comment_status":"closed","ping_status":"closed","sticky":false,"template":"","format":"standard","meta":{"_et_pb_use_builder":"","_et_pb_old_content":"","_et_gb_content_width":"","footnotes":""},"categories":[12],"tags":[296,297,298,293,295,277,294],"class_list":["post-21696","post","type-post","status-publish","format-standard","has-post-thumbnail","hentry","category-valencia","tag-animacion-lectora","tag-la-isla-del-tesoro","tag-la-vuelta-al-mundo-en-80-dias","tag-lectura","tag-leer","tag-proyecto-mare","tag-tertulias"],"yoast_head":"<!-- This site is optimized with the Yoast SEO plugin v27.4 - https:\/\/yoast.com\/product\/yoast-seo-wordpress\/ -->\n<title>APRENDER LEYENDO Y HABLANDO, EN MARE<\/title>\n<meta name=\"description\" content=\"Durante este curso hemos empezado una nueva actividad en el proyecto Mare de Valencia: Las tertulias literarias dial\u00f3gicas. Gracias al buen resultado que se est\u00e1 viendo en la motivaci\u00f3n por la lectura, en la argumentaci\u00f3n, en generar pensamiento cr\u00edtico en los alumnos\/as de secundaria del colegio Escuelas P\u00edas Malvarrosa, nos aventuramos a comenzar con los&hellip;\" \/>\n<meta name=\"robots\" content=\"index, follow, max-snippet:-1, max-image-preview:large, max-video-preview:-1\" \/>\n<link rel=\"canonical\" href=\"\" \/>\n<meta property=\"og:locale\" content=\"ca_ES\" \/>\n<meta property=\"og:type\" content=\"article\" \/>\n<meta property=\"og:title\" content=\"APRENDER LEYENDO Y HABLANDO, EN MARE\" \/>\n<meta property=\"og:description\" content=\"Durante este curso hemos empezado una nueva actividad en el proyecto Mare de Valencia: Las tertulias literarias dial\u00f3gicas. Gracias al buen resultado que se est\u00e1 viendo en la motivaci\u00f3n por la lectura, en la argumentaci\u00f3n, en generar pensamiento cr\u00edtico en los alumnos\/as de secundaria del colegio Escuelas P\u00edas Malvarrosa, nos aventuramos a comenzar con los&hellip;\" \/>\n<meta property=\"og:url\" content=\"https:\/\/www.itakaescolapios.org\/ca\/2018\/01\/aprender-leyendo-y-hablando-en-mare\/\" \/>\n<meta property=\"og:site_name\" content=\"Itaka-Escolapios\" \/>\n<meta property=\"article:published_time\" content=\"2018-01-11T16:40:48+00:00\" \/>\n<meta property=\"article:modified_time\" content=\"2023-11-28T11:37:41+00:00\" \/>\n<meta property=\"og:image\" content=\"https:\/\/www.itakaescolapios.org\/wp-content\/uploads\/2018\/01\/tertulias-2.jpeg\" \/>\n\t<meta property=\"og:image:width\" content=\"1600\" \/>\n\t<meta property=\"og:image:height\" content=\"1200\" \/>\n\t<meta property=\"og:image:type\" content=\"image\/jpeg\" \/>\n<meta name=\"author\" content=\"valencia01\" \/>\n<meta name=\"twitter:card\" content=\"summary_large_image\" \/>\n<meta name=\"twitter:label1\" content=\"Escrit per\" \/>\n\t<meta name=\"twitter:data1\" content=\"valencia01\" \/>\n\t<meta name=\"twitter:label2\" content=\"Temps estimat de lectura\" \/>\n\t<meta name=\"twitter:data2\" content=\"1 minut\" \/>\n<script type=\"application\/ld+json\" class=\"yoast-schema-graph\">{\"@context\":\"https:\\\/\\\/schema.org\",\"@graph\":[{\"@type\":\"Article\",\"@id\":\"https:\\\/\\\/www.itakaescolapios.org\\\/ca\\\/2018\\\/01\\\/aprender-leyendo-y-hablando-en-mare\\\/#article\",\"isPartOf\":{\"@id\":\"https:\\\/\\\/www.itakaescolapios.org\\\/ca\\\/2018\\\/01\\\/aprender-leyendo-y-hablando-en-mare\\\/\"},\"author\":{\"name\":\"valencia01\",\"@id\":\"https:\\\/\\\/www.itakaescolapios.org\\\/es\\\/#\\\/schema\\\/person\\\/c232ccaa2b3f2e98db93c1f8dfca96ff\"},\"headline\":\"APRENDER LEYENDO Y HABLANDO, EN MARE\",\"datePublished\":\"2018-01-11T16:40:48+00:00\",\"dateModified\":\"2023-11-28T11:37:41+00:00\",\"mainEntityOfPage\":{\"@id\":\"https:\\\/\\\/www.itakaescolapios.org\\\/ca\\\/2018\\\/01\\\/aprender-leyendo-y-hablando-en-mare\\\/\"},\"wordCount\":274,\"publisher\":{\"@id\":\"https:\\\/\\\/www.itakaescolapios.org\\\/es\\\/#organization\"},\"image\":{\"@id\":\"https:\\\/\\\/www.itakaescolapios.org\\\/ca\\\/2018\\\/01\\\/aprender-leyendo-y-hablando-en-mare\\\/#primaryimage\"},\"thumbnailUrl\":\"https:\\\/\\\/www.itakaescolapios.org\\\/wp-content\\\/uploads\\\/2018\\\/01\\\/tertulias-2.jpeg\",\"keywords\":[\"animaci\u00f3n lectora\",\"La Isla del tesoro\",\"La Vuelta al mundo en 80 d\u00edas\",\"lectura\",\"leer\",\"Proyecto Mare\",\"tertulias\"],\"articleSection\":[\"Valencia\"],\"inLanguage\":\"ca\"},{\"@type\":\"WebPage\",\"@id\":\"https:\\\/\\\/www.itakaescolapios.org\\\/ca\\\/2018\\\/01\\\/aprender-leyendo-y-hablando-en-mare\\\/\",\"url\":\"https:\\\/\\\/www.itakaescolapios.org\\\/ca\\\/2018\\\/01\\\/aprender-leyendo-y-hablando-en-mare\\\/\",\"name\":\"APRENDER LEYENDO Y HABLANDO, EN MARE - Itaka-Escolapios\",\"isPartOf\":{\"@id\":\"https:\\\/\\\/www.itakaescolapios.org\\\/es\\\/#website\"},\"primaryImageOfPage\":{\"@id\":\"https:\\\/\\\/www.itakaescolapios.org\\\/ca\\\/2018\\\/01\\\/aprender-leyendo-y-hablando-en-mare\\\/#primaryimage\"},\"image\":{\"@id\":\"https:\\\/\\\/www.itakaescolapios.org\\\/ca\\\/2018\\\/01\\\/aprender-leyendo-y-hablando-en-mare\\\/#primaryimage\"},\"thumbnailUrl\":\"https:\\\/\\\/www.itakaescolapios.org\\\/wp-content\\\/uploads\\\/2018\\\/01\\\/tertulias-2.jpeg\",\"datePublished\":\"2018-01-11T16:40:48+00:00\",\"dateModified\":\"2023-11-28T11:37:41+00:00\",\"breadcrumb\":{\"@id\":\"https:\\\/\\\/www.itakaescolapios.org\\\/ca\\\/2018\\\/01\\\/aprender-leyendo-y-hablando-en-mare\\\/#breadcrumb\"},\"inLanguage\":\"ca\",\"potentialAction\":[{\"@type\":\"ReadAction\",\"target\":[\"https:\\\/\\\/www.itakaescolapios.org\\\/ca\\\/2018\\\/01\\\/aprender-leyendo-y-hablando-en-mare\\\/\"]}]},{\"@type\":\"ImageObject\",\"inLanguage\":\"ca\",\"@id\":\"https:\\\/\\\/www.itakaescolapios.org\\\/ca\\\/2018\\\/01\\\/aprender-leyendo-y-hablando-en-mare\\\/#primaryimage\",\"url\":\"https:\\\/\\\/www.itakaescolapios.org\\\/wp-content\\\/uploads\\\/2018\\\/01\\\/tertulias-2.jpeg\",\"contentUrl\":\"https:\\\/\\\/www.itakaescolapios.org\\\/wp-content\\\/uploads\\\/2018\\\/01\\\/tertulias-2.jpeg\",\"width\":1600,\"height\":1200},{\"@type\":\"BreadcrumbList\",\"@id\":\"https:\\\/\\\/www.itakaescolapios.org\\\/ca\\\/2018\\\/01\\\/aprender-leyendo-y-hablando-en-mare\\\/#breadcrumb\",\"itemListElement\":[{\"@type\":\"ListItem\",\"position\":1,\"name\":\"Itaka-Escolapios\",\"item\":\"https:\\\/\\\/www.itakaescolapios.org\\\/es\\\/\"},{\"@type\":\"ListItem\",\"position\":2,\"name\":\"APRENDER LEYENDO Y HABLANDO, EN MARE\"}]},{\"@type\":\"WebSite\",\"@id\":\"https:\\\/\\\/www.itakaescolapios.org\\\/ca\\\/es\\\/#website\",\"url\":\"https:\\\/\\\/www.itakaescolapios.org\\\/ca\\\/es\\\/\",\"name\":\"Itaka-Escolapios\",\"description\":\"Red de Itaka-Escolapios\",\"publisher\":{\"@id\":\"https:\\\/\\\/www.itakaescolapios.org\\\/ca\\\/es\\\/#organization\"},\"potentialAction\":[{\"@type\":\"SearchAction\",\"target\":{\"@type\":\"EntryPoint\",\"urlTemplate\":\"https:\\\/\\\/www.itakaescolapios.org\\\/ca\\\/es\\\/?s={search_term_string}\"},\"query-input\":{\"@type\":\"PropertyValueSpecification\",\"valueRequired\":true,\"valueName\":\"search_term_string\"}}],\"inLanguage\":\"ca\"},{\"@type\":\"Organization\",\"@id\":\"https:\\\/\\\/www.itakaescolapios.org\\\/ca\\\/es\\\/#organization\",\"name\":\"Fundaci\u00f3 Itaka-Escolapios\",\"url\":\"https:\\\/\\\/www.itakaescolapios.org\\\/ca\\\/es\\\/\",\"logo\":{\"@type\":\"ImageObject\",\"inLanguage\":\"ca\",\"@id\":\"https:\\\/\\\/www.itakaescolapios.org\\\/ca\\\/es\\\/#\\\/schema\\\/logo\\\/image\\\/\",\"url\":\"https:\\\/\\\/www.itakaescolapios.org\\\/wp-content\\\/uploads\\\/2024\\\/04\\\/Logo-itakaescolapios-peque.png\",\"contentUrl\":\"https:\\\/\\\/www.itakaescolapios.org\\\/wp-content\\\/uploads\\\/2024\\\/04\\\/Logo-itakaescolapios-peque.png\",\"width\":500,\"height\":199,\"caption\":\"Fundaci\u00f3 Itaka-Escolapios\"},\"image\":{\"@id\":\"https:\\\/\\\/www.itakaescolapios.org\\\/ca\\\/es\\\/#\\\/schema\\\/logo\\\/image\\\/\"}},{\"@type\":\"Person\",\"@id\":\"https:\\\/\\\/www.itakaescolapios.org\\\/es\\\/#\\\/schema\\\/person\\\/c232ccaa2b3f2e98db93c1f8dfca96ff\",\"name\":\"valencia01\",\"url\":\"https:\\\/\\\/www.itakaescolapios.org\\\/ca\\\/author\\\/valencia01\\\/\"}]}<\/script>\n<!-- \/ Yoast SEO plugin. -->","yoast_head_json":{"title":"APRENDER LEYENDO Y HABLANDO, EN MARE","description":"Durante este curso hemos empezado una nueva actividad en el proyecto Mare de Valencia: Las tertulias literarias dial\u00f3gicas. Gracias al buen resultado que se est\u00e1 viendo en la motivaci\u00f3n por la lectura, en la argumentaci\u00f3n, en generar pensamiento cr\u00edtico en los alumnos\/as de secundaria del colegio Escuelas P\u00edas Malvarrosa, nos aventuramos a comenzar con los&hellip;","robots":{"index":"index","follow":"follow","max-snippet":"max-snippet:-1","max-image-preview":"max-image-preview:large","max-video-preview":"max-video-preview:-1"},"canonical":"Durante este curso hemos empezado una nueva actividad en el proyecto Mare de Valencia: Las tertulias literarias dial\u00f3gicas. Gracias al buen resultado que se est\u00e1 viendo en la motivaci\u00f3n por la lectura, en la argumentaci\u00f3n, en generar pensamiento cr\u00edtico en los alumnos\/as de secundaria del colegio Escuelas P\u00edas Malvarrosa, nos aventuramos a comenzar con los&hellip;","og_locale":"ca_ES","og_type":"article","og_title":"APRENDER LEYENDO Y HABLANDO, EN MARE","og_description":"Durante este curso hemos empezado una nueva actividad en el proyecto Mare de Valencia: Las tertulias literarias dial\u00f3gicas. Gracias al buen resultado que se est\u00e1 viendo en la motivaci\u00f3n por la lectura, en la argumentaci\u00f3n, en generar pensamiento cr\u00edtico en los alumnos\/as de secundaria del colegio Escuelas P\u00edas Malvarrosa, nos aventuramos a comenzar con los&hellip;","og_url":"https:\/\/www.itakaescolapios.org\/ca\/2018\/01\/aprender-leyendo-y-hablando-en-mare\/","og_site_name":"Itaka-Escolapios","article_published_time":"2018-01-11T16:40:48+00:00","article_modified_time":"2023-11-28T11:37:41+00:00","og_image":[{"width":1600,"height":1200,"url":"https:\/\/www.itakaescolapios.org\/wp-content\/uploads\/2018\/01\/tertulias-2.jpeg","type":"image\/jpeg"}],"author":"valencia01","twitter_card":"summary_large_image","twitter_misc":{"Escrit per":"valencia01","Temps estimat de lectura":"1 minut"},"schema":{"@context":"https:\/\/schema.org","@graph":[{"@type":"Article","@id":"https:\/\/www.itakaescolapios.org\/ca\/2018\/01\/aprender-leyendo-y-hablando-en-mare\/#article","isPartOf":{"@id":"https:\/\/www.itakaescolapios.org\/ca\/2018\/01\/aprender-leyendo-y-hablando-en-mare\/"},"author":{"name":"valencia01","@id":"https:\/\/www.itakaescolapios.org\/es\/#\/schema\/person\/c232ccaa2b3f2e98db93c1f8dfca96ff"},"headline":"APRENDER LEYENDO Y HABLANDO, EN MARE","datePublished":"2018-01-11T16:40:48+00:00","dateModified":"2023-11-28T11:37:41+00:00","mainEntityOfPage":{"@id":"https:\/\/www.itakaescolapios.org\/ca\/2018\/01\/aprender-leyendo-y-hablando-en-mare\/"},"wordCount":274,"publisher":{"@id":"https:\/\/www.itakaescolapios.org\/es\/#organization"},"image":{"@id":"https:\/\/www.itakaescolapios.org\/ca\/2018\/01\/aprender-leyendo-y-hablando-en-mare\/#primaryimage"},"thumbnailUrl":"https:\/\/www.itakaescolapios.org\/wp-content\/uploads\/2018\/01\/tertulias-2.jpeg","keywords":["animaci\u00f3n lectora","La Isla del tesoro","La Vuelta al mundo en 80 d\u00edas","lectura","leer","Proyecto Mare","tertulias"],"articleSection":["Valencia"],"inLanguage":"ca"},{"@type":"WebPage","@id":"https:\/\/www.itakaescolapios.org\/ca\/2018\/01\/aprender-leyendo-y-hablando-en-mare\/","url":"https:\/\/www.itakaescolapios.org\/ca\/2018\/01\/aprender-leyendo-y-hablando-en-mare\/","name":"APRENDER LEYENDO Y HABLANDO, EN MARE - Itaka-Escolapios","isPartOf":{"@id":"https:\/\/www.itakaescolapios.org\/es\/#website"},"primaryImageOfPage":{"@id":"https:\/\/www.itakaescolapios.org\/ca\/2018\/01\/aprender-leyendo-y-hablando-en-mare\/#primaryimage"},"image":{"@id":"https:\/\/www.itakaescolapios.org\/ca\/2018\/01\/aprender-leyendo-y-hablando-en-mare\/#primaryimage"},"thumbnailUrl":"https:\/\/www.itakaescolapios.org\/wp-content\/uploads\/2018\/01\/tertulias-2.jpeg","datePublished":"2018-01-11T16:40:48+00:00","dateModified":"2023-11-28T11:37:41+00:00","breadcrumb":{"@id":"https:\/\/www.itakaescolapios.org\/ca\/2018\/01\/aprender-leyendo-y-hablando-en-mare\/#breadcrumb"},"inLanguage":"ca","potentialAction":[{"@type":"ReadAction","target":["https:\/\/www.itakaescolapios.org\/ca\/2018\/01\/aprender-leyendo-y-hablando-en-mare\/"]}]},{"@type":"ImageObject","inLanguage":"ca","@id":"https:\/\/www.itakaescolapios.org\/ca\/2018\/01\/aprender-leyendo-y-hablando-en-mare\/#primaryimage","url":"https:\/\/www.itakaescolapios.org\/wp-content\/uploads\/2018\/01\/tertulias-2.jpeg","contentUrl":"https:\/\/www.itakaescolapios.org\/wp-content\/uploads\/2018\/01\/tertulias-2.jpeg","width":1600,"height":1200},{"@type":"BreadcrumbList","@id":"https:\/\/www.itakaescolapios.org\/ca\/2018\/01\/aprender-leyendo-y-hablando-en-mare\/#breadcrumb","itemListElement":[{"@type":"ListItem","position":1,"name":"Itaka-Escolapios","item":"https:\/\/www.itakaescolapios.org\/es\/"},{"@type":"ListItem","position":2,"name":"APRENDER LEYENDO Y HABLANDO, EN MARE"}]},{"@type":"WebSite","@id":"https:\/\/www.itakaescolapios.org\/ca\/es\/#website","url":"https:\/\/www.itakaescolapios.org\/ca\/es\/","name":"Itaka-Escolapios","description":"Red de Itaka-Escolapios","publisher":{"@id":"https:\/\/www.itakaescolapios.org\/ca\/es\/#organization"},"potentialAction":[{"@type":"SearchAction","target":{"@type":"EntryPoint","urlTemplate":"https:\/\/www.itakaescolapios.org\/ca\/es\/?s={search_term_string}"},"query-input":{"@type":"PropertyValueSpecification","valueRequired":true,"valueName":"search_term_string"}}],"inLanguage":"ca"},{"@type":"Organization","@id":"https:\/\/www.itakaescolapios.org\/ca\/es\/#organization","name":"Fundaci\u00f3 Itaka-Escolapios","url":"https:\/\/www.itakaescolapios.org\/ca\/es\/","logo":{"@type":"ImageObject","inLanguage":"ca","@id":"https:\/\/www.itakaescolapios.org\/ca\/es\/#\/schema\/logo\/image\/","url":"https:\/\/www.itakaescolapios.org\/wp-content\/uploads\/2024\/04\/Logo-itakaescolapios-peque.png","contentUrl":"https:\/\/www.itakaescolapios.org\/wp-content\/uploads\/2024\/04\/Logo-itakaescolapios-peque.png","width":500,"height":199,"caption":"Fundaci\u00f3 Itaka-Escolapios"},"image":{"@id":"https:\/\/www.itakaescolapios.org\/ca\/es\/#\/schema\/logo\/image\/"}},{"@type":"Person","@id":"https:\/\/www.itakaescolapios.org\/es\/#\/schema\/person\/c232ccaa2b3f2e98db93c1f8dfca96ff","name":"valencia01","url":"https:\/\/www.itakaescolapios.org\/ca\/author\/valencia01\/"}]}},"_links":{"self":[{"href":"https:\/\/www.itakaescolapios.org\/ca\/wp-json\/wp\/v2\/posts\/21696","targetHints":{"allow":["GET"]}}],"collection":[{"href":"https:\/\/www.itakaescolapios.org\/ca\/wp-json\/wp\/v2\/posts"}],"about":[{"href":"https:\/\/www.itakaescolapios.org\/ca\/wp-json\/wp\/v2\/types\/post"}],"author":[{"embeddable":true,"href":"https:\/\/www.itakaescolapios.org\/ca\/wp-json\/wp\/v2\/users\/39"}],"replies":[{"embeddable":true,"href":"https:\/\/www.itakaescolapios.org\/ca\/wp-json\/wp\/v2\/comments?post=21696"}],"version-history":[{"count":5,"href":"https:\/\/www.itakaescolapios.org\/ca\/wp-json\/wp\/v2\/posts\/21696\/revisions"}],"predecessor-version":[{"id":47112,"href":"https:\/\/www.itakaescolapios.org\/ca\/wp-json\/wp\/v2\/posts\/21696\/revisions\/47112"}],"wp:featuredmedia":[{"embeddable":true,"href":"https:\/\/www.itakaescolapios.org\/ca\/wp-json\/wp\/v2\/media\/21699"}],"wp:attachment":[{"href":"https:\/\/www.itakaescolapios.org\/ca\/wp-json\/wp\/v2\/media?parent=21696"}],"wp:term":[{"taxonomy":"category","embeddable":true,"href":"https:\/\/www.itakaescolapios.org\/ca\/wp-json\/wp\/v2\/categories?post=21696"},{"taxonomy":"post_tag","embeddable":true,"href":"https:\/\/www.itakaescolapios.org\/ca\/wp-json\/wp\/v2\/tags?post=21696"}],"curies":[{"name":"wp","href":"https:\/\/api.w.org\/{rel}","templated":true}]}}