{"id":22318,"date":"2018-03-06T11:11:40","date_gmt":"2018-03-06T10:11:40","guid":{"rendered":"https:\/\/www.itakaescolapios.org\/?p=22318"},"modified":"2023-11-28T12:37:35","modified_gmt":"2023-11-28T11:37:35","slug":"encuentro-de-accion-social-en-betania","status":"publish","type":"post","link":"https:\/\/www.itakaescolapios.org\/ca\/2018\/03\/encuentro-de-accion-social-en-betania\/","title":{"rendered":"ENCUENTRO DE ACCI\u00d3N SOCIAL EN BETANIA"},"content":{"rendered":"<p style=\"text-align: justify\">El pasado fin de semana, Cercedilla acogi\u00f3 el Encuentro de Acci\u00f3n Social de la provincia de Betania, con la presencia de los coordinadores de los colegios, as\u00ed como de Itaka- Escolapios, que tiene la encomienda de impulsar la Acci\u00f3n Social en la provincia.<\/p>\n<p style=\"text-align: justify\">El objetivo fundamental del encuentro de este a\u00f1o era ver d\u00f3nde nos situamos actualmente desde el punto de vista de la Acci\u00f3n Social y, a partir de ah\u00ed, realizar propuestas para el pr\u00f3ximo Cap\u00edtulo provincial, que tendr\u00e1 lugar en enero de 2019.<\/p>\n<p style=\"text-align: justify\">Para ello, empezamos el trabajo elaborando personalmente un mapa de empat\u00eda de la Acci\u00f3n Social, que luego compartimos por grupos. A continuaci\u00f3n, Jose Angel Beltr\u00e1n, coordinador de Pastoral, dio las claves de la identidad de los educadores y educadoras escolapios, una charla que dej\u00f3 la puerta abierta al trabajo de la tarde, haciendo nuestro propio \u00e1rbol con los objetivos de Acci\u00f3n Social establecidos en el Proyecto Marco de Acci\u00f3n Social, para so\u00f1ar juntos con lo que queremos que sea y elaborar las propuestas al Cap\u00edtulo.<\/p>\n<p style=\"text-align: justify\">La ma\u00f1ana del s\u00e1bado se centr\u00f3 en los valores, proyectos, metodolog\u00edas y labor de la Red Itaka- Escolapios en el mundo con una subasta en la que se puj\u00f3 por cada uno de ellos mientras se explicaban.<\/p>\n<p style=\"text-align: justify\">Han sido tres d\u00edas de trabajo y convivencia de los que salimos con las fuerzas renovadas, ilusi\u00f3n por lo que hacemos y ganas de plasmar nuevas ideas en nuestros colegios de Betania. Un espacio para compartir experiencias y orientar la Acci\u00f3n Social en un camino com\u00fan, siguiendo los pasos de Calasanz en su opci\u00f3n por los ni\u00f1os y ni\u00f1as m\u00e1s pobres.<\/p>\n<p style=\"text-align: justify\">Pod\u00e9is ver todas las fotos del Encuentro DAS en el Facebook de <a href=\"https:\/\/www.facebook.com\/pg\/ItakaBetania\/photos\/?tab=album&amp;album_id=1747343558688991\" target=\"_blank\" rel=\"noopener\">Itaka- Escolapios Betania<\/a>.<\/p>\n","protected":false},"excerpt":{"rendered":"<p>El pasado fin de semana, Cercedilla acogi\u00f3 el Encuentro de Acci\u00f3n Social de la provincia de Betania, con la presencia de los coordinadores de los colegios, as\u00ed como de Itaka- [&hellip;]<\/p>\n","protected":false},"author":39,"featured_media":22319,"comment_status":"closed","ping_status":"closed","sticky":false,"template":"","format":"standard","meta":{"_et_pb_use_builder":"","_et_pb_old_content":"","_et_gb_content_width":"","footnotes":""},"categories":[146,12],"tags":[111,196,317,292,45,419,316],"class_list":["post-22318","post","type-post","status-publish","format-standard","has-post-thumbnail","hentry","category-madrid","category-valencia","tag-accion-social","tag-betania","tag-coordinadores-accion-social","tag-das","tag-encuentro","tag-itaka-escolapios","tag-propuestas"],"yoast_head":"<!-- This site is optimized with the Yoast SEO plugin v27.4 - https:\/\/yoast.com\/product\/yoast-seo-wordpress\/ -->\n<title>ENCUENTRO DE ACCI\u00d3N SOCIAL EN BETANIA<\/title>\n<meta name=\"description\" content=\"El pasado fin de semana, Cercedilla acogi\u00f3 el Encuentro de Acci\u00f3n Social de la provincia de Betania, con la presencia de los coordinadores de los colegios, as\u00ed como de Itaka- Escolapios, que tiene la encomienda de impulsar la Acci\u00f3n Social en la provincia. El objetivo fundamental del encuentro de este a\u00f1o era ver d\u00f3nde nos&hellip;\" \/>\n<meta name=\"robots\" content=\"index, follow, max-snippet:-1, max-image-preview:large, max-video-preview:-1\" \/>\n<link rel=\"canonical\" href=\"http:\/\/El%20pasado%20fin%20de%20semana,%20Cercedilla%20acogi\u00f3%20el%20Encuentro%20de%20Acci\u00f3n%20Social%20de%20la%20provincia%20de%20Betania,%20con%20la%20presencia%20de%20los%20coordinadores%20de%20los%20colegios,%20as\u00ed%20como%20de%20Itaka-%20Escolapios,%20que%20tiene%20la%20encomienda%20de%20impulsar%20la%20Acci\u00f3n%20Social%20en%20la%20provincia.%20El%20objetivo%20fundamental%20del%20encuentro%20de%20este%20a\u00f1o%20era%20ver%20d\u00f3nde%20nos&hellip;\" \/>\n<meta property=\"og:locale\" content=\"ca_ES\" \/>\n<meta property=\"og:type\" content=\"article\" \/>\n<meta property=\"og:title\" content=\"ENCUENTRO DE ACCI\u00d3N SOCIAL EN BETANIA\" \/>\n<meta property=\"og:description\" content=\"El pasado fin de semana, Cercedilla acogi\u00f3 el Encuentro de Acci\u00f3n Social de la provincia de Betania, con la presencia de los coordinadores de los colegios, as\u00ed como de Itaka- Escolapios, que tiene la encomienda de impulsar la Acci\u00f3n Social en la provincia. El objetivo fundamental del encuentro de este a\u00f1o era ver d\u00f3nde nos&hellip;\" \/>\n<meta property=\"og:url\" content=\"https:\/\/www.itakaescolapios.org\/ca\/2018\/03\/encuentro-de-accion-social-en-betania\/\" \/>\n<meta property=\"og:site_name\" content=\"Itaka-Escolapios\" \/>\n<meta property=\"article:published_time\" content=\"2018-03-06T10:11:40+00:00\" \/>\n<meta property=\"article:modified_time\" content=\"2023-11-28T11:37:35+00:00\" \/>\n<meta property=\"og:image\" content=\"https:\/\/www.itakaescolapios.org\/wp-content\/uploads\/2018\/03\/IMG-20180302-WA0021.jpg\" \/>\n\t<meta property=\"og:image:width\" content=\"1296\" \/>\n\t<meta property=\"og:image:height\" content=\"972\" \/>\n\t<meta property=\"og:image:type\" content=\"image\/jpeg\" \/>\n<meta name=\"author\" content=\"valencia01\" \/>\n<meta name=\"twitter:card\" content=\"summary_large_image\" \/>\n<meta name=\"twitter:label1\" content=\"Escrit per\" \/>\n\t<meta name=\"twitter:data1\" content=\"valencia01\" \/>\n\t<meta name=\"twitter:label2\" content=\"Temps estimat de lectura\" \/>\n\t<meta name=\"twitter:data2\" content=\"2 minuts\" \/>\n<script type=\"application\/ld+json\" class=\"yoast-schema-graph\">{\"@context\":\"https:\\\/\\\/schema.org\",\"@graph\":[{\"@type\":\"Article\",\"@id\":\"https:\\\/\\\/www.itakaescolapios.org\\\/ca\\\/2018\\\/03\\\/encuentro-de-accion-social-en-betania\\\/#article\",\"isPartOf\":{\"@id\":\"https:\\\/\\\/www.itakaescolapios.org\\\/ca\\\/2018\\\/03\\\/encuentro-de-accion-social-en-betania\\\/\"},\"author\":{\"name\":\"valencia01\",\"@id\":\"https:\\\/\\\/www.itakaescolapios.org\\\/es\\\/#\\\/schema\\\/person\\\/c232ccaa2b3f2e98db93c1f8dfca96ff\"},\"headline\":\"ENCUENTRO DE ACCI\u00d3N SOCIAL EN BETANIA\",\"datePublished\":\"2018-03-06T10:11:40+00:00\",\"dateModified\":\"2023-11-28T11:37:35+00:00\",\"mainEntityOfPage\":{\"@id\":\"https:\\\/\\\/www.itakaescolapios.org\\\/ca\\\/2018\\\/03\\\/encuentro-de-accion-social-en-betania\\\/\"},\"wordCount\":316,\"publisher\":{\"@id\":\"https:\\\/\\\/www.itakaescolapios.org\\\/es\\\/#organization\"},\"image\":{\"@id\":\"https:\\\/\\\/www.itakaescolapios.org\\\/ca\\\/2018\\\/03\\\/encuentro-de-accion-social-en-betania\\\/#primaryimage\"},\"thumbnailUrl\":\"https:\\\/\\\/www.itakaescolapios.org\\\/wp-content\\\/uploads\\\/2018\\\/03\\\/IMG-20180302-WA0021.jpg\",\"keywords\":[\"Acci\u00f3n Social\",\"Betania\",\"coordinadores Acci\u00f3n Social\",\"DAS\",\"Encuentro\",\"Itaka Escolapios\",\"propuestas\"],\"articleSection\":[\"Madrid\",\"Valencia\"],\"inLanguage\":\"ca\"},{\"@type\":\"WebPage\",\"@id\":\"https:\\\/\\\/www.itakaescolapios.org\\\/ca\\\/2018\\\/03\\\/encuentro-de-accion-social-en-betania\\\/\",\"url\":\"https:\\\/\\\/www.itakaescolapios.org\\\/ca\\\/2018\\\/03\\\/encuentro-de-accion-social-en-betania\\\/\",\"name\":\"ENCUENTRO DE ACCI\u00d3N SOCIAL EN BETANIA - Itaka-Escolapios\",\"isPartOf\":{\"@id\":\"https:\\\/\\\/www.itakaescolapios.org\\\/es\\\/#website\"},\"primaryImageOfPage\":{\"@id\":\"https:\\\/\\\/www.itakaescolapios.org\\\/ca\\\/2018\\\/03\\\/encuentro-de-accion-social-en-betania\\\/#primaryimage\"},\"image\":{\"@id\":\"https:\\\/\\\/www.itakaescolapios.org\\\/ca\\\/2018\\\/03\\\/encuentro-de-accion-social-en-betania\\\/#primaryimage\"},\"thumbnailUrl\":\"https:\\\/\\\/www.itakaescolapios.org\\\/wp-content\\\/uploads\\\/2018\\\/03\\\/IMG-20180302-WA0021.jpg\",\"datePublished\":\"2018-03-06T10:11:40+00:00\",\"dateModified\":\"2023-11-28T11:37:35+00:00\",\"breadcrumb\":{\"@id\":\"https:\\\/\\\/www.itakaescolapios.org\\\/ca\\\/2018\\\/03\\\/encuentro-de-accion-social-en-betania\\\/#breadcrumb\"},\"inLanguage\":\"ca\",\"potentialAction\":[{\"@type\":\"ReadAction\",\"target\":[\"https:\\\/\\\/www.itakaescolapios.org\\\/ca\\\/2018\\\/03\\\/encuentro-de-accion-social-en-betania\\\/\"]}]},{\"@type\":\"ImageObject\",\"inLanguage\":\"ca\",\"@id\":\"https:\\\/\\\/www.itakaescolapios.org\\\/ca\\\/2018\\\/03\\\/encuentro-de-accion-social-en-betania\\\/#primaryimage\",\"url\":\"https:\\\/\\\/www.itakaescolapios.org\\\/wp-content\\\/uploads\\\/2018\\\/03\\\/IMG-20180302-WA0021.jpg\",\"contentUrl\":\"https:\\\/\\\/www.itakaescolapios.org\\\/wp-content\\\/uploads\\\/2018\\\/03\\\/IMG-20180302-WA0021.jpg\",\"width\":1296,\"height\":972},{\"@type\":\"BreadcrumbList\",\"@id\":\"https:\\\/\\\/www.itakaescolapios.org\\\/ca\\\/2018\\\/03\\\/encuentro-de-accion-social-en-betania\\\/#breadcrumb\",\"itemListElement\":[{\"@type\":\"ListItem\",\"position\":1,\"name\":\"Itaka-Escolapios\",\"item\":\"https:\\\/\\\/www.itakaescolapios.org\\\/es\\\/\"},{\"@type\":\"ListItem\",\"position\":2,\"name\":\"ENCUENTRO DE ACCI\u00d3N SOCIAL EN BETANIA\"}]},{\"@type\":\"WebSite\",\"@id\":\"https:\\\/\\\/www.itakaescolapios.org\\\/ca\\\/es\\\/#website\",\"url\":\"https:\\\/\\\/www.itakaescolapios.org\\\/ca\\\/es\\\/\",\"name\":\"Itaka-Escolapios\",\"description\":\"Red de Itaka-Escolapios\",\"publisher\":{\"@id\":\"https:\\\/\\\/www.itakaescolapios.org\\\/ca\\\/es\\\/#organization\"},\"potentialAction\":[{\"@type\":\"SearchAction\",\"target\":{\"@type\":\"EntryPoint\",\"urlTemplate\":\"https:\\\/\\\/www.itakaescolapios.org\\\/ca\\\/es\\\/?s={search_term_string}\"},\"query-input\":{\"@type\":\"PropertyValueSpecification\",\"valueRequired\":true,\"valueName\":\"search_term_string\"}}],\"inLanguage\":\"ca\"},{\"@type\":\"Organization\",\"@id\":\"https:\\\/\\\/www.itakaescolapios.org\\\/ca\\\/es\\\/#organization\",\"name\":\"Fundaci\u00f3 Itaka-Escolapios\",\"url\":\"https:\\\/\\\/www.itakaescolapios.org\\\/ca\\\/es\\\/\",\"logo\":{\"@type\":\"ImageObject\",\"inLanguage\":\"ca\",\"@id\":\"https:\\\/\\\/www.itakaescolapios.org\\\/ca\\\/es\\\/#\\\/schema\\\/logo\\\/image\\\/\",\"url\":\"https:\\\/\\\/www.itakaescolapios.org\\\/wp-content\\\/uploads\\\/2024\\\/04\\\/Logo-itakaescolapios-peque.png\",\"contentUrl\":\"https:\\\/\\\/www.itakaescolapios.org\\\/wp-content\\\/uploads\\\/2024\\\/04\\\/Logo-itakaescolapios-peque.png\",\"width\":500,\"height\":199,\"caption\":\"Fundaci\u00f3 Itaka-Escolapios\"},\"image\":{\"@id\":\"https:\\\/\\\/www.itakaescolapios.org\\\/ca\\\/es\\\/#\\\/schema\\\/logo\\\/image\\\/\"}},{\"@type\":\"Person\",\"@id\":\"https:\\\/\\\/www.itakaescolapios.org\\\/es\\\/#\\\/schema\\\/person\\\/c232ccaa2b3f2e98db93c1f8dfca96ff\",\"name\":\"valencia01\",\"url\":\"https:\\\/\\\/www.itakaescolapios.org\\\/ca\\\/author\\\/valencia01\\\/\"}]}<\/script>\n<!-- \/ Yoast SEO plugin. -->","yoast_head_json":{"title":"ENCUENTRO DE ACCI\u00d3N SOCIAL EN BETANIA","description":"El pasado fin de semana, Cercedilla acogi\u00f3 el Encuentro de Acci\u00f3n Social de la provincia de Betania, con la presencia de los coordinadores de los colegios, as\u00ed como de Itaka- Escolapios, que tiene la encomienda de impulsar la Acci\u00f3n Social en la provincia. El objetivo fundamental del encuentro de este a\u00f1o era ver d\u00f3nde nos&hellip;","robots":{"index":"index","follow":"follow","max-snippet":"max-snippet:-1","max-image-preview":"max-image-preview:large","max-video-preview":"max-video-preview:-1"},"canonical":"El pasado fin de semana, Cercedilla acogi\u00f3 el Encuentro de Acci\u00f3n Social de la provincia de Betania, con la presencia de los coordinadores de los colegios, as\u00ed como de Itaka- Escolapios, que tiene la encomienda de impulsar la Acci\u00f3n Social en la provincia. El objetivo fundamental del encuentro de este a\u00f1o era ver d\u00f3nde nos&hellip;","og_locale":"ca_ES","og_type":"article","og_title":"ENCUENTRO DE ACCI\u00d3N SOCIAL EN BETANIA","og_description":"El pasado fin de semana, Cercedilla acogi\u00f3 el Encuentro de Acci\u00f3n Social de la provincia de Betania, con la presencia de los coordinadores de los colegios, as\u00ed como de Itaka- Escolapios, que tiene la encomienda de impulsar la Acci\u00f3n Social en la provincia. El objetivo fundamental del encuentro de este a\u00f1o era ver d\u00f3nde nos&hellip;","og_url":"https:\/\/www.itakaescolapios.org\/ca\/2018\/03\/encuentro-de-accion-social-en-betania\/","og_site_name":"Itaka-Escolapios","article_published_time":"2018-03-06T10:11:40+00:00","article_modified_time":"2023-11-28T11:37:35+00:00","og_image":[{"width":1296,"height":972,"url":"https:\/\/www.itakaescolapios.org\/wp-content\/uploads\/2018\/03\/IMG-20180302-WA0021.jpg","type":"image\/jpeg"}],"author":"valencia01","twitter_card":"summary_large_image","twitter_misc":{"Escrit per":"valencia01","Temps estimat de lectura":"2 minuts"},"schema":{"@context":"https:\/\/schema.org","@graph":[{"@type":"Article","@id":"https:\/\/www.itakaescolapios.org\/ca\/2018\/03\/encuentro-de-accion-social-en-betania\/#article","isPartOf":{"@id":"https:\/\/www.itakaescolapios.org\/ca\/2018\/03\/encuentro-de-accion-social-en-betania\/"},"author":{"name":"valencia01","@id":"https:\/\/www.itakaescolapios.org\/es\/#\/schema\/person\/c232ccaa2b3f2e98db93c1f8dfca96ff"},"headline":"ENCUENTRO DE ACCI\u00d3N SOCIAL EN BETANIA","datePublished":"2018-03-06T10:11:40+00:00","dateModified":"2023-11-28T11:37:35+00:00","mainEntityOfPage":{"@id":"https:\/\/www.itakaescolapios.org\/ca\/2018\/03\/encuentro-de-accion-social-en-betania\/"},"wordCount":316,"publisher":{"@id":"https:\/\/www.itakaescolapios.org\/es\/#organization"},"image":{"@id":"https:\/\/www.itakaescolapios.org\/ca\/2018\/03\/encuentro-de-accion-social-en-betania\/#primaryimage"},"thumbnailUrl":"https:\/\/www.itakaescolapios.org\/wp-content\/uploads\/2018\/03\/IMG-20180302-WA0021.jpg","keywords":["Acci\u00f3n Social","Betania","coordinadores Acci\u00f3n Social","DAS","Encuentro","Itaka Escolapios","propuestas"],"articleSection":["Madrid","Valencia"],"inLanguage":"ca"},{"@type":"WebPage","@id":"https:\/\/www.itakaescolapios.org\/ca\/2018\/03\/encuentro-de-accion-social-en-betania\/","url":"https:\/\/www.itakaescolapios.org\/ca\/2018\/03\/encuentro-de-accion-social-en-betania\/","name":"ENCUENTRO DE ACCI\u00d3N SOCIAL EN BETANIA - Itaka-Escolapios","isPartOf":{"@id":"https:\/\/www.itakaescolapios.org\/es\/#website"},"primaryImageOfPage":{"@id":"https:\/\/www.itakaescolapios.org\/ca\/2018\/03\/encuentro-de-accion-social-en-betania\/#primaryimage"},"image":{"@id":"https:\/\/www.itakaescolapios.org\/ca\/2018\/03\/encuentro-de-accion-social-en-betania\/#primaryimage"},"thumbnailUrl":"https:\/\/www.itakaescolapios.org\/wp-content\/uploads\/2018\/03\/IMG-20180302-WA0021.jpg","datePublished":"2018-03-06T10:11:40+00:00","dateModified":"2023-11-28T11:37:35+00:00","breadcrumb":{"@id":"https:\/\/www.itakaescolapios.org\/ca\/2018\/03\/encuentro-de-accion-social-en-betania\/#breadcrumb"},"inLanguage":"ca","potentialAction":[{"@type":"ReadAction","target":["https:\/\/www.itakaescolapios.org\/ca\/2018\/03\/encuentro-de-accion-social-en-betania\/"]}]},{"@type":"ImageObject","inLanguage":"ca","@id":"https:\/\/www.itakaescolapios.org\/ca\/2018\/03\/encuentro-de-accion-social-en-betania\/#primaryimage","url":"https:\/\/www.itakaescolapios.org\/wp-content\/uploads\/2018\/03\/IMG-20180302-WA0021.jpg","contentUrl":"https:\/\/www.itakaescolapios.org\/wp-content\/uploads\/2018\/03\/IMG-20180302-WA0021.jpg","width":1296,"height":972},{"@type":"BreadcrumbList","@id":"https:\/\/www.itakaescolapios.org\/ca\/2018\/03\/encuentro-de-accion-social-en-betania\/#breadcrumb","itemListElement":[{"@type":"ListItem","position":1,"name":"Itaka-Escolapios","item":"https:\/\/www.itakaescolapios.org\/es\/"},{"@type":"ListItem","position":2,"name":"ENCUENTRO DE ACCI\u00d3N SOCIAL EN BETANIA"}]},{"@type":"WebSite","@id":"https:\/\/www.itakaescolapios.org\/ca\/es\/#website","url":"https:\/\/www.itakaescolapios.org\/ca\/es\/","name":"Itaka-Escolapios","description":"Red de Itaka-Escolapios","publisher":{"@id":"https:\/\/www.itakaescolapios.org\/ca\/es\/#organization"},"potentialAction":[{"@type":"SearchAction","target":{"@type":"EntryPoint","urlTemplate":"https:\/\/www.itakaescolapios.org\/ca\/es\/?s={search_term_string}"},"query-input":{"@type":"PropertyValueSpecification","valueRequired":true,"valueName":"search_term_string"}}],"inLanguage":"ca"},{"@type":"Organization","@id":"https:\/\/www.itakaescolapios.org\/ca\/es\/#organization","name":"Fundaci\u00f3 Itaka-Escolapios","url":"https:\/\/www.itakaescolapios.org\/ca\/es\/","logo":{"@type":"ImageObject","inLanguage":"ca","@id":"https:\/\/www.itakaescolapios.org\/ca\/es\/#\/schema\/logo\/image\/","url":"https:\/\/www.itakaescolapios.org\/wp-content\/uploads\/2024\/04\/Logo-itakaescolapios-peque.png","contentUrl":"https:\/\/www.itakaescolapios.org\/wp-content\/uploads\/2024\/04\/Logo-itakaescolapios-peque.png","width":500,"height":199,"caption":"Fundaci\u00f3 Itaka-Escolapios"},"image":{"@id":"https:\/\/www.itakaescolapios.org\/ca\/es\/#\/schema\/logo\/image\/"}},{"@type":"Person","@id":"https:\/\/www.itakaescolapios.org\/es\/#\/schema\/person\/c232ccaa2b3f2e98db93c1f8dfca96ff","name":"valencia01","url":"https:\/\/www.itakaescolapios.org\/ca\/author\/valencia01\/"}]}},"_links":{"self":[{"href":"https:\/\/www.itakaescolapios.org\/ca\/wp-json\/wp\/v2\/posts\/22318","targetHints":{"allow":["GET"]}}],"collection":[{"href":"https:\/\/www.itakaescolapios.org\/ca\/wp-json\/wp\/v2\/posts"}],"about":[{"href":"https:\/\/www.itakaescolapios.org\/ca\/wp-json\/wp\/v2\/types\/post"}],"author":[{"embeddable":true,"href":"https:\/\/www.itakaescolapios.org\/ca\/wp-json\/wp\/v2\/users\/39"}],"replies":[{"embeddable":true,"href":"https:\/\/www.itakaescolapios.org\/ca\/wp-json\/wp\/v2\/comments?post=22318"}],"version-history":[{"count":3,"href":"https:\/\/www.itakaescolapios.org\/ca\/wp-json\/wp\/v2\/posts\/22318\/revisions"}],"predecessor-version":[{"id":46952,"href":"https:\/\/www.itakaescolapios.org\/ca\/wp-json\/wp\/v2\/posts\/22318\/revisions\/46952"}],"wp:featuredmedia":[{"embeddable":true,"href":"https:\/\/www.itakaescolapios.org\/ca\/wp-json\/wp\/v2\/media\/22319"}],"wp:attachment":[{"href":"https:\/\/www.itakaescolapios.org\/ca\/wp-json\/wp\/v2\/media?parent=22318"}],"wp:term":[{"taxonomy":"category","embeddable":true,"href":"https:\/\/www.itakaescolapios.org\/ca\/wp-json\/wp\/v2\/categories?post=22318"},{"taxonomy":"post_tag","embeddable":true,"href":"https:\/\/www.itakaescolapios.org\/ca\/wp-json\/wp\/v2\/tags?post=22318"}],"curies":[{"name":"wp","href":"https:\/\/api.w.org\/{rel}","templated":true}]}}