{"id":22684,"date":"2018-04-17T11:32:43","date_gmt":"2018-04-17T10:32:43","guid":{"rendered":"https:\/\/www.itakaescolapios.org\/?p=22684"},"modified":"2023-11-28T12:37:31","modified_gmt":"2023-11-28T11:37:31","slug":"acampada-de-los-ninos-y-ninas-de-amaltea","status":"publish","type":"post","link":"https:\/\/www.itakaescolapios.org\/ca\/2018\/04\/acampada-de-los-ninos-y-ninas-de-amaltea\/","title":{"rendered":"ACAMPADA DE LOS NI\u00d1OS Y NI\u00d1AS DE AMALTEA"},"content":{"rendered":"<p style=\"text-align: justify\">\n<p style=\"text-align: justify\">Los ni\u00f1os y ni\u00f1as del proyecto Amaltea de Valencia disfrutaron hace unas semanas de una acampada en el albergue Calvestra, de Requena. Los \u201cmareaos\u201d y los \u201cdespistados\u201d, con edades entre los 9 y los 15 a\u00f1os pasaron dos d\u00edas juntas realizando diferentes actividades como tirolina, paseo a\u00e9reo, senderismo, juegos nocturnos, deportes e incluso la visita a un pueblo abandonado.<\/p>\n<p style=\"text-align: justify\">El objetivo era salir del entorno que est\u00e1n acostumbrados, la ciudad,\u00a0 y ofrecerles un espacio de ocio y convivencia en la naturaleza, adem\u00e1s de fomentar actividades conjuntas de ambos grupos que, a pesar de tener edades muy distintas, disfrutaron y se ayudaron unos a otros.<\/p>\n<p style=\"text-align: justify\">Adem\u00e1s, los m\u00e1s peque\u00f1os pudieron demostrar su valent\u00eda al participar de las actividades de multiaventura que se les propuso y los mayores estuvieron muy pendientes del grupo m\u00e1s joven. En resumen, una actividad muy divertida y con una valoraci\u00f3n muy positiva, tanto para los ni\u00f1os y ni\u00f1as como para los educadores que les acompa\u00f1aron.<\/p>\n\n\t\t<style type=\"text\/css\">\n\t\t\t#gallery-1 {\n\t\t\t\tmargin: auto;\n\t\t\t}\n\t\t\t#gallery-1 .gallery-item {\n\t\t\t\tfloat: left;\n\t\t\t\tmargin-top: 10px;\n\t\t\t\ttext-align: center;\n\t\t\t\twidth: 33%;\n\t\t\t}\n\t\t\t#gallery-1 img {\n\t\t\t\tborder: 2px solid #cfcfcf;\n\t\t\t}\n\t\t\t#gallery-1 .gallery-caption {\n\t\t\t\tmargin-left: 0;\n\t\t\t}\n\t\t\t\/* see gallery_shortcode() in wp-includes\/media.php *\/\n\t\t<\/style>\n\t\t<div id='gallery-1' class='gallery galleryid-22684 gallery-columns-3 gallery-size-thumbnail'><dl class='gallery-item'>\n\t\t\t<dt class='gallery-icon portrait'>\n\t\t\t\t<a href='https:\/\/www.itakaescolapios.org\/ca\/2018\/04\/acampada-de-los-ninos-y-ninas-de-amaltea\/amaltea2\/'><img decoding=\"async\" width=\"90\" height=\"90\" src=\"https:\/\/www.itakaescolapios.org\/wp-content\/uploads\/2018\/04\/amaltea2-90x90.jpg\" class=\"attachment-thumbnail size-thumbnail\" alt=\"\" \/><\/a>\n\t\t\t<\/dt><\/dl><dl class='gallery-item'>\n\t\t\t<dt class='gallery-icon landscape'>\n\t\t\t\t<a href='https:\/\/www.itakaescolapios.org\/ca\/2018\/04\/acampada-de-los-ninos-y-ninas-de-amaltea\/amaltea3\/'><img decoding=\"async\" width=\"90\" height=\"90\" src=\"https:\/\/www.itakaescolapios.org\/wp-content\/uploads\/2018\/04\/amaltea3-90x90.jpg\" class=\"attachment-thumbnail size-thumbnail\" alt=\"\" \/><\/a>\n\t\t\t<\/dt><\/dl>\n\t\t\t<br style='clear: both' \/>\n\t\t<\/div>\n\n<p style=\"text-align: justify\">\n","protected":false},"excerpt":{"rendered":"<p>Los ni\u00f1os y ni\u00f1as del proyecto Amaltea de Valencia disfrutaron hace unas semanas de una acampada en el albergue Calvestra, de Requena. Los \u201cmareaos\u201d y los \u201cdespistados\u201d, con edades entre [&hellip;]<\/p>\n","protected":false},"author":39,"featured_media":22685,"comment_status":"closed","ping_status":"closed","sticky":false,"template":"","format":"standard","meta":{"_et_pb_use_builder":"","_et_pb_old_content":"","_et_gb_content_width":"","footnotes":""},"categories":[12],"tags":[319,321,320,280,419,318],"class_list":["post-22684","post","type-post","status-publish","format-standard","has-post-thumbnail","hentry","category-valencia","tag-acampada","tag-centro-convivencial","tag-clavestra","tag-educacion-no-formal","tag-itaka-escolapios","tag-proyecto-amaltea"],"yoast_head":"<!-- This site is optimized with the Yoast SEO plugin v27.4 - https:\/\/yoast.com\/product\/yoast-seo-wordpress\/ -->\n<title>ACAMPADA DE LOS NI\u00d1OS Y NI\u00d1AS DE AMALTEA<\/title>\n<meta name=\"description\" content=\"Los ni\u00f1os y ni\u00f1as del proyecto Amaltea de Valencia disfrutaron hace unas semanas de una acampada en el albergue Calvestra, de Requena. Los \u201cmareaos\u201d y los \u201cdespistados\u201d, con edades entre los 9 y los 15 a\u00f1os pasaron dos d\u00edas juntas realizando diferentes actividades como tirolina, paseo a\u00e9reo, senderismo, juegos nocturnos, deportes e incluso la visita&hellip;\" \/>\n<meta name=\"robots\" content=\"index, follow, max-snippet:-1, max-image-preview:large, max-video-preview:-1\" \/>\n<link rel=\"canonical\" href=\"http:\/\/Los%20ni\u00f1os%20y%20ni\u00f1as%20del%20proyecto%20Amaltea%20de%20Valencia%20disfrutaron%20hace%20unas%20semanas%20de%20una%20acampada%20en%20el%20albergue%20Calvestra,%20de%20Requena.%20Los%20\u201cmareaos\u201d%20y%20los%20\u201cdespistados\u201d,%20con%20edades%20entre%20los%209%20y%20los%2015%20a\u00f1os%20pasaron%20dos%20d\u00edas%20juntas%20realizando%20diferentes%20actividades%20como%20tirolina,%20paseo%20a\u00e9reo,%20senderismo,%20juegos%20nocturnos,%20deportes%20e%20incluso%20la%20visita&hellip;\" \/>\n<meta property=\"og:locale\" content=\"ca_ES\" \/>\n<meta property=\"og:type\" content=\"article\" \/>\n<meta property=\"og:title\" content=\"ACAMPADA DE LOS NI\u00d1OS Y NI\u00d1AS DE AMALTEA\" \/>\n<meta property=\"og:description\" content=\"Los ni\u00f1os y ni\u00f1as del proyecto Amaltea de Valencia disfrutaron hace unas semanas de una acampada en el albergue Calvestra, de Requena. Los \u201cmareaos\u201d y los \u201cdespistados\u201d, con edades entre los 9 y los 15 a\u00f1os pasaron dos d\u00edas juntas realizando diferentes actividades como tirolina, paseo a\u00e9reo, senderismo, juegos nocturnos, deportes e incluso la visita&hellip;\" \/>\n<meta property=\"og:url\" content=\"https:\/\/www.itakaescolapios.org\/ca\/2018\/04\/acampada-de-los-ninos-y-ninas-de-amaltea\/\" \/>\n<meta property=\"og:site_name\" content=\"Itaka-Escolapios\" \/>\n<meta property=\"article:published_time\" content=\"2018-04-17T10:32:43+00:00\" \/>\n<meta property=\"article:modified_time\" content=\"2023-11-28T11:37:31+00:00\" \/>\n<meta property=\"og:image\" content=\"https:\/\/www.itakaescolapios.org\/wp-content\/uploads\/2018\/04\/amaltea1.jpg\" \/>\n\t<meta property=\"og:image:width\" content=\"1314\" \/>\n\t<meta property=\"og:image:height\" content=\"876\" \/>\n\t<meta property=\"og:image:type\" content=\"image\/jpeg\" \/>\n<meta name=\"author\" content=\"valencia01\" \/>\n<meta name=\"twitter:card\" content=\"summary_large_image\" \/>\n<meta name=\"twitter:label1\" content=\"Escrit per\" \/>\n\t<meta name=\"twitter:data1\" content=\"valencia01\" \/>\n\t<meta name=\"twitter:label2\" content=\"Temps estimat de lectura\" \/>\n\t<meta name=\"twitter:data2\" content=\"1 minut\" \/>\n<script type=\"application\/ld+json\" class=\"yoast-schema-graph\">{\"@context\":\"https:\\\/\\\/schema.org\",\"@graph\":[{\"@type\":\"Article\",\"@id\":\"https:\\\/\\\/www.itakaescolapios.org\\\/ca\\\/2018\\\/04\\\/acampada-de-los-ninos-y-ninas-de-amaltea\\\/#article\",\"isPartOf\":{\"@id\":\"https:\\\/\\\/www.itakaescolapios.org\\\/ca\\\/2018\\\/04\\\/acampada-de-los-ninos-y-ninas-de-amaltea\\\/\"},\"author\":{\"name\":\"valencia01\",\"@id\":\"https:\\\/\\\/www.itakaescolapios.org\\\/es\\\/#\\\/schema\\\/person\\\/c232ccaa2b3f2e98db93c1f8dfca96ff\"},\"headline\":\"ACAMPADA DE LOS NI\u00d1OS Y NI\u00d1AS DE AMALTEA\",\"datePublished\":\"2018-04-17T10:32:43+00:00\",\"dateModified\":\"2023-11-28T11:37:31+00:00\",\"mainEntityOfPage\":{\"@id\":\"https:\\\/\\\/www.itakaescolapios.org\\\/ca\\\/2018\\\/04\\\/acampada-de-los-ninos-y-ninas-de-amaltea\\\/\"},\"wordCount\":184,\"publisher\":{\"@id\":\"https:\\\/\\\/www.itakaescolapios.org\\\/es\\\/#organization\"},\"image\":{\"@id\":\"https:\\\/\\\/www.itakaescolapios.org\\\/ca\\\/2018\\\/04\\\/acampada-de-los-ninos-y-ninas-de-amaltea\\\/#primaryimage\"},\"thumbnailUrl\":\"https:\\\/\\\/www.itakaescolapios.org\\\/wp-content\\\/uploads\\\/2018\\\/04\\\/amaltea1.jpg\",\"keywords\":[\"acampada\",\"Centro Convivencial\",\"Clavestra\",\"educaci\u00f3n no formal\",\"Itaka Escolapios\",\"Proyecto Amaltea\"],\"articleSection\":[\"Valencia\"],\"inLanguage\":\"ca\"},{\"@type\":\"WebPage\",\"@id\":\"https:\\\/\\\/www.itakaescolapios.org\\\/ca\\\/2018\\\/04\\\/acampada-de-los-ninos-y-ninas-de-amaltea\\\/\",\"url\":\"https:\\\/\\\/www.itakaescolapios.org\\\/ca\\\/2018\\\/04\\\/acampada-de-los-ninos-y-ninas-de-amaltea\\\/\",\"name\":\"ACAMPADA DE LOS NI\u00d1OS Y NI\u00d1AS DE AMALTEA - Itaka-Escolapios\",\"isPartOf\":{\"@id\":\"https:\\\/\\\/www.itakaescolapios.org\\\/es\\\/#website\"},\"primaryImageOfPage\":{\"@id\":\"https:\\\/\\\/www.itakaescolapios.org\\\/ca\\\/2018\\\/04\\\/acampada-de-los-ninos-y-ninas-de-amaltea\\\/#primaryimage\"},\"image\":{\"@id\":\"https:\\\/\\\/www.itakaescolapios.org\\\/ca\\\/2018\\\/04\\\/acampada-de-los-ninos-y-ninas-de-amaltea\\\/#primaryimage\"},\"thumbnailUrl\":\"https:\\\/\\\/www.itakaescolapios.org\\\/wp-content\\\/uploads\\\/2018\\\/04\\\/amaltea1.jpg\",\"datePublished\":\"2018-04-17T10:32:43+00:00\",\"dateModified\":\"2023-11-28T11:37:31+00:00\",\"breadcrumb\":{\"@id\":\"https:\\\/\\\/www.itakaescolapios.org\\\/ca\\\/2018\\\/04\\\/acampada-de-los-ninos-y-ninas-de-amaltea\\\/#breadcrumb\"},\"inLanguage\":\"ca\",\"potentialAction\":[{\"@type\":\"ReadAction\",\"target\":[\"https:\\\/\\\/www.itakaescolapios.org\\\/ca\\\/2018\\\/04\\\/acampada-de-los-ninos-y-ninas-de-amaltea\\\/\"]}]},{\"@type\":\"ImageObject\",\"inLanguage\":\"ca\",\"@id\":\"https:\\\/\\\/www.itakaescolapios.org\\\/ca\\\/2018\\\/04\\\/acampada-de-los-ninos-y-ninas-de-amaltea\\\/#primaryimage\",\"url\":\"https:\\\/\\\/www.itakaescolapios.org\\\/wp-content\\\/uploads\\\/2018\\\/04\\\/amaltea1.jpg\",\"contentUrl\":\"https:\\\/\\\/www.itakaescolapios.org\\\/wp-content\\\/uploads\\\/2018\\\/04\\\/amaltea1.jpg\",\"width\":1314,\"height\":876},{\"@type\":\"BreadcrumbList\",\"@id\":\"https:\\\/\\\/www.itakaescolapios.org\\\/ca\\\/2018\\\/04\\\/acampada-de-los-ninos-y-ninas-de-amaltea\\\/#breadcrumb\",\"itemListElement\":[{\"@type\":\"ListItem\",\"position\":1,\"name\":\"Itaka-Escolapios\",\"item\":\"https:\\\/\\\/www.itakaescolapios.org\\\/es\\\/\"},{\"@type\":\"ListItem\",\"position\":2,\"name\":\"ACAMPADA DE LOS NI\u00d1OS Y NI\u00d1AS DE AMALTEA\"}]},{\"@type\":\"WebSite\",\"@id\":\"https:\\\/\\\/www.itakaescolapios.org\\\/ca\\\/es\\\/#website\",\"url\":\"https:\\\/\\\/www.itakaescolapios.org\\\/ca\\\/es\\\/\",\"name\":\"Itaka-Escolapios\",\"description\":\"Red de Itaka-Escolapios\",\"publisher\":{\"@id\":\"https:\\\/\\\/www.itakaescolapios.org\\\/ca\\\/es\\\/#organization\"},\"potentialAction\":[{\"@type\":\"SearchAction\",\"target\":{\"@type\":\"EntryPoint\",\"urlTemplate\":\"https:\\\/\\\/www.itakaescolapios.org\\\/ca\\\/es\\\/?s={search_term_string}\"},\"query-input\":{\"@type\":\"PropertyValueSpecification\",\"valueRequired\":true,\"valueName\":\"search_term_string\"}}],\"inLanguage\":\"ca\"},{\"@type\":\"Organization\",\"@id\":\"https:\\\/\\\/www.itakaescolapios.org\\\/ca\\\/es\\\/#organization\",\"name\":\"Fundaci\u00f3 Itaka-Escolapios\",\"url\":\"https:\\\/\\\/www.itakaescolapios.org\\\/ca\\\/es\\\/\",\"logo\":{\"@type\":\"ImageObject\",\"inLanguage\":\"ca\",\"@id\":\"https:\\\/\\\/www.itakaescolapios.org\\\/ca\\\/es\\\/#\\\/schema\\\/logo\\\/image\\\/\",\"url\":\"https:\\\/\\\/www.itakaescolapios.org\\\/wp-content\\\/uploads\\\/2024\\\/04\\\/Logo-itakaescolapios-peque.png\",\"contentUrl\":\"https:\\\/\\\/www.itakaescolapios.org\\\/wp-content\\\/uploads\\\/2024\\\/04\\\/Logo-itakaescolapios-peque.png\",\"width\":500,\"height\":199,\"caption\":\"Fundaci\u00f3 Itaka-Escolapios\"},\"image\":{\"@id\":\"https:\\\/\\\/www.itakaescolapios.org\\\/ca\\\/es\\\/#\\\/schema\\\/logo\\\/image\\\/\"}},{\"@type\":\"Person\",\"@id\":\"https:\\\/\\\/www.itakaescolapios.org\\\/es\\\/#\\\/schema\\\/person\\\/c232ccaa2b3f2e98db93c1f8dfca96ff\",\"name\":\"valencia01\",\"url\":\"https:\\\/\\\/www.itakaescolapios.org\\\/ca\\\/author\\\/valencia01\\\/\"}]}<\/script>\n<!-- \/ Yoast SEO plugin. -->","yoast_head_json":{"title":"ACAMPADA DE LOS NI\u00d1OS Y NI\u00d1AS DE AMALTEA","description":"Los ni\u00f1os y ni\u00f1as del proyecto Amaltea de Valencia disfrutaron hace unas semanas de una acampada en el albergue Calvestra, de Requena. Los \u201cmareaos\u201d y los \u201cdespistados\u201d, con edades entre los 9 y los 15 a\u00f1os pasaron dos d\u00edas juntas realizando diferentes actividades como tirolina, paseo a\u00e9reo, senderismo, juegos nocturnos, deportes e incluso la visita&hellip;","robots":{"index":"index","follow":"follow","max-snippet":"max-snippet:-1","max-image-preview":"max-image-preview:large","max-video-preview":"max-video-preview:-1"},"canonical":"Los ni\u00f1os y ni\u00f1as del proyecto Amaltea de Valencia disfrutaron hace unas semanas de una acampada en el albergue Calvestra, de Requena. Los \u201cmareaos\u201d y los \u201cdespistados\u201d, con edades entre los 9 y los 15 a\u00f1os pasaron dos d\u00edas juntas realizando diferentes actividades como tirolina, paseo a\u00e9reo, senderismo, juegos nocturnos, deportes e incluso la visita&hellip;","og_locale":"ca_ES","og_type":"article","og_title":"ACAMPADA DE LOS NI\u00d1OS Y NI\u00d1AS DE AMALTEA","og_description":"Los ni\u00f1os y ni\u00f1as del proyecto Amaltea de Valencia disfrutaron hace unas semanas de una acampada en el albergue Calvestra, de Requena. Los \u201cmareaos\u201d y los \u201cdespistados\u201d, con edades entre los 9 y los 15 a\u00f1os pasaron dos d\u00edas juntas realizando diferentes actividades como tirolina, paseo a\u00e9reo, senderismo, juegos nocturnos, deportes e incluso la visita&hellip;","og_url":"https:\/\/www.itakaescolapios.org\/ca\/2018\/04\/acampada-de-los-ninos-y-ninas-de-amaltea\/","og_site_name":"Itaka-Escolapios","article_published_time":"2018-04-17T10:32:43+00:00","article_modified_time":"2023-11-28T11:37:31+00:00","og_image":[{"width":1314,"height":876,"url":"https:\/\/www.itakaescolapios.org\/wp-content\/uploads\/2018\/04\/amaltea1.jpg","type":"image\/jpeg"}],"author":"valencia01","twitter_card":"summary_large_image","twitter_misc":{"Escrit per":"valencia01","Temps estimat de lectura":"1 minut"},"schema":{"@context":"https:\/\/schema.org","@graph":[{"@type":"Article","@id":"https:\/\/www.itakaescolapios.org\/ca\/2018\/04\/acampada-de-los-ninos-y-ninas-de-amaltea\/#article","isPartOf":{"@id":"https:\/\/www.itakaescolapios.org\/ca\/2018\/04\/acampada-de-los-ninos-y-ninas-de-amaltea\/"},"author":{"name":"valencia01","@id":"https:\/\/www.itakaescolapios.org\/es\/#\/schema\/person\/c232ccaa2b3f2e98db93c1f8dfca96ff"},"headline":"ACAMPADA DE LOS NI\u00d1OS Y NI\u00d1AS DE AMALTEA","datePublished":"2018-04-17T10:32:43+00:00","dateModified":"2023-11-28T11:37:31+00:00","mainEntityOfPage":{"@id":"https:\/\/www.itakaescolapios.org\/ca\/2018\/04\/acampada-de-los-ninos-y-ninas-de-amaltea\/"},"wordCount":184,"publisher":{"@id":"https:\/\/www.itakaescolapios.org\/es\/#organization"},"image":{"@id":"https:\/\/www.itakaescolapios.org\/ca\/2018\/04\/acampada-de-los-ninos-y-ninas-de-amaltea\/#primaryimage"},"thumbnailUrl":"https:\/\/www.itakaescolapios.org\/wp-content\/uploads\/2018\/04\/amaltea1.jpg","keywords":["acampada","Centro Convivencial","Clavestra","educaci\u00f3n no formal","Itaka Escolapios","Proyecto Amaltea"],"articleSection":["Valencia"],"inLanguage":"ca"},{"@type":"WebPage","@id":"https:\/\/www.itakaescolapios.org\/ca\/2018\/04\/acampada-de-los-ninos-y-ninas-de-amaltea\/","url":"https:\/\/www.itakaescolapios.org\/ca\/2018\/04\/acampada-de-los-ninos-y-ninas-de-amaltea\/","name":"ACAMPADA DE LOS NI\u00d1OS Y NI\u00d1AS DE AMALTEA - Itaka-Escolapios","isPartOf":{"@id":"https:\/\/www.itakaescolapios.org\/es\/#website"},"primaryImageOfPage":{"@id":"https:\/\/www.itakaescolapios.org\/ca\/2018\/04\/acampada-de-los-ninos-y-ninas-de-amaltea\/#primaryimage"},"image":{"@id":"https:\/\/www.itakaescolapios.org\/ca\/2018\/04\/acampada-de-los-ninos-y-ninas-de-amaltea\/#primaryimage"},"thumbnailUrl":"https:\/\/www.itakaescolapios.org\/wp-content\/uploads\/2018\/04\/amaltea1.jpg","datePublished":"2018-04-17T10:32:43+00:00","dateModified":"2023-11-28T11:37:31+00:00","breadcrumb":{"@id":"https:\/\/www.itakaescolapios.org\/ca\/2018\/04\/acampada-de-los-ninos-y-ninas-de-amaltea\/#breadcrumb"},"inLanguage":"ca","potentialAction":[{"@type":"ReadAction","target":["https:\/\/www.itakaescolapios.org\/ca\/2018\/04\/acampada-de-los-ninos-y-ninas-de-amaltea\/"]}]},{"@type":"ImageObject","inLanguage":"ca","@id":"https:\/\/www.itakaescolapios.org\/ca\/2018\/04\/acampada-de-los-ninos-y-ninas-de-amaltea\/#primaryimage","url":"https:\/\/www.itakaescolapios.org\/wp-content\/uploads\/2018\/04\/amaltea1.jpg","contentUrl":"https:\/\/www.itakaescolapios.org\/wp-content\/uploads\/2018\/04\/amaltea1.jpg","width":1314,"height":876},{"@type":"BreadcrumbList","@id":"https:\/\/www.itakaescolapios.org\/ca\/2018\/04\/acampada-de-los-ninos-y-ninas-de-amaltea\/#breadcrumb","itemListElement":[{"@type":"ListItem","position":1,"name":"Itaka-Escolapios","item":"https:\/\/www.itakaescolapios.org\/es\/"},{"@type":"ListItem","position":2,"name":"ACAMPADA DE LOS NI\u00d1OS Y NI\u00d1AS DE AMALTEA"}]},{"@type":"WebSite","@id":"https:\/\/www.itakaescolapios.org\/ca\/es\/#website","url":"https:\/\/www.itakaescolapios.org\/ca\/es\/","name":"Itaka-Escolapios","description":"Red de Itaka-Escolapios","publisher":{"@id":"https:\/\/www.itakaescolapios.org\/ca\/es\/#organization"},"potentialAction":[{"@type":"SearchAction","target":{"@type":"EntryPoint","urlTemplate":"https:\/\/www.itakaescolapios.org\/ca\/es\/?s={search_term_string}"},"query-input":{"@type":"PropertyValueSpecification","valueRequired":true,"valueName":"search_term_string"}}],"inLanguage":"ca"},{"@type":"Organization","@id":"https:\/\/www.itakaescolapios.org\/ca\/es\/#organization","name":"Fundaci\u00f3 Itaka-Escolapios","url":"https:\/\/www.itakaescolapios.org\/ca\/es\/","logo":{"@type":"ImageObject","inLanguage":"ca","@id":"https:\/\/www.itakaescolapios.org\/ca\/es\/#\/schema\/logo\/image\/","url":"https:\/\/www.itakaescolapios.org\/wp-content\/uploads\/2024\/04\/Logo-itakaescolapios-peque.png","contentUrl":"https:\/\/www.itakaescolapios.org\/wp-content\/uploads\/2024\/04\/Logo-itakaescolapios-peque.png","width":500,"height":199,"caption":"Fundaci\u00f3 Itaka-Escolapios"},"image":{"@id":"https:\/\/www.itakaescolapios.org\/ca\/es\/#\/schema\/logo\/image\/"}},{"@type":"Person","@id":"https:\/\/www.itakaescolapios.org\/es\/#\/schema\/person\/c232ccaa2b3f2e98db93c1f8dfca96ff","name":"valencia01","url":"https:\/\/www.itakaescolapios.org\/ca\/author\/valencia01\/"}]}},"_links":{"self":[{"href":"https:\/\/www.itakaescolapios.org\/ca\/wp-json\/wp\/v2\/posts\/22684","targetHints":{"allow":["GET"]}}],"collection":[{"href":"https:\/\/www.itakaescolapios.org\/ca\/wp-json\/wp\/v2\/posts"}],"about":[{"href":"https:\/\/www.itakaescolapios.org\/ca\/wp-json\/wp\/v2\/types\/post"}],"author":[{"embeddable":true,"href":"https:\/\/www.itakaescolapios.org\/ca\/wp-json\/wp\/v2\/users\/39"}],"replies":[{"embeddable":true,"href":"https:\/\/www.itakaescolapios.org\/ca\/wp-json\/wp\/v2\/comments?post=22684"}],"version-history":[{"count":3,"href":"https:\/\/www.itakaescolapios.org\/ca\/wp-json\/wp\/v2\/posts\/22684\/revisions"}],"predecessor-version":[{"id":46843,"href":"https:\/\/www.itakaescolapios.org\/ca\/wp-json\/wp\/v2\/posts\/22684\/revisions\/46843"}],"wp:featuredmedia":[{"embeddable":true,"href":"https:\/\/www.itakaescolapios.org\/ca\/wp-json\/wp\/v2\/media\/22685"}],"wp:attachment":[{"href":"https:\/\/www.itakaescolapios.org\/ca\/wp-json\/wp\/v2\/media?parent=22684"}],"wp:term":[{"taxonomy":"category","embeddable":true,"href":"https:\/\/www.itakaescolapios.org\/ca\/wp-json\/wp\/v2\/categories?post=22684"},{"taxonomy":"post_tag","embeddable":true,"href":"https:\/\/www.itakaescolapios.org\/ca\/wp-json\/wp\/v2\/tags?post=22684"}],"curies":[{"name":"wp","href":"https:\/\/api.w.org\/{rel}","templated":true}]}}