{"id":22761,"date":"2018-04-25T10:56:13","date_gmt":"2018-04-25T09:56:13","guid":{"rendered":"https:\/\/www.itakaescolapios.org\/?p=22761"},"modified":"2023-11-28T12:37:30","modified_gmt":"2023-11-28T11:37:30","slug":"gran-fiesta-en-el-itaka-se-mueve-de-valencia","status":"publish","type":"post","link":"https:\/\/www.itakaescolapios.org\/ca\/2018\/04\/gran-fiesta-en-el-itaka-se-mueve-de-valencia\/","title":{"rendered":"GRAN FIESTA EN EL ITAKA SE MUEVE DE VALENCIA"},"content":{"rendered":"<p style=\"text-align: justify\">M\u00e1s de 350 personas se juntaron el pasado domingo en el colegio Escuelas P\u00edas Malvarrosa, en Valencia, para celebrar una nueva edici\u00f3n del ITAKA SE MUEVE, que se convirti\u00f3 en una gran fiesta con actividades para todos los p\u00fablicos. El objetivo era dar las gracias por la colaboraci\u00f3n que Itaka-Escolapios recibe de los voluntarios, colegios, socios, empresas y otras muchas personas, y que hace posible que los proyectos que tenemos entre manos se lleven a cabo.<\/p>\n<p style=\"text-align: justify\">La ma\u00f1ana comenz\u00f3 con una Masterclass de Bailes Latinos, a cargo de Juan Fernando, poniendo en marcha con mucho ritmo a todos los que quisieron mover el cuerpo. A continuaci\u00f3n, los juegos preparados para los ni\u00f1os y ni\u00f1as, con un paraca\u00eddas gigante, carreras de sacos, manualidades y un mural que hicieron conjuntamente; mientras, empezaron a encenderse los primeros fuegos para cocinar las paellas y asar la carne y embutido de la comida, amenizados con los tambores de TumTumCal, la batucada de los alumnos y alumnas de 3\u00ba ESO del colegios San Jos\u00e9 de Calasanz, dirigida por Quique Aleixos que anim\u00f3 m\u00e1s a\u00fan el Itaka se Mueve.<\/p>\n<p style=\"text-align: justify\">Desde Itaka- Escolapios tambi\u00e9n hab\u00edamos preparado un rastrillo con juguetes, ropa y otros objetos, donados en las \u00faltimas semanas para este fin e, incluso, elaborados artesanalmente por voluntarias, como turbantes para el pelo con telas africanas o pulsera; todo ello para recaudar, adem\u00e1s, fondos destinados para los proyectos en Senegal, a los que va dirigida la campa\u00f1a de solidaridad de este curso \u201cEl Tesoro de Senegal\u201d.<\/p>\n<p style=\"text-align: justify\">Otro de los lugares clave de este Itaka se Mueve, adem\u00e1s del photocall por donde pasaron los participantes, fue un gran puzzle que fuimos construyendo entre todos y todas, y que mostraron la realidad de Itaka- Escolapios en el mundo, con todos los proyectos que se realizan.<\/p>\n<p style=\"text-align: justify\">Los alumnos y alumnas del ciclo de Formaci\u00f3n Profesional de Cocina del cole de Malvarrosa tambi\u00e9n pusieron su granito de arena, cocinando para los asistentes una empanada de tomate y un brownie que se acab\u00f3 r\u00e1pidamente, claro. No falt\u00f3 tampoco el concurso de paellas, con un dif\u00edcil veredicto para el jurado que cat\u00f3 las paellas.<\/p>\n<p style=\"text-align: justify\">Despu\u00e9s de comer, lleg\u00f3 el turno de la m\u00fasica, con un Micro Abierto en el que participaron alumnos y alumnas del colegio Calasanz y canciones de rap compuestas por ellos hablando de problemas sociales, algunos que les tocan directamente a ellos, adem\u00e1s de otras actuaciones estelares como las de Luc\u00eda, Pablo o Lola, muy bien acompa\u00f1ada. Y, por supuesto, una estupenda rifa con premios muy variados.<\/p>\n<p style=\"text-align: justify\">En resumen una gran fiesta, la del Itaka se Mueve, de la que esperamos que disfrutase todo el mundo. S\u00f3lo nos queda agradecer todas las colaboraciones durante los d\u00edas previos y en la misma jornada, en especial al colegio Escolapios Malvarrosa y su equipo directivo, al ACPA del centro, a los alumnos y alumnas de FP, al TumTumCal, los alumnos \u201craperos\u201d y a Quique Aleixos, al profe de bailes latinos, a los cantantes, a todos los voluntarios y voluntarias que prepararon con cari\u00f1o cada detalle, y finalmente, a todos y todas los que vinieron e hicieron que este d\u00eda fuera inolvidable.<\/p>\n<p style=\"text-align: justify\">\u00a0Todas las fotos, en nuestro Facebook <a title=\"Itaka-Escolapios Betania\" href=\"https:\/\/www.facebook.com\/pg\/ItakaBetania\/photos\/?tab=album&amp;album_id=1798720643551282\">Itaka- Escolapios Betania<\/a>!<\/p>\n\n\t\t<style type=\"text\/css\">\n\t\t\t#gallery-1 {\n\t\t\t\tmargin: auto;\n\t\t\t}\n\t\t\t#gallery-1 .gallery-item {\n\t\t\t\tfloat: left;\n\t\t\t\tmargin-top: 10px;\n\t\t\t\ttext-align: center;\n\t\t\t\twidth: 33%;\n\t\t\t}\n\t\t\t#gallery-1 img {\n\t\t\t\tborder: 2px solid #cfcfcf;\n\t\t\t}\n\t\t\t#gallery-1 .gallery-caption {\n\t\t\t\tmargin-left: 0;\n\t\t\t}\n\t\t\t\/* see gallery_shortcode() in wp-includes\/media.php *\/\n\t\t<\/style>\n\t\t<div id='gallery-1' class='gallery galleryid-22761 gallery-columns-3 gallery-size-thumbnail'><dl class='gallery-item'>\n\t\t\t<dt class='gallery-icon landscape'>\n\t\t\t\t<img decoding=\"async\" width=\"90\" height=\"90\" src=\"https:\/\/www.itakaescolapios.org\/wp-content\/uploads\/2018\/04\/IMG_20180422_142448-90x90.jpg\" class=\"attachment-thumbnail size-thumbnail\" alt=\"\" \/>\n\t\t\t<\/dt><\/dl><dl class='gallery-item'>\n\t\t\t<dt class='gallery-icon landscape'>\n\t\t\t\t<img decoding=\"async\" width=\"90\" height=\"90\" src=\"https:\/\/www.itakaescolapios.org\/wp-content\/uploads\/2018\/04\/IMG_20180422_154044-90x90.jpg\" class=\"attachment-thumbnail size-thumbnail\" alt=\"\" \/>\n\t\t\t<\/dt><\/dl><dl class='gallery-item'>\n\t\t\t<dt class='gallery-icon landscape'>\n\t\t\t\t<img decoding=\"async\" width=\"90\" height=\"90\" src=\"https:\/\/www.itakaescolapios.org\/wp-content\/uploads\/2018\/04\/IMG_20180422_163955-90x90.jpg\" class=\"attachment-thumbnail size-thumbnail\" alt=\"\" \/>\n\t\t\t<\/dt><\/dl><br style=\"clear: both\" \/><dl class='gallery-item'>\n\t\t\t<dt class='gallery-icon landscape'>\n\t\t\t\t<img decoding=\"async\" width=\"90\" height=\"90\" src=\"https:\/\/www.itakaescolapios.org\/wp-content\/uploads\/2018\/04\/IMG_20180422_171506-90x90.jpg\" class=\"attachment-thumbnail size-thumbnail\" alt=\"\" \/>\n\t\t\t<\/dt><\/dl><dl class='gallery-item'>\n\t\t\t<dt class='gallery-icon landscape'>\n\t\t\t\t<img decoding=\"async\" width=\"90\" height=\"90\" src=\"https:\/\/www.itakaescolapios.org\/wp-content\/uploads\/2018\/04\/IMG_20180422_174355-90x90.jpg\" class=\"attachment-thumbnail size-thumbnail\" alt=\"\" \/>\n\t\t\t<\/dt><\/dl><dl class='gallery-item'>\n\t\t\t<dt class='gallery-icon portrait'>\n\t\t\t\t<img decoding=\"async\" width=\"90\" height=\"90\" src=\"https:\/\/www.itakaescolapios.org\/wp-content\/uploads\/2018\/04\/IMG-20180418-WA0015-90x90.jpg\" class=\"attachment-thumbnail size-thumbnail\" alt=\"\" \/>\n\t\t\t<\/dt><\/dl><br style=\"clear: both\" \/><dl class='gallery-item'>\n\t\t\t<dt class='gallery-icon landscape'>\n\t\t\t\t<img decoding=\"async\" width=\"90\" height=\"90\" src=\"https:\/\/www.itakaescolapios.org\/wp-content\/uploads\/2018\/04\/IMG-20180422-WA0029-90x90.jpg\" class=\"attachment-thumbnail size-thumbnail\" alt=\"\" \/>\n\t\t\t<\/dt><\/dl><dl class='gallery-item'>\n\t\t\t<dt class='gallery-icon landscape'>\n\t\t\t\t<img decoding=\"async\" width=\"90\" height=\"90\" src=\"https:\/\/www.itakaescolapios.org\/wp-content\/uploads\/2018\/04\/IMG-20180422-WA00321-90x90.jpg\" class=\"attachment-thumbnail size-thumbnail\" alt=\"\" \/>\n\t\t\t<\/dt><\/dl><dl class='gallery-item'>\n\t\t\t<dt class='gallery-icon landscape'>\n\t\t\t\t<img decoding=\"async\" width=\"90\" height=\"90\" src=\"https:\/\/www.itakaescolapios.org\/wp-content\/uploads\/2018\/04\/IMG-20180423-WA0022-90x90.jpg\" class=\"attachment-thumbnail size-thumbnail\" alt=\"\" srcset=\"https:\/\/www.itakaescolapios.org\/wp-content\/uploads\/2018\/04\/IMG-20180423-WA0022-90x90.jpg 90w, https:\/\/www.itakaescolapios.org\/wp-content\/uploads\/2018\/04\/IMG-20180423-WA0022-300x300.jpg 300w, https:\/\/www.itakaescolapios.org\/wp-content\/uploads\/2018\/04\/IMG-20180423-WA0022-1024x1024.jpg 1024w, https:\/\/www.itakaescolapios.org\/wp-content\/uploads\/2018\/04\/IMG-20180423-WA0022-250x250.jpg 250w, https:\/\/www.itakaescolapios.org\/wp-content\/uploads\/2018\/04\/IMG-20180423-WA0022.jpg 1080w\" sizes=\"(max-width: 90px) 100vw, 90px\" \/>\n\t\t\t<\/dt><\/dl><br style=\"clear: both\" \/>\n\t\t<\/div>\n\n<p>&nbsp;<\/p>\n","protected":false},"excerpt":{"rendered":"<p>M\u00e1s de 350 personas se juntaron el pasado domingo en el colegio Escuelas P\u00edas Malvarrosa, en Valencia, para celebrar una nueva edici\u00f3n del ITAKA SE MUEVE, que se convirti\u00f3 en [&hellip;]<\/p>\n","protected":false},"author":39,"featured_media":22762,"comment_status":"closed","ping_status":"closed","sticky":false,"template":"","format":"standard","meta":{"_et_pb_use_builder":"","_et_pb_old_content":"","_et_gb_content_width":"","footnotes":""},"categories":[12],"tags":[227,188,322,257,272,411],"class_list":["post-22761","post","type-post","status-publish","format-standard","has-post-thumbnail","hentry","category-valencia","tag-colaboracion","tag-gracias","tag-iataka-se-mueve","tag-malvarrosa","tag-proyectos","tag-valencia"],"yoast_head":"<!-- This site is optimized with the Yoast SEO plugin v27.4 - https:\/\/yoast.com\/product\/yoast-seo-wordpress\/ -->\n<title>GRAN FIESTA EN EL ITAKA SE MUEVE DE VALENCIA<\/title>\n<meta name=\"description\" content=\"M\u00e1s de 350 personas se juntaron el pasado domingo en el colegio Escuelas P\u00edas Malvarrosa, en Valencia, para celebrar una nueva edici\u00f3n del ITAKA SE MUEVE, que se convirti\u00f3 en una gran fiesta con actividades para todos los p\u00fablicos. El objetivo era dar las gracias por la colaboraci\u00f3n que Itaka-Escolapios recibe de los voluntarios, colegios,&hellip;\" \/>\n<meta name=\"robots\" content=\"index, follow, max-snippet:-1, max-image-preview:large, max-video-preview:-1\" \/>\n<link rel=\"canonical\" href=\"http:\/\/M\u00e1s%20de%20350%20personas%20se%20juntaron%20el%20pasado%20domingo%20en%20el%20colegio%20Escuelas%20P\u00edas%20Malvarrosa,%20en%20Valencia,%20para%20celebrar%20una%20nueva%20edici\u00f3n%20del%20ITAKA%20SE%20MUEVE,%20que%20se%20convirti\u00f3%20en%20una%20gran%20fiesta%20con%20actividades%20para%20todos%20los%20p\u00fablicos.%20El%20objetivo%20era%20dar%20las%20gracias%20por%20la%20colaboraci\u00f3n%20que%20Itaka-Escolapios%20recibe%20de%20los%20voluntarios,%20colegios,&hellip;\" \/>\n<meta property=\"og:locale\" content=\"ca_ES\" \/>\n<meta property=\"og:type\" content=\"article\" \/>\n<meta property=\"og:title\" content=\"GRAN FIESTA EN EL ITAKA SE MUEVE DE VALENCIA\" \/>\n<meta property=\"og:description\" content=\"M\u00e1s de 350 personas se juntaron el pasado domingo en el colegio Escuelas P\u00edas Malvarrosa, en Valencia, para celebrar una nueva edici\u00f3n del ITAKA SE MUEVE, que se convirti\u00f3 en una gran fiesta con actividades para todos los p\u00fablicos. El objetivo era dar las gracias por la colaboraci\u00f3n que Itaka-Escolapios recibe de los voluntarios, colegios,&hellip;\" \/>\n<meta property=\"og:url\" content=\"https:\/\/www.itakaescolapios.org\/ca\/2018\/04\/gran-fiesta-en-el-itaka-se-mueve-de-valencia\/\" \/>\n<meta property=\"og:site_name\" content=\"Itaka-Escolapios\" \/>\n<meta property=\"article:published_time\" content=\"2018-04-25T09:56:13+00:00\" \/>\n<meta property=\"article:modified_time\" content=\"2023-11-28T11:37:30+00:00\" \/>\n<meta property=\"og:image\" content=\"https:\/\/www.itakaescolapios.org\/wp-content\/uploads\/2018\/04\/IMG-20180422-WA0037.jpg\" \/>\n\t<meta property=\"og:image:width\" content=\"1600\" \/>\n\t<meta property=\"og:image:height\" content=\"922\" \/>\n\t<meta property=\"og:image:type\" content=\"image\/jpeg\" \/>\n<meta name=\"author\" content=\"valencia01\" \/>\n<meta name=\"twitter:card\" content=\"summary_large_image\" \/>\n<meta name=\"twitter:label1\" content=\"Escrit per\" \/>\n\t<meta name=\"twitter:data1\" content=\"valencia01\" \/>\n\t<meta name=\"twitter:label2\" content=\"Temps estimat de lectura\" \/>\n\t<meta name=\"twitter:data2\" content=\"3 minuts\" \/>\n<script type=\"application\/ld+json\" class=\"yoast-schema-graph\">{\"@context\":\"https:\\\/\\\/schema.org\",\"@graph\":[{\"@type\":\"Article\",\"@id\":\"https:\\\/\\\/www.itakaescolapios.org\\\/ca\\\/2018\\\/04\\\/gran-fiesta-en-el-itaka-se-mueve-de-valencia\\\/#article\",\"isPartOf\":{\"@id\":\"https:\\\/\\\/www.itakaescolapios.org\\\/ca\\\/2018\\\/04\\\/gran-fiesta-en-el-itaka-se-mueve-de-valencia\\\/\"},\"author\":{\"name\":\"valencia01\",\"@id\":\"https:\\\/\\\/www.itakaescolapios.org\\\/es\\\/#\\\/schema\\\/person\\\/c232ccaa2b3f2e98db93c1f8dfca96ff\"},\"headline\":\"GRAN FIESTA EN EL ITAKA SE MUEVE DE VALENCIA\",\"datePublished\":\"2018-04-25T09:56:13+00:00\",\"dateModified\":\"2023-11-28T11:37:30+00:00\",\"mainEntityOfPage\":{\"@id\":\"https:\\\/\\\/www.itakaescolapios.org\\\/ca\\\/2018\\\/04\\\/gran-fiesta-en-el-itaka-se-mueve-de-valencia\\\/\"},\"wordCount\":568,\"publisher\":{\"@id\":\"https:\\\/\\\/www.itakaescolapios.org\\\/es\\\/#organization\"},\"image\":{\"@id\":\"https:\\\/\\\/www.itakaescolapios.org\\\/ca\\\/2018\\\/04\\\/gran-fiesta-en-el-itaka-se-mueve-de-valencia\\\/#primaryimage\"},\"thumbnailUrl\":\"https:\\\/\\\/www.itakaescolapios.org\\\/wp-content\\\/uploads\\\/2018\\\/04\\\/IMG-20180422-WA0037.jpg\",\"keywords\":[\"colaboraci\u00f3n\",\"Gracias\",\"Iataka se Mueve\",\"Malvarrosa\",\"proyectos\",\"Valencia\"],\"articleSection\":[\"Valencia\"],\"inLanguage\":\"ca\"},{\"@type\":\"WebPage\",\"@id\":\"https:\\\/\\\/www.itakaescolapios.org\\\/ca\\\/2018\\\/04\\\/gran-fiesta-en-el-itaka-se-mueve-de-valencia\\\/\",\"url\":\"https:\\\/\\\/www.itakaescolapios.org\\\/ca\\\/2018\\\/04\\\/gran-fiesta-en-el-itaka-se-mueve-de-valencia\\\/\",\"name\":\"GRAN FIESTA EN EL ITAKA SE MUEVE DE VALENCIA - Itaka-Escolapios\",\"isPartOf\":{\"@id\":\"https:\\\/\\\/www.itakaescolapios.org\\\/es\\\/#website\"},\"primaryImageOfPage\":{\"@id\":\"https:\\\/\\\/www.itakaescolapios.org\\\/ca\\\/2018\\\/04\\\/gran-fiesta-en-el-itaka-se-mueve-de-valencia\\\/#primaryimage\"},\"image\":{\"@id\":\"https:\\\/\\\/www.itakaescolapios.org\\\/ca\\\/2018\\\/04\\\/gran-fiesta-en-el-itaka-se-mueve-de-valencia\\\/#primaryimage\"},\"thumbnailUrl\":\"https:\\\/\\\/www.itakaescolapios.org\\\/wp-content\\\/uploads\\\/2018\\\/04\\\/IMG-20180422-WA0037.jpg\",\"datePublished\":\"2018-04-25T09:56:13+00:00\",\"dateModified\":\"2023-11-28T11:37:30+00:00\",\"breadcrumb\":{\"@id\":\"https:\\\/\\\/www.itakaescolapios.org\\\/ca\\\/2018\\\/04\\\/gran-fiesta-en-el-itaka-se-mueve-de-valencia\\\/#breadcrumb\"},\"inLanguage\":\"ca\",\"potentialAction\":[{\"@type\":\"ReadAction\",\"target\":[\"https:\\\/\\\/www.itakaescolapios.org\\\/ca\\\/2018\\\/04\\\/gran-fiesta-en-el-itaka-se-mueve-de-valencia\\\/\"]}]},{\"@type\":\"ImageObject\",\"inLanguage\":\"ca\",\"@id\":\"https:\\\/\\\/www.itakaescolapios.org\\\/ca\\\/2018\\\/04\\\/gran-fiesta-en-el-itaka-se-mueve-de-valencia\\\/#primaryimage\",\"url\":\"https:\\\/\\\/www.itakaescolapios.org\\\/wp-content\\\/uploads\\\/2018\\\/04\\\/IMG-20180422-WA0037.jpg\",\"contentUrl\":\"https:\\\/\\\/www.itakaescolapios.org\\\/wp-content\\\/uploads\\\/2018\\\/04\\\/IMG-20180422-WA0037.jpg\",\"width\":1600,\"height\":922},{\"@type\":\"BreadcrumbList\",\"@id\":\"https:\\\/\\\/www.itakaescolapios.org\\\/ca\\\/2018\\\/04\\\/gran-fiesta-en-el-itaka-se-mueve-de-valencia\\\/#breadcrumb\",\"itemListElement\":[{\"@type\":\"ListItem\",\"position\":1,\"name\":\"Itaka-Escolapios\",\"item\":\"https:\\\/\\\/www.itakaescolapios.org\\\/es\\\/\"},{\"@type\":\"ListItem\",\"position\":2,\"name\":\"GRAN FIESTA EN EL ITAKA SE MUEVE DE VALENCIA\"}]},{\"@type\":\"WebSite\",\"@id\":\"https:\\\/\\\/www.itakaescolapios.org\\\/ca\\\/es\\\/#website\",\"url\":\"https:\\\/\\\/www.itakaescolapios.org\\\/ca\\\/es\\\/\",\"name\":\"Itaka-Escolapios\",\"description\":\"Red de Itaka-Escolapios\",\"publisher\":{\"@id\":\"https:\\\/\\\/www.itakaescolapios.org\\\/ca\\\/es\\\/#organization\"},\"potentialAction\":[{\"@type\":\"SearchAction\",\"target\":{\"@type\":\"EntryPoint\",\"urlTemplate\":\"https:\\\/\\\/www.itakaescolapios.org\\\/ca\\\/es\\\/?s={search_term_string}\"},\"query-input\":{\"@type\":\"PropertyValueSpecification\",\"valueRequired\":true,\"valueName\":\"search_term_string\"}}],\"inLanguage\":\"ca\"},{\"@type\":\"Organization\",\"@id\":\"https:\\\/\\\/www.itakaescolapios.org\\\/ca\\\/es\\\/#organization\",\"name\":\"Fundaci\u00f3 Itaka-Escolapios\",\"url\":\"https:\\\/\\\/www.itakaescolapios.org\\\/ca\\\/es\\\/\",\"logo\":{\"@type\":\"ImageObject\",\"inLanguage\":\"ca\",\"@id\":\"https:\\\/\\\/www.itakaescolapios.org\\\/ca\\\/es\\\/#\\\/schema\\\/logo\\\/image\\\/\",\"url\":\"https:\\\/\\\/www.itakaescolapios.org\\\/wp-content\\\/uploads\\\/2024\\\/04\\\/Logo-itakaescolapios-peque.png\",\"contentUrl\":\"https:\\\/\\\/www.itakaescolapios.org\\\/wp-content\\\/uploads\\\/2024\\\/04\\\/Logo-itakaescolapios-peque.png\",\"width\":500,\"height\":199,\"caption\":\"Fundaci\u00f3 Itaka-Escolapios\"},\"image\":{\"@id\":\"https:\\\/\\\/www.itakaescolapios.org\\\/ca\\\/es\\\/#\\\/schema\\\/logo\\\/image\\\/\"}},{\"@type\":\"Person\",\"@id\":\"https:\\\/\\\/www.itakaescolapios.org\\\/es\\\/#\\\/schema\\\/person\\\/c232ccaa2b3f2e98db93c1f8dfca96ff\",\"name\":\"valencia01\",\"url\":\"https:\\\/\\\/www.itakaescolapios.org\\\/ca\\\/author\\\/valencia01\\\/\"}]}<\/script>\n<!-- \/ Yoast SEO plugin. -->","yoast_head_json":{"title":"GRAN FIESTA EN EL ITAKA SE MUEVE DE VALENCIA","description":"M\u00e1s de 350 personas se juntaron el pasado domingo en el colegio Escuelas P\u00edas Malvarrosa, en Valencia, para celebrar una nueva edici\u00f3n del ITAKA SE MUEVE, que se convirti\u00f3 en una gran fiesta con actividades para todos los p\u00fablicos. El objetivo era dar las gracias por la colaboraci\u00f3n que Itaka-Escolapios recibe de los voluntarios, colegios,&hellip;","robots":{"index":"index","follow":"follow","max-snippet":"max-snippet:-1","max-image-preview":"max-image-preview:large","max-video-preview":"max-video-preview:-1"},"canonical":"M\u00e1s de 350 personas se juntaron el pasado domingo en el colegio Escuelas P\u00edas Malvarrosa, en Valencia, para celebrar una nueva edici\u00f3n del ITAKA SE MUEVE, que se convirti\u00f3 en una gran fiesta con actividades para todos los p\u00fablicos. El objetivo era dar las gracias por la colaboraci\u00f3n que Itaka-Escolapios recibe de los voluntarios, colegios,&hellip;","og_locale":"ca_ES","og_type":"article","og_title":"GRAN FIESTA EN EL ITAKA SE MUEVE DE VALENCIA","og_description":"M\u00e1s de 350 personas se juntaron el pasado domingo en el colegio Escuelas P\u00edas Malvarrosa, en Valencia, para celebrar una nueva edici\u00f3n del ITAKA SE MUEVE, que se convirti\u00f3 en una gran fiesta con actividades para todos los p\u00fablicos. El objetivo era dar las gracias por la colaboraci\u00f3n que Itaka-Escolapios recibe de los voluntarios, colegios,&hellip;","og_url":"https:\/\/www.itakaescolapios.org\/ca\/2018\/04\/gran-fiesta-en-el-itaka-se-mueve-de-valencia\/","og_site_name":"Itaka-Escolapios","article_published_time":"2018-04-25T09:56:13+00:00","article_modified_time":"2023-11-28T11:37:30+00:00","og_image":[{"width":1600,"height":922,"url":"https:\/\/www.itakaescolapios.org\/wp-content\/uploads\/2018\/04\/IMG-20180422-WA0037.jpg","type":"image\/jpeg"}],"author":"valencia01","twitter_card":"summary_large_image","twitter_misc":{"Escrit per":"valencia01","Temps estimat de lectura":"3 minuts"},"schema":{"@context":"https:\/\/schema.org","@graph":[{"@type":"Article","@id":"https:\/\/www.itakaescolapios.org\/ca\/2018\/04\/gran-fiesta-en-el-itaka-se-mueve-de-valencia\/#article","isPartOf":{"@id":"https:\/\/www.itakaescolapios.org\/ca\/2018\/04\/gran-fiesta-en-el-itaka-se-mueve-de-valencia\/"},"author":{"name":"valencia01","@id":"https:\/\/www.itakaescolapios.org\/es\/#\/schema\/person\/c232ccaa2b3f2e98db93c1f8dfca96ff"},"headline":"GRAN FIESTA EN EL ITAKA SE MUEVE DE VALENCIA","datePublished":"2018-04-25T09:56:13+00:00","dateModified":"2023-11-28T11:37:30+00:00","mainEntityOfPage":{"@id":"https:\/\/www.itakaescolapios.org\/ca\/2018\/04\/gran-fiesta-en-el-itaka-se-mueve-de-valencia\/"},"wordCount":568,"publisher":{"@id":"https:\/\/www.itakaescolapios.org\/es\/#organization"},"image":{"@id":"https:\/\/www.itakaescolapios.org\/ca\/2018\/04\/gran-fiesta-en-el-itaka-se-mueve-de-valencia\/#primaryimage"},"thumbnailUrl":"https:\/\/www.itakaescolapios.org\/wp-content\/uploads\/2018\/04\/IMG-20180422-WA0037.jpg","keywords":["colaboraci\u00f3n","Gracias","Iataka se Mueve","Malvarrosa","proyectos","Valencia"],"articleSection":["Valencia"],"inLanguage":"ca"},{"@type":"WebPage","@id":"https:\/\/www.itakaescolapios.org\/ca\/2018\/04\/gran-fiesta-en-el-itaka-se-mueve-de-valencia\/","url":"https:\/\/www.itakaescolapios.org\/ca\/2018\/04\/gran-fiesta-en-el-itaka-se-mueve-de-valencia\/","name":"GRAN FIESTA EN EL ITAKA SE MUEVE DE VALENCIA - Itaka-Escolapios","isPartOf":{"@id":"https:\/\/www.itakaescolapios.org\/es\/#website"},"primaryImageOfPage":{"@id":"https:\/\/www.itakaescolapios.org\/ca\/2018\/04\/gran-fiesta-en-el-itaka-se-mueve-de-valencia\/#primaryimage"},"image":{"@id":"https:\/\/www.itakaescolapios.org\/ca\/2018\/04\/gran-fiesta-en-el-itaka-se-mueve-de-valencia\/#primaryimage"},"thumbnailUrl":"https:\/\/www.itakaescolapios.org\/wp-content\/uploads\/2018\/04\/IMG-20180422-WA0037.jpg","datePublished":"2018-04-25T09:56:13+00:00","dateModified":"2023-11-28T11:37:30+00:00","breadcrumb":{"@id":"https:\/\/www.itakaescolapios.org\/ca\/2018\/04\/gran-fiesta-en-el-itaka-se-mueve-de-valencia\/#breadcrumb"},"inLanguage":"ca","potentialAction":[{"@type":"ReadAction","target":["https:\/\/www.itakaescolapios.org\/ca\/2018\/04\/gran-fiesta-en-el-itaka-se-mueve-de-valencia\/"]}]},{"@type":"ImageObject","inLanguage":"ca","@id":"https:\/\/www.itakaescolapios.org\/ca\/2018\/04\/gran-fiesta-en-el-itaka-se-mueve-de-valencia\/#primaryimage","url":"https:\/\/www.itakaescolapios.org\/wp-content\/uploads\/2018\/04\/IMG-20180422-WA0037.jpg","contentUrl":"https:\/\/www.itakaescolapios.org\/wp-content\/uploads\/2018\/04\/IMG-20180422-WA0037.jpg","width":1600,"height":922},{"@type":"BreadcrumbList","@id":"https:\/\/www.itakaescolapios.org\/ca\/2018\/04\/gran-fiesta-en-el-itaka-se-mueve-de-valencia\/#breadcrumb","itemListElement":[{"@type":"ListItem","position":1,"name":"Itaka-Escolapios","item":"https:\/\/www.itakaescolapios.org\/es\/"},{"@type":"ListItem","position":2,"name":"GRAN FIESTA EN EL ITAKA SE MUEVE DE VALENCIA"}]},{"@type":"WebSite","@id":"https:\/\/www.itakaescolapios.org\/ca\/es\/#website","url":"https:\/\/www.itakaescolapios.org\/ca\/es\/","name":"Itaka-Escolapios","description":"Red de Itaka-Escolapios","publisher":{"@id":"https:\/\/www.itakaescolapios.org\/ca\/es\/#organization"},"potentialAction":[{"@type":"SearchAction","target":{"@type":"EntryPoint","urlTemplate":"https:\/\/www.itakaescolapios.org\/ca\/es\/?s={search_term_string}"},"query-input":{"@type":"PropertyValueSpecification","valueRequired":true,"valueName":"search_term_string"}}],"inLanguage":"ca"},{"@type":"Organization","@id":"https:\/\/www.itakaescolapios.org\/ca\/es\/#organization","name":"Fundaci\u00f3 Itaka-Escolapios","url":"https:\/\/www.itakaescolapios.org\/ca\/es\/","logo":{"@type":"ImageObject","inLanguage":"ca","@id":"https:\/\/www.itakaescolapios.org\/ca\/es\/#\/schema\/logo\/image\/","url":"https:\/\/www.itakaescolapios.org\/wp-content\/uploads\/2024\/04\/Logo-itakaescolapios-peque.png","contentUrl":"https:\/\/www.itakaescolapios.org\/wp-content\/uploads\/2024\/04\/Logo-itakaescolapios-peque.png","width":500,"height":199,"caption":"Fundaci\u00f3 Itaka-Escolapios"},"image":{"@id":"https:\/\/www.itakaescolapios.org\/ca\/es\/#\/schema\/logo\/image\/"}},{"@type":"Person","@id":"https:\/\/www.itakaescolapios.org\/es\/#\/schema\/person\/c232ccaa2b3f2e98db93c1f8dfca96ff","name":"valencia01","url":"https:\/\/www.itakaescolapios.org\/ca\/author\/valencia01\/"}]}},"_links":{"self":[{"href":"https:\/\/www.itakaescolapios.org\/ca\/wp-json\/wp\/v2\/posts\/22761","targetHints":{"allow":["GET"]}}],"collection":[{"href":"https:\/\/www.itakaescolapios.org\/ca\/wp-json\/wp\/v2\/posts"}],"about":[{"href":"https:\/\/www.itakaescolapios.org\/ca\/wp-json\/wp\/v2\/types\/post"}],"author":[{"embeddable":true,"href":"https:\/\/www.itakaescolapios.org\/ca\/wp-json\/wp\/v2\/users\/39"}],"replies":[{"embeddable":true,"href":"https:\/\/www.itakaescolapios.org\/ca\/wp-json\/wp\/v2\/comments?post=22761"}],"version-history":[{"count":5,"href":"https:\/\/www.itakaescolapios.org\/ca\/wp-json\/wp\/v2\/posts\/22761\/revisions"}],"predecessor-version":[{"id":46819,"href":"https:\/\/www.itakaescolapios.org\/ca\/wp-json\/wp\/v2\/posts\/22761\/revisions\/46819"}],"wp:featuredmedia":[{"embeddable":true,"href":"https:\/\/www.itakaescolapios.org\/ca\/wp-json\/wp\/v2\/media\/22762"}],"wp:attachment":[{"href":"https:\/\/www.itakaescolapios.org\/ca\/wp-json\/wp\/v2\/media?parent=22761"}],"wp:term":[{"taxonomy":"category","embeddable":true,"href":"https:\/\/www.itakaescolapios.org\/ca\/wp-json\/wp\/v2\/categories?post=22761"},{"taxonomy":"post_tag","embeddable":true,"href":"https:\/\/www.itakaescolapios.org\/ca\/wp-json\/wp\/v2\/tags?post=22761"}],"curies":[{"name":"wp","href":"https:\/\/api.w.org\/{rel}","templated":true}]}}