{"id":22989,"date":"2018-05-02T18:42:12","date_gmt":"2018-05-02T17:42:12","guid":{"rendered":"https:\/\/www.itakaescolapios.org\/?p=22989"},"modified":"2023-11-28T12:37:29","modified_gmt":"2023-11-28T11:37:29","slug":"portugues-roda-de-conversa-2","status":"publish","type":"post","link":"https:\/\/www.itakaescolapios.org\/ca\/2018\/05\/portugues-roda-de-conversa-2\/","title":{"rendered":"MESA REDONDA SOBRE EL ACOGIMIENTO"},"content":{"rendered":"<p>El 25 de abril tuvo lugar una mesa redonda con el tema &#8220;Los l\u00edmites en la actuaci\u00f3n del educador en las instituciones de acogida&#8221;. Se trata de una iniciativa del proyecto de la becaria del Servicio Social Ana Celina R. Santos, en colaboraci\u00f3n con el Equipo t\u00e9cnico del Programa Casa Lar de la Obra Social Itaka &#8211; Escolapios.<\/p>\n<p>Se habl\u00f3 de varios temas, entre ellos, el afecto y apego, el comportamiento ante la diversidad, procedimientos en el acogimiento. Contamos tambi\u00e9n con la participaci\u00f3n especial de Cl\u00e1udia Paulina M. de Oliveira Passos, psic\u00f3loga, posgraduada en salud mental mental y atenci\u00f3n psicosocial.<\/p>\n","protected":false},"excerpt":{"rendered":"<p>El 25 de abril tuvo lugar una mesa redonda con el tema &#8220;Los l\u00edmites en la actuaci\u00f3n del educador en las instituciones de acogida&#8221;. Se trata de una iniciativa del [&hellip;]<\/p>\n","protected":false},"author":11,"featured_media":22994,"comment_status":"closed","ping_status":"closed","sticky":false,"template":"","format":"standard","meta":{"_et_pb_use_builder":"","_et_pb_old_content":"","_et_gb_content_width":"","footnotes":""},"categories":[16],"tags":[],"class_list":["post-22989","post","type-post","status-publish","format-standard","has-post-thumbnail","hentry","category-governador-valadares"],"yoast_head":"<!-- This site is optimized with the Yoast SEO plugin v27.4 - https:\/\/yoast.com\/product\/yoast-seo-wordpress\/ -->\n<title>MESA REDONDA SOBRE EL ACOGIMIENTO<\/title>\n<meta name=\"description\" content=\"El 25 de abril tuvo lugar una mesa redonda con el tema &quot;Los l\u00edmites en la actuaci\u00f3n del educador en las instituciones de acogida&quot;. Se trata de una iniciativa del proyecto de la becaria del Servicio Social Ana Celina R. Santos, en colaboraci\u00f3n con el Equipo t\u00e9cnico del Programa Casa Lar de la Obra Social&hellip;\" \/>\n<meta name=\"robots\" content=\"index, follow, max-snippet:-1, max-image-preview:large, max-video-preview:-1\" \/>\n<link rel=\"canonical\" href=\"http:\/\/El%2025%20de%20abril%20tuvo%20lugar%20una%20mesa%20redonda%20con%20el%20tema%20Los%20l\u00edmites%20en%20la%20actuaci\u00f3n%20del%20educador%20en%20las%20instituciones%20de%20acogida.%20Se%20trata%20de%20una%20iniciativa%20del%20proyecto%20de%20la%20becaria%20del%20Servicio%20Social%20Ana%20Celina%20R.%20Santos,%20en%20colaboraci\u00f3n%20con%20el%20Equipo%20t\u00e9cnico%20del%20Programa%20Casa%20Lar%20de%20la%20Obra%20Social&hellip;\" \/>\n<meta property=\"og:locale\" content=\"ca_ES\" \/>\n<meta property=\"og:type\" content=\"article\" \/>\n<meta property=\"og:title\" content=\"MESA REDONDA SOBRE EL ACOGIMIENTO\" \/>\n<meta property=\"og:description\" content=\"El 25 de abril tuvo lugar una mesa redonda con el tema &quot;Los l\u00edmites en la actuaci\u00f3n del educador en las instituciones de acogida&quot;. Se trata de una iniciativa del proyecto de la becaria del Servicio Social Ana Celina R. Santos, en colaboraci\u00f3n con el Equipo t\u00e9cnico del Programa Casa Lar de la Obra Social&hellip;\" \/>\n<meta property=\"og:url\" content=\"https:\/\/www.itakaescolapios.org\/ca\/2018\/05\/portugues-roda-de-conversa-2\/\" \/>\n<meta property=\"og:site_name\" content=\"Itaka-Escolapios\" \/>\n<meta property=\"article:published_time\" content=\"2018-05-02T17:42:12+00:00\" \/>\n<meta property=\"article:modified_time\" content=\"2023-11-28T11:37:29+00:00\" \/>\n<meta property=\"og:image\" content=\"https:\/\/www.itakaescolapios.org\/wp-content\/uploads\/2018\/05\/WhatsApp-Image-2018-05-02-at-13.39.32.jpeg\" \/>\n\t<meta property=\"og:image:width\" content=\"1032\" \/>\n\t<meta property=\"og:image:height\" content=\"774\" \/>\n\t<meta property=\"og:image:type\" content=\"image\/jpeg\" \/>\n<meta name=\"author\" content=\"brasil03\" \/>\n<meta name=\"twitter:card\" content=\"summary_large_image\" \/>\n<meta name=\"twitter:label1\" content=\"Escrit per\" \/>\n\t<meta name=\"twitter:data1\" content=\"brasil03\" \/>\n\t<meta name=\"twitter:label2\" content=\"Temps estimat de lectura\" \/>\n\t<meta name=\"twitter:data2\" content=\"1 minut\" \/>\n<script type=\"application\/ld+json\" class=\"yoast-schema-graph\">{\"@context\":\"https:\\\/\\\/schema.org\",\"@graph\":[{\"@type\":\"Article\",\"@id\":\"https:\\\/\\\/www.itakaescolapios.org\\\/ca\\\/2018\\\/05\\\/portugues-roda-de-conversa-2\\\/#article\",\"isPartOf\":{\"@id\":\"https:\\\/\\\/www.itakaescolapios.org\\\/ca\\\/2018\\\/05\\\/portugues-roda-de-conversa-2\\\/\"},\"author\":{\"name\":\"brasil03\",\"@id\":\"https:\\\/\\\/www.itakaescolapios.org\\\/es\\\/#\\\/schema\\\/person\\\/9c761c62049293fc36e6c91e429de3d5\"},\"headline\":\"MESA REDONDA SOBRE EL ACOGIMIENTO\",\"datePublished\":\"2018-05-02T17:42:12+00:00\",\"dateModified\":\"2023-11-28T11:37:29+00:00\",\"mainEntityOfPage\":{\"@id\":\"https:\\\/\\\/www.itakaescolapios.org\\\/ca\\\/2018\\\/05\\\/portugues-roda-de-conversa-2\\\/\"},\"wordCount\":113,\"publisher\":{\"@id\":\"https:\\\/\\\/www.itakaescolapios.org\\\/es\\\/#organization\"},\"image\":{\"@id\":\"https:\\\/\\\/www.itakaescolapios.org\\\/ca\\\/2018\\\/05\\\/portugues-roda-de-conversa-2\\\/#primaryimage\"},\"thumbnailUrl\":\"https:\\\/\\\/www.itakaescolapios.org\\\/wp-content\\\/uploads\\\/2018\\\/05\\\/WhatsApp-Image-2018-05-02-at-13.39.32.jpeg\",\"articleSection\":[\"Governador Valadares\"],\"inLanguage\":\"ca\"},{\"@type\":\"WebPage\",\"@id\":\"https:\\\/\\\/www.itakaescolapios.org\\\/ca\\\/2018\\\/05\\\/portugues-roda-de-conversa-2\\\/\",\"url\":\"https:\\\/\\\/www.itakaescolapios.org\\\/ca\\\/2018\\\/05\\\/portugues-roda-de-conversa-2\\\/\",\"name\":\"MESA REDONDA SOBRE EL ACOGIMIENTO - Itaka-Escolapios\",\"isPartOf\":{\"@id\":\"https:\\\/\\\/www.itakaescolapios.org\\\/es\\\/#website\"},\"primaryImageOfPage\":{\"@id\":\"https:\\\/\\\/www.itakaescolapios.org\\\/ca\\\/2018\\\/05\\\/portugues-roda-de-conversa-2\\\/#primaryimage\"},\"image\":{\"@id\":\"https:\\\/\\\/www.itakaescolapios.org\\\/ca\\\/2018\\\/05\\\/portugues-roda-de-conversa-2\\\/#primaryimage\"},\"thumbnailUrl\":\"https:\\\/\\\/www.itakaescolapios.org\\\/wp-content\\\/uploads\\\/2018\\\/05\\\/WhatsApp-Image-2018-05-02-at-13.39.32.jpeg\",\"datePublished\":\"2018-05-02T17:42:12+00:00\",\"dateModified\":\"2023-11-28T11:37:29+00:00\",\"breadcrumb\":{\"@id\":\"https:\\\/\\\/www.itakaescolapios.org\\\/ca\\\/2018\\\/05\\\/portugues-roda-de-conversa-2\\\/#breadcrumb\"},\"inLanguage\":\"ca\",\"potentialAction\":[{\"@type\":\"ReadAction\",\"target\":[\"https:\\\/\\\/www.itakaescolapios.org\\\/ca\\\/2018\\\/05\\\/portugues-roda-de-conversa-2\\\/\"]}]},{\"@type\":\"ImageObject\",\"inLanguage\":\"ca\",\"@id\":\"https:\\\/\\\/www.itakaescolapios.org\\\/ca\\\/2018\\\/05\\\/portugues-roda-de-conversa-2\\\/#primaryimage\",\"url\":\"https:\\\/\\\/www.itakaescolapios.org\\\/wp-content\\\/uploads\\\/2018\\\/05\\\/WhatsApp-Image-2018-05-02-at-13.39.32.jpeg\",\"contentUrl\":\"https:\\\/\\\/www.itakaescolapios.org\\\/wp-content\\\/uploads\\\/2018\\\/05\\\/WhatsApp-Image-2018-05-02-at-13.39.32.jpeg\",\"width\":1032,\"height\":774},{\"@type\":\"BreadcrumbList\",\"@id\":\"https:\\\/\\\/www.itakaescolapios.org\\\/ca\\\/2018\\\/05\\\/portugues-roda-de-conversa-2\\\/#breadcrumb\",\"itemListElement\":[{\"@type\":\"ListItem\",\"position\":1,\"name\":\"Itaka-Escolapios\",\"item\":\"https:\\\/\\\/www.itakaescolapios.org\\\/es\\\/\"},{\"@type\":\"ListItem\",\"position\":2,\"name\":\"MESA REDONDA SOBRE EL ACOGIMIENTO\"}]},{\"@type\":\"WebSite\",\"@id\":\"https:\\\/\\\/www.itakaescolapios.org\\\/ca\\\/es\\\/#website\",\"url\":\"https:\\\/\\\/www.itakaescolapios.org\\\/ca\\\/es\\\/\",\"name\":\"Itaka-Escolapios\",\"description\":\"Red de Itaka-Escolapios\",\"publisher\":{\"@id\":\"https:\\\/\\\/www.itakaescolapios.org\\\/ca\\\/es\\\/#organization\"},\"potentialAction\":[{\"@type\":\"SearchAction\",\"target\":{\"@type\":\"EntryPoint\",\"urlTemplate\":\"https:\\\/\\\/www.itakaescolapios.org\\\/ca\\\/es\\\/?s={search_term_string}\"},\"query-input\":{\"@type\":\"PropertyValueSpecification\",\"valueRequired\":true,\"valueName\":\"search_term_string\"}}],\"inLanguage\":\"ca\"},{\"@type\":\"Organization\",\"@id\":\"https:\\\/\\\/www.itakaescolapios.org\\\/ca\\\/es\\\/#organization\",\"name\":\"Fundaci\u00f3 Itaka-Escolapios\",\"url\":\"https:\\\/\\\/www.itakaescolapios.org\\\/ca\\\/es\\\/\",\"logo\":{\"@type\":\"ImageObject\",\"inLanguage\":\"ca\",\"@id\":\"https:\\\/\\\/www.itakaescolapios.org\\\/ca\\\/es\\\/#\\\/schema\\\/logo\\\/image\\\/\",\"url\":\"https:\\\/\\\/www.itakaescolapios.org\\\/wp-content\\\/uploads\\\/2024\\\/04\\\/Logo-itakaescolapios-peque.png\",\"contentUrl\":\"https:\\\/\\\/www.itakaescolapios.org\\\/wp-content\\\/uploads\\\/2024\\\/04\\\/Logo-itakaescolapios-peque.png\",\"width\":500,\"height\":199,\"caption\":\"Fundaci\u00f3 Itaka-Escolapios\"},\"image\":{\"@id\":\"https:\\\/\\\/www.itakaescolapios.org\\\/ca\\\/es\\\/#\\\/schema\\\/logo\\\/image\\\/\"}},{\"@type\":\"Person\",\"@id\":\"https:\\\/\\\/www.itakaescolapios.org\\\/es\\\/#\\\/schema\\\/person\\\/9c761c62049293fc36e6c91e429de3d5\",\"name\":\"brasil03\",\"url\":\"https:\\\/\\\/www.itakaescolapios.org\\\/ca\\\/author\\\/brasil03\\\/\"}]}<\/script>\n<!-- \/ Yoast SEO plugin. -->","yoast_head_json":{"title":"MESA REDONDA SOBRE EL ACOGIMIENTO","description":"El 25 de abril tuvo lugar una mesa redonda con el tema \"Los l\u00edmites en la actuaci\u00f3n del educador en las instituciones de acogida\". Se trata de una iniciativa del proyecto de la becaria del Servicio Social Ana Celina R. Santos, en colaboraci\u00f3n con el Equipo t\u00e9cnico del Programa Casa Lar de la Obra Social&hellip;","robots":{"index":"index","follow":"follow","max-snippet":"max-snippet:-1","max-image-preview":"max-image-preview:large","max-video-preview":"max-video-preview:-1"},"canonical":"El 25 de abril tuvo lugar una mesa redonda con el tema \"Los l\u00edmites en la actuaci\u00f3n del educador en las instituciones de acogida\". Se trata de una iniciativa del proyecto de la becaria del Servicio Social Ana Celina R. Santos, en colaboraci\u00f3n con el Equipo t\u00e9cnico del Programa Casa Lar de la Obra Social&hellip;","og_locale":"ca_ES","og_type":"article","og_title":"MESA REDONDA SOBRE EL ACOGIMIENTO","og_description":"El 25 de abril tuvo lugar una mesa redonda con el tema \"Los l\u00edmites en la actuaci\u00f3n del educador en las instituciones de acogida\". Se trata de una iniciativa del proyecto de la becaria del Servicio Social Ana Celina R. Santos, en colaboraci\u00f3n con el Equipo t\u00e9cnico del Programa Casa Lar de la Obra Social&hellip;","og_url":"https:\/\/www.itakaescolapios.org\/ca\/2018\/05\/portugues-roda-de-conversa-2\/","og_site_name":"Itaka-Escolapios","article_published_time":"2018-05-02T17:42:12+00:00","article_modified_time":"2023-11-28T11:37:29+00:00","og_image":[{"width":1032,"height":774,"url":"https:\/\/www.itakaescolapios.org\/wp-content\/uploads\/2018\/05\/WhatsApp-Image-2018-05-02-at-13.39.32.jpeg","type":"image\/jpeg"}],"author":"brasil03","twitter_card":"summary_large_image","twitter_misc":{"Escrit per":"brasil03","Temps estimat de lectura":"1 minut"},"schema":{"@context":"https:\/\/schema.org","@graph":[{"@type":"Article","@id":"https:\/\/www.itakaescolapios.org\/ca\/2018\/05\/portugues-roda-de-conversa-2\/#article","isPartOf":{"@id":"https:\/\/www.itakaescolapios.org\/ca\/2018\/05\/portugues-roda-de-conversa-2\/"},"author":{"name":"brasil03","@id":"https:\/\/www.itakaescolapios.org\/es\/#\/schema\/person\/9c761c62049293fc36e6c91e429de3d5"},"headline":"MESA REDONDA SOBRE EL ACOGIMIENTO","datePublished":"2018-05-02T17:42:12+00:00","dateModified":"2023-11-28T11:37:29+00:00","mainEntityOfPage":{"@id":"https:\/\/www.itakaescolapios.org\/ca\/2018\/05\/portugues-roda-de-conversa-2\/"},"wordCount":113,"publisher":{"@id":"https:\/\/www.itakaescolapios.org\/es\/#organization"},"image":{"@id":"https:\/\/www.itakaescolapios.org\/ca\/2018\/05\/portugues-roda-de-conversa-2\/#primaryimage"},"thumbnailUrl":"https:\/\/www.itakaescolapios.org\/wp-content\/uploads\/2018\/05\/WhatsApp-Image-2018-05-02-at-13.39.32.jpeg","articleSection":["Governador Valadares"],"inLanguage":"ca"},{"@type":"WebPage","@id":"https:\/\/www.itakaescolapios.org\/ca\/2018\/05\/portugues-roda-de-conversa-2\/","url":"https:\/\/www.itakaescolapios.org\/ca\/2018\/05\/portugues-roda-de-conversa-2\/","name":"MESA REDONDA SOBRE EL ACOGIMIENTO - Itaka-Escolapios","isPartOf":{"@id":"https:\/\/www.itakaescolapios.org\/es\/#website"},"primaryImageOfPage":{"@id":"https:\/\/www.itakaescolapios.org\/ca\/2018\/05\/portugues-roda-de-conversa-2\/#primaryimage"},"image":{"@id":"https:\/\/www.itakaescolapios.org\/ca\/2018\/05\/portugues-roda-de-conversa-2\/#primaryimage"},"thumbnailUrl":"https:\/\/www.itakaescolapios.org\/wp-content\/uploads\/2018\/05\/WhatsApp-Image-2018-05-02-at-13.39.32.jpeg","datePublished":"2018-05-02T17:42:12+00:00","dateModified":"2023-11-28T11:37:29+00:00","breadcrumb":{"@id":"https:\/\/www.itakaescolapios.org\/ca\/2018\/05\/portugues-roda-de-conversa-2\/#breadcrumb"},"inLanguage":"ca","potentialAction":[{"@type":"ReadAction","target":["https:\/\/www.itakaescolapios.org\/ca\/2018\/05\/portugues-roda-de-conversa-2\/"]}]},{"@type":"ImageObject","inLanguage":"ca","@id":"https:\/\/www.itakaescolapios.org\/ca\/2018\/05\/portugues-roda-de-conversa-2\/#primaryimage","url":"https:\/\/www.itakaescolapios.org\/wp-content\/uploads\/2018\/05\/WhatsApp-Image-2018-05-02-at-13.39.32.jpeg","contentUrl":"https:\/\/www.itakaescolapios.org\/wp-content\/uploads\/2018\/05\/WhatsApp-Image-2018-05-02-at-13.39.32.jpeg","width":1032,"height":774},{"@type":"BreadcrumbList","@id":"https:\/\/www.itakaescolapios.org\/ca\/2018\/05\/portugues-roda-de-conversa-2\/#breadcrumb","itemListElement":[{"@type":"ListItem","position":1,"name":"Itaka-Escolapios","item":"https:\/\/www.itakaescolapios.org\/es\/"},{"@type":"ListItem","position":2,"name":"MESA REDONDA SOBRE EL ACOGIMIENTO"}]},{"@type":"WebSite","@id":"https:\/\/www.itakaescolapios.org\/ca\/es\/#website","url":"https:\/\/www.itakaescolapios.org\/ca\/es\/","name":"Itaka-Escolapios","description":"Red de Itaka-Escolapios","publisher":{"@id":"https:\/\/www.itakaescolapios.org\/ca\/es\/#organization"},"potentialAction":[{"@type":"SearchAction","target":{"@type":"EntryPoint","urlTemplate":"https:\/\/www.itakaescolapios.org\/ca\/es\/?s={search_term_string}"},"query-input":{"@type":"PropertyValueSpecification","valueRequired":true,"valueName":"search_term_string"}}],"inLanguage":"ca"},{"@type":"Organization","@id":"https:\/\/www.itakaescolapios.org\/ca\/es\/#organization","name":"Fundaci\u00f3 Itaka-Escolapios","url":"https:\/\/www.itakaescolapios.org\/ca\/es\/","logo":{"@type":"ImageObject","inLanguage":"ca","@id":"https:\/\/www.itakaescolapios.org\/ca\/es\/#\/schema\/logo\/image\/","url":"https:\/\/www.itakaescolapios.org\/wp-content\/uploads\/2024\/04\/Logo-itakaescolapios-peque.png","contentUrl":"https:\/\/www.itakaescolapios.org\/wp-content\/uploads\/2024\/04\/Logo-itakaescolapios-peque.png","width":500,"height":199,"caption":"Fundaci\u00f3 Itaka-Escolapios"},"image":{"@id":"https:\/\/www.itakaescolapios.org\/ca\/es\/#\/schema\/logo\/image\/"}},{"@type":"Person","@id":"https:\/\/www.itakaescolapios.org\/es\/#\/schema\/person\/9c761c62049293fc36e6c91e429de3d5","name":"brasil03","url":"https:\/\/www.itakaescolapios.org\/ca\/author\/brasil03\/"}]}},"_links":{"self":[{"href":"https:\/\/www.itakaescolapios.org\/ca\/wp-json\/wp\/v2\/posts\/22989","targetHints":{"allow":["GET"]}}],"collection":[{"href":"https:\/\/www.itakaescolapios.org\/ca\/wp-json\/wp\/v2\/posts"}],"about":[{"href":"https:\/\/www.itakaescolapios.org\/ca\/wp-json\/wp\/v2\/types\/post"}],"author":[{"embeddable":true,"href":"https:\/\/www.itakaescolapios.org\/ca\/wp-json\/wp\/v2\/users\/11"}],"replies":[{"embeddable":true,"href":"https:\/\/www.itakaescolapios.org\/ca\/wp-json\/wp\/v2\/comments?post=22989"}],"version-history":[{"count":6,"href":"https:\/\/www.itakaescolapios.org\/ca\/wp-json\/wp\/v2\/posts\/22989\/revisions"}],"predecessor-version":[{"id":46784,"href":"https:\/\/www.itakaescolapios.org\/ca\/wp-json\/wp\/v2\/posts\/22989\/revisions\/46784"}],"wp:featuredmedia":[{"embeddable":true,"href":"https:\/\/www.itakaescolapios.org\/ca\/wp-json\/wp\/v2\/media\/22994"}],"wp:attachment":[{"href":"https:\/\/www.itakaescolapios.org\/ca\/wp-json\/wp\/v2\/media?parent=22989"}],"wp:term":[{"taxonomy":"category","embeddable":true,"href":"https:\/\/www.itakaescolapios.org\/ca\/wp-json\/wp\/v2\/categories?post=22989"},{"taxonomy":"post_tag","embeddable":true,"href":"https:\/\/www.itakaescolapios.org\/ca\/wp-json\/wp\/v2\/tags?post=22989"}],"curies":[{"name":"wp","href":"https:\/\/api.w.org\/{rel}","templated":true}]}}