{"id":23173,"date":"2018-05-04T20:11:55","date_gmt":"2018-05-04T19:11:55","guid":{"rendered":"https:\/\/www.itakaescolapios.org\/?p=23173"},"modified":"2023-11-28T12:37:28","modified_gmt":"2023-11-28T11:37:28","slug":"portugues-igualdade","status":"publish","type":"post","link":"https:\/\/www.itakaescolapios.org\/ca\/2018\/05\/portugues-igualdade\/","title":{"rendered":"EDUCAR EN LA IGUALDAD"},"content":{"rendered":"<p>En abril se propusieron a los ni\u00f1os actividdes diversifricadas, con el fin de desarrollar el valor de la IGUALDAD, descubrir que todos los seres humanos son iguales en dignidad y derechos y debemos actuar unos con otros en esp\u00edritu de fraternidade. Para ello llevamos a cabo actividades como mesas redondas, poes\u00edas, f\u00e1bulas, historias, pel\u00edcula &#8220;El valor de la igualdad&#8221;, dibujo en c\u00f3mic, corte de grabados para la confecci\u00f3n de carteles, acr\u00f3stico, simulaci\u00f3n con mu\u00f1ecos. Pretend\u00edamos transmitir a los educandos la importancia de una nueva sensibilidad, un nuevo mirar sobre la igualdad de g\u00e9nero, raza y cultura.<\/p>\n<p><a href=\"https:\/\/www.facebook.com\/2016878628599301\/photos\/pcb.2174394142847748\/2174393069514522\/?type=3&amp;theater\">M\u00e1s fotos<\/a><\/p>\n","protected":false},"excerpt":{"rendered":"<p>En abril se propusieron a los ni\u00f1os actividdes diversifricadas, con el fin de desarrollar el valor de la IGUALDAD, descubrir que todos los seres humanos son iguales en dignidad y [&hellip;]<\/p>\n","protected":false},"author":11,"featured_media":23174,"comment_status":"closed","ping_status":"closed","sticky":false,"template":"","format":"standard","meta":{"_et_pb_use_builder":"","_et_pb_old_content":"","_et_gb_content_width":"","footnotes":""},"categories":[16],"tags":[],"class_list":["post-23173","post","type-post","status-publish","format-standard","has-post-thumbnail","hentry","category-governador-valadares"],"yoast_head":"<!-- This site is optimized with the Yoast SEO plugin v27.4 - https:\/\/yoast.com\/product\/yoast-seo-wordpress\/ -->\n<title>EDUCAR EN LA IGUALDAD<\/title>\n<meta name=\"description\" content=\"En abril se propusieron a los ni\u00f1os actividdes diversifricadas, con el fin de desarrollar el valor de la IGUALDAD, descubrir que todos los seres humanos son iguales en dignidad y derechos y debemos actuar unos con otros en esp\u00edritu de fraternidade. Para ello llevamos a cabo actividades como mesas redondas, poes\u00edas, f\u00e1bulas, historias, pel\u00edcula &quot;El&hellip;\" \/>\n<meta name=\"robots\" content=\"index, follow, max-snippet:-1, max-image-preview:large, max-video-preview:-1\" \/>\n<link rel=\"canonical\" href=\"http:\/\/En%20abril%20se%20propusieron%20a%20los%20ni\u00f1os%20actividdes%20diversifricadas,%20con%20el%20fin%20de%20desarrollar%20el%20valor%20de%20la%20IGUALDAD,%20descubrir%20que%20todos%20los%20seres%20humanos%20son%20iguales%20en%20dignidad%20y%20derechos%20y%20debemos%20actuar%20unos%20con%20otros%20en%20esp\u00edritu%20de%20fraternidade.%20Para%20ello%20llevamos%20a%20cabo%20actividades%20como%20mesas%20redondas,%20poes\u00edas,%20f\u00e1bulas,%20historias,%20pel\u00edcula%20El&hellip;\" \/>\n<meta property=\"og:locale\" content=\"ca_ES\" \/>\n<meta property=\"og:type\" content=\"article\" \/>\n<meta property=\"og:title\" content=\"EDUCAR EN LA IGUALDAD\" \/>\n<meta property=\"og:description\" content=\"En abril se propusieron a los ni\u00f1os actividdes diversifricadas, con el fin de desarrollar el valor de la IGUALDAD, descubrir que todos los seres humanos son iguales en dignidad y derechos y debemos actuar unos con otros en esp\u00edritu de fraternidade. Para ello llevamos a cabo actividades como mesas redondas, poes\u00edas, f\u00e1bulas, historias, pel\u00edcula &quot;El&hellip;\" \/>\n<meta property=\"og:url\" content=\"https:\/\/www.itakaescolapios.org\/ca\/2018\/05\/portugues-igualdade\/\" \/>\n<meta property=\"og:site_name\" content=\"Itaka-Escolapios\" \/>\n<meta property=\"article:published_time\" content=\"2018-05-04T19:11:55+00:00\" \/>\n<meta property=\"article:modified_time\" content=\"2023-11-28T11:37:28+00:00\" \/>\n<meta property=\"og:image\" content=\"https:\/\/www.itakaescolapios.org\/wp-content\/uploads\/2018\/05\/20180426_091726.jpg\" \/>\n\t<meta property=\"og:image:width\" content=\"2000\" \/>\n\t<meta property=\"og:image:height\" content=\"1500\" \/>\n\t<meta property=\"og:image:type\" content=\"image\/jpeg\" \/>\n<meta name=\"author\" content=\"brasil03\" \/>\n<meta name=\"twitter:card\" content=\"summary_large_image\" \/>\n<meta name=\"twitter:label1\" content=\"Escrit per\" \/>\n\t<meta name=\"twitter:data1\" content=\"brasil03\" \/>\n\t<meta name=\"twitter:label2\" content=\"Temps estimat de lectura\" \/>\n\t<meta name=\"twitter:data2\" content=\"1 minut\" \/>\n<script type=\"application\/ld+json\" class=\"yoast-schema-graph\">{\"@context\":\"https:\\\/\\\/schema.org\",\"@graph\":[{\"@type\":\"Article\",\"@id\":\"https:\\\/\\\/www.itakaescolapios.org\\\/ca\\\/2018\\\/05\\\/portugues-igualdade\\\/#article\",\"isPartOf\":{\"@id\":\"https:\\\/\\\/www.itakaescolapios.org\\\/ca\\\/2018\\\/05\\\/portugues-igualdade\\\/\"},\"author\":{\"name\":\"brasil03\",\"@id\":\"https:\\\/\\\/www.itakaescolapios.org\\\/es\\\/#\\\/schema\\\/person\\\/9c761c62049293fc36e6c91e429de3d5\"},\"headline\":\"EDUCAR EN LA IGUALDAD\",\"datePublished\":\"2018-05-04T19:11:55+00:00\",\"dateModified\":\"2023-11-28T11:37:28+00:00\",\"mainEntityOfPage\":{\"@id\":\"https:\\\/\\\/www.itakaescolapios.org\\\/ca\\\/2018\\\/05\\\/portugues-igualdade\\\/\"},\"wordCount\":115,\"publisher\":{\"@id\":\"https:\\\/\\\/www.itakaescolapios.org\\\/es\\\/#organization\"},\"image\":{\"@id\":\"https:\\\/\\\/www.itakaescolapios.org\\\/ca\\\/2018\\\/05\\\/portugues-igualdade\\\/#primaryimage\"},\"thumbnailUrl\":\"https:\\\/\\\/www.itakaescolapios.org\\\/wp-content\\\/uploads\\\/2018\\\/05\\\/20180426_091726.jpg\",\"articleSection\":[\"Governador Valadares\"],\"inLanguage\":\"ca\"},{\"@type\":\"WebPage\",\"@id\":\"https:\\\/\\\/www.itakaescolapios.org\\\/ca\\\/2018\\\/05\\\/portugues-igualdade\\\/\",\"url\":\"https:\\\/\\\/www.itakaescolapios.org\\\/ca\\\/2018\\\/05\\\/portugues-igualdade\\\/\",\"name\":\"EDUCAR EN LA IGUALDAD - Itaka-Escolapios\",\"isPartOf\":{\"@id\":\"https:\\\/\\\/www.itakaescolapios.org\\\/es\\\/#website\"},\"primaryImageOfPage\":{\"@id\":\"https:\\\/\\\/www.itakaescolapios.org\\\/ca\\\/2018\\\/05\\\/portugues-igualdade\\\/#primaryimage\"},\"image\":{\"@id\":\"https:\\\/\\\/www.itakaescolapios.org\\\/ca\\\/2018\\\/05\\\/portugues-igualdade\\\/#primaryimage\"},\"thumbnailUrl\":\"https:\\\/\\\/www.itakaescolapios.org\\\/wp-content\\\/uploads\\\/2018\\\/05\\\/20180426_091726.jpg\",\"datePublished\":\"2018-05-04T19:11:55+00:00\",\"dateModified\":\"2023-11-28T11:37:28+00:00\",\"breadcrumb\":{\"@id\":\"https:\\\/\\\/www.itakaescolapios.org\\\/ca\\\/2018\\\/05\\\/portugues-igualdade\\\/#breadcrumb\"},\"inLanguage\":\"ca\",\"potentialAction\":[{\"@type\":\"ReadAction\",\"target\":[\"https:\\\/\\\/www.itakaescolapios.org\\\/ca\\\/2018\\\/05\\\/portugues-igualdade\\\/\"]}]},{\"@type\":\"ImageObject\",\"inLanguage\":\"ca\",\"@id\":\"https:\\\/\\\/www.itakaescolapios.org\\\/ca\\\/2018\\\/05\\\/portugues-igualdade\\\/#primaryimage\",\"url\":\"https:\\\/\\\/www.itakaescolapios.org\\\/wp-content\\\/uploads\\\/2018\\\/05\\\/20180426_091726.jpg\",\"contentUrl\":\"https:\\\/\\\/www.itakaescolapios.org\\\/wp-content\\\/uploads\\\/2018\\\/05\\\/20180426_091726.jpg\",\"width\":2000,\"height\":1500},{\"@type\":\"BreadcrumbList\",\"@id\":\"https:\\\/\\\/www.itakaescolapios.org\\\/ca\\\/2018\\\/05\\\/portugues-igualdade\\\/#breadcrumb\",\"itemListElement\":[{\"@type\":\"ListItem\",\"position\":1,\"name\":\"Itaka-Escolapios\",\"item\":\"https:\\\/\\\/www.itakaescolapios.org\\\/es\\\/\"},{\"@type\":\"ListItem\",\"position\":2,\"name\":\"EDUCAR EN LA IGUALDAD\"}]},{\"@type\":\"WebSite\",\"@id\":\"https:\\\/\\\/www.itakaescolapios.org\\\/ca\\\/es\\\/#website\",\"url\":\"https:\\\/\\\/www.itakaescolapios.org\\\/ca\\\/es\\\/\",\"name\":\"Itaka-Escolapios\",\"description\":\"Red de Itaka-Escolapios\",\"publisher\":{\"@id\":\"https:\\\/\\\/www.itakaescolapios.org\\\/ca\\\/es\\\/#organization\"},\"potentialAction\":[{\"@type\":\"SearchAction\",\"target\":{\"@type\":\"EntryPoint\",\"urlTemplate\":\"https:\\\/\\\/www.itakaescolapios.org\\\/ca\\\/es\\\/?s={search_term_string}\"},\"query-input\":{\"@type\":\"PropertyValueSpecification\",\"valueRequired\":true,\"valueName\":\"search_term_string\"}}],\"inLanguage\":\"ca\"},{\"@type\":\"Organization\",\"@id\":\"https:\\\/\\\/www.itakaescolapios.org\\\/ca\\\/es\\\/#organization\",\"name\":\"Fundaci\u00f3 Itaka-Escolapios\",\"url\":\"https:\\\/\\\/www.itakaescolapios.org\\\/ca\\\/es\\\/\",\"logo\":{\"@type\":\"ImageObject\",\"inLanguage\":\"ca\",\"@id\":\"https:\\\/\\\/www.itakaescolapios.org\\\/ca\\\/es\\\/#\\\/schema\\\/logo\\\/image\\\/\",\"url\":\"https:\\\/\\\/www.itakaescolapios.org\\\/wp-content\\\/uploads\\\/2024\\\/04\\\/Logo-itakaescolapios-peque.png\",\"contentUrl\":\"https:\\\/\\\/www.itakaescolapios.org\\\/wp-content\\\/uploads\\\/2024\\\/04\\\/Logo-itakaescolapios-peque.png\",\"width\":500,\"height\":199,\"caption\":\"Fundaci\u00f3 Itaka-Escolapios\"},\"image\":{\"@id\":\"https:\\\/\\\/www.itakaescolapios.org\\\/ca\\\/es\\\/#\\\/schema\\\/logo\\\/image\\\/\"}},{\"@type\":\"Person\",\"@id\":\"https:\\\/\\\/www.itakaescolapios.org\\\/es\\\/#\\\/schema\\\/person\\\/9c761c62049293fc36e6c91e429de3d5\",\"name\":\"brasil03\",\"url\":\"https:\\\/\\\/www.itakaescolapios.org\\\/ca\\\/author\\\/brasil03\\\/\"}]}<\/script>\n<!-- \/ Yoast SEO plugin. -->","yoast_head_json":{"title":"EDUCAR EN LA IGUALDAD","description":"En abril se propusieron a los ni\u00f1os actividdes diversifricadas, con el fin de desarrollar el valor de la IGUALDAD, descubrir que todos los seres humanos son iguales en dignidad y derechos y debemos actuar unos con otros en esp\u00edritu de fraternidade. Para ello llevamos a cabo actividades como mesas redondas, poes\u00edas, f\u00e1bulas, historias, pel\u00edcula \"El&hellip;","robots":{"index":"index","follow":"follow","max-snippet":"max-snippet:-1","max-image-preview":"max-image-preview:large","max-video-preview":"max-video-preview:-1"},"canonical":"En abril se propusieron a los ni\u00f1os actividdes diversifricadas, con el fin de desarrollar el valor de la IGUALDAD, descubrir que todos los seres humanos son iguales en dignidad y derechos y debemos actuar unos con otros en esp\u00edritu de fraternidade. Para ello llevamos a cabo actividades como mesas redondas, poes\u00edas, f\u00e1bulas, historias, pel\u00edcula \"El&hellip;","og_locale":"ca_ES","og_type":"article","og_title":"EDUCAR EN LA IGUALDAD","og_description":"En abril se propusieron a los ni\u00f1os actividdes diversifricadas, con el fin de desarrollar el valor de la IGUALDAD, descubrir que todos los seres humanos son iguales en dignidad y derechos y debemos actuar unos con otros en esp\u00edritu de fraternidade. Para ello llevamos a cabo actividades como mesas redondas, poes\u00edas, f\u00e1bulas, historias, pel\u00edcula \"El&hellip;","og_url":"https:\/\/www.itakaescolapios.org\/ca\/2018\/05\/portugues-igualdade\/","og_site_name":"Itaka-Escolapios","article_published_time":"2018-05-04T19:11:55+00:00","article_modified_time":"2023-11-28T11:37:28+00:00","og_image":[{"width":2000,"height":1500,"url":"https:\/\/www.itakaescolapios.org\/wp-content\/uploads\/2018\/05\/20180426_091726.jpg","type":"image\/jpeg"}],"author":"brasil03","twitter_card":"summary_large_image","twitter_misc":{"Escrit per":"brasil03","Temps estimat de lectura":"1 minut"},"schema":{"@context":"https:\/\/schema.org","@graph":[{"@type":"Article","@id":"https:\/\/www.itakaescolapios.org\/ca\/2018\/05\/portugues-igualdade\/#article","isPartOf":{"@id":"https:\/\/www.itakaescolapios.org\/ca\/2018\/05\/portugues-igualdade\/"},"author":{"name":"brasil03","@id":"https:\/\/www.itakaescolapios.org\/es\/#\/schema\/person\/9c761c62049293fc36e6c91e429de3d5"},"headline":"EDUCAR EN LA IGUALDAD","datePublished":"2018-05-04T19:11:55+00:00","dateModified":"2023-11-28T11:37:28+00:00","mainEntityOfPage":{"@id":"https:\/\/www.itakaescolapios.org\/ca\/2018\/05\/portugues-igualdade\/"},"wordCount":115,"publisher":{"@id":"https:\/\/www.itakaescolapios.org\/es\/#organization"},"image":{"@id":"https:\/\/www.itakaescolapios.org\/ca\/2018\/05\/portugues-igualdade\/#primaryimage"},"thumbnailUrl":"https:\/\/www.itakaescolapios.org\/wp-content\/uploads\/2018\/05\/20180426_091726.jpg","articleSection":["Governador Valadares"],"inLanguage":"ca"},{"@type":"WebPage","@id":"https:\/\/www.itakaescolapios.org\/ca\/2018\/05\/portugues-igualdade\/","url":"https:\/\/www.itakaescolapios.org\/ca\/2018\/05\/portugues-igualdade\/","name":"EDUCAR EN LA IGUALDAD - Itaka-Escolapios","isPartOf":{"@id":"https:\/\/www.itakaescolapios.org\/es\/#website"},"primaryImageOfPage":{"@id":"https:\/\/www.itakaescolapios.org\/ca\/2018\/05\/portugues-igualdade\/#primaryimage"},"image":{"@id":"https:\/\/www.itakaescolapios.org\/ca\/2018\/05\/portugues-igualdade\/#primaryimage"},"thumbnailUrl":"https:\/\/www.itakaescolapios.org\/wp-content\/uploads\/2018\/05\/20180426_091726.jpg","datePublished":"2018-05-04T19:11:55+00:00","dateModified":"2023-11-28T11:37:28+00:00","breadcrumb":{"@id":"https:\/\/www.itakaescolapios.org\/ca\/2018\/05\/portugues-igualdade\/#breadcrumb"},"inLanguage":"ca","potentialAction":[{"@type":"ReadAction","target":["https:\/\/www.itakaescolapios.org\/ca\/2018\/05\/portugues-igualdade\/"]}]},{"@type":"ImageObject","inLanguage":"ca","@id":"https:\/\/www.itakaescolapios.org\/ca\/2018\/05\/portugues-igualdade\/#primaryimage","url":"https:\/\/www.itakaescolapios.org\/wp-content\/uploads\/2018\/05\/20180426_091726.jpg","contentUrl":"https:\/\/www.itakaescolapios.org\/wp-content\/uploads\/2018\/05\/20180426_091726.jpg","width":2000,"height":1500},{"@type":"BreadcrumbList","@id":"https:\/\/www.itakaescolapios.org\/ca\/2018\/05\/portugues-igualdade\/#breadcrumb","itemListElement":[{"@type":"ListItem","position":1,"name":"Itaka-Escolapios","item":"https:\/\/www.itakaescolapios.org\/es\/"},{"@type":"ListItem","position":2,"name":"EDUCAR EN LA IGUALDAD"}]},{"@type":"WebSite","@id":"https:\/\/www.itakaescolapios.org\/ca\/es\/#website","url":"https:\/\/www.itakaescolapios.org\/ca\/es\/","name":"Itaka-Escolapios","description":"Red de Itaka-Escolapios","publisher":{"@id":"https:\/\/www.itakaescolapios.org\/ca\/es\/#organization"},"potentialAction":[{"@type":"SearchAction","target":{"@type":"EntryPoint","urlTemplate":"https:\/\/www.itakaescolapios.org\/ca\/es\/?s={search_term_string}"},"query-input":{"@type":"PropertyValueSpecification","valueRequired":true,"valueName":"search_term_string"}}],"inLanguage":"ca"},{"@type":"Organization","@id":"https:\/\/www.itakaescolapios.org\/ca\/es\/#organization","name":"Fundaci\u00f3 Itaka-Escolapios","url":"https:\/\/www.itakaescolapios.org\/ca\/es\/","logo":{"@type":"ImageObject","inLanguage":"ca","@id":"https:\/\/www.itakaescolapios.org\/ca\/es\/#\/schema\/logo\/image\/","url":"https:\/\/www.itakaescolapios.org\/wp-content\/uploads\/2024\/04\/Logo-itakaescolapios-peque.png","contentUrl":"https:\/\/www.itakaescolapios.org\/wp-content\/uploads\/2024\/04\/Logo-itakaescolapios-peque.png","width":500,"height":199,"caption":"Fundaci\u00f3 Itaka-Escolapios"},"image":{"@id":"https:\/\/www.itakaescolapios.org\/ca\/es\/#\/schema\/logo\/image\/"}},{"@type":"Person","@id":"https:\/\/www.itakaescolapios.org\/es\/#\/schema\/person\/9c761c62049293fc36e6c91e429de3d5","name":"brasil03","url":"https:\/\/www.itakaescolapios.org\/ca\/author\/brasil03\/"}]}},"_links":{"self":[{"href":"https:\/\/www.itakaescolapios.org\/ca\/wp-json\/wp\/v2\/posts\/23173","targetHints":{"allow":["GET"]}}],"collection":[{"href":"https:\/\/www.itakaescolapios.org\/ca\/wp-json\/wp\/v2\/posts"}],"about":[{"href":"https:\/\/www.itakaescolapios.org\/ca\/wp-json\/wp\/v2\/types\/post"}],"author":[{"embeddable":true,"href":"https:\/\/www.itakaescolapios.org\/ca\/wp-json\/wp\/v2\/users\/11"}],"replies":[{"embeddable":true,"href":"https:\/\/www.itakaescolapios.org\/ca\/wp-json\/wp\/v2\/comments?post=23173"}],"version-history":[{"count":5,"href":"https:\/\/www.itakaescolapios.org\/ca\/wp-json\/wp\/v2\/posts\/23173\/revisions"}],"predecessor-version":[{"id":46760,"href":"https:\/\/www.itakaescolapios.org\/ca\/wp-json\/wp\/v2\/posts\/23173\/revisions\/46760"}],"wp:featuredmedia":[{"embeddable":true,"href":"https:\/\/www.itakaescolapios.org\/ca\/wp-json\/wp\/v2\/media\/23174"}],"wp:attachment":[{"href":"https:\/\/www.itakaescolapios.org\/ca\/wp-json\/wp\/v2\/media?parent=23173"}],"wp:term":[{"taxonomy":"category","embeddable":true,"href":"https:\/\/www.itakaescolapios.org\/ca\/wp-json\/wp\/v2\/categories?post=23173"},{"taxonomy":"post_tag","embeddable":true,"href":"https:\/\/www.itakaescolapios.org\/ca\/wp-json\/wp\/v2\/tags?post=23173"}],"curies":[{"name":"wp","href":"https:\/\/api.w.org\/{rel}","templated":true}]}}