{"id":23719,"date":"2018-06-12T13:31:12","date_gmt":"2018-06-12T12:31:12","guid":{"rendered":"https:\/\/www.itakaescolapios.org\/?p=23719"},"modified":"2023-11-28T12:37:24","modified_gmt":"2023-11-28T11:37:24","slug":"portugues-comemoracao-do-valor-do-mes-de-maio-amor","status":"publish","type":"post","link":"https:\/\/www.itakaescolapios.org\/ca\/2018\/06\/portugues-comemoracao-do-valor-do-mes-de-maio-amor\/","title":{"rendered":""},"content":{"rendered":"<p style=\"text-align: justify\">Sexta-feira, dia 08 de junho as crian\u00e7as do Projeto Jornada Ampliada, juntamente com seus familiares, amigos e educadores realizaram o encerramento do valor do m\u00eas de maio \u201cAMOR\u201d com uma linda noite cultural. Na oportunidade as crian\u00e7as expressaram seus sentimentos por meio de cantos, conta\u00e7\u00e3o de hist\u00f3ria, de dan\u00e7a e produ\u00e7\u00f5es manuais. Ana Paula (educadora volunt\u00e1ria de m\u00fasica), realizou uma bel\u00edssima apresenta\u00e7\u00e3o musical com cinco m\u00fasicas dedicadas ao amor: \u201cFico assim sem voc\u00ea\u201d (Claudinho e Bochecha), \u201cEra uma vez\u201d (Kell Smith), \u201cDe janeiro a janeiro\u201d (Roberta Campos), \u201cValeu amigo\u201d (Pikeno e Menor) e \u201cAmor de verdade\u201d (MC Rita\/MC Kel). As educandas Isabelly Evangelista e Isabella Martins fizeram o reconto da hist\u00f3ria \u201cFam\u00edlia \u00e9 feita de AMOR\u201d de Carolina Rodrigues da Silva, com ilustra\u00e7\u00f5es feitas e coloridas pelas crian\u00e7as do projeto. \u00a0Ilza Karla (educadora) juntamente com as crian\u00e7as apresentaram uma coreografia sobre o amor com a m\u00fasica \u201cMeu sangue ferve por voc\u00ea\u201d de Sidney Magal. L\u00edvio (professor de inform\u00e1tica), fez uma apresenta\u00e7\u00e3o no Power Point onde as crian\u00e7as declamavam a m\u00fasica de Renato Russo \u201cMonte Castelo\u201d e produ\u00e7\u00f5es no Print sobre o amor. Amarildo encerrou o momento de apresenta\u00e7\u00f5es com um momento de ora\u00e7\u00e3o com a leitura da Primeira carta de S\u00e3o Paulo aos Cor\u00edntios, cap\u00edtulo 13. A professora de artesanato Luciene (professora de artesanato juntamente com as crian\u00e7as e a educadora Ilza fez a entrega aos convidados de um porta treco confeccionado pelas crian\u00e7as com palito de picol\u00e9, uma chaveiro de feltro em formato de cora\u00e7\u00e3o confeccionado pelas senhoras e os cart\u00f5es feitos por cada crian\u00e7a para seu convidado. Obrigado a todos pela dedica\u00e7\u00e3o!<\/p>\n","protected":false},"excerpt":{"rendered":"<p>Sexta-feira, dia 08 de junho as crian\u00e7as do Projeto Jornada Ampliada, juntamente com seus familiares, amigos e educadores realizaram o encerramento do valor do m\u00eas de maio \u201cAMOR\u201d com uma [&hellip;]<\/p>\n","protected":false},"author":11,"featured_media":23721,"comment_status":"closed","ping_status":"closed","sticky":false,"template":"","format":"standard","meta":{"_et_pb_use_builder":"","_et_pb_old_content":"","_et_gb_content_width":"","footnotes":""},"categories":[16],"tags":[],"class_list":["post-23719","post","type-post","status-publish","format-standard","has-post-thumbnail","hentry","category-governador-valadares"],"yoast_head":"<!-- This site is optimized with the Yoast SEO plugin v27.4 - https:\/\/yoast.com\/product\/yoast-seo-wordpress\/ -->\n<title>- Itaka-Escolapios<\/title>\n<meta name=\"description\" content=\"Sexta-feira, dia 08 de junho as crian\u00e7as do Projeto Jornada Ampliada, juntamente com seus familiares, amigos e educadores realizaram o encerramento do valor do m\u00eas de maio \u201cAMOR\u201d com uma linda noite cultural. Na oportunidade as crian\u00e7as expressaram seus sentimentos por meio de cantos, conta\u00e7\u00e3o de hist\u00f3ria, de dan\u00e7a e produ\u00e7\u00f5es manuais. Ana Paula (educadora&hellip;\" \/>\n<meta name=\"robots\" content=\"index, follow, max-snippet:-1, max-image-preview:large, max-video-preview:-1\" \/>\n<link rel=\"canonical\" href=\"http:\/\/Sexta-feira,%20dia%2008%20de%20junho%20as%20crian\u00e7as%20do%20Projeto%20Jornada%20Ampliada,%20juntamente%20com%20seus%20familiares,%20amigos%20e%20educadores%20realizaram%20o%20encerramento%20do%20valor%20do%20m\u00eas%20de%20maio%20\u201cAMOR\u201d%20com%20uma%20linda%20noite%20cultural.%20Na%20oportunidade%20as%20crian\u00e7as%20expressaram%20seus%20sentimentos%20por%20meio%20de%20cantos,%20conta\u00e7\u00e3o%20de%20hist\u00f3ria,%20de%20dan\u00e7a%20e%20produ\u00e7\u00f5es%20manuais.%20Ana%20Paula%20(educadora&hellip;\" \/>\n<meta property=\"og:locale\" content=\"ca_ES\" \/>\n<meta property=\"og:type\" content=\"article\" \/>\n<meta property=\"og:title\" content=\"- Itaka-Escolapios\" \/>\n<meta property=\"og:description\" content=\"Sexta-feira, dia 08 de junho as crian\u00e7as do Projeto Jornada Ampliada, juntamente com seus familiares, amigos e educadores realizaram o encerramento do valor do m\u00eas de maio \u201cAMOR\u201d com uma linda noite cultural. Na oportunidade as crian\u00e7as expressaram seus sentimentos por meio de cantos, conta\u00e7\u00e3o de hist\u00f3ria, de dan\u00e7a e produ\u00e7\u00f5es manuais. Ana Paula (educadora&hellip;\" \/>\n<meta property=\"og:url\" content=\"https:\/\/www.itakaescolapios.org\/ca\/2018\/06\/portugues-comemoracao-do-valor-do-mes-de-maio-amor\/\" \/>\n<meta property=\"og:site_name\" content=\"Itaka-Escolapios\" \/>\n<meta property=\"article:published_time\" content=\"2018-06-12T12:31:12+00:00\" \/>\n<meta property=\"article:modified_time\" content=\"2023-11-28T11:37:24+00:00\" \/>\n<meta property=\"og:image\" content=\"https:\/\/www.itakaescolapios.org\/wp-content\/uploads\/2018\/06\/mes-maio-6.jpg\" \/>\n\t<meta property=\"og:image:width\" content=\"2000\" \/>\n\t<meta property=\"og:image:height\" content=\"1500\" \/>\n\t<meta property=\"og:image:type\" content=\"image\/jpeg\" \/>\n<meta name=\"author\" content=\"brasil03\" \/>\n<meta name=\"twitter:card\" content=\"summary_large_image\" \/>\n<meta name=\"twitter:label1\" content=\"Escrit per\" \/>\n\t<meta name=\"twitter:data1\" content=\"brasil03\" \/>\n\t<meta name=\"twitter:label2\" content=\"Temps estimat de lectura\" \/>\n\t<meta name=\"twitter:data2\" content=\"1 minut\" \/>\n<script type=\"application\/ld+json\" class=\"yoast-schema-graph\">{\"@context\":\"https:\\\/\\\/schema.org\",\"@graph\":[{\"@type\":\"Article\",\"@id\":\"https:\\\/\\\/www.itakaescolapios.org\\\/ca\\\/2018\\\/06\\\/portugues-comemoracao-do-valor-do-mes-de-maio-amor\\\/#article\",\"isPartOf\":{\"@id\":\"https:\\\/\\\/www.itakaescolapios.org\\\/ca\\\/2018\\\/06\\\/portugues-comemoracao-do-valor-do-mes-de-maio-amor\\\/\"},\"author\":{\"name\":\"brasil03\",\"@id\":\"https:\\\/\\\/www.itakaescolapios.org\\\/es\\\/#\\\/schema\\\/person\\\/9c761c62049293fc36e6c91e429de3d5\"},\"headline\":\"Sense t\u00edtol\",\"datePublished\":\"2018-06-12T12:31:12+00:00\",\"dateModified\":\"2023-11-28T11:37:24+00:00\",\"mainEntityOfPage\":{\"@id\":\"https:\\\/\\\/www.itakaescolapios.org\\\/ca\\\/2018\\\/06\\\/portugues-comemoracao-do-valor-do-mes-de-maio-amor\\\/\"},\"wordCount\":297,\"publisher\":{\"@id\":\"https:\\\/\\\/www.itakaescolapios.org\\\/es\\\/#organization\"},\"image\":{\"@id\":\"https:\\\/\\\/www.itakaescolapios.org\\\/ca\\\/2018\\\/06\\\/portugues-comemoracao-do-valor-do-mes-de-maio-amor\\\/#primaryimage\"},\"thumbnailUrl\":\"https:\\\/\\\/www.itakaescolapios.org\\\/wp-content\\\/uploads\\\/2018\\\/06\\\/mes-maio-6.jpg\",\"articleSection\":[\"Governador Valadares\"],\"inLanguage\":\"ca\"},{\"@type\":\"WebPage\",\"@id\":\"https:\\\/\\\/www.itakaescolapios.org\\\/ca\\\/2018\\\/06\\\/portugues-comemoracao-do-valor-do-mes-de-maio-amor\\\/\",\"url\":\"https:\\\/\\\/www.itakaescolapios.org\\\/ca\\\/2018\\\/06\\\/portugues-comemoracao-do-valor-do-mes-de-maio-amor\\\/\",\"name\":\"- Itaka-Escolapios\",\"isPartOf\":{\"@id\":\"https:\\\/\\\/www.itakaescolapios.org\\\/es\\\/#website\"},\"primaryImageOfPage\":{\"@id\":\"https:\\\/\\\/www.itakaescolapios.org\\\/ca\\\/2018\\\/06\\\/portugues-comemoracao-do-valor-do-mes-de-maio-amor\\\/#primaryimage\"},\"image\":{\"@id\":\"https:\\\/\\\/www.itakaescolapios.org\\\/ca\\\/2018\\\/06\\\/portugues-comemoracao-do-valor-do-mes-de-maio-amor\\\/#primaryimage\"},\"thumbnailUrl\":\"https:\\\/\\\/www.itakaescolapios.org\\\/wp-content\\\/uploads\\\/2018\\\/06\\\/mes-maio-6.jpg\",\"datePublished\":\"2018-06-12T12:31:12+00:00\",\"dateModified\":\"2023-11-28T11:37:24+00:00\",\"inLanguage\":\"ca\",\"potentialAction\":[{\"@type\":\"ReadAction\",\"target\":[\"https:\\\/\\\/www.itakaescolapios.org\\\/ca\\\/2018\\\/06\\\/portugues-comemoracao-do-valor-do-mes-de-maio-amor\\\/\"]}]},{\"@type\":\"ImageObject\",\"inLanguage\":\"ca\",\"@id\":\"https:\\\/\\\/www.itakaescolapios.org\\\/ca\\\/2018\\\/06\\\/portugues-comemoracao-do-valor-do-mes-de-maio-amor\\\/#primaryimage\",\"url\":\"https:\\\/\\\/www.itakaescolapios.org\\\/wp-content\\\/uploads\\\/2018\\\/06\\\/mes-maio-6.jpg\",\"contentUrl\":\"https:\\\/\\\/www.itakaescolapios.org\\\/wp-content\\\/uploads\\\/2018\\\/06\\\/mes-maio-6.jpg\",\"width\":2000,\"height\":1500},{\"@type\":\"WebSite\",\"@id\":\"https:\\\/\\\/www.itakaescolapios.org\\\/ca\\\/es\\\/#website\",\"url\":\"https:\\\/\\\/www.itakaescolapios.org\\\/ca\\\/es\\\/\",\"name\":\"Itaka-Escolapios\",\"description\":\"Red de Itaka-Escolapios\",\"publisher\":{\"@id\":\"https:\\\/\\\/www.itakaescolapios.org\\\/ca\\\/es\\\/#organization\"},\"potentialAction\":[{\"@type\":\"SearchAction\",\"target\":{\"@type\":\"EntryPoint\",\"urlTemplate\":\"https:\\\/\\\/www.itakaescolapios.org\\\/ca\\\/es\\\/?s={search_term_string}\"},\"query-input\":{\"@type\":\"PropertyValueSpecification\",\"valueRequired\":true,\"valueName\":\"search_term_string\"}}],\"inLanguage\":\"ca\"},{\"@type\":\"Organization\",\"@id\":\"https:\\\/\\\/www.itakaescolapios.org\\\/ca\\\/es\\\/#organization\",\"name\":\"Fundaci\u00f3 Itaka-Escolapios\",\"url\":\"https:\\\/\\\/www.itakaescolapios.org\\\/ca\\\/es\\\/\",\"logo\":{\"@type\":\"ImageObject\",\"inLanguage\":\"ca\",\"@id\":\"https:\\\/\\\/www.itakaescolapios.org\\\/ca\\\/es\\\/#\\\/schema\\\/logo\\\/image\\\/\",\"url\":\"https:\\\/\\\/www.itakaescolapios.org\\\/wp-content\\\/uploads\\\/2024\\\/04\\\/Logo-itakaescolapios-peque.png\",\"contentUrl\":\"https:\\\/\\\/www.itakaescolapios.org\\\/wp-content\\\/uploads\\\/2024\\\/04\\\/Logo-itakaescolapios-peque.png\",\"width\":500,\"height\":199,\"caption\":\"Fundaci\u00f3 Itaka-Escolapios\"},\"image\":{\"@id\":\"https:\\\/\\\/www.itakaescolapios.org\\\/ca\\\/es\\\/#\\\/schema\\\/logo\\\/image\\\/\"}},{\"@type\":\"Person\",\"@id\":\"https:\\\/\\\/www.itakaescolapios.org\\\/es\\\/#\\\/schema\\\/person\\\/9c761c62049293fc36e6c91e429de3d5\",\"name\":\"brasil03\",\"url\":\"https:\\\/\\\/www.itakaescolapios.org\\\/ca\\\/author\\\/brasil03\\\/\"}]}<\/script>\n<!-- \/ Yoast SEO plugin. -->","yoast_head_json":{"title":"- Itaka-Escolapios","description":"Sexta-feira, dia 08 de junho as crian\u00e7as do Projeto Jornada Ampliada, juntamente com seus familiares, amigos e educadores realizaram o encerramento do valor do m\u00eas de maio \u201cAMOR\u201d com uma linda noite cultural. Na oportunidade as crian\u00e7as expressaram seus sentimentos por meio de cantos, conta\u00e7\u00e3o de hist\u00f3ria, de dan\u00e7a e produ\u00e7\u00f5es manuais. Ana Paula (educadora&hellip;","robots":{"index":"index","follow":"follow","max-snippet":"max-snippet:-1","max-image-preview":"max-image-preview:large","max-video-preview":"max-video-preview:-1"},"canonical":"Sexta-feira, dia 08 de junho as crian\u00e7as do Projeto Jornada Ampliada, juntamente com seus familiares, amigos e educadores realizaram o encerramento do valor do m\u00eas de maio \u201cAMOR\u201d com uma linda noite cultural. Na oportunidade as crian\u00e7as expressaram seus sentimentos por meio de cantos, conta\u00e7\u00e3o de hist\u00f3ria, de dan\u00e7a e produ\u00e7\u00f5es manuais. Ana Paula (educadora&hellip;","og_locale":"ca_ES","og_type":"article","og_title":"- Itaka-Escolapios","og_description":"Sexta-feira, dia 08 de junho as crian\u00e7as do Projeto Jornada Ampliada, juntamente com seus familiares, amigos e educadores realizaram o encerramento do valor do m\u00eas de maio \u201cAMOR\u201d com uma linda noite cultural. Na oportunidade as crian\u00e7as expressaram seus sentimentos por meio de cantos, conta\u00e7\u00e3o de hist\u00f3ria, de dan\u00e7a e produ\u00e7\u00f5es manuais. Ana Paula (educadora&hellip;","og_url":"https:\/\/www.itakaescolapios.org\/ca\/2018\/06\/portugues-comemoracao-do-valor-do-mes-de-maio-amor\/","og_site_name":"Itaka-Escolapios","article_published_time":"2018-06-12T12:31:12+00:00","article_modified_time":"2023-11-28T11:37:24+00:00","og_image":[{"width":2000,"height":1500,"url":"https:\/\/www.itakaescolapios.org\/wp-content\/uploads\/2018\/06\/mes-maio-6.jpg","type":"image\/jpeg"}],"author":"brasil03","twitter_card":"summary_large_image","twitter_misc":{"Escrit per":"brasil03","Temps estimat de lectura":"1 minut"},"schema":{"@context":"https:\/\/schema.org","@graph":[{"@type":"Article","@id":"https:\/\/www.itakaescolapios.org\/ca\/2018\/06\/portugues-comemoracao-do-valor-do-mes-de-maio-amor\/#article","isPartOf":{"@id":"https:\/\/www.itakaescolapios.org\/ca\/2018\/06\/portugues-comemoracao-do-valor-do-mes-de-maio-amor\/"},"author":{"name":"brasil03","@id":"https:\/\/www.itakaescolapios.org\/es\/#\/schema\/person\/9c761c62049293fc36e6c91e429de3d5"},"headline":"Sense t\u00edtol","datePublished":"2018-06-12T12:31:12+00:00","dateModified":"2023-11-28T11:37:24+00:00","mainEntityOfPage":{"@id":"https:\/\/www.itakaescolapios.org\/ca\/2018\/06\/portugues-comemoracao-do-valor-do-mes-de-maio-amor\/"},"wordCount":297,"publisher":{"@id":"https:\/\/www.itakaescolapios.org\/es\/#organization"},"image":{"@id":"https:\/\/www.itakaescolapios.org\/ca\/2018\/06\/portugues-comemoracao-do-valor-do-mes-de-maio-amor\/#primaryimage"},"thumbnailUrl":"https:\/\/www.itakaescolapios.org\/wp-content\/uploads\/2018\/06\/mes-maio-6.jpg","articleSection":["Governador Valadares"],"inLanguage":"ca"},{"@type":"WebPage","@id":"https:\/\/www.itakaescolapios.org\/ca\/2018\/06\/portugues-comemoracao-do-valor-do-mes-de-maio-amor\/","url":"https:\/\/www.itakaescolapios.org\/ca\/2018\/06\/portugues-comemoracao-do-valor-do-mes-de-maio-amor\/","name":"- Itaka-Escolapios","isPartOf":{"@id":"https:\/\/www.itakaescolapios.org\/es\/#website"},"primaryImageOfPage":{"@id":"https:\/\/www.itakaescolapios.org\/ca\/2018\/06\/portugues-comemoracao-do-valor-do-mes-de-maio-amor\/#primaryimage"},"image":{"@id":"https:\/\/www.itakaescolapios.org\/ca\/2018\/06\/portugues-comemoracao-do-valor-do-mes-de-maio-amor\/#primaryimage"},"thumbnailUrl":"https:\/\/www.itakaescolapios.org\/wp-content\/uploads\/2018\/06\/mes-maio-6.jpg","datePublished":"2018-06-12T12:31:12+00:00","dateModified":"2023-11-28T11:37:24+00:00","inLanguage":"ca","potentialAction":[{"@type":"ReadAction","target":["https:\/\/www.itakaescolapios.org\/ca\/2018\/06\/portugues-comemoracao-do-valor-do-mes-de-maio-amor\/"]}]},{"@type":"ImageObject","inLanguage":"ca","@id":"https:\/\/www.itakaescolapios.org\/ca\/2018\/06\/portugues-comemoracao-do-valor-do-mes-de-maio-amor\/#primaryimage","url":"https:\/\/www.itakaescolapios.org\/wp-content\/uploads\/2018\/06\/mes-maio-6.jpg","contentUrl":"https:\/\/www.itakaescolapios.org\/wp-content\/uploads\/2018\/06\/mes-maio-6.jpg","width":2000,"height":1500},{"@type":"WebSite","@id":"https:\/\/www.itakaescolapios.org\/ca\/es\/#website","url":"https:\/\/www.itakaescolapios.org\/ca\/es\/","name":"Itaka-Escolapios","description":"Red de Itaka-Escolapios","publisher":{"@id":"https:\/\/www.itakaescolapios.org\/ca\/es\/#organization"},"potentialAction":[{"@type":"SearchAction","target":{"@type":"EntryPoint","urlTemplate":"https:\/\/www.itakaescolapios.org\/ca\/es\/?s={search_term_string}"},"query-input":{"@type":"PropertyValueSpecification","valueRequired":true,"valueName":"search_term_string"}}],"inLanguage":"ca"},{"@type":"Organization","@id":"https:\/\/www.itakaescolapios.org\/ca\/es\/#organization","name":"Fundaci\u00f3 Itaka-Escolapios","url":"https:\/\/www.itakaescolapios.org\/ca\/es\/","logo":{"@type":"ImageObject","inLanguage":"ca","@id":"https:\/\/www.itakaescolapios.org\/ca\/es\/#\/schema\/logo\/image\/","url":"https:\/\/www.itakaescolapios.org\/wp-content\/uploads\/2024\/04\/Logo-itakaescolapios-peque.png","contentUrl":"https:\/\/www.itakaescolapios.org\/wp-content\/uploads\/2024\/04\/Logo-itakaescolapios-peque.png","width":500,"height":199,"caption":"Fundaci\u00f3 Itaka-Escolapios"},"image":{"@id":"https:\/\/www.itakaescolapios.org\/ca\/es\/#\/schema\/logo\/image\/"}},{"@type":"Person","@id":"https:\/\/www.itakaescolapios.org\/es\/#\/schema\/person\/9c761c62049293fc36e6c91e429de3d5","name":"brasil03","url":"https:\/\/www.itakaescolapios.org\/ca\/author\/brasil03\/"}]}},"_links":{"self":[{"href":"https:\/\/www.itakaescolapios.org\/ca\/wp-json\/wp\/v2\/posts\/23719","targetHints":{"allow":["GET"]}}],"collection":[{"href":"https:\/\/www.itakaescolapios.org\/ca\/wp-json\/wp\/v2\/posts"}],"about":[{"href":"https:\/\/www.itakaescolapios.org\/ca\/wp-json\/wp\/v2\/types\/post"}],"author":[{"embeddable":true,"href":"https:\/\/www.itakaescolapios.org\/ca\/wp-json\/wp\/v2\/users\/11"}],"replies":[{"embeddable":true,"href":"https:\/\/www.itakaescolapios.org\/ca\/wp-json\/wp\/v2\/comments?post=23719"}],"version-history":[{"count":4,"href":"https:\/\/www.itakaescolapios.org\/ca\/wp-json\/wp\/v2\/posts\/23719\/revisions"}],"predecessor-version":[{"id":46620,"href":"https:\/\/www.itakaescolapios.org\/ca\/wp-json\/wp\/v2\/posts\/23719\/revisions\/46620"}],"wp:featuredmedia":[{"embeddable":true,"href":"https:\/\/www.itakaescolapios.org\/ca\/wp-json\/wp\/v2\/media\/23721"}],"wp:attachment":[{"href":"https:\/\/www.itakaescolapios.org\/ca\/wp-json\/wp\/v2\/media?parent=23719"}],"wp:term":[{"taxonomy":"category","embeddable":true,"href":"https:\/\/www.itakaescolapios.org\/ca\/wp-json\/wp\/v2\/categories?post=23719"},{"taxonomy":"post_tag","embeddable":true,"href":"https:\/\/www.itakaescolapios.org\/ca\/wp-json\/wp\/v2\/tags?post=23719"}],"curies":[{"name":"wp","href":"https:\/\/api.w.org\/{rel}","templated":true}]}}