{"id":23920,"date":"2018-06-25T11:24:13","date_gmt":"2018-06-25T10:24:13","guid":{"rendered":"https:\/\/www.itakaescolapios.org\/?p=23920"},"modified":"2023-11-28T12:37:22","modified_gmt":"2023-11-28T11:37:22","slug":"reunion-del-equipo-provincial-de-accion-social","status":"publish","type":"post","link":"https:\/\/www.itakaescolapios.org\/ca\/2018\/06\/reunion-del-equipo-provincial-de-accion-social\/","title":{"rendered":"REUNI\u00d3N DEL EQUIPO PROVINCIAL DE ACCI\u00d3N SOCIAL"},"content":{"rendered":"<p style=\"text-align: justify\">La pasada semana se reuni\u00f3 en el colegio Loyola- Escolapios de Oviedo el Equipo de Acci\u00f3n Social de la provincia de Betania, con el objetivo de dar seguimiento de los proyectos que se impulsan desde los departamentos de Acci\u00f3n Social de los distintos colegios.<\/p>\n<p style=\"text-align: justify\">El equipo, compuesto por Jos\u00e9 \u00c1ngel Beltr\u00e1n, coordinador de Pastoral y Acci\u00f3n Social, Mariu Prieto y Quique Aleixos, como representantes de los DAS escolares, y Constanza de las Marinas, Marta Moratona y Paz Su\u00f1er, por parte de Itaka- Escolapios, valor\u00f3 las acciones realizadas durante el curso 2017-18 en las 21 obras vinculadas a la Acci\u00f3n Social de Betania.<\/p>\n<p style=\"text-align: justify\">Asimismo, la reuni\u00f3n sirvi\u00f3 para empezar a planificar el curso que viene, afianzar objetivos, proponer nuevos y plantear los cambios con la idea de avanzar juntos y juntas en nuestra opci\u00f3n por los m\u00e1s pobres.<\/p>\n","protected":false},"excerpt":{"rendered":"<p>La pasada semana se reuni\u00f3 en el colegio Loyola- Escolapios de Oviedo el Equipo de Acci\u00f3n Social de la provincia de Betania, con el objetivo de dar seguimiento de los [&hellip;]<\/p>\n","protected":false},"author":39,"featured_media":23921,"comment_status":"closed","ping_status":"closed","sticky":false,"template":"","format":"standard","meta":{"_et_pb_use_builder":"","_et_pb_old_content":"","_et_gb_content_width":"","footnotes":""},"categories":[146,12],"tags":[111,196,330,419,430],"class_list":["post-23920","post","type-post","status-publish","format-standard","has-post-thumbnail","hentry","category-madrid","category-valencia","tag-accion-social","tag-betania","tag-epas","tag-itaka-escolapios","tag-oviedo"],"yoast_head":"<!-- This site is optimized with the Yoast SEO plugin v27.4 - https:\/\/yoast.com\/product\/yoast-seo-wordpress\/ -->\n<title>REUNI\u00d3N DEL EQUIPO PROVINCIAL DE ACCI\u00d3N SOCIAL<\/title>\n<meta name=\"description\" content=\"La pasada semana se reuni\u00f3 en el colegio Loyola- Escolapios de Oviedo el Equipo de Acci\u00f3n Social de la provincia de Betania, con el objetivo de dar seguimiento de los proyectos que se impulsan desde los departamentos de Acci\u00f3n Social de los distintos colegios. El equipo, compuesto por Jos\u00e9 \u00c1ngel Beltr\u00e1n, coordinador de Pastoral y&hellip;\" \/>\n<meta name=\"robots\" content=\"index, follow, max-snippet:-1, max-image-preview:large, max-video-preview:-1\" \/>\n<link rel=\"canonical\" href=\"http:\/\/La%20pasada%20semana%20se%20reuni\u00f3%20en%20el%20colegio%20Loyola-%20Escolapios%20de%20Oviedo%20el%20Equipo%20de%20Acci\u00f3n%20Social%20de%20la%20provincia%20de%20Betania,%20con%20el%20objetivo%20de%20dar%20seguimiento%20de%20los%20proyectos%20que%20se%20impulsan%20desde%20los%20departamentos%20de%20Acci\u00f3n%20Social%20de%20los%20distintos%20colegios.%20El%20equipo,%20compuesto%20por%20Jos\u00e9%20\u00c1ngel%20Beltr\u00e1n,%20coordinador%20de%20Pastoral%20y&hellip;\" \/>\n<meta property=\"og:locale\" content=\"ca_ES\" \/>\n<meta property=\"og:type\" content=\"article\" \/>\n<meta property=\"og:title\" content=\"REUNI\u00d3N DEL EQUIPO PROVINCIAL DE ACCI\u00d3N SOCIAL\" \/>\n<meta property=\"og:description\" content=\"La pasada semana se reuni\u00f3 en el colegio Loyola- Escolapios de Oviedo el Equipo de Acci\u00f3n Social de la provincia de Betania, con el objetivo de dar seguimiento de los proyectos que se impulsan desde los departamentos de Acci\u00f3n Social de los distintos colegios. El equipo, compuesto por Jos\u00e9 \u00c1ngel Beltr\u00e1n, coordinador de Pastoral y&hellip;\" \/>\n<meta property=\"og:url\" content=\"https:\/\/www.itakaescolapios.org\/ca\/2018\/06\/reunion-del-equipo-provincial-de-accion-social\/\" \/>\n<meta property=\"og:site_name\" content=\"Itaka-Escolapios\" \/>\n<meta property=\"article:published_time\" content=\"2018-06-25T10:24:13+00:00\" \/>\n<meta property=\"article:modified_time\" content=\"2023-11-28T11:37:22+00:00\" \/>\n<meta property=\"og:image\" content=\"https:\/\/www.itakaescolapios.org\/wp-content\/uploads\/2018\/06\/epas-oviedo.jpeg\" \/>\n\t<meta property=\"og:image:width\" content=\"1024\" \/>\n\t<meta property=\"og:image:height\" content=\"536\" \/>\n\t<meta property=\"og:image:type\" content=\"image\/jpeg\" \/>\n<meta name=\"author\" content=\"valencia01\" \/>\n<meta name=\"twitter:card\" content=\"summary_large_image\" \/>\n<meta name=\"twitter:label1\" content=\"Escrit per\" \/>\n\t<meta name=\"twitter:data1\" content=\"valencia01\" \/>\n\t<meta name=\"twitter:label2\" content=\"Temps estimat de lectura\" \/>\n\t<meta name=\"twitter:data2\" content=\"1 minut\" \/>\n<script type=\"application\/ld+json\" class=\"yoast-schema-graph\">{\"@context\":\"https:\\\/\\\/schema.org\",\"@graph\":[{\"@type\":\"Article\",\"@id\":\"https:\\\/\\\/www.itakaescolapios.org\\\/ca\\\/2018\\\/06\\\/reunion-del-equipo-provincial-de-accion-social\\\/#article\",\"isPartOf\":{\"@id\":\"https:\\\/\\\/www.itakaescolapios.org\\\/ca\\\/2018\\\/06\\\/reunion-del-equipo-provincial-de-accion-social\\\/\"},\"author\":{\"name\":\"valencia01\",\"@id\":\"https:\\\/\\\/www.itakaescolapios.org\\\/es\\\/#\\\/schema\\\/person\\\/c232ccaa2b3f2e98db93c1f8dfca96ff\"},\"headline\":\"REUNI\u00d3N DEL EQUIPO PROVINCIAL DE ACCI\u00d3N SOCIAL\",\"datePublished\":\"2018-06-25T10:24:13+00:00\",\"dateModified\":\"2023-11-28T11:37:22+00:00\",\"mainEntityOfPage\":{\"@id\":\"https:\\\/\\\/www.itakaescolapios.org\\\/ca\\\/2018\\\/06\\\/reunion-del-equipo-provincial-de-accion-social\\\/\"},\"wordCount\":154,\"publisher\":{\"@id\":\"https:\\\/\\\/www.itakaescolapios.org\\\/es\\\/#organization\"},\"image\":{\"@id\":\"https:\\\/\\\/www.itakaescolapios.org\\\/ca\\\/2018\\\/06\\\/reunion-del-equipo-provincial-de-accion-social\\\/#primaryimage\"},\"thumbnailUrl\":\"https:\\\/\\\/www.itakaescolapios.org\\\/wp-content\\\/uploads\\\/2018\\\/06\\\/epas-oviedo.jpeg\",\"keywords\":[\"Acci\u00f3n Social\",\"Betania\",\"EPAS\",\"Itaka Escolapios\",\"Oviedo\"],\"articleSection\":[\"Madrid\",\"Valencia\"],\"inLanguage\":\"ca\"},{\"@type\":\"WebPage\",\"@id\":\"https:\\\/\\\/www.itakaescolapios.org\\\/ca\\\/2018\\\/06\\\/reunion-del-equipo-provincial-de-accion-social\\\/\",\"url\":\"https:\\\/\\\/www.itakaescolapios.org\\\/ca\\\/2018\\\/06\\\/reunion-del-equipo-provincial-de-accion-social\\\/\",\"name\":\"REUNI\u00d3N DEL EQUIPO PROVINCIAL DE ACCI\u00d3N SOCIAL - Itaka-Escolapios\",\"isPartOf\":{\"@id\":\"https:\\\/\\\/www.itakaescolapios.org\\\/es\\\/#website\"},\"primaryImageOfPage\":{\"@id\":\"https:\\\/\\\/www.itakaescolapios.org\\\/ca\\\/2018\\\/06\\\/reunion-del-equipo-provincial-de-accion-social\\\/#primaryimage\"},\"image\":{\"@id\":\"https:\\\/\\\/www.itakaescolapios.org\\\/ca\\\/2018\\\/06\\\/reunion-del-equipo-provincial-de-accion-social\\\/#primaryimage\"},\"thumbnailUrl\":\"https:\\\/\\\/www.itakaescolapios.org\\\/wp-content\\\/uploads\\\/2018\\\/06\\\/epas-oviedo.jpeg\",\"datePublished\":\"2018-06-25T10:24:13+00:00\",\"dateModified\":\"2023-11-28T11:37:22+00:00\",\"breadcrumb\":{\"@id\":\"https:\\\/\\\/www.itakaescolapios.org\\\/ca\\\/2018\\\/06\\\/reunion-del-equipo-provincial-de-accion-social\\\/#breadcrumb\"},\"inLanguage\":\"ca\",\"potentialAction\":[{\"@type\":\"ReadAction\",\"target\":[\"https:\\\/\\\/www.itakaescolapios.org\\\/ca\\\/2018\\\/06\\\/reunion-del-equipo-provincial-de-accion-social\\\/\"]}]},{\"@type\":\"ImageObject\",\"inLanguage\":\"ca\",\"@id\":\"https:\\\/\\\/www.itakaescolapios.org\\\/ca\\\/2018\\\/06\\\/reunion-del-equipo-provincial-de-accion-social\\\/#primaryimage\",\"url\":\"https:\\\/\\\/www.itakaescolapios.org\\\/wp-content\\\/uploads\\\/2018\\\/06\\\/epas-oviedo.jpeg\",\"contentUrl\":\"https:\\\/\\\/www.itakaescolapios.org\\\/wp-content\\\/uploads\\\/2018\\\/06\\\/epas-oviedo.jpeg\",\"width\":1024,\"height\":536},{\"@type\":\"BreadcrumbList\",\"@id\":\"https:\\\/\\\/www.itakaescolapios.org\\\/ca\\\/2018\\\/06\\\/reunion-del-equipo-provincial-de-accion-social\\\/#breadcrumb\",\"itemListElement\":[{\"@type\":\"ListItem\",\"position\":1,\"name\":\"Itaka-Escolapios\",\"item\":\"https:\\\/\\\/www.itakaescolapios.org\\\/es\\\/\"},{\"@type\":\"ListItem\",\"position\":2,\"name\":\"REUNI\u00d3N DEL EQUIPO PROVINCIAL DE ACCI\u00d3N SOCIAL\"}]},{\"@type\":\"WebSite\",\"@id\":\"https:\\\/\\\/www.itakaescolapios.org\\\/ca\\\/es\\\/#website\",\"url\":\"https:\\\/\\\/www.itakaescolapios.org\\\/ca\\\/es\\\/\",\"name\":\"Itaka-Escolapios\",\"description\":\"Red de Itaka-Escolapios\",\"publisher\":{\"@id\":\"https:\\\/\\\/www.itakaescolapios.org\\\/ca\\\/es\\\/#organization\"},\"potentialAction\":[{\"@type\":\"SearchAction\",\"target\":{\"@type\":\"EntryPoint\",\"urlTemplate\":\"https:\\\/\\\/www.itakaescolapios.org\\\/ca\\\/es\\\/?s={search_term_string}\"},\"query-input\":{\"@type\":\"PropertyValueSpecification\",\"valueRequired\":true,\"valueName\":\"search_term_string\"}}],\"inLanguage\":\"ca\"},{\"@type\":\"Organization\",\"@id\":\"https:\\\/\\\/www.itakaescolapios.org\\\/ca\\\/es\\\/#organization\",\"name\":\"Fundaci\u00f3 Itaka-Escolapios\",\"url\":\"https:\\\/\\\/www.itakaescolapios.org\\\/ca\\\/es\\\/\",\"logo\":{\"@type\":\"ImageObject\",\"inLanguage\":\"ca\",\"@id\":\"https:\\\/\\\/www.itakaescolapios.org\\\/ca\\\/es\\\/#\\\/schema\\\/logo\\\/image\\\/\",\"url\":\"https:\\\/\\\/www.itakaescolapios.org\\\/wp-content\\\/uploads\\\/2024\\\/04\\\/Logo-itakaescolapios-peque.png\",\"contentUrl\":\"https:\\\/\\\/www.itakaescolapios.org\\\/wp-content\\\/uploads\\\/2024\\\/04\\\/Logo-itakaescolapios-peque.png\",\"width\":500,\"height\":199,\"caption\":\"Fundaci\u00f3 Itaka-Escolapios\"},\"image\":{\"@id\":\"https:\\\/\\\/www.itakaescolapios.org\\\/ca\\\/es\\\/#\\\/schema\\\/logo\\\/image\\\/\"}},{\"@type\":\"Person\",\"@id\":\"https:\\\/\\\/www.itakaescolapios.org\\\/es\\\/#\\\/schema\\\/person\\\/c232ccaa2b3f2e98db93c1f8dfca96ff\",\"name\":\"valencia01\",\"url\":\"https:\\\/\\\/www.itakaescolapios.org\\\/ca\\\/author\\\/valencia01\\\/\"}]}<\/script>\n<!-- \/ Yoast SEO plugin. -->","yoast_head_json":{"title":"REUNI\u00d3N DEL EQUIPO PROVINCIAL DE ACCI\u00d3N SOCIAL","description":"La pasada semana se reuni\u00f3 en el colegio Loyola- Escolapios de Oviedo el Equipo de Acci\u00f3n Social de la provincia de Betania, con el objetivo de dar seguimiento de los proyectos que se impulsan desde los departamentos de Acci\u00f3n Social de los distintos colegios. El equipo, compuesto por Jos\u00e9 \u00c1ngel Beltr\u00e1n, coordinador de Pastoral y&hellip;","robots":{"index":"index","follow":"follow","max-snippet":"max-snippet:-1","max-image-preview":"max-image-preview:large","max-video-preview":"max-video-preview:-1"},"canonical":"La pasada semana se reuni\u00f3 en el colegio Loyola- Escolapios de Oviedo el Equipo de Acci\u00f3n Social de la provincia de Betania, con el objetivo de dar seguimiento de los proyectos que se impulsan desde los departamentos de Acci\u00f3n Social de los distintos colegios. El equipo, compuesto por Jos\u00e9 \u00c1ngel Beltr\u00e1n, coordinador de Pastoral y&hellip;","og_locale":"ca_ES","og_type":"article","og_title":"REUNI\u00d3N DEL EQUIPO PROVINCIAL DE ACCI\u00d3N SOCIAL","og_description":"La pasada semana se reuni\u00f3 en el colegio Loyola- Escolapios de Oviedo el Equipo de Acci\u00f3n Social de la provincia de Betania, con el objetivo de dar seguimiento de los proyectos que se impulsan desde los departamentos de Acci\u00f3n Social de los distintos colegios. El equipo, compuesto por Jos\u00e9 \u00c1ngel Beltr\u00e1n, coordinador de Pastoral y&hellip;","og_url":"https:\/\/www.itakaescolapios.org\/ca\/2018\/06\/reunion-del-equipo-provincial-de-accion-social\/","og_site_name":"Itaka-Escolapios","article_published_time":"2018-06-25T10:24:13+00:00","article_modified_time":"2023-11-28T11:37:22+00:00","og_image":[{"width":1024,"height":536,"url":"https:\/\/www.itakaescolapios.org\/wp-content\/uploads\/2018\/06\/epas-oviedo.jpeg","type":"image\/jpeg"}],"author":"valencia01","twitter_card":"summary_large_image","twitter_misc":{"Escrit per":"valencia01","Temps estimat de lectura":"1 minut"},"schema":{"@context":"https:\/\/schema.org","@graph":[{"@type":"Article","@id":"https:\/\/www.itakaescolapios.org\/ca\/2018\/06\/reunion-del-equipo-provincial-de-accion-social\/#article","isPartOf":{"@id":"https:\/\/www.itakaescolapios.org\/ca\/2018\/06\/reunion-del-equipo-provincial-de-accion-social\/"},"author":{"name":"valencia01","@id":"https:\/\/www.itakaescolapios.org\/es\/#\/schema\/person\/c232ccaa2b3f2e98db93c1f8dfca96ff"},"headline":"REUNI\u00d3N DEL EQUIPO PROVINCIAL DE ACCI\u00d3N SOCIAL","datePublished":"2018-06-25T10:24:13+00:00","dateModified":"2023-11-28T11:37:22+00:00","mainEntityOfPage":{"@id":"https:\/\/www.itakaescolapios.org\/ca\/2018\/06\/reunion-del-equipo-provincial-de-accion-social\/"},"wordCount":154,"publisher":{"@id":"https:\/\/www.itakaescolapios.org\/es\/#organization"},"image":{"@id":"https:\/\/www.itakaescolapios.org\/ca\/2018\/06\/reunion-del-equipo-provincial-de-accion-social\/#primaryimage"},"thumbnailUrl":"https:\/\/www.itakaescolapios.org\/wp-content\/uploads\/2018\/06\/epas-oviedo.jpeg","keywords":["Acci\u00f3n Social","Betania","EPAS","Itaka Escolapios","Oviedo"],"articleSection":["Madrid","Valencia"],"inLanguage":"ca"},{"@type":"WebPage","@id":"https:\/\/www.itakaescolapios.org\/ca\/2018\/06\/reunion-del-equipo-provincial-de-accion-social\/","url":"https:\/\/www.itakaescolapios.org\/ca\/2018\/06\/reunion-del-equipo-provincial-de-accion-social\/","name":"REUNI\u00d3N DEL EQUIPO PROVINCIAL DE ACCI\u00d3N SOCIAL - Itaka-Escolapios","isPartOf":{"@id":"https:\/\/www.itakaescolapios.org\/es\/#website"},"primaryImageOfPage":{"@id":"https:\/\/www.itakaescolapios.org\/ca\/2018\/06\/reunion-del-equipo-provincial-de-accion-social\/#primaryimage"},"image":{"@id":"https:\/\/www.itakaescolapios.org\/ca\/2018\/06\/reunion-del-equipo-provincial-de-accion-social\/#primaryimage"},"thumbnailUrl":"https:\/\/www.itakaescolapios.org\/wp-content\/uploads\/2018\/06\/epas-oviedo.jpeg","datePublished":"2018-06-25T10:24:13+00:00","dateModified":"2023-11-28T11:37:22+00:00","breadcrumb":{"@id":"https:\/\/www.itakaescolapios.org\/ca\/2018\/06\/reunion-del-equipo-provincial-de-accion-social\/#breadcrumb"},"inLanguage":"ca","potentialAction":[{"@type":"ReadAction","target":["https:\/\/www.itakaescolapios.org\/ca\/2018\/06\/reunion-del-equipo-provincial-de-accion-social\/"]}]},{"@type":"ImageObject","inLanguage":"ca","@id":"https:\/\/www.itakaescolapios.org\/ca\/2018\/06\/reunion-del-equipo-provincial-de-accion-social\/#primaryimage","url":"https:\/\/www.itakaescolapios.org\/wp-content\/uploads\/2018\/06\/epas-oviedo.jpeg","contentUrl":"https:\/\/www.itakaescolapios.org\/wp-content\/uploads\/2018\/06\/epas-oviedo.jpeg","width":1024,"height":536},{"@type":"BreadcrumbList","@id":"https:\/\/www.itakaescolapios.org\/ca\/2018\/06\/reunion-del-equipo-provincial-de-accion-social\/#breadcrumb","itemListElement":[{"@type":"ListItem","position":1,"name":"Itaka-Escolapios","item":"https:\/\/www.itakaescolapios.org\/es\/"},{"@type":"ListItem","position":2,"name":"REUNI\u00d3N DEL EQUIPO PROVINCIAL DE ACCI\u00d3N SOCIAL"}]},{"@type":"WebSite","@id":"https:\/\/www.itakaescolapios.org\/ca\/es\/#website","url":"https:\/\/www.itakaescolapios.org\/ca\/es\/","name":"Itaka-Escolapios","description":"Red de Itaka-Escolapios","publisher":{"@id":"https:\/\/www.itakaescolapios.org\/ca\/es\/#organization"},"potentialAction":[{"@type":"SearchAction","target":{"@type":"EntryPoint","urlTemplate":"https:\/\/www.itakaescolapios.org\/ca\/es\/?s={search_term_string}"},"query-input":{"@type":"PropertyValueSpecification","valueRequired":true,"valueName":"search_term_string"}}],"inLanguage":"ca"},{"@type":"Organization","@id":"https:\/\/www.itakaescolapios.org\/ca\/es\/#organization","name":"Fundaci\u00f3 Itaka-Escolapios","url":"https:\/\/www.itakaescolapios.org\/ca\/es\/","logo":{"@type":"ImageObject","inLanguage":"ca","@id":"https:\/\/www.itakaescolapios.org\/ca\/es\/#\/schema\/logo\/image\/","url":"https:\/\/www.itakaescolapios.org\/wp-content\/uploads\/2024\/04\/Logo-itakaescolapios-peque.png","contentUrl":"https:\/\/www.itakaescolapios.org\/wp-content\/uploads\/2024\/04\/Logo-itakaescolapios-peque.png","width":500,"height":199,"caption":"Fundaci\u00f3 Itaka-Escolapios"},"image":{"@id":"https:\/\/www.itakaescolapios.org\/ca\/es\/#\/schema\/logo\/image\/"}},{"@type":"Person","@id":"https:\/\/www.itakaescolapios.org\/es\/#\/schema\/person\/c232ccaa2b3f2e98db93c1f8dfca96ff","name":"valencia01","url":"https:\/\/www.itakaescolapios.org\/ca\/author\/valencia01\/"}]}},"_links":{"self":[{"href":"https:\/\/www.itakaescolapios.org\/ca\/wp-json\/wp\/v2\/posts\/23920","targetHints":{"allow":["GET"]}}],"collection":[{"href":"https:\/\/www.itakaescolapios.org\/ca\/wp-json\/wp\/v2\/posts"}],"about":[{"href":"https:\/\/www.itakaescolapios.org\/ca\/wp-json\/wp\/v2\/types\/post"}],"author":[{"embeddable":true,"href":"https:\/\/www.itakaescolapios.org\/ca\/wp-json\/wp\/v2\/users\/39"}],"replies":[{"embeddable":true,"href":"https:\/\/www.itakaescolapios.org\/ca\/wp-json\/wp\/v2\/comments?post=23920"}],"version-history":[{"count":3,"href":"https:\/\/www.itakaescolapios.org\/ca\/wp-json\/wp\/v2\/posts\/23920\/revisions"}],"predecessor-version":[{"id":46564,"href":"https:\/\/www.itakaescolapios.org\/ca\/wp-json\/wp\/v2\/posts\/23920\/revisions\/46564"}],"wp:featuredmedia":[{"embeddable":true,"href":"https:\/\/www.itakaescolapios.org\/ca\/wp-json\/wp\/v2\/media\/23921"}],"wp:attachment":[{"href":"https:\/\/www.itakaescolapios.org\/ca\/wp-json\/wp\/v2\/media?parent=23920"}],"wp:term":[{"taxonomy":"category","embeddable":true,"href":"https:\/\/www.itakaescolapios.org\/ca\/wp-json\/wp\/v2\/categories?post=23920"},{"taxonomy":"post_tag","embeddable":true,"href":"https:\/\/www.itakaescolapios.org\/ca\/wp-json\/wp\/v2\/tags?post=23920"}],"curies":[{"name":"wp","href":"https:\/\/api.w.org\/{rel}","templated":true}]}}