{"id":24323,"date":"2018-08-07T15:16:12","date_gmt":"2018-08-07T14:16:12","guid":{"rendered":"https:\/\/www.itakaescolapios.org\/?p=24323"},"modified":"2023-11-28T12:37:17","modified_gmt":"2023-11-28T11:37:17","slug":"portugues-encontro-com-os-educadores-no-itaka","status":"publish","type":"post","link":"https:\/\/www.itakaescolapios.org\/ca\/2018\/08\/portugues-encontro-com-os-educadores-no-itaka\/","title":{"rendered":"ENCUENTRO CON LOS EDUCADORES DE ITAKA - VALADARES"},"content":{"rendered":"<p>\u201cEl Reino de los Cielos es como un tesoro escondido en un campo. cuando una persona lo ha encontrado, lo esconde de nuevo y entonces, lleno de alegr\u00eda, vende todo lo que tiene y compra aquel campo&#8221;.<br \/>\nEl 6 de agosto los educadores del Centro Social Itaka &#8211; Escolapios y los profesores de la Escuela Municipal &#8220;P. Jos\u00e9 Luis Tadeo&#8221; se reunieron para reflexionar sobre Calasanz e la educaci\u00f3n, su carisma y misi\u00f3n.<br \/>\nJos\u00e9 de Calasanz no es s\u00f3lo importante como santo sino tambi\u00e9n como educador, el primero en valorar la educaci\u00f3n de los ni\u00f1os . Cre\u00f3 y desarroll\u00f3 la ense\u00f1anza b\u00e1sic como algo fundamental para el crecimiento de la persona y el desarrollo de los pueblos. Calasanz abre sus escuelas gratis para todos los ni\u00f1os y se va a preocupar de que los m\u00e1s pobres sean educados cuidadosamente, para que puedan vivir mejor. La identidad escolapia es vivir y llevar a cabo esa intuici\u00f3n de Calasanz. Ese es el deseo y compromiso de las Escuelas P\u00edas y de todos los que han descubierto, desde cualquier vocaci\u00f3n, el inmenso tesoro que el carisma de Calasanz ofrece a la Iglesia y a la sociedad.<br \/>\nEn ese encuentro se present\u00f3 tambi\u00e9n la Campa\u00f1a \u201cEl tesoro de Senegal\u201d, conociendo esta realidad y convocando a fortalecer la solidaridad. En agosto, septiembre y octubre se realizara\u00b4n diversas actividades para conocer ese proyecto y para buscar recursos para apoyar los internaados y centros educativos de aquel pa\u00eds.<br \/>\nInvitados a todos a embarcarse con Itaka en esa bella aventura\u00a0<a href=\"https:\/\/www.facebook.com\/2016878628599301\/photos\/pcb.2258755537744941\/2258752824411879\/?type=3&amp;theater\">M\u00e1s Fotos<\/a><\/p>\n","protected":false},"excerpt":{"rendered":"<p>\u201cEl Reino de los Cielos es como un tesoro escondido en un campo. cuando una persona lo ha encontrado, lo esconde de nuevo y entonces, lleno de alegr\u00eda, vende todo [&hellip;]<\/p>\n","protected":false},"author":11,"featured_media":24324,"comment_status":"closed","ping_status":"closed","sticky":false,"template":"","format":"standard","meta":{"_et_pb_use_builder":"","_et_pb_old_content":"","_et_gb_content_width":"","footnotes":""},"categories":[16],"tags":[],"class_list":["post-24323","post","type-post","status-publish","format-standard","has-post-thumbnail","hentry","category-governador-valadares"],"yoast_head":"<!-- This site is optimized with the Yoast SEO plugin v27.4 - https:\/\/yoast.com\/product\/yoast-seo-wordpress\/ -->\n<title>ENCUENTRO CON LOS EDUCADORES DE ITAKA - VALADARES<\/title>\n<meta name=\"description\" content=\"\u201cEl Reino de los Cielos es como un tesoro escondido en un campo. cuando una persona lo ha encontrado, lo esconde de nuevo y entonces, lleno de alegr\u00eda, vende todo lo que tiene y compra aquel campo&quot;. El 6 de agosto los educadores del Centro Social Itaka - Escolapios y los profesores de la Escuela&hellip;\" \/>\n<meta name=\"robots\" content=\"index, follow, max-snippet:-1, max-image-preview:large, max-video-preview:-1\" \/>\n<link rel=\"canonical\" href=\"http:\/\/\u201cEl%20Reino%20de%20los%20Cielos%20es%20como%20un%20tesoro%20escondido%20en%20un%20campo.%20cuando%20una%20persona%20lo%20ha%20encontrado,%20lo%20esconde%20de%20nuevo%20y%20entonces,%20lleno%20de%20alegr\u00eda,%20vende%20todo%20lo%20que%20tiene%20y%20compra%20aquel%20campo.%20El%206%20de%20agosto%20los%20educadores%20del%20Centro%20Social%20Itaka%20-%20Escolapios%20y%20los%20profesores%20de%20la%20Escuela&hellip;\" \/>\n<meta property=\"og:locale\" content=\"ca_ES\" \/>\n<meta property=\"og:type\" content=\"article\" \/>\n<meta property=\"og:title\" content=\"ENCUENTRO CON LOS EDUCADORES DE ITAKA - VALADARES\" \/>\n<meta property=\"og:description\" content=\"\u201cEl Reino de los Cielos es como un tesoro escondido en un campo. cuando una persona lo ha encontrado, lo esconde de nuevo y entonces, lleno de alegr\u00eda, vende todo lo que tiene y compra aquel campo&quot;. El 6 de agosto los educadores del Centro Social Itaka - Escolapios y los profesores de la Escuela&hellip;\" \/>\n<meta property=\"og:url\" content=\"https:\/\/www.itakaescolapios.org\/ca\/2018\/08\/portugues-encontro-com-os-educadores-no-itaka\/\" \/>\n<meta property=\"og:site_name\" content=\"Itaka-Escolapios\" \/>\n<meta property=\"article:published_time\" content=\"2018-08-07T14:16:12+00:00\" \/>\n<meta property=\"article:modified_time\" content=\"2023-11-28T11:37:17+00:00\" \/>\n<meta property=\"og:image\" content=\"https:\/\/www.itakaescolapios.org\/wp-content\/uploads\/2018\/08\/IMG_7306.jpg\" \/>\n\t<meta property=\"og:image:width\" content=\"2000\" \/>\n\t<meta property=\"og:image:height\" content=\"1500\" \/>\n\t<meta property=\"og:image:type\" content=\"image\/jpeg\" \/>\n<meta name=\"author\" content=\"brasil03\" \/>\n<meta name=\"twitter:card\" content=\"summary_large_image\" \/>\n<meta name=\"twitter:label1\" content=\"Escrit per\" \/>\n\t<meta name=\"twitter:data1\" content=\"brasil03\" \/>\n\t<meta name=\"twitter:label2\" content=\"Temps estimat de lectura\" \/>\n\t<meta name=\"twitter:data2\" content=\"1 minut\" \/>\n<script type=\"application\/ld+json\" class=\"yoast-schema-graph\">{\"@context\":\"https:\\\/\\\/schema.org\",\"@graph\":[{\"@type\":\"Article\",\"@id\":\"https:\\\/\\\/www.itakaescolapios.org\\\/ca\\\/2018\\\/08\\\/portugues-encontro-com-os-educadores-no-itaka\\\/#article\",\"isPartOf\":{\"@id\":\"https:\\\/\\\/www.itakaescolapios.org\\\/ca\\\/2018\\\/08\\\/portugues-encontro-com-os-educadores-no-itaka\\\/\"},\"author\":{\"name\":\"brasil03\",\"@id\":\"https:\\\/\\\/www.itakaescolapios.org\\\/es\\\/#\\\/schema\\\/person\\\/9c761c62049293fc36e6c91e429de3d5\"},\"headline\":\"ENCUENTRO CON LOS EDUCADORES DE ITAKA - VALADARES\",\"datePublished\":\"2018-08-07T14:16:12+00:00\",\"dateModified\":\"2023-11-28T11:37:17+00:00\",\"mainEntityOfPage\":{\"@id\":\"https:\\\/\\\/www.itakaescolapios.org\\\/ca\\\/2018\\\/08\\\/portugues-encontro-com-os-educadores-no-itaka\\\/\"},\"wordCount\":279,\"publisher\":{\"@id\":\"https:\\\/\\\/www.itakaescolapios.org\\\/es\\\/#organization\"},\"image\":{\"@id\":\"https:\\\/\\\/www.itakaescolapios.org\\\/ca\\\/2018\\\/08\\\/portugues-encontro-com-os-educadores-no-itaka\\\/#primaryimage\"},\"thumbnailUrl\":\"https:\\\/\\\/www.itakaescolapios.org\\\/wp-content\\\/uploads\\\/2018\\\/08\\\/IMG_7306.jpg\",\"articleSection\":[\"Governador Valadares\"],\"inLanguage\":\"ca\"},{\"@type\":\"WebPage\",\"@id\":\"https:\\\/\\\/www.itakaescolapios.org\\\/ca\\\/2018\\\/08\\\/portugues-encontro-com-os-educadores-no-itaka\\\/\",\"url\":\"https:\\\/\\\/www.itakaescolapios.org\\\/ca\\\/2018\\\/08\\\/portugues-encontro-com-os-educadores-no-itaka\\\/\",\"name\":\"ENCUENTRO CON LOS EDUCADORES DE ITAKA - VALADARES - Itaka-Escolapios\",\"isPartOf\":{\"@id\":\"https:\\\/\\\/www.itakaescolapios.org\\\/es\\\/#website\"},\"primaryImageOfPage\":{\"@id\":\"https:\\\/\\\/www.itakaescolapios.org\\\/ca\\\/2018\\\/08\\\/portugues-encontro-com-os-educadores-no-itaka\\\/#primaryimage\"},\"image\":{\"@id\":\"https:\\\/\\\/www.itakaescolapios.org\\\/ca\\\/2018\\\/08\\\/portugues-encontro-com-os-educadores-no-itaka\\\/#primaryimage\"},\"thumbnailUrl\":\"https:\\\/\\\/www.itakaescolapios.org\\\/wp-content\\\/uploads\\\/2018\\\/08\\\/IMG_7306.jpg\",\"datePublished\":\"2018-08-07T14:16:12+00:00\",\"dateModified\":\"2023-11-28T11:37:17+00:00\",\"breadcrumb\":{\"@id\":\"https:\\\/\\\/www.itakaescolapios.org\\\/ca\\\/2018\\\/08\\\/portugues-encontro-com-os-educadores-no-itaka\\\/#breadcrumb\"},\"inLanguage\":\"ca\",\"potentialAction\":[{\"@type\":\"ReadAction\",\"target\":[\"https:\\\/\\\/www.itakaescolapios.org\\\/ca\\\/2018\\\/08\\\/portugues-encontro-com-os-educadores-no-itaka\\\/\"]}]},{\"@type\":\"ImageObject\",\"inLanguage\":\"ca\",\"@id\":\"https:\\\/\\\/www.itakaescolapios.org\\\/ca\\\/2018\\\/08\\\/portugues-encontro-com-os-educadores-no-itaka\\\/#primaryimage\",\"url\":\"https:\\\/\\\/www.itakaescolapios.org\\\/wp-content\\\/uploads\\\/2018\\\/08\\\/IMG_7306.jpg\",\"contentUrl\":\"https:\\\/\\\/www.itakaescolapios.org\\\/wp-content\\\/uploads\\\/2018\\\/08\\\/IMG_7306.jpg\",\"width\":2000,\"height\":1500},{\"@type\":\"BreadcrumbList\",\"@id\":\"https:\\\/\\\/www.itakaescolapios.org\\\/ca\\\/2018\\\/08\\\/portugues-encontro-com-os-educadores-no-itaka\\\/#breadcrumb\",\"itemListElement\":[{\"@type\":\"ListItem\",\"position\":1,\"name\":\"Itaka-Escolapios\",\"item\":\"https:\\\/\\\/www.itakaescolapios.org\\\/es\\\/\"},{\"@type\":\"ListItem\",\"position\":2,\"name\":\"ENCUENTRO CON LOS EDUCADORES DE ITAKA - VALADARES\"}]},{\"@type\":\"WebSite\",\"@id\":\"https:\\\/\\\/www.itakaescolapios.org\\\/ca\\\/es\\\/#website\",\"url\":\"https:\\\/\\\/www.itakaescolapios.org\\\/ca\\\/es\\\/\",\"name\":\"Itaka-Escolapios\",\"description\":\"Red de Itaka-Escolapios\",\"publisher\":{\"@id\":\"https:\\\/\\\/www.itakaescolapios.org\\\/ca\\\/es\\\/#organization\"},\"potentialAction\":[{\"@type\":\"SearchAction\",\"target\":{\"@type\":\"EntryPoint\",\"urlTemplate\":\"https:\\\/\\\/www.itakaescolapios.org\\\/ca\\\/es\\\/?s={search_term_string}\"},\"query-input\":{\"@type\":\"PropertyValueSpecification\",\"valueRequired\":true,\"valueName\":\"search_term_string\"}}],\"inLanguage\":\"ca\"},{\"@type\":\"Organization\",\"@id\":\"https:\\\/\\\/www.itakaescolapios.org\\\/ca\\\/es\\\/#organization\",\"name\":\"Fundaci\u00f3 Itaka-Escolapios\",\"url\":\"https:\\\/\\\/www.itakaescolapios.org\\\/ca\\\/es\\\/\",\"logo\":{\"@type\":\"ImageObject\",\"inLanguage\":\"ca\",\"@id\":\"https:\\\/\\\/www.itakaescolapios.org\\\/ca\\\/es\\\/#\\\/schema\\\/logo\\\/image\\\/\",\"url\":\"https:\\\/\\\/www.itakaescolapios.org\\\/wp-content\\\/uploads\\\/2024\\\/04\\\/Logo-itakaescolapios-peque.png\",\"contentUrl\":\"https:\\\/\\\/www.itakaescolapios.org\\\/wp-content\\\/uploads\\\/2024\\\/04\\\/Logo-itakaescolapios-peque.png\",\"width\":500,\"height\":199,\"caption\":\"Fundaci\u00f3 Itaka-Escolapios\"},\"image\":{\"@id\":\"https:\\\/\\\/www.itakaescolapios.org\\\/ca\\\/es\\\/#\\\/schema\\\/logo\\\/image\\\/\"}},{\"@type\":\"Person\",\"@id\":\"https:\\\/\\\/www.itakaescolapios.org\\\/es\\\/#\\\/schema\\\/person\\\/9c761c62049293fc36e6c91e429de3d5\",\"name\":\"brasil03\",\"url\":\"https:\\\/\\\/www.itakaescolapios.org\\\/ca\\\/author\\\/brasil03\\\/\"}]}<\/script>\n<!-- \/ Yoast SEO plugin. -->","yoast_head_json":{"title":"ENCUENTRO CON LOS EDUCADORES DE ITAKA - VALADARES","description":"\u201cEl Reino de los Cielos es como un tesoro escondido en un campo. cuando una persona lo ha encontrado, lo esconde de nuevo y entonces, lleno de alegr\u00eda, vende todo lo que tiene y compra aquel campo\". El 6 de agosto los educadores del Centro Social Itaka - Escolapios y los profesores de la Escuela&hellip;","robots":{"index":"index","follow":"follow","max-snippet":"max-snippet:-1","max-image-preview":"max-image-preview:large","max-video-preview":"max-video-preview:-1"},"canonical":"\u201cEl Reino de los Cielos es como un tesoro escondido en un campo. cuando una persona lo ha encontrado, lo esconde de nuevo y entonces, lleno de alegr\u00eda, vende todo lo que tiene y compra aquel campo\". El 6 de agosto los educadores del Centro Social Itaka - Escolapios y los profesores de la Escuela&hellip;","og_locale":"ca_ES","og_type":"article","og_title":"ENCUENTRO CON LOS EDUCADORES DE ITAKA - VALADARES","og_description":"\u201cEl Reino de los Cielos es como un tesoro escondido en un campo. cuando una persona lo ha encontrado, lo esconde de nuevo y entonces, lleno de alegr\u00eda, vende todo lo que tiene y compra aquel campo\". El 6 de agosto los educadores del Centro Social Itaka - Escolapios y los profesores de la Escuela&hellip;","og_url":"https:\/\/www.itakaescolapios.org\/ca\/2018\/08\/portugues-encontro-com-os-educadores-no-itaka\/","og_site_name":"Itaka-Escolapios","article_published_time":"2018-08-07T14:16:12+00:00","article_modified_time":"2023-11-28T11:37:17+00:00","og_image":[{"width":2000,"height":1500,"url":"https:\/\/www.itakaescolapios.org\/wp-content\/uploads\/2018\/08\/IMG_7306.jpg","type":"image\/jpeg"}],"author":"brasil03","twitter_card":"summary_large_image","twitter_misc":{"Escrit per":"brasil03","Temps estimat de lectura":"1 minut"},"schema":{"@context":"https:\/\/schema.org","@graph":[{"@type":"Article","@id":"https:\/\/www.itakaescolapios.org\/ca\/2018\/08\/portugues-encontro-com-os-educadores-no-itaka\/#article","isPartOf":{"@id":"https:\/\/www.itakaescolapios.org\/ca\/2018\/08\/portugues-encontro-com-os-educadores-no-itaka\/"},"author":{"name":"brasil03","@id":"https:\/\/www.itakaescolapios.org\/es\/#\/schema\/person\/9c761c62049293fc36e6c91e429de3d5"},"headline":"ENCUENTRO CON LOS EDUCADORES DE ITAKA - VALADARES","datePublished":"2018-08-07T14:16:12+00:00","dateModified":"2023-11-28T11:37:17+00:00","mainEntityOfPage":{"@id":"https:\/\/www.itakaescolapios.org\/ca\/2018\/08\/portugues-encontro-com-os-educadores-no-itaka\/"},"wordCount":279,"publisher":{"@id":"https:\/\/www.itakaescolapios.org\/es\/#organization"},"image":{"@id":"https:\/\/www.itakaescolapios.org\/ca\/2018\/08\/portugues-encontro-com-os-educadores-no-itaka\/#primaryimage"},"thumbnailUrl":"https:\/\/www.itakaescolapios.org\/wp-content\/uploads\/2018\/08\/IMG_7306.jpg","articleSection":["Governador Valadares"],"inLanguage":"ca"},{"@type":"WebPage","@id":"https:\/\/www.itakaescolapios.org\/ca\/2018\/08\/portugues-encontro-com-os-educadores-no-itaka\/","url":"https:\/\/www.itakaescolapios.org\/ca\/2018\/08\/portugues-encontro-com-os-educadores-no-itaka\/","name":"ENCUENTRO CON LOS EDUCADORES DE ITAKA - VALADARES - Itaka-Escolapios","isPartOf":{"@id":"https:\/\/www.itakaescolapios.org\/es\/#website"},"primaryImageOfPage":{"@id":"https:\/\/www.itakaescolapios.org\/ca\/2018\/08\/portugues-encontro-com-os-educadores-no-itaka\/#primaryimage"},"image":{"@id":"https:\/\/www.itakaescolapios.org\/ca\/2018\/08\/portugues-encontro-com-os-educadores-no-itaka\/#primaryimage"},"thumbnailUrl":"https:\/\/www.itakaescolapios.org\/wp-content\/uploads\/2018\/08\/IMG_7306.jpg","datePublished":"2018-08-07T14:16:12+00:00","dateModified":"2023-11-28T11:37:17+00:00","breadcrumb":{"@id":"https:\/\/www.itakaescolapios.org\/ca\/2018\/08\/portugues-encontro-com-os-educadores-no-itaka\/#breadcrumb"},"inLanguage":"ca","potentialAction":[{"@type":"ReadAction","target":["https:\/\/www.itakaescolapios.org\/ca\/2018\/08\/portugues-encontro-com-os-educadores-no-itaka\/"]}]},{"@type":"ImageObject","inLanguage":"ca","@id":"https:\/\/www.itakaescolapios.org\/ca\/2018\/08\/portugues-encontro-com-os-educadores-no-itaka\/#primaryimage","url":"https:\/\/www.itakaescolapios.org\/wp-content\/uploads\/2018\/08\/IMG_7306.jpg","contentUrl":"https:\/\/www.itakaescolapios.org\/wp-content\/uploads\/2018\/08\/IMG_7306.jpg","width":2000,"height":1500},{"@type":"BreadcrumbList","@id":"https:\/\/www.itakaescolapios.org\/ca\/2018\/08\/portugues-encontro-com-os-educadores-no-itaka\/#breadcrumb","itemListElement":[{"@type":"ListItem","position":1,"name":"Itaka-Escolapios","item":"https:\/\/www.itakaescolapios.org\/es\/"},{"@type":"ListItem","position":2,"name":"ENCUENTRO CON LOS EDUCADORES DE ITAKA - VALADARES"}]},{"@type":"WebSite","@id":"https:\/\/www.itakaescolapios.org\/ca\/es\/#website","url":"https:\/\/www.itakaescolapios.org\/ca\/es\/","name":"Itaka-Escolapios","description":"Red de Itaka-Escolapios","publisher":{"@id":"https:\/\/www.itakaescolapios.org\/ca\/es\/#organization"},"potentialAction":[{"@type":"SearchAction","target":{"@type":"EntryPoint","urlTemplate":"https:\/\/www.itakaescolapios.org\/ca\/es\/?s={search_term_string}"},"query-input":{"@type":"PropertyValueSpecification","valueRequired":true,"valueName":"search_term_string"}}],"inLanguage":"ca"},{"@type":"Organization","@id":"https:\/\/www.itakaescolapios.org\/ca\/es\/#organization","name":"Fundaci\u00f3 Itaka-Escolapios","url":"https:\/\/www.itakaescolapios.org\/ca\/es\/","logo":{"@type":"ImageObject","inLanguage":"ca","@id":"https:\/\/www.itakaescolapios.org\/ca\/es\/#\/schema\/logo\/image\/","url":"https:\/\/www.itakaescolapios.org\/wp-content\/uploads\/2024\/04\/Logo-itakaescolapios-peque.png","contentUrl":"https:\/\/www.itakaescolapios.org\/wp-content\/uploads\/2024\/04\/Logo-itakaescolapios-peque.png","width":500,"height":199,"caption":"Fundaci\u00f3 Itaka-Escolapios"},"image":{"@id":"https:\/\/www.itakaescolapios.org\/ca\/es\/#\/schema\/logo\/image\/"}},{"@type":"Person","@id":"https:\/\/www.itakaescolapios.org\/es\/#\/schema\/person\/9c761c62049293fc36e6c91e429de3d5","name":"brasil03","url":"https:\/\/www.itakaescolapios.org\/ca\/author\/brasil03\/"}]}},"_links":{"self":[{"href":"https:\/\/www.itakaescolapios.org\/ca\/wp-json\/wp\/v2\/posts\/24323","targetHints":{"allow":["GET"]}}],"collection":[{"href":"https:\/\/www.itakaescolapios.org\/ca\/wp-json\/wp\/v2\/posts"}],"about":[{"href":"https:\/\/www.itakaescolapios.org\/ca\/wp-json\/wp\/v2\/types\/post"}],"author":[{"embeddable":true,"href":"https:\/\/www.itakaescolapios.org\/ca\/wp-json\/wp\/v2\/users\/11"}],"replies":[{"embeddable":true,"href":"https:\/\/www.itakaescolapios.org\/ca\/wp-json\/wp\/v2\/comments?post=24323"}],"version-history":[{"count":6,"href":"https:\/\/www.itakaescolapios.org\/ca\/wp-json\/wp\/v2\/posts\/24323\/revisions"}],"predecessor-version":[{"id":46436,"href":"https:\/\/www.itakaescolapios.org\/ca\/wp-json\/wp\/v2\/posts\/24323\/revisions\/46436"}],"wp:featuredmedia":[{"embeddable":true,"href":"https:\/\/www.itakaescolapios.org\/ca\/wp-json\/wp\/v2\/media\/24324"}],"wp:attachment":[{"href":"https:\/\/www.itakaescolapios.org\/ca\/wp-json\/wp\/v2\/media?parent=24323"}],"wp:term":[{"taxonomy":"category","embeddable":true,"href":"https:\/\/www.itakaescolapios.org\/ca\/wp-json\/wp\/v2\/categories?post=24323"},{"taxonomy":"post_tag","embeddable":true,"href":"https:\/\/www.itakaescolapios.org\/ca\/wp-json\/wp\/v2\/tags?post=24323"}],"curies":[{"name":"wp","href":"https:\/\/api.w.org\/{rel}","templated":true}]}}