{"id":24961,"date":"2018-10-22T23:00:54","date_gmt":"2018-10-22T22:00:54","guid":{"rendered":"https:\/\/www.itakaescolapios.org\/?p=24961"},"modified":"2023-11-28T12:37:10","modified_gmt":"2023-11-28T11:37:10","slug":"reconocimiento-a-los-padres-escolapios-en-anzaldo","status":"publish","type":"post","link":"https:\/\/www.itakaescolapios.org\/ca\/2018\/10\/reconocimiento-a-los-padres-escolapios-en-anzaldo\/","title":{"rendered":"RECONOCIMIENTO A LOS PADRES ESCOLAPIOS EN ANZALDO"},"content":{"rendered":"<p>El 20 de octubre, en el 112 aniversario del municipio de Anzaldo, el Ayuntamiento ha concedido esta distinci\u00f3n a las Escuelas P\u00edas por el apoyo constante al desarrollo de Anzaldo.<br \/>\nEl P. Joseph Kunnel, coordinador de la presencia escolapia y p\u00e1rroco de Anzaldo, fue el encargado de recoger este reconocimiento.<\/p>\n","protected":false},"excerpt":{"rendered":"<p>El 20 de octubre, en el 112 aniversario del municipio de Anzaldo, el Ayuntamiento ha concedido esta distinci\u00f3n a las Escuelas P\u00edas por el apoyo constante al desarrollo de Anzaldo. [&hellip;]<\/p>\n","protected":false},"author":7,"featured_media":24963,"comment_status":"closed","ping_status":"closed","sticky":false,"template":"","format":"standard","meta":{"_et_pb_use_builder":"","_et_pb_old_content":"","_et_gb_content_width":"","footnotes":""},"categories":[15],"tags":[],"class_list":["post-24961","post","type-post","status-publish","format-standard","has-post-thumbnail","hentry","category-bolivia"],"yoast_head":"<!-- This site is optimized with the Yoast SEO plugin v27.4 - https:\/\/yoast.com\/product\/yoast-seo-wordpress\/ -->\n<title>RECONOCIMIENTO A LOS PADRES ESCOLAPIOS EN ANZALDO<\/title>\n<meta name=\"description\" content=\"El 20 de octubre, en el 112 aniversario del municipio de Anzaldo, el Ayuntamiento ha concedido esta distinci\u00f3n a las Escuelas P\u00edas por el apoyo constante al desarrollo de Anzaldo. El P. Joseph Kunnel, coordinador de la presencia escolapia y p\u00e1rroco de Anzaldo, fue el encargado de recoger este reconocimiento.\" \/>\n<meta name=\"robots\" content=\"index, follow, max-snippet:-1, max-image-preview:large, max-video-preview:-1\" \/>\n<link rel=\"canonical\" href=\"http:\/\/El%2020%20de%20octubre,%20en%20el%20112%20aniversario%20del%20municipio%20de%20Anzaldo,%20el%20Ayuntamiento%20ha%20concedido%20esta%20distinci\u00f3n%20a%20las%20Escuelas%20P\u00edas%20por%20el%20apoyo%20constante%20al%20desarrollo%20de%20Anzaldo.%20El%20P.%20Joseph%20Kunnel,%20coordinador%20de%20la%20presencia%20escolapia%20y%20p\u00e1rroco%20de%20Anzaldo,%20fue%20el%20encargado%20de%20recoger%20este%20reconocimiento.\" \/>\n<meta property=\"og:locale\" content=\"ca_ES\" \/>\n<meta property=\"og:type\" content=\"article\" \/>\n<meta property=\"og:title\" content=\"RECONOCIMIENTO A LOS PADRES ESCOLAPIOS EN ANZALDO\" \/>\n<meta property=\"og:description\" content=\"El 20 de octubre, en el 112 aniversario del municipio de Anzaldo, el Ayuntamiento ha concedido esta distinci\u00f3n a las Escuelas P\u00edas por el apoyo constante al desarrollo de Anzaldo. El P. Joseph Kunnel, coordinador de la presencia escolapia y p\u00e1rroco de Anzaldo, fue el encargado de recoger este reconocimiento.\" \/>\n<meta property=\"og:url\" content=\"https:\/\/www.itakaescolapios.org\/ca\/2018\/10\/reconocimiento-a-los-padres-escolapios-en-anzaldo\/\" \/>\n<meta property=\"og:site_name\" content=\"Itaka-Escolapios\" \/>\n<meta property=\"article:published_time\" content=\"2018-10-22T22:00:54+00:00\" \/>\n<meta property=\"article:modified_time\" content=\"2023-11-28T11:37:10+00:00\" \/>\n<meta property=\"og:image\" content=\"https:\/\/www.itakaescolapios.org\/wp-content\/uploads\/2018\/10\/44319805_575128822906331_5656856139426430976_n.jpg\" \/>\n\t<meta property=\"og:image:width\" content=\"420\" \/>\n\t<meta property=\"og:image:height\" content=\"747\" \/>\n\t<meta property=\"og:image:type\" content=\"image\/jpeg\" \/>\n<meta name=\"author\" content=\"bolivia01\" \/>\n<meta name=\"twitter:card\" content=\"summary_large_image\" \/>\n<meta name=\"twitter:label1\" content=\"Escrit per\" \/>\n\t<meta name=\"twitter:data1\" content=\"bolivia01\" \/>\n<script type=\"application\/ld+json\" class=\"yoast-schema-graph\">{\"@context\":\"https:\\\/\\\/schema.org\",\"@graph\":[{\"@type\":\"Article\",\"@id\":\"https:\\\/\\\/www.itakaescolapios.org\\\/ca\\\/2018\\\/10\\\/reconocimiento-a-los-padres-escolapios-en-anzaldo\\\/#article\",\"isPartOf\":{\"@id\":\"https:\\\/\\\/www.itakaescolapios.org\\\/ca\\\/2018\\\/10\\\/reconocimiento-a-los-padres-escolapios-en-anzaldo\\\/\"},\"author\":{\"name\":\"bolivia01\",\"@id\":\"https:\\\/\\\/www.itakaescolapios.org\\\/es\\\/#\\\/schema\\\/person\\\/141b7734ef7c6eadcc0fefeb0614c94a\"},\"headline\":\"RECONOCIMIENTO A LOS PADRES ESCOLAPIOS EN ANZALDO\",\"datePublished\":\"2018-10-22T22:00:54+00:00\",\"dateModified\":\"2023-11-28T11:37:10+00:00\",\"mainEntityOfPage\":{\"@id\":\"https:\\\/\\\/www.itakaescolapios.org\\\/ca\\\/2018\\\/10\\\/reconocimiento-a-los-padres-escolapios-en-anzaldo\\\/\"},\"wordCount\":58,\"publisher\":{\"@id\":\"https:\\\/\\\/www.itakaescolapios.org\\\/es\\\/#organization\"},\"image\":{\"@id\":\"https:\\\/\\\/www.itakaescolapios.org\\\/ca\\\/2018\\\/10\\\/reconocimiento-a-los-padres-escolapios-en-anzaldo\\\/#primaryimage\"},\"thumbnailUrl\":\"https:\\\/\\\/www.itakaescolapios.org\\\/wp-content\\\/uploads\\\/2018\\\/10\\\/44319805_575128822906331_5656856139426430976_n.jpg\",\"articleSection\":[\"Bolivia\"],\"inLanguage\":\"ca\"},{\"@type\":\"WebPage\",\"@id\":\"https:\\\/\\\/www.itakaescolapios.org\\\/ca\\\/2018\\\/10\\\/reconocimiento-a-los-padres-escolapios-en-anzaldo\\\/\",\"url\":\"https:\\\/\\\/www.itakaescolapios.org\\\/ca\\\/2018\\\/10\\\/reconocimiento-a-los-padres-escolapios-en-anzaldo\\\/\",\"name\":\"RECONOCIMIENTO A LOS PADRES ESCOLAPIOS EN ANZALDO - Itaka-Escolapios\",\"isPartOf\":{\"@id\":\"https:\\\/\\\/www.itakaescolapios.org\\\/es\\\/#website\"},\"primaryImageOfPage\":{\"@id\":\"https:\\\/\\\/www.itakaescolapios.org\\\/ca\\\/2018\\\/10\\\/reconocimiento-a-los-padres-escolapios-en-anzaldo\\\/#primaryimage\"},\"image\":{\"@id\":\"https:\\\/\\\/www.itakaescolapios.org\\\/ca\\\/2018\\\/10\\\/reconocimiento-a-los-padres-escolapios-en-anzaldo\\\/#primaryimage\"},\"thumbnailUrl\":\"https:\\\/\\\/www.itakaescolapios.org\\\/wp-content\\\/uploads\\\/2018\\\/10\\\/44319805_575128822906331_5656856139426430976_n.jpg\",\"datePublished\":\"2018-10-22T22:00:54+00:00\",\"dateModified\":\"2023-11-28T11:37:10+00:00\",\"breadcrumb\":{\"@id\":\"https:\\\/\\\/www.itakaescolapios.org\\\/ca\\\/2018\\\/10\\\/reconocimiento-a-los-padres-escolapios-en-anzaldo\\\/#breadcrumb\"},\"inLanguage\":\"ca\",\"potentialAction\":[{\"@type\":\"ReadAction\",\"target\":[\"https:\\\/\\\/www.itakaescolapios.org\\\/ca\\\/2018\\\/10\\\/reconocimiento-a-los-padres-escolapios-en-anzaldo\\\/\"]}]},{\"@type\":\"ImageObject\",\"inLanguage\":\"ca\",\"@id\":\"https:\\\/\\\/www.itakaescolapios.org\\\/ca\\\/2018\\\/10\\\/reconocimiento-a-los-padres-escolapios-en-anzaldo\\\/#primaryimage\",\"url\":\"https:\\\/\\\/www.itakaescolapios.org\\\/wp-content\\\/uploads\\\/2018\\\/10\\\/44319805_575128822906331_5656856139426430976_n.jpg\",\"contentUrl\":\"https:\\\/\\\/www.itakaescolapios.org\\\/wp-content\\\/uploads\\\/2018\\\/10\\\/44319805_575128822906331_5656856139426430976_n.jpg\",\"width\":420,\"height\":747,\"caption\":\"RECONOCIMIENTO PADRES ESCOLAPIOS EN ANZALDO\"},{\"@type\":\"BreadcrumbList\",\"@id\":\"https:\\\/\\\/www.itakaescolapios.org\\\/ca\\\/2018\\\/10\\\/reconocimiento-a-los-padres-escolapios-en-anzaldo\\\/#breadcrumb\",\"itemListElement\":[{\"@type\":\"ListItem\",\"position\":1,\"name\":\"Itaka-Escolapios\",\"item\":\"https:\\\/\\\/www.itakaescolapios.org\\\/es\\\/\"},{\"@type\":\"ListItem\",\"position\":2,\"name\":\"RECONOCIMIENTO A LOS PADRES ESCOLAPIOS EN ANZALDO\"}]},{\"@type\":\"WebSite\",\"@id\":\"https:\\\/\\\/www.itakaescolapios.org\\\/ca\\\/es\\\/#website\",\"url\":\"https:\\\/\\\/www.itakaescolapios.org\\\/ca\\\/es\\\/\",\"name\":\"Itaka-Escolapios\",\"description\":\"Red de Itaka-Escolapios\",\"publisher\":{\"@id\":\"https:\\\/\\\/www.itakaescolapios.org\\\/ca\\\/es\\\/#organization\"},\"potentialAction\":[{\"@type\":\"SearchAction\",\"target\":{\"@type\":\"EntryPoint\",\"urlTemplate\":\"https:\\\/\\\/www.itakaescolapios.org\\\/ca\\\/es\\\/?s={search_term_string}\"},\"query-input\":{\"@type\":\"PropertyValueSpecification\",\"valueRequired\":true,\"valueName\":\"search_term_string\"}}],\"inLanguage\":\"ca\"},{\"@type\":\"Organization\",\"@id\":\"https:\\\/\\\/www.itakaescolapios.org\\\/ca\\\/es\\\/#organization\",\"name\":\"Fundaci\u00f3 Itaka-Escolapios\",\"url\":\"https:\\\/\\\/www.itakaescolapios.org\\\/ca\\\/es\\\/\",\"logo\":{\"@type\":\"ImageObject\",\"inLanguage\":\"ca\",\"@id\":\"https:\\\/\\\/www.itakaescolapios.org\\\/ca\\\/es\\\/#\\\/schema\\\/logo\\\/image\\\/\",\"url\":\"https:\\\/\\\/www.itakaescolapios.org\\\/wp-content\\\/uploads\\\/2024\\\/04\\\/Logo-itakaescolapios-peque.png\",\"contentUrl\":\"https:\\\/\\\/www.itakaescolapios.org\\\/wp-content\\\/uploads\\\/2024\\\/04\\\/Logo-itakaescolapios-peque.png\",\"width\":500,\"height\":199,\"caption\":\"Fundaci\u00f3 Itaka-Escolapios\"},\"image\":{\"@id\":\"https:\\\/\\\/www.itakaescolapios.org\\\/ca\\\/es\\\/#\\\/schema\\\/logo\\\/image\\\/\"}},{\"@type\":\"Person\",\"@id\":\"https:\\\/\\\/www.itakaescolapios.org\\\/es\\\/#\\\/schema\\\/person\\\/141b7734ef7c6eadcc0fefeb0614c94a\",\"name\":\"bolivia01\",\"url\":\"https:\\\/\\\/www.itakaescolapios.org\\\/ca\\\/author\\\/bolivia01\\\/\"}]}<\/script>\n<!-- \/ Yoast SEO plugin. -->","yoast_head_json":{"title":"RECONOCIMIENTO A LOS PADRES ESCOLAPIOS EN ANZALDO","description":"El 20 de octubre, en el 112 aniversario del municipio de Anzaldo, el Ayuntamiento ha concedido esta distinci\u00f3n a las Escuelas P\u00edas por el apoyo constante al desarrollo de Anzaldo. El P. Joseph Kunnel, coordinador de la presencia escolapia y p\u00e1rroco de Anzaldo, fue el encargado de recoger este reconocimiento.","robots":{"index":"index","follow":"follow","max-snippet":"max-snippet:-1","max-image-preview":"max-image-preview:large","max-video-preview":"max-video-preview:-1"},"canonical":"El 20 de octubre, en el 112 aniversario del municipio de Anzaldo, el Ayuntamiento ha concedido esta distinci\u00f3n a las Escuelas P\u00edas por el apoyo constante al desarrollo de Anzaldo. El P. Joseph Kunnel, coordinador de la presencia escolapia y p\u00e1rroco de Anzaldo, fue el encargado de recoger este reconocimiento.","og_locale":"ca_ES","og_type":"article","og_title":"RECONOCIMIENTO A LOS PADRES ESCOLAPIOS EN ANZALDO","og_description":"El 20 de octubre, en el 112 aniversario del municipio de Anzaldo, el Ayuntamiento ha concedido esta distinci\u00f3n a las Escuelas P\u00edas por el apoyo constante al desarrollo de Anzaldo. El P. Joseph Kunnel, coordinador de la presencia escolapia y p\u00e1rroco de Anzaldo, fue el encargado de recoger este reconocimiento.","og_url":"https:\/\/www.itakaescolapios.org\/ca\/2018\/10\/reconocimiento-a-los-padres-escolapios-en-anzaldo\/","og_site_name":"Itaka-Escolapios","article_published_time":"2018-10-22T22:00:54+00:00","article_modified_time":"2023-11-28T11:37:10+00:00","og_image":[{"width":420,"height":747,"url":"https:\/\/www.itakaescolapios.org\/wp-content\/uploads\/2018\/10\/44319805_575128822906331_5656856139426430976_n.jpg","type":"image\/jpeg"}],"author":"bolivia01","twitter_card":"summary_large_image","twitter_misc":{"Escrit per":"bolivia01"},"schema":{"@context":"https:\/\/schema.org","@graph":[{"@type":"Article","@id":"https:\/\/www.itakaescolapios.org\/ca\/2018\/10\/reconocimiento-a-los-padres-escolapios-en-anzaldo\/#article","isPartOf":{"@id":"https:\/\/www.itakaescolapios.org\/ca\/2018\/10\/reconocimiento-a-los-padres-escolapios-en-anzaldo\/"},"author":{"name":"bolivia01","@id":"https:\/\/www.itakaescolapios.org\/es\/#\/schema\/person\/141b7734ef7c6eadcc0fefeb0614c94a"},"headline":"RECONOCIMIENTO A LOS PADRES ESCOLAPIOS EN ANZALDO","datePublished":"2018-10-22T22:00:54+00:00","dateModified":"2023-11-28T11:37:10+00:00","mainEntityOfPage":{"@id":"https:\/\/www.itakaescolapios.org\/ca\/2018\/10\/reconocimiento-a-los-padres-escolapios-en-anzaldo\/"},"wordCount":58,"publisher":{"@id":"https:\/\/www.itakaescolapios.org\/es\/#organization"},"image":{"@id":"https:\/\/www.itakaescolapios.org\/ca\/2018\/10\/reconocimiento-a-los-padres-escolapios-en-anzaldo\/#primaryimage"},"thumbnailUrl":"https:\/\/www.itakaescolapios.org\/wp-content\/uploads\/2018\/10\/44319805_575128822906331_5656856139426430976_n.jpg","articleSection":["Bolivia"],"inLanguage":"ca"},{"@type":"WebPage","@id":"https:\/\/www.itakaescolapios.org\/ca\/2018\/10\/reconocimiento-a-los-padres-escolapios-en-anzaldo\/","url":"https:\/\/www.itakaescolapios.org\/ca\/2018\/10\/reconocimiento-a-los-padres-escolapios-en-anzaldo\/","name":"RECONOCIMIENTO A LOS PADRES ESCOLAPIOS EN ANZALDO - Itaka-Escolapios","isPartOf":{"@id":"https:\/\/www.itakaescolapios.org\/es\/#website"},"primaryImageOfPage":{"@id":"https:\/\/www.itakaescolapios.org\/ca\/2018\/10\/reconocimiento-a-los-padres-escolapios-en-anzaldo\/#primaryimage"},"image":{"@id":"https:\/\/www.itakaescolapios.org\/ca\/2018\/10\/reconocimiento-a-los-padres-escolapios-en-anzaldo\/#primaryimage"},"thumbnailUrl":"https:\/\/www.itakaescolapios.org\/wp-content\/uploads\/2018\/10\/44319805_575128822906331_5656856139426430976_n.jpg","datePublished":"2018-10-22T22:00:54+00:00","dateModified":"2023-11-28T11:37:10+00:00","breadcrumb":{"@id":"https:\/\/www.itakaescolapios.org\/ca\/2018\/10\/reconocimiento-a-los-padres-escolapios-en-anzaldo\/#breadcrumb"},"inLanguage":"ca","potentialAction":[{"@type":"ReadAction","target":["https:\/\/www.itakaescolapios.org\/ca\/2018\/10\/reconocimiento-a-los-padres-escolapios-en-anzaldo\/"]}]},{"@type":"ImageObject","inLanguage":"ca","@id":"https:\/\/www.itakaescolapios.org\/ca\/2018\/10\/reconocimiento-a-los-padres-escolapios-en-anzaldo\/#primaryimage","url":"https:\/\/www.itakaescolapios.org\/wp-content\/uploads\/2018\/10\/44319805_575128822906331_5656856139426430976_n.jpg","contentUrl":"https:\/\/www.itakaescolapios.org\/wp-content\/uploads\/2018\/10\/44319805_575128822906331_5656856139426430976_n.jpg","width":420,"height":747,"caption":"RECONOCIMIENTO PADRES ESCOLAPIOS EN ANZALDO"},{"@type":"BreadcrumbList","@id":"https:\/\/www.itakaescolapios.org\/ca\/2018\/10\/reconocimiento-a-los-padres-escolapios-en-anzaldo\/#breadcrumb","itemListElement":[{"@type":"ListItem","position":1,"name":"Itaka-Escolapios","item":"https:\/\/www.itakaescolapios.org\/es\/"},{"@type":"ListItem","position":2,"name":"RECONOCIMIENTO A LOS PADRES ESCOLAPIOS EN ANZALDO"}]},{"@type":"WebSite","@id":"https:\/\/www.itakaescolapios.org\/ca\/es\/#website","url":"https:\/\/www.itakaescolapios.org\/ca\/es\/","name":"Itaka-Escolapios","description":"Red de Itaka-Escolapios","publisher":{"@id":"https:\/\/www.itakaescolapios.org\/ca\/es\/#organization"},"potentialAction":[{"@type":"SearchAction","target":{"@type":"EntryPoint","urlTemplate":"https:\/\/www.itakaescolapios.org\/ca\/es\/?s={search_term_string}"},"query-input":{"@type":"PropertyValueSpecification","valueRequired":true,"valueName":"search_term_string"}}],"inLanguage":"ca"},{"@type":"Organization","@id":"https:\/\/www.itakaescolapios.org\/ca\/es\/#organization","name":"Fundaci\u00f3 Itaka-Escolapios","url":"https:\/\/www.itakaescolapios.org\/ca\/es\/","logo":{"@type":"ImageObject","inLanguage":"ca","@id":"https:\/\/www.itakaescolapios.org\/ca\/es\/#\/schema\/logo\/image\/","url":"https:\/\/www.itakaescolapios.org\/wp-content\/uploads\/2024\/04\/Logo-itakaescolapios-peque.png","contentUrl":"https:\/\/www.itakaescolapios.org\/wp-content\/uploads\/2024\/04\/Logo-itakaescolapios-peque.png","width":500,"height":199,"caption":"Fundaci\u00f3 Itaka-Escolapios"},"image":{"@id":"https:\/\/www.itakaescolapios.org\/ca\/es\/#\/schema\/logo\/image\/"}},{"@type":"Person","@id":"https:\/\/www.itakaescolapios.org\/es\/#\/schema\/person\/141b7734ef7c6eadcc0fefeb0614c94a","name":"bolivia01","url":"https:\/\/www.itakaescolapios.org\/ca\/author\/bolivia01\/"}]}},"_links":{"self":[{"href":"https:\/\/www.itakaescolapios.org\/ca\/wp-json\/wp\/v2\/posts\/24961","targetHints":{"allow":["GET"]}}],"collection":[{"href":"https:\/\/www.itakaescolapios.org\/ca\/wp-json\/wp\/v2\/posts"}],"about":[{"href":"https:\/\/www.itakaescolapios.org\/ca\/wp-json\/wp\/v2\/types\/post"}],"author":[{"embeddable":true,"href":"https:\/\/www.itakaescolapios.org\/ca\/wp-json\/wp\/v2\/users\/7"}],"replies":[{"embeddable":true,"href":"https:\/\/www.itakaescolapios.org\/ca\/wp-json\/wp\/v2\/comments?post=24961"}],"version-history":[{"count":3,"href":"https:\/\/www.itakaescolapios.org\/ca\/wp-json\/wp\/v2\/posts\/24961\/revisions"}],"predecessor-version":[{"id":46216,"href":"https:\/\/www.itakaescolapios.org\/ca\/wp-json\/wp\/v2\/posts\/24961\/revisions\/46216"}],"wp:featuredmedia":[{"embeddable":true,"href":"https:\/\/www.itakaescolapios.org\/ca\/wp-json\/wp\/v2\/media\/24963"}],"wp:attachment":[{"href":"https:\/\/www.itakaescolapios.org\/ca\/wp-json\/wp\/v2\/media?parent=24961"}],"wp:term":[{"taxonomy":"category","embeddable":true,"href":"https:\/\/www.itakaescolapios.org\/ca\/wp-json\/wp\/v2\/categories?post=24961"},{"taxonomy":"post_tag","embeddable":true,"href":"https:\/\/www.itakaescolapios.org\/ca\/wp-json\/wp\/v2\/tags?post=24961"}],"curies":[{"name":"wp","href":"https:\/\/api.w.org\/{rel}","templated":true}]}}