{"id":25623,"date":"2018-11-18T09:50:14","date_gmt":"2018-11-18T08:50:14","guid":{"rendered":"https:\/\/www.itakaescolapios.org\/?p=25623"},"modified":"2023-11-28T12:37:08","modified_gmt":"2023-11-28T11:37:08","slug":"itaka-escolapios-con-la-jornada-mundial-de-los-pobres","status":"publish","type":"post","link":"https:\/\/www.itakaescolapios.org\/ca\/2018\/11\/itaka-escolapios-con-la-jornada-mundial-de-los-pobres\/","title":{"rendered":"Itaka-Escolapios participa en la Jornada Mundial de los Pobres"},"content":{"rendered":"<p>En el marco de la <strong><em>II Jornada Mundial de los Pobres<\/em><\/strong> convocada por el papa Francisco, Itaka-Escolapios se ha hecho presente en los actos organizados por la Iglesia de Bizkaia con el lema <em>&#8220;Grita por la Justicia&#8221;<\/em>. En ellos han estado presentes un grupo de j\u00f3venes de nuestro programa Aukera, junto con personas de la Fraternidad.<\/p>\n<p>A lo largo del d\u00eda, ha habido talleres y grupos de debate sobre la situaci\u00f3n de las personas excluidas, as\u00ed como tambi\u00e9n una comida popular y m\u00fasica intercultural. Una gran ocasi\u00f3n para compartir, reivindicar y celebrar junto con otras personas y organizaciones de Iglesia comprometidas con quienes sufren pobreza y exclusi\u00f3n.<\/p>\n\n\t\t<style type=\"text\/css\">\n\t\t\t#gallery-1 {\n\t\t\t\tmargin: auto;\n\t\t\t}\n\t\t\t#gallery-1 .gallery-item {\n\t\t\t\tfloat: left;\n\t\t\t\tmargin-top: 10px;\n\t\t\t\ttext-align: center;\n\t\t\t\twidth: 33%;\n\t\t\t}\n\t\t\t#gallery-1 img {\n\t\t\t\tborder: 2px solid #cfcfcf;\n\t\t\t}\n\t\t\t#gallery-1 .gallery-caption {\n\t\t\t\tmargin-left: 0;\n\t\t\t}\n\t\t\t\/* see gallery_shortcode() in wp-includes\/media.php *\/\n\t\t<\/style>\n\t\t<div id='gallery-1' class='gallery galleryid-25623 gallery-columns-3 gallery-size-thumbnail'><dl class='gallery-item'>\n\t\t\t<dt class='gallery-icon landscape'>\n\t\t\t\t<a href='https:\/\/www.itakaescolapios.org\/ca\/2018\/11\/itaka-escolapios-con-la-jornada-mundial-de-los-pobres\/30986871727_f309fc9012_z\/'><img decoding=\"async\" width=\"90\" height=\"90\" src=\"https:\/\/www.itakaescolapios.org\/wp-content\/uploads\/2018\/11\/30986871727_f309fc9012_z-90x90.jpg\" class=\"attachment-thumbnail size-thumbnail\" alt=\"\" \/><\/a>\n\t\t\t<\/dt><\/dl><dl class='gallery-item'>\n\t\t\t<dt class='gallery-icon landscape'>\n\t\t\t\t<a href='https:\/\/www.itakaescolapios.org\/ca\/2018\/11\/itaka-escolapios-con-la-jornada-mundial-de-los-pobres\/whatsapp-image-2018-11-17-at-15-59-50\/'><img decoding=\"async\" width=\"90\" height=\"90\" src=\"https:\/\/www.itakaescolapios.org\/wp-content\/uploads\/2018\/11\/WhatsApp-Image-2018-11-17-at-15.59.50-90x90.jpeg\" class=\"attachment-thumbnail size-thumbnail\" alt=\"\" \/><\/a>\n\t\t\t<\/dt><\/dl><dl class='gallery-item'>\n\t\t\t<dt class='gallery-icon landscape'>\n\t\t\t\t<a href='https:\/\/www.itakaescolapios.org\/ca\/2018\/11\/itaka-escolapios-con-la-jornada-mundial-de-los-pobres\/whatsapp-image-2018-11-17-at-15-26-54\/'><img decoding=\"async\" width=\"90\" height=\"90\" src=\"https:\/\/www.itakaescolapios.org\/wp-content\/uploads\/2018\/11\/WhatsApp-Image-2018-11-17-at-15.26.54-90x90.jpeg\" class=\"attachment-thumbnail size-thumbnail\" alt=\"\" \/><\/a>\n\t\t\t<\/dt><\/dl><br style=\"clear: both\" \/><dl class='gallery-item'>\n\t\t\t<dt class='gallery-icon landscape'>\n\t\t\t\t<a href='https:\/\/www.itakaescolapios.org\/ca\/2018\/11\/itaka-escolapios-con-la-jornada-mundial-de-los-pobres\/46420111_2232550370110870_3584063402927980544_n\/'><img decoding=\"async\" width=\"90\" height=\"90\" src=\"https:\/\/www.itakaescolapios.org\/wp-content\/uploads\/2018\/11\/46420111_2232550370110870_3584063402927980544_n-90x90.png\" class=\"attachment-thumbnail size-thumbnail\" alt=\"\" \/><\/a>\n\t\t\t<\/dt><\/dl>\n\t\t\t<br style='clear: both' \/>\n\t\t<\/div>\n\n","protected":false},"excerpt":{"rendered":"<p>En el marco de la II Jornada Mundial de los Pobres convocada por el papa Francisco, Itaka-Escolapios se ha hecho presente en los actos organizados por la Iglesia de Bizkaia [&hellip;]<\/p>\n","protected":false},"author":46,"featured_media":25625,"comment_status":"closed","ping_status":"closed","sticky":false,"template":"","format":"standard","meta":{"_et_pb_use_builder":"","_et_pb_old_content":"","_et_gb_content_width":"","footnotes":""},"categories":[9],"tags":[],"class_list":["post-25623","post","type-post","status-publish","format-standard","has-post-thumbnail","hentry","category-bilbao"],"yoast_head":"<!-- This site is optimized with the Yoast SEO plugin v27.4 - https:\/\/yoast.com\/product\/yoast-seo-wordpress\/ -->\n<title>Itaka-Escolapios participa en la Jornada Mundial de los Pobres<\/title>\n<meta name=\"description\" content=\"En el marco de la II Jornada Mundial de los Pobres convocada por el papa Francisco, Itaka-Escolapios se ha hecho presente en los actos organizados por la Iglesia de Bizkaia con el lema &quot;Grita por la Justicia&quot;. En ellos han estado presentes un grupo de j\u00f3venes de nuestro programa Aukera, junto con personas de la&hellip;\" \/>\n<meta name=\"robots\" content=\"index, follow, max-snippet:-1, max-image-preview:large, max-video-preview:-1\" \/>\n<link rel=\"canonical\" href=\"http:\/\/En%20el%20marco%20de%20la%20II%20Jornada%20Mundial%20de%20los%20Pobres%20convocada%20por%20el%20papa%20Francisco,%20Itaka-Escolapios%20se%20ha%20hecho%20presente%20en%20los%20actos%20organizados%20por%20la%20Iglesia%20de%20Bizkaia%20con%20el%20lema%20Grita%20por%20la%20Justicia.%20En%20ellos%20han%20estado%20presentes%20un%20grupo%20de%20j\u00f3venes%20de%20nuestro%20programa%20Aukera,%20junto%20con%20personas%20de%20la&hellip;\" \/>\n<meta property=\"og:locale\" content=\"ca_ES\" \/>\n<meta property=\"og:type\" content=\"article\" \/>\n<meta property=\"og:title\" content=\"Itaka-Escolapios participa en la Jornada Mundial de los Pobres\" \/>\n<meta property=\"og:description\" content=\"En el marco de la II Jornada Mundial de los Pobres convocada por el papa Francisco, Itaka-Escolapios se ha hecho presente en los actos organizados por la Iglesia de Bizkaia con el lema &quot;Grita por la Justicia&quot;. En ellos han estado presentes un grupo de j\u00f3venes de nuestro programa Aukera, junto con personas de la&hellip;\" \/>\n<meta property=\"og:url\" content=\"https:\/\/www.itakaescolapios.org\/ca\/2018\/11\/itaka-escolapios-con-la-jornada-mundial-de-los-pobres\/\" \/>\n<meta property=\"og:site_name\" content=\"Itaka-Escolapios\" \/>\n<meta property=\"article:published_time\" content=\"2018-11-18T08:50:14+00:00\" \/>\n<meta property=\"article:modified_time\" content=\"2023-11-28T11:37:08+00:00\" \/>\n<meta property=\"og:image\" content=\"https:\/\/www.itakaescolapios.org\/wp-content\/uploads\/2018\/11\/WhatsApp-Image-2018-11-17-at-15.26.54.jpeg\" \/>\n\t<meta property=\"og:image:width\" content=\"1600\" \/>\n\t<meta property=\"og:image:height\" content=\"1200\" \/>\n\t<meta property=\"og:image:type\" content=\"image\/jpeg\" \/>\n<meta name=\"author\" content=\"itakaescolapios\" \/>\n<meta name=\"twitter:card\" content=\"summary_large_image\" \/>\n<meta name=\"twitter:label1\" content=\"Escrit per\" \/>\n\t<meta name=\"twitter:data1\" content=\"itakaescolapios\" \/>\n\t<meta name=\"twitter:label2\" content=\"Temps estimat de lectura\" \/>\n\t<meta name=\"twitter:data2\" content=\"1 minut\" \/>\n<script type=\"application\/ld+json\" class=\"yoast-schema-graph\">{\"@context\":\"https:\\\/\\\/schema.org\",\"@graph\":[{\"@type\":\"Article\",\"@id\":\"https:\\\/\\\/www.itakaescolapios.org\\\/ca\\\/2018\\\/11\\\/itaka-escolapios-con-la-jornada-mundial-de-los-pobres\\\/#article\",\"isPartOf\":{\"@id\":\"https:\\\/\\\/www.itakaescolapios.org\\\/ca\\\/2018\\\/11\\\/itaka-escolapios-con-la-jornada-mundial-de-los-pobres\\\/\"},\"author\":{\"name\":\"itakaescolapios\",\"@id\":\"https:\\\/\\\/www.itakaescolapios.org\\\/es\\\/#\\\/schema\\\/person\\\/768ce0f19db5c2c2b6361e77e15db2db\"},\"headline\":\"Itaka-Escolapios participa en la Jornada Mundial de los Pobres\",\"datePublished\":\"2018-11-18T08:50:14+00:00\",\"dateModified\":\"2023-11-28T11:37:08+00:00\",\"mainEntityOfPage\":{\"@id\":\"https:\\\/\\\/www.itakaescolapios.org\\\/ca\\\/2018\\\/11\\\/itaka-escolapios-con-la-jornada-mundial-de-los-pobres\\\/\"},\"wordCount\":125,\"publisher\":{\"@id\":\"https:\\\/\\\/www.itakaescolapios.org\\\/es\\\/#organization\"},\"image\":{\"@id\":\"https:\\\/\\\/www.itakaescolapios.org\\\/ca\\\/2018\\\/11\\\/itaka-escolapios-con-la-jornada-mundial-de-los-pobres\\\/#primaryimage\"},\"thumbnailUrl\":\"https:\\\/\\\/www.itakaescolapios.org\\\/wp-content\\\/uploads\\\/2018\\\/11\\\/WhatsApp-Image-2018-11-17-at-15.26.54.jpeg\",\"articleSection\":[\"Bilbao\"],\"inLanguage\":\"ca\"},{\"@type\":\"WebPage\",\"@id\":\"https:\\\/\\\/www.itakaescolapios.org\\\/ca\\\/2018\\\/11\\\/itaka-escolapios-con-la-jornada-mundial-de-los-pobres\\\/\",\"url\":\"https:\\\/\\\/www.itakaescolapios.org\\\/ca\\\/2018\\\/11\\\/itaka-escolapios-con-la-jornada-mundial-de-los-pobres\\\/\",\"name\":\"Itaka-Escolapios participa en la Jornada Mundial de los Pobres - Itaka-Escolapios\",\"isPartOf\":{\"@id\":\"https:\\\/\\\/www.itakaescolapios.org\\\/es\\\/#website\"},\"primaryImageOfPage\":{\"@id\":\"https:\\\/\\\/www.itakaescolapios.org\\\/ca\\\/2018\\\/11\\\/itaka-escolapios-con-la-jornada-mundial-de-los-pobres\\\/#primaryimage\"},\"image\":{\"@id\":\"https:\\\/\\\/www.itakaescolapios.org\\\/ca\\\/2018\\\/11\\\/itaka-escolapios-con-la-jornada-mundial-de-los-pobres\\\/#primaryimage\"},\"thumbnailUrl\":\"https:\\\/\\\/www.itakaescolapios.org\\\/wp-content\\\/uploads\\\/2018\\\/11\\\/WhatsApp-Image-2018-11-17-at-15.26.54.jpeg\",\"datePublished\":\"2018-11-18T08:50:14+00:00\",\"dateModified\":\"2023-11-28T11:37:08+00:00\",\"breadcrumb\":{\"@id\":\"https:\\\/\\\/www.itakaescolapios.org\\\/ca\\\/2018\\\/11\\\/itaka-escolapios-con-la-jornada-mundial-de-los-pobres\\\/#breadcrumb\"},\"inLanguage\":\"ca\",\"potentialAction\":[{\"@type\":\"ReadAction\",\"target\":[\"https:\\\/\\\/www.itakaescolapios.org\\\/ca\\\/2018\\\/11\\\/itaka-escolapios-con-la-jornada-mundial-de-los-pobres\\\/\"]}]},{\"@type\":\"ImageObject\",\"inLanguage\":\"ca\",\"@id\":\"https:\\\/\\\/www.itakaescolapios.org\\\/ca\\\/2018\\\/11\\\/itaka-escolapios-con-la-jornada-mundial-de-los-pobres\\\/#primaryimage\",\"url\":\"https:\\\/\\\/www.itakaescolapios.org\\\/wp-content\\\/uploads\\\/2018\\\/11\\\/WhatsApp-Image-2018-11-17-at-15.26.54.jpeg\",\"contentUrl\":\"https:\\\/\\\/www.itakaescolapios.org\\\/wp-content\\\/uploads\\\/2018\\\/11\\\/WhatsApp-Image-2018-11-17-at-15.26.54.jpeg\",\"width\":1600,\"height\":1200},{\"@type\":\"BreadcrumbList\",\"@id\":\"https:\\\/\\\/www.itakaescolapios.org\\\/ca\\\/2018\\\/11\\\/itaka-escolapios-con-la-jornada-mundial-de-los-pobres\\\/#breadcrumb\",\"itemListElement\":[{\"@type\":\"ListItem\",\"position\":1,\"name\":\"Itaka-Escolapios\",\"item\":\"https:\\\/\\\/www.itakaescolapios.org\\\/es\\\/\"},{\"@type\":\"ListItem\",\"position\":2,\"name\":\"Itaka-Escolapios participa en la Jornada Mundial de los Pobres\"}]},{\"@type\":\"WebSite\",\"@id\":\"https:\\\/\\\/www.itakaescolapios.org\\\/ca\\\/es\\\/#website\",\"url\":\"https:\\\/\\\/www.itakaescolapios.org\\\/ca\\\/es\\\/\",\"name\":\"Itaka-Escolapios\",\"description\":\"Red de Itaka-Escolapios\",\"publisher\":{\"@id\":\"https:\\\/\\\/www.itakaescolapios.org\\\/ca\\\/es\\\/#organization\"},\"potentialAction\":[{\"@type\":\"SearchAction\",\"target\":{\"@type\":\"EntryPoint\",\"urlTemplate\":\"https:\\\/\\\/www.itakaescolapios.org\\\/ca\\\/es\\\/?s={search_term_string}\"},\"query-input\":{\"@type\":\"PropertyValueSpecification\",\"valueRequired\":true,\"valueName\":\"search_term_string\"}}],\"inLanguage\":\"ca\"},{\"@type\":\"Organization\",\"@id\":\"https:\\\/\\\/www.itakaescolapios.org\\\/ca\\\/es\\\/#organization\",\"name\":\"Fundaci\u00f3 Itaka-Escolapios\",\"url\":\"https:\\\/\\\/www.itakaescolapios.org\\\/ca\\\/es\\\/\",\"logo\":{\"@type\":\"ImageObject\",\"inLanguage\":\"ca\",\"@id\":\"https:\\\/\\\/www.itakaescolapios.org\\\/ca\\\/es\\\/#\\\/schema\\\/logo\\\/image\\\/\",\"url\":\"https:\\\/\\\/www.itakaescolapios.org\\\/wp-content\\\/uploads\\\/2024\\\/04\\\/Logo-itakaescolapios-peque.png\",\"contentUrl\":\"https:\\\/\\\/www.itakaescolapios.org\\\/wp-content\\\/uploads\\\/2024\\\/04\\\/Logo-itakaescolapios-peque.png\",\"width\":500,\"height\":199,\"caption\":\"Fundaci\u00f3 Itaka-Escolapios\"},\"image\":{\"@id\":\"https:\\\/\\\/www.itakaescolapios.org\\\/ca\\\/es\\\/#\\\/schema\\\/logo\\\/image\\\/\"}},{\"@type\":\"Person\",\"@id\":\"https:\\\/\\\/www.itakaescolapios.org\\\/es\\\/#\\\/schema\\\/person\\\/768ce0f19db5c2c2b6361e77e15db2db\",\"name\":\"itakaescolapios\",\"url\":\"https:\\\/\\\/www.itakaescolapios.org\\\/ca\\\/author\\\/itakaescolapios\\\/\"}]}<\/script>\n<!-- \/ Yoast SEO plugin. -->","yoast_head_json":{"title":"Itaka-Escolapios participa en la Jornada Mundial de los Pobres","description":"En el marco de la II Jornada Mundial de los Pobres convocada por el papa Francisco, Itaka-Escolapios se ha hecho presente en los actos organizados por la Iglesia de Bizkaia con el lema \"Grita por la Justicia\". En ellos han estado presentes un grupo de j\u00f3venes de nuestro programa Aukera, junto con personas de la&hellip;","robots":{"index":"index","follow":"follow","max-snippet":"max-snippet:-1","max-image-preview":"max-image-preview:large","max-video-preview":"max-video-preview:-1"},"canonical":"En el marco de la II Jornada Mundial de los Pobres convocada por el papa Francisco, Itaka-Escolapios se ha hecho presente en los actos organizados por la Iglesia de Bizkaia con el lema \"Grita por la Justicia\". En ellos han estado presentes un grupo de j\u00f3venes de nuestro programa Aukera, junto con personas de la&hellip;","og_locale":"ca_ES","og_type":"article","og_title":"Itaka-Escolapios participa en la Jornada Mundial de los Pobres","og_description":"En el marco de la II Jornada Mundial de los Pobres convocada por el papa Francisco, Itaka-Escolapios se ha hecho presente en los actos organizados por la Iglesia de Bizkaia con el lema \"Grita por la Justicia\". En ellos han estado presentes un grupo de j\u00f3venes de nuestro programa Aukera, junto con personas de la&hellip;","og_url":"https:\/\/www.itakaescolapios.org\/ca\/2018\/11\/itaka-escolapios-con-la-jornada-mundial-de-los-pobres\/","og_site_name":"Itaka-Escolapios","article_published_time":"2018-11-18T08:50:14+00:00","article_modified_time":"2023-11-28T11:37:08+00:00","og_image":[{"width":1600,"height":1200,"url":"https:\/\/www.itakaescolapios.org\/wp-content\/uploads\/2018\/11\/WhatsApp-Image-2018-11-17-at-15.26.54.jpeg","type":"image\/jpeg"}],"author":"itakaescolapios","twitter_card":"summary_large_image","twitter_misc":{"Escrit per":"itakaescolapios","Temps estimat de lectura":"1 minut"},"schema":{"@context":"https:\/\/schema.org","@graph":[{"@type":"Article","@id":"https:\/\/www.itakaescolapios.org\/ca\/2018\/11\/itaka-escolapios-con-la-jornada-mundial-de-los-pobres\/#article","isPartOf":{"@id":"https:\/\/www.itakaescolapios.org\/ca\/2018\/11\/itaka-escolapios-con-la-jornada-mundial-de-los-pobres\/"},"author":{"name":"itakaescolapios","@id":"https:\/\/www.itakaescolapios.org\/es\/#\/schema\/person\/768ce0f19db5c2c2b6361e77e15db2db"},"headline":"Itaka-Escolapios participa en la Jornada Mundial de los Pobres","datePublished":"2018-11-18T08:50:14+00:00","dateModified":"2023-11-28T11:37:08+00:00","mainEntityOfPage":{"@id":"https:\/\/www.itakaescolapios.org\/ca\/2018\/11\/itaka-escolapios-con-la-jornada-mundial-de-los-pobres\/"},"wordCount":125,"publisher":{"@id":"https:\/\/www.itakaescolapios.org\/es\/#organization"},"image":{"@id":"https:\/\/www.itakaescolapios.org\/ca\/2018\/11\/itaka-escolapios-con-la-jornada-mundial-de-los-pobres\/#primaryimage"},"thumbnailUrl":"https:\/\/www.itakaescolapios.org\/wp-content\/uploads\/2018\/11\/WhatsApp-Image-2018-11-17-at-15.26.54.jpeg","articleSection":["Bilbao"],"inLanguage":"ca"},{"@type":"WebPage","@id":"https:\/\/www.itakaescolapios.org\/ca\/2018\/11\/itaka-escolapios-con-la-jornada-mundial-de-los-pobres\/","url":"https:\/\/www.itakaescolapios.org\/ca\/2018\/11\/itaka-escolapios-con-la-jornada-mundial-de-los-pobres\/","name":"Itaka-Escolapios participa en la Jornada Mundial de los Pobres - Itaka-Escolapios","isPartOf":{"@id":"https:\/\/www.itakaescolapios.org\/es\/#website"},"primaryImageOfPage":{"@id":"https:\/\/www.itakaescolapios.org\/ca\/2018\/11\/itaka-escolapios-con-la-jornada-mundial-de-los-pobres\/#primaryimage"},"image":{"@id":"https:\/\/www.itakaescolapios.org\/ca\/2018\/11\/itaka-escolapios-con-la-jornada-mundial-de-los-pobres\/#primaryimage"},"thumbnailUrl":"https:\/\/www.itakaescolapios.org\/wp-content\/uploads\/2018\/11\/WhatsApp-Image-2018-11-17-at-15.26.54.jpeg","datePublished":"2018-11-18T08:50:14+00:00","dateModified":"2023-11-28T11:37:08+00:00","breadcrumb":{"@id":"https:\/\/www.itakaescolapios.org\/ca\/2018\/11\/itaka-escolapios-con-la-jornada-mundial-de-los-pobres\/#breadcrumb"},"inLanguage":"ca","potentialAction":[{"@type":"ReadAction","target":["https:\/\/www.itakaescolapios.org\/ca\/2018\/11\/itaka-escolapios-con-la-jornada-mundial-de-los-pobres\/"]}]},{"@type":"ImageObject","inLanguage":"ca","@id":"https:\/\/www.itakaescolapios.org\/ca\/2018\/11\/itaka-escolapios-con-la-jornada-mundial-de-los-pobres\/#primaryimage","url":"https:\/\/www.itakaescolapios.org\/wp-content\/uploads\/2018\/11\/WhatsApp-Image-2018-11-17-at-15.26.54.jpeg","contentUrl":"https:\/\/www.itakaescolapios.org\/wp-content\/uploads\/2018\/11\/WhatsApp-Image-2018-11-17-at-15.26.54.jpeg","width":1600,"height":1200},{"@type":"BreadcrumbList","@id":"https:\/\/www.itakaescolapios.org\/ca\/2018\/11\/itaka-escolapios-con-la-jornada-mundial-de-los-pobres\/#breadcrumb","itemListElement":[{"@type":"ListItem","position":1,"name":"Itaka-Escolapios","item":"https:\/\/www.itakaescolapios.org\/es\/"},{"@type":"ListItem","position":2,"name":"Itaka-Escolapios participa en la Jornada Mundial de los Pobres"}]},{"@type":"WebSite","@id":"https:\/\/www.itakaescolapios.org\/ca\/es\/#website","url":"https:\/\/www.itakaescolapios.org\/ca\/es\/","name":"Itaka-Escolapios","description":"Red de Itaka-Escolapios","publisher":{"@id":"https:\/\/www.itakaescolapios.org\/ca\/es\/#organization"},"potentialAction":[{"@type":"SearchAction","target":{"@type":"EntryPoint","urlTemplate":"https:\/\/www.itakaescolapios.org\/ca\/es\/?s={search_term_string}"},"query-input":{"@type":"PropertyValueSpecification","valueRequired":true,"valueName":"search_term_string"}}],"inLanguage":"ca"},{"@type":"Organization","@id":"https:\/\/www.itakaescolapios.org\/ca\/es\/#organization","name":"Fundaci\u00f3 Itaka-Escolapios","url":"https:\/\/www.itakaescolapios.org\/ca\/es\/","logo":{"@type":"ImageObject","inLanguage":"ca","@id":"https:\/\/www.itakaescolapios.org\/ca\/es\/#\/schema\/logo\/image\/","url":"https:\/\/www.itakaescolapios.org\/wp-content\/uploads\/2024\/04\/Logo-itakaescolapios-peque.png","contentUrl":"https:\/\/www.itakaescolapios.org\/wp-content\/uploads\/2024\/04\/Logo-itakaescolapios-peque.png","width":500,"height":199,"caption":"Fundaci\u00f3 Itaka-Escolapios"},"image":{"@id":"https:\/\/www.itakaescolapios.org\/ca\/es\/#\/schema\/logo\/image\/"}},{"@type":"Person","@id":"https:\/\/www.itakaescolapios.org\/es\/#\/schema\/person\/768ce0f19db5c2c2b6361e77e15db2db","name":"itakaescolapios","url":"https:\/\/www.itakaescolapios.org\/ca\/author\/itakaescolapios\/"}]}},"_links":{"self":[{"href":"https:\/\/www.itakaescolapios.org\/ca\/wp-json\/wp\/v2\/posts\/25623","targetHints":{"allow":["GET"]}}],"collection":[{"href":"https:\/\/www.itakaescolapios.org\/ca\/wp-json\/wp\/v2\/posts"}],"about":[{"href":"https:\/\/www.itakaescolapios.org\/ca\/wp-json\/wp\/v2\/types\/post"}],"author":[{"embeddable":true,"href":"https:\/\/www.itakaescolapios.org\/ca\/wp-json\/wp\/v2\/users\/46"}],"replies":[{"embeddable":true,"href":"https:\/\/www.itakaescolapios.org\/ca\/wp-json\/wp\/v2\/comments?post=25623"}],"version-history":[{"count":14,"href":"https:\/\/www.itakaescolapios.org\/ca\/wp-json\/wp\/v2\/posts\/25623\/revisions"}],"predecessor-version":[{"id":46136,"href":"https:\/\/www.itakaescolapios.org\/ca\/wp-json\/wp\/v2\/posts\/25623\/revisions\/46136"}],"wp:featuredmedia":[{"embeddable":true,"href":"https:\/\/www.itakaescolapios.org\/ca\/wp-json\/wp\/v2\/media\/25625"}],"wp:attachment":[{"href":"https:\/\/www.itakaescolapios.org\/ca\/wp-json\/wp\/v2\/media?parent=25623"}],"wp:term":[{"taxonomy":"category","embeddable":true,"href":"https:\/\/www.itakaescolapios.org\/ca\/wp-json\/wp\/v2\/categories?post=25623"},{"taxonomy":"post_tag","embeddable":true,"href":"https:\/\/www.itakaescolapios.org\/ca\/wp-json\/wp\/v2\/tags?post=25623"}],"curies":[{"name":"wp","href":"https:\/\/api.w.org\/{rel}","templated":true}]}}