{"id":26227,"date":"2018-12-29T11:44:53","date_gmt":"2018-12-29T10:44:53","guid":{"rendered":"https:\/\/www.itakaescolapios.org\/?p=26227"},"modified":"2023-11-28T12:37:03","modified_gmt":"2023-11-28T11:37:03","slug":"en-este-proximo-2019-continua-el-camino-a-itaka","status":"publish","type":"post","link":"https:\/\/www.itakaescolapios.org\/ca\/2018\/12\/en-este-proximo-2019-continua-el-camino-a-itaka\/","title":{"rendered":"EN ESTE PR\u00d3XIMO 2019... CONTIN\u00daA EL CAMINO A ITAKA"},"content":{"rendered":"<p>El poema de Cavafis con la canci\u00f3n de Lluis Llach sobre Itaka son una buena invitaci\u00f3n a continuar la traves\u00eda en este 2019 con renovada fuerza.<\/p>\n<p>La poes\u00eda, adaptada para la canci\u00f3n y en castellano:\u00a0Cuando emprendas tu viaje a Itaca pide que el camino sea largo, lleno de aventuras,lleno de experiencias&#8230; No temas a los lestrigones ni a los c\u00edclopes ni al col\u00e9rico Poseid\u00f3n.., seres tales jam\u00e1s hallar\u00e1s en tu camino, si tu pensar es elevado,si selecta es la emoci\u00f3n que toca tu esp\u00edritu y tu cuerpo&#8230; Ni a los lestrigones ni a los c\u00edclopes ni al salvaje Poseid\u00f3n encontrar\u00e1s, si no los llevas dentro de tu alma, si no los yergue tu alma ante ti&#8230; Pide que el camino sea largo&#8230; Que muchas sean las ma\u00f1anas de verano en que llegues -\u00a1con qu\u00e9 placer y alegr\u00eda!- a puertos nunca vistos antes&#8230; Detente en los emporios de Fenicia y hazte con hermosas mercanc\u00edas, n\u00e1car y coral,\u00e1mbar y \u00e9bano y toda suerte de perfumes sensuales, cuantos m\u00e1s abundantes perfumes sensuales puedas&#8230; Ve a muchas ciudades egipcias a aprender, a aprender de sus sabios&#8230; Ten siempre a Itaca en tu mente. Llegar all\u00ed es tu destino&#8230; Mas no apresures nunca el viaje&#8230; Mejor que dure muchos a\u00f1os y atracar, viejo ya, en la isla, enriquecido de cuanto ganaste en el camino sin aguantar a que Itaca te enriquezca&#8230; Itaca te brind\u00f3 tan hermoso viaje&#8230; Sin ella no habr\u00edas emprendido el camino&#8230; Pero no tiene ya nada que darte&#8230; Aunque la halles pobre,Itaca no te ha enga\u00f1ado&#8230; As\u00ed,sabio como te has vuelto,con tanta experiencia, entender\u00e1s ya qu\u00e9 significan las Itacas&#8230;<\/p>\n<p>Y la canci\u00f3n la tenemos en\u00a0<a href=\"https:\/\/www.youtube.com\/watch?v=8QV5uyiYK8Q\">https:\/\/www.youtube.com\/watch?v=8QV5uyiYK8Q<\/a><\/p>\n","protected":false},"excerpt":{"rendered":"<p>El poema de Cavafis con la canci\u00f3n de Lluis Llach sobre Itaka son una buena invitaci\u00f3n a continuar la traves\u00eda en este 2019 con renovada fuerza. La poes\u00eda, adaptada para [&hellip;]<\/p>\n","protected":false},"author":4,"featured_media":26228,"comment_status":"closed","ping_status":"closed","sticky":false,"template":"","format":"standard","meta":{"_et_pb_use_builder":"","_et_pb_old_content":"","_et_gb_content_width":"","footnotes":""},"categories":[30],"tags":[],"class_list":["post-26227","post","type-post","status-publish","format-standard","has-post-thumbnail","hentry","category-itaka-escolapios"],"yoast_head":"<!-- This site is optimized with the Yoast SEO plugin v27.4 - https:\/\/yoast.com\/product\/yoast-seo-wordpress\/ -->\n<title>EN ESTE PR\u00d3XIMO 2019... CONTIN\u00daA EL CAMINO A ITAKA<\/title>\n<meta name=\"description\" content=\"El poema de Cavafis con la canci\u00f3n de Lluis Llach sobre Itaka son una buena invitaci\u00f3n a continuar la traves\u00eda en este 2019 con renovada fuerza. La poes\u00eda, adaptada para la canci\u00f3n y en castellano:\u00a0Cuando emprendas tu viaje a Itaca pide que el camino sea largo, lleno de aventuras,lleno de experiencias... No temas a los&hellip;\" \/>\n<meta name=\"robots\" content=\"index, follow, max-snippet:-1, max-image-preview:large, max-video-preview:-1\" \/>\n<link rel=\"canonical\" href=\"\" \/>\n<meta property=\"og:locale\" content=\"ca_ES\" \/>\n<meta property=\"og:type\" content=\"article\" \/>\n<meta property=\"og:title\" content=\"EN ESTE PR\u00d3XIMO 2019... CONTIN\u00daA EL CAMINO A ITAKA\" \/>\n<meta property=\"og:description\" content=\"El poema de Cavafis con la canci\u00f3n de Lluis Llach sobre Itaka son una buena invitaci\u00f3n a continuar la traves\u00eda en este 2019 con renovada fuerza. La poes\u00eda, adaptada para la canci\u00f3n y en castellano:\u00a0Cuando emprendas tu viaje a Itaca pide que el camino sea largo, lleno de aventuras,lleno de experiencias... No temas a los&hellip;\" \/>\n<meta property=\"og:url\" content=\"https:\/\/www.itakaescolapios.org\/ca\/2018\/12\/en-este-proximo-2019-continua-el-camino-a-itaka\/\" \/>\n<meta property=\"og:site_name\" content=\"Itaka-Escolapios\" \/>\n<meta property=\"article:published_time\" content=\"2018-12-29T10:44:53+00:00\" \/>\n<meta property=\"article:modified_time\" content=\"2023-11-28T11:37:03+00:00\" \/>\n<meta property=\"og:image\" content=\"https:\/\/www.itakaescolapios.org\/wp-content\/uploads\/2018\/12\/363.jpg\" \/>\n\t<meta property=\"og:image:width\" content=\"486\" \/>\n\t<meta property=\"og:image:height\" content=\"469\" \/>\n\t<meta property=\"og:image:type\" content=\"image\/jpeg\" \/>\n<meta name=\"author\" content=\"itaka\" \/>\n<meta name=\"twitter:card\" content=\"summary_large_image\" \/>\n<meta name=\"twitter:label1\" content=\"Escrit per\" \/>\n\t<meta name=\"twitter:data1\" content=\"itaka\" \/>\n\t<meta name=\"twitter:label2\" content=\"Temps estimat de lectura\" \/>\n\t<meta name=\"twitter:data2\" content=\"2 minuts\" \/>\n<script type=\"application\/ld+json\" class=\"yoast-schema-graph\">{\"@context\":\"https:\\\/\\\/schema.org\",\"@graph\":[{\"@type\":\"Article\",\"@id\":\"https:\\\/\\\/www.itakaescolapios.org\\\/ca\\\/2018\\\/12\\\/en-este-proximo-2019-continua-el-camino-a-itaka\\\/#article\",\"isPartOf\":{\"@id\":\"https:\\\/\\\/www.itakaescolapios.org\\\/ca\\\/2018\\\/12\\\/en-este-proximo-2019-continua-el-camino-a-itaka\\\/\"},\"author\":{\"name\":\"itaka\",\"@id\":\"https:\\\/\\\/www.itakaescolapios.org\\\/es\\\/#\\\/schema\\\/person\\\/670123daeb1cc31cae1b106740036ccb\"},\"headline\":\"EN ESTE PR\u00d3XIMO 2019... CONTIN\u00daA EL CAMINO A ITAKA\",\"datePublished\":\"2018-12-29T10:44:53+00:00\",\"dateModified\":\"2023-11-28T11:37:03+00:00\",\"mainEntityOfPage\":{\"@id\":\"https:\\\/\\\/www.itakaescolapios.org\\\/ca\\\/2018\\\/12\\\/en-este-proximo-2019-continua-el-camino-a-itaka\\\/\"},\"wordCount\":325,\"publisher\":{\"@id\":\"https:\\\/\\\/www.itakaescolapios.org\\\/es\\\/#organization\"},\"image\":{\"@id\":\"https:\\\/\\\/www.itakaescolapios.org\\\/ca\\\/2018\\\/12\\\/en-este-proximo-2019-continua-el-camino-a-itaka\\\/#primaryimage\"},\"thumbnailUrl\":\"https:\\\/\\\/www.itakaescolapios.org\\\/wp-content\\\/uploads\\\/2018\\\/12\\\/363.jpg\",\"articleSection\":[\"Itaka Escolapios\"],\"inLanguage\":\"ca\"},{\"@type\":\"WebPage\",\"@id\":\"https:\\\/\\\/www.itakaescolapios.org\\\/ca\\\/2018\\\/12\\\/en-este-proximo-2019-continua-el-camino-a-itaka\\\/\",\"url\":\"https:\\\/\\\/www.itakaescolapios.org\\\/ca\\\/2018\\\/12\\\/en-este-proximo-2019-continua-el-camino-a-itaka\\\/\",\"name\":\"EN ESTE PR\u00d3XIMO 2019... CONTIN\u00daA EL CAMINO A ITAKA - Itaka-Escolapios\",\"isPartOf\":{\"@id\":\"https:\\\/\\\/www.itakaescolapios.org\\\/es\\\/#website\"},\"primaryImageOfPage\":{\"@id\":\"https:\\\/\\\/www.itakaescolapios.org\\\/ca\\\/2018\\\/12\\\/en-este-proximo-2019-continua-el-camino-a-itaka\\\/#primaryimage\"},\"image\":{\"@id\":\"https:\\\/\\\/www.itakaescolapios.org\\\/ca\\\/2018\\\/12\\\/en-este-proximo-2019-continua-el-camino-a-itaka\\\/#primaryimage\"},\"thumbnailUrl\":\"https:\\\/\\\/www.itakaescolapios.org\\\/wp-content\\\/uploads\\\/2018\\\/12\\\/363.jpg\",\"datePublished\":\"2018-12-29T10:44:53+00:00\",\"dateModified\":\"2023-11-28T11:37:03+00:00\",\"breadcrumb\":{\"@id\":\"https:\\\/\\\/www.itakaescolapios.org\\\/ca\\\/2018\\\/12\\\/en-este-proximo-2019-continua-el-camino-a-itaka\\\/#breadcrumb\"},\"inLanguage\":\"ca\",\"potentialAction\":[{\"@type\":\"ReadAction\",\"target\":[\"https:\\\/\\\/www.itakaescolapios.org\\\/ca\\\/2018\\\/12\\\/en-este-proximo-2019-continua-el-camino-a-itaka\\\/\"]}]},{\"@type\":\"ImageObject\",\"inLanguage\":\"ca\",\"@id\":\"https:\\\/\\\/www.itakaescolapios.org\\\/ca\\\/2018\\\/12\\\/en-este-proximo-2019-continua-el-camino-a-itaka\\\/#primaryimage\",\"url\":\"https:\\\/\\\/www.itakaescolapios.org\\\/wp-content\\\/uploads\\\/2018\\\/12\\\/363.jpg\",\"contentUrl\":\"https:\\\/\\\/www.itakaescolapios.org\\\/wp-content\\\/uploads\\\/2018\\\/12\\\/363.jpg\",\"width\":486,\"height\":469},{\"@type\":\"BreadcrumbList\",\"@id\":\"https:\\\/\\\/www.itakaescolapios.org\\\/ca\\\/2018\\\/12\\\/en-este-proximo-2019-continua-el-camino-a-itaka\\\/#breadcrumb\",\"itemListElement\":[{\"@type\":\"ListItem\",\"position\":1,\"name\":\"Itaka-Escolapios\",\"item\":\"https:\\\/\\\/www.itakaescolapios.org\\\/es\\\/\"},{\"@type\":\"ListItem\",\"position\":2,\"name\":\"EN ESTE PR\u00d3XIMO 2019... CONTIN\u00daA EL CAMINO A ITAKA\"}]},{\"@type\":\"WebSite\",\"@id\":\"https:\\\/\\\/www.itakaescolapios.org\\\/ca\\\/es\\\/#website\",\"url\":\"https:\\\/\\\/www.itakaescolapios.org\\\/ca\\\/es\\\/\",\"name\":\"Itaka-Escolapios\",\"description\":\"Red de Itaka-Escolapios\",\"publisher\":{\"@id\":\"https:\\\/\\\/www.itakaescolapios.org\\\/ca\\\/es\\\/#organization\"},\"potentialAction\":[{\"@type\":\"SearchAction\",\"target\":{\"@type\":\"EntryPoint\",\"urlTemplate\":\"https:\\\/\\\/www.itakaescolapios.org\\\/ca\\\/es\\\/?s={search_term_string}\"},\"query-input\":{\"@type\":\"PropertyValueSpecification\",\"valueRequired\":true,\"valueName\":\"search_term_string\"}}],\"inLanguage\":\"ca\"},{\"@type\":\"Organization\",\"@id\":\"https:\\\/\\\/www.itakaescolapios.org\\\/ca\\\/es\\\/#organization\",\"name\":\"Fundaci\u00f3 Itaka-Escolapios\",\"url\":\"https:\\\/\\\/www.itakaescolapios.org\\\/ca\\\/es\\\/\",\"logo\":{\"@type\":\"ImageObject\",\"inLanguage\":\"ca\",\"@id\":\"https:\\\/\\\/www.itakaescolapios.org\\\/ca\\\/es\\\/#\\\/schema\\\/logo\\\/image\\\/\",\"url\":\"https:\\\/\\\/www.itakaescolapios.org\\\/wp-content\\\/uploads\\\/2024\\\/04\\\/Logo-itakaescolapios-peque.png\",\"contentUrl\":\"https:\\\/\\\/www.itakaescolapios.org\\\/wp-content\\\/uploads\\\/2024\\\/04\\\/Logo-itakaescolapios-peque.png\",\"width\":500,\"height\":199,\"caption\":\"Fundaci\u00f3 Itaka-Escolapios\"},\"image\":{\"@id\":\"https:\\\/\\\/www.itakaescolapios.org\\\/ca\\\/es\\\/#\\\/schema\\\/logo\\\/image\\\/\"}},{\"@type\":\"Person\",\"@id\":\"https:\\\/\\\/www.itakaescolapios.org\\\/es\\\/#\\\/schema\\\/person\\\/670123daeb1cc31cae1b106740036ccb\",\"name\":\"itaka\",\"url\":\"https:\\\/\\\/www.itakaescolapios.org\\\/ca\\\/author\\\/itaka\\\/\"}]}<\/script>\n<!-- \/ Yoast SEO plugin. -->","yoast_head_json":{"title":"EN ESTE PR\u00d3XIMO 2019... CONTIN\u00daA EL CAMINO A ITAKA","description":"El poema de Cavafis con la canci\u00f3n de Lluis Llach sobre Itaka son una buena invitaci\u00f3n a continuar la traves\u00eda en este 2019 con renovada fuerza. La poes\u00eda, adaptada para la canci\u00f3n y en castellano:\u00a0Cuando emprendas tu viaje a Itaca pide que el camino sea largo, lleno de aventuras,lleno de experiencias... No temas a los&hellip;","robots":{"index":"index","follow":"follow","max-snippet":"max-snippet:-1","max-image-preview":"max-image-preview:large","max-video-preview":"max-video-preview:-1"},"canonical":"El poema de Cavafis con la canci\u00f3n de Lluis Llach sobre Itaka son una buena invitaci\u00f3n a continuar la traves\u00eda en este 2019 con renovada fuerza. La poes\u00eda, adaptada para la canci\u00f3n y en castellano:\u00a0Cuando emprendas tu viaje a Itaca pide que el camino sea largo, lleno de aventuras,lleno de experiencias... No temas a los&hellip;","og_locale":"ca_ES","og_type":"article","og_title":"EN ESTE PR\u00d3XIMO 2019... CONTIN\u00daA EL CAMINO A ITAKA","og_description":"El poema de Cavafis con la canci\u00f3n de Lluis Llach sobre Itaka son una buena invitaci\u00f3n a continuar la traves\u00eda en este 2019 con renovada fuerza. La poes\u00eda, adaptada para la canci\u00f3n y en castellano:\u00a0Cuando emprendas tu viaje a Itaca pide que el camino sea largo, lleno de aventuras,lleno de experiencias... No temas a los&hellip;","og_url":"https:\/\/www.itakaescolapios.org\/ca\/2018\/12\/en-este-proximo-2019-continua-el-camino-a-itaka\/","og_site_name":"Itaka-Escolapios","article_published_time":"2018-12-29T10:44:53+00:00","article_modified_time":"2023-11-28T11:37:03+00:00","og_image":[{"width":486,"height":469,"url":"https:\/\/www.itakaescolapios.org\/wp-content\/uploads\/2018\/12\/363.jpg","type":"image\/jpeg"}],"author":"itaka","twitter_card":"summary_large_image","twitter_misc":{"Escrit per":"itaka","Temps estimat de lectura":"2 minuts"},"schema":{"@context":"https:\/\/schema.org","@graph":[{"@type":"Article","@id":"https:\/\/www.itakaescolapios.org\/ca\/2018\/12\/en-este-proximo-2019-continua-el-camino-a-itaka\/#article","isPartOf":{"@id":"https:\/\/www.itakaescolapios.org\/ca\/2018\/12\/en-este-proximo-2019-continua-el-camino-a-itaka\/"},"author":{"name":"itaka","@id":"https:\/\/www.itakaescolapios.org\/es\/#\/schema\/person\/670123daeb1cc31cae1b106740036ccb"},"headline":"EN ESTE PR\u00d3XIMO 2019... CONTIN\u00daA EL CAMINO A ITAKA","datePublished":"2018-12-29T10:44:53+00:00","dateModified":"2023-11-28T11:37:03+00:00","mainEntityOfPage":{"@id":"https:\/\/www.itakaescolapios.org\/ca\/2018\/12\/en-este-proximo-2019-continua-el-camino-a-itaka\/"},"wordCount":325,"publisher":{"@id":"https:\/\/www.itakaescolapios.org\/es\/#organization"},"image":{"@id":"https:\/\/www.itakaescolapios.org\/ca\/2018\/12\/en-este-proximo-2019-continua-el-camino-a-itaka\/#primaryimage"},"thumbnailUrl":"https:\/\/www.itakaescolapios.org\/wp-content\/uploads\/2018\/12\/363.jpg","articleSection":["Itaka Escolapios"],"inLanguage":"ca"},{"@type":"WebPage","@id":"https:\/\/www.itakaescolapios.org\/ca\/2018\/12\/en-este-proximo-2019-continua-el-camino-a-itaka\/","url":"https:\/\/www.itakaescolapios.org\/ca\/2018\/12\/en-este-proximo-2019-continua-el-camino-a-itaka\/","name":"EN ESTE PR\u00d3XIMO 2019... CONTIN\u00daA EL CAMINO A ITAKA - Itaka-Escolapios","isPartOf":{"@id":"https:\/\/www.itakaescolapios.org\/es\/#website"},"primaryImageOfPage":{"@id":"https:\/\/www.itakaescolapios.org\/ca\/2018\/12\/en-este-proximo-2019-continua-el-camino-a-itaka\/#primaryimage"},"image":{"@id":"https:\/\/www.itakaescolapios.org\/ca\/2018\/12\/en-este-proximo-2019-continua-el-camino-a-itaka\/#primaryimage"},"thumbnailUrl":"https:\/\/www.itakaescolapios.org\/wp-content\/uploads\/2018\/12\/363.jpg","datePublished":"2018-12-29T10:44:53+00:00","dateModified":"2023-11-28T11:37:03+00:00","breadcrumb":{"@id":"https:\/\/www.itakaescolapios.org\/ca\/2018\/12\/en-este-proximo-2019-continua-el-camino-a-itaka\/#breadcrumb"},"inLanguage":"ca","potentialAction":[{"@type":"ReadAction","target":["https:\/\/www.itakaescolapios.org\/ca\/2018\/12\/en-este-proximo-2019-continua-el-camino-a-itaka\/"]}]},{"@type":"ImageObject","inLanguage":"ca","@id":"https:\/\/www.itakaescolapios.org\/ca\/2018\/12\/en-este-proximo-2019-continua-el-camino-a-itaka\/#primaryimage","url":"https:\/\/www.itakaescolapios.org\/wp-content\/uploads\/2018\/12\/363.jpg","contentUrl":"https:\/\/www.itakaescolapios.org\/wp-content\/uploads\/2018\/12\/363.jpg","width":486,"height":469},{"@type":"BreadcrumbList","@id":"https:\/\/www.itakaescolapios.org\/ca\/2018\/12\/en-este-proximo-2019-continua-el-camino-a-itaka\/#breadcrumb","itemListElement":[{"@type":"ListItem","position":1,"name":"Itaka-Escolapios","item":"https:\/\/www.itakaescolapios.org\/es\/"},{"@type":"ListItem","position":2,"name":"EN ESTE PR\u00d3XIMO 2019... CONTIN\u00daA EL CAMINO A ITAKA"}]},{"@type":"WebSite","@id":"https:\/\/www.itakaescolapios.org\/ca\/es\/#website","url":"https:\/\/www.itakaescolapios.org\/ca\/es\/","name":"Itaka-Escolapios","description":"Red de Itaka-Escolapios","publisher":{"@id":"https:\/\/www.itakaescolapios.org\/ca\/es\/#organization"},"potentialAction":[{"@type":"SearchAction","target":{"@type":"EntryPoint","urlTemplate":"https:\/\/www.itakaescolapios.org\/ca\/es\/?s={search_term_string}"},"query-input":{"@type":"PropertyValueSpecification","valueRequired":true,"valueName":"search_term_string"}}],"inLanguage":"ca"},{"@type":"Organization","@id":"https:\/\/www.itakaescolapios.org\/ca\/es\/#organization","name":"Fundaci\u00f3 Itaka-Escolapios","url":"https:\/\/www.itakaescolapios.org\/ca\/es\/","logo":{"@type":"ImageObject","inLanguage":"ca","@id":"https:\/\/www.itakaescolapios.org\/ca\/es\/#\/schema\/logo\/image\/","url":"https:\/\/www.itakaescolapios.org\/wp-content\/uploads\/2024\/04\/Logo-itakaescolapios-peque.png","contentUrl":"https:\/\/www.itakaescolapios.org\/wp-content\/uploads\/2024\/04\/Logo-itakaescolapios-peque.png","width":500,"height":199,"caption":"Fundaci\u00f3 Itaka-Escolapios"},"image":{"@id":"https:\/\/www.itakaescolapios.org\/ca\/es\/#\/schema\/logo\/image\/"}},{"@type":"Person","@id":"https:\/\/www.itakaescolapios.org\/es\/#\/schema\/person\/670123daeb1cc31cae1b106740036ccb","name":"itaka","url":"https:\/\/www.itakaescolapios.org\/ca\/author\/itaka\/"}]}},"_links":{"self":[{"href":"https:\/\/www.itakaescolapios.org\/ca\/wp-json\/wp\/v2\/posts\/26227","targetHints":{"allow":["GET"]}}],"collection":[{"href":"https:\/\/www.itakaescolapios.org\/ca\/wp-json\/wp\/v2\/posts"}],"about":[{"href":"https:\/\/www.itakaescolapios.org\/ca\/wp-json\/wp\/v2\/types\/post"}],"author":[{"embeddable":true,"href":"https:\/\/www.itakaescolapios.org\/ca\/wp-json\/wp\/v2\/users\/4"}],"replies":[{"embeddable":true,"href":"https:\/\/www.itakaescolapios.org\/ca\/wp-json\/wp\/v2\/comments?post=26227"}],"version-history":[{"count":3,"href":"https:\/\/www.itakaescolapios.org\/ca\/wp-json\/wp\/v2\/posts\/26227\/revisions"}],"predecessor-version":[{"id":46016,"href":"https:\/\/www.itakaescolapios.org\/ca\/wp-json\/wp\/v2\/posts\/26227\/revisions\/46016"}],"wp:featuredmedia":[{"embeddable":true,"href":"https:\/\/www.itakaescolapios.org\/ca\/wp-json\/wp\/v2\/media\/26228"}],"wp:attachment":[{"href":"https:\/\/www.itakaescolapios.org\/ca\/wp-json\/wp\/v2\/media?parent=26227"}],"wp:term":[{"taxonomy":"category","embeddable":true,"href":"https:\/\/www.itakaescolapios.org\/ca\/wp-json\/wp\/v2\/categories?post=26227"},{"taxonomy":"post_tag","embeddable":true,"href":"https:\/\/www.itakaescolapios.org\/ca\/wp-json\/wp\/v2\/tags?post=26227"}],"curies":[{"name":"wp","href":"https:\/\/api.w.org\/{rel}","templated":true}]}}