{"id":26372,"date":"2019-01-15T10:28:00","date_gmt":"2019-01-15T09:28:00","guid":{"rendered":"https:\/\/www.itakaescolapios.org\/?p=26372"},"modified":"2023-11-28T12:37:02","modified_gmt":"2023-11-28T11:37:02","slug":"balance-de-la-campana-solidaria-en-bilbao","status":"publish","type":"post","link":"https:\/\/www.itakaescolapios.org\/ca\/2019\/01\/balance-de-la-campana-solidaria-en-bilbao\/","title":{"rendered":"BALANCE DE LA CAMPA\u00d1A SOLIDARIA EN BILBAO"},"content":{"rendered":"<p><b>Gracias a todos y todas por vuestra participaci\u00f3n en la Campa\u00f1a de Navidad de este<\/b> <strong>curso\u00a0<\/strong>en colaboraci\u00f3n del Colegio e Itaka &#8211; Escolapios de Bilbao. \u00a0Os adjuntamos el mensaje que vamos a enviar a las familias, y os agradecemos a todos y todas vuestra implicaci\u00f3n:<\/p>\n<ul>\n<li>Hemos conseguido recoger <b>14.944,95 euros <\/b>destinados a rehabilitar una escuela primaria, crear dos pozos de agua potable y empoderar a un grupo de 60 mujeres.<\/li>\n<li>Hemos llevado <b>dos furgonetas con comida <\/b>al comedor de los Franciscanos en Irala&#8230;.<\/li>\n<li>y adem\u00e1s todo <b>lo trabajado y reflexionado<\/b> en cada una de las clases y grupos del colegio.<\/li>\n<\/ul>\n<p>En nombre de los Escolapios del Congo, y en nombre de los responsables del comedor de Irala, os damos las gracias a todos\/as los que hab\u00e9is hecho realidad este signo de solidaridad. <b>\u00a1MUCHAS GRACIAS!<\/b><\/p>\n","protected":false},"excerpt":{"rendered":"<p>Gracias a todos y todas por vuestra participaci\u00f3n en la Campa\u00f1a de Navidad de este curso\u00a0en colaboraci\u00f3n del Colegio e Itaka &#8211; Escolapios de Bilbao. \u00a0Os adjuntamos el mensaje que [&hellip;]<\/p>\n","protected":false},"author":4,"featured_media":26376,"comment_status":"closed","ping_status":"closed","sticky":false,"template":"","format":"standard","meta":{"_et_pb_use_builder":"","_et_pb_old_content":"","_et_gb_content_width":"","footnotes":""},"categories":[9,30,337],"tags":[],"class_list":["post-26372","post","type-post","status-publish","format-standard","has-post-thumbnail","hentry","category-bilbao","category-itaka-escolapios","category-r-d-congo"],"yoast_head":"<!-- This site is optimized with the Yoast SEO plugin v27.4 - https:\/\/yoast.com\/product\/yoast-seo-wordpress\/ -->\n<title>BALANCE DE LA CAMPA\u00d1A SOLIDARIA EN BILBAO<\/title>\n<meta name=\"description\" content=\"Gracias a todos y todas por vuestra participaci\u00f3n en la Campa\u00f1a de Navidad de este curso\u00a0en colaboraci\u00f3n del Colegio e Itaka - Escolapios de Bilbao. \u00a0Os adjuntamos el mensaje que vamos a enviar a las familias, y os agradecemos a todos y todas vuestra implicaci\u00f3n: Hemos conseguido recoger 14.944,95 euros destinados a rehabilitar una escuela&hellip;\" \/>\n<meta name=\"robots\" content=\"index, follow, max-snippet:-1, max-image-preview:large, max-video-preview:-1\" \/>\n<link rel=\"canonical\" href=\"\" \/>\n<meta property=\"og:locale\" content=\"ca_ES\" \/>\n<meta property=\"og:type\" content=\"article\" \/>\n<meta property=\"og:title\" content=\"BALANCE DE LA CAMPA\u00d1A SOLIDARIA EN BILBAO\" \/>\n<meta property=\"og:description\" content=\"Gracias a todos y todas por vuestra participaci\u00f3n en la Campa\u00f1a de Navidad de este curso\u00a0en colaboraci\u00f3n del Colegio e Itaka - Escolapios de Bilbao. \u00a0Os adjuntamos el mensaje que vamos a enviar a las familias, y os agradecemos a todos y todas vuestra implicaci\u00f3n: Hemos conseguido recoger 14.944,95 euros destinados a rehabilitar una escuela&hellip;\" \/>\n<meta property=\"og:url\" content=\"https:\/\/www.itakaescolapios.org\/ca\/2019\/01\/balance-de-la-campana-solidaria-en-bilbao\/\" \/>\n<meta property=\"og:site_name\" content=\"Itaka-Escolapios\" \/>\n<meta property=\"article:published_time\" content=\"2019-01-15T09:28:00+00:00\" \/>\n<meta property=\"article:modified_time\" content=\"2023-11-28T11:37:02+00:00\" \/>\n<meta property=\"og:image\" content=\"https:\/\/www.itakaescolapios.org\/wp-content\/uploads\/2019\/01\/Cartel-balance-final-2018-2019.jpg\" \/>\n\t<meta property=\"og:image:width\" content=\"2000\" \/>\n\t<meta property=\"og:image:height\" content=\"1414\" \/>\n\t<meta property=\"og:image:type\" content=\"image\/jpeg\" \/>\n<meta name=\"author\" content=\"itaka\" \/>\n<meta name=\"twitter:card\" content=\"summary_large_image\" \/>\n<meta name=\"twitter:label1\" content=\"Escrit per\" \/>\n\t<meta name=\"twitter:data1\" content=\"itaka\" \/>\n\t<meta name=\"twitter:label2\" content=\"Temps estimat de lectura\" \/>\n\t<meta name=\"twitter:data2\" content=\"1 minut\" \/>\n<script type=\"application\/ld+json\" class=\"yoast-schema-graph\">{\"@context\":\"https:\\\/\\\/schema.org\",\"@graph\":[{\"@type\":\"Article\",\"@id\":\"https:\\\/\\\/www.itakaescolapios.org\\\/ca\\\/2019\\\/01\\\/balance-de-la-campana-solidaria-en-bilbao\\\/#article\",\"isPartOf\":{\"@id\":\"https:\\\/\\\/www.itakaescolapios.org\\\/ca\\\/2019\\\/01\\\/balance-de-la-campana-solidaria-en-bilbao\\\/\"},\"author\":{\"name\":\"itaka\",\"@id\":\"https:\\\/\\\/www.itakaescolapios.org\\\/es\\\/#\\\/schema\\\/person\\\/670123daeb1cc31cae1b106740036ccb\"},\"headline\":\"BALANCE DE LA CAMPA\u00d1A SOLIDARIA EN BILBAO\",\"datePublished\":\"2019-01-15T09:28:00+00:00\",\"dateModified\":\"2023-11-28T11:37:02+00:00\",\"mainEntityOfPage\":{\"@id\":\"https:\\\/\\\/www.itakaescolapios.org\\\/ca\\\/2019\\\/01\\\/balance-de-la-campana-solidaria-en-bilbao\\\/\"},\"wordCount\":148,\"publisher\":{\"@id\":\"https:\\\/\\\/www.itakaescolapios.org\\\/es\\\/#organization\"},\"image\":{\"@id\":\"https:\\\/\\\/www.itakaescolapios.org\\\/ca\\\/2019\\\/01\\\/balance-de-la-campana-solidaria-en-bilbao\\\/#primaryimage\"},\"thumbnailUrl\":\"https:\\\/\\\/www.itakaescolapios.org\\\/wp-content\\\/uploads\\\/2019\\\/01\\\/Cartel-balance-final-2018-2019.jpg\",\"articleSection\":[\"Bilbao\",\"Itaka Escolapios\",\"R.D. Congo\"],\"inLanguage\":\"ca\"},{\"@type\":\"WebPage\",\"@id\":\"https:\\\/\\\/www.itakaescolapios.org\\\/ca\\\/2019\\\/01\\\/balance-de-la-campana-solidaria-en-bilbao\\\/\",\"url\":\"https:\\\/\\\/www.itakaescolapios.org\\\/ca\\\/2019\\\/01\\\/balance-de-la-campana-solidaria-en-bilbao\\\/\",\"name\":\"BALANCE DE LA CAMPA\u00d1A SOLIDARIA EN BILBAO - Itaka-Escolapios\",\"isPartOf\":{\"@id\":\"https:\\\/\\\/www.itakaescolapios.org\\\/es\\\/#website\"},\"primaryImageOfPage\":{\"@id\":\"https:\\\/\\\/www.itakaescolapios.org\\\/ca\\\/2019\\\/01\\\/balance-de-la-campana-solidaria-en-bilbao\\\/#primaryimage\"},\"image\":{\"@id\":\"https:\\\/\\\/www.itakaescolapios.org\\\/ca\\\/2019\\\/01\\\/balance-de-la-campana-solidaria-en-bilbao\\\/#primaryimage\"},\"thumbnailUrl\":\"https:\\\/\\\/www.itakaescolapios.org\\\/wp-content\\\/uploads\\\/2019\\\/01\\\/Cartel-balance-final-2018-2019.jpg\",\"datePublished\":\"2019-01-15T09:28:00+00:00\",\"dateModified\":\"2023-11-28T11:37:02+00:00\",\"breadcrumb\":{\"@id\":\"https:\\\/\\\/www.itakaescolapios.org\\\/ca\\\/2019\\\/01\\\/balance-de-la-campana-solidaria-en-bilbao\\\/#breadcrumb\"},\"inLanguage\":\"ca\",\"potentialAction\":[{\"@type\":\"ReadAction\",\"target\":[\"https:\\\/\\\/www.itakaescolapios.org\\\/ca\\\/2019\\\/01\\\/balance-de-la-campana-solidaria-en-bilbao\\\/\"]}]},{\"@type\":\"ImageObject\",\"inLanguage\":\"ca\",\"@id\":\"https:\\\/\\\/www.itakaescolapios.org\\\/ca\\\/2019\\\/01\\\/balance-de-la-campana-solidaria-en-bilbao\\\/#primaryimage\",\"url\":\"https:\\\/\\\/www.itakaescolapios.org\\\/wp-content\\\/uploads\\\/2019\\\/01\\\/Cartel-balance-final-2018-2019.jpg\",\"contentUrl\":\"https:\\\/\\\/www.itakaescolapios.org\\\/wp-content\\\/uploads\\\/2019\\\/01\\\/Cartel-balance-final-2018-2019.jpg\",\"width\":2000,\"height\":1414},{\"@type\":\"BreadcrumbList\",\"@id\":\"https:\\\/\\\/www.itakaescolapios.org\\\/ca\\\/2019\\\/01\\\/balance-de-la-campana-solidaria-en-bilbao\\\/#breadcrumb\",\"itemListElement\":[{\"@type\":\"ListItem\",\"position\":1,\"name\":\"Itaka-Escolapios\",\"item\":\"https:\\\/\\\/www.itakaescolapios.org\\\/es\\\/\"},{\"@type\":\"ListItem\",\"position\":2,\"name\":\"BALANCE DE LA CAMPA\u00d1A SOLIDARIA EN BILBAO\"}]},{\"@type\":\"WebSite\",\"@id\":\"https:\\\/\\\/www.itakaescolapios.org\\\/ca\\\/es\\\/#website\",\"url\":\"https:\\\/\\\/www.itakaescolapios.org\\\/ca\\\/es\\\/\",\"name\":\"Itaka-Escolapios\",\"description\":\"Red de Itaka-Escolapios\",\"publisher\":{\"@id\":\"https:\\\/\\\/www.itakaescolapios.org\\\/ca\\\/es\\\/#organization\"},\"potentialAction\":[{\"@type\":\"SearchAction\",\"target\":{\"@type\":\"EntryPoint\",\"urlTemplate\":\"https:\\\/\\\/www.itakaescolapios.org\\\/ca\\\/es\\\/?s={search_term_string}\"},\"query-input\":{\"@type\":\"PropertyValueSpecification\",\"valueRequired\":true,\"valueName\":\"search_term_string\"}}],\"inLanguage\":\"ca\"},{\"@type\":\"Organization\",\"@id\":\"https:\\\/\\\/www.itakaescolapios.org\\\/ca\\\/es\\\/#organization\",\"name\":\"Fundaci\u00f3 Itaka-Escolapios\",\"url\":\"https:\\\/\\\/www.itakaescolapios.org\\\/ca\\\/es\\\/\",\"logo\":{\"@type\":\"ImageObject\",\"inLanguage\":\"ca\",\"@id\":\"https:\\\/\\\/www.itakaescolapios.org\\\/ca\\\/es\\\/#\\\/schema\\\/logo\\\/image\\\/\",\"url\":\"https:\\\/\\\/www.itakaescolapios.org\\\/wp-content\\\/uploads\\\/2024\\\/04\\\/Logo-itakaescolapios-peque.png\",\"contentUrl\":\"https:\\\/\\\/www.itakaescolapios.org\\\/wp-content\\\/uploads\\\/2024\\\/04\\\/Logo-itakaescolapios-peque.png\",\"width\":500,\"height\":199,\"caption\":\"Fundaci\u00f3 Itaka-Escolapios\"},\"image\":{\"@id\":\"https:\\\/\\\/www.itakaescolapios.org\\\/ca\\\/es\\\/#\\\/schema\\\/logo\\\/image\\\/\"}},{\"@type\":\"Person\",\"@id\":\"https:\\\/\\\/www.itakaescolapios.org\\\/es\\\/#\\\/schema\\\/person\\\/670123daeb1cc31cae1b106740036ccb\",\"name\":\"itaka\",\"url\":\"https:\\\/\\\/www.itakaescolapios.org\\\/ca\\\/author\\\/itaka\\\/\"}]}<\/script>\n<!-- \/ Yoast SEO plugin. -->","yoast_head_json":{"title":"BALANCE DE LA CAMPA\u00d1A SOLIDARIA EN BILBAO","description":"Gracias a todos y todas por vuestra participaci\u00f3n en la Campa\u00f1a de Navidad de este curso\u00a0en colaboraci\u00f3n del Colegio e Itaka - Escolapios de Bilbao. \u00a0Os adjuntamos el mensaje que vamos a enviar a las familias, y os agradecemos a todos y todas vuestra implicaci\u00f3n: Hemos conseguido recoger 14.944,95 euros destinados a rehabilitar una escuela&hellip;","robots":{"index":"index","follow":"follow","max-snippet":"max-snippet:-1","max-image-preview":"max-image-preview:large","max-video-preview":"max-video-preview:-1"},"canonical":"Gracias a todos y todas por vuestra participaci\u00f3n en la Campa\u00f1a de Navidad de este curso\u00a0en colaboraci\u00f3n del Colegio e Itaka - Escolapios de Bilbao. \u00a0Os adjuntamos el mensaje que vamos a enviar a las familias, y os agradecemos a todos y todas vuestra implicaci\u00f3n: Hemos conseguido recoger 14.944,95 euros destinados a rehabilitar una escuela&hellip;","og_locale":"ca_ES","og_type":"article","og_title":"BALANCE DE LA CAMPA\u00d1A SOLIDARIA EN BILBAO","og_description":"Gracias a todos y todas por vuestra participaci\u00f3n en la Campa\u00f1a de Navidad de este curso\u00a0en colaboraci\u00f3n del Colegio e Itaka - Escolapios de Bilbao. \u00a0Os adjuntamos el mensaje que vamos a enviar a las familias, y os agradecemos a todos y todas vuestra implicaci\u00f3n: Hemos conseguido recoger 14.944,95 euros destinados a rehabilitar una escuela&hellip;","og_url":"https:\/\/www.itakaescolapios.org\/ca\/2019\/01\/balance-de-la-campana-solidaria-en-bilbao\/","og_site_name":"Itaka-Escolapios","article_published_time":"2019-01-15T09:28:00+00:00","article_modified_time":"2023-11-28T11:37:02+00:00","og_image":[{"width":2000,"height":1414,"url":"https:\/\/www.itakaescolapios.org\/wp-content\/uploads\/2019\/01\/Cartel-balance-final-2018-2019.jpg","type":"image\/jpeg"}],"author":"itaka","twitter_card":"summary_large_image","twitter_misc":{"Escrit per":"itaka","Temps estimat de lectura":"1 minut"},"schema":{"@context":"https:\/\/schema.org","@graph":[{"@type":"Article","@id":"https:\/\/www.itakaescolapios.org\/ca\/2019\/01\/balance-de-la-campana-solidaria-en-bilbao\/#article","isPartOf":{"@id":"https:\/\/www.itakaescolapios.org\/ca\/2019\/01\/balance-de-la-campana-solidaria-en-bilbao\/"},"author":{"name":"itaka","@id":"https:\/\/www.itakaescolapios.org\/es\/#\/schema\/person\/670123daeb1cc31cae1b106740036ccb"},"headline":"BALANCE DE LA CAMPA\u00d1A SOLIDARIA EN BILBAO","datePublished":"2019-01-15T09:28:00+00:00","dateModified":"2023-11-28T11:37:02+00:00","mainEntityOfPage":{"@id":"https:\/\/www.itakaescolapios.org\/ca\/2019\/01\/balance-de-la-campana-solidaria-en-bilbao\/"},"wordCount":148,"publisher":{"@id":"https:\/\/www.itakaescolapios.org\/es\/#organization"},"image":{"@id":"https:\/\/www.itakaescolapios.org\/ca\/2019\/01\/balance-de-la-campana-solidaria-en-bilbao\/#primaryimage"},"thumbnailUrl":"https:\/\/www.itakaescolapios.org\/wp-content\/uploads\/2019\/01\/Cartel-balance-final-2018-2019.jpg","articleSection":["Bilbao","Itaka Escolapios","R.D. Congo"],"inLanguage":"ca"},{"@type":"WebPage","@id":"https:\/\/www.itakaescolapios.org\/ca\/2019\/01\/balance-de-la-campana-solidaria-en-bilbao\/","url":"https:\/\/www.itakaescolapios.org\/ca\/2019\/01\/balance-de-la-campana-solidaria-en-bilbao\/","name":"BALANCE DE LA CAMPA\u00d1A SOLIDARIA EN BILBAO - Itaka-Escolapios","isPartOf":{"@id":"https:\/\/www.itakaescolapios.org\/es\/#website"},"primaryImageOfPage":{"@id":"https:\/\/www.itakaescolapios.org\/ca\/2019\/01\/balance-de-la-campana-solidaria-en-bilbao\/#primaryimage"},"image":{"@id":"https:\/\/www.itakaescolapios.org\/ca\/2019\/01\/balance-de-la-campana-solidaria-en-bilbao\/#primaryimage"},"thumbnailUrl":"https:\/\/www.itakaescolapios.org\/wp-content\/uploads\/2019\/01\/Cartel-balance-final-2018-2019.jpg","datePublished":"2019-01-15T09:28:00+00:00","dateModified":"2023-11-28T11:37:02+00:00","breadcrumb":{"@id":"https:\/\/www.itakaescolapios.org\/ca\/2019\/01\/balance-de-la-campana-solidaria-en-bilbao\/#breadcrumb"},"inLanguage":"ca","potentialAction":[{"@type":"ReadAction","target":["https:\/\/www.itakaescolapios.org\/ca\/2019\/01\/balance-de-la-campana-solidaria-en-bilbao\/"]}]},{"@type":"ImageObject","inLanguage":"ca","@id":"https:\/\/www.itakaescolapios.org\/ca\/2019\/01\/balance-de-la-campana-solidaria-en-bilbao\/#primaryimage","url":"https:\/\/www.itakaescolapios.org\/wp-content\/uploads\/2019\/01\/Cartel-balance-final-2018-2019.jpg","contentUrl":"https:\/\/www.itakaescolapios.org\/wp-content\/uploads\/2019\/01\/Cartel-balance-final-2018-2019.jpg","width":2000,"height":1414},{"@type":"BreadcrumbList","@id":"https:\/\/www.itakaescolapios.org\/ca\/2019\/01\/balance-de-la-campana-solidaria-en-bilbao\/#breadcrumb","itemListElement":[{"@type":"ListItem","position":1,"name":"Itaka-Escolapios","item":"https:\/\/www.itakaescolapios.org\/es\/"},{"@type":"ListItem","position":2,"name":"BALANCE DE LA CAMPA\u00d1A SOLIDARIA EN BILBAO"}]},{"@type":"WebSite","@id":"https:\/\/www.itakaescolapios.org\/ca\/es\/#website","url":"https:\/\/www.itakaescolapios.org\/ca\/es\/","name":"Itaka-Escolapios","description":"Red de Itaka-Escolapios","publisher":{"@id":"https:\/\/www.itakaescolapios.org\/ca\/es\/#organization"},"potentialAction":[{"@type":"SearchAction","target":{"@type":"EntryPoint","urlTemplate":"https:\/\/www.itakaescolapios.org\/ca\/es\/?s={search_term_string}"},"query-input":{"@type":"PropertyValueSpecification","valueRequired":true,"valueName":"search_term_string"}}],"inLanguage":"ca"},{"@type":"Organization","@id":"https:\/\/www.itakaescolapios.org\/ca\/es\/#organization","name":"Fundaci\u00f3 Itaka-Escolapios","url":"https:\/\/www.itakaescolapios.org\/ca\/es\/","logo":{"@type":"ImageObject","inLanguage":"ca","@id":"https:\/\/www.itakaescolapios.org\/ca\/es\/#\/schema\/logo\/image\/","url":"https:\/\/www.itakaescolapios.org\/wp-content\/uploads\/2024\/04\/Logo-itakaescolapios-peque.png","contentUrl":"https:\/\/www.itakaescolapios.org\/wp-content\/uploads\/2024\/04\/Logo-itakaescolapios-peque.png","width":500,"height":199,"caption":"Fundaci\u00f3 Itaka-Escolapios"},"image":{"@id":"https:\/\/www.itakaescolapios.org\/ca\/es\/#\/schema\/logo\/image\/"}},{"@type":"Person","@id":"https:\/\/www.itakaescolapios.org\/es\/#\/schema\/person\/670123daeb1cc31cae1b106740036ccb","name":"itaka","url":"https:\/\/www.itakaescolapios.org\/ca\/author\/itaka\/"}]}},"_links":{"self":[{"href":"https:\/\/www.itakaescolapios.org\/ca\/wp-json\/wp\/v2\/posts\/26372","targetHints":{"allow":["GET"]}}],"collection":[{"href":"https:\/\/www.itakaescolapios.org\/ca\/wp-json\/wp\/v2\/posts"}],"about":[{"href":"https:\/\/www.itakaescolapios.org\/ca\/wp-json\/wp\/v2\/types\/post"}],"author":[{"embeddable":true,"href":"https:\/\/www.itakaescolapios.org\/ca\/wp-json\/wp\/v2\/users\/4"}],"replies":[{"embeddable":true,"href":"https:\/\/www.itakaescolapios.org\/ca\/wp-json\/wp\/v2\/comments?post=26372"}],"version-history":[{"count":3,"href":"https:\/\/www.itakaescolapios.org\/ca\/wp-json\/wp\/v2\/posts\/26372\/revisions"}],"predecessor-version":[{"id":45974,"href":"https:\/\/www.itakaescolapios.org\/ca\/wp-json\/wp\/v2\/posts\/26372\/revisions\/45974"}],"wp:featuredmedia":[{"embeddable":true,"href":"https:\/\/www.itakaescolapios.org\/ca\/wp-json\/wp\/v2\/media\/26376"}],"wp:attachment":[{"href":"https:\/\/www.itakaescolapios.org\/ca\/wp-json\/wp\/v2\/media?parent=26372"}],"wp:term":[{"taxonomy":"category","embeddable":true,"href":"https:\/\/www.itakaescolapios.org\/ca\/wp-json\/wp\/v2\/categories?post=26372"},{"taxonomy":"post_tag","embeddable":true,"href":"https:\/\/www.itakaescolapios.org\/ca\/wp-json\/wp\/v2\/tags?post=26372"}],"curies":[{"name":"wp","href":"https:\/\/api.w.org\/{rel}","templated":true}]}}