{"id":26724,"date":"2019-02-18T11:05:58","date_gmt":"2019-02-18T10:05:58","guid":{"rendered":"https:\/\/www.itakaescolapios.org\/?p=26724"},"modified":"2023-11-28T12:36:58","modified_gmt":"2023-11-28T11:36:58","slug":"encuentro-del-proyecto-sal-en-vitoria","status":"publish","type":"post","link":"https:\/\/www.itakaescolapios.org\/ca\/2019\/02\/encuentro-del-proyecto-sal-en-vitoria\/","title":{"rendered":"Encuentro del proyecto SAL en Vitoria"},"content":{"rendered":"<p>Los d\u00edas 16 y 17 de febrero han celebrado en Vitoria su encuentro los j\u00f3venes de primer a\u00f1o del proyecto &#8220;SAL de tu tierra&#8221; de voluntariado internacional escolapio. Este a\u00f1o los participantes en el itinerario formativo y vocacional son cinco chicas y chicos, procedentes de las sedes de Sevilla, Pamplona y Bilbao.<\/p>\n<p>A lo largo de este encuentro han tratado temas como la experiencia comunitaria, la misi\u00f3n escolapia en el Sur, as\u00ed como los aspectos generales y pr\u00e1cticos de cara a su estancia de voluntariado. Momento destacado y especialmente ilusionante ha sido la oportunidad de tener un primer acercamiento a la realidad escolapia que les acoger\u00e1 el pr\u00f3ximo verano, en esta ocasi\u00f3n Bolivia. Para ello contaron con la presencia de Javier Aguirregabiria, Provincial de Brasil-Bolivia, as\u00ed como con Julen Sanz, qui\u00e9n se conect\u00f3 por videoconferencia desde Anzaldo. A ambos agradecemos especialmente su participaci\u00f3n, as\u00ed como tambi\u00e9n a la presencia escolapia de Vitoria, por su acogida y por la eucarist\u00eda compartida al finalizar el encuentro.<\/p>\n\n\t\t<style type=\"text\/css\">\n\t\t\t#gallery-1 {\n\t\t\t\tmargin: auto;\n\t\t\t}\n\t\t\t#gallery-1 .gallery-item {\n\t\t\t\tfloat: left;\n\t\t\t\tmargin-top: 10px;\n\t\t\t\ttext-align: center;\n\t\t\t\twidth: 50%;\n\t\t\t}\n\t\t\t#gallery-1 img {\n\t\t\t\tborder: 2px solid #cfcfcf;\n\t\t\t}\n\t\t\t#gallery-1 .gallery-caption {\n\t\t\t\tmargin-left: 0;\n\t\t\t}\n\t\t\t\/* see gallery_shortcode() in wp-includes\/media.php *\/\n\t\t<\/style>\n\t\t<div id='gallery-1' class='gallery galleryid-26724 gallery-columns-2 gallery-size-thumbnail'><dl class='gallery-item'>\n\t\t\t<dt class='gallery-icon landscape'>\n\t\t\t\t<a href='https:\/\/www.itakaescolapios.org\/ca\/2019\/02\/encuentro-del-proyecto-sal-en-vitoria\/dav-10\/'><img decoding=\"async\" width=\"90\" height=\"90\" src=\"https:\/\/www.itakaescolapios.org\/wp-content\/uploads\/2019\/02\/IMG_20190217_122201-e1550484559433-90x90.jpg\" class=\"attachment-thumbnail size-thumbnail\" alt=\"\" \/><\/a>\n\t\t\t<\/dt><\/dl><dl class='gallery-item'>\n\t\t\t<dt class='gallery-icon landscape'>\n\t\t\t\t<a href='https:\/\/www.itakaescolapios.org\/ca\/2019\/02\/encuentro-del-proyecto-sal-en-vitoria\/dav-9\/'><img decoding=\"async\" width=\"90\" height=\"90\" src=\"https:\/\/www.itakaescolapios.org\/wp-content\/uploads\/2019\/02\/IMG_20190217_122109-90x90.jpg\" class=\"attachment-thumbnail size-thumbnail\" alt=\"\" \/><\/a>\n\t\t\t<\/dt><\/dl><br style=\"clear: both\" \/><dl class='gallery-item'>\n\t\t\t<dt class='gallery-icon landscape'>\n\t\t\t\t<a href='https:\/\/www.itakaescolapios.org\/ca\/2019\/02\/encuentro-del-proyecto-sal-en-vitoria\/dav-8\/'><img decoding=\"async\" width=\"90\" height=\"90\" src=\"https:\/\/www.itakaescolapios.org\/wp-content\/uploads\/2019\/02\/IMG_20190216_154555-90x90.jpg\" class=\"attachment-thumbnail size-thumbnail\" alt=\"\" \/><\/a>\n\t\t\t<\/dt><\/dl><dl class='gallery-item'>\n\t\t\t<dt class='gallery-icon landscape'>\n\t\t\t\t<a href='https:\/\/www.itakaescolapios.org\/ca\/2019\/02\/encuentro-del-proyecto-sal-en-vitoria\/dav-7\/'><img decoding=\"async\" width=\"90\" height=\"90\" src=\"https:\/\/www.itakaescolapios.org\/wp-content\/uploads\/2019\/02\/IMG_20190216_114432-90x90.jpg\" class=\"attachment-thumbnail size-thumbnail\" alt=\"\" \/><\/a>\n\t\t\t<\/dt><\/dl><br style=\"clear: both\" \/>\n\t\t<\/div>\n\n","protected":false},"excerpt":{"rendered":"<p>Los d\u00edas 16 y 17 de febrero han celebrado en Vitoria su encuentro los j\u00f3venes de primer a\u00f1o del proyecto &#8220;SAL de tu tierra&#8221; de voluntariado internacional escolapio. Este a\u00f1o [&hellip;]<\/p>\n","protected":false},"author":46,"featured_media":26728,"comment_status":"closed","ping_status":"closed","sticky":false,"template":"","format":"standard","meta":{"_et_pb_use_builder":"","_et_pb_old_content":"","_et_gb_content_width":"","footnotes":""},"categories":[30],"tags":[],"class_list":["post-26724","post","type-post","status-publish","format-standard","has-post-thumbnail","hentry","category-itaka-escolapios"],"yoast_head":"<!-- This site is optimized with the Yoast SEO plugin v27.4 - https:\/\/yoast.com\/product\/yoast-seo-wordpress\/ -->\n<title>Encuentro del proyecto SAL en Vitoria<\/title>\n<meta name=\"description\" content=\"Los d\u00edas 16 y 17 de febrero han celebrado en Vitoria su encuentro los j\u00f3venes de primer a\u00f1o del proyecto &quot;SAL de tu tierra&quot; de voluntariado internacional escolapio. Este a\u00f1o los participantes en el itinerario formativo y vocacional son cinco chicas y chicos, procedentes de las sedes de Sevilla, Pamplona y Bilbao. A lo largo&hellip;\" \/>\n<meta name=\"robots\" content=\"index, follow, max-snippet:-1, max-image-preview:large, max-video-preview:-1\" \/>\n<link rel=\"canonical\" href=\"http:\/\/Los%20d\u00edas%2016%20y%2017%20de%20febrero%20han%20celebrado%20en%20Vitoria%20su%20encuentro%20los%20j\u00f3venes%20de%20primer%20a\u00f1o%20del%20proyecto%20SAL%20de%20tu%20tierra%20de%20voluntariado%20internacional%20escolapio.%20Este%20a\u00f1o%20los%20participantes%20en%20el%20itinerario%20formativo%20y%20vocacional%20son%20cinco%20chicas%20y%20chicos,%20procedentes%20de%20las%20sedes%20de%20Sevilla,%20Pamplona%20y%20Bilbao.%20A%20lo%20largo&hellip;\" \/>\n<meta property=\"og:locale\" content=\"ca_ES\" \/>\n<meta property=\"og:type\" content=\"article\" \/>\n<meta property=\"og:title\" content=\"Encuentro del proyecto SAL en Vitoria\" \/>\n<meta property=\"og:description\" content=\"Los d\u00edas 16 y 17 de febrero han celebrado en Vitoria su encuentro los j\u00f3venes de primer a\u00f1o del proyecto &quot;SAL de tu tierra&quot; de voluntariado internacional escolapio. Este a\u00f1o los participantes en el itinerario formativo y vocacional son cinco chicas y chicos, procedentes de las sedes de Sevilla, Pamplona y Bilbao. A lo largo&hellip;\" \/>\n<meta property=\"og:url\" content=\"https:\/\/www.itakaescolapios.org\/ca\/2019\/02\/encuentro-del-proyecto-sal-en-vitoria\/\" \/>\n<meta property=\"og:site_name\" content=\"Itaka-Escolapios\" \/>\n<meta property=\"article:published_time\" content=\"2019-02-18T10:05:58+00:00\" \/>\n<meta property=\"article:modified_time\" content=\"2023-11-28T11:36:58+00:00\" \/>\n<meta property=\"og:image\" content=\"https:\/\/www.itakaescolapios.org\/wp-content\/uploads\/2019\/02\/IMG_20190217_122201-e1550484559433.jpg\" \/>\n\t<meta property=\"og:image:width\" content=\"1969\" \/>\n\t<meta property=\"og:image:height\" content=\"1500\" \/>\n\t<meta property=\"og:image:type\" content=\"image\/jpeg\" \/>\n<meta name=\"author\" content=\"itakaescolapios\" \/>\n<meta name=\"twitter:card\" content=\"summary_large_image\" \/>\n<meta name=\"twitter:label1\" content=\"Escrit per\" \/>\n\t<meta name=\"twitter:data1\" content=\"itakaescolapios\" \/>\n\t<meta name=\"twitter:label2\" content=\"Temps estimat de lectura\" \/>\n\t<meta name=\"twitter:data2\" content=\"1 minut\" \/>\n<script type=\"application\/ld+json\" class=\"yoast-schema-graph\">{\"@context\":\"https:\\\/\\\/schema.org\",\"@graph\":[{\"@type\":\"Article\",\"@id\":\"https:\\\/\\\/www.itakaescolapios.org\\\/ca\\\/2019\\\/02\\\/encuentro-del-proyecto-sal-en-vitoria\\\/#article\",\"isPartOf\":{\"@id\":\"https:\\\/\\\/www.itakaescolapios.org\\\/ca\\\/2019\\\/02\\\/encuentro-del-proyecto-sal-en-vitoria\\\/\"},\"author\":{\"name\":\"itakaescolapios\",\"@id\":\"https:\\\/\\\/www.itakaescolapios.org\\\/es\\\/#\\\/schema\\\/person\\\/768ce0f19db5c2c2b6361e77e15db2db\"},\"headline\":\"Encuentro del proyecto SAL en Vitoria\",\"datePublished\":\"2019-02-18T10:05:58+00:00\",\"dateModified\":\"2023-11-28T11:36:58+00:00\",\"mainEntityOfPage\":{\"@id\":\"https:\\\/\\\/www.itakaescolapios.org\\\/ca\\\/2019\\\/02\\\/encuentro-del-proyecto-sal-en-vitoria\\\/\"},\"wordCount\":183,\"publisher\":{\"@id\":\"https:\\\/\\\/www.itakaescolapios.org\\\/es\\\/#organization\"},\"image\":{\"@id\":\"https:\\\/\\\/www.itakaescolapios.org\\\/ca\\\/2019\\\/02\\\/encuentro-del-proyecto-sal-en-vitoria\\\/#primaryimage\"},\"thumbnailUrl\":\"https:\\\/\\\/www.itakaescolapios.org\\\/wp-content\\\/uploads\\\/2019\\\/02\\\/IMG_20190217_122201-e1550484559433.jpg\",\"articleSection\":[\"Itaka Escolapios\"],\"inLanguage\":\"ca\"},{\"@type\":\"WebPage\",\"@id\":\"https:\\\/\\\/www.itakaescolapios.org\\\/ca\\\/2019\\\/02\\\/encuentro-del-proyecto-sal-en-vitoria\\\/\",\"url\":\"https:\\\/\\\/www.itakaescolapios.org\\\/ca\\\/2019\\\/02\\\/encuentro-del-proyecto-sal-en-vitoria\\\/\",\"name\":\"Encuentro del proyecto SAL en Vitoria - Itaka-Escolapios\",\"isPartOf\":{\"@id\":\"https:\\\/\\\/www.itakaescolapios.org\\\/es\\\/#website\"},\"primaryImageOfPage\":{\"@id\":\"https:\\\/\\\/www.itakaescolapios.org\\\/ca\\\/2019\\\/02\\\/encuentro-del-proyecto-sal-en-vitoria\\\/#primaryimage\"},\"image\":{\"@id\":\"https:\\\/\\\/www.itakaescolapios.org\\\/ca\\\/2019\\\/02\\\/encuentro-del-proyecto-sal-en-vitoria\\\/#primaryimage\"},\"thumbnailUrl\":\"https:\\\/\\\/www.itakaescolapios.org\\\/wp-content\\\/uploads\\\/2019\\\/02\\\/IMG_20190217_122201-e1550484559433.jpg\",\"datePublished\":\"2019-02-18T10:05:58+00:00\",\"dateModified\":\"2023-11-28T11:36:58+00:00\",\"breadcrumb\":{\"@id\":\"https:\\\/\\\/www.itakaescolapios.org\\\/ca\\\/2019\\\/02\\\/encuentro-del-proyecto-sal-en-vitoria\\\/#breadcrumb\"},\"inLanguage\":\"ca\",\"potentialAction\":[{\"@type\":\"ReadAction\",\"target\":[\"https:\\\/\\\/www.itakaescolapios.org\\\/ca\\\/2019\\\/02\\\/encuentro-del-proyecto-sal-en-vitoria\\\/\"]}]},{\"@type\":\"ImageObject\",\"inLanguage\":\"ca\",\"@id\":\"https:\\\/\\\/www.itakaescolapios.org\\\/ca\\\/2019\\\/02\\\/encuentro-del-proyecto-sal-en-vitoria\\\/#primaryimage\",\"url\":\"https:\\\/\\\/www.itakaescolapios.org\\\/wp-content\\\/uploads\\\/2019\\\/02\\\/IMG_20190217_122201-e1550484559433.jpg\",\"contentUrl\":\"https:\\\/\\\/www.itakaescolapios.org\\\/wp-content\\\/uploads\\\/2019\\\/02\\\/IMG_20190217_122201-e1550484559433.jpg\",\"width\":1969,\"height\":1500},{\"@type\":\"BreadcrumbList\",\"@id\":\"https:\\\/\\\/www.itakaescolapios.org\\\/ca\\\/2019\\\/02\\\/encuentro-del-proyecto-sal-en-vitoria\\\/#breadcrumb\",\"itemListElement\":[{\"@type\":\"ListItem\",\"position\":1,\"name\":\"Itaka-Escolapios\",\"item\":\"https:\\\/\\\/www.itakaescolapios.org\\\/es\\\/\"},{\"@type\":\"ListItem\",\"position\":2,\"name\":\"Encuentro del proyecto SAL en Vitoria\"}]},{\"@type\":\"WebSite\",\"@id\":\"https:\\\/\\\/www.itakaescolapios.org\\\/ca\\\/es\\\/#website\",\"url\":\"https:\\\/\\\/www.itakaescolapios.org\\\/ca\\\/es\\\/\",\"name\":\"Itaka-Escolapios\",\"description\":\"Red de Itaka-Escolapios\",\"publisher\":{\"@id\":\"https:\\\/\\\/www.itakaescolapios.org\\\/ca\\\/es\\\/#organization\"},\"potentialAction\":[{\"@type\":\"SearchAction\",\"target\":{\"@type\":\"EntryPoint\",\"urlTemplate\":\"https:\\\/\\\/www.itakaescolapios.org\\\/ca\\\/es\\\/?s={search_term_string}\"},\"query-input\":{\"@type\":\"PropertyValueSpecification\",\"valueRequired\":true,\"valueName\":\"search_term_string\"}}],\"inLanguage\":\"ca\"},{\"@type\":\"Organization\",\"@id\":\"https:\\\/\\\/www.itakaescolapios.org\\\/ca\\\/es\\\/#organization\",\"name\":\"Fundaci\u00f3 Itaka-Escolapios\",\"url\":\"https:\\\/\\\/www.itakaescolapios.org\\\/ca\\\/es\\\/\",\"logo\":{\"@type\":\"ImageObject\",\"inLanguage\":\"ca\",\"@id\":\"https:\\\/\\\/www.itakaescolapios.org\\\/ca\\\/es\\\/#\\\/schema\\\/logo\\\/image\\\/\",\"url\":\"https:\\\/\\\/www.itakaescolapios.org\\\/wp-content\\\/uploads\\\/2024\\\/04\\\/Logo-itakaescolapios-peque.png\",\"contentUrl\":\"https:\\\/\\\/www.itakaescolapios.org\\\/wp-content\\\/uploads\\\/2024\\\/04\\\/Logo-itakaescolapios-peque.png\",\"width\":500,\"height\":199,\"caption\":\"Fundaci\u00f3 Itaka-Escolapios\"},\"image\":{\"@id\":\"https:\\\/\\\/www.itakaescolapios.org\\\/ca\\\/es\\\/#\\\/schema\\\/logo\\\/image\\\/\"}},{\"@type\":\"Person\",\"@id\":\"https:\\\/\\\/www.itakaescolapios.org\\\/es\\\/#\\\/schema\\\/person\\\/768ce0f19db5c2c2b6361e77e15db2db\",\"name\":\"itakaescolapios\",\"url\":\"https:\\\/\\\/www.itakaescolapios.org\\\/ca\\\/author\\\/itakaescolapios\\\/\"}]}<\/script>\n<!-- \/ Yoast SEO plugin. -->","yoast_head_json":{"title":"Encuentro del proyecto SAL en Vitoria","description":"Los d\u00edas 16 y 17 de febrero han celebrado en Vitoria su encuentro los j\u00f3venes de primer a\u00f1o del proyecto \"SAL de tu tierra\" de voluntariado internacional escolapio. Este a\u00f1o los participantes en el itinerario formativo y vocacional son cinco chicas y chicos, procedentes de las sedes de Sevilla, Pamplona y Bilbao. A lo largo&hellip;","robots":{"index":"index","follow":"follow","max-snippet":"max-snippet:-1","max-image-preview":"max-image-preview:large","max-video-preview":"max-video-preview:-1"},"canonical":"Los d\u00edas 16 y 17 de febrero han celebrado en Vitoria su encuentro los j\u00f3venes de primer a\u00f1o del proyecto \"SAL de tu tierra\" de voluntariado internacional escolapio. Este a\u00f1o los participantes en el itinerario formativo y vocacional son cinco chicas y chicos, procedentes de las sedes de Sevilla, Pamplona y Bilbao. A lo largo&hellip;","og_locale":"ca_ES","og_type":"article","og_title":"Encuentro del proyecto SAL en Vitoria","og_description":"Los d\u00edas 16 y 17 de febrero han celebrado en Vitoria su encuentro los j\u00f3venes de primer a\u00f1o del proyecto \"SAL de tu tierra\" de voluntariado internacional escolapio. Este a\u00f1o los participantes en el itinerario formativo y vocacional son cinco chicas y chicos, procedentes de las sedes de Sevilla, Pamplona y Bilbao. A lo largo&hellip;","og_url":"https:\/\/www.itakaescolapios.org\/ca\/2019\/02\/encuentro-del-proyecto-sal-en-vitoria\/","og_site_name":"Itaka-Escolapios","article_published_time":"2019-02-18T10:05:58+00:00","article_modified_time":"2023-11-28T11:36:58+00:00","og_image":[{"width":1969,"height":1500,"url":"https:\/\/www.itakaescolapios.org\/wp-content\/uploads\/2019\/02\/IMG_20190217_122201-e1550484559433.jpg","type":"image\/jpeg"}],"author":"itakaescolapios","twitter_card":"summary_large_image","twitter_misc":{"Escrit per":"itakaescolapios","Temps estimat de lectura":"1 minut"},"schema":{"@context":"https:\/\/schema.org","@graph":[{"@type":"Article","@id":"https:\/\/www.itakaescolapios.org\/ca\/2019\/02\/encuentro-del-proyecto-sal-en-vitoria\/#article","isPartOf":{"@id":"https:\/\/www.itakaescolapios.org\/ca\/2019\/02\/encuentro-del-proyecto-sal-en-vitoria\/"},"author":{"name":"itakaescolapios","@id":"https:\/\/www.itakaescolapios.org\/es\/#\/schema\/person\/768ce0f19db5c2c2b6361e77e15db2db"},"headline":"Encuentro del proyecto SAL en Vitoria","datePublished":"2019-02-18T10:05:58+00:00","dateModified":"2023-11-28T11:36:58+00:00","mainEntityOfPage":{"@id":"https:\/\/www.itakaescolapios.org\/ca\/2019\/02\/encuentro-del-proyecto-sal-en-vitoria\/"},"wordCount":183,"publisher":{"@id":"https:\/\/www.itakaescolapios.org\/es\/#organization"},"image":{"@id":"https:\/\/www.itakaescolapios.org\/ca\/2019\/02\/encuentro-del-proyecto-sal-en-vitoria\/#primaryimage"},"thumbnailUrl":"https:\/\/www.itakaescolapios.org\/wp-content\/uploads\/2019\/02\/IMG_20190217_122201-e1550484559433.jpg","articleSection":["Itaka Escolapios"],"inLanguage":"ca"},{"@type":"WebPage","@id":"https:\/\/www.itakaescolapios.org\/ca\/2019\/02\/encuentro-del-proyecto-sal-en-vitoria\/","url":"https:\/\/www.itakaescolapios.org\/ca\/2019\/02\/encuentro-del-proyecto-sal-en-vitoria\/","name":"Encuentro del proyecto SAL en Vitoria - Itaka-Escolapios","isPartOf":{"@id":"https:\/\/www.itakaescolapios.org\/es\/#website"},"primaryImageOfPage":{"@id":"https:\/\/www.itakaescolapios.org\/ca\/2019\/02\/encuentro-del-proyecto-sal-en-vitoria\/#primaryimage"},"image":{"@id":"https:\/\/www.itakaescolapios.org\/ca\/2019\/02\/encuentro-del-proyecto-sal-en-vitoria\/#primaryimage"},"thumbnailUrl":"https:\/\/www.itakaescolapios.org\/wp-content\/uploads\/2019\/02\/IMG_20190217_122201-e1550484559433.jpg","datePublished":"2019-02-18T10:05:58+00:00","dateModified":"2023-11-28T11:36:58+00:00","breadcrumb":{"@id":"https:\/\/www.itakaescolapios.org\/ca\/2019\/02\/encuentro-del-proyecto-sal-en-vitoria\/#breadcrumb"},"inLanguage":"ca","potentialAction":[{"@type":"ReadAction","target":["https:\/\/www.itakaescolapios.org\/ca\/2019\/02\/encuentro-del-proyecto-sal-en-vitoria\/"]}]},{"@type":"ImageObject","inLanguage":"ca","@id":"https:\/\/www.itakaescolapios.org\/ca\/2019\/02\/encuentro-del-proyecto-sal-en-vitoria\/#primaryimage","url":"https:\/\/www.itakaescolapios.org\/wp-content\/uploads\/2019\/02\/IMG_20190217_122201-e1550484559433.jpg","contentUrl":"https:\/\/www.itakaescolapios.org\/wp-content\/uploads\/2019\/02\/IMG_20190217_122201-e1550484559433.jpg","width":1969,"height":1500},{"@type":"BreadcrumbList","@id":"https:\/\/www.itakaescolapios.org\/ca\/2019\/02\/encuentro-del-proyecto-sal-en-vitoria\/#breadcrumb","itemListElement":[{"@type":"ListItem","position":1,"name":"Itaka-Escolapios","item":"https:\/\/www.itakaescolapios.org\/es\/"},{"@type":"ListItem","position":2,"name":"Encuentro del proyecto SAL en Vitoria"}]},{"@type":"WebSite","@id":"https:\/\/www.itakaescolapios.org\/ca\/es\/#website","url":"https:\/\/www.itakaescolapios.org\/ca\/es\/","name":"Itaka-Escolapios","description":"Red de Itaka-Escolapios","publisher":{"@id":"https:\/\/www.itakaescolapios.org\/ca\/es\/#organization"},"potentialAction":[{"@type":"SearchAction","target":{"@type":"EntryPoint","urlTemplate":"https:\/\/www.itakaescolapios.org\/ca\/es\/?s={search_term_string}"},"query-input":{"@type":"PropertyValueSpecification","valueRequired":true,"valueName":"search_term_string"}}],"inLanguage":"ca"},{"@type":"Organization","@id":"https:\/\/www.itakaescolapios.org\/ca\/es\/#organization","name":"Fundaci\u00f3 Itaka-Escolapios","url":"https:\/\/www.itakaescolapios.org\/ca\/es\/","logo":{"@type":"ImageObject","inLanguage":"ca","@id":"https:\/\/www.itakaescolapios.org\/ca\/es\/#\/schema\/logo\/image\/","url":"https:\/\/www.itakaescolapios.org\/wp-content\/uploads\/2024\/04\/Logo-itakaescolapios-peque.png","contentUrl":"https:\/\/www.itakaescolapios.org\/wp-content\/uploads\/2024\/04\/Logo-itakaescolapios-peque.png","width":500,"height":199,"caption":"Fundaci\u00f3 Itaka-Escolapios"},"image":{"@id":"https:\/\/www.itakaescolapios.org\/ca\/es\/#\/schema\/logo\/image\/"}},{"@type":"Person","@id":"https:\/\/www.itakaescolapios.org\/es\/#\/schema\/person\/768ce0f19db5c2c2b6361e77e15db2db","name":"itakaescolapios","url":"https:\/\/www.itakaescolapios.org\/ca\/author\/itakaescolapios\/"}]}},"_links":{"self":[{"href":"https:\/\/www.itakaescolapios.org\/ca\/wp-json\/wp\/v2\/posts\/26724","targetHints":{"allow":["GET"]}}],"collection":[{"href":"https:\/\/www.itakaescolapios.org\/ca\/wp-json\/wp\/v2\/posts"}],"about":[{"href":"https:\/\/www.itakaescolapios.org\/ca\/wp-json\/wp\/v2\/types\/post"}],"author":[{"embeddable":true,"href":"https:\/\/www.itakaescolapios.org\/ca\/wp-json\/wp\/v2\/users\/46"}],"replies":[{"embeddable":true,"href":"https:\/\/www.itakaescolapios.org\/ca\/wp-json\/wp\/v2\/comments?post=26724"}],"version-history":[{"count":7,"href":"https:\/\/www.itakaescolapios.org\/ca\/wp-json\/wp\/v2\/posts\/26724\/revisions"}],"predecessor-version":[{"id":45883,"href":"https:\/\/www.itakaescolapios.org\/ca\/wp-json\/wp\/v2\/posts\/26724\/revisions\/45883"}],"wp:featuredmedia":[{"embeddable":true,"href":"https:\/\/www.itakaescolapios.org\/ca\/wp-json\/wp\/v2\/media\/26728"}],"wp:attachment":[{"href":"https:\/\/www.itakaescolapios.org\/ca\/wp-json\/wp\/v2\/media?parent=26724"}],"wp:term":[{"taxonomy":"category","embeddable":true,"href":"https:\/\/www.itakaescolapios.org\/ca\/wp-json\/wp\/v2\/categories?post=26724"},{"taxonomy":"post_tag","embeddable":true,"href":"https:\/\/www.itakaescolapios.org\/ca\/wp-json\/wp\/v2\/tags?post=26724"}],"curies":[{"name":"wp","href":"https:\/\/api.w.org\/{rel}","templated":true}]}}