{"id":26759,"date":"2019-02-20T15:49:46","date_gmt":"2019-02-20T14:49:46","guid":{"rendered":"https:\/\/www.itakaescolapios.org\/?p=26759"},"modified":"2023-11-28T12:36:58","modified_gmt":"2023-11-28T11:36:58","slug":"reunion-con-el-equipo-general-del-movimiento-calasanz","status":"publish","type":"post","link":"https:\/\/www.itakaescolapios.org\/ca\/2019\/02\/reunion-con-el-equipo-general-del-movimiento-calasanz\/","title":{"rendered":"Reuni\u00f3n con el Equipo general del Movimiento Calasanz"},"content":{"rendered":"<p>El 19 de febrero se celebr\u00f3 una reuni\u00f3n por videoconferencia de la Comisi\u00f3n Ejecutiva de Itaka-Escolapios con el Equipo general del Movimiento Calasanz de la Orden. Fue un grato e interesante encuentro, que sirvi\u00f3 para compartir el momento actual y los retos desde la perspectiva de cada equipo, viendo caminos de refuerzo mutuo.<\/p>\n<p>En la reuni\u00f3n pudimos confirmar la sinton\u00eda y el convencimiento en la gran tarea com\u00fan de Movimiento Calasanz y red Itaka-Escolapios, para impulsar las Escuelas P\u00edas y su misi\u00f3n. Por ello, se acord\u00f3 dar continuidad a este espacio de di\u00e1logo y volvernos a encontrar de nuevo dentro de tres meses.<\/p>\n","protected":false},"excerpt":{"rendered":"<p>El 19 de febrero se celebr\u00f3 una reuni\u00f3n por videoconferencia de la Comisi\u00f3n Ejecutiva de Itaka-Escolapios con el Equipo general del Movimiento Calasanz de la Orden. Fue un grato e [&hellip;]<\/p>\n","protected":false},"author":46,"featured_media":26760,"comment_status":"closed","ping_status":"closed","sticky":false,"template":"","format":"standard","meta":{"_et_pb_use_builder":"","_et_pb_old_content":"","_et_gb_content_width":"","footnotes":""},"categories":[30],"tags":[],"class_list":["post-26759","post","type-post","status-publish","format-standard","has-post-thumbnail","hentry","category-itaka-escolapios"],"yoast_head":"<!-- This site is optimized with the Yoast SEO plugin v27.4 - https:\/\/yoast.com\/product\/yoast-seo-wordpress\/ -->\n<title>Reuni\u00f3n con el Equipo general del Movimiento Calasanz<\/title>\n<meta name=\"description\" content=\"El 19 de febrero se celebr\u00f3 una reuni\u00f3n por videoconferencia de la Comisi\u00f3n Ejecutiva de Itaka-Escolapios con el Equipo general del Movimiento Calasanz de la Orden. Fue un grato e interesante encuentro, que sirvi\u00f3 para compartir el momento actual y los retos desde la perspectiva de cada equipo, viendo caminos de refuerzo mutuo. En la&hellip;\" \/>\n<meta name=\"robots\" content=\"index, follow, max-snippet:-1, max-image-preview:large, max-video-preview:-1\" \/>\n<link rel=\"canonical\" href=\"http:\/\/El%2019%20de%20febrero%20se%20celebr\u00f3%20una%20reuni\u00f3n%20por%20videoconferencia%20de%20la%20Comisi\u00f3n%20Ejecutiva%20de%20Itaka-Escolapios%20con%20el%20Equipo%20general%20del%20Movimiento%20Calasanz%20de%20la%20Orden.%20Fue%20un%20grato%20e%20interesante%20encuentro,%20que%20sirvi\u00f3%20para%20compartir%20el%20momento%20actual%20y%20los%20retos%20desde%20la%20perspectiva%20de%20cada%20equipo,%20viendo%20caminos%20de%20refuerzo%20mutuo.%20En%20la&hellip;\" \/>\n<meta property=\"og:locale\" content=\"ca_ES\" \/>\n<meta property=\"og:type\" content=\"article\" \/>\n<meta property=\"og:title\" content=\"Reuni\u00f3n con el Equipo general del Movimiento Calasanz\" \/>\n<meta property=\"og:description\" content=\"El 19 de febrero se celebr\u00f3 una reuni\u00f3n por videoconferencia de la Comisi\u00f3n Ejecutiva de Itaka-Escolapios con el Equipo general del Movimiento Calasanz de la Orden. Fue un grato e interesante encuentro, que sirvi\u00f3 para compartir el momento actual y los retos desde la perspectiva de cada equipo, viendo caminos de refuerzo mutuo. En la&hellip;\" \/>\n<meta property=\"og:url\" content=\"https:\/\/www.itakaescolapios.org\/ca\/2019\/02\/reunion-con-el-equipo-general-del-movimiento-calasanz\/\" \/>\n<meta property=\"og:site_name\" content=\"Itaka-Escolapios\" \/>\n<meta property=\"article:published_time\" content=\"2019-02-20T14:49:46+00:00\" \/>\n<meta property=\"article:modified_time\" content=\"2023-11-28T11:36:58+00:00\" \/>\n<meta property=\"og:image\" content=\"https:\/\/www.itakaescolapios.org\/wp-content\/uploads\/2019\/02\/WhatsApp-Image-2019-02-19-at-18.35.26.jpeg\" \/>\n\t<meta property=\"og:image:width\" content=\"1024\" \/>\n\t<meta property=\"og:image:height\" content=\"616\" \/>\n\t<meta property=\"og:image:type\" content=\"image\/jpeg\" \/>\n<meta name=\"author\" content=\"itakaescolapios\" \/>\n<meta name=\"twitter:card\" content=\"summary_large_image\" \/>\n<meta name=\"twitter:label1\" content=\"Escrit per\" \/>\n\t<meta name=\"twitter:data1\" content=\"itakaescolapios\" \/>\n\t<meta name=\"twitter:label2\" content=\"Temps estimat de lectura\" \/>\n\t<meta name=\"twitter:data2\" content=\"1 minut\" \/>\n<script type=\"application\/ld+json\" class=\"yoast-schema-graph\">{\"@context\":\"https:\\\/\\\/schema.org\",\"@graph\":[{\"@type\":\"Article\",\"@id\":\"https:\\\/\\\/www.itakaescolapios.org\\\/ca\\\/2019\\\/02\\\/reunion-con-el-equipo-general-del-movimiento-calasanz\\\/#article\",\"isPartOf\":{\"@id\":\"https:\\\/\\\/www.itakaescolapios.org\\\/ca\\\/2019\\\/02\\\/reunion-con-el-equipo-general-del-movimiento-calasanz\\\/\"},\"author\":{\"name\":\"itakaescolapios\",\"@id\":\"https:\\\/\\\/www.itakaescolapios.org\\\/es\\\/#\\\/schema\\\/person\\\/768ce0f19db5c2c2b6361e77e15db2db\"},\"headline\":\"Reuni\u00f3n con el Equipo general del Movimiento Calasanz\",\"datePublished\":\"2019-02-20T14:49:46+00:00\",\"dateModified\":\"2023-11-28T11:36:58+00:00\",\"mainEntityOfPage\":{\"@id\":\"https:\\\/\\\/www.itakaescolapios.org\\\/ca\\\/2019\\\/02\\\/reunion-con-el-equipo-general-del-movimiento-calasanz\\\/\"},\"wordCount\":119,\"publisher\":{\"@id\":\"https:\\\/\\\/www.itakaescolapios.org\\\/es\\\/#organization\"},\"image\":{\"@id\":\"https:\\\/\\\/www.itakaescolapios.org\\\/ca\\\/2019\\\/02\\\/reunion-con-el-equipo-general-del-movimiento-calasanz\\\/#primaryimage\"},\"thumbnailUrl\":\"https:\\\/\\\/www.itakaescolapios.org\\\/wp-content\\\/uploads\\\/2019\\\/02\\\/WhatsApp-Image-2019-02-19-at-18.35.26.jpeg\",\"articleSection\":[\"Itaka Escolapios\"],\"inLanguage\":\"ca\"},{\"@type\":\"WebPage\",\"@id\":\"https:\\\/\\\/www.itakaescolapios.org\\\/ca\\\/2019\\\/02\\\/reunion-con-el-equipo-general-del-movimiento-calasanz\\\/\",\"url\":\"https:\\\/\\\/www.itakaescolapios.org\\\/ca\\\/2019\\\/02\\\/reunion-con-el-equipo-general-del-movimiento-calasanz\\\/\",\"name\":\"Reuni\u00f3n con el Equipo general del Movimiento Calasanz - Itaka-Escolapios\",\"isPartOf\":{\"@id\":\"https:\\\/\\\/www.itakaescolapios.org\\\/es\\\/#website\"},\"primaryImageOfPage\":{\"@id\":\"https:\\\/\\\/www.itakaescolapios.org\\\/ca\\\/2019\\\/02\\\/reunion-con-el-equipo-general-del-movimiento-calasanz\\\/#primaryimage\"},\"image\":{\"@id\":\"https:\\\/\\\/www.itakaescolapios.org\\\/ca\\\/2019\\\/02\\\/reunion-con-el-equipo-general-del-movimiento-calasanz\\\/#primaryimage\"},\"thumbnailUrl\":\"https:\\\/\\\/www.itakaescolapios.org\\\/wp-content\\\/uploads\\\/2019\\\/02\\\/WhatsApp-Image-2019-02-19-at-18.35.26.jpeg\",\"datePublished\":\"2019-02-20T14:49:46+00:00\",\"dateModified\":\"2023-11-28T11:36:58+00:00\",\"breadcrumb\":{\"@id\":\"https:\\\/\\\/www.itakaescolapios.org\\\/ca\\\/2019\\\/02\\\/reunion-con-el-equipo-general-del-movimiento-calasanz\\\/#breadcrumb\"},\"inLanguage\":\"ca\",\"potentialAction\":[{\"@type\":\"ReadAction\",\"target\":[\"https:\\\/\\\/www.itakaescolapios.org\\\/ca\\\/2019\\\/02\\\/reunion-con-el-equipo-general-del-movimiento-calasanz\\\/\"]}]},{\"@type\":\"ImageObject\",\"inLanguage\":\"ca\",\"@id\":\"https:\\\/\\\/www.itakaescolapios.org\\\/ca\\\/2019\\\/02\\\/reunion-con-el-equipo-general-del-movimiento-calasanz\\\/#primaryimage\",\"url\":\"https:\\\/\\\/www.itakaescolapios.org\\\/wp-content\\\/uploads\\\/2019\\\/02\\\/WhatsApp-Image-2019-02-19-at-18.35.26.jpeg\",\"contentUrl\":\"https:\\\/\\\/www.itakaescolapios.org\\\/wp-content\\\/uploads\\\/2019\\\/02\\\/WhatsApp-Image-2019-02-19-at-18.35.26.jpeg\",\"width\":1024,\"height\":616},{\"@type\":\"BreadcrumbList\",\"@id\":\"https:\\\/\\\/www.itakaescolapios.org\\\/ca\\\/2019\\\/02\\\/reunion-con-el-equipo-general-del-movimiento-calasanz\\\/#breadcrumb\",\"itemListElement\":[{\"@type\":\"ListItem\",\"position\":1,\"name\":\"Itaka-Escolapios\",\"item\":\"https:\\\/\\\/www.itakaescolapios.org\\\/es\\\/\"},{\"@type\":\"ListItem\",\"position\":2,\"name\":\"Reuni\u00f3n con el Equipo general del Movimiento Calasanz\"}]},{\"@type\":\"WebSite\",\"@id\":\"https:\\\/\\\/www.itakaescolapios.org\\\/ca\\\/es\\\/#website\",\"url\":\"https:\\\/\\\/www.itakaescolapios.org\\\/ca\\\/es\\\/\",\"name\":\"Itaka-Escolapios\",\"description\":\"Red de Itaka-Escolapios\",\"publisher\":{\"@id\":\"https:\\\/\\\/www.itakaescolapios.org\\\/ca\\\/es\\\/#organization\"},\"potentialAction\":[{\"@type\":\"SearchAction\",\"target\":{\"@type\":\"EntryPoint\",\"urlTemplate\":\"https:\\\/\\\/www.itakaescolapios.org\\\/ca\\\/es\\\/?s={search_term_string}\"},\"query-input\":{\"@type\":\"PropertyValueSpecification\",\"valueRequired\":true,\"valueName\":\"search_term_string\"}}],\"inLanguage\":\"ca\"},{\"@type\":\"Organization\",\"@id\":\"https:\\\/\\\/www.itakaescolapios.org\\\/ca\\\/es\\\/#organization\",\"name\":\"Fundaci\u00f3 Itaka-Escolapios\",\"url\":\"https:\\\/\\\/www.itakaescolapios.org\\\/ca\\\/es\\\/\",\"logo\":{\"@type\":\"ImageObject\",\"inLanguage\":\"ca\",\"@id\":\"https:\\\/\\\/www.itakaescolapios.org\\\/ca\\\/es\\\/#\\\/schema\\\/logo\\\/image\\\/\",\"url\":\"https:\\\/\\\/www.itakaescolapios.org\\\/wp-content\\\/uploads\\\/2024\\\/04\\\/Logo-itakaescolapios-peque.png\",\"contentUrl\":\"https:\\\/\\\/www.itakaescolapios.org\\\/wp-content\\\/uploads\\\/2024\\\/04\\\/Logo-itakaescolapios-peque.png\",\"width\":500,\"height\":199,\"caption\":\"Fundaci\u00f3 Itaka-Escolapios\"},\"image\":{\"@id\":\"https:\\\/\\\/www.itakaescolapios.org\\\/ca\\\/es\\\/#\\\/schema\\\/logo\\\/image\\\/\"}},{\"@type\":\"Person\",\"@id\":\"https:\\\/\\\/www.itakaescolapios.org\\\/es\\\/#\\\/schema\\\/person\\\/768ce0f19db5c2c2b6361e77e15db2db\",\"name\":\"itakaescolapios\",\"url\":\"https:\\\/\\\/www.itakaescolapios.org\\\/ca\\\/author\\\/itakaescolapios\\\/\"}]}<\/script>\n<!-- \/ Yoast SEO plugin. -->","yoast_head_json":{"title":"Reuni\u00f3n con el Equipo general del Movimiento Calasanz","description":"El 19 de febrero se celebr\u00f3 una reuni\u00f3n por videoconferencia de la Comisi\u00f3n Ejecutiva de Itaka-Escolapios con el Equipo general del Movimiento Calasanz de la Orden. Fue un grato e interesante encuentro, que sirvi\u00f3 para compartir el momento actual y los retos desde la perspectiva de cada equipo, viendo caminos de refuerzo mutuo. En la&hellip;","robots":{"index":"index","follow":"follow","max-snippet":"max-snippet:-1","max-image-preview":"max-image-preview:large","max-video-preview":"max-video-preview:-1"},"canonical":"El 19 de febrero se celebr\u00f3 una reuni\u00f3n por videoconferencia de la Comisi\u00f3n Ejecutiva de Itaka-Escolapios con el Equipo general del Movimiento Calasanz de la Orden. Fue un grato e interesante encuentro, que sirvi\u00f3 para compartir el momento actual y los retos desde la perspectiva de cada equipo, viendo caminos de refuerzo mutuo. En la&hellip;","og_locale":"ca_ES","og_type":"article","og_title":"Reuni\u00f3n con el Equipo general del Movimiento Calasanz","og_description":"El 19 de febrero se celebr\u00f3 una reuni\u00f3n por videoconferencia de la Comisi\u00f3n Ejecutiva de Itaka-Escolapios con el Equipo general del Movimiento Calasanz de la Orden. Fue un grato e interesante encuentro, que sirvi\u00f3 para compartir el momento actual y los retos desde la perspectiva de cada equipo, viendo caminos de refuerzo mutuo. En la&hellip;","og_url":"https:\/\/www.itakaescolapios.org\/ca\/2019\/02\/reunion-con-el-equipo-general-del-movimiento-calasanz\/","og_site_name":"Itaka-Escolapios","article_published_time":"2019-02-20T14:49:46+00:00","article_modified_time":"2023-11-28T11:36:58+00:00","og_image":[{"width":1024,"height":616,"url":"https:\/\/www.itakaescolapios.org\/wp-content\/uploads\/2019\/02\/WhatsApp-Image-2019-02-19-at-18.35.26.jpeg","type":"image\/jpeg"}],"author":"itakaescolapios","twitter_card":"summary_large_image","twitter_misc":{"Escrit per":"itakaescolapios","Temps estimat de lectura":"1 minut"},"schema":{"@context":"https:\/\/schema.org","@graph":[{"@type":"Article","@id":"https:\/\/www.itakaescolapios.org\/ca\/2019\/02\/reunion-con-el-equipo-general-del-movimiento-calasanz\/#article","isPartOf":{"@id":"https:\/\/www.itakaescolapios.org\/ca\/2019\/02\/reunion-con-el-equipo-general-del-movimiento-calasanz\/"},"author":{"name":"itakaescolapios","@id":"https:\/\/www.itakaescolapios.org\/es\/#\/schema\/person\/768ce0f19db5c2c2b6361e77e15db2db"},"headline":"Reuni\u00f3n con el Equipo general del Movimiento Calasanz","datePublished":"2019-02-20T14:49:46+00:00","dateModified":"2023-11-28T11:36:58+00:00","mainEntityOfPage":{"@id":"https:\/\/www.itakaescolapios.org\/ca\/2019\/02\/reunion-con-el-equipo-general-del-movimiento-calasanz\/"},"wordCount":119,"publisher":{"@id":"https:\/\/www.itakaescolapios.org\/es\/#organization"},"image":{"@id":"https:\/\/www.itakaescolapios.org\/ca\/2019\/02\/reunion-con-el-equipo-general-del-movimiento-calasanz\/#primaryimage"},"thumbnailUrl":"https:\/\/www.itakaescolapios.org\/wp-content\/uploads\/2019\/02\/WhatsApp-Image-2019-02-19-at-18.35.26.jpeg","articleSection":["Itaka Escolapios"],"inLanguage":"ca"},{"@type":"WebPage","@id":"https:\/\/www.itakaescolapios.org\/ca\/2019\/02\/reunion-con-el-equipo-general-del-movimiento-calasanz\/","url":"https:\/\/www.itakaescolapios.org\/ca\/2019\/02\/reunion-con-el-equipo-general-del-movimiento-calasanz\/","name":"Reuni\u00f3n con el Equipo general del Movimiento Calasanz - Itaka-Escolapios","isPartOf":{"@id":"https:\/\/www.itakaescolapios.org\/es\/#website"},"primaryImageOfPage":{"@id":"https:\/\/www.itakaescolapios.org\/ca\/2019\/02\/reunion-con-el-equipo-general-del-movimiento-calasanz\/#primaryimage"},"image":{"@id":"https:\/\/www.itakaescolapios.org\/ca\/2019\/02\/reunion-con-el-equipo-general-del-movimiento-calasanz\/#primaryimage"},"thumbnailUrl":"https:\/\/www.itakaescolapios.org\/wp-content\/uploads\/2019\/02\/WhatsApp-Image-2019-02-19-at-18.35.26.jpeg","datePublished":"2019-02-20T14:49:46+00:00","dateModified":"2023-11-28T11:36:58+00:00","breadcrumb":{"@id":"https:\/\/www.itakaescolapios.org\/ca\/2019\/02\/reunion-con-el-equipo-general-del-movimiento-calasanz\/#breadcrumb"},"inLanguage":"ca","potentialAction":[{"@type":"ReadAction","target":["https:\/\/www.itakaescolapios.org\/ca\/2019\/02\/reunion-con-el-equipo-general-del-movimiento-calasanz\/"]}]},{"@type":"ImageObject","inLanguage":"ca","@id":"https:\/\/www.itakaescolapios.org\/ca\/2019\/02\/reunion-con-el-equipo-general-del-movimiento-calasanz\/#primaryimage","url":"https:\/\/www.itakaescolapios.org\/wp-content\/uploads\/2019\/02\/WhatsApp-Image-2019-02-19-at-18.35.26.jpeg","contentUrl":"https:\/\/www.itakaescolapios.org\/wp-content\/uploads\/2019\/02\/WhatsApp-Image-2019-02-19-at-18.35.26.jpeg","width":1024,"height":616},{"@type":"BreadcrumbList","@id":"https:\/\/www.itakaescolapios.org\/ca\/2019\/02\/reunion-con-el-equipo-general-del-movimiento-calasanz\/#breadcrumb","itemListElement":[{"@type":"ListItem","position":1,"name":"Itaka-Escolapios","item":"https:\/\/www.itakaescolapios.org\/es\/"},{"@type":"ListItem","position":2,"name":"Reuni\u00f3n con el Equipo general del Movimiento Calasanz"}]},{"@type":"WebSite","@id":"https:\/\/www.itakaescolapios.org\/ca\/es\/#website","url":"https:\/\/www.itakaescolapios.org\/ca\/es\/","name":"Itaka-Escolapios","description":"Red de Itaka-Escolapios","publisher":{"@id":"https:\/\/www.itakaescolapios.org\/ca\/es\/#organization"},"potentialAction":[{"@type":"SearchAction","target":{"@type":"EntryPoint","urlTemplate":"https:\/\/www.itakaescolapios.org\/ca\/es\/?s={search_term_string}"},"query-input":{"@type":"PropertyValueSpecification","valueRequired":true,"valueName":"search_term_string"}}],"inLanguage":"ca"},{"@type":"Organization","@id":"https:\/\/www.itakaescolapios.org\/ca\/es\/#organization","name":"Fundaci\u00f3 Itaka-Escolapios","url":"https:\/\/www.itakaescolapios.org\/ca\/es\/","logo":{"@type":"ImageObject","inLanguage":"ca","@id":"https:\/\/www.itakaescolapios.org\/ca\/es\/#\/schema\/logo\/image\/","url":"https:\/\/www.itakaescolapios.org\/wp-content\/uploads\/2024\/04\/Logo-itakaescolapios-peque.png","contentUrl":"https:\/\/www.itakaescolapios.org\/wp-content\/uploads\/2024\/04\/Logo-itakaescolapios-peque.png","width":500,"height":199,"caption":"Fundaci\u00f3 Itaka-Escolapios"},"image":{"@id":"https:\/\/www.itakaescolapios.org\/ca\/es\/#\/schema\/logo\/image\/"}},{"@type":"Person","@id":"https:\/\/www.itakaescolapios.org\/es\/#\/schema\/person\/768ce0f19db5c2c2b6361e77e15db2db","name":"itakaescolapios","url":"https:\/\/www.itakaescolapios.org\/ca\/author\/itakaescolapios\/"}]}},"_links":{"self":[{"href":"https:\/\/www.itakaescolapios.org\/ca\/wp-json\/wp\/v2\/posts\/26759","targetHints":{"allow":["GET"]}}],"collection":[{"href":"https:\/\/www.itakaescolapios.org\/ca\/wp-json\/wp\/v2\/posts"}],"about":[{"href":"https:\/\/www.itakaescolapios.org\/ca\/wp-json\/wp\/v2\/types\/post"}],"author":[{"embeddable":true,"href":"https:\/\/www.itakaescolapios.org\/ca\/wp-json\/wp\/v2\/users\/46"}],"replies":[{"embeddable":true,"href":"https:\/\/www.itakaescolapios.org\/ca\/wp-json\/wp\/v2\/comments?post=26759"}],"version-history":[{"count":12,"href":"https:\/\/www.itakaescolapios.org\/ca\/wp-json\/wp\/v2\/posts\/26759\/revisions"}],"predecessor-version":[{"id":45875,"href":"https:\/\/www.itakaescolapios.org\/ca\/wp-json\/wp\/v2\/posts\/26759\/revisions\/45875"}],"wp:featuredmedia":[{"embeddable":true,"href":"https:\/\/www.itakaescolapios.org\/ca\/wp-json\/wp\/v2\/media\/26760"}],"wp:attachment":[{"href":"https:\/\/www.itakaescolapios.org\/ca\/wp-json\/wp\/v2\/media?parent=26759"}],"wp:term":[{"taxonomy":"category","embeddable":true,"href":"https:\/\/www.itakaescolapios.org\/ca\/wp-json\/wp\/v2\/categories?post=26759"},{"taxonomy":"post_tag","embeddable":true,"href":"https:\/\/www.itakaescolapios.org\/ca\/wp-json\/wp\/v2\/tags?post=26759"}],"curies":[{"name":"wp","href":"https:\/\/api.w.org\/{rel}","templated":true}]}}