{"id":27079,"date":"2019-03-18T13:16:43","date_gmt":"2019-03-18T12:16:43","guid":{"rendered":"https:\/\/www.itakaescolapios.org\/?p=27079"},"modified":"2023-11-28T12:36:55","modified_gmt":"2023-11-28T11:36:55","slug":"amaltea-crea-su-propia-falla","status":"publish","type":"post","link":"https:\/\/www.itakaescolapios.org\/ca\/2019\/03\/amaltea-crea-su-propia-falla\/","title":{"rendered":"AMALTEA CREA SU PROPIA FALLA"},"content":{"rendered":"<p style=\"text-align: justify\">Las Fallas se celebran estos d\u00edas en Valencia, y, como no pod\u00eda ser menos, desde Itaka- Escolapios tambi\u00e9n nos hemos unido a la fiesta; en concreto, con el proyecto que ha llevado a cabo Amaltea con sus ni\u00f1os y ni\u00f1as durante varios meses para crear su propio monumento fallero dentro del proyecto \u201cEnse\u00f1-Arte\u201d. Este proyecto tiene la voluntad de transformar y crear impacto sobre el barrio, y empoderar a nuestros ni\u00f1os para llevar a cabo esta acci\u00f3n transformadora.<\/p>\n<p style=\"text-align: justify\">Los chavales de los grupos 5 y 6, de entre 12 a 16 a\u00f1os, con la ayuda del artista fallero V\u00edctor (@misterchanga en Instagram), han estado trabajando en el dise\u00f1o, creaci\u00f3n y montaje de una falla que, como manda la tradici\u00f3n, se quem\u00f3 hace unos d\u00edas en L\u00b4Hort de la Botxa, muy cerca de Amaltea.<\/p>\n<p style=\"text-align: justify\">En enero, todos y todas juntos empezaron a pensar la tem\u00e1tica de la falla. Quer\u00edan hablar de del barrio, de lo que les gustaba y de lo que no, denunciando el alquiler tur\u00edstico y gentrificaci\u00f3n, la delincuencia, la inseguridad y las drogas; pero tambi\u00e9n sobre Amaltea y lo que significa para todos los ni\u00f1os: un lugar com\u00fan, de acogida para todos ellos.<\/p>\n<p style=\"text-align: justify\">A continuaci\u00f3n, empez\u00f3 el proceso creativo, dibujos y paneles de expresi\u00f3n art\u00edstica que poco a poco se fueron plasmando en los ninots de la falla. En algunos talleres tambi\u00e9n participaron los m\u00e1s peque\u00f1os del Centro Convivencial, de los grupos 1, 2 y 3, que hicieron sus propios ninots. Al final, la falla ha contado con cantantes de trap, canchas de baloncesto (para reivindicar m\u00e1s espacios para jugar en el barrio) y dinosaurios, pasando por representaciones de ellos mismos en forma de ninot, todos relacionados con la tem\u00e1tica que hab\u00edan trabajado y elegido.<\/p>\n<p style=\"text-align: justify\">Ha sido realmente una falla infantil, dise\u00f1ada y creada por los ni\u00f1os y ni\u00f1as, que han participado y demostrado sus dotes art\u00edsticas durante todo el proceso.<\/p>\n<p style=\"text-align: justify\">La culminaci\u00f3n de este proyecto lleg\u00f3 el d\u00eda de la fiesta de Fallas, al que estaban invitadas todas las familias y el CRIS de Velluters. Tuvimos plant\u00e0 de la falla en l\u00b4Hort de la Botxa, pasacalles, xocolat\u00e0, fuegos artificales y, por supuesto, la crem\u00e0 del monumento.<\/p>\n<p style=\"text-align: justify\">Solo nos queda agradecer el espacio de l\u00b4Hort de la Botxa, donde hicimos la crem\u00e0 y que ser\u00e1 un huerto urbano en breve; al Ayuntamiento de Valencia por dejarnos quemarla, y especialmente, a nuestro artista fallero, V\u00edctor, su trabajo y paciencia durante este tiempo, que ha dado como resultado esta estupenda falla y, sobre todo, la ilusi\u00f3n de los chavales por participar en el proyecto fallero.<\/p>\n\n\t\t<style type=\"text\/css\">\n\t\t\t#gallery-1 {\n\t\t\t\tmargin: auto;\n\t\t\t}\n\t\t\t#gallery-1 .gallery-item {\n\t\t\t\tfloat: left;\n\t\t\t\tmargin-top: 10px;\n\t\t\t\ttext-align: center;\n\t\t\t\twidth: 33%;\n\t\t\t}\n\t\t\t#gallery-1 img {\n\t\t\t\tborder: 2px solid #cfcfcf;\n\t\t\t}\n\t\t\t#gallery-1 .gallery-caption {\n\t\t\t\tmargin-left: 0;\n\t\t\t}\n\t\t\t\/* see gallery_shortcode() in wp-includes\/media.php *\/\n\t\t<\/style>\n\t\t<div id='gallery-1' class='gallery galleryid-27079 gallery-columns-3 gallery-size-thumbnail'><dl class='gallery-item'>\n\t\t\t<dt class='gallery-icon landscape'>\n\t\t\t\t<a href='https:\/\/www.itakaescolapios.org\/ca\/2019\/03\/amaltea-crea-su-propia-falla\/whatsapp-image-2019-03-14-at-13-07-57-1\/'><img decoding=\"async\" width=\"90\" height=\"90\" src=\"https:\/\/www.itakaescolapios.org\/wp-content\/uploads\/2019\/03\/WhatsApp-Image-2019-03-14-at-13.07.57-1-90x90.jpeg\" class=\"attachment-thumbnail size-thumbnail\" alt=\"\" \/><\/a>\n\t\t\t<\/dt><\/dl><dl class='gallery-item'>\n\t\t\t<dt class='gallery-icon landscape'>\n\t\t\t\t<a href='https:\/\/www.itakaescolapios.org\/ca\/2019\/03\/amaltea-crea-su-propia-falla\/whatsapp-image-2019-03-14-at-13-07-58-4\/'><img decoding=\"async\" width=\"90\" height=\"90\" src=\"https:\/\/www.itakaescolapios.org\/wp-content\/uploads\/2019\/03\/WhatsApp-Image-2019-03-14-at-13.07.58-4-90x90.jpeg\" class=\"attachment-thumbnail size-thumbnail\" alt=\"\" \/><\/a>\n\t\t\t<\/dt><\/dl><dl class='gallery-item'>\n\t\t\t<dt class='gallery-icon landscape'>\n\t\t\t\t<a href='https:\/\/www.itakaescolapios.org\/ca\/2019\/03\/amaltea-crea-su-propia-falla\/whatsapp-image-2019-03-14-at-13-07-58-5\/'><img decoding=\"async\" width=\"90\" height=\"90\" src=\"https:\/\/www.itakaescolapios.org\/wp-content\/uploads\/2019\/03\/WhatsApp-Image-2019-03-14-at-13.07.58-5-90x90.jpeg\" class=\"attachment-thumbnail size-thumbnail\" alt=\"\" \/><\/a>\n\t\t\t<\/dt><\/dl><br style=\"clear: both\" \/><dl class='gallery-item'>\n\t\t\t<dt class='gallery-icon portrait'>\n\t\t\t\t<a href='https:\/\/www.itakaescolapios.org\/ca\/2019\/03\/amaltea-crea-su-propia-falla\/whatsapp-image-2019-03-14-at-13-07-58-1\/'><img decoding=\"async\" width=\"90\" height=\"90\" src=\"https:\/\/www.itakaescolapios.org\/wp-content\/uploads\/2019\/03\/WhatsApp-Image-2019-03-14-at-13.07.58-1-90x90.jpeg\" class=\"attachment-thumbnail size-thumbnail\" alt=\"\" \/><\/a>\n\t\t\t<\/dt><\/dl><dl class='gallery-item'>\n\t\t\t<dt class='gallery-icon portrait'>\n\t\t\t\t<a href='https:\/\/www.itakaescolapios.org\/ca\/2019\/03\/amaltea-crea-su-propia-falla\/whatsapp-image-2019-03-14-at-13-07-59-4\/'><img decoding=\"async\" width=\"90\" height=\"90\" src=\"https:\/\/www.itakaescolapios.org\/wp-content\/uploads\/2019\/03\/WhatsApp-Image-2019-03-14-at-13.07.59-4-90x90.jpeg\" class=\"attachment-thumbnail size-thumbnail\" alt=\"\" \/><\/a>\n\t\t\t<\/dt><\/dl><dl class='gallery-item'>\n\t\t\t<dt class='gallery-icon portrait'>\n\t\t\t\t<a href='https:\/\/www.itakaescolapios.org\/ca\/2019\/03\/amaltea-crea-su-propia-falla\/whatsapp-image-2019-03-14-at-13-08-00-4\/'><img decoding=\"async\" width=\"90\" height=\"90\" src=\"https:\/\/www.itakaescolapios.org\/wp-content\/uploads\/2019\/03\/WhatsApp-Image-2019-03-14-at-13.08.00-4-90x90.jpeg\" class=\"attachment-thumbnail size-thumbnail\" alt=\"\" \/><\/a>\n\t\t\t<\/dt><\/dl><br style=\"clear: both\" \/><dl class='gallery-item'>\n\t\t\t<dt class='gallery-icon portrait'>\n\t\t\t\t<a href='https:\/\/www.itakaescolapios.org\/ca\/2019\/03\/amaltea-crea-su-propia-falla\/whatsapp-image-2019-03-14-at-13-07-58-3\/'><img decoding=\"async\" width=\"90\" height=\"90\" src=\"https:\/\/www.itakaescolapios.org\/wp-content\/uploads\/2019\/03\/WhatsApp-Image-2019-03-14-at-13.07.58-3-90x90.jpeg\" class=\"attachment-thumbnail size-thumbnail\" alt=\"\" \/><\/a>\n\t\t\t<\/dt><\/dl><dl class='gallery-item'>\n\t\t\t<dt class='gallery-icon portrait'>\n\t\t\t\t<a href='https:\/\/www.itakaescolapios.org\/ca\/2019\/03\/amaltea-crea-su-propia-falla\/whatsapp-image-2019-03-14-at-13-08-00-5\/'><img decoding=\"async\" width=\"90\" height=\"90\" src=\"https:\/\/www.itakaescolapios.org\/wp-content\/uploads\/2019\/03\/WhatsApp-Image-2019-03-14-at-13.08.00-5-90x90.jpeg\" class=\"attachment-thumbnail size-thumbnail\" alt=\"\" \/><\/a>\n\t\t\t<\/dt><\/dl><dl class='gallery-item'>\n\t\t\t<dt class='gallery-icon portrait'>\n\t\t\t\t<a href='https:\/\/www.itakaescolapios.org\/ca\/2019\/03\/amaltea-crea-su-propia-falla\/whatsapp-image-2019-03-14-at-13-08-00-1\/'><img decoding=\"async\" width=\"90\" height=\"90\" src=\"https:\/\/www.itakaescolapios.org\/wp-content\/uploads\/2019\/03\/WhatsApp-Image-2019-03-14-at-13.08.00-1-90x90.jpeg\" class=\"attachment-thumbnail size-thumbnail\" alt=\"\" \/><\/a>\n\t\t\t<\/dt><\/dl><br style=\"clear: both\" \/><dl class='gallery-item'>\n\t\t\t<dt class='gallery-icon portrait'>\n\t\t\t\t<a href='https:\/\/www.itakaescolapios.org\/ca\/2019\/03\/amaltea-crea-su-propia-falla\/whatsapp-image-2019-03-14-at-13-08-00\/'><img decoding=\"async\" width=\"90\" height=\"90\" src=\"https:\/\/www.itakaescolapios.org\/wp-content\/uploads\/2019\/03\/WhatsApp-Image-2019-03-14-at-13.08.00-90x90.jpeg\" class=\"attachment-thumbnail size-thumbnail\" alt=\"\" \/><\/a>\n\t\t\t<\/dt><\/dl><dl class='gallery-item'>\n\t\t\t<dt class='gallery-icon portrait'>\n\t\t\t\t<a href='https:\/\/www.itakaescolapios.org\/ca\/2019\/03\/amaltea-crea-su-propia-falla\/whatsapp-image-2019-03-14-at-13-07-59-3\/'><img decoding=\"async\" width=\"90\" height=\"90\" src=\"https:\/\/www.itakaescolapios.org\/wp-content\/uploads\/2019\/03\/WhatsApp-Image-2019-03-14-at-13.07.59-3-90x90.jpeg\" class=\"attachment-thumbnail size-thumbnail\" alt=\"\" \/><\/a>\n\t\t\t<\/dt><\/dl><dl class='gallery-item'>\n\t\t\t<dt class='gallery-icon portrait'>\n\t\t\t\t<a href='https:\/\/www.itakaescolapios.org\/ca\/2019\/03\/amaltea-crea-su-propia-falla\/whatsapp-image-2019-03-14-at-13-07-59-1\/'><img decoding=\"async\" width=\"90\" height=\"90\" src=\"https:\/\/www.itakaescolapios.org\/wp-content\/uploads\/2019\/03\/WhatsApp-Image-2019-03-14-at-13.07.59-1-90x90.jpeg\" class=\"attachment-thumbnail size-thumbnail\" alt=\"\" \/><\/a>\n\t\t\t<\/dt><\/dl><br style=\"clear: both\" \/><dl class='gallery-item'>\n\t\t\t<dt class='gallery-icon portrait'>\n\t\t\t\t<a href='https:\/\/www.itakaescolapios.org\/ca\/2019\/03\/amaltea-crea-su-propia-falla\/whatsapp-image-2019-03-14-at-13-08-00-2\/'><img decoding=\"async\" width=\"90\" height=\"90\" src=\"https:\/\/www.itakaescolapios.org\/wp-content\/uploads\/2019\/03\/WhatsApp-Image-2019-03-14-at-13.08.00-2-90x90.jpeg\" class=\"attachment-thumbnail size-thumbnail\" alt=\"\" \/><\/a>\n\t\t\t<\/dt><\/dl>\n\t\t\t<br style='clear: both' \/>\n\t\t<\/div>\n\n","protected":false},"excerpt":{"rendered":"<p>Las Fallas se celebran estos d\u00edas en Valencia, y, como no pod\u00eda ser menos, desde Itaka- Escolapios tambi\u00e9n nos hemos unido a la fiesta; en concreto, con el proyecto que [&hellip;]<\/p>\n","protected":false},"author":48,"featured_media":27091,"comment_status":"closed","ping_status":"closed","sticky":false,"template":"","format":"standard","meta":{"_et_pb_use_builder":"","_et_pb_old_content":"","_et_gb_content_width":"","footnotes":""},"categories":[12],"tags":[],"class_list":["post-27079","post","type-post","status-publish","format-standard","has-post-thumbnail","hentry","category-valencia"],"yoast_head":"<!-- This site is optimized with the Yoast SEO plugin v27.4 - https:\/\/yoast.com\/product\/yoast-seo-wordpress\/ -->\n<title>AMALTEA CREA SU PROPIA FALLA<\/title>\n<meta name=\"description\" content=\"Las Fallas se celebran estos d\u00edas en Valencia, y, como no pod\u00eda ser menos, desde Itaka- Escolapios tambi\u00e9n nos hemos unido a la fiesta; en concreto, con el proyecto que ha llevado a cabo Amaltea con sus ni\u00f1os y ni\u00f1as durante varios meses para crear su propio monumento fallero dentro del proyecto \u201cEnse\u00f1-Arte\u201d. Este proyecto&hellip;\" \/>\n<meta name=\"robots\" content=\"index, follow, max-snippet:-1, max-image-preview:large, max-video-preview:-1\" \/>\n<link rel=\"canonical\" href=\"http:\/\/Las%20Fallas%20se%20celebran%20estos%20d\u00edas%20en%20Valencia,%20y,%20como%20no%20pod\u00eda%20ser%20menos,%20desde%20Itaka-%20Escolapios%20tambi\u00e9n%20nos%20hemos%20unido%20a%20la%20fiesta;%20en%20concreto,%20con%20el%20proyecto%20que%20ha%20llevado%20a%20cabo%20Amaltea%20con%20sus%20ni\u00f1os%20y%20ni\u00f1as%20durante%20varios%20meses%20para%20crear%20su%20propio%20monumento%20fallero%20dentro%20del%20proyecto%20\u201cEnse\u00f1-Arte\u201d.%20Este%20proyecto&hellip;\" \/>\n<meta property=\"og:locale\" content=\"ca_ES\" \/>\n<meta property=\"og:type\" content=\"article\" \/>\n<meta property=\"og:title\" content=\"AMALTEA CREA SU PROPIA FALLA\" \/>\n<meta property=\"og:description\" content=\"Las Fallas se celebran estos d\u00edas en Valencia, y, como no pod\u00eda ser menos, desde Itaka- Escolapios tambi\u00e9n nos hemos unido a la fiesta; en concreto, con el proyecto que ha llevado a cabo Amaltea con sus ni\u00f1os y ni\u00f1as durante varios meses para crear su propio monumento fallero dentro del proyecto \u201cEnse\u00f1-Arte\u201d. Este proyecto&hellip;\" \/>\n<meta property=\"og:url\" content=\"https:\/\/www.itakaescolapios.org\/ca\/2019\/03\/amaltea-crea-su-propia-falla\/\" \/>\n<meta property=\"og:site_name\" content=\"Itaka-Escolapios\" \/>\n<meta property=\"article:published_time\" content=\"2019-03-18T12:16:43+00:00\" \/>\n<meta property=\"article:modified_time\" content=\"2023-11-28T11:36:55+00:00\" \/>\n<meta property=\"og:image\" content=\"https:\/\/www.itakaescolapios.org\/wp-content\/uploads\/2019\/03\/WhatsApp-Image-2019-03-14-at-13.07.59-1.jpeg\" \/>\n\t<meta property=\"og:image:width\" content=\"1035\" \/>\n\t<meta property=\"og:image:height\" content=\"1380\" \/>\n\t<meta property=\"og:image:type\" content=\"image\/jpeg\" \/>\n<meta name=\"author\" content=\"madrid01\" \/>\n<meta name=\"twitter:card\" content=\"summary_large_image\" \/>\n<meta name=\"twitter:label1\" content=\"Escrit per\" \/>\n\t<meta name=\"twitter:data1\" content=\"madrid01\" \/>\n\t<meta name=\"twitter:label2\" content=\"Temps estimat de lectura\" \/>\n\t<meta name=\"twitter:data2\" content=\"2 minuts\" \/>\n<script type=\"application\/ld+json\" class=\"yoast-schema-graph\">{\"@context\":\"https:\\\/\\\/schema.org\",\"@graph\":[{\"@type\":\"Article\",\"@id\":\"https:\\\/\\\/www.itakaescolapios.org\\\/ca\\\/2019\\\/03\\\/amaltea-crea-su-propia-falla\\\/#article\",\"isPartOf\":{\"@id\":\"https:\\\/\\\/www.itakaescolapios.org\\\/ca\\\/2019\\\/03\\\/amaltea-crea-su-propia-falla\\\/\"},\"author\":{\"name\":\"madrid01\",\"@id\":\"https:\\\/\\\/www.itakaescolapios.org\\\/es\\\/#\\\/schema\\\/person\\\/bcd60d18d9795d0e978153a567a2edcb\"},\"headline\":\"AMALTEA CREA SU PROPIA FALLA\",\"datePublished\":\"2019-03-18T12:16:43+00:00\",\"dateModified\":\"2023-11-28T11:36:55+00:00\",\"mainEntityOfPage\":{\"@id\":\"https:\\\/\\\/www.itakaescolapios.org\\\/ca\\\/2019\\\/03\\\/amaltea-crea-su-propia-falla\\\/\"},\"wordCount\":466,\"publisher\":{\"@id\":\"https:\\\/\\\/www.itakaescolapios.org\\\/es\\\/#organization\"},\"image\":{\"@id\":\"https:\\\/\\\/www.itakaescolapios.org\\\/ca\\\/2019\\\/03\\\/amaltea-crea-su-propia-falla\\\/#primaryimage\"},\"thumbnailUrl\":\"https:\\\/\\\/www.itakaescolapios.org\\\/wp-content\\\/uploads\\\/2019\\\/03\\\/WhatsApp-Image-2019-03-14-at-13.07.59-1.jpeg\",\"articleSection\":[\"Valencia\"],\"inLanguage\":\"ca\"},{\"@type\":\"WebPage\",\"@id\":\"https:\\\/\\\/www.itakaescolapios.org\\\/ca\\\/2019\\\/03\\\/amaltea-crea-su-propia-falla\\\/\",\"url\":\"https:\\\/\\\/www.itakaescolapios.org\\\/ca\\\/2019\\\/03\\\/amaltea-crea-su-propia-falla\\\/\",\"name\":\"AMALTEA CREA SU PROPIA FALLA - Itaka-Escolapios\",\"isPartOf\":{\"@id\":\"https:\\\/\\\/www.itakaescolapios.org\\\/es\\\/#website\"},\"primaryImageOfPage\":{\"@id\":\"https:\\\/\\\/www.itakaescolapios.org\\\/ca\\\/2019\\\/03\\\/amaltea-crea-su-propia-falla\\\/#primaryimage\"},\"image\":{\"@id\":\"https:\\\/\\\/www.itakaescolapios.org\\\/ca\\\/2019\\\/03\\\/amaltea-crea-su-propia-falla\\\/#primaryimage\"},\"thumbnailUrl\":\"https:\\\/\\\/www.itakaescolapios.org\\\/wp-content\\\/uploads\\\/2019\\\/03\\\/WhatsApp-Image-2019-03-14-at-13.07.59-1.jpeg\",\"datePublished\":\"2019-03-18T12:16:43+00:00\",\"dateModified\":\"2023-11-28T11:36:55+00:00\",\"breadcrumb\":{\"@id\":\"https:\\\/\\\/www.itakaescolapios.org\\\/ca\\\/2019\\\/03\\\/amaltea-crea-su-propia-falla\\\/#breadcrumb\"},\"inLanguage\":\"ca\",\"potentialAction\":[{\"@type\":\"ReadAction\",\"target\":[\"https:\\\/\\\/www.itakaescolapios.org\\\/ca\\\/2019\\\/03\\\/amaltea-crea-su-propia-falla\\\/\"]}]},{\"@type\":\"ImageObject\",\"inLanguage\":\"ca\",\"@id\":\"https:\\\/\\\/www.itakaescolapios.org\\\/ca\\\/2019\\\/03\\\/amaltea-crea-su-propia-falla\\\/#primaryimage\",\"url\":\"https:\\\/\\\/www.itakaescolapios.org\\\/wp-content\\\/uploads\\\/2019\\\/03\\\/WhatsApp-Image-2019-03-14-at-13.07.59-1.jpeg\",\"contentUrl\":\"https:\\\/\\\/www.itakaescolapios.org\\\/wp-content\\\/uploads\\\/2019\\\/03\\\/WhatsApp-Image-2019-03-14-at-13.07.59-1.jpeg\",\"width\":1035,\"height\":1380},{\"@type\":\"BreadcrumbList\",\"@id\":\"https:\\\/\\\/www.itakaescolapios.org\\\/ca\\\/2019\\\/03\\\/amaltea-crea-su-propia-falla\\\/#breadcrumb\",\"itemListElement\":[{\"@type\":\"ListItem\",\"position\":1,\"name\":\"Itaka-Escolapios\",\"item\":\"https:\\\/\\\/www.itakaescolapios.org\\\/es\\\/\"},{\"@type\":\"ListItem\",\"position\":2,\"name\":\"AMALTEA CREA SU PROPIA FALLA\"}]},{\"@type\":\"WebSite\",\"@id\":\"https:\\\/\\\/www.itakaescolapios.org\\\/ca\\\/es\\\/#website\",\"url\":\"https:\\\/\\\/www.itakaescolapios.org\\\/ca\\\/es\\\/\",\"name\":\"Itaka-Escolapios\",\"description\":\"Red de Itaka-Escolapios\",\"publisher\":{\"@id\":\"https:\\\/\\\/www.itakaescolapios.org\\\/ca\\\/es\\\/#organization\"},\"potentialAction\":[{\"@type\":\"SearchAction\",\"target\":{\"@type\":\"EntryPoint\",\"urlTemplate\":\"https:\\\/\\\/www.itakaescolapios.org\\\/ca\\\/es\\\/?s={search_term_string}\"},\"query-input\":{\"@type\":\"PropertyValueSpecification\",\"valueRequired\":true,\"valueName\":\"search_term_string\"}}],\"inLanguage\":\"ca\"},{\"@type\":\"Organization\",\"@id\":\"https:\\\/\\\/www.itakaescolapios.org\\\/ca\\\/es\\\/#organization\",\"name\":\"Fundaci\u00f3 Itaka-Escolapios\",\"url\":\"https:\\\/\\\/www.itakaescolapios.org\\\/ca\\\/es\\\/\",\"logo\":{\"@type\":\"ImageObject\",\"inLanguage\":\"ca\",\"@id\":\"https:\\\/\\\/www.itakaescolapios.org\\\/ca\\\/es\\\/#\\\/schema\\\/logo\\\/image\\\/\",\"url\":\"https:\\\/\\\/www.itakaescolapios.org\\\/wp-content\\\/uploads\\\/2024\\\/04\\\/Logo-itakaescolapios-peque.png\",\"contentUrl\":\"https:\\\/\\\/www.itakaescolapios.org\\\/wp-content\\\/uploads\\\/2024\\\/04\\\/Logo-itakaescolapios-peque.png\",\"width\":500,\"height\":199,\"caption\":\"Fundaci\u00f3 Itaka-Escolapios\"},\"image\":{\"@id\":\"https:\\\/\\\/www.itakaescolapios.org\\\/ca\\\/es\\\/#\\\/schema\\\/logo\\\/image\\\/\"}},{\"@type\":\"Person\",\"@id\":\"https:\\\/\\\/www.itakaescolapios.org\\\/es\\\/#\\\/schema\\\/person\\\/bcd60d18d9795d0e978153a567a2edcb\",\"name\":\"madrid01\",\"url\":\"https:\\\/\\\/www.itakaescolapios.org\\\/ca\\\/author\\\/madrid01\\\/\"}]}<\/script>\n<!-- \/ Yoast SEO plugin. -->","yoast_head_json":{"title":"AMALTEA CREA SU PROPIA FALLA","description":"Las Fallas se celebran estos d\u00edas en Valencia, y, como no pod\u00eda ser menos, desde Itaka- Escolapios tambi\u00e9n nos hemos unido a la fiesta; en concreto, con el proyecto que ha llevado a cabo Amaltea con sus ni\u00f1os y ni\u00f1as durante varios meses para crear su propio monumento fallero dentro del proyecto \u201cEnse\u00f1-Arte\u201d. Este proyecto&hellip;","robots":{"index":"index","follow":"follow","max-snippet":"max-snippet:-1","max-image-preview":"max-image-preview:large","max-video-preview":"max-video-preview:-1"},"canonical":"Las Fallas se celebran estos d\u00edas en Valencia, y, como no pod\u00eda ser menos, desde Itaka- Escolapios tambi\u00e9n nos hemos unido a la fiesta; en concreto, con el proyecto que ha llevado a cabo Amaltea con sus ni\u00f1os y ni\u00f1as durante varios meses para crear su propio monumento fallero dentro del proyecto \u201cEnse\u00f1-Arte\u201d. Este proyecto&hellip;","og_locale":"ca_ES","og_type":"article","og_title":"AMALTEA CREA SU PROPIA FALLA","og_description":"Las Fallas se celebran estos d\u00edas en Valencia, y, como no pod\u00eda ser menos, desde Itaka- Escolapios tambi\u00e9n nos hemos unido a la fiesta; en concreto, con el proyecto que ha llevado a cabo Amaltea con sus ni\u00f1os y ni\u00f1as durante varios meses para crear su propio monumento fallero dentro del proyecto \u201cEnse\u00f1-Arte\u201d. Este proyecto&hellip;","og_url":"https:\/\/www.itakaescolapios.org\/ca\/2019\/03\/amaltea-crea-su-propia-falla\/","og_site_name":"Itaka-Escolapios","article_published_time":"2019-03-18T12:16:43+00:00","article_modified_time":"2023-11-28T11:36:55+00:00","og_image":[{"width":1035,"height":1380,"url":"https:\/\/www.itakaescolapios.org\/wp-content\/uploads\/2019\/03\/WhatsApp-Image-2019-03-14-at-13.07.59-1.jpeg","type":"image\/jpeg"}],"author":"madrid01","twitter_card":"summary_large_image","twitter_misc":{"Escrit per":"madrid01","Temps estimat de lectura":"2 minuts"},"schema":{"@context":"https:\/\/schema.org","@graph":[{"@type":"Article","@id":"https:\/\/www.itakaescolapios.org\/ca\/2019\/03\/amaltea-crea-su-propia-falla\/#article","isPartOf":{"@id":"https:\/\/www.itakaescolapios.org\/ca\/2019\/03\/amaltea-crea-su-propia-falla\/"},"author":{"name":"madrid01","@id":"https:\/\/www.itakaescolapios.org\/es\/#\/schema\/person\/bcd60d18d9795d0e978153a567a2edcb"},"headline":"AMALTEA CREA SU PROPIA FALLA","datePublished":"2019-03-18T12:16:43+00:00","dateModified":"2023-11-28T11:36:55+00:00","mainEntityOfPage":{"@id":"https:\/\/www.itakaescolapios.org\/ca\/2019\/03\/amaltea-crea-su-propia-falla\/"},"wordCount":466,"publisher":{"@id":"https:\/\/www.itakaescolapios.org\/es\/#organization"},"image":{"@id":"https:\/\/www.itakaescolapios.org\/ca\/2019\/03\/amaltea-crea-su-propia-falla\/#primaryimage"},"thumbnailUrl":"https:\/\/www.itakaescolapios.org\/wp-content\/uploads\/2019\/03\/WhatsApp-Image-2019-03-14-at-13.07.59-1.jpeg","articleSection":["Valencia"],"inLanguage":"ca"},{"@type":"WebPage","@id":"https:\/\/www.itakaescolapios.org\/ca\/2019\/03\/amaltea-crea-su-propia-falla\/","url":"https:\/\/www.itakaescolapios.org\/ca\/2019\/03\/amaltea-crea-su-propia-falla\/","name":"AMALTEA CREA SU PROPIA FALLA - Itaka-Escolapios","isPartOf":{"@id":"https:\/\/www.itakaescolapios.org\/es\/#website"},"primaryImageOfPage":{"@id":"https:\/\/www.itakaescolapios.org\/ca\/2019\/03\/amaltea-crea-su-propia-falla\/#primaryimage"},"image":{"@id":"https:\/\/www.itakaescolapios.org\/ca\/2019\/03\/amaltea-crea-su-propia-falla\/#primaryimage"},"thumbnailUrl":"https:\/\/www.itakaescolapios.org\/wp-content\/uploads\/2019\/03\/WhatsApp-Image-2019-03-14-at-13.07.59-1.jpeg","datePublished":"2019-03-18T12:16:43+00:00","dateModified":"2023-11-28T11:36:55+00:00","breadcrumb":{"@id":"https:\/\/www.itakaescolapios.org\/ca\/2019\/03\/amaltea-crea-su-propia-falla\/#breadcrumb"},"inLanguage":"ca","potentialAction":[{"@type":"ReadAction","target":["https:\/\/www.itakaescolapios.org\/ca\/2019\/03\/amaltea-crea-su-propia-falla\/"]}]},{"@type":"ImageObject","inLanguage":"ca","@id":"https:\/\/www.itakaescolapios.org\/ca\/2019\/03\/amaltea-crea-su-propia-falla\/#primaryimage","url":"https:\/\/www.itakaescolapios.org\/wp-content\/uploads\/2019\/03\/WhatsApp-Image-2019-03-14-at-13.07.59-1.jpeg","contentUrl":"https:\/\/www.itakaescolapios.org\/wp-content\/uploads\/2019\/03\/WhatsApp-Image-2019-03-14-at-13.07.59-1.jpeg","width":1035,"height":1380},{"@type":"BreadcrumbList","@id":"https:\/\/www.itakaescolapios.org\/ca\/2019\/03\/amaltea-crea-su-propia-falla\/#breadcrumb","itemListElement":[{"@type":"ListItem","position":1,"name":"Itaka-Escolapios","item":"https:\/\/www.itakaescolapios.org\/es\/"},{"@type":"ListItem","position":2,"name":"AMALTEA CREA SU PROPIA FALLA"}]},{"@type":"WebSite","@id":"https:\/\/www.itakaescolapios.org\/ca\/es\/#website","url":"https:\/\/www.itakaescolapios.org\/ca\/es\/","name":"Itaka-Escolapios","description":"Red de Itaka-Escolapios","publisher":{"@id":"https:\/\/www.itakaescolapios.org\/ca\/es\/#organization"},"potentialAction":[{"@type":"SearchAction","target":{"@type":"EntryPoint","urlTemplate":"https:\/\/www.itakaescolapios.org\/ca\/es\/?s={search_term_string}"},"query-input":{"@type":"PropertyValueSpecification","valueRequired":true,"valueName":"search_term_string"}}],"inLanguage":"ca"},{"@type":"Organization","@id":"https:\/\/www.itakaescolapios.org\/ca\/es\/#organization","name":"Fundaci\u00f3 Itaka-Escolapios","url":"https:\/\/www.itakaescolapios.org\/ca\/es\/","logo":{"@type":"ImageObject","inLanguage":"ca","@id":"https:\/\/www.itakaescolapios.org\/ca\/es\/#\/schema\/logo\/image\/","url":"https:\/\/www.itakaescolapios.org\/wp-content\/uploads\/2024\/04\/Logo-itakaescolapios-peque.png","contentUrl":"https:\/\/www.itakaescolapios.org\/wp-content\/uploads\/2024\/04\/Logo-itakaescolapios-peque.png","width":500,"height":199,"caption":"Fundaci\u00f3 Itaka-Escolapios"},"image":{"@id":"https:\/\/www.itakaescolapios.org\/ca\/es\/#\/schema\/logo\/image\/"}},{"@type":"Person","@id":"https:\/\/www.itakaescolapios.org\/es\/#\/schema\/person\/bcd60d18d9795d0e978153a567a2edcb","name":"madrid01","url":"https:\/\/www.itakaescolapios.org\/ca\/author\/madrid01\/"}]}},"_links":{"self":[{"href":"https:\/\/www.itakaescolapios.org\/ca\/wp-json\/wp\/v2\/posts\/27079","targetHints":{"allow":["GET"]}}],"collection":[{"href":"https:\/\/www.itakaescolapios.org\/ca\/wp-json\/wp\/v2\/posts"}],"about":[{"href":"https:\/\/www.itakaescolapios.org\/ca\/wp-json\/wp\/v2\/types\/post"}],"author":[{"embeddable":true,"href":"https:\/\/www.itakaescolapios.org\/ca\/wp-json\/wp\/v2\/users\/48"}],"replies":[{"embeddable":true,"href":"https:\/\/www.itakaescolapios.org\/ca\/wp-json\/wp\/v2\/comments?post=27079"}],"version-history":[{"count":5,"href":"https:\/\/www.itakaescolapios.org\/ca\/wp-json\/wp\/v2\/posts\/27079\/revisions"}],"predecessor-version":[{"id":45807,"href":"https:\/\/www.itakaescolapios.org\/ca\/wp-json\/wp\/v2\/posts\/27079\/revisions\/45807"}],"wp:featuredmedia":[{"embeddable":true,"href":"https:\/\/www.itakaescolapios.org\/ca\/wp-json\/wp\/v2\/media\/27091"}],"wp:attachment":[{"href":"https:\/\/www.itakaescolapios.org\/ca\/wp-json\/wp\/v2\/media?parent=27079"}],"wp:term":[{"taxonomy":"category","embeddable":true,"href":"https:\/\/www.itakaescolapios.org\/ca\/wp-json\/wp\/v2\/categories?post=27079"},{"taxonomy":"post_tag","embeddable":true,"href":"https:\/\/www.itakaescolapios.org\/ca\/wp-json\/wp\/v2\/tags?post=27079"}],"curies":[{"name":"wp","href":"https:\/\/api.w.org\/{rel}","templated":true}]}}