{"id":27408,"date":"2019-04-18T12:27:43","date_gmt":"2019-04-18T11:27:43","guid":{"rendered":"https:\/\/www.itakaescolapios.org\/?p=27408"},"modified":"2023-11-28T12:36:52","modified_gmt":"2023-11-28T11:36:52","slug":"salida-familiar-a-chelva-con-el-proyecto-amaltea","status":"publish","type":"post","link":"https:\/\/www.itakaescolapios.org\/ca\/2019\/04\/salida-familiar-a-chelva-con-el-proyecto-amaltea\/","title":{"rendered":"SALIDA FAMILIAR A CHELVA CON EL PROYECTO AMALTEA"},"content":{"rendered":"<p style=\"text-align: justify\">El Centro de D\u00eda Convivencial del Proyecto Amaltea celebr\u00f3 el pasado s\u00e1bado un d\u00eda familiar y distendido en Chelva. Casi 80 personas, entre menores, familias, voluntariado, y educadores y educadoras, fueron a pasar el d\u00eda a Chelva y a hacer la \u201cRuta del Agua\u201d.<\/p>\n<p style=\"text-align: justify\">La caminata, muy sencilla para que todos pudieran seguirla sin problemas, comenz\u00f3 despu\u00e9s del almuerzo. Tanto a los menores como a las familias les gust\u00f3 mucho la ruta al lado del r\u00edo Tu\u00e9jar, que dur\u00f3 aproximadamente dos horas entre ida y vuelta.<\/p>\n<p style=\"text-align: justify\">A continuaci\u00f3n, y como hac\u00eda muy buen tiempo, pudieron estar jugando un rato en la playeta del r\u00edo, y de ah\u00ed fueron a los merenderos donde comieron y siguieron los juegos.<\/p>\n<p style=\"text-align: justify\">Fue un d\u00eda muy divertido para compartir no solo con los menores que acuden diariamente al centro convivencial, sino tambi\u00e9n con sus familias, saliendo de la rutina del curso y ofreciendo una forma de ocio diferente.<\/p>\n<p style=\"text-align: justify\">Esta excursi\u00f3n a Chelva se una a otras salidas que se est\u00e1n haciendo desde los distintos grupos tanto del Proyecto Amaltea como del Proyecto LLum. As\u00ed, hace unas semanas, los mayores de Secundaria que forman parte del nuevo grupo de monta\u00f1a de Amaltea, fueron de excursi\u00f3n en bici al Saler; mientras que ni\u00f1os y ni\u00f1as, familias y voluntariado del proyecto Llum pasaron un estupendo d\u00eda en el antiguo cauce del r\u00edo Turia, primero en el parque Gulliver, y despu\u00e9s con\u00a0 juegos tradicionales.<\/p>\n<p style=\"text-align: justify\">Esta semana tambi\u00e9n ha habido otras dos salidas, en esta ocasi\u00f3n divididos en dos d\u00edas distintos, al Parque Central, con los grupos de peque\u00f1os y de mayores de Amaltea, donde todos comieron la mona de Pascua y se despidieron hasta despu\u00e9s de vacaciones.<\/p>\n<p style=\"text-align: justify\">\u00a1Un genial fin de trimestre y mejor comienzo de las Pascuas para todos!<\/p>\n\n\t\t<style type=\"text\/css\">\n\t\t\t#gallery-1 {\n\t\t\t\tmargin: auto;\n\t\t\t}\n\t\t\t#gallery-1 .gallery-item {\n\t\t\t\tfloat: left;\n\t\t\t\tmargin-top: 10px;\n\t\t\t\ttext-align: center;\n\t\t\t\twidth: 20%;\n\t\t\t}\n\t\t\t#gallery-1 img {\n\t\t\t\tborder: 2px solid #cfcfcf;\n\t\t\t}\n\t\t\t#gallery-1 .gallery-caption {\n\t\t\t\tmargin-left: 0;\n\t\t\t}\n\t\t\t\/* see gallery_shortcode() in wp-includes\/media.php *\/\n\t\t<\/style>\n\t\t<div id='gallery-1' class='gallery galleryid-27408 gallery-columns-5 gallery-size-thumbnail'><dl class='gallery-item'>\n\t\t\t<dt class='gallery-icon landscape'>\n\t\t\t\t<a href='https:\/\/www.itakaescolapios.org\/ca\/2019\/04\/salida-familiar-a-chelva-con-el-proyecto-amaltea\/whatsapp-image-2019-04-13-at-12-25-41-1\/'><img decoding=\"async\" width=\"90\" height=\"90\" src=\"https:\/\/www.itakaescolapios.org\/wp-content\/uploads\/2019\/04\/WhatsApp-Image-2019-04-13-at-12.25.41-1-90x90.jpeg\" class=\"attachment-thumbnail size-thumbnail\" alt=\"\" \/><\/a>\n\t\t\t<\/dt><\/dl><dl class='gallery-item'>\n\t\t\t<dt class='gallery-icon portrait'>\n\t\t\t\t<a href='https:\/\/www.itakaescolapios.org\/ca\/2019\/04\/salida-familiar-a-chelva-con-el-proyecto-amaltea\/whatsapp-image-2019-04-13-at-12-25-41\/'><img decoding=\"async\" width=\"90\" height=\"90\" src=\"https:\/\/www.itakaescolapios.org\/wp-content\/uploads\/2019\/04\/WhatsApp-Image-2019-04-13-at-12.25.41-90x90.jpeg\" class=\"attachment-thumbnail size-thumbnail\" alt=\"\" \/><\/a>\n\t\t\t<\/dt><\/dl><dl class='gallery-item'>\n\t\t\t<dt class='gallery-icon landscape'>\n\t\t\t\t<a href='https:\/\/www.itakaescolapios.org\/ca\/2019\/04\/salida-familiar-a-chelva-con-el-proyecto-amaltea\/whatsapp-image-2019-04-13-at-12-25-42\/'><img decoding=\"async\" width=\"90\" height=\"90\" src=\"https:\/\/www.itakaescolapios.org\/wp-content\/uploads\/2019\/04\/WhatsApp-Image-2019-04-13-at-12.25.42-90x90.jpeg\" class=\"attachment-thumbnail size-thumbnail\" alt=\"\" \/><\/a>\n\t\t\t<\/dt><\/dl><dl class='gallery-item'>\n\t\t\t<dt class='gallery-icon landscape'>\n\t\t\t\t<a href='https:\/\/www.itakaescolapios.org\/ca\/2019\/04\/salida-familiar-a-chelva-con-el-proyecto-amaltea\/whatsapp-image-2019-03-30-at-12-43-26-1\/'><img decoding=\"async\" width=\"90\" height=\"90\" src=\"https:\/\/www.itakaescolapios.org\/wp-content\/uploads\/2019\/04\/WhatsApp-Image-2019-03-30-at-12.43.26-1-90x90.jpeg\" class=\"attachment-thumbnail size-thumbnail\" alt=\"\" \/><\/a>\n\t\t\t<\/dt><\/dl><dl class='gallery-item'>\n\t\t\t<dt class='gallery-icon portrait'>\n\t\t\t\t<a href='https:\/\/www.itakaescolapios.org\/ca\/2019\/04\/salida-familiar-a-chelva-con-el-proyecto-amaltea\/whatsapp-image-2019-03-30-at-18-08-17-1\/'><img decoding=\"async\" width=\"90\" height=\"90\" src=\"https:\/\/www.itakaescolapios.org\/wp-content\/uploads\/2019\/04\/WhatsApp-Image-2019-03-30-at-18.08.17-1-90x90.jpeg\" class=\"attachment-thumbnail size-thumbnail\" alt=\"\" \/><\/a>\n\t\t\t<\/dt><\/dl><br style=\"clear: both\" \/><dl class='gallery-item'>\n\t\t\t<dt class='gallery-icon landscape'>\n\t\t\t\t<a href='https:\/\/www.itakaescolapios.org\/ca\/2019\/04\/salida-familiar-a-chelva-con-el-proyecto-amaltea\/whatsapp-image-2019-03-30-at-18-08-17\/'><img decoding=\"async\" width=\"90\" height=\"90\" src=\"https:\/\/www.itakaescolapios.org\/wp-content\/uploads\/2019\/04\/WhatsApp-Image-2019-03-30-at-18.08.17-90x90.jpeg\" class=\"attachment-thumbnail size-thumbnail\" alt=\"\" \/><\/a>\n\t\t\t<\/dt><\/dl><dl class='gallery-item'>\n\t\t\t<dt class='gallery-icon landscape'>\n\t\t\t\t<a href='https:\/\/www.itakaescolapios.org\/ca\/2019\/04\/salida-familiar-a-chelva-con-el-proyecto-amaltea\/whatsapp-image-2019-03-30-at-18-08-18\/'><img decoding=\"async\" width=\"90\" height=\"90\" src=\"https:\/\/www.itakaescolapios.org\/wp-content\/uploads\/2019\/04\/WhatsApp-Image-2019-03-30-at-18.08.18-90x90.jpeg\" class=\"attachment-thumbnail size-thumbnail\" alt=\"\" \/><\/a>\n\t\t\t<\/dt><\/dl><dl class='gallery-item'>\n\t\t\t<dt class='gallery-icon landscape'>\n\t\t\t\t<a href='https:\/\/www.itakaescolapios.org\/ca\/2019\/04\/salida-familiar-a-chelva-con-el-proyecto-amaltea\/whatsapp-image-2019-03-30-at-14-55-41\/'><img decoding=\"async\" width=\"90\" height=\"90\" src=\"https:\/\/www.itakaescolapios.org\/wp-content\/uploads\/2019\/04\/WhatsApp-Image-2019-03-30-at-14.55.41-90x90.jpeg\" class=\"attachment-thumbnail size-thumbnail\" alt=\"\" \/><\/a>\n\t\t\t<\/dt><\/dl><dl class='gallery-item'>\n\t\t\t<dt class='gallery-icon landscape'>\n\t\t\t\t<a href='https:\/\/www.itakaescolapios.org\/ca\/2019\/04\/salida-familiar-a-chelva-con-el-proyecto-amaltea\/whatsapp-image-2019-03-30-at-14-55-44\/'><img decoding=\"async\" width=\"90\" height=\"90\" src=\"https:\/\/www.itakaescolapios.org\/wp-content\/uploads\/2019\/04\/WhatsApp-Image-2019-03-30-at-14.55.44-90x90.jpeg\" class=\"attachment-thumbnail size-thumbnail\" alt=\"\" \/><\/a>\n\t\t\t<\/dt><\/dl><dl class='gallery-item'>\n\t\t\t<dt class='gallery-icon landscape'>\n\t\t\t\t<a href='https:\/\/www.itakaescolapios.org\/ca\/2019\/04\/salida-familiar-a-chelva-con-el-proyecto-amaltea\/whatsapp-image-2019-03-30-at-16-27-35\/'><img decoding=\"async\" width=\"90\" height=\"90\" src=\"https:\/\/www.itakaescolapios.org\/wp-content\/uploads\/2019\/04\/WhatsApp-Image-2019-03-30-at-16.27.35-90x90.jpeg\" class=\"attachment-thumbnail size-thumbnail\" alt=\"\" \/><\/a>\n\t\t\t<\/dt><\/dl><br style=\"clear: both\" \/><dl class='gallery-item'>\n\t\t\t<dt class='gallery-icon landscape'>\n\t\t\t\t<a href='https:\/\/www.itakaescolapios.org\/ca\/2019\/04\/salida-familiar-a-chelva-con-el-proyecto-amaltea\/whatsapp-image-2019-03-30-at-14-55-46\/'><img decoding=\"async\" width=\"90\" height=\"90\" src=\"https:\/\/www.itakaescolapios.org\/wp-content\/uploads\/2019\/04\/WhatsApp-Image-2019-03-30-at-14.55.46-90x90.jpeg\" class=\"attachment-thumbnail size-thumbnail\" alt=\"\" \/><\/a>\n\t\t\t<\/dt><\/dl><dl class='gallery-item'>\n\t\t\t<dt class='gallery-icon landscape'>\n\t\t\t\t<a href='https:\/\/www.itakaescolapios.org\/ca\/2019\/04\/salida-familiar-a-chelva-con-el-proyecto-amaltea\/whatsapp-image-2019-03-30-at-14-55-47\/'><img decoding=\"async\" width=\"90\" height=\"90\" src=\"https:\/\/www.itakaescolapios.org\/wp-content\/uploads\/2019\/04\/WhatsApp-Image-2019-03-30-at-14.55.47-90x90.jpeg\" class=\"attachment-thumbnail size-thumbnail\" alt=\"\" \/><\/a>\n\t\t\t<\/dt><\/dl><dl class='gallery-item'>\n\t\t\t<dt class='gallery-icon portrait'>\n\t\t\t\t<a href='https:\/\/www.itakaescolapios.org\/ca\/2019\/04\/salida-familiar-a-chelva-con-el-proyecto-amaltea\/whatsapp-image-2019-04-16-at-22-03-51\/'><img decoding=\"async\" width=\"90\" height=\"90\" src=\"https:\/\/www.itakaescolapios.org\/wp-content\/uploads\/2019\/04\/WhatsApp-Image-2019-04-16-at-22.03.51-90x90.jpeg\" class=\"attachment-thumbnail size-thumbnail\" alt=\"\" \/><\/a>\n\t\t\t<\/dt><\/dl><dl class='gallery-item'>\n\t\t\t<dt class='gallery-icon portrait'>\n\t\t\t\t<a href='https:\/\/www.itakaescolapios.org\/ca\/2019\/04\/salida-familiar-a-chelva-con-el-proyecto-amaltea\/whatsapp-image-2019-04-16-at-22-03-51-1\/'><img decoding=\"async\" width=\"90\" height=\"90\" src=\"https:\/\/www.itakaescolapios.org\/wp-content\/uploads\/2019\/04\/WhatsApp-Image-2019-04-16-at-22.03.51-1-90x90.jpeg\" class=\"attachment-thumbnail size-thumbnail\" alt=\"\" \/><\/a>\n\t\t\t<\/dt><\/dl><dl class='gallery-item'>\n\t\t\t<dt class='gallery-icon landscape'>\n\t\t\t\t<a href='https:\/\/www.itakaescolapios.org\/ca\/2019\/04\/salida-familiar-a-chelva-con-el-proyecto-amaltea\/whatsapp-image-2019-04-17-at-18-49-34-1\/'><img decoding=\"async\" width=\"90\" height=\"90\" src=\"https:\/\/www.itakaescolapios.org\/wp-content\/uploads\/2019\/04\/WhatsApp-Image-2019-04-17-at-18.49.34-1-90x90.jpeg\" class=\"attachment-thumbnail size-thumbnail\" alt=\"\" \/><\/a>\n\t\t\t<\/dt><\/dl><br style=\"clear: both\" \/><dl class='gallery-item'>\n\t\t\t<dt class='gallery-icon portrait'>\n\t\t\t\t<a href='https:\/\/www.itakaescolapios.org\/ca\/2019\/04\/salida-familiar-a-chelva-con-el-proyecto-amaltea\/whatsapp-image-2019-04-17-at-18-49-34\/'><img decoding=\"async\" width=\"90\" height=\"90\" src=\"https:\/\/www.itakaescolapios.org\/wp-content\/uploads\/2019\/04\/WhatsApp-Image-2019-04-17-at-18.49.34-90x90.jpeg\" class=\"attachment-thumbnail size-thumbnail\" alt=\"\" \/><\/a>\n\t\t\t<\/dt><\/dl>\n\t\t\t<br style='clear: both' \/>\n\t\t<\/div>\n\n","protected":false},"excerpt":{"rendered":"<p>El Centro de D\u00eda Convivencial del Proyecto Amaltea celebr\u00f3 el pasado s\u00e1bado un d\u00eda familiar y distendido en Chelva. Casi 80 personas, entre menores, familias, voluntariado, y educadores y educadoras, [&hellip;]<\/p>\n","protected":false},"author":39,"featured_media":27415,"comment_status":"closed","ping_status":"closed","sticky":false,"template":"","format":"standard","meta":{"_et_pb_use_builder":"","_et_pb_old_content":"","_et_gb_content_width":"","footnotes":""},"categories":[12],"tags":[390,46,115,393,164,281,389,391,392,388,411,142],"class_list":["post-27408","post","type-post","status-publish","format-standard","has-post-thumbnail","hentry","category-valencia","tag-chelva","tag-educacion","tag-excursion","tag-familias","tag-gulliver","tag-menores","tag-ocio-saludable","tag-parque-central","tag-ruta-del-agua","tag-salidas","tag-valencia","tag-voluntariado"],"yoast_head":"<!-- This site is optimized with the Yoast SEO plugin v27.4 - https:\/\/yoast.com\/product\/yoast-seo-wordpress\/ -->\n<title>SALIDA FAMILIAR A CHELVA CON EL PROYECTO AMALTEA<\/title>\n<meta name=\"description\" content=\"El Centro de D\u00eda Convivencial del Proyecto Amaltea celebr\u00f3 el pasado s\u00e1bado un d\u00eda familiar y distendido en Chelva. Casi 80 personas, entre menores, familias, voluntariado, y educadores y educadoras, fueron a pasar el d\u00eda a Chelva y a hacer la \u201cRuta del Agua\u201d. La caminata, muy sencilla para que todos pudieran seguirla sin problemas,&hellip;\" \/>\n<meta name=\"robots\" content=\"index, follow, max-snippet:-1, max-image-preview:large, max-video-preview:-1\" \/>\n<link rel=\"canonical\" href=\"http:\/\/El%20Centro%20de%20D\u00eda%20Convivencial%20del%20Proyecto%20Amaltea%20celebr\u00f3%20el%20pasado%20s\u00e1bado%20un%20d\u00eda%20familiar%20y%20distendido%20en%20Chelva.%20Casi%2080%20personas,%20entre%20menores,%20familias,%20voluntariado,%20y%20educadores%20y%20educadoras,%20fueron%20a%20pasar%20el%20d\u00eda%20a%20Chelva%20y%20a%20hacer%20la%20\u201cRuta%20del%20Agua\u201d.%20La%20caminata,%20muy%20sencilla%20para%20que%20todos%20pudieran%20seguirla%20sin%20problemas,&hellip;\" \/>\n<meta property=\"og:locale\" content=\"ca_ES\" \/>\n<meta property=\"og:type\" content=\"article\" \/>\n<meta property=\"og:title\" content=\"SALIDA FAMILIAR A CHELVA CON EL PROYECTO AMALTEA\" \/>\n<meta property=\"og:description\" content=\"El Centro de D\u00eda Convivencial del Proyecto Amaltea celebr\u00f3 el pasado s\u00e1bado un d\u00eda familiar y distendido en Chelva. Casi 80 personas, entre menores, familias, voluntariado, y educadores y educadoras, fueron a pasar el d\u00eda a Chelva y a hacer la \u201cRuta del Agua\u201d. La caminata, muy sencilla para que todos pudieran seguirla sin problemas,&hellip;\" \/>\n<meta property=\"og:url\" content=\"https:\/\/www.itakaescolapios.org\/ca\/2019\/04\/salida-familiar-a-chelva-con-el-proyecto-amaltea\/\" \/>\n<meta property=\"og:site_name\" content=\"Itaka-Escolapios\" \/>\n<meta property=\"article:published_time\" content=\"2019-04-18T11:27:43+00:00\" \/>\n<meta property=\"article:modified_time\" content=\"2023-11-28T11:36:52+00:00\" \/>\n<meta property=\"og:image\" content=\"https:\/\/www.itakaescolapios.org\/wp-content\/uploads\/2019\/04\/WhatsApp-Image-2019-04-13-at-12.25.41.jpeg\" \/>\n\t<meta property=\"og:image:width\" content=\"1200\" \/>\n\t<meta property=\"og:image:height\" content=\"1599\" \/>\n\t<meta property=\"og:image:type\" content=\"image\/jpeg\" \/>\n<meta name=\"author\" content=\"valencia01\" \/>\n<meta name=\"twitter:card\" content=\"summary_large_image\" \/>\n<meta name=\"twitter:label1\" content=\"Escrit per\" \/>\n\t<meta name=\"twitter:data1\" content=\"valencia01\" \/>\n\t<meta name=\"twitter:label2\" content=\"Temps estimat de lectura\" \/>\n\t<meta name=\"twitter:data2\" content=\"2 minuts\" \/>\n<script type=\"application\/ld+json\" class=\"yoast-schema-graph\">{\"@context\":\"https:\\\/\\\/schema.org\",\"@graph\":[{\"@type\":\"Article\",\"@id\":\"https:\\\/\\\/www.itakaescolapios.org\\\/ca\\\/2019\\\/04\\\/salida-familiar-a-chelva-con-el-proyecto-amaltea\\\/#article\",\"isPartOf\":{\"@id\":\"https:\\\/\\\/www.itakaescolapios.org\\\/ca\\\/2019\\\/04\\\/salida-familiar-a-chelva-con-el-proyecto-amaltea\\\/\"},\"author\":{\"name\":\"valencia01\",\"@id\":\"https:\\\/\\\/www.itakaescolapios.org\\\/es\\\/#\\\/schema\\\/person\\\/c232ccaa2b3f2e98db93c1f8dfca96ff\"},\"headline\":\"SALIDA FAMILIAR A CHELVA CON EL PROYECTO AMALTEA\",\"datePublished\":\"2019-04-18T11:27:43+00:00\",\"dateModified\":\"2023-11-28T11:36:52+00:00\",\"mainEntityOfPage\":{\"@id\":\"https:\\\/\\\/www.itakaescolapios.org\\\/ca\\\/2019\\\/04\\\/salida-familiar-a-chelva-con-el-proyecto-amaltea\\\/\"},\"wordCount\":327,\"publisher\":{\"@id\":\"https:\\\/\\\/www.itakaescolapios.org\\\/es\\\/#organization\"},\"image\":{\"@id\":\"https:\\\/\\\/www.itakaescolapios.org\\\/ca\\\/2019\\\/04\\\/salida-familiar-a-chelva-con-el-proyecto-amaltea\\\/#primaryimage\"},\"thumbnailUrl\":\"https:\\\/\\\/www.itakaescolapios.org\\\/wp-content\\\/uploads\\\/2019\\\/04\\\/WhatsApp-Image-2019-04-13-at-12.25.41.jpeg\",\"keywords\":[\"Chelva\",\"educaci\u00f3n\",\"excursi\u00f3n\",\"familias\",\"Gulliver\",\"menores\",\"OCIO SALUDABLE\",\"Parque Central\",\"Ruta del Agua\",\"SALIDAS\",\"Valencia\",\"voluntariado\"],\"articleSection\":[\"Valencia\"],\"inLanguage\":\"ca\"},{\"@type\":\"WebPage\",\"@id\":\"https:\\\/\\\/www.itakaescolapios.org\\\/ca\\\/2019\\\/04\\\/salida-familiar-a-chelva-con-el-proyecto-amaltea\\\/\",\"url\":\"https:\\\/\\\/www.itakaescolapios.org\\\/ca\\\/2019\\\/04\\\/salida-familiar-a-chelva-con-el-proyecto-amaltea\\\/\",\"name\":\"SALIDA FAMILIAR A CHELVA CON EL PROYECTO AMALTEA - Itaka-Escolapios\",\"isPartOf\":{\"@id\":\"https:\\\/\\\/www.itakaescolapios.org\\\/es\\\/#website\"},\"primaryImageOfPage\":{\"@id\":\"https:\\\/\\\/www.itakaescolapios.org\\\/ca\\\/2019\\\/04\\\/salida-familiar-a-chelva-con-el-proyecto-amaltea\\\/#primaryimage\"},\"image\":{\"@id\":\"https:\\\/\\\/www.itakaescolapios.org\\\/ca\\\/2019\\\/04\\\/salida-familiar-a-chelva-con-el-proyecto-amaltea\\\/#primaryimage\"},\"thumbnailUrl\":\"https:\\\/\\\/www.itakaescolapios.org\\\/wp-content\\\/uploads\\\/2019\\\/04\\\/WhatsApp-Image-2019-04-13-at-12.25.41.jpeg\",\"datePublished\":\"2019-04-18T11:27:43+00:00\",\"dateModified\":\"2023-11-28T11:36:52+00:00\",\"breadcrumb\":{\"@id\":\"https:\\\/\\\/www.itakaescolapios.org\\\/ca\\\/2019\\\/04\\\/salida-familiar-a-chelva-con-el-proyecto-amaltea\\\/#breadcrumb\"},\"inLanguage\":\"ca\",\"potentialAction\":[{\"@type\":\"ReadAction\",\"target\":[\"https:\\\/\\\/www.itakaescolapios.org\\\/ca\\\/2019\\\/04\\\/salida-familiar-a-chelva-con-el-proyecto-amaltea\\\/\"]}]},{\"@type\":\"ImageObject\",\"inLanguage\":\"ca\",\"@id\":\"https:\\\/\\\/www.itakaescolapios.org\\\/ca\\\/2019\\\/04\\\/salida-familiar-a-chelva-con-el-proyecto-amaltea\\\/#primaryimage\",\"url\":\"https:\\\/\\\/www.itakaescolapios.org\\\/wp-content\\\/uploads\\\/2019\\\/04\\\/WhatsApp-Image-2019-04-13-at-12.25.41.jpeg\",\"contentUrl\":\"https:\\\/\\\/www.itakaescolapios.org\\\/wp-content\\\/uploads\\\/2019\\\/04\\\/WhatsApp-Image-2019-04-13-at-12.25.41.jpeg\",\"width\":1200,\"height\":1599},{\"@type\":\"BreadcrumbList\",\"@id\":\"https:\\\/\\\/www.itakaescolapios.org\\\/ca\\\/2019\\\/04\\\/salida-familiar-a-chelva-con-el-proyecto-amaltea\\\/#breadcrumb\",\"itemListElement\":[{\"@type\":\"ListItem\",\"position\":1,\"name\":\"Itaka-Escolapios\",\"item\":\"https:\\\/\\\/www.itakaescolapios.org\\\/es\\\/\"},{\"@type\":\"ListItem\",\"position\":2,\"name\":\"SALIDA FAMILIAR A CHELVA CON EL PROYECTO AMALTEA\"}]},{\"@type\":\"WebSite\",\"@id\":\"https:\\\/\\\/www.itakaescolapios.org\\\/ca\\\/es\\\/#website\",\"url\":\"https:\\\/\\\/www.itakaescolapios.org\\\/ca\\\/es\\\/\",\"name\":\"Itaka-Escolapios\",\"description\":\"Red de Itaka-Escolapios\",\"publisher\":{\"@id\":\"https:\\\/\\\/www.itakaescolapios.org\\\/ca\\\/es\\\/#organization\"},\"potentialAction\":[{\"@type\":\"SearchAction\",\"target\":{\"@type\":\"EntryPoint\",\"urlTemplate\":\"https:\\\/\\\/www.itakaescolapios.org\\\/ca\\\/es\\\/?s={search_term_string}\"},\"query-input\":{\"@type\":\"PropertyValueSpecification\",\"valueRequired\":true,\"valueName\":\"search_term_string\"}}],\"inLanguage\":\"ca\"},{\"@type\":\"Organization\",\"@id\":\"https:\\\/\\\/www.itakaescolapios.org\\\/ca\\\/es\\\/#organization\",\"name\":\"Fundaci\u00f3 Itaka-Escolapios\",\"url\":\"https:\\\/\\\/www.itakaescolapios.org\\\/ca\\\/es\\\/\",\"logo\":{\"@type\":\"ImageObject\",\"inLanguage\":\"ca\",\"@id\":\"https:\\\/\\\/www.itakaescolapios.org\\\/ca\\\/es\\\/#\\\/schema\\\/logo\\\/image\\\/\",\"url\":\"https:\\\/\\\/www.itakaescolapios.org\\\/wp-content\\\/uploads\\\/2024\\\/04\\\/Logo-itakaescolapios-peque.png\",\"contentUrl\":\"https:\\\/\\\/www.itakaescolapios.org\\\/wp-content\\\/uploads\\\/2024\\\/04\\\/Logo-itakaescolapios-peque.png\",\"width\":500,\"height\":199,\"caption\":\"Fundaci\u00f3 Itaka-Escolapios\"},\"image\":{\"@id\":\"https:\\\/\\\/www.itakaescolapios.org\\\/ca\\\/es\\\/#\\\/schema\\\/logo\\\/image\\\/\"}},{\"@type\":\"Person\",\"@id\":\"https:\\\/\\\/www.itakaescolapios.org\\\/es\\\/#\\\/schema\\\/person\\\/c232ccaa2b3f2e98db93c1f8dfca96ff\",\"name\":\"valencia01\",\"url\":\"https:\\\/\\\/www.itakaescolapios.org\\\/ca\\\/author\\\/valencia01\\\/\"}]}<\/script>\n<!-- \/ Yoast SEO plugin. -->","yoast_head_json":{"title":"SALIDA FAMILIAR A CHELVA CON EL PROYECTO AMALTEA","description":"El Centro de D\u00eda Convivencial del Proyecto Amaltea celebr\u00f3 el pasado s\u00e1bado un d\u00eda familiar y distendido en Chelva. Casi 80 personas, entre menores, familias, voluntariado, y educadores y educadoras, fueron a pasar el d\u00eda a Chelva y a hacer la \u201cRuta del Agua\u201d. La caminata, muy sencilla para que todos pudieran seguirla sin problemas,&hellip;","robots":{"index":"index","follow":"follow","max-snippet":"max-snippet:-1","max-image-preview":"max-image-preview:large","max-video-preview":"max-video-preview:-1"},"canonical":"El Centro de D\u00eda Convivencial del Proyecto Amaltea celebr\u00f3 el pasado s\u00e1bado un d\u00eda familiar y distendido en Chelva. Casi 80 personas, entre menores, familias, voluntariado, y educadores y educadoras, fueron a pasar el d\u00eda a Chelva y a hacer la \u201cRuta del Agua\u201d. La caminata, muy sencilla para que todos pudieran seguirla sin problemas,&hellip;","og_locale":"ca_ES","og_type":"article","og_title":"SALIDA FAMILIAR A CHELVA CON EL PROYECTO AMALTEA","og_description":"El Centro de D\u00eda Convivencial del Proyecto Amaltea celebr\u00f3 el pasado s\u00e1bado un d\u00eda familiar y distendido en Chelva. Casi 80 personas, entre menores, familias, voluntariado, y educadores y educadoras, fueron a pasar el d\u00eda a Chelva y a hacer la \u201cRuta del Agua\u201d. La caminata, muy sencilla para que todos pudieran seguirla sin problemas,&hellip;","og_url":"https:\/\/www.itakaescolapios.org\/ca\/2019\/04\/salida-familiar-a-chelva-con-el-proyecto-amaltea\/","og_site_name":"Itaka-Escolapios","article_published_time":"2019-04-18T11:27:43+00:00","article_modified_time":"2023-11-28T11:36:52+00:00","og_image":[{"width":1200,"height":1599,"url":"https:\/\/www.itakaescolapios.org\/wp-content\/uploads\/2019\/04\/WhatsApp-Image-2019-04-13-at-12.25.41.jpeg","type":"image\/jpeg"}],"author":"valencia01","twitter_card":"summary_large_image","twitter_misc":{"Escrit per":"valencia01","Temps estimat de lectura":"2 minuts"},"schema":{"@context":"https:\/\/schema.org","@graph":[{"@type":"Article","@id":"https:\/\/www.itakaescolapios.org\/ca\/2019\/04\/salida-familiar-a-chelva-con-el-proyecto-amaltea\/#article","isPartOf":{"@id":"https:\/\/www.itakaescolapios.org\/ca\/2019\/04\/salida-familiar-a-chelva-con-el-proyecto-amaltea\/"},"author":{"name":"valencia01","@id":"https:\/\/www.itakaescolapios.org\/es\/#\/schema\/person\/c232ccaa2b3f2e98db93c1f8dfca96ff"},"headline":"SALIDA FAMILIAR A CHELVA CON EL PROYECTO AMALTEA","datePublished":"2019-04-18T11:27:43+00:00","dateModified":"2023-11-28T11:36:52+00:00","mainEntityOfPage":{"@id":"https:\/\/www.itakaescolapios.org\/ca\/2019\/04\/salida-familiar-a-chelva-con-el-proyecto-amaltea\/"},"wordCount":327,"publisher":{"@id":"https:\/\/www.itakaescolapios.org\/es\/#organization"},"image":{"@id":"https:\/\/www.itakaescolapios.org\/ca\/2019\/04\/salida-familiar-a-chelva-con-el-proyecto-amaltea\/#primaryimage"},"thumbnailUrl":"https:\/\/www.itakaescolapios.org\/wp-content\/uploads\/2019\/04\/WhatsApp-Image-2019-04-13-at-12.25.41.jpeg","keywords":["Chelva","educaci\u00f3n","excursi\u00f3n","familias","Gulliver","menores","OCIO SALUDABLE","Parque Central","Ruta del Agua","SALIDAS","Valencia","voluntariado"],"articleSection":["Valencia"],"inLanguage":"ca"},{"@type":"WebPage","@id":"https:\/\/www.itakaescolapios.org\/ca\/2019\/04\/salida-familiar-a-chelva-con-el-proyecto-amaltea\/","url":"https:\/\/www.itakaescolapios.org\/ca\/2019\/04\/salida-familiar-a-chelva-con-el-proyecto-amaltea\/","name":"SALIDA FAMILIAR A CHELVA CON EL PROYECTO AMALTEA - Itaka-Escolapios","isPartOf":{"@id":"https:\/\/www.itakaescolapios.org\/es\/#website"},"primaryImageOfPage":{"@id":"https:\/\/www.itakaescolapios.org\/ca\/2019\/04\/salida-familiar-a-chelva-con-el-proyecto-amaltea\/#primaryimage"},"image":{"@id":"https:\/\/www.itakaescolapios.org\/ca\/2019\/04\/salida-familiar-a-chelva-con-el-proyecto-amaltea\/#primaryimage"},"thumbnailUrl":"https:\/\/www.itakaescolapios.org\/wp-content\/uploads\/2019\/04\/WhatsApp-Image-2019-04-13-at-12.25.41.jpeg","datePublished":"2019-04-18T11:27:43+00:00","dateModified":"2023-11-28T11:36:52+00:00","breadcrumb":{"@id":"https:\/\/www.itakaescolapios.org\/ca\/2019\/04\/salida-familiar-a-chelva-con-el-proyecto-amaltea\/#breadcrumb"},"inLanguage":"ca","potentialAction":[{"@type":"ReadAction","target":["https:\/\/www.itakaescolapios.org\/ca\/2019\/04\/salida-familiar-a-chelva-con-el-proyecto-amaltea\/"]}]},{"@type":"ImageObject","inLanguage":"ca","@id":"https:\/\/www.itakaescolapios.org\/ca\/2019\/04\/salida-familiar-a-chelva-con-el-proyecto-amaltea\/#primaryimage","url":"https:\/\/www.itakaescolapios.org\/wp-content\/uploads\/2019\/04\/WhatsApp-Image-2019-04-13-at-12.25.41.jpeg","contentUrl":"https:\/\/www.itakaescolapios.org\/wp-content\/uploads\/2019\/04\/WhatsApp-Image-2019-04-13-at-12.25.41.jpeg","width":1200,"height":1599},{"@type":"BreadcrumbList","@id":"https:\/\/www.itakaescolapios.org\/ca\/2019\/04\/salida-familiar-a-chelva-con-el-proyecto-amaltea\/#breadcrumb","itemListElement":[{"@type":"ListItem","position":1,"name":"Itaka-Escolapios","item":"https:\/\/www.itakaescolapios.org\/es\/"},{"@type":"ListItem","position":2,"name":"SALIDA FAMILIAR A CHELVA CON EL PROYECTO AMALTEA"}]},{"@type":"WebSite","@id":"https:\/\/www.itakaescolapios.org\/ca\/es\/#website","url":"https:\/\/www.itakaescolapios.org\/ca\/es\/","name":"Itaka-Escolapios","description":"Red de Itaka-Escolapios","publisher":{"@id":"https:\/\/www.itakaescolapios.org\/ca\/es\/#organization"},"potentialAction":[{"@type":"SearchAction","target":{"@type":"EntryPoint","urlTemplate":"https:\/\/www.itakaescolapios.org\/ca\/es\/?s={search_term_string}"},"query-input":{"@type":"PropertyValueSpecification","valueRequired":true,"valueName":"search_term_string"}}],"inLanguage":"ca"},{"@type":"Organization","@id":"https:\/\/www.itakaescolapios.org\/ca\/es\/#organization","name":"Fundaci\u00f3 Itaka-Escolapios","url":"https:\/\/www.itakaescolapios.org\/ca\/es\/","logo":{"@type":"ImageObject","inLanguage":"ca","@id":"https:\/\/www.itakaescolapios.org\/ca\/es\/#\/schema\/logo\/image\/","url":"https:\/\/www.itakaescolapios.org\/wp-content\/uploads\/2024\/04\/Logo-itakaescolapios-peque.png","contentUrl":"https:\/\/www.itakaescolapios.org\/wp-content\/uploads\/2024\/04\/Logo-itakaescolapios-peque.png","width":500,"height":199,"caption":"Fundaci\u00f3 Itaka-Escolapios"},"image":{"@id":"https:\/\/www.itakaescolapios.org\/ca\/es\/#\/schema\/logo\/image\/"}},{"@type":"Person","@id":"https:\/\/www.itakaescolapios.org\/es\/#\/schema\/person\/c232ccaa2b3f2e98db93c1f8dfca96ff","name":"valencia01","url":"https:\/\/www.itakaescolapios.org\/ca\/author\/valencia01\/"}]}},"_links":{"self":[{"href":"https:\/\/www.itakaescolapios.org\/ca\/wp-json\/wp\/v2\/posts\/27408","targetHints":{"allow":["GET"]}}],"collection":[{"href":"https:\/\/www.itakaescolapios.org\/ca\/wp-json\/wp\/v2\/posts"}],"about":[{"href":"https:\/\/www.itakaescolapios.org\/ca\/wp-json\/wp\/v2\/types\/post"}],"author":[{"embeddable":true,"href":"https:\/\/www.itakaescolapios.org\/ca\/wp-json\/wp\/v2\/users\/39"}],"replies":[{"embeddable":true,"href":"https:\/\/www.itakaescolapios.org\/ca\/wp-json\/wp\/v2\/comments?post=27408"}],"version-history":[{"count":3,"href":"https:\/\/www.itakaescolapios.org\/ca\/wp-json\/wp\/v2\/posts\/27408\/revisions"}],"predecessor-version":[{"id":45725,"href":"https:\/\/www.itakaescolapios.org\/ca\/wp-json\/wp\/v2\/posts\/27408\/revisions\/45725"}],"wp:featuredmedia":[{"embeddable":true,"href":"https:\/\/www.itakaescolapios.org\/ca\/wp-json\/wp\/v2\/media\/27415"}],"wp:attachment":[{"href":"https:\/\/www.itakaescolapios.org\/ca\/wp-json\/wp\/v2\/media?parent=27408"}],"wp:term":[{"taxonomy":"category","embeddable":true,"href":"https:\/\/www.itakaescolapios.org\/ca\/wp-json\/wp\/v2\/categories?post=27408"},{"taxonomy":"post_tag","embeddable":true,"href":"https:\/\/www.itakaescolapios.org\/ca\/wp-json\/wp\/v2\/tags?post=27408"}],"curies":[{"name":"wp","href":"https:\/\/api.w.org\/{rel}","templated":true}]}}