{"id":27645,"date":"2019-06-04T10:46:16","date_gmt":"2019-06-04T09:46:16","guid":{"rendered":"https:\/\/www.itakaescolapios.org\/?p=27645"},"modified":"2023-11-28T12:36:49","modified_gmt":"2023-11-28T11:36:49","slug":"nuevo-mural-en-el-proyecto-llum","status":"publish","type":"post","link":"https:\/\/www.itakaescolapios.org\/ca\/2019\/06\/nuevo-mural-en-el-proyecto-llum\/","title":{"rendered":"NUEVO MURAL EN EL PROYECTO LLUM"},"content":{"rendered":"<p style=\"text-align: justify\">Los ni\u00f1os y ni\u00f1as del proyecto Llum hemos demostrado ser unos artistas con el mural que hemos pintado durante este trimestre en el antiguo comedor del cole Escolapios Malvarrosa, en Valencia). Se trata de una de las actividades que hemos hecho los martes junto con los educadores y voluntarios, dentro del taller de mediaci\u00f3n art\u00edstica y que ha tenido un proceso largo de creaci\u00f3n para despu\u00e9s plasmarlo en la pared del comedor.<\/p>\n<p style=\"text-align: justify\">Comenzamos analizando la realidad del barrio de la Malvarrosa y la del colegio, viendo las cosas que nos gustaban y las que no, lo que podr\u00edamos cambiar y lo que nos gustar\u00eda so\u00f1ar. Por eso, el mural lleva la palabra \u201cSue\u00f1a\u201d y al lado de las alas, que representan los sue\u00f1os de cada uno de los ni\u00f1os y ni\u00f1as, estar\u00e1 escrito \u201cA lo grande\u201d.<\/p>\n<p style=\"text-align: justify\">El paso siguiente fue preparar el mural, pintarlo de blanco y dibujar todo lo que quer\u00edan representar en ella. Y a continuaci\u00f3n, ya empezamos a pintar, bien equipados con chubasqueros para no mancharnos, pero sobre todo, \u00a1con muchas ganas de que quedase bien bonito!<\/p>\n<p style=\"text-align: justify\">El resultado, como se puede ver en las fotos, ha sido fant\u00e1stico, y es que hemos cumplido lo que nos propon\u00edamos: So\u00f1ar a lo grande, que no seamos nosotros o el entorno el que nos ponga l\u00edmites, sino que con esfuerzo, juntos y juntas podemos hacer lo que nos propongamos.<\/p>\n\n\t\t<style type=\"text\/css\">\n\t\t\t#gallery-1 {\n\t\t\t\tmargin: auto;\n\t\t\t}\n\t\t\t#gallery-1 .gallery-item {\n\t\t\t\tfloat: left;\n\t\t\t\tmargin-top: 10px;\n\t\t\t\ttext-align: center;\n\t\t\t\twidth: 20%;\n\t\t\t}\n\t\t\t#gallery-1 img {\n\t\t\t\tborder: 2px solid #cfcfcf;\n\t\t\t}\n\t\t\t#gallery-1 .gallery-caption {\n\t\t\t\tmargin-left: 0;\n\t\t\t}\n\t\t\t\/* see gallery_shortcode() in wp-includes\/media.php *\/\n\t\t<\/style>\n\t\t<div id='gallery-1' class='gallery galleryid-27645 gallery-columns-5 gallery-size-thumbnail'><dl class='gallery-item'>\n\t\t\t<dt class='gallery-icon landscape'>\n\t\t\t\t<a href='https:\/\/www.itakaescolapios.org\/ca\/2019\/06\/nuevo-mural-en-el-proyecto-llum\/2-17\/'><img decoding=\"async\" width=\"90\" height=\"90\" src=\"https:\/\/www.itakaescolapios.org\/wp-content\/uploads\/2019\/06\/2-90x90.jpg\" class=\"attachment-thumbnail size-thumbnail\" alt=\"\" \/><\/a>\n\t\t\t<\/dt><\/dl><dl class='gallery-item'>\n\t\t\t<dt class='gallery-icon portrait'>\n\t\t\t\t<a href='https:\/\/www.itakaescolapios.org\/ca\/2019\/06\/nuevo-mural-en-el-proyecto-llum\/4-13\/'><img decoding=\"async\" width=\"90\" height=\"90\" src=\"https:\/\/www.itakaescolapios.org\/wp-content\/uploads\/2019\/06\/4-90x90.jpg\" class=\"attachment-thumbnail size-thumbnail\" alt=\"\" \/><\/a>\n\t\t\t<\/dt><\/dl><dl class='gallery-item'>\n\t\t\t<dt class='gallery-icon portrait'>\n\t\t\t\t<a href='https:\/\/www.itakaescolapios.org\/ca\/2019\/06\/nuevo-mural-en-el-proyecto-llum\/5-14\/'><img decoding=\"async\" width=\"90\" height=\"90\" src=\"https:\/\/www.itakaescolapios.org\/wp-content\/uploads\/2019\/06\/5-90x90.jpg\" class=\"attachment-thumbnail size-thumbnail\" alt=\"\" \/><\/a>\n\t\t\t<\/dt><\/dl><dl class='gallery-item'>\n\t\t\t<dt class='gallery-icon landscape'>\n\t\t\t\t<a href='https:\/\/www.itakaescolapios.org\/ca\/2019\/06\/nuevo-mural-en-el-proyecto-llum\/dav-23\/'><img decoding=\"async\" width=\"90\" height=\"90\" src=\"https:\/\/www.itakaescolapios.org\/wp-content\/uploads\/2019\/06\/7-90x90.jpg\" class=\"attachment-thumbnail size-thumbnail\" alt=\"\" \/><\/a>\n\t\t\t<\/dt><\/dl><dl class='gallery-item'>\n\t\t\t<dt class='gallery-icon portrait'>\n\t\t\t\t<a href='https:\/\/www.itakaescolapios.org\/ca\/2019\/06\/nuevo-mural-en-el-proyecto-llum\/8-8\/'><img decoding=\"async\" width=\"90\" height=\"90\" src=\"https:\/\/www.itakaescolapios.org\/wp-content\/uploads\/2019\/06\/8-90x90.jpg\" class=\"attachment-thumbnail size-thumbnail\" alt=\"\" \/><\/a>\n\t\t\t<\/dt><\/dl><br style=\"clear: both\" \/><dl class='gallery-item'>\n\t\t\t<dt class='gallery-icon portrait'>\n\t\t\t\t<a href='https:\/\/www.itakaescolapios.org\/ca\/2019\/06\/nuevo-mural-en-el-proyecto-llum\/dav-24\/'><img decoding=\"async\" width=\"90\" height=\"90\" src=\"https:\/\/www.itakaescolapios.org\/wp-content\/uploads\/2019\/06\/9-90x90.jpg\" class=\"attachment-thumbnail size-thumbnail\" alt=\"\" \/><\/a>\n\t\t\t<\/dt><\/dl><dl class='gallery-item'>\n\t\t\t<dt class='gallery-icon landscape'>\n\t\t\t\t<a href='https:\/\/www.itakaescolapios.org\/ca\/2019\/06\/nuevo-mural-en-el-proyecto-llum\/burst\/'><img decoding=\"async\" width=\"90\" height=\"90\" src=\"https:\/\/www.itakaescolapios.org\/wp-content\/uploads\/2019\/06\/11-90x90.jpg\" class=\"attachment-thumbnail size-thumbnail\" alt=\"\" \/><\/a>\n\t\t\t<\/dt><\/dl><dl class='gallery-item'>\n\t\t\t<dt class='gallery-icon landscape'>\n\t\t\t\t<a href='https:\/\/www.itakaescolapios.org\/ca\/2019\/06\/nuevo-mural-en-el-proyecto-llum\/dav-25\/'><img decoding=\"async\" width=\"90\" height=\"90\" src=\"https:\/\/www.itakaescolapios.org\/wp-content\/uploads\/2019\/06\/13-90x90.jpg\" class=\"attachment-thumbnail size-thumbnail\" alt=\"\" \/><\/a>\n\t\t\t<\/dt><\/dl><dl class='gallery-item'>\n\t\t\t<dt class='gallery-icon portrait'>\n\t\t\t\t<a href='https:\/\/www.itakaescolapios.org\/ca\/2019\/06\/nuevo-mural-en-el-proyecto-llum\/dav-26\/'><img decoding=\"async\" width=\"90\" height=\"90\" src=\"https:\/\/www.itakaescolapios.org\/wp-content\/uploads\/2019\/06\/15-90x90.jpg\" class=\"attachment-thumbnail size-thumbnail\" alt=\"\" \/><\/a>\n\t\t\t<\/dt><\/dl><dl class='gallery-item'>\n\t\t\t<dt class='gallery-icon landscape'>\n\t\t\t\t<a href='https:\/\/www.itakaescolapios.org\/ca\/2019\/06\/nuevo-mural-en-el-proyecto-llum\/dav-27\/'><img decoding=\"async\" width=\"90\" height=\"90\" src=\"https:\/\/www.itakaescolapios.org\/wp-content\/uploads\/2019\/06\/16-90x90.jpg\" class=\"attachment-thumbnail size-thumbnail\" alt=\"\" \/><\/a>\n\t\t\t<\/dt><\/dl><br style=\"clear: both\" \/><dl class='gallery-item'>\n\t\t\t<dt class='gallery-icon portrait'>\n\t\t\t\t<a href='https:\/\/www.itakaescolapios.org\/ca\/2019\/06\/nuevo-mural-en-el-proyecto-llum\/sdr-5\/'><img decoding=\"async\" width=\"90\" height=\"90\" src=\"https:\/\/www.itakaescolapios.org\/wp-content\/uploads\/2019\/06\/17-90x90.jpg\" class=\"attachment-thumbnail size-thumbnail\" alt=\"\" \/><\/a>\n\t\t\t<\/dt><\/dl><dl class='gallery-item'>\n\t\t\t<dt class='gallery-icon landscape'>\n\t\t\t\t<a href='https:\/\/www.itakaescolapios.org\/ca\/2019\/06\/nuevo-mural-en-el-proyecto-llum\/dav-28\/'><img decoding=\"async\" width=\"90\" height=\"90\" src=\"https:\/\/www.itakaescolapios.org\/wp-content\/uploads\/2019\/06\/18-90x90.jpg\" class=\"attachment-thumbnail size-thumbnail\" alt=\"\" \/><\/a>\n\t\t\t<\/dt><\/dl><dl class='gallery-item'>\n\t\t\t<dt class='gallery-icon portrait'>\n\t\t\t\t<a href='https:\/\/www.itakaescolapios.org\/ca\/2019\/06\/nuevo-mural-en-el-proyecto-llum\/dav-29\/'><img decoding=\"async\" width=\"90\" height=\"90\" src=\"https:\/\/www.itakaescolapios.org\/wp-content\/uploads\/2019\/06\/21-90x90.jpg\" class=\"attachment-thumbnail size-thumbnail\" alt=\"\" \/><\/a>\n\t\t\t<\/dt><\/dl><dl class='gallery-item'>\n\t\t\t<dt class='gallery-icon landscape'>\n\t\t\t\t<a href='https:\/\/www.itakaescolapios.org\/ca\/2019\/06\/nuevo-mural-en-el-proyecto-llum\/dav-30\/'><img decoding=\"async\" width=\"90\" height=\"90\" src=\"https:\/\/www.itakaescolapios.org\/wp-content\/uploads\/2019\/06\/22-90x90.jpg\" class=\"attachment-thumbnail size-thumbnail\" alt=\"\" \/><\/a>\n\t\t\t<\/dt><\/dl><dl class='gallery-item'>\n\t\t\t<dt class='gallery-icon landscape'>\n\t\t\t\t<a href='https:\/\/www.itakaescolapios.org\/ca\/2019\/06\/nuevo-mural-en-el-proyecto-llum\/dav-31\/'><img decoding=\"async\" width=\"90\" height=\"90\" src=\"https:\/\/www.itakaescolapios.org\/wp-content\/uploads\/2019\/06\/24-90x90.jpg\" class=\"attachment-thumbnail size-thumbnail\" alt=\"\" \/><\/a>\n\t\t\t<\/dt><\/dl><br style=\"clear: both\" \/><dl class='gallery-item'>\n\t\t\t<dt class='gallery-icon landscape'>\n\t\t\t\t<a href='https:\/\/www.itakaescolapios.org\/ca\/2019\/06\/nuevo-mural-en-el-proyecto-llum\/dav-32\/'><img decoding=\"async\" width=\"90\" height=\"90\" src=\"https:\/\/www.itakaescolapios.org\/wp-content\/uploads\/2019\/06\/25-90x90.jpg\" class=\"attachment-thumbnail size-thumbnail\" alt=\"\" \/><\/a>\n\t\t\t<\/dt><\/dl><dl class='gallery-item'>\n\t\t\t<dt class='gallery-icon landscape'>\n\t\t\t\t<a href='https:\/\/www.itakaescolapios.org\/ca\/2019\/06\/nuevo-mural-en-el-proyecto-llum\/dav-33\/'><img decoding=\"async\" width=\"90\" height=\"90\" src=\"https:\/\/www.itakaescolapios.org\/wp-content\/uploads\/2019\/06\/26-90x90.jpg\" class=\"attachment-thumbnail size-thumbnail\" alt=\"\" \/><\/a>\n\t\t\t<\/dt><\/dl><dl class='gallery-item'>\n\t\t\t<dt class='gallery-icon landscape'>\n\t\t\t\t<a href='https:\/\/www.itakaescolapios.org\/ca\/2019\/06\/nuevo-mural-en-el-proyecto-llum\/dav-34\/'><img decoding=\"async\" width=\"90\" height=\"90\" src=\"https:\/\/www.itakaescolapios.org\/wp-content\/uploads\/2019\/06\/27-90x90.jpg\" class=\"attachment-thumbnail size-thumbnail\" alt=\"\" \/><\/a>\n\t\t\t<\/dt><\/dl><dl class='gallery-item'>\n\t\t\t<dt class='gallery-icon landscape'>\n\t\t\t\t<a href='https:\/\/www.itakaescolapios.org\/ca\/2019\/06\/nuevo-mural-en-el-proyecto-llum\/attachment\/28\/'><img decoding=\"async\" width=\"90\" height=\"90\" src=\"https:\/\/www.itakaescolapios.org\/wp-content\/uploads\/2019\/06\/28-90x90.jpg\" class=\"attachment-thumbnail size-thumbnail\" alt=\"\" \/><\/a>\n\t\t\t<\/dt><\/dl><dl class='gallery-item'>\n\t\t\t<dt class='gallery-icon landscape'>\n\t\t\t\t<a href='https:\/\/www.itakaescolapios.org\/ca\/2019\/06\/nuevo-mural-en-el-proyecto-llum\/sdr-6\/'><img decoding=\"async\" width=\"90\" height=\"90\" src=\"https:\/\/www.itakaescolapios.org\/wp-content\/uploads\/2019\/06\/29-90x90.jpg\" class=\"attachment-thumbnail size-thumbnail\" alt=\"\" \/><\/a>\n\t\t\t<\/dt><\/dl><br style=\"clear: both\" \/><dl class='gallery-item'>\n\t\t\t<dt class='gallery-icon landscape'>\n\t\t\t\t<a href='https:\/\/www.itakaescolapios.org\/ca\/2019\/06\/nuevo-mural-en-el-proyecto-llum\/attachment\/30\/'><img decoding=\"async\" width=\"90\" height=\"90\" src=\"https:\/\/www.itakaescolapios.org\/wp-content\/uploads\/2019\/06\/30-90x90.jpg\" class=\"attachment-thumbnail size-thumbnail\" alt=\"\" \/><\/a>\n\t\t\t<\/dt><\/dl><dl class='gallery-item'>\n\t\t\t<dt class='gallery-icon portrait'>\n\t\t\t\t<a href='https:\/\/www.itakaescolapios.org\/ca\/2019\/06\/nuevo-mural-en-el-proyecto-llum\/31-2\/'><img decoding=\"async\" width=\"90\" height=\"90\" src=\"https:\/\/www.itakaescolapios.org\/wp-content\/uploads\/2019\/06\/31-90x90.jpg\" class=\"attachment-thumbnail size-thumbnail\" alt=\"\" \/><\/a>\n\t\t\t<\/dt><\/dl><dl class='gallery-item'>\n\t\t\t<dt class='gallery-icon landscape'>\n\t\t\t\t<a href='https:\/\/www.itakaescolapios.org\/ca\/2019\/06\/nuevo-mural-en-el-proyecto-llum\/attachment\/33\/'><img decoding=\"async\" width=\"90\" height=\"90\" src=\"https:\/\/www.itakaescolapios.org\/wp-content\/uploads\/2019\/06\/33-90x90.jpg\" class=\"attachment-thumbnail size-thumbnail\" alt=\"\" \/><\/a>\n\t\t\t<\/dt><\/dl><dl class='gallery-item'>\n\t\t\t<dt class='gallery-icon landscape'>\n\t\t\t\t<a href='https:\/\/www.itakaescolapios.org\/ca\/2019\/06\/nuevo-mural-en-el-proyecto-llum\/whatsapp-image-2019-05-15-at-12-18-26\/'><img decoding=\"async\" width=\"90\" height=\"90\" src=\"https:\/\/www.itakaescolapios.org\/wp-content\/uploads\/2019\/06\/WhatsApp-Image-2019-05-15-at-12.18.26-90x90.jpeg\" class=\"attachment-thumbnail size-thumbnail\" alt=\"\" \/><\/a>\n\t\t\t<\/dt><\/dl><dl class='gallery-item'>\n\t\t\t<dt class='gallery-icon landscape'>\n\t\t\t\t<a href='https:\/\/www.itakaescolapios.org\/ca\/2019\/06\/nuevo-mural-en-el-proyecto-llum\/whatsapp-image-2019-05-15-at-12-18-27\/'><img decoding=\"async\" width=\"90\" height=\"90\" src=\"https:\/\/www.itakaescolapios.org\/wp-content\/uploads\/2019\/06\/WhatsApp-Image-2019-05-15-at-12.18.27-90x90.jpeg\" class=\"attachment-thumbnail size-thumbnail\" alt=\"\" \/><\/a>\n\t\t\t<\/dt><\/dl><br style=\"clear: both\" \/>\n\t\t<\/div>\n\n","protected":false},"excerpt":{"rendered":"<p>Los ni\u00f1os y ni\u00f1as del proyecto Llum hemos demostrado ser unos artistas con el mural que hemos pintado durante este trimestre en el antiguo comedor del cole Escolapios Malvarrosa, en [&hellip;]<\/p>\n","protected":false},"author":39,"featured_media":27670,"comment_status":"closed","ping_status":"closed","sticky":false,"template":"","format":"standard","meta":{"_et_pb_use_builder":"","_et_pb_old_content":"","_et_gb_content_width":"","footnotes":""},"categories":[12],"tags":[327,257,398,350,399,400],"class_list":["post-27645","post","type-post","status-publish","format-standard","has-post-thumbnail","hentry","category-valencia","tag-infancia","tag-malvarrosa","tag-mural","tag-proyecto-llum","tag-suena","tag-taller-de-mediacion-artistica"],"yoast_head":"<!-- This site is optimized with the Yoast SEO plugin v27.4 - https:\/\/yoast.com\/product\/yoast-seo-wordpress\/ -->\n<title>NUEVO MURAL EN EL PROYECTO LLUM<\/title>\n<meta name=\"description\" content=\"Los ni\u00f1os y ni\u00f1as del proyecto Llum hemos demostrado ser unos artistas con el mural que hemos pintado durante este trimestre en el antiguo comedor del cole Escolapios Malvarrosa, en Valencia). Se trata de una de las actividades que hemos hecho los martes junto con los educadores y voluntarios, dentro del taller de mediaci\u00f3n art\u00edstica&hellip;\" \/>\n<meta name=\"robots\" content=\"index, follow, max-snippet:-1, max-image-preview:large, max-video-preview:-1\" \/>\n<link rel=\"canonical\" href=\"http:\/\/Los%20ni\u00f1os%20y%20ni\u00f1as%20del%20proyecto%20Llum%20hemos%20demostrado%20ser%20unos%20artistas%20con%20el%20mural%20que%20hemos%20pintado%20durante%20este%20trimestre%20en%20el%20antiguo%20comedor%20del%20cole%20Escolapios%20Malvarrosa,%20en%20Valencia).%20Se%20trata%20de%20una%20de%20las%20actividades%20que%20hemos%20hecho%20los%20martes%20junto%20con%20los%20educadores%20y%20voluntarios,%20dentro%20del%20taller%20de%20mediaci\u00f3n%20art\u00edstica&hellip;\" \/>\n<meta property=\"og:locale\" content=\"ca_ES\" \/>\n<meta property=\"og:type\" content=\"article\" \/>\n<meta property=\"og:title\" content=\"NUEVO MURAL EN EL PROYECTO LLUM\" \/>\n<meta property=\"og:description\" content=\"Los ni\u00f1os y ni\u00f1as del proyecto Llum hemos demostrado ser unos artistas con el mural que hemos pintado durante este trimestre en el antiguo comedor del cole Escolapios Malvarrosa, en Valencia). Se trata de una de las actividades que hemos hecho los martes junto con los educadores y voluntarios, dentro del taller de mediaci\u00f3n art\u00edstica&hellip;\" \/>\n<meta property=\"og:url\" content=\"https:\/\/www.itakaescolapios.org\/ca\/2019\/06\/nuevo-mural-en-el-proyecto-llum\/\" \/>\n<meta property=\"og:site_name\" content=\"Itaka-Escolapios\" \/>\n<meta property=\"article:published_time\" content=\"2019-06-04T09:46:16+00:00\" \/>\n<meta property=\"article:modified_time\" content=\"2023-11-28T11:36:49+00:00\" \/>\n<meta property=\"og:image\" content=\"https:\/\/www.itakaescolapios.org\/wp-content\/uploads\/2019\/06\/WhatsApp-Image-2019-05-15-at-12.18.27.jpeg\" \/>\n\t<meta property=\"og:image:width\" content=\"1600\" \/>\n\t<meta property=\"og:image:height\" content=\"1200\" \/>\n\t<meta property=\"og:image:type\" content=\"image\/jpeg\" \/>\n<meta name=\"author\" content=\"valencia01\" \/>\n<meta name=\"twitter:card\" content=\"summary_large_image\" \/>\n<meta name=\"twitter:label1\" content=\"Escrit per\" \/>\n\t<meta name=\"twitter:data1\" content=\"valencia01\" \/>\n\t<meta name=\"twitter:label2\" content=\"Temps estimat de lectura\" \/>\n\t<meta name=\"twitter:data2\" content=\"1 minut\" \/>\n<script type=\"application\/ld+json\" class=\"yoast-schema-graph\">{\"@context\":\"https:\\\/\\\/schema.org\",\"@graph\":[{\"@type\":\"Article\",\"@id\":\"https:\\\/\\\/www.itakaescolapios.org\\\/ca\\\/2019\\\/06\\\/nuevo-mural-en-el-proyecto-llum\\\/#article\",\"isPartOf\":{\"@id\":\"https:\\\/\\\/www.itakaescolapios.org\\\/ca\\\/2019\\\/06\\\/nuevo-mural-en-el-proyecto-llum\\\/\"},\"author\":{\"name\":\"valencia01\",\"@id\":\"https:\\\/\\\/www.itakaescolapios.org\\\/es\\\/#\\\/schema\\\/person\\\/c232ccaa2b3f2e98db93c1f8dfca96ff\"},\"headline\":\"NUEVO MURAL EN EL PROYECTO LLUM\",\"datePublished\":\"2019-06-04T09:46:16+00:00\",\"dateModified\":\"2023-11-28T11:36:49+00:00\",\"mainEntityOfPage\":{\"@id\":\"https:\\\/\\\/www.itakaescolapios.org\\\/ca\\\/2019\\\/06\\\/nuevo-mural-en-el-proyecto-llum\\\/\"},\"wordCount\":258,\"publisher\":{\"@id\":\"https:\\\/\\\/www.itakaescolapios.org\\\/es\\\/#organization\"},\"image\":{\"@id\":\"https:\\\/\\\/www.itakaescolapios.org\\\/ca\\\/2019\\\/06\\\/nuevo-mural-en-el-proyecto-llum\\\/#primaryimage\"},\"thumbnailUrl\":\"https:\\\/\\\/www.itakaescolapios.org\\\/wp-content\\\/uploads\\\/2019\\\/06\\\/WhatsApp-Image-2019-05-15-at-12.18.27.jpeg\",\"keywords\":[\"Infancia\",\"Malvarrosa\",\"Mural\",\"Proyecto Llum\",\"Sue\u00f1a\",\"taller de mediaci\u00f3n art\u00edstica\"],\"articleSection\":[\"Valencia\"],\"inLanguage\":\"ca\"},{\"@type\":\"WebPage\",\"@id\":\"https:\\\/\\\/www.itakaescolapios.org\\\/ca\\\/2019\\\/06\\\/nuevo-mural-en-el-proyecto-llum\\\/\",\"url\":\"https:\\\/\\\/www.itakaescolapios.org\\\/ca\\\/2019\\\/06\\\/nuevo-mural-en-el-proyecto-llum\\\/\",\"name\":\"NUEVO MURAL EN EL PROYECTO LLUM - Itaka-Escolapios\",\"isPartOf\":{\"@id\":\"https:\\\/\\\/www.itakaescolapios.org\\\/es\\\/#website\"},\"primaryImageOfPage\":{\"@id\":\"https:\\\/\\\/www.itakaescolapios.org\\\/ca\\\/2019\\\/06\\\/nuevo-mural-en-el-proyecto-llum\\\/#primaryimage\"},\"image\":{\"@id\":\"https:\\\/\\\/www.itakaescolapios.org\\\/ca\\\/2019\\\/06\\\/nuevo-mural-en-el-proyecto-llum\\\/#primaryimage\"},\"thumbnailUrl\":\"https:\\\/\\\/www.itakaescolapios.org\\\/wp-content\\\/uploads\\\/2019\\\/06\\\/WhatsApp-Image-2019-05-15-at-12.18.27.jpeg\",\"datePublished\":\"2019-06-04T09:46:16+00:00\",\"dateModified\":\"2023-11-28T11:36:49+00:00\",\"breadcrumb\":{\"@id\":\"https:\\\/\\\/www.itakaescolapios.org\\\/ca\\\/2019\\\/06\\\/nuevo-mural-en-el-proyecto-llum\\\/#breadcrumb\"},\"inLanguage\":\"ca\",\"potentialAction\":[{\"@type\":\"ReadAction\",\"target\":[\"https:\\\/\\\/www.itakaescolapios.org\\\/ca\\\/2019\\\/06\\\/nuevo-mural-en-el-proyecto-llum\\\/\"]}]},{\"@type\":\"ImageObject\",\"inLanguage\":\"ca\",\"@id\":\"https:\\\/\\\/www.itakaescolapios.org\\\/ca\\\/2019\\\/06\\\/nuevo-mural-en-el-proyecto-llum\\\/#primaryimage\",\"url\":\"https:\\\/\\\/www.itakaescolapios.org\\\/wp-content\\\/uploads\\\/2019\\\/06\\\/WhatsApp-Image-2019-05-15-at-12.18.27.jpeg\",\"contentUrl\":\"https:\\\/\\\/www.itakaescolapios.org\\\/wp-content\\\/uploads\\\/2019\\\/06\\\/WhatsApp-Image-2019-05-15-at-12.18.27.jpeg\",\"width\":1600,\"height\":1200},{\"@type\":\"BreadcrumbList\",\"@id\":\"https:\\\/\\\/www.itakaescolapios.org\\\/ca\\\/2019\\\/06\\\/nuevo-mural-en-el-proyecto-llum\\\/#breadcrumb\",\"itemListElement\":[{\"@type\":\"ListItem\",\"position\":1,\"name\":\"Itaka-Escolapios\",\"item\":\"https:\\\/\\\/www.itakaescolapios.org\\\/es\\\/\"},{\"@type\":\"ListItem\",\"position\":2,\"name\":\"NUEVO MURAL EN EL PROYECTO LLUM\"}]},{\"@type\":\"WebSite\",\"@id\":\"https:\\\/\\\/www.itakaescolapios.org\\\/ca\\\/es\\\/#website\",\"url\":\"https:\\\/\\\/www.itakaescolapios.org\\\/ca\\\/es\\\/\",\"name\":\"Itaka-Escolapios\",\"description\":\"Red de Itaka-Escolapios\",\"publisher\":{\"@id\":\"https:\\\/\\\/www.itakaescolapios.org\\\/ca\\\/es\\\/#organization\"},\"potentialAction\":[{\"@type\":\"SearchAction\",\"target\":{\"@type\":\"EntryPoint\",\"urlTemplate\":\"https:\\\/\\\/www.itakaescolapios.org\\\/ca\\\/es\\\/?s={search_term_string}\"},\"query-input\":{\"@type\":\"PropertyValueSpecification\",\"valueRequired\":true,\"valueName\":\"search_term_string\"}}],\"inLanguage\":\"ca\"},{\"@type\":\"Organization\",\"@id\":\"https:\\\/\\\/www.itakaescolapios.org\\\/ca\\\/es\\\/#organization\",\"name\":\"Fundaci\u00f3 Itaka-Escolapios\",\"url\":\"https:\\\/\\\/www.itakaescolapios.org\\\/ca\\\/es\\\/\",\"logo\":{\"@type\":\"ImageObject\",\"inLanguage\":\"ca\",\"@id\":\"https:\\\/\\\/www.itakaescolapios.org\\\/ca\\\/es\\\/#\\\/schema\\\/logo\\\/image\\\/\",\"url\":\"https:\\\/\\\/www.itakaescolapios.org\\\/wp-content\\\/uploads\\\/2024\\\/04\\\/Logo-itakaescolapios-peque.png\",\"contentUrl\":\"https:\\\/\\\/www.itakaescolapios.org\\\/wp-content\\\/uploads\\\/2024\\\/04\\\/Logo-itakaescolapios-peque.png\",\"width\":500,\"height\":199,\"caption\":\"Fundaci\u00f3 Itaka-Escolapios\"},\"image\":{\"@id\":\"https:\\\/\\\/www.itakaescolapios.org\\\/ca\\\/es\\\/#\\\/schema\\\/logo\\\/image\\\/\"}},{\"@type\":\"Person\",\"@id\":\"https:\\\/\\\/www.itakaescolapios.org\\\/es\\\/#\\\/schema\\\/person\\\/c232ccaa2b3f2e98db93c1f8dfca96ff\",\"name\":\"valencia01\",\"url\":\"https:\\\/\\\/www.itakaescolapios.org\\\/ca\\\/author\\\/valencia01\\\/\"}]}<\/script>\n<!-- \/ Yoast SEO plugin. -->","yoast_head_json":{"title":"NUEVO MURAL EN EL PROYECTO LLUM","description":"Los ni\u00f1os y ni\u00f1as del proyecto Llum hemos demostrado ser unos artistas con el mural que hemos pintado durante este trimestre en el antiguo comedor del cole Escolapios Malvarrosa, en Valencia). Se trata de una de las actividades que hemos hecho los martes junto con los educadores y voluntarios, dentro del taller de mediaci\u00f3n art\u00edstica&hellip;","robots":{"index":"index","follow":"follow","max-snippet":"max-snippet:-1","max-image-preview":"max-image-preview:large","max-video-preview":"max-video-preview:-1"},"canonical":"Los ni\u00f1os y ni\u00f1as del proyecto Llum hemos demostrado ser unos artistas con el mural que hemos pintado durante este trimestre en el antiguo comedor del cole Escolapios Malvarrosa, en Valencia). Se trata de una de las actividades que hemos hecho los martes junto con los educadores y voluntarios, dentro del taller de mediaci\u00f3n art\u00edstica&hellip;","og_locale":"ca_ES","og_type":"article","og_title":"NUEVO MURAL EN EL PROYECTO LLUM","og_description":"Los ni\u00f1os y ni\u00f1as del proyecto Llum hemos demostrado ser unos artistas con el mural que hemos pintado durante este trimestre en el antiguo comedor del cole Escolapios Malvarrosa, en Valencia). Se trata de una de las actividades que hemos hecho los martes junto con los educadores y voluntarios, dentro del taller de mediaci\u00f3n art\u00edstica&hellip;","og_url":"https:\/\/www.itakaescolapios.org\/ca\/2019\/06\/nuevo-mural-en-el-proyecto-llum\/","og_site_name":"Itaka-Escolapios","article_published_time":"2019-06-04T09:46:16+00:00","article_modified_time":"2023-11-28T11:36:49+00:00","og_image":[{"width":1600,"height":1200,"url":"https:\/\/www.itakaescolapios.org\/wp-content\/uploads\/2019\/06\/WhatsApp-Image-2019-05-15-at-12.18.27.jpeg","type":"image\/jpeg"}],"author":"valencia01","twitter_card":"summary_large_image","twitter_misc":{"Escrit per":"valencia01","Temps estimat de lectura":"1 minut"},"schema":{"@context":"https:\/\/schema.org","@graph":[{"@type":"Article","@id":"https:\/\/www.itakaescolapios.org\/ca\/2019\/06\/nuevo-mural-en-el-proyecto-llum\/#article","isPartOf":{"@id":"https:\/\/www.itakaescolapios.org\/ca\/2019\/06\/nuevo-mural-en-el-proyecto-llum\/"},"author":{"name":"valencia01","@id":"https:\/\/www.itakaescolapios.org\/es\/#\/schema\/person\/c232ccaa2b3f2e98db93c1f8dfca96ff"},"headline":"NUEVO MURAL EN EL PROYECTO LLUM","datePublished":"2019-06-04T09:46:16+00:00","dateModified":"2023-11-28T11:36:49+00:00","mainEntityOfPage":{"@id":"https:\/\/www.itakaescolapios.org\/ca\/2019\/06\/nuevo-mural-en-el-proyecto-llum\/"},"wordCount":258,"publisher":{"@id":"https:\/\/www.itakaescolapios.org\/es\/#organization"},"image":{"@id":"https:\/\/www.itakaescolapios.org\/ca\/2019\/06\/nuevo-mural-en-el-proyecto-llum\/#primaryimage"},"thumbnailUrl":"https:\/\/www.itakaescolapios.org\/wp-content\/uploads\/2019\/06\/WhatsApp-Image-2019-05-15-at-12.18.27.jpeg","keywords":["Infancia","Malvarrosa","Mural","Proyecto Llum","Sue\u00f1a","taller de mediaci\u00f3n art\u00edstica"],"articleSection":["Valencia"],"inLanguage":"ca"},{"@type":"WebPage","@id":"https:\/\/www.itakaescolapios.org\/ca\/2019\/06\/nuevo-mural-en-el-proyecto-llum\/","url":"https:\/\/www.itakaescolapios.org\/ca\/2019\/06\/nuevo-mural-en-el-proyecto-llum\/","name":"NUEVO MURAL EN EL PROYECTO LLUM - Itaka-Escolapios","isPartOf":{"@id":"https:\/\/www.itakaescolapios.org\/es\/#website"},"primaryImageOfPage":{"@id":"https:\/\/www.itakaescolapios.org\/ca\/2019\/06\/nuevo-mural-en-el-proyecto-llum\/#primaryimage"},"image":{"@id":"https:\/\/www.itakaescolapios.org\/ca\/2019\/06\/nuevo-mural-en-el-proyecto-llum\/#primaryimage"},"thumbnailUrl":"https:\/\/www.itakaescolapios.org\/wp-content\/uploads\/2019\/06\/WhatsApp-Image-2019-05-15-at-12.18.27.jpeg","datePublished":"2019-06-04T09:46:16+00:00","dateModified":"2023-11-28T11:36:49+00:00","breadcrumb":{"@id":"https:\/\/www.itakaescolapios.org\/ca\/2019\/06\/nuevo-mural-en-el-proyecto-llum\/#breadcrumb"},"inLanguage":"ca","potentialAction":[{"@type":"ReadAction","target":["https:\/\/www.itakaescolapios.org\/ca\/2019\/06\/nuevo-mural-en-el-proyecto-llum\/"]}]},{"@type":"ImageObject","inLanguage":"ca","@id":"https:\/\/www.itakaescolapios.org\/ca\/2019\/06\/nuevo-mural-en-el-proyecto-llum\/#primaryimage","url":"https:\/\/www.itakaescolapios.org\/wp-content\/uploads\/2019\/06\/WhatsApp-Image-2019-05-15-at-12.18.27.jpeg","contentUrl":"https:\/\/www.itakaescolapios.org\/wp-content\/uploads\/2019\/06\/WhatsApp-Image-2019-05-15-at-12.18.27.jpeg","width":1600,"height":1200},{"@type":"BreadcrumbList","@id":"https:\/\/www.itakaescolapios.org\/ca\/2019\/06\/nuevo-mural-en-el-proyecto-llum\/#breadcrumb","itemListElement":[{"@type":"ListItem","position":1,"name":"Itaka-Escolapios","item":"https:\/\/www.itakaescolapios.org\/es\/"},{"@type":"ListItem","position":2,"name":"NUEVO MURAL EN EL PROYECTO LLUM"}]},{"@type":"WebSite","@id":"https:\/\/www.itakaescolapios.org\/ca\/es\/#website","url":"https:\/\/www.itakaescolapios.org\/ca\/es\/","name":"Itaka-Escolapios","description":"Red de Itaka-Escolapios","publisher":{"@id":"https:\/\/www.itakaescolapios.org\/ca\/es\/#organization"},"potentialAction":[{"@type":"SearchAction","target":{"@type":"EntryPoint","urlTemplate":"https:\/\/www.itakaescolapios.org\/ca\/es\/?s={search_term_string}"},"query-input":{"@type":"PropertyValueSpecification","valueRequired":true,"valueName":"search_term_string"}}],"inLanguage":"ca"},{"@type":"Organization","@id":"https:\/\/www.itakaescolapios.org\/ca\/es\/#organization","name":"Fundaci\u00f3 Itaka-Escolapios","url":"https:\/\/www.itakaescolapios.org\/ca\/es\/","logo":{"@type":"ImageObject","inLanguage":"ca","@id":"https:\/\/www.itakaescolapios.org\/ca\/es\/#\/schema\/logo\/image\/","url":"https:\/\/www.itakaescolapios.org\/wp-content\/uploads\/2024\/04\/Logo-itakaescolapios-peque.png","contentUrl":"https:\/\/www.itakaescolapios.org\/wp-content\/uploads\/2024\/04\/Logo-itakaescolapios-peque.png","width":500,"height":199,"caption":"Fundaci\u00f3 Itaka-Escolapios"},"image":{"@id":"https:\/\/www.itakaescolapios.org\/ca\/es\/#\/schema\/logo\/image\/"}},{"@type":"Person","@id":"https:\/\/www.itakaescolapios.org\/es\/#\/schema\/person\/c232ccaa2b3f2e98db93c1f8dfca96ff","name":"valencia01","url":"https:\/\/www.itakaescolapios.org\/ca\/author\/valencia01\/"}]}},"_links":{"self":[{"href":"https:\/\/www.itakaescolapios.org\/ca\/wp-json\/wp\/v2\/posts\/27645","targetHints":{"allow":["GET"]}}],"collection":[{"href":"https:\/\/www.itakaescolapios.org\/ca\/wp-json\/wp\/v2\/posts"}],"about":[{"href":"https:\/\/www.itakaescolapios.org\/ca\/wp-json\/wp\/v2\/types\/post"}],"author":[{"embeddable":true,"href":"https:\/\/www.itakaescolapios.org\/ca\/wp-json\/wp\/v2\/users\/39"}],"replies":[{"embeddable":true,"href":"https:\/\/www.itakaescolapios.org\/ca\/wp-json\/wp\/v2\/comments?post=27645"}],"version-history":[{"count":3,"href":"https:\/\/www.itakaescolapios.org\/ca\/wp-json\/wp\/v2\/posts\/27645\/revisions"}],"predecessor-version":[{"id":45653,"href":"https:\/\/www.itakaescolapios.org\/ca\/wp-json\/wp\/v2\/posts\/27645\/revisions\/45653"}],"wp:featuredmedia":[{"embeddable":true,"href":"https:\/\/www.itakaescolapios.org\/ca\/wp-json\/wp\/v2\/media\/27670"}],"wp:attachment":[{"href":"https:\/\/www.itakaescolapios.org\/ca\/wp-json\/wp\/v2\/media?parent=27645"}],"wp:term":[{"taxonomy":"category","embeddable":true,"href":"https:\/\/www.itakaescolapios.org\/ca\/wp-json\/wp\/v2\/categories?post=27645"},{"taxonomy":"post_tag","embeddable":true,"href":"https:\/\/www.itakaescolapios.org\/ca\/wp-json\/wp\/v2\/tags?post=27645"}],"curies":[{"name":"wp","href":"https:\/\/api.w.org\/{rel}","templated":true}]}}