{"id":28126,"date":"2019-08-22T13:08:02","date_gmt":"2019-08-22T12:08:02","guid":{"rendered":"https:\/\/www.itakaescolapios.org\/?p=28126"},"modified":"2023-11-28T12:36:44","modified_gmt":"2023-11-28T11:36:44","slug":"bolivia-solidaria-con-la-r-d-del-congo","status":"publish","type":"post","link":"https:\/\/www.itakaescolapios.org\/ca\/2019\/08\/bolivia-solidaria-con-la-r-d-del-congo\/","title":{"rendered":"BOLIVIA, SOLIDARIA CON LA R. D. DEL CONGO"},"content":{"rendered":"<p>La solidaridad en nuestra Red Itaka &#8211; Escolapios no tiene fronteras: pa\u00edses de todos los continentes, ricos y pobres, se suman en la Campa\u00f1a que anualmente lanza nuestra Red para apoyar un proyecto de construcci\u00f3n de un mundo mejor.<br \/>\nEn estos momentos Bolivia se vuelca en la solidaridad hacia los proyectos escolapios del Congo: lo podemos ver en Anzaldo, en Santib\u00e1\u00f1ez, en Cocapata y, como podemos ver en la foto, en Cochabamba (parroquia, colegios, Centro Calasanz, Movimiento Calasanz, residencias universitarias, comunidad religiosa y Fraternidad)<\/p>\n","protected":false},"excerpt":{"rendered":"<p>La solidaridad en nuestra Red Itaka &#8211; Escolapios no tiene fronteras: pa\u00edses de todos los continentes, ricos y pobres, se suman en la Campa\u00f1a que anualmente lanza nuestra Red para [&hellip;]<\/p>\n","protected":false},"author":4,"featured_media":28127,"comment_status":"closed","ping_status":"closed","sticky":false,"template":"","format":"standard","meta":{"_et_pb_use_builder":"","_et_pb_old_content":"","_et_gb_content_width":"","footnotes":""},"categories":[15,30],"tags":[],"class_list":["post-28126","post","type-post","status-publish","format-standard","has-post-thumbnail","hentry","category-bolivia","category-itaka-escolapios"],"yoast_head":"<!-- This site is optimized with the Yoast SEO plugin v27.4 - https:\/\/yoast.com\/product\/yoast-seo-wordpress\/ -->\n<title>BOLIVIA, SOLIDARIA CON LA R. D. DEL CONGO<\/title>\n<meta name=\"description\" content=\"La solidaridad en nuestra Red Itaka - Escolapios no tiene fronteras: pa\u00edses de todos los continentes, ricos y pobres, se suman en la Campa\u00f1a que anualmente lanza nuestra Red para apoyar un proyecto de construcci\u00f3n de un mundo mejor. En estos momentos Bolivia se vuelca en la solidaridad hacia los proyectos escolapios del Congo: lo&hellip;\" \/>\n<meta name=\"robots\" content=\"index, follow, max-snippet:-1, max-image-preview:large, max-video-preview:-1\" \/>\n<link rel=\"canonical\" href=\"\" \/>\n<meta property=\"og:locale\" content=\"ca_ES\" \/>\n<meta property=\"og:type\" content=\"article\" \/>\n<meta property=\"og:title\" content=\"BOLIVIA, SOLIDARIA CON LA R. D. DEL CONGO\" \/>\n<meta property=\"og:description\" content=\"La solidaridad en nuestra Red Itaka - Escolapios no tiene fronteras: pa\u00edses de todos los continentes, ricos y pobres, se suman en la Campa\u00f1a que anualmente lanza nuestra Red para apoyar un proyecto de construcci\u00f3n de un mundo mejor. En estos momentos Bolivia se vuelca en la solidaridad hacia los proyectos escolapios del Congo: lo&hellip;\" \/>\n<meta property=\"og:url\" content=\"https:\/\/www.itakaescolapios.org\/ca\/2019\/08\/bolivia-solidaria-con-la-r-d-del-congo\/\" \/>\n<meta property=\"og:site_name\" content=\"Itaka-Escolapios\" \/>\n<meta property=\"article:published_time\" content=\"2019-08-22T12:08:02+00:00\" \/>\n<meta property=\"article:modified_time\" content=\"2023-11-28T11:36:44+00:00\" \/>\n<meta property=\"og:image\" content=\"https:\/\/www.itakaescolapios.org\/wp-content\/uploads\/2019\/08\/5.jpg\" \/>\n\t<meta property=\"og:image:width\" content=\"2000\" \/>\n\t<meta property=\"og:image:height\" content=\"457\" \/>\n\t<meta property=\"og:image:type\" content=\"image\/jpeg\" \/>\n<meta name=\"author\" content=\"itaka\" \/>\n<meta name=\"twitter:card\" content=\"summary_large_image\" \/>\n<meta name=\"twitter:label1\" content=\"Escrit per\" \/>\n\t<meta name=\"twitter:data1\" content=\"itaka\" \/>\n<script type=\"application\/ld+json\" class=\"yoast-schema-graph\">{\"@context\":\"https:\\\/\\\/schema.org\",\"@graph\":[{\"@type\":\"Article\",\"@id\":\"https:\\\/\\\/www.itakaescolapios.org\\\/ca\\\/2019\\\/08\\\/bolivia-solidaria-con-la-r-d-del-congo\\\/#article\",\"isPartOf\":{\"@id\":\"https:\\\/\\\/www.itakaescolapios.org\\\/ca\\\/2019\\\/08\\\/bolivia-solidaria-con-la-r-d-del-congo\\\/\"},\"author\":{\"name\":\"itaka\",\"@id\":\"https:\\\/\\\/www.itakaescolapios.org\\\/es\\\/#\\\/schema\\\/person\\\/670123daeb1cc31cae1b106740036ccb\"},\"headline\":\"BOLIVIA, SOLIDARIA CON LA R. D. DEL CONGO\",\"datePublished\":\"2019-08-22T12:08:02+00:00\",\"dateModified\":\"2023-11-28T11:36:44+00:00\",\"mainEntityOfPage\":{\"@id\":\"https:\\\/\\\/www.itakaescolapios.org\\\/ca\\\/2019\\\/08\\\/bolivia-solidaria-con-la-r-d-del-congo\\\/\"},\"wordCount\":96,\"publisher\":{\"@id\":\"https:\\\/\\\/www.itakaescolapios.org\\\/es\\\/#organization\"},\"image\":{\"@id\":\"https:\\\/\\\/www.itakaescolapios.org\\\/ca\\\/2019\\\/08\\\/bolivia-solidaria-con-la-r-d-del-congo\\\/#primaryimage\"},\"thumbnailUrl\":\"https:\\\/\\\/www.itakaescolapios.org\\\/wp-content\\\/uploads\\\/2019\\\/08\\\/5.jpg\",\"articleSection\":[\"Bolivia\",\"Itaka Escolapios\"],\"inLanguage\":\"ca\"},{\"@type\":\"WebPage\",\"@id\":\"https:\\\/\\\/www.itakaescolapios.org\\\/ca\\\/2019\\\/08\\\/bolivia-solidaria-con-la-r-d-del-congo\\\/\",\"url\":\"https:\\\/\\\/www.itakaescolapios.org\\\/ca\\\/2019\\\/08\\\/bolivia-solidaria-con-la-r-d-del-congo\\\/\",\"name\":\"BOLIVIA, SOLIDARIA CON LA R. D. DEL CONGO - Itaka-Escolapios\",\"isPartOf\":{\"@id\":\"https:\\\/\\\/www.itakaescolapios.org\\\/es\\\/#website\"},\"primaryImageOfPage\":{\"@id\":\"https:\\\/\\\/www.itakaescolapios.org\\\/ca\\\/2019\\\/08\\\/bolivia-solidaria-con-la-r-d-del-congo\\\/#primaryimage\"},\"image\":{\"@id\":\"https:\\\/\\\/www.itakaescolapios.org\\\/ca\\\/2019\\\/08\\\/bolivia-solidaria-con-la-r-d-del-congo\\\/#primaryimage\"},\"thumbnailUrl\":\"https:\\\/\\\/www.itakaescolapios.org\\\/wp-content\\\/uploads\\\/2019\\\/08\\\/5.jpg\",\"datePublished\":\"2019-08-22T12:08:02+00:00\",\"dateModified\":\"2023-11-28T11:36:44+00:00\",\"breadcrumb\":{\"@id\":\"https:\\\/\\\/www.itakaescolapios.org\\\/ca\\\/2019\\\/08\\\/bolivia-solidaria-con-la-r-d-del-congo\\\/#breadcrumb\"},\"inLanguage\":\"ca\",\"potentialAction\":[{\"@type\":\"ReadAction\",\"target\":[\"https:\\\/\\\/www.itakaescolapios.org\\\/ca\\\/2019\\\/08\\\/bolivia-solidaria-con-la-r-d-del-congo\\\/\"]}]},{\"@type\":\"ImageObject\",\"inLanguage\":\"ca\",\"@id\":\"https:\\\/\\\/www.itakaescolapios.org\\\/ca\\\/2019\\\/08\\\/bolivia-solidaria-con-la-r-d-del-congo\\\/#primaryimage\",\"url\":\"https:\\\/\\\/www.itakaescolapios.org\\\/wp-content\\\/uploads\\\/2019\\\/08\\\/5.jpg\",\"contentUrl\":\"https:\\\/\\\/www.itakaescolapios.org\\\/wp-content\\\/uploads\\\/2019\\\/08\\\/5.jpg\",\"width\":2000,\"height\":457},{\"@type\":\"BreadcrumbList\",\"@id\":\"https:\\\/\\\/www.itakaescolapios.org\\\/ca\\\/2019\\\/08\\\/bolivia-solidaria-con-la-r-d-del-congo\\\/#breadcrumb\",\"itemListElement\":[{\"@type\":\"ListItem\",\"position\":1,\"name\":\"Itaka-Escolapios\",\"item\":\"https:\\\/\\\/www.itakaescolapios.org\\\/es\\\/\"},{\"@type\":\"ListItem\",\"position\":2,\"name\":\"BOLIVIA, SOLIDARIA CON LA R. D. DEL CONGO\"}]},{\"@type\":\"WebSite\",\"@id\":\"https:\\\/\\\/www.itakaescolapios.org\\\/ca\\\/es\\\/#website\",\"url\":\"https:\\\/\\\/www.itakaescolapios.org\\\/ca\\\/es\\\/\",\"name\":\"Itaka-Escolapios\",\"description\":\"Red de Itaka-Escolapios\",\"publisher\":{\"@id\":\"https:\\\/\\\/www.itakaescolapios.org\\\/ca\\\/es\\\/#organization\"},\"potentialAction\":[{\"@type\":\"SearchAction\",\"target\":{\"@type\":\"EntryPoint\",\"urlTemplate\":\"https:\\\/\\\/www.itakaescolapios.org\\\/ca\\\/es\\\/?s={search_term_string}\"},\"query-input\":{\"@type\":\"PropertyValueSpecification\",\"valueRequired\":true,\"valueName\":\"search_term_string\"}}],\"inLanguage\":\"ca\"},{\"@type\":\"Organization\",\"@id\":\"https:\\\/\\\/www.itakaescolapios.org\\\/ca\\\/es\\\/#organization\",\"name\":\"Fundaci\u00f3 Itaka-Escolapios\",\"url\":\"https:\\\/\\\/www.itakaescolapios.org\\\/ca\\\/es\\\/\",\"logo\":{\"@type\":\"ImageObject\",\"inLanguage\":\"ca\",\"@id\":\"https:\\\/\\\/www.itakaescolapios.org\\\/ca\\\/es\\\/#\\\/schema\\\/logo\\\/image\\\/\",\"url\":\"https:\\\/\\\/www.itakaescolapios.org\\\/wp-content\\\/uploads\\\/2024\\\/04\\\/Logo-itakaescolapios-peque.png\",\"contentUrl\":\"https:\\\/\\\/www.itakaescolapios.org\\\/wp-content\\\/uploads\\\/2024\\\/04\\\/Logo-itakaescolapios-peque.png\",\"width\":500,\"height\":199,\"caption\":\"Fundaci\u00f3 Itaka-Escolapios\"},\"image\":{\"@id\":\"https:\\\/\\\/www.itakaescolapios.org\\\/ca\\\/es\\\/#\\\/schema\\\/logo\\\/image\\\/\"}},{\"@type\":\"Person\",\"@id\":\"https:\\\/\\\/www.itakaescolapios.org\\\/es\\\/#\\\/schema\\\/person\\\/670123daeb1cc31cae1b106740036ccb\",\"name\":\"itaka\",\"url\":\"https:\\\/\\\/www.itakaescolapios.org\\\/ca\\\/author\\\/itaka\\\/\"}]}<\/script>\n<!-- \/ Yoast SEO plugin. -->","yoast_head_json":{"title":"BOLIVIA, SOLIDARIA CON LA R. D. DEL CONGO","description":"La solidaridad en nuestra Red Itaka - Escolapios no tiene fronteras: pa\u00edses de todos los continentes, ricos y pobres, se suman en la Campa\u00f1a que anualmente lanza nuestra Red para apoyar un proyecto de construcci\u00f3n de un mundo mejor. En estos momentos Bolivia se vuelca en la solidaridad hacia los proyectos escolapios del Congo: lo&hellip;","robots":{"index":"index","follow":"follow","max-snippet":"max-snippet:-1","max-image-preview":"max-image-preview:large","max-video-preview":"max-video-preview:-1"},"canonical":"La solidaridad en nuestra Red Itaka - Escolapios no tiene fronteras: pa\u00edses de todos los continentes, ricos y pobres, se suman en la Campa\u00f1a que anualmente lanza nuestra Red para apoyar un proyecto de construcci\u00f3n de un mundo mejor. En estos momentos Bolivia se vuelca en la solidaridad hacia los proyectos escolapios del Congo: lo&hellip;","og_locale":"ca_ES","og_type":"article","og_title":"BOLIVIA, SOLIDARIA CON LA R. D. DEL CONGO","og_description":"La solidaridad en nuestra Red Itaka - Escolapios no tiene fronteras: pa\u00edses de todos los continentes, ricos y pobres, se suman en la Campa\u00f1a que anualmente lanza nuestra Red para apoyar un proyecto de construcci\u00f3n de un mundo mejor. En estos momentos Bolivia se vuelca en la solidaridad hacia los proyectos escolapios del Congo: lo&hellip;","og_url":"https:\/\/www.itakaescolapios.org\/ca\/2019\/08\/bolivia-solidaria-con-la-r-d-del-congo\/","og_site_name":"Itaka-Escolapios","article_published_time":"2019-08-22T12:08:02+00:00","article_modified_time":"2023-11-28T11:36:44+00:00","og_image":[{"width":2000,"height":457,"url":"https:\/\/www.itakaescolapios.org\/wp-content\/uploads\/2019\/08\/5.jpg","type":"image\/jpeg"}],"author":"itaka","twitter_card":"summary_large_image","twitter_misc":{"Escrit per":"itaka"},"schema":{"@context":"https:\/\/schema.org","@graph":[{"@type":"Article","@id":"https:\/\/www.itakaescolapios.org\/ca\/2019\/08\/bolivia-solidaria-con-la-r-d-del-congo\/#article","isPartOf":{"@id":"https:\/\/www.itakaescolapios.org\/ca\/2019\/08\/bolivia-solidaria-con-la-r-d-del-congo\/"},"author":{"name":"itaka","@id":"https:\/\/www.itakaescolapios.org\/es\/#\/schema\/person\/670123daeb1cc31cae1b106740036ccb"},"headline":"BOLIVIA, SOLIDARIA CON LA R. D. DEL CONGO","datePublished":"2019-08-22T12:08:02+00:00","dateModified":"2023-11-28T11:36:44+00:00","mainEntityOfPage":{"@id":"https:\/\/www.itakaescolapios.org\/ca\/2019\/08\/bolivia-solidaria-con-la-r-d-del-congo\/"},"wordCount":96,"publisher":{"@id":"https:\/\/www.itakaescolapios.org\/es\/#organization"},"image":{"@id":"https:\/\/www.itakaescolapios.org\/ca\/2019\/08\/bolivia-solidaria-con-la-r-d-del-congo\/#primaryimage"},"thumbnailUrl":"https:\/\/www.itakaescolapios.org\/wp-content\/uploads\/2019\/08\/5.jpg","articleSection":["Bolivia","Itaka Escolapios"],"inLanguage":"ca"},{"@type":"WebPage","@id":"https:\/\/www.itakaescolapios.org\/ca\/2019\/08\/bolivia-solidaria-con-la-r-d-del-congo\/","url":"https:\/\/www.itakaescolapios.org\/ca\/2019\/08\/bolivia-solidaria-con-la-r-d-del-congo\/","name":"BOLIVIA, SOLIDARIA CON LA R. D. DEL CONGO - Itaka-Escolapios","isPartOf":{"@id":"https:\/\/www.itakaescolapios.org\/es\/#website"},"primaryImageOfPage":{"@id":"https:\/\/www.itakaescolapios.org\/ca\/2019\/08\/bolivia-solidaria-con-la-r-d-del-congo\/#primaryimage"},"image":{"@id":"https:\/\/www.itakaescolapios.org\/ca\/2019\/08\/bolivia-solidaria-con-la-r-d-del-congo\/#primaryimage"},"thumbnailUrl":"https:\/\/www.itakaescolapios.org\/wp-content\/uploads\/2019\/08\/5.jpg","datePublished":"2019-08-22T12:08:02+00:00","dateModified":"2023-11-28T11:36:44+00:00","breadcrumb":{"@id":"https:\/\/www.itakaescolapios.org\/ca\/2019\/08\/bolivia-solidaria-con-la-r-d-del-congo\/#breadcrumb"},"inLanguage":"ca","potentialAction":[{"@type":"ReadAction","target":["https:\/\/www.itakaescolapios.org\/ca\/2019\/08\/bolivia-solidaria-con-la-r-d-del-congo\/"]}]},{"@type":"ImageObject","inLanguage":"ca","@id":"https:\/\/www.itakaescolapios.org\/ca\/2019\/08\/bolivia-solidaria-con-la-r-d-del-congo\/#primaryimage","url":"https:\/\/www.itakaescolapios.org\/wp-content\/uploads\/2019\/08\/5.jpg","contentUrl":"https:\/\/www.itakaescolapios.org\/wp-content\/uploads\/2019\/08\/5.jpg","width":2000,"height":457},{"@type":"BreadcrumbList","@id":"https:\/\/www.itakaescolapios.org\/ca\/2019\/08\/bolivia-solidaria-con-la-r-d-del-congo\/#breadcrumb","itemListElement":[{"@type":"ListItem","position":1,"name":"Itaka-Escolapios","item":"https:\/\/www.itakaescolapios.org\/es\/"},{"@type":"ListItem","position":2,"name":"BOLIVIA, SOLIDARIA CON LA R. D. DEL CONGO"}]},{"@type":"WebSite","@id":"https:\/\/www.itakaescolapios.org\/ca\/es\/#website","url":"https:\/\/www.itakaescolapios.org\/ca\/es\/","name":"Itaka-Escolapios","description":"Red de Itaka-Escolapios","publisher":{"@id":"https:\/\/www.itakaescolapios.org\/ca\/es\/#organization"},"potentialAction":[{"@type":"SearchAction","target":{"@type":"EntryPoint","urlTemplate":"https:\/\/www.itakaescolapios.org\/ca\/es\/?s={search_term_string}"},"query-input":{"@type":"PropertyValueSpecification","valueRequired":true,"valueName":"search_term_string"}}],"inLanguage":"ca"},{"@type":"Organization","@id":"https:\/\/www.itakaescolapios.org\/ca\/es\/#organization","name":"Fundaci\u00f3 Itaka-Escolapios","url":"https:\/\/www.itakaescolapios.org\/ca\/es\/","logo":{"@type":"ImageObject","inLanguage":"ca","@id":"https:\/\/www.itakaescolapios.org\/ca\/es\/#\/schema\/logo\/image\/","url":"https:\/\/www.itakaescolapios.org\/wp-content\/uploads\/2024\/04\/Logo-itakaescolapios-peque.png","contentUrl":"https:\/\/www.itakaescolapios.org\/wp-content\/uploads\/2024\/04\/Logo-itakaescolapios-peque.png","width":500,"height":199,"caption":"Fundaci\u00f3 Itaka-Escolapios"},"image":{"@id":"https:\/\/www.itakaescolapios.org\/ca\/es\/#\/schema\/logo\/image\/"}},{"@type":"Person","@id":"https:\/\/www.itakaescolapios.org\/es\/#\/schema\/person\/670123daeb1cc31cae1b106740036ccb","name":"itaka","url":"https:\/\/www.itakaescolapios.org\/ca\/author\/itaka\/"}]}},"_links":{"self":[{"href":"https:\/\/www.itakaescolapios.org\/ca\/wp-json\/wp\/v2\/posts\/28126","targetHints":{"allow":["GET"]}}],"collection":[{"href":"https:\/\/www.itakaescolapios.org\/ca\/wp-json\/wp\/v2\/posts"}],"about":[{"href":"https:\/\/www.itakaescolapios.org\/ca\/wp-json\/wp\/v2\/types\/post"}],"author":[{"embeddable":true,"href":"https:\/\/www.itakaescolapios.org\/ca\/wp-json\/wp\/v2\/users\/4"}],"replies":[{"embeddable":true,"href":"https:\/\/www.itakaescolapios.org\/ca\/wp-json\/wp\/v2\/comments?post=28126"}],"version-history":[{"count":3,"href":"https:\/\/www.itakaescolapios.org\/ca\/wp-json\/wp\/v2\/posts\/28126\/revisions"}],"predecessor-version":[{"id":45523,"href":"https:\/\/www.itakaescolapios.org\/ca\/wp-json\/wp\/v2\/posts\/28126\/revisions\/45523"}],"wp:featuredmedia":[{"embeddable":true,"href":"https:\/\/www.itakaescolapios.org\/ca\/wp-json\/wp\/v2\/media\/28127"}],"wp:attachment":[{"href":"https:\/\/www.itakaescolapios.org\/ca\/wp-json\/wp\/v2\/media?parent=28126"}],"wp:term":[{"taxonomy":"category","embeddable":true,"href":"https:\/\/www.itakaescolapios.org\/ca\/wp-json\/wp\/v2\/categories?post=28126"},{"taxonomy":"post_tag","embeddable":true,"href":"https:\/\/www.itakaescolapios.org\/ca\/wp-json\/wp\/v2\/tags?post=28126"}],"curies":[{"name":"wp","href":"https:\/\/api.w.org\/{rel}","templated":true}]}}