{"id":28556,"date":"2019-10-18T11:15:26","date_gmt":"2019-10-18T10:15:26","guid":{"rendered":"https:\/\/www.itakaescolapios.org\/?p=28556"},"modified":"2023-11-28T12:36:41","modified_gmt":"2023-11-28T11:36:41","slug":"comenzamos-el-curso-en-proyecto-llum","status":"publish","type":"post","link":"https:\/\/www.itakaescolapios.org\/ca\/2019\/10\/comenzamos-el-curso-en-proyecto-llum\/","title":{"rendered":"COMENZAMOS EL CURSO EN PROYECTO LLUM"},"content":{"rendered":"<p>Esta semana hemos dado el pistoletazo de salida al nuevo curso del proyecto Llum. Con la ilusi\u00f3n de reencontrarnos,\u00a0 empezar con todo lo nuevo que hemos preparado y continuar con las ganas de aprender y compartir juntos.<\/p>\n<p>Seguiremos junt\u00e1ndonos los tres primeros d\u00edas de la semana: Los lunes y mi\u00e9rcoles, los grupos de Primaria, y los lunes, los de Secundaria reforzar\u00e1n\u00a0 las asignaturas, conocimientos y dudas acad\u00e9micas que m\u00e1s les cuesten.<\/p>\n<p>Adem\u00e1s, los ni\u00f1os y ni\u00f1as de Primaria, a trav\u00e9s del arte, pondr\u00e1n nombre a las emociones, descubrir\u00e1n c\u00f3mo gestionarlas, resolver conflictos&#8230;mientras que Secundaria empezar\u00e1 a aprender percusi\u00f3n como medio para cohesi\u00f3n del grupo y descubrir la importancia de lo que aporta cada uno.<\/p>\n<p>Para empezar, este martes, en el taller de mediaci\u00f3n art\u00edstica hemos hecho un collage que representa lo que esperamos aprender este curso, lo que nos gustar\u00eda que ocurriera y todo lo que sumamos al grupo.<\/p>\n<p>Y como novedad de este curso los martes y mi\u00e9rcoles por la ma\u00f1ana un grupo de j\u00f3venes del PAC (Programa de Aula Compartida) del IES Isabel de Villena participan con nosotros en un taller de cocina y de cer\u00e1mica. \u00a1Tenemos semanas muy completas!<\/p>\n\n\t\t<style type=\"text\/css\">\n\t\t\t#gallery-1 {\n\t\t\t\tmargin: auto;\n\t\t\t}\n\t\t\t#gallery-1 .gallery-item {\n\t\t\t\tfloat: left;\n\t\t\t\tmargin-top: 10px;\n\t\t\t\ttext-align: center;\n\t\t\t\twidth: 33%;\n\t\t\t}\n\t\t\t#gallery-1 img {\n\t\t\t\tborder: 2px solid #cfcfcf;\n\t\t\t}\n\t\t\t#gallery-1 .gallery-caption {\n\t\t\t\tmargin-left: 0;\n\t\t\t}\n\t\t\t\/* see gallery_shortcode() in wp-includes\/media.php *\/\n\t\t<\/style>\n\t\t<div id='gallery-1' class='gallery galleryid-28556 gallery-columns-3 gallery-size-thumbnail'><dl class='gallery-item'>\n\t\t\t<dt class='gallery-icon landscape'>\n\t\t\t\t<a href='https:\/\/www.itakaescolapios.org\/ca\/2019\/10\/comenzamos-el-curso-en-proyecto-llum\/inicio-curso-1\/'><img decoding=\"async\" width=\"90\" height=\"90\" src=\"https:\/\/www.itakaescolapios.org\/wp-content\/uploads\/2019\/10\/inicio-curso-1-e1571393640563-90x90.jpeg\" class=\"attachment-thumbnail size-thumbnail\" alt=\"\" \/><\/a>\n\t\t\t<\/dt><\/dl><dl class='gallery-item'>\n\t\t\t<dt class='gallery-icon landscape'>\n\t\t\t\t<a href='https:\/\/www.itakaescolapios.org\/ca\/2019\/10\/comenzamos-el-curso-en-proyecto-llum\/inicio-curso-3\/'><img decoding=\"async\" width=\"90\" height=\"90\" src=\"https:\/\/www.itakaescolapios.org\/wp-content\/uploads\/2019\/10\/inicio-curso-3-90x90.jpeg\" class=\"attachment-thumbnail size-thumbnail\" alt=\"\" \/><\/a>\n\t\t\t<\/dt><\/dl><dl class='gallery-item'>\n\t\t\t<dt class='gallery-icon portrait'>\n\t\t\t\t<a href='https:\/\/www.itakaescolapios.org\/ca\/2019\/10\/comenzamos-el-curso-en-proyecto-llum\/inicio-curso-2-2\/'><img decoding=\"async\" width=\"90\" height=\"90\" src=\"https:\/\/www.itakaescolapios.org\/wp-content\/uploads\/2019\/10\/inicio-curso-2-1-90x90.jpeg\" class=\"attachment-thumbnail size-thumbnail\" alt=\"\" \/><\/a>\n\t\t\t<\/dt><\/dl><br style=\"clear: both\" \/>\n\t\t<\/div>\n\n","protected":false},"excerpt":{"rendered":"<p>Esta semana hemos dado el pistoletazo de salida al nuevo curso del proyecto Llum. Con la ilusi\u00f3n de reencontrarnos,\u00a0 empezar con todo lo nuevo que hemos preparado y continuar con [&hellip;]<\/p>\n","protected":false},"author":39,"featured_media":28557,"comment_status":"closed","ping_status":"closed","sticky":false,"template":"","format":"standard","meta":{"_et_pb_use_builder":"","_et_pb_old_content":"","_et_gb_content_width":"","footnotes":""},"categories":[12],"tags":[440,46,334,439,441,438,278],"class_list":["post-28556","post","type-post","status-publish","format-standard","has-post-thumbnail","hentry","category-valencia","tag-arte","tag-educacion","tag-llum","tag-mediacion-artistica","tag-pac","tag-proyectollum","tag-refuerzo-escolar"],"yoast_head":"<!-- This site is optimized with the Yoast SEO plugin v27.4 - https:\/\/yoast.com\/product\/yoast-seo-wordpress\/ -->\n<title>COMENZAMOS EL CURSO EN PROYECTO LLUM<\/title>\n<meta name=\"description\" content=\"Esta semana hemos dado el pistoletazo de salida al nuevo curso del proyecto Llum. Con la ilusi\u00f3n de reencontrarnos,\u00a0 empezar con todo lo nuevo que hemos preparado y continuar con las ganas de aprender y compartir juntos. Seguiremos junt\u00e1ndonos los tres primeros d\u00edas de la semana: Los lunes y mi\u00e9rcoles, los grupos de Primaria, y&hellip;\" \/>\n<meta name=\"robots\" content=\"index, follow, max-snippet:-1, max-image-preview:large, max-video-preview:-1\" \/>\n<link rel=\"canonical\" href=\"\" \/>\n<meta property=\"og:locale\" content=\"ca_ES\" \/>\n<meta property=\"og:type\" content=\"article\" \/>\n<meta property=\"og:title\" content=\"COMENZAMOS EL CURSO EN PROYECTO LLUM\" \/>\n<meta property=\"og:description\" content=\"Esta semana hemos dado el pistoletazo de salida al nuevo curso del proyecto Llum. Con la ilusi\u00f3n de reencontrarnos,\u00a0 empezar con todo lo nuevo que hemos preparado y continuar con las ganas de aprender y compartir juntos. Seguiremos junt\u00e1ndonos los tres primeros d\u00edas de la semana: Los lunes y mi\u00e9rcoles, los grupos de Primaria, y&hellip;\" \/>\n<meta property=\"og:url\" content=\"https:\/\/www.itakaescolapios.org\/ca\/2019\/10\/comenzamos-el-curso-en-proyecto-llum\/\" \/>\n<meta property=\"og:site_name\" content=\"Itaka-Escolapios\" \/>\n<meta property=\"article:published_time\" content=\"2019-10-18T10:15:26+00:00\" \/>\n<meta property=\"article:modified_time\" content=\"2023-11-28T11:36:41+00:00\" \/>\n<meta property=\"og:image\" content=\"https:\/\/www.itakaescolapios.org\/wp-content\/uploads\/2019\/10\/inicio-curso-2-e1571393592527.jpeg\" \/>\n\t<meta property=\"og:image:width\" content=\"1180\" \/>\n\t<meta property=\"og:image:height\" content=\"1352\" \/>\n\t<meta property=\"og:image:type\" content=\"image\/jpeg\" \/>\n<meta name=\"author\" content=\"valencia01\" \/>\n<meta name=\"twitter:card\" content=\"summary_large_image\" \/>\n<meta name=\"twitter:label1\" content=\"Escrit per\" \/>\n\t<meta name=\"twitter:data1\" content=\"valencia01\" \/>\n\t<meta name=\"twitter:label2\" content=\"Temps estimat de lectura\" \/>\n\t<meta name=\"twitter:data2\" content=\"1 minut\" \/>\n<script type=\"application\/ld+json\" class=\"yoast-schema-graph\">{\"@context\":\"https:\\\/\\\/schema.org\",\"@graph\":[{\"@type\":\"Article\",\"@id\":\"https:\\\/\\\/www.itakaescolapios.org\\\/ca\\\/2019\\\/10\\\/comenzamos-el-curso-en-proyecto-llum\\\/#article\",\"isPartOf\":{\"@id\":\"https:\\\/\\\/www.itakaescolapios.org\\\/ca\\\/2019\\\/10\\\/comenzamos-el-curso-en-proyecto-llum\\\/\"},\"author\":{\"name\":\"valencia01\",\"@id\":\"https:\\\/\\\/www.itakaescolapios.org\\\/es\\\/#\\\/schema\\\/person\\\/c232ccaa2b3f2e98db93c1f8dfca96ff\"},\"headline\":\"COMENZAMOS EL CURSO EN PROYECTO LLUM\",\"datePublished\":\"2019-10-18T10:15:26+00:00\",\"dateModified\":\"2023-11-28T11:36:41+00:00\",\"mainEntityOfPage\":{\"@id\":\"https:\\\/\\\/www.itakaescolapios.org\\\/ca\\\/2019\\\/10\\\/comenzamos-el-curso-en-proyecto-llum\\\/\"},\"wordCount\":224,\"publisher\":{\"@id\":\"https:\\\/\\\/www.itakaescolapios.org\\\/es\\\/#organization\"},\"image\":{\"@id\":\"https:\\\/\\\/www.itakaescolapios.org\\\/ca\\\/2019\\\/10\\\/comenzamos-el-curso-en-proyecto-llum\\\/#primaryimage\"},\"thumbnailUrl\":\"https:\\\/\\\/www.itakaescolapios.org\\\/wp-content\\\/uploads\\\/2019\\\/10\\\/inicio-curso-2-e1571393592527.jpeg\",\"keywords\":[\"arte\",\"educaci\u00f3n\",\"Llum\",\"mediaci\u00f3n art\u00edstica\",\"PAC\",\"ProyectoLlum\",\"refuerzo escolar\"],\"articleSection\":[\"Valencia\"],\"inLanguage\":\"ca\"},{\"@type\":\"WebPage\",\"@id\":\"https:\\\/\\\/www.itakaescolapios.org\\\/ca\\\/2019\\\/10\\\/comenzamos-el-curso-en-proyecto-llum\\\/\",\"url\":\"https:\\\/\\\/www.itakaescolapios.org\\\/ca\\\/2019\\\/10\\\/comenzamos-el-curso-en-proyecto-llum\\\/\",\"name\":\"COMENZAMOS EL CURSO EN PROYECTO LLUM - Itaka-Escolapios\",\"isPartOf\":{\"@id\":\"https:\\\/\\\/www.itakaescolapios.org\\\/es\\\/#website\"},\"primaryImageOfPage\":{\"@id\":\"https:\\\/\\\/www.itakaescolapios.org\\\/ca\\\/2019\\\/10\\\/comenzamos-el-curso-en-proyecto-llum\\\/#primaryimage\"},\"image\":{\"@id\":\"https:\\\/\\\/www.itakaescolapios.org\\\/ca\\\/2019\\\/10\\\/comenzamos-el-curso-en-proyecto-llum\\\/#primaryimage\"},\"thumbnailUrl\":\"https:\\\/\\\/www.itakaescolapios.org\\\/wp-content\\\/uploads\\\/2019\\\/10\\\/inicio-curso-2-e1571393592527.jpeg\",\"datePublished\":\"2019-10-18T10:15:26+00:00\",\"dateModified\":\"2023-11-28T11:36:41+00:00\",\"breadcrumb\":{\"@id\":\"https:\\\/\\\/www.itakaescolapios.org\\\/ca\\\/2019\\\/10\\\/comenzamos-el-curso-en-proyecto-llum\\\/#breadcrumb\"},\"inLanguage\":\"ca\",\"potentialAction\":[{\"@type\":\"ReadAction\",\"target\":[\"https:\\\/\\\/www.itakaescolapios.org\\\/ca\\\/2019\\\/10\\\/comenzamos-el-curso-en-proyecto-llum\\\/\"]}]},{\"@type\":\"ImageObject\",\"inLanguage\":\"ca\",\"@id\":\"https:\\\/\\\/www.itakaescolapios.org\\\/ca\\\/2019\\\/10\\\/comenzamos-el-curso-en-proyecto-llum\\\/#primaryimage\",\"url\":\"https:\\\/\\\/www.itakaescolapios.org\\\/wp-content\\\/uploads\\\/2019\\\/10\\\/inicio-curso-2-e1571393592527.jpeg\",\"contentUrl\":\"https:\\\/\\\/www.itakaescolapios.org\\\/wp-content\\\/uploads\\\/2019\\\/10\\\/inicio-curso-2-e1571393592527.jpeg\",\"width\":1180,\"height\":1352},{\"@type\":\"BreadcrumbList\",\"@id\":\"https:\\\/\\\/www.itakaescolapios.org\\\/ca\\\/2019\\\/10\\\/comenzamos-el-curso-en-proyecto-llum\\\/#breadcrumb\",\"itemListElement\":[{\"@type\":\"ListItem\",\"position\":1,\"name\":\"Itaka-Escolapios\",\"item\":\"https:\\\/\\\/www.itakaescolapios.org\\\/es\\\/\"},{\"@type\":\"ListItem\",\"position\":2,\"name\":\"COMENZAMOS EL CURSO EN PROYECTO LLUM\"}]},{\"@type\":\"WebSite\",\"@id\":\"https:\\\/\\\/www.itakaescolapios.org\\\/ca\\\/es\\\/#website\",\"url\":\"https:\\\/\\\/www.itakaescolapios.org\\\/ca\\\/es\\\/\",\"name\":\"Itaka-Escolapios\",\"description\":\"Red de Itaka-Escolapios\",\"publisher\":{\"@id\":\"https:\\\/\\\/www.itakaescolapios.org\\\/ca\\\/es\\\/#organization\"},\"potentialAction\":[{\"@type\":\"SearchAction\",\"target\":{\"@type\":\"EntryPoint\",\"urlTemplate\":\"https:\\\/\\\/www.itakaescolapios.org\\\/ca\\\/es\\\/?s={search_term_string}\"},\"query-input\":{\"@type\":\"PropertyValueSpecification\",\"valueRequired\":true,\"valueName\":\"search_term_string\"}}],\"inLanguage\":\"ca\"},{\"@type\":\"Organization\",\"@id\":\"https:\\\/\\\/www.itakaescolapios.org\\\/ca\\\/es\\\/#organization\",\"name\":\"Fundaci\u00f3 Itaka-Escolapios\",\"url\":\"https:\\\/\\\/www.itakaescolapios.org\\\/ca\\\/es\\\/\",\"logo\":{\"@type\":\"ImageObject\",\"inLanguage\":\"ca\",\"@id\":\"https:\\\/\\\/www.itakaescolapios.org\\\/ca\\\/es\\\/#\\\/schema\\\/logo\\\/image\\\/\",\"url\":\"https:\\\/\\\/www.itakaescolapios.org\\\/wp-content\\\/uploads\\\/2024\\\/04\\\/Logo-itakaescolapios-peque.png\",\"contentUrl\":\"https:\\\/\\\/www.itakaescolapios.org\\\/wp-content\\\/uploads\\\/2024\\\/04\\\/Logo-itakaescolapios-peque.png\",\"width\":500,\"height\":199,\"caption\":\"Fundaci\u00f3 Itaka-Escolapios\"},\"image\":{\"@id\":\"https:\\\/\\\/www.itakaescolapios.org\\\/ca\\\/es\\\/#\\\/schema\\\/logo\\\/image\\\/\"}},{\"@type\":\"Person\",\"@id\":\"https:\\\/\\\/www.itakaescolapios.org\\\/es\\\/#\\\/schema\\\/person\\\/c232ccaa2b3f2e98db93c1f8dfca96ff\",\"name\":\"valencia01\",\"url\":\"https:\\\/\\\/www.itakaescolapios.org\\\/ca\\\/author\\\/valencia01\\\/\"}]}<\/script>\n<!-- \/ Yoast SEO plugin. -->","yoast_head_json":{"title":"COMENZAMOS EL CURSO EN PROYECTO LLUM","description":"Esta semana hemos dado el pistoletazo de salida al nuevo curso del proyecto Llum. Con la ilusi\u00f3n de reencontrarnos,\u00a0 empezar con todo lo nuevo que hemos preparado y continuar con las ganas de aprender y compartir juntos. Seguiremos junt\u00e1ndonos los tres primeros d\u00edas de la semana: Los lunes y mi\u00e9rcoles, los grupos de Primaria, y&hellip;","robots":{"index":"index","follow":"follow","max-snippet":"max-snippet:-1","max-image-preview":"max-image-preview:large","max-video-preview":"max-video-preview:-1"},"canonical":"Esta semana hemos dado el pistoletazo de salida al nuevo curso del proyecto Llum. Con la ilusi\u00f3n de reencontrarnos,\u00a0 empezar con todo lo nuevo que hemos preparado y continuar con las ganas de aprender y compartir juntos. Seguiremos junt\u00e1ndonos los tres primeros d\u00edas de la semana: Los lunes y mi\u00e9rcoles, los grupos de Primaria, y&hellip;","og_locale":"ca_ES","og_type":"article","og_title":"COMENZAMOS EL CURSO EN PROYECTO LLUM","og_description":"Esta semana hemos dado el pistoletazo de salida al nuevo curso del proyecto Llum. Con la ilusi\u00f3n de reencontrarnos,\u00a0 empezar con todo lo nuevo que hemos preparado y continuar con las ganas de aprender y compartir juntos. Seguiremos junt\u00e1ndonos los tres primeros d\u00edas de la semana: Los lunes y mi\u00e9rcoles, los grupos de Primaria, y&hellip;","og_url":"https:\/\/www.itakaescolapios.org\/ca\/2019\/10\/comenzamos-el-curso-en-proyecto-llum\/","og_site_name":"Itaka-Escolapios","article_published_time":"2019-10-18T10:15:26+00:00","article_modified_time":"2023-11-28T11:36:41+00:00","og_image":[{"width":1180,"height":1352,"url":"https:\/\/www.itakaescolapios.org\/wp-content\/uploads\/2019\/10\/inicio-curso-2-e1571393592527.jpeg","type":"image\/jpeg"}],"author":"valencia01","twitter_card":"summary_large_image","twitter_misc":{"Escrit per":"valencia01","Temps estimat de lectura":"1 minut"},"schema":{"@context":"https:\/\/schema.org","@graph":[{"@type":"Article","@id":"https:\/\/www.itakaescolapios.org\/ca\/2019\/10\/comenzamos-el-curso-en-proyecto-llum\/#article","isPartOf":{"@id":"https:\/\/www.itakaescolapios.org\/ca\/2019\/10\/comenzamos-el-curso-en-proyecto-llum\/"},"author":{"name":"valencia01","@id":"https:\/\/www.itakaescolapios.org\/es\/#\/schema\/person\/c232ccaa2b3f2e98db93c1f8dfca96ff"},"headline":"COMENZAMOS EL CURSO EN PROYECTO LLUM","datePublished":"2019-10-18T10:15:26+00:00","dateModified":"2023-11-28T11:36:41+00:00","mainEntityOfPage":{"@id":"https:\/\/www.itakaescolapios.org\/ca\/2019\/10\/comenzamos-el-curso-en-proyecto-llum\/"},"wordCount":224,"publisher":{"@id":"https:\/\/www.itakaescolapios.org\/es\/#organization"},"image":{"@id":"https:\/\/www.itakaescolapios.org\/ca\/2019\/10\/comenzamos-el-curso-en-proyecto-llum\/#primaryimage"},"thumbnailUrl":"https:\/\/www.itakaescolapios.org\/wp-content\/uploads\/2019\/10\/inicio-curso-2-e1571393592527.jpeg","keywords":["arte","educaci\u00f3n","Llum","mediaci\u00f3n art\u00edstica","PAC","ProyectoLlum","refuerzo escolar"],"articleSection":["Valencia"],"inLanguage":"ca"},{"@type":"WebPage","@id":"https:\/\/www.itakaescolapios.org\/ca\/2019\/10\/comenzamos-el-curso-en-proyecto-llum\/","url":"https:\/\/www.itakaescolapios.org\/ca\/2019\/10\/comenzamos-el-curso-en-proyecto-llum\/","name":"COMENZAMOS EL CURSO EN PROYECTO LLUM - Itaka-Escolapios","isPartOf":{"@id":"https:\/\/www.itakaescolapios.org\/es\/#website"},"primaryImageOfPage":{"@id":"https:\/\/www.itakaescolapios.org\/ca\/2019\/10\/comenzamos-el-curso-en-proyecto-llum\/#primaryimage"},"image":{"@id":"https:\/\/www.itakaescolapios.org\/ca\/2019\/10\/comenzamos-el-curso-en-proyecto-llum\/#primaryimage"},"thumbnailUrl":"https:\/\/www.itakaescolapios.org\/wp-content\/uploads\/2019\/10\/inicio-curso-2-e1571393592527.jpeg","datePublished":"2019-10-18T10:15:26+00:00","dateModified":"2023-11-28T11:36:41+00:00","breadcrumb":{"@id":"https:\/\/www.itakaescolapios.org\/ca\/2019\/10\/comenzamos-el-curso-en-proyecto-llum\/#breadcrumb"},"inLanguage":"ca","potentialAction":[{"@type":"ReadAction","target":["https:\/\/www.itakaescolapios.org\/ca\/2019\/10\/comenzamos-el-curso-en-proyecto-llum\/"]}]},{"@type":"ImageObject","inLanguage":"ca","@id":"https:\/\/www.itakaescolapios.org\/ca\/2019\/10\/comenzamos-el-curso-en-proyecto-llum\/#primaryimage","url":"https:\/\/www.itakaescolapios.org\/wp-content\/uploads\/2019\/10\/inicio-curso-2-e1571393592527.jpeg","contentUrl":"https:\/\/www.itakaescolapios.org\/wp-content\/uploads\/2019\/10\/inicio-curso-2-e1571393592527.jpeg","width":1180,"height":1352},{"@type":"BreadcrumbList","@id":"https:\/\/www.itakaescolapios.org\/ca\/2019\/10\/comenzamos-el-curso-en-proyecto-llum\/#breadcrumb","itemListElement":[{"@type":"ListItem","position":1,"name":"Itaka-Escolapios","item":"https:\/\/www.itakaescolapios.org\/es\/"},{"@type":"ListItem","position":2,"name":"COMENZAMOS EL CURSO EN PROYECTO LLUM"}]},{"@type":"WebSite","@id":"https:\/\/www.itakaescolapios.org\/ca\/es\/#website","url":"https:\/\/www.itakaescolapios.org\/ca\/es\/","name":"Itaka-Escolapios","description":"Red de Itaka-Escolapios","publisher":{"@id":"https:\/\/www.itakaescolapios.org\/ca\/es\/#organization"},"potentialAction":[{"@type":"SearchAction","target":{"@type":"EntryPoint","urlTemplate":"https:\/\/www.itakaescolapios.org\/ca\/es\/?s={search_term_string}"},"query-input":{"@type":"PropertyValueSpecification","valueRequired":true,"valueName":"search_term_string"}}],"inLanguage":"ca"},{"@type":"Organization","@id":"https:\/\/www.itakaescolapios.org\/ca\/es\/#organization","name":"Fundaci\u00f3 Itaka-Escolapios","url":"https:\/\/www.itakaescolapios.org\/ca\/es\/","logo":{"@type":"ImageObject","inLanguage":"ca","@id":"https:\/\/www.itakaescolapios.org\/ca\/es\/#\/schema\/logo\/image\/","url":"https:\/\/www.itakaescolapios.org\/wp-content\/uploads\/2024\/04\/Logo-itakaescolapios-peque.png","contentUrl":"https:\/\/www.itakaescolapios.org\/wp-content\/uploads\/2024\/04\/Logo-itakaescolapios-peque.png","width":500,"height":199,"caption":"Fundaci\u00f3 Itaka-Escolapios"},"image":{"@id":"https:\/\/www.itakaescolapios.org\/ca\/es\/#\/schema\/logo\/image\/"}},{"@type":"Person","@id":"https:\/\/www.itakaescolapios.org\/es\/#\/schema\/person\/c232ccaa2b3f2e98db93c1f8dfca96ff","name":"valencia01","url":"https:\/\/www.itakaescolapios.org\/ca\/author\/valencia01\/"}]}},"_links":{"self":[{"href":"https:\/\/www.itakaescolapios.org\/ca\/wp-json\/wp\/v2\/posts\/28556","targetHints":{"allow":["GET"]}}],"collection":[{"href":"https:\/\/www.itakaescolapios.org\/ca\/wp-json\/wp\/v2\/posts"}],"about":[{"href":"https:\/\/www.itakaescolapios.org\/ca\/wp-json\/wp\/v2\/types\/post"}],"author":[{"embeddable":true,"href":"https:\/\/www.itakaescolapios.org\/ca\/wp-json\/wp\/v2\/users\/39"}],"replies":[{"embeddable":true,"href":"https:\/\/www.itakaescolapios.org\/ca\/wp-json\/wp\/v2\/comments?post=28556"}],"version-history":[{"count":3,"href":"https:\/\/www.itakaescolapios.org\/ca\/wp-json\/wp\/v2\/posts\/28556\/revisions"}],"predecessor-version":[{"id":45421,"href":"https:\/\/www.itakaescolapios.org\/ca\/wp-json\/wp\/v2\/posts\/28556\/revisions\/45421"}],"wp:featuredmedia":[{"embeddable":true,"href":"https:\/\/www.itakaescolapios.org\/ca\/wp-json\/wp\/v2\/media\/28557"}],"wp:attachment":[{"href":"https:\/\/www.itakaescolapios.org\/ca\/wp-json\/wp\/v2\/media?parent=28556"}],"wp:term":[{"taxonomy":"category","embeddable":true,"href":"https:\/\/www.itakaescolapios.org\/ca\/wp-json\/wp\/v2\/categories?post=28556"},{"taxonomy":"post_tag","embeddable":true,"href":"https:\/\/www.itakaescolapios.org\/ca\/wp-json\/wp\/v2\/tags?post=28556"}],"curies":[{"name":"wp","href":"https:\/\/api.w.org\/{rel}","templated":true}]}}