{"id":28672,"date":"2019-10-29T21:43:55","date_gmt":"2019-10-29T20:43:55","guid":{"rendered":"https:\/\/www.itakaescolapios.org\/?p=28672"},"modified":"2023-11-28T12:36:39","modified_gmt":"2023-11-28T11:36:39","slug":"portugues-encontro-de-educadores-2019","status":"publish","type":"post","link":"https:\/\/www.itakaescolapios.org\/ca\/2019\/10\/portugues-encontro-de-educadores-2019\/","title":{"rendered":"ENCUENTRO DE EDUCADORES DE ITAKA - ESCOLAPIOS BRASIL"},"content":{"rendered":"<p>Durante los d\u00edas 26 y 27 de octubre tuvo lugar en el Recanto Calasanz de Valadares un nuevo encuentro de alrededor de 60 educadores (profesionales y voluntarios) de Itaka &#8211; Brasil, con la participaci\u00f3n de las cuatrro presencias: Belo Horizonte, Serra, Governador Valadares e Aracaju.<\/p>\n<p>El encuentro estuvo marcado por diversas actividades como momentos de espiritualidad, presentaci\u00f3n de los trabajos realizados en cada uno de los centros sociales, din\u00e1micas, trabajos en grupo, celebraci\u00f3n de la Eucarist\u00eda presidida por el Provincial P. Javier y una noche divertida con nuestro bingo.<\/p>\n<p>Queremos destacar las presentaciones de Roseane Linhares sobre la relaci\u00f3n educativa, del P. Jos\u00e9 Carlos sobre el voluntariado, de Hugo sobre la juventud protagonista de nuestra misi\u00f3n&#8230; El P. Javier destac\u00f3 la importancia de la misi\u00f3n compartida entre la Fraternidad y la Ordem y una breve presentaci\u00f3n sobre el surgimiento de Itaka &#8211; Escolapios y la Frasternidad. Cerr\u00f3 este rico encuentro Maria Em\u00edlia reflexionando sobre la alianza de la familia para nuestro proceso educaitvo.<\/p>\n<p><a href=\"https:\/\/www.facebook.com\/2016878628599301\/photos\/pcb.2592653744355117\/2592645197689305\/?type=3&amp;theater\">M\u00e1s fotos:<\/a><\/p>\n","protected":false},"excerpt":{"rendered":"<p>Durante los d\u00edas 26 y 27 de octubre tuvo lugar en el Recanto Calasanz de Valadares un nuevo encuentro de alrededor de 60 educadores (profesionales y voluntarios) de Itaka &#8211; [&hellip;]<\/p>\n","protected":false},"author":11,"featured_media":28675,"comment_status":"closed","ping_status":"closed","sticky":false,"template":"","format":"standard","meta":{"_et_pb_use_builder":"","_et_pb_old_content":"","_et_gb_content_width":"","footnotes":""},"categories":[16],"tags":[],"class_list":["post-28672","post","type-post","status-publish","format-standard","has-post-thumbnail","hentry","category-governador-valadares"],"yoast_head":"<!-- This site is optimized with the Yoast SEO plugin v27.4 - https:\/\/yoast.com\/product\/yoast-seo-wordpress\/ -->\n<title>ENCUENTRO DE EDUCADORES DE ITAKA - ESCOLAPIOS BRASIL<\/title>\n<meta name=\"description\" content=\"Durante los d\u00edas 26 y 27 de octubre tuvo lugar en el Recanto Calasanz de Valadares un nuevo encuentro de alrededor de 60 educadores (profesionales y voluntarios) de Itaka - Brasil, con la participaci\u00f3n de las cuatrro presencias: Belo Horizonte, Serra, Governador Valadares e Aracaju. El encuentro estuvo marcado por diversas actividades como momentos de&hellip;\" \/>\n<meta name=\"robots\" content=\"index, follow, max-snippet:-1, max-image-preview:large, max-video-preview:-1\" \/>\n<link rel=\"canonical\" href=\"\" \/>\n<meta property=\"og:locale\" content=\"ca_ES\" \/>\n<meta property=\"og:type\" content=\"article\" \/>\n<meta property=\"og:title\" content=\"ENCUENTRO DE EDUCADORES DE ITAKA - ESCOLAPIOS BRASIL\" \/>\n<meta property=\"og:description\" content=\"Durante los d\u00edas 26 y 27 de octubre tuvo lugar en el Recanto Calasanz de Valadares un nuevo encuentro de alrededor de 60 educadores (profesionales y voluntarios) de Itaka - Brasil, con la participaci\u00f3n de las cuatrro presencias: Belo Horizonte, Serra, Governador Valadares e Aracaju. El encuentro estuvo marcado por diversas actividades como momentos de&hellip;\" \/>\n<meta property=\"og:url\" content=\"https:\/\/www.itakaescolapios.org\/ca\/2019\/10\/portugues-encontro-de-educadores-2019\/\" \/>\n<meta property=\"og:site_name\" content=\"Itaka-Escolapios\" \/>\n<meta property=\"article:published_time\" content=\"2019-10-29T20:43:55+00:00\" \/>\n<meta property=\"article:modified_time\" content=\"2023-11-28T11:36:39+00:00\" \/>\n<meta property=\"og:image\" content=\"https:\/\/www.itakaescolapios.org\/wp-content\/uploads\/2019\/10\/DSC_0317-c\u00f3pia.jpg\" \/>\n\t<meta property=\"og:image:width\" content=\"2000\" \/>\n\t<meta property=\"og:image:height\" content=\"1333\" \/>\n\t<meta property=\"og:image:type\" content=\"image\/jpeg\" \/>\n<meta name=\"author\" content=\"brasil03\" \/>\n<meta name=\"twitter:card\" content=\"summary_large_image\" \/>\n<meta name=\"twitter:label1\" content=\"Escrit per\" \/>\n\t<meta name=\"twitter:data1\" content=\"brasil03\" \/>\n\t<meta name=\"twitter:label2\" content=\"Temps estimat de lectura\" \/>\n\t<meta name=\"twitter:data2\" content=\"1 minut\" \/>\n<script type=\"application\/ld+json\" class=\"yoast-schema-graph\">{\"@context\":\"https:\\\/\\\/schema.org\",\"@graph\":[{\"@type\":\"Article\",\"@id\":\"https:\\\/\\\/www.itakaescolapios.org\\\/ca\\\/2019\\\/10\\\/portugues-encontro-de-educadores-2019\\\/#article\",\"isPartOf\":{\"@id\":\"https:\\\/\\\/www.itakaescolapios.org\\\/ca\\\/2019\\\/10\\\/portugues-encontro-de-educadores-2019\\\/\"},\"author\":{\"name\":\"brasil03\",\"@id\":\"https:\\\/\\\/www.itakaescolapios.org\\\/es\\\/#\\\/schema\\\/person\\\/9c761c62049293fc36e6c91e429de3d5\"},\"headline\":\"ENCUENTRO DE EDUCADORES DE ITAKA - ESCOLAPIOS BRASIL\",\"datePublished\":\"2019-10-29T20:43:55+00:00\",\"dateModified\":\"2023-11-28T11:36:39+00:00\",\"mainEntityOfPage\":{\"@id\":\"https:\\\/\\\/www.itakaescolapios.org\\\/ca\\\/2019\\\/10\\\/portugues-encontro-de-educadores-2019\\\/\"},\"wordCount\":182,\"publisher\":{\"@id\":\"https:\\\/\\\/www.itakaescolapios.org\\\/es\\\/#organization\"},\"image\":{\"@id\":\"https:\\\/\\\/www.itakaescolapios.org\\\/ca\\\/2019\\\/10\\\/portugues-encontro-de-educadores-2019\\\/#primaryimage\"},\"thumbnailUrl\":\"https:\\\/\\\/www.itakaescolapios.org\\\/wp-content\\\/uploads\\\/2019\\\/10\\\/DSC_0317-c\u00f3pia.jpg\",\"articleSection\":[\"Governador Valadares\"],\"inLanguage\":\"ca\"},{\"@type\":\"WebPage\",\"@id\":\"https:\\\/\\\/www.itakaescolapios.org\\\/ca\\\/2019\\\/10\\\/portugues-encontro-de-educadores-2019\\\/\",\"url\":\"https:\\\/\\\/www.itakaescolapios.org\\\/ca\\\/2019\\\/10\\\/portugues-encontro-de-educadores-2019\\\/\",\"name\":\"ENCUENTRO DE EDUCADORES DE ITAKA - ESCOLAPIOS BRASIL - Itaka-Escolapios\",\"isPartOf\":{\"@id\":\"https:\\\/\\\/www.itakaescolapios.org\\\/es\\\/#website\"},\"primaryImageOfPage\":{\"@id\":\"https:\\\/\\\/www.itakaescolapios.org\\\/ca\\\/2019\\\/10\\\/portugues-encontro-de-educadores-2019\\\/#primaryimage\"},\"image\":{\"@id\":\"https:\\\/\\\/www.itakaescolapios.org\\\/ca\\\/2019\\\/10\\\/portugues-encontro-de-educadores-2019\\\/#primaryimage\"},\"thumbnailUrl\":\"https:\\\/\\\/www.itakaescolapios.org\\\/wp-content\\\/uploads\\\/2019\\\/10\\\/DSC_0317-c\u00f3pia.jpg\",\"datePublished\":\"2019-10-29T20:43:55+00:00\",\"dateModified\":\"2023-11-28T11:36:39+00:00\",\"breadcrumb\":{\"@id\":\"https:\\\/\\\/www.itakaescolapios.org\\\/ca\\\/2019\\\/10\\\/portugues-encontro-de-educadores-2019\\\/#breadcrumb\"},\"inLanguage\":\"ca\",\"potentialAction\":[{\"@type\":\"ReadAction\",\"target\":[\"https:\\\/\\\/www.itakaescolapios.org\\\/ca\\\/2019\\\/10\\\/portugues-encontro-de-educadores-2019\\\/\"]}]},{\"@type\":\"ImageObject\",\"inLanguage\":\"ca\",\"@id\":\"https:\\\/\\\/www.itakaescolapios.org\\\/ca\\\/2019\\\/10\\\/portugues-encontro-de-educadores-2019\\\/#primaryimage\",\"url\":\"https:\\\/\\\/www.itakaescolapios.org\\\/wp-content\\\/uploads\\\/2019\\\/10\\\/DSC_0317-c\u00f3pia.jpg\",\"contentUrl\":\"https:\\\/\\\/www.itakaescolapios.org\\\/wp-content\\\/uploads\\\/2019\\\/10\\\/DSC_0317-c\u00f3pia.jpg\",\"width\":2000,\"height\":1333},{\"@type\":\"BreadcrumbList\",\"@id\":\"https:\\\/\\\/www.itakaescolapios.org\\\/ca\\\/2019\\\/10\\\/portugues-encontro-de-educadores-2019\\\/#breadcrumb\",\"itemListElement\":[{\"@type\":\"ListItem\",\"position\":1,\"name\":\"Itaka-Escolapios\",\"item\":\"https:\\\/\\\/www.itakaescolapios.org\\\/es\\\/\"},{\"@type\":\"ListItem\",\"position\":2,\"name\":\"ENCUENTRO DE EDUCADORES DE ITAKA - ESCOLAPIOS BRASIL\"}]},{\"@type\":\"WebSite\",\"@id\":\"https:\\\/\\\/www.itakaescolapios.org\\\/ca\\\/es\\\/#website\",\"url\":\"https:\\\/\\\/www.itakaescolapios.org\\\/ca\\\/es\\\/\",\"name\":\"Itaka-Escolapios\",\"description\":\"Red de Itaka-Escolapios\",\"publisher\":{\"@id\":\"https:\\\/\\\/www.itakaescolapios.org\\\/ca\\\/es\\\/#organization\"},\"potentialAction\":[{\"@type\":\"SearchAction\",\"target\":{\"@type\":\"EntryPoint\",\"urlTemplate\":\"https:\\\/\\\/www.itakaescolapios.org\\\/ca\\\/es\\\/?s={search_term_string}\"},\"query-input\":{\"@type\":\"PropertyValueSpecification\",\"valueRequired\":true,\"valueName\":\"search_term_string\"}}],\"inLanguage\":\"ca\"},{\"@type\":\"Organization\",\"@id\":\"https:\\\/\\\/www.itakaescolapios.org\\\/ca\\\/es\\\/#organization\",\"name\":\"Fundaci\u00f3 Itaka-Escolapios\",\"url\":\"https:\\\/\\\/www.itakaescolapios.org\\\/ca\\\/es\\\/\",\"logo\":{\"@type\":\"ImageObject\",\"inLanguage\":\"ca\",\"@id\":\"https:\\\/\\\/www.itakaescolapios.org\\\/ca\\\/es\\\/#\\\/schema\\\/logo\\\/image\\\/\",\"url\":\"https:\\\/\\\/www.itakaescolapios.org\\\/wp-content\\\/uploads\\\/2024\\\/04\\\/Logo-itakaescolapios-peque.png\",\"contentUrl\":\"https:\\\/\\\/www.itakaescolapios.org\\\/wp-content\\\/uploads\\\/2024\\\/04\\\/Logo-itakaescolapios-peque.png\",\"width\":500,\"height\":199,\"caption\":\"Fundaci\u00f3 Itaka-Escolapios\"},\"image\":{\"@id\":\"https:\\\/\\\/www.itakaescolapios.org\\\/ca\\\/es\\\/#\\\/schema\\\/logo\\\/image\\\/\"}},{\"@type\":\"Person\",\"@id\":\"https:\\\/\\\/www.itakaescolapios.org\\\/es\\\/#\\\/schema\\\/person\\\/9c761c62049293fc36e6c91e429de3d5\",\"name\":\"brasil03\",\"url\":\"https:\\\/\\\/www.itakaescolapios.org\\\/ca\\\/author\\\/brasil03\\\/\"}]}<\/script>\n<!-- \/ Yoast SEO plugin. -->","yoast_head_json":{"title":"ENCUENTRO DE EDUCADORES DE ITAKA - ESCOLAPIOS BRASIL","description":"Durante los d\u00edas 26 y 27 de octubre tuvo lugar en el Recanto Calasanz de Valadares un nuevo encuentro de alrededor de 60 educadores (profesionales y voluntarios) de Itaka - Brasil, con la participaci\u00f3n de las cuatrro presencias: Belo Horizonte, Serra, Governador Valadares e Aracaju. El encuentro estuvo marcado por diversas actividades como momentos de&hellip;","robots":{"index":"index","follow":"follow","max-snippet":"max-snippet:-1","max-image-preview":"max-image-preview:large","max-video-preview":"max-video-preview:-1"},"canonical":"Durante los d\u00edas 26 y 27 de octubre tuvo lugar en el Recanto Calasanz de Valadares un nuevo encuentro de alrededor de 60 educadores (profesionales y voluntarios) de Itaka - Brasil, con la participaci\u00f3n de las cuatrro presencias: Belo Horizonte, Serra, Governador Valadares e Aracaju. El encuentro estuvo marcado por diversas actividades como momentos de&hellip;","og_locale":"ca_ES","og_type":"article","og_title":"ENCUENTRO DE EDUCADORES DE ITAKA - ESCOLAPIOS BRASIL","og_description":"Durante los d\u00edas 26 y 27 de octubre tuvo lugar en el Recanto Calasanz de Valadares un nuevo encuentro de alrededor de 60 educadores (profesionales y voluntarios) de Itaka - Brasil, con la participaci\u00f3n de las cuatrro presencias: Belo Horizonte, Serra, Governador Valadares e Aracaju. El encuentro estuvo marcado por diversas actividades como momentos de&hellip;","og_url":"https:\/\/www.itakaescolapios.org\/ca\/2019\/10\/portugues-encontro-de-educadores-2019\/","og_site_name":"Itaka-Escolapios","article_published_time":"2019-10-29T20:43:55+00:00","article_modified_time":"2023-11-28T11:36:39+00:00","og_image":[{"width":2000,"height":1333,"url":"https:\/\/www.itakaescolapios.org\/wp-content\/uploads\/2019\/10\/DSC_0317-c\u00f3pia.jpg","type":"image\/jpeg"}],"author":"brasil03","twitter_card":"summary_large_image","twitter_misc":{"Escrit per":"brasil03","Temps estimat de lectura":"1 minut"},"schema":{"@context":"https:\/\/schema.org","@graph":[{"@type":"Article","@id":"https:\/\/www.itakaescolapios.org\/ca\/2019\/10\/portugues-encontro-de-educadores-2019\/#article","isPartOf":{"@id":"https:\/\/www.itakaescolapios.org\/ca\/2019\/10\/portugues-encontro-de-educadores-2019\/"},"author":{"name":"brasil03","@id":"https:\/\/www.itakaescolapios.org\/es\/#\/schema\/person\/9c761c62049293fc36e6c91e429de3d5"},"headline":"ENCUENTRO DE EDUCADORES DE ITAKA - ESCOLAPIOS BRASIL","datePublished":"2019-10-29T20:43:55+00:00","dateModified":"2023-11-28T11:36:39+00:00","mainEntityOfPage":{"@id":"https:\/\/www.itakaescolapios.org\/ca\/2019\/10\/portugues-encontro-de-educadores-2019\/"},"wordCount":182,"publisher":{"@id":"https:\/\/www.itakaescolapios.org\/es\/#organization"},"image":{"@id":"https:\/\/www.itakaescolapios.org\/ca\/2019\/10\/portugues-encontro-de-educadores-2019\/#primaryimage"},"thumbnailUrl":"https:\/\/www.itakaescolapios.org\/wp-content\/uploads\/2019\/10\/DSC_0317-c\u00f3pia.jpg","articleSection":["Governador Valadares"],"inLanguage":"ca"},{"@type":"WebPage","@id":"https:\/\/www.itakaescolapios.org\/ca\/2019\/10\/portugues-encontro-de-educadores-2019\/","url":"https:\/\/www.itakaescolapios.org\/ca\/2019\/10\/portugues-encontro-de-educadores-2019\/","name":"ENCUENTRO DE EDUCADORES DE ITAKA - ESCOLAPIOS BRASIL - Itaka-Escolapios","isPartOf":{"@id":"https:\/\/www.itakaescolapios.org\/es\/#website"},"primaryImageOfPage":{"@id":"https:\/\/www.itakaescolapios.org\/ca\/2019\/10\/portugues-encontro-de-educadores-2019\/#primaryimage"},"image":{"@id":"https:\/\/www.itakaescolapios.org\/ca\/2019\/10\/portugues-encontro-de-educadores-2019\/#primaryimage"},"thumbnailUrl":"https:\/\/www.itakaescolapios.org\/wp-content\/uploads\/2019\/10\/DSC_0317-c\u00f3pia.jpg","datePublished":"2019-10-29T20:43:55+00:00","dateModified":"2023-11-28T11:36:39+00:00","breadcrumb":{"@id":"https:\/\/www.itakaescolapios.org\/ca\/2019\/10\/portugues-encontro-de-educadores-2019\/#breadcrumb"},"inLanguage":"ca","potentialAction":[{"@type":"ReadAction","target":["https:\/\/www.itakaescolapios.org\/ca\/2019\/10\/portugues-encontro-de-educadores-2019\/"]}]},{"@type":"ImageObject","inLanguage":"ca","@id":"https:\/\/www.itakaescolapios.org\/ca\/2019\/10\/portugues-encontro-de-educadores-2019\/#primaryimage","url":"https:\/\/www.itakaescolapios.org\/wp-content\/uploads\/2019\/10\/DSC_0317-c\u00f3pia.jpg","contentUrl":"https:\/\/www.itakaescolapios.org\/wp-content\/uploads\/2019\/10\/DSC_0317-c\u00f3pia.jpg","width":2000,"height":1333},{"@type":"BreadcrumbList","@id":"https:\/\/www.itakaescolapios.org\/ca\/2019\/10\/portugues-encontro-de-educadores-2019\/#breadcrumb","itemListElement":[{"@type":"ListItem","position":1,"name":"Itaka-Escolapios","item":"https:\/\/www.itakaescolapios.org\/es\/"},{"@type":"ListItem","position":2,"name":"ENCUENTRO DE EDUCADORES DE ITAKA - ESCOLAPIOS BRASIL"}]},{"@type":"WebSite","@id":"https:\/\/www.itakaescolapios.org\/ca\/es\/#website","url":"https:\/\/www.itakaescolapios.org\/ca\/es\/","name":"Itaka-Escolapios","description":"Red de Itaka-Escolapios","publisher":{"@id":"https:\/\/www.itakaescolapios.org\/ca\/es\/#organization"},"potentialAction":[{"@type":"SearchAction","target":{"@type":"EntryPoint","urlTemplate":"https:\/\/www.itakaescolapios.org\/ca\/es\/?s={search_term_string}"},"query-input":{"@type":"PropertyValueSpecification","valueRequired":true,"valueName":"search_term_string"}}],"inLanguage":"ca"},{"@type":"Organization","@id":"https:\/\/www.itakaescolapios.org\/ca\/es\/#organization","name":"Fundaci\u00f3 Itaka-Escolapios","url":"https:\/\/www.itakaescolapios.org\/ca\/es\/","logo":{"@type":"ImageObject","inLanguage":"ca","@id":"https:\/\/www.itakaescolapios.org\/ca\/es\/#\/schema\/logo\/image\/","url":"https:\/\/www.itakaescolapios.org\/wp-content\/uploads\/2024\/04\/Logo-itakaescolapios-peque.png","contentUrl":"https:\/\/www.itakaescolapios.org\/wp-content\/uploads\/2024\/04\/Logo-itakaescolapios-peque.png","width":500,"height":199,"caption":"Fundaci\u00f3 Itaka-Escolapios"},"image":{"@id":"https:\/\/www.itakaescolapios.org\/ca\/es\/#\/schema\/logo\/image\/"}},{"@type":"Person","@id":"https:\/\/www.itakaescolapios.org\/es\/#\/schema\/person\/9c761c62049293fc36e6c91e429de3d5","name":"brasil03","url":"https:\/\/www.itakaescolapios.org\/ca\/author\/brasil03\/"}]}},"_links":{"self":[{"href":"https:\/\/www.itakaescolapios.org\/ca\/wp-json\/wp\/v2\/posts\/28672","targetHints":{"allow":["GET"]}}],"collection":[{"href":"https:\/\/www.itakaescolapios.org\/ca\/wp-json\/wp\/v2\/posts"}],"about":[{"href":"https:\/\/www.itakaescolapios.org\/ca\/wp-json\/wp\/v2\/types\/post"}],"author":[{"embeddable":true,"href":"https:\/\/www.itakaescolapios.org\/ca\/wp-json\/wp\/v2\/users\/11"}],"replies":[{"embeddable":true,"href":"https:\/\/www.itakaescolapios.org\/ca\/wp-json\/wp\/v2\/comments?post=28672"}],"version-history":[{"count":4,"href":"https:\/\/www.itakaescolapios.org\/ca\/wp-json\/wp\/v2\/posts\/28672\/revisions"}],"predecessor-version":[{"id":45374,"href":"https:\/\/www.itakaescolapios.org\/ca\/wp-json\/wp\/v2\/posts\/28672\/revisions\/45374"}],"wp:featuredmedia":[{"embeddable":true,"href":"https:\/\/www.itakaescolapios.org\/ca\/wp-json\/wp\/v2\/media\/28675"}],"wp:attachment":[{"href":"https:\/\/www.itakaescolapios.org\/ca\/wp-json\/wp\/v2\/media?parent=28672"}],"wp:term":[{"taxonomy":"category","embeddable":true,"href":"https:\/\/www.itakaescolapios.org\/ca\/wp-json\/wp\/v2\/categories?post=28672"},{"taxonomy":"post_tag","embeddable":true,"href":"https:\/\/www.itakaescolapios.org\/ca\/wp-json\/wp\/v2\/tags?post=28672"}],"curies":[{"name":"wp","href":"https:\/\/api.w.org\/{rel}","templated":true}]}}