{"id":29116,"date":"2019-11-19T19:32:23","date_gmt":"2019-11-19T18:32:23","guid":{"rendered":"https:\/\/www.itakaescolapios.org\/?p=29116"},"modified":"2023-11-28T12:36:37","modified_gmt":"2023-11-28T11:36:37","slug":"formacion-sobre-aps-a-cargo-de-javier-torregrosa-en-valencia","status":"publish","type":"post","link":"https:\/\/www.itakaescolapios.org\/ca\/2019\/11\/formacion-sobre-aps-a-cargo-de-javier-torregrosa-en-valencia\/","title":{"rendered":"FORMACI\u00d3N SOBRE ApS A CARGO DE JAVIER TORREGROSA EN VALENCIA"},"content":{"rendered":"<p>El pasado viernes celebramos un encuentro formativo de voluntariado en el Real Colegio de las Escuelas P\u00edas de Valencia. A \u00e9l acudieron los voluntarios y voluntarias de los distintos proyectos y equipos, as\u00ed como educadores y educadoras, y algunas profesoras interesadas en el tema. Y no era para menos, ya que contamos con el formador Javier Torregrosa que vino para hablarnos de la metodolog\u00eda de \u201cAprendizaje y Servicio\u201d.<\/p>\n<p>El aprendizaje-servicio (ApS) es \u201cuna manera de aprender haciendo un servicio a la comunidad. Frente a una necesidad social, los chicos y chicas emprenden una acci\u00f3n de servicio a la comunidad que les ayuda a aplicar y consolidar aprendizajes en conocimientos, habilidades, actitudes, competencias, despertando su talento y poni\u00e9ndolo a trabajar para el bien com\u00fan\u201d.<\/p>\n<p>Esta formaci\u00f3n ten\u00eda como objetivo dar ideas a los y las asistentes sobre c\u00f3mo bajar el ApS a nuestros propios proyectos sociales, de manera que el voluntario\/a se convierta en educador\/a y los ni\u00f1os, ni\u00f1as y j\u00f3venes con los que trabajamos lleven a cabo un servicio que se sirve de aprendizaje para cada uno de ellos.<\/p>\n<p>Torregrosa mostr\u00f3 los puntos clave de esta metodolog\u00eda que se aplica ya en muchos centros escolares y dio ejemplos sobre c\u00f3mo llevarla a cabo, tanto en los colegios como en otras entidades como la nuestra.<\/p>\n<p>Fue una formaci\u00f3n muy interesante e inspiradora que esperamos que podamos aplicar pr\u00f3ximamente en el d\u00eda a d\u00eda de los proyectos y equipos. Solo nos queda agradecer la asistencia de todos y todas, y sobre todo, la disponibilidad de Javier Torregrosa que nos dio esta magn\u00edfica charla.<\/p>\n\n\t\t<style type=\"text\/css\">\n\t\t\t#gallery-1 {\n\t\t\t\tmargin: auto;\n\t\t\t}\n\t\t\t#gallery-1 .gallery-item {\n\t\t\t\tfloat: left;\n\t\t\t\tmargin-top: 10px;\n\t\t\t\ttext-align: center;\n\t\t\t\twidth: 25%;\n\t\t\t}\n\t\t\t#gallery-1 img {\n\t\t\t\tborder: 2px solid #cfcfcf;\n\t\t\t}\n\t\t\t#gallery-1 .gallery-caption {\n\t\t\t\tmargin-left: 0;\n\t\t\t}\n\t\t\t\/* see gallery_shortcode() in wp-includes\/media.php *\/\n\t\t<\/style>\n\t\t<div id='gallery-1' class='gallery galleryid-29116 gallery-columns-4 gallery-size-thumbnail'><dl class='gallery-item'>\n\t\t\t<dt class='gallery-icon landscape'>\n\t\t\t\t<a href='https:\/\/www.itakaescolapios.org\/ca\/2019\/11\/formacion-sobre-aps-a-cargo-de-javier-torregrosa-en-valencia\/whatsapp-image-2019-11-15-at-18-07-47\/'><img decoding=\"async\" width=\"90\" height=\"90\" src=\"https:\/\/www.itakaescolapios.org\/wp-content\/uploads\/2019\/11\/WhatsApp-Image-2019-11-15-at-18.07.47-90x90.jpeg\" class=\"attachment-thumbnail size-thumbnail\" alt=\"\" \/><\/a>\n\t\t\t<\/dt><\/dl><dl class='gallery-item'>\n\t\t\t<dt class='gallery-icon landscape'>\n\t\t\t\t<a href='https:\/\/www.itakaescolapios.org\/ca\/2019\/11\/formacion-sobre-aps-a-cargo-de-javier-torregrosa-en-valencia\/whatsapp-image-2019-11-15-at-18-07-49-1\/'><img decoding=\"async\" width=\"90\" height=\"90\" src=\"https:\/\/www.itakaescolapios.org\/wp-content\/uploads\/2019\/11\/WhatsApp-Image-2019-11-15-at-18.07.49-1-90x90.jpeg\" class=\"attachment-thumbnail size-thumbnail\" alt=\"\" \/><\/a>\n\t\t\t<\/dt><\/dl><dl class='gallery-item'>\n\t\t\t<dt class='gallery-icon landscape'>\n\t\t\t\t<a href='https:\/\/www.itakaescolapios.org\/ca\/2019\/11\/formacion-sobre-aps-a-cargo-de-javier-torregrosa-en-valencia\/whatsapp-image-2019-11-15-at-18-07-49\/'><img decoding=\"async\" width=\"90\" height=\"90\" src=\"https:\/\/www.itakaescolapios.org\/wp-content\/uploads\/2019\/11\/WhatsApp-Image-2019-11-15-at-18.07.49-90x90.jpeg\" class=\"attachment-thumbnail size-thumbnail\" alt=\"\" \/><\/a>\n\t\t\t<\/dt><\/dl><dl class='gallery-item'>\n\t\t\t<dt class='gallery-icon landscape'>\n\t\t\t\t<a href='https:\/\/www.itakaescolapios.org\/ca\/2019\/11\/formacion-sobre-aps-a-cargo-de-javier-torregrosa-en-valencia\/whatsapp-image-2019-11-19-at-19-24-20\/'><img decoding=\"async\" width=\"90\" height=\"90\" src=\"https:\/\/www.itakaescolapios.org\/wp-content\/uploads\/2019\/11\/WhatsApp-Image-2019-11-19-at-19.24.20-90x90.jpeg\" class=\"attachment-thumbnail size-thumbnail\" alt=\"\" \/><\/a>\n\t\t\t<\/dt><\/dl><br style=\"clear: both\" \/>\n\t\t<\/div>\n\n","protected":false},"excerpt":{"rendered":"<p>El pasado viernes celebramos un encuentro formativo de voluntariado en el Real Colegio de las Escuelas P\u00edas de Valencia. A \u00e9l acudieron los voluntarios y voluntarias de los distintos proyectos [&hellip;]<\/p>\n","protected":false},"author":39,"featured_media":29118,"comment_status":"closed","ping_status":"closed","sticky":false,"template":"","format":"standard","meta":{"_et_pb_use_builder":"","_et_pb_old_content":"","_et_gb_content_width":"","footnotes":""},"categories":[12],"tags":[444,443,45,72,445,142],"class_list":["post-29116","post","type-post","status-publish","format-standard","has-post-thumbnail","hentry","category-valencia","tag-aprendizaje-y-servicio","tag-aps","tag-encuentro","tag-formacion","tag-torregrosa","tag-voluntariado"],"yoast_head":"<!-- This site is optimized with the Yoast SEO plugin v27.4 - https:\/\/yoast.com\/product\/yoast-seo-wordpress\/ -->\n<title>FORMACI\u00d3N SOBRE ApS A CARGO DE JAVIER TORREGROSA EN VALENCIA<\/title>\n<meta name=\"description\" content=\"El pasado viernes celebramos un encuentro formativo de voluntariado en el Real Colegio de las Escuelas P\u00edas de Valencia. A \u00e9l acudieron los voluntarios y voluntarias de los distintos proyectos y equipos, as\u00ed como educadores y educadoras, y algunas profesoras interesadas en el tema. Y no era para menos, ya que contamos con el formador&hellip;\" \/>\n<meta name=\"robots\" content=\"index, follow, max-snippet:-1, max-image-preview:large, max-video-preview:-1\" \/>\n<link rel=\"canonical\" href=\"http:\/\/El%20pasado%20viernes%20celebramos%20un%20encuentro%20formativo%20de%20voluntariado%20en%20el%20Real%20Colegio%20de%20las%20Escuelas%20P\u00edas%20de%20Valencia.%20A%20\u00e9l%20acudieron%20los%20voluntarios%20y%20voluntarias%20de%20los%20distintos%20proyectos%20y%20equipos,%20as\u00ed%20como%20educadores%20y%20educadoras,%20y%20algunas%20profesoras%20interesadas%20en%20el%20tema.%20Y%20no%20era%20para%20menos,%20ya%20que%20contamos%20con%20el%20formador&hellip;\" \/>\n<meta property=\"og:locale\" content=\"ca_ES\" \/>\n<meta property=\"og:type\" content=\"article\" \/>\n<meta property=\"og:title\" content=\"FORMACI\u00d3N SOBRE ApS A CARGO DE JAVIER TORREGROSA EN VALENCIA\" \/>\n<meta property=\"og:description\" content=\"El pasado viernes celebramos un encuentro formativo de voluntariado en el Real Colegio de las Escuelas P\u00edas de Valencia. A \u00e9l acudieron los voluntarios y voluntarias de los distintos proyectos y equipos, as\u00ed como educadores y educadoras, y algunas profesoras interesadas en el tema. Y no era para menos, ya que contamos con el formador&hellip;\" \/>\n<meta property=\"og:url\" content=\"https:\/\/www.itakaescolapios.org\/ca\/2019\/11\/formacion-sobre-aps-a-cargo-de-javier-torregrosa-en-valencia\/\" \/>\n<meta property=\"og:site_name\" content=\"Itaka-Escolapios\" \/>\n<meta property=\"article:published_time\" content=\"2019-11-19T18:32:23+00:00\" \/>\n<meta property=\"article:modified_time\" content=\"2023-11-28T11:36:37+00:00\" \/>\n<meta property=\"og:image\" content=\"https:\/\/www.itakaescolapios.org\/wp-content\/uploads\/2019\/11\/WhatsApp-Image-2019-11-15-at-18.07.48-1.jpeg\" \/>\n\t<meta property=\"og:image:width\" content=\"2048\" \/>\n\t<meta property=\"og:image:height\" content=\"1536\" \/>\n\t<meta property=\"og:image:type\" content=\"image\/jpeg\" \/>\n<meta name=\"author\" content=\"valencia01\" \/>\n<meta name=\"twitter:card\" content=\"summary_large_image\" \/>\n<meta name=\"twitter:label1\" content=\"Escrit per\" \/>\n\t<meta name=\"twitter:data1\" content=\"valencia01\" \/>\n\t<meta name=\"twitter:label2\" content=\"Temps estimat de lectura\" \/>\n\t<meta name=\"twitter:data2\" content=\"1 minut\" \/>\n<script type=\"application\/ld+json\" class=\"yoast-schema-graph\">{\"@context\":\"https:\\\/\\\/schema.org\",\"@graph\":[{\"@type\":\"Article\",\"@id\":\"https:\\\/\\\/www.itakaescolapios.org\\\/ca\\\/2019\\\/11\\\/formacion-sobre-aps-a-cargo-de-javier-torregrosa-en-valencia\\\/#article\",\"isPartOf\":{\"@id\":\"https:\\\/\\\/www.itakaescolapios.org\\\/ca\\\/2019\\\/11\\\/formacion-sobre-aps-a-cargo-de-javier-torregrosa-en-valencia\\\/\"},\"author\":{\"name\":\"valencia01\",\"@id\":\"https:\\\/\\\/www.itakaescolapios.org\\\/es\\\/#\\\/schema\\\/person\\\/c232ccaa2b3f2e98db93c1f8dfca96ff\"},\"headline\":\"FORMACI\u00d3N SOBRE ApS A CARGO DE JAVIER TORREGROSA EN VALENCIA\",\"datePublished\":\"2019-11-19T18:32:23+00:00\",\"dateModified\":\"2023-11-28T11:36:37+00:00\",\"mainEntityOfPage\":{\"@id\":\"https:\\\/\\\/www.itakaescolapios.org\\\/ca\\\/2019\\\/11\\\/formacion-sobre-aps-a-cargo-de-javier-torregrosa-en-valencia\\\/\"},\"wordCount\":295,\"publisher\":{\"@id\":\"https:\\\/\\\/www.itakaescolapios.org\\\/es\\\/#organization\"},\"image\":{\"@id\":\"https:\\\/\\\/www.itakaescolapios.org\\\/ca\\\/2019\\\/11\\\/formacion-sobre-aps-a-cargo-de-javier-torregrosa-en-valencia\\\/#primaryimage\"},\"thumbnailUrl\":\"https:\\\/\\\/www.itakaescolapios.org\\\/wp-content\\\/uploads\\\/2019\\\/11\\\/WhatsApp-Image-2019-11-15-at-18.07.48-1.jpeg\",\"keywords\":[\"Aprendizaje y Servicio\",\"ApS\",\"Encuentro\",\"formaci\u00f3n\",\"Torregrosa\",\"voluntariado\"],\"articleSection\":[\"Valencia\"],\"inLanguage\":\"ca\"},{\"@type\":\"WebPage\",\"@id\":\"https:\\\/\\\/www.itakaescolapios.org\\\/ca\\\/2019\\\/11\\\/formacion-sobre-aps-a-cargo-de-javier-torregrosa-en-valencia\\\/\",\"url\":\"https:\\\/\\\/www.itakaescolapios.org\\\/ca\\\/2019\\\/11\\\/formacion-sobre-aps-a-cargo-de-javier-torregrosa-en-valencia\\\/\",\"name\":\"FORMACI\u00d3N SOBRE ApS A CARGO DE JAVIER TORREGROSA EN VALENCIA - Itaka-Escolapios\",\"isPartOf\":{\"@id\":\"https:\\\/\\\/www.itakaescolapios.org\\\/es\\\/#website\"},\"primaryImageOfPage\":{\"@id\":\"https:\\\/\\\/www.itakaescolapios.org\\\/ca\\\/2019\\\/11\\\/formacion-sobre-aps-a-cargo-de-javier-torregrosa-en-valencia\\\/#primaryimage\"},\"image\":{\"@id\":\"https:\\\/\\\/www.itakaescolapios.org\\\/ca\\\/2019\\\/11\\\/formacion-sobre-aps-a-cargo-de-javier-torregrosa-en-valencia\\\/#primaryimage\"},\"thumbnailUrl\":\"https:\\\/\\\/www.itakaescolapios.org\\\/wp-content\\\/uploads\\\/2019\\\/11\\\/WhatsApp-Image-2019-11-15-at-18.07.48-1.jpeg\",\"datePublished\":\"2019-11-19T18:32:23+00:00\",\"dateModified\":\"2023-11-28T11:36:37+00:00\",\"breadcrumb\":{\"@id\":\"https:\\\/\\\/www.itakaescolapios.org\\\/ca\\\/2019\\\/11\\\/formacion-sobre-aps-a-cargo-de-javier-torregrosa-en-valencia\\\/#breadcrumb\"},\"inLanguage\":\"ca\",\"potentialAction\":[{\"@type\":\"ReadAction\",\"target\":[\"https:\\\/\\\/www.itakaescolapios.org\\\/ca\\\/2019\\\/11\\\/formacion-sobre-aps-a-cargo-de-javier-torregrosa-en-valencia\\\/\"]}]},{\"@type\":\"ImageObject\",\"inLanguage\":\"ca\",\"@id\":\"https:\\\/\\\/www.itakaescolapios.org\\\/ca\\\/2019\\\/11\\\/formacion-sobre-aps-a-cargo-de-javier-torregrosa-en-valencia\\\/#primaryimage\",\"url\":\"https:\\\/\\\/www.itakaescolapios.org\\\/wp-content\\\/uploads\\\/2019\\\/11\\\/WhatsApp-Image-2019-11-15-at-18.07.48-1.jpeg\",\"contentUrl\":\"https:\\\/\\\/www.itakaescolapios.org\\\/wp-content\\\/uploads\\\/2019\\\/11\\\/WhatsApp-Image-2019-11-15-at-18.07.48-1.jpeg\",\"width\":2048,\"height\":1536},{\"@type\":\"BreadcrumbList\",\"@id\":\"https:\\\/\\\/www.itakaescolapios.org\\\/ca\\\/2019\\\/11\\\/formacion-sobre-aps-a-cargo-de-javier-torregrosa-en-valencia\\\/#breadcrumb\",\"itemListElement\":[{\"@type\":\"ListItem\",\"position\":1,\"name\":\"Itaka-Escolapios\",\"item\":\"https:\\\/\\\/www.itakaescolapios.org\\\/es\\\/\"},{\"@type\":\"ListItem\",\"position\":2,\"name\":\"FORMACI\u00d3N SOBRE ApS A CARGO DE JAVIER TORREGROSA EN VALENCIA\"}]},{\"@type\":\"WebSite\",\"@id\":\"https:\\\/\\\/www.itakaescolapios.org\\\/ca\\\/es\\\/#website\",\"url\":\"https:\\\/\\\/www.itakaescolapios.org\\\/ca\\\/es\\\/\",\"name\":\"Itaka-Escolapios\",\"description\":\"Red de Itaka-Escolapios\",\"publisher\":{\"@id\":\"https:\\\/\\\/www.itakaescolapios.org\\\/ca\\\/es\\\/#organization\"},\"potentialAction\":[{\"@type\":\"SearchAction\",\"target\":{\"@type\":\"EntryPoint\",\"urlTemplate\":\"https:\\\/\\\/www.itakaescolapios.org\\\/ca\\\/es\\\/?s={search_term_string}\"},\"query-input\":{\"@type\":\"PropertyValueSpecification\",\"valueRequired\":true,\"valueName\":\"search_term_string\"}}],\"inLanguage\":\"ca\"},{\"@type\":\"Organization\",\"@id\":\"https:\\\/\\\/www.itakaescolapios.org\\\/ca\\\/es\\\/#organization\",\"name\":\"Fundaci\u00f3 Itaka-Escolapios\",\"url\":\"https:\\\/\\\/www.itakaescolapios.org\\\/ca\\\/es\\\/\",\"logo\":{\"@type\":\"ImageObject\",\"inLanguage\":\"ca\",\"@id\":\"https:\\\/\\\/www.itakaescolapios.org\\\/ca\\\/es\\\/#\\\/schema\\\/logo\\\/image\\\/\",\"url\":\"https:\\\/\\\/www.itakaescolapios.org\\\/wp-content\\\/uploads\\\/2024\\\/04\\\/Logo-itakaescolapios-peque.png\",\"contentUrl\":\"https:\\\/\\\/www.itakaescolapios.org\\\/wp-content\\\/uploads\\\/2024\\\/04\\\/Logo-itakaescolapios-peque.png\",\"width\":500,\"height\":199,\"caption\":\"Fundaci\u00f3 Itaka-Escolapios\"},\"image\":{\"@id\":\"https:\\\/\\\/www.itakaescolapios.org\\\/ca\\\/es\\\/#\\\/schema\\\/logo\\\/image\\\/\"}},{\"@type\":\"Person\",\"@id\":\"https:\\\/\\\/www.itakaescolapios.org\\\/es\\\/#\\\/schema\\\/person\\\/c232ccaa2b3f2e98db93c1f8dfca96ff\",\"name\":\"valencia01\",\"url\":\"https:\\\/\\\/www.itakaescolapios.org\\\/ca\\\/author\\\/valencia01\\\/\"}]}<\/script>\n<!-- \/ Yoast SEO plugin. -->","yoast_head_json":{"title":"FORMACI\u00d3N SOBRE ApS A CARGO DE JAVIER TORREGROSA EN VALENCIA","description":"El pasado viernes celebramos un encuentro formativo de voluntariado en el Real Colegio de las Escuelas P\u00edas de Valencia. A \u00e9l acudieron los voluntarios y voluntarias de los distintos proyectos y equipos, as\u00ed como educadores y educadoras, y algunas profesoras interesadas en el tema. Y no era para menos, ya que contamos con el formador&hellip;","robots":{"index":"index","follow":"follow","max-snippet":"max-snippet:-1","max-image-preview":"max-image-preview:large","max-video-preview":"max-video-preview:-1"},"canonical":"El pasado viernes celebramos un encuentro formativo de voluntariado en el Real Colegio de las Escuelas P\u00edas de Valencia. A \u00e9l acudieron los voluntarios y voluntarias de los distintos proyectos y equipos, as\u00ed como educadores y educadoras, y algunas profesoras interesadas en el tema. Y no era para menos, ya que contamos con el formador&hellip;","og_locale":"ca_ES","og_type":"article","og_title":"FORMACI\u00d3N SOBRE ApS A CARGO DE JAVIER TORREGROSA EN VALENCIA","og_description":"El pasado viernes celebramos un encuentro formativo de voluntariado en el Real Colegio de las Escuelas P\u00edas de Valencia. A \u00e9l acudieron los voluntarios y voluntarias de los distintos proyectos y equipos, as\u00ed como educadores y educadoras, y algunas profesoras interesadas en el tema. Y no era para menos, ya que contamos con el formador&hellip;","og_url":"https:\/\/www.itakaescolapios.org\/ca\/2019\/11\/formacion-sobre-aps-a-cargo-de-javier-torregrosa-en-valencia\/","og_site_name":"Itaka-Escolapios","article_published_time":"2019-11-19T18:32:23+00:00","article_modified_time":"2023-11-28T11:36:37+00:00","og_image":[{"width":2048,"height":1536,"url":"https:\/\/www.itakaescolapios.org\/wp-content\/uploads\/2019\/11\/WhatsApp-Image-2019-11-15-at-18.07.48-1.jpeg","type":"image\/jpeg"}],"author":"valencia01","twitter_card":"summary_large_image","twitter_misc":{"Escrit per":"valencia01","Temps estimat de lectura":"1 minut"},"schema":{"@context":"https:\/\/schema.org","@graph":[{"@type":"Article","@id":"https:\/\/www.itakaescolapios.org\/ca\/2019\/11\/formacion-sobre-aps-a-cargo-de-javier-torregrosa-en-valencia\/#article","isPartOf":{"@id":"https:\/\/www.itakaescolapios.org\/ca\/2019\/11\/formacion-sobre-aps-a-cargo-de-javier-torregrosa-en-valencia\/"},"author":{"name":"valencia01","@id":"https:\/\/www.itakaescolapios.org\/es\/#\/schema\/person\/c232ccaa2b3f2e98db93c1f8dfca96ff"},"headline":"FORMACI\u00d3N SOBRE ApS A CARGO DE JAVIER TORREGROSA EN VALENCIA","datePublished":"2019-11-19T18:32:23+00:00","dateModified":"2023-11-28T11:36:37+00:00","mainEntityOfPage":{"@id":"https:\/\/www.itakaescolapios.org\/ca\/2019\/11\/formacion-sobre-aps-a-cargo-de-javier-torregrosa-en-valencia\/"},"wordCount":295,"publisher":{"@id":"https:\/\/www.itakaescolapios.org\/es\/#organization"},"image":{"@id":"https:\/\/www.itakaescolapios.org\/ca\/2019\/11\/formacion-sobre-aps-a-cargo-de-javier-torregrosa-en-valencia\/#primaryimage"},"thumbnailUrl":"https:\/\/www.itakaescolapios.org\/wp-content\/uploads\/2019\/11\/WhatsApp-Image-2019-11-15-at-18.07.48-1.jpeg","keywords":["Aprendizaje y Servicio","ApS","Encuentro","formaci\u00f3n","Torregrosa","voluntariado"],"articleSection":["Valencia"],"inLanguage":"ca"},{"@type":"WebPage","@id":"https:\/\/www.itakaescolapios.org\/ca\/2019\/11\/formacion-sobre-aps-a-cargo-de-javier-torregrosa-en-valencia\/","url":"https:\/\/www.itakaescolapios.org\/ca\/2019\/11\/formacion-sobre-aps-a-cargo-de-javier-torregrosa-en-valencia\/","name":"FORMACI\u00d3N SOBRE ApS A CARGO DE JAVIER TORREGROSA EN VALENCIA - Itaka-Escolapios","isPartOf":{"@id":"https:\/\/www.itakaescolapios.org\/es\/#website"},"primaryImageOfPage":{"@id":"https:\/\/www.itakaescolapios.org\/ca\/2019\/11\/formacion-sobre-aps-a-cargo-de-javier-torregrosa-en-valencia\/#primaryimage"},"image":{"@id":"https:\/\/www.itakaescolapios.org\/ca\/2019\/11\/formacion-sobre-aps-a-cargo-de-javier-torregrosa-en-valencia\/#primaryimage"},"thumbnailUrl":"https:\/\/www.itakaescolapios.org\/wp-content\/uploads\/2019\/11\/WhatsApp-Image-2019-11-15-at-18.07.48-1.jpeg","datePublished":"2019-11-19T18:32:23+00:00","dateModified":"2023-11-28T11:36:37+00:00","breadcrumb":{"@id":"https:\/\/www.itakaescolapios.org\/ca\/2019\/11\/formacion-sobre-aps-a-cargo-de-javier-torregrosa-en-valencia\/#breadcrumb"},"inLanguage":"ca","potentialAction":[{"@type":"ReadAction","target":["https:\/\/www.itakaescolapios.org\/ca\/2019\/11\/formacion-sobre-aps-a-cargo-de-javier-torregrosa-en-valencia\/"]}]},{"@type":"ImageObject","inLanguage":"ca","@id":"https:\/\/www.itakaescolapios.org\/ca\/2019\/11\/formacion-sobre-aps-a-cargo-de-javier-torregrosa-en-valencia\/#primaryimage","url":"https:\/\/www.itakaescolapios.org\/wp-content\/uploads\/2019\/11\/WhatsApp-Image-2019-11-15-at-18.07.48-1.jpeg","contentUrl":"https:\/\/www.itakaescolapios.org\/wp-content\/uploads\/2019\/11\/WhatsApp-Image-2019-11-15-at-18.07.48-1.jpeg","width":2048,"height":1536},{"@type":"BreadcrumbList","@id":"https:\/\/www.itakaescolapios.org\/ca\/2019\/11\/formacion-sobre-aps-a-cargo-de-javier-torregrosa-en-valencia\/#breadcrumb","itemListElement":[{"@type":"ListItem","position":1,"name":"Itaka-Escolapios","item":"https:\/\/www.itakaescolapios.org\/es\/"},{"@type":"ListItem","position":2,"name":"FORMACI\u00d3N SOBRE ApS A CARGO DE JAVIER TORREGROSA EN VALENCIA"}]},{"@type":"WebSite","@id":"https:\/\/www.itakaescolapios.org\/ca\/es\/#website","url":"https:\/\/www.itakaescolapios.org\/ca\/es\/","name":"Itaka-Escolapios","description":"Red de Itaka-Escolapios","publisher":{"@id":"https:\/\/www.itakaescolapios.org\/ca\/es\/#organization"},"potentialAction":[{"@type":"SearchAction","target":{"@type":"EntryPoint","urlTemplate":"https:\/\/www.itakaescolapios.org\/ca\/es\/?s={search_term_string}"},"query-input":{"@type":"PropertyValueSpecification","valueRequired":true,"valueName":"search_term_string"}}],"inLanguage":"ca"},{"@type":"Organization","@id":"https:\/\/www.itakaescolapios.org\/ca\/es\/#organization","name":"Fundaci\u00f3 Itaka-Escolapios","url":"https:\/\/www.itakaescolapios.org\/ca\/es\/","logo":{"@type":"ImageObject","inLanguage":"ca","@id":"https:\/\/www.itakaescolapios.org\/ca\/es\/#\/schema\/logo\/image\/","url":"https:\/\/www.itakaescolapios.org\/wp-content\/uploads\/2024\/04\/Logo-itakaescolapios-peque.png","contentUrl":"https:\/\/www.itakaescolapios.org\/wp-content\/uploads\/2024\/04\/Logo-itakaescolapios-peque.png","width":500,"height":199,"caption":"Fundaci\u00f3 Itaka-Escolapios"},"image":{"@id":"https:\/\/www.itakaescolapios.org\/ca\/es\/#\/schema\/logo\/image\/"}},{"@type":"Person","@id":"https:\/\/www.itakaescolapios.org\/es\/#\/schema\/person\/c232ccaa2b3f2e98db93c1f8dfca96ff","name":"valencia01","url":"https:\/\/www.itakaescolapios.org\/ca\/author\/valencia01\/"}]}},"_links":{"self":[{"href":"https:\/\/www.itakaescolapios.org\/ca\/wp-json\/wp\/v2\/posts\/29116","targetHints":{"allow":["GET"]}}],"collection":[{"href":"https:\/\/www.itakaescolapios.org\/ca\/wp-json\/wp\/v2\/posts"}],"about":[{"href":"https:\/\/www.itakaescolapios.org\/ca\/wp-json\/wp\/v2\/types\/post"}],"author":[{"embeddable":true,"href":"https:\/\/www.itakaescolapios.org\/ca\/wp-json\/wp\/v2\/users\/39"}],"replies":[{"embeddable":true,"href":"https:\/\/www.itakaescolapios.org\/ca\/wp-json\/wp\/v2\/comments?post=29116"}],"version-history":[{"count":3,"href":"https:\/\/www.itakaescolapios.org\/ca\/wp-json\/wp\/v2\/posts\/29116\/revisions"}],"predecessor-version":[{"id":45312,"href":"https:\/\/www.itakaescolapios.org\/ca\/wp-json\/wp\/v2\/posts\/29116\/revisions\/45312"}],"wp:featuredmedia":[{"embeddable":true,"href":"https:\/\/www.itakaescolapios.org\/ca\/wp-json\/wp\/v2\/media\/29118"}],"wp:attachment":[{"href":"https:\/\/www.itakaescolapios.org\/ca\/wp-json\/wp\/v2\/media?parent=29116"}],"wp:term":[{"taxonomy":"category","embeddable":true,"href":"https:\/\/www.itakaescolapios.org\/ca\/wp-json\/wp\/v2\/categories?post=29116"},{"taxonomy":"post_tag","embeddable":true,"href":"https:\/\/www.itakaescolapios.org\/ca\/wp-json\/wp\/v2\/tags?post=29116"}],"curies":[{"name":"wp","href":"https:\/\/api.w.org\/{rel}","templated":true}]}}