{"id":29242,"date":"2019-11-25T09:51:42","date_gmt":"2019-11-25T08:51:42","guid":{"rendered":"https:\/\/www.itakaescolapios.org\/?p=29242"},"modified":"2023-11-28T12:36:37","modified_gmt":"2023-11-28T11:36:37","slug":"25n-dia-internacional-de-la-eliminacion-de-la-violencia-contra-la-mujer","status":"publish","type":"post","link":"https:\/\/www.itakaescolapios.org\/ca\/2019\/11\/25n-dia-internacional-de-la-eliminacion-de-la-violencia-contra-la-mujer\/","title":{"rendered":"25N D\u00eda Internacional de la Eliminaci\u00f3n de la Violencia contra la Mujer"},"content":{"rendered":"<p>Ante el pr\u00f3ximo 25N se ha elaborado un comunicado conjunto entre Itaka Escolapios y la Fraternidad de Ema\u00fas. Os pedimos que lo le\u00e1is y lo distribuy\u00e1is all\u00ed donde lo ve\u00e1is conveniente.<\/p>\n<p>Tal y como aparece en el comunicado, os invitamos a participar en las acciones que se propongan nivel local, y en el caso de Bilbao queremos hacer tambi\u00e9n un gesto m\u00e1s significativo antes de ir a la manifestaci\u00f3n propuesta.<\/p>\n<p>Por ello, os esperamos el pr\u00f3ximo lunes 25 a las 19:00 en el patio del colegio Escolapios a todas las personas trabajadoras, voluntarias, destinatarias de los distintos proyectos de Itaka Escolapios, de la Fraternidad, del movimiento Calasanz y del Catecumenado, familias del colegio&#8230; para que, unidas, nos manifestemos en contra de la violencia machista y en favor de los buenos tratos.<\/p>\n\n\t\t<style type=\"text\/css\">\n\t\t\t#gallery-1 {\n\t\t\t\tmargin: auto;\n\t\t\t}\n\t\t\t#gallery-1 .gallery-item {\n\t\t\t\tfloat: left;\n\t\t\t\tmargin-top: 10px;\n\t\t\t\ttext-align: center;\n\t\t\t\twidth: 33%;\n\t\t\t}\n\t\t\t#gallery-1 img {\n\t\t\t\tborder: 2px solid #cfcfcf;\n\t\t\t}\n\t\t\t#gallery-1 .gallery-caption {\n\t\t\t\tmargin-left: 0;\n\t\t\t}\n\t\t\t\/* see gallery_shortcode() in wp-includes\/media.php *\/\n\t\t<\/style>\n\t\t<div id='gallery-1' class='gallery galleryid-29242 gallery-columns-3 gallery-size-thumbnail'><dl class='gallery-item'>\n\t\t\t<dt class='gallery-icon landscape'>\n\t\t\t\t<a href='https:\/\/www.itakaescolapios.org\/ca\/circular-25-n-2019-provincial\/'><img decoding=\"async\" width=\"90\" height=\"90\" src=\"https:\/\/www.itakaescolapios.org\/wp-content\/uploads\/2019\/11\/circular-25-n-2019-provincial-90x90.jpg\" class=\"attachment-thumbnail size-thumbnail\" alt=\"\" \/><\/a>\n\t\t\t<\/dt><\/dl>\n\t\t\t<br style='clear: both' \/>\n\t\t<\/div>\n\n","protected":false},"excerpt":{"rendered":"<p>Ante el pr\u00f3ximo 25N se ha elaborado un comunicado conjunto entre Itaka Escolapios y la Fraternidad de Ema\u00fas. Os pedimos que lo le\u00e1is y lo distribuy\u00e1is all\u00ed donde lo ve\u00e1is [&hellip;]<\/p>\n","protected":false},"author":4,"featured_media":29245,"comment_status":"closed","ping_status":"closed","sticky":false,"template":"","format":"standard","meta":{"_et_pb_use_builder":"","_et_pb_old_content":"","_et_gb_content_width":"","footnotes":""},"categories":[9],"tags":[],"class_list":["post-29242","post","type-post","status-publish","format-standard","has-post-thumbnail","hentry","category-bilbao"],"yoast_head":"<!-- This site is optimized with the Yoast SEO plugin v27.4 - https:\/\/yoast.com\/product\/yoast-seo-wordpress\/ -->\n<title>25N D\u00eda Internacional de la Eliminaci\u00f3n de la Violencia contra la Mujer<\/title>\n<meta name=\"description\" content=\"Ante el pr\u00f3ximo 25N se ha elaborado un comunicado conjunto entre Itaka Escolapios y la Fraternidad de Ema\u00fas. Os pedimos que lo le\u00e1is y lo distribuy\u00e1is all\u00ed donde lo ve\u00e1is conveniente. Tal y como aparece en el comunicado, os invitamos a participar en las acciones que se propongan nivel local, y en el caso de&hellip;\" \/>\n<meta name=\"robots\" content=\"index, follow, max-snippet:-1, max-image-preview:large, max-video-preview:-1\" \/>\n<link rel=\"canonical\" href=\"http:\/\/Ante%20el%20pr\u00f3ximo%2025N%20se%20ha%20elaborado%20un%20comunicado%20conjunto%20entre%20Itaka%20Escolapios%20y%20la%20Fraternidad%20de%20Ema\u00fas.%20Os%20pedimos%20que%20lo%20le\u00e1is%20y%20lo%20distribuy\u00e1is%20all\u00ed%20donde%20lo%20ve\u00e1is%20conveniente.%20Tal%20y%20como%20aparece%20en%20el%20comunicado,%20os%20invitamos%20a%20participar%20en%20las%20acciones%20que%20se%20propongan%20nivel%20local,%20y%20en%20el%20caso%20de&hellip;\" \/>\n<meta property=\"og:locale\" content=\"ca_ES\" \/>\n<meta property=\"og:type\" content=\"article\" \/>\n<meta property=\"og:title\" content=\"25N D\u00eda Internacional de la Eliminaci\u00f3n de la Violencia contra la Mujer\" \/>\n<meta property=\"og:description\" content=\"Ante el pr\u00f3ximo 25N se ha elaborado un comunicado conjunto entre Itaka Escolapios y la Fraternidad de Ema\u00fas. Os pedimos que lo le\u00e1is y lo distribuy\u00e1is all\u00ed donde lo ve\u00e1is conveniente. Tal y como aparece en el comunicado, os invitamos a participar en las acciones que se propongan nivel local, y en el caso de&hellip;\" \/>\n<meta property=\"og:url\" content=\"https:\/\/www.itakaescolapios.org\/ca\/2019\/11\/25n-dia-internacional-de-la-eliminacion-de-la-violencia-contra-la-mujer\/\" \/>\n<meta property=\"og:site_name\" content=\"Itaka-Escolapios\" \/>\n<meta property=\"article:published_time\" content=\"2019-11-25T08:51:42+00:00\" \/>\n<meta property=\"article:modified_time\" content=\"2023-11-28T11:36:37+00:00\" \/>\n<meta property=\"og:image\" content=\"https:\/\/www.itakaescolapios.org\/wp-content\/uploads\/2019\/11\/punto-morado-1.png\" \/>\n\t<meta property=\"og:image:width\" content=\"532\" \/>\n\t<meta property=\"og:image:height\" content=\"768\" \/>\n\t<meta property=\"og:image:type\" content=\"image\/png\" \/>\n<meta name=\"author\" content=\"itaka\" \/>\n<meta name=\"twitter:card\" content=\"summary_large_image\" \/>\n<meta name=\"twitter:label1\" content=\"Escrit per\" \/>\n\t<meta name=\"twitter:data1\" content=\"itaka\" \/>\n\t<meta name=\"twitter:label2\" content=\"Temps estimat de lectura\" \/>\n\t<meta name=\"twitter:data2\" content=\"1 minut\" \/>\n<script type=\"application\/ld+json\" class=\"yoast-schema-graph\">{\"@context\":\"https:\\\/\\\/schema.org\",\"@graph\":[{\"@type\":\"Article\",\"@id\":\"https:\\\/\\\/www.itakaescolapios.org\\\/ca\\\/2019\\\/11\\\/25n-dia-internacional-de-la-eliminacion-de-la-violencia-contra-la-mujer\\\/#article\",\"isPartOf\":{\"@id\":\"https:\\\/\\\/www.itakaescolapios.org\\\/ca\\\/2019\\\/11\\\/25n-dia-internacional-de-la-eliminacion-de-la-violencia-contra-la-mujer\\\/\"},\"author\":{\"name\":\"itaka\",\"@id\":\"https:\\\/\\\/www.itakaescolapios.org\\\/es\\\/#\\\/schema\\\/person\\\/670123daeb1cc31cae1b106740036ccb\"},\"headline\":\"25N D\u00eda Internacional de la Eliminaci\u00f3n de la Violencia contra la Mujer\",\"datePublished\":\"2019-11-25T08:51:42+00:00\",\"dateModified\":\"2023-11-28T11:36:37+00:00\",\"mainEntityOfPage\":{\"@id\":\"https:\\\/\\\/www.itakaescolapios.org\\\/ca\\\/2019\\\/11\\\/25n-dia-internacional-de-la-eliminacion-de-la-violencia-contra-la-mujer\\\/\"},\"wordCount\":154,\"publisher\":{\"@id\":\"https:\\\/\\\/www.itakaescolapios.org\\\/es\\\/#organization\"},\"image\":{\"@id\":\"https:\\\/\\\/www.itakaescolapios.org\\\/ca\\\/2019\\\/11\\\/25n-dia-internacional-de-la-eliminacion-de-la-violencia-contra-la-mujer\\\/#primaryimage\"},\"thumbnailUrl\":\"https:\\\/\\\/www.itakaescolapios.org\\\/wp-content\\\/uploads\\\/2019\\\/11\\\/punto-morado-1.png\",\"articleSection\":[\"Bilbao\"],\"inLanguage\":\"ca\"},{\"@type\":\"WebPage\",\"@id\":\"https:\\\/\\\/www.itakaescolapios.org\\\/ca\\\/2019\\\/11\\\/25n-dia-internacional-de-la-eliminacion-de-la-violencia-contra-la-mujer\\\/\",\"url\":\"https:\\\/\\\/www.itakaescolapios.org\\\/ca\\\/2019\\\/11\\\/25n-dia-internacional-de-la-eliminacion-de-la-violencia-contra-la-mujer\\\/\",\"name\":\"25N D\u00eda Internacional de la Eliminaci\u00f3n de la Violencia contra la Mujer - Itaka-Escolapios\",\"isPartOf\":{\"@id\":\"https:\\\/\\\/www.itakaescolapios.org\\\/es\\\/#website\"},\"primaryImageOfPage\":{\"@id\":\"https:\\\/\\\/www.itakaescolapios.org\\\/ca\\\/2019\\\/11\\\/25n-dia-internacional-de-la-eliminacion-de-la-violencia-contra-la-mujer\\\/#primaryimage\"},\"image\":{\"@id\":\"https:\\\/\\\/www.itakaescolapios.org\\\/ca\\\/2019\\\/11\\\/25n-dia-internacional-de-la-eliminacion-de-la-violencia-contra-la-mujer\\\/#primaryimage\"},\"thumbnailUrl\":\"https:\\\/\\\/www.itakaescolapios.org\\\/wp-content\\\/uploads\\\/2019\\\/11\\\/punto-morado-1.png\",\"datePublished\":\"2019-11-25T08:51:42+00:00\",\"dateModified\":\"2023-11-28T11:36:37+00:00\",\"breadcrumb\":{\"@id\":\"https:\\\/\\\/www.itakaescolapios.org\\\/ca\\\/2019\\\/11\\\/25n-dia-internacional-de-la-eliminacion-de-la-violencia-contra-la-mujer\\\/#breadcrumb\"},\"inLanguage\":\"ca\",\"potentialAction\":[{\"@type\":\"ReadAction\",\"target\":[\"https:\\\/\\\/www.itakaescolapios.org\\\/ca\\\/2019\\\/11\\\/25n-dia-internacional-de-la-eliminacion-de-la-violencia-contra-la-mujer\\\/\"]}]},{\"@type\":\"ImageObject\",\"inLanguage\":\"ca\",\"@id\":\"https:\\\/\\\/www.itakaescolapios.org\\\/ca\\\/2019\\\/11\\\/25n-dia-internacional-de-la-eliminacion-de-la-violencia-contra-la-mujer\\\/#primaryimage\",\"url\":\"https:\\\/\\\/www.itakaescolapios.org\\\/wp-content\\\/uploads\\\/2019\\\/11\\\/punto-morado-1.png\",\"contentUrl\":\"https:\\\/\\\/www.itakaescolapios.org\\\/wp-content\\\/uploads\\\/2019\\\/11\\\/punto-morado-1.png\",\"width\":532,\"height\":768},{\"@type\":\"BreadcrumbList\",\"@id\":\"https:\\\/\\\/www.itakaescolapios.org\\\/ca\\\/2019\\\/11\\\/25n-dia-internacional-de-la-eliminacion-de-la-violencia-contra-la-mujer\\\/#breadcrumb\",\"itemListElement\":[{\"@type\":\"ListItem\",\"position\":1,\"name\":\"Itaka-Escolapios\",\"item\":\"https:\\\/\\\/www.itakaescolapios.org\\\/es\\\/\"},{\"@type\":\"ListItem\",\"position\":2,\"name\":\"25N D\u00eda Internacional de la Eliminaci\u00f3n de la Violencia contra la Mujer\"}]},{\"@type\":\"WebSite\",\"@id\":\"https:\\\/\\\/www.itakaescolapios.org\\\/ca\\\/es\\\/#website\",\"url\":\"https:\\\/\\\/www.itakaescolapios.org\\\/ca\\\/es\\\/\",\"name\":\"Itaka-Escolapios\",\"description\":\"Red de Itaka-Escolapios\",\"publisher\":{\"@id\":\"https:\\\/\\\/www.itakaescolapios.org\\\/ca\\\/es\\\/#organization\"},\"potentialAction\":[{\"@type\":\"SearchAction\",\"target\":{\"@type\":\"EntryPoint\",\"urlTemplate\":\"https:\\\/\\\/www.itakaescolapios.org\\\/ca\\\/es\\\/?s={search_term_string}\"},\"query-input\":{\"@type\":\"PropertyValueSpecification\",\"valueRequired\":true,\"valueName\":\"search_term_string\"}}],\"inLanguage\":\"ca\"},{\"@type\":\"Organization\",\"@id\":\"https:\\\/\\\/www.itakaescolapios.org\\\/ca\\\/es\\\/#organization\",\"name\":\"Fundaci\u00f3 Itaka-Escolapios\",\"url\":\"https:\\\/\\\/www.itakaescolapios.org\\\/ca\\\/es\\\/\",\"logo\":{\"@type\":\"ImageObject\",\"inLanguage\":\"ca\",\"@id\":\"https:\\\/\\\/www.itakaescolapios.org\\\/ca\\\/es\\\/#\\\/schema\\\/logo\\\/image\\\/\",\"url\":\"https:\\\/\\\/www.itakaescolapios.org\\\/wp-content\\\/uploads\\\/2024\\\/04\\\/Logo-itakaescolapios-peque.png\",\"contentUrl\":\"https:\\\/\\\/www.itakaescolapios.org\\\/wp-content\\\/uploads\\\/2024\\\/04\\\/Logo-itakaescolapios-peque.png\",\"width\":500,\"height\":199,\"caption\":\"Fundaci\u00f3 Itaka-Escolapios\"},\"image\":{\"@id\":\"https:\\\/\\\/www.itakaescolapios.org\\\/ca\\\/es\\\/#\\\/schema\\\/logo\\\/image\\\/\"}},{\"@type\":\"Person\",\"@id\":\"https:\\\/\\\/www.itakaescolapios.org\\\/es\\\/#\\\/schema\\\/person\\\/670123daeb1cc31cae1b106740036ccb\",\"name\":\"itaka\",\"url\":\"https:\\\/\\\/www.itakaescolapios.org\\\/ca\\\/author\\\/itaka\\\/\"}]}<\/script>\n<!-- \/ Yoast SEO plugin. -->","yoast_head_json":{"title":"25N D\u00eda Internacional de la Eliminaci\u00f3n de la Violencia contra la Mujer","description":"Ante el pr\u00f3ximo 25N se ha elaborado un comunicado conjunto entre Itaka Escolapios y la Fraternidad de Ema\u00fas. Os pedimos que lo le\u00e1is y lo distribuy\u00e1is all\u00ed donde lo ve\u00e1is conveniente. Tal y como aparece en el comunicado, os invitamos a participar en las acciones que se propongan nivel local, y en el caso de&hellip;","robots":{"index":"index","follow":"follow","max-snippet":"max-snippet:-1","max-image-preview":"max-image-preview:large","max-video-preview":"max-video-preview:-1"},"canonical":"Ante el pr\u00f3ximo 25N se ha elaborado un comunicado conjunto entre Itaka Escolapios y la Fraternidad de Ema\u00fas. Os pedimos que lo le\u00e1is y lo distribuy\u00e1is all\u00ed donde lo ve\u00e1is conveniente. Tal y como aparece en el comunicado, os invitamos a participar en las acciones que se propongan nivel local, y en el caso de&hellip;","og_locale":"ca_ES","og_type":"article","og_title":"25N D\u00eda Internacional de la Eliminaci\u00f3n de la Violencia contra la Mujer","og_description":"Ante el pr\u00f3ximo 25N se ha elaborado un comunicado conjunto entre Itaka Escolapios y la Fraternidad de Ema\u00fas. Os pedimos que lo le\u00e1is y lo distribuy\u00e1is all\u00ed donde lo ve\u00e1is conveniente. Tal y como aparece en el comunicado, os invitamos a participar en las acciones que se propongan nivel local, y en el caso de&hellip;","og_url":"https:\/\/www.itakaescolapios.org\/ca\/2019\/11\/25n-dia-internacional-de-la-eliminacion-de-la-violencia-contra-la-mujer\/","og_site_name":"Itaka-Escolapios","article_published_time":"2019-11-25T08:51:42+00:00","article_modified_time":"2023-11-28T11:36:37+00:00","og_image":[{"width":532,"height":768,"url":"https:\/\/www.itakaescolapios.org\/wp-content\/uploads\/2019\/11\/punto-morado-1.png","type":"image\/png"}],"author":"itaka","twitter_card":"summary_large_image","twitter_misc":{"Escrit per":"itaka","Temps estimat de lectura":"1 minut"},"schema":{"@context":"https:\/\/schema.org","@graph":[{"@type":"Article","@id":"https:\/\/www.itakaescolapios.org\/ca\/2019\/11\/25n-dia-internacional-de-la-eliminacion-de-la-violencia-contra-la-mujer\/#article","isPartOf":{"@id":"https:\/\/www.itakaescolapios.org\/ca\/2019\/11\/25n-dia-internacional-de-la-eliminacion-de-la-violencia-contra-la-mujer\/"},"author":{"name":"itaka","@id":"https:\/\/www.itakaescolapios.org\/es\/#\/schema\/person\/670123daeb1cc31cae1b106740036ccb"},"headline":"25N D\u00eda Internacional de la Eliminaci\u00f3n de la Violencia contra la Mujer","datePublished":"2019-11-25T08:51:42+00:00","dateModified":"2023-11-28T11:36:37+00:00","mainEntityOfPage":{"@id":"https:\/\/www.itakaescolapios.org\/ca\/2019\/11\/25n-dia-internacional-de-la-eliminacion-de-la-violencia-contra-la-mujer\/"},"wordCount":154,"publisher":{"@id":"https:\/\/www.itakaescolapios.org\/es\/#organization"},"image":{"@id":"https:\/\/www.itakaescolapios.org\/ca\/2019\/11\/25n-dia-internacional-de-la-eliminacion-de-la-violencia-contra-la-mujer\/#primaryimage"},"thumbnailUrl":"https:\/\/www.itakaescolapios.org\/wp-content\/uploads\/2019\/11\/punto-morado-1.png","articleSection":["Bilbao"],"inLanguage":"ca"},{"@type":"WebPage","@id":"https:\/\/www.itakaescolapios.org\/ca\/2019\/11\/25n-dia-internacional-de-la-eliminacion-de-la-violencia-contra-la-mujer\/","url":"https:\/\/www.itakaescolapios.org\/ca\/2019\/11\/25n-dia-internacional-de-la-eliminacion-de-la-violencia-contra-la-mujer\/","name":"25N D\u00eda Internacional de la Eliminaci\u00f3n de la Violencia contra la Mujer - Itaka-Escolapios","isPartOf":{"@id":"https:\/\/www.itakaescolapios.org\/es\/#website"},"primaryImageOfPage":{"@id":"https:\/\/www.itakaescolapios.org\/ca\/2019\/11\/25n-dia-internacional-de-la-eliminacion-de-la-violencia-contra-la-mujer\/#primaryimage"},"image":{"@id":"https:\/\/www.itakaescolapios.org\/ca\/2019\/11\/25n-dia-internacional-de-la-eliminacion-de-la-violencia-contra-la-mujer\/#primaryimage"},"thumbnailUrl":"https:\/\/www.itakaescolapios.org\/wp-content\/uploads\/2019\/11\/punto-morado-1.png","datePublished":"2019-11-25T08:51:42+00:00","dateModified":"2023-11-28T11:36:37+00:00","breadcrumb":{"@id":"https:\/\/www.itakaescolapios.org\/ca\/2019\/11\/25n-dia-internacional-de-la-eliminacion-de-la-violencia-contra-la-mujer\/#breadcrumb"},"inLanguage":"ca","potentialAction":[{"@type":"ReadAction","target":["https:\/\/www.itakaescolapios.org\/ca\/2019\/11\/25n-dia-internacional-de-la-eliminacion-de-la-violencia-contra-la-mujer\/"]}]},{"@type":"ImageObject","inLanguage":"ca","@id":"https:\/\/www.itakaescolapios.org\/ca\/2019\/11\/25n-dia-internacional-de-la-eliminacion-de-la-violencia-contra-la-mujer\/#primaryimage","url":"https:\/\/www.itakaescolapios.org\/wp-content\/uploads\/2019\/11\/punto-morado-1.png","contentUrl":"https:\/\/www.itakaescolapios.org\/wp-content\/uploads\/2019\/11\/punto-morado-1.png","width":532,"height":768},{"@type":"BreadcrumbList","@id":"https:\/\/www.itakaescolapios.org\/ca\/2019\/11\/25n-dia-internacional-de-la-eliminacion-de-la-violencia-contra-la-mujer\/#breadcrumb","itemListElement":[{"@type":"ListItem","position":1,"name":"Itaka-Escolapios","item":"https:\/\/www.itakaescolapios.org\/es\/"},{"@type":"ListItem","position":2,"name":"25N D\u00eda Internacional de la Eliminaci\u00f3n de la Violencia contra la Mujer"}]},{"@type":"WebSite","@id":"https:\/\/www.itakaescolapios.org\/ca\/es\/#website","url":"https:\/\/www.itakaescolapios.org\/ca\/es\/","name":"Itaka-Escolapios","description":"Red de Itaka-Escolapios","publisher":{"@id":"https:\/\/www.itakaescolapios.org\/ca\/es\/#organization"},"potentialAction":[{"@type":"SearchAction","target":{"@type":"EntryPoint","urlTemplate":"https:\/\/www.itakaescolapios.org\/ca\/es\/?s={search_term_string}"},"query-input":{"@type":"PropertyValueSpecification","valueRequired":true,"valueName":"search_term_string"}}],"inLanguage":"ca"},{"@type":"Organization","@id":"https:\/\/www.itakaescolapios.org\/ca\/es\/#organization","name":"Fundaci\u00f3 Itaka-Escolapios","url":"https:\/\/www.itakaescolapios.org\/ca\/es\/","logo":{"@type":"ImageObject","inLanguage":"ca","@id":"https:\/\/www.itakaescolapios.org\/ca\/es\/#\/schema\/logo\/image\/","url":"https:\/\/www.itakaescolapios.org\/wp-content\/uploads\/2024\/04\/Logo-itakaescolapios-peque.png","contentUrl":"https:\/\/www.itakaescolapios.org\/wp-content\/uploads\/2024\/04\/Logo-itakaescolapios-peque.png","width":500,"height":199,"caption":"Fundaci\u00f3 Itaka-Escolapios"},"image":{"@id":"https:\/\/www.itakaescolapios.org\/ca\/es\/#\/schema\/logo\/image\/"}},{"@type":"Person","@id":"https:\/\/www.itakaescolapios.org\/es\/#\/schema\/person\/670123daeb1cc31cae1b106740036ccb","name":"itaka","url":"https:\/\/www.itakaescolapios.org\/ca\/author\/itaka\/"}]}},"_links":{"self":[{"href":"https:\/\/www.itakaescolapios.org\/ca\/wp-json\/wp\/v2\/posts\/29242","targetHints":{"allow":["GET"]}}],"collection":[{"href":"https:\/\/www.itakaescolapios.org\/ca\/wp-json\/wp\/v2\/posts"}],"about":[{"href":"https:\/\/www.itakaescolapios.org\/ca\/wp-json\/wp\/v2\/types\/post"}],"author":[{"embeddable":true,"href":"https:\/\/www.itakaescolapios.org\/ca\/wp-json\/wp\/v2\/users\/4"}],"replies":[{"embeddable":true,"href":"https:\/\/www.itakaescolapios.org\/ca\/wp-json\/wp\/v2\/comments?post=29242"}],"version-history":[{"count":3,"href":"https:\/\/www.itakaescolapios.org\/ca\/wp-json\/wp\/v2\/posts\/29242\/revisions"}],"predecessor-version":[{"id":45300,"href":"https:\/\/www.itakaescolapios.org\/ca\/wp-json\/wp\/v2\/posts\/29242\/revisions\/45300"}],"wp:featuredmedia":[{"embeddable":true,"href":"https:\/\/www.itakaescolapios.org\/ca\/wp-json\/wp\/v2\/media\/29245"}],"wp:attachment":[{"href":"https:\/\/www.itakaescolapios.org\/ca\/wp-json\/wp\/v2\/media?parent=29242"}],"wp:term":[{"taxonomy":"category","embeddable":true,"href":"https:\/\/www.itakaescolapios.org\/ca\/wp-json\/wp\/v2\/categories?post=29242"},{"taxonomy":"post_tag","embeddable":true,"href":"https:\/\/www.itakaescolapios.org\/ca\/wp-json\/wp\/v2\/tags?post=29242"}],"curies":[{"name":"wp","href":"https:\/\/api.w.org\/{rel}","templated":true}]}}