{"id":29415,"date":"2019-12-05T09:16:42","date_gmt":"2019-12-05T08:16:42","guid":{"rendered":"https:\/\/www.itakaescolapios.org\/?p=29415"},"modified":"2023-11-28T12:36:35","modified_gmt":"2023-11-28T11:36:35","slug":"5-de-diciembre-dia-internacional-del-voluntariado-5","status":"publish","type":"post","link":"https:\/\/www.itakaescolapios.org\/ca\/2019\/12\/5-de-diciembre-dia-internacional-del-voluntariado-5\/","title":{"rendered":"5 de diciembre, D\u00eda Internacional del Voluntariado"},"content":{"rendered":"<p>Con motivo de la celebraci\u00f3n hoy, 5 de diciembre, del D\u00eda Internacional del Voluntariado, queremos reconocer y agradecer profundamente la labor de todas las personas voluntarias que a trav\u00e9s de su compromiso con Itaka-Escolapios hacen posible un mundo mejor, con m\u00e1s justicia y solidaridad. \u00a1Gracias!<\/p>\n<p>&nbsp;<!--more--><\/p>\n","protected":false},"excerpt":{"rendered":"<p>Con motivo de la celebraci\u00f3n hoy, 5 de diciembre, del D\u00eda Internacional del Voluntariado, queremos reconocer y agradecer profundamente la labor de todas las personas voluntarias que a trav\u00e9s de [&hellip;]<\/p>\n","protected":false},"author":46,"featured_media":29416,"comment_status":"closed","ping_status":"closed","sticky":false,"template":"","format":"standard","meta":{"_et_pb_use_builder":"","_et_pb_old_content":"","_et_gb_content_width":"","footnotes":""},"categories":[30],"tags":[],"class_list":["post-29415","post","type-post","status-publish","format-standard","has-post-thumbnail","hentry","category-itaka-escolapios"],"yoast_head":"<!-- This site is optimized with the Yoast SEO plugin v27.4 - https:\/\/yoast.com\/product\/yoast-seo-wordpress\/ -->\n<title>5 de diciembre, D\u00eda Internacional del Voluntariado<\/title>\n<meta name=\"description\" content=\"Con motivo de la celebraci\u00f3n hoy, 5 de diciembre, del D\u00eda Internacional del Voluntariado, queremos reconocer y agradecer profundamente la labor de todas las personas voluntarias que a trav\u00e9s de su compromiso con Itaka-Escolapios hacen posible un mundo mejor, con m\u00e1s justicia y solidaridad. \u00a1Gracias! &nbsp;\" \/>\n<meta name=\"robots\" content=\"index, follow, max-snippet:-1, max-image-preview:large, max-video-preview:-1\" \/>\n<link rel=\"canonical\" href=\"http:\/\/Con%20motivo%20de%20la%20celebraci\u00f3n%20hoy,%205%20de%20diciembre,%20del%20D\u00eda%20Internacional%20del%20Voluntariado,%20queremos%20reconocer%20y%20agradecer%20profundamente%20la%20labor%20de%20todas%20las%20personas%20voluntarias%20que%20a%20trav\u00e9s%20de%20su%20compromiso%20con%20Itaka-Escolapios%20hacen%20posible%20un%20mundo%20mejor,%20con%20m\u00e1s%20justicia%20y%20solidaridad.%20\u00a1Gracias!%20&nbsp;\" \/>\n<meta property=\"og:locale\" content=\"ca_ES\" \/>\n<meta property=\"og:type\" content=\"article\" \/>\n<meta property=\"og:title\" content=\"5 de diciembre, D\u00eda Internacional del Voluntariado\" \/>\n<meta property=\"og:description\" content=\"Con motivo de la celebraci\u00f3n hoy, 5 de diciembre, del D\u00eda Internacional del Voluntariado, queremos reconocer y agradecer profundamente la labor de todas las personas voluntarias que a trav\u00e9s de su compromiso con Itaka-Escolapios hacen posible un mundo mejor, con m\u00e1s justicia y solidaridad. \u00a1Gracias! &nbsp;\" \/>\n<meta property=\"og:url\" content=\"https:\/\/www.itakaescolapios.org\/ca\/2019\/12\/5-de-diciembre-dia-internacional-del-voluntariado-5\/\" \/>\n<meta property=\"og:site_name\" content=\"Itaka-Escolapios\" \/>\n<meta property=\"article:published_time\" content=\"2019-12-05T08:16:42+00:00\" \/>\n<meta property=\"article:modified_time\" content=\"2023-11-28T11:36:35+00:00\" \/>\n<meta property=\"og:image\" content=\"https:\/\/www.itakaescolapios.org\/wp-content\/uploads\/2019\/12\/5-DE-DICIMEBRE-ESP.jpeg\" \/>\n\t<meta property=\"og:image:width\" content=\"2000\" \/>\n\t<meta property=\"og:image:height\" content=\"740\" \/>\n\t<meta property=\"og:image:type\" content=\"image\/jpeg\" \/>\n<meta name=\"author\" content=\"itakaescolapios\" \/>\n<meta name=\"twitter:card\" content=\"summary_large_image\" \/>\n<meta name=\"twitter:label1\" content=\"Escrit per\" \/>\n\t<meta name=\"twitter:data1\" content=\"itakaescolapios\" \/>\n<script type=\"application\/ld+json\" class=\"yoast-schema-graph\">{\"@context\":\"https:\\\/\\\/schema.org\",\"@graph\":[{\"@type\":\"Article\",\"@id\":\"https:\\\/\\\/www.itakaescolapios.org\\\/ca\\\/2019\\\/12\\\/5-de-diciembre-dia-internacional-del-voluntariado-5\\\/#article\",\"isPartOf\":{\"@id\":\"https:\\\/\\\/www.itakaescolapios.org\\\/ca\\\/2019\\\/12\\\/5-de-diciembre-dia-internacional-del-voluntariado-5\\\/\"},\"author\":{\"name\":\"itakaescolapios\",\"@id\":\"https:\\\/\\\/www.itakaescolapios.org\\\/es\\\/#\\\/schema\\\/person\\\/768ce0f19db5c2c2b6361e77e15db2db\"},\"headline\":\"5 de diciembre, D\u00eda Internacional del Voluntariado\",\"datePublished\":\"2019-12-05T08:16:42+00:00\",\"dateModified\":\"2023-11-28T11:36:35+00:00\",\"mainEntityOfPage\":{\"@id\":\"https:\\\/\\\/www.itakaescolapios.org\\\/ca\\\/2019\\\/12\\\/5-de-diciembre-dia-internacional-del-voluntariado-5\\\/\"},\"wordCount\":56,\"publisher\":{\"@id\":\"https:\\\/\\\/www.itakaescolapios.org\\\/es\\\/#organization\"},\"image\":{\"@id\":\"https:\\\/\\\/www.itakaescolapios.org\\\/ca\\\/2019\\\/12\\\/5-de-diciembre-dia-internacional-del-voluntariado-5\\\/#primaryimage\"},\"thumbnailUrl\":\"https:\\\/\\\/www.itakaescolapios.org\\\/wp-content\\\/uploads\\\/2019\\\/12\\\/5-DE-DICIMEBRE-ESP.jpeg\",\"articleSection\":[\"Itaka Escolapios\"],\"inLanguage\":\"ca\"},{\"@type\":\"WebPage\",\"@id\":\"https:\\\/\\\/www.itakaescolapios.org\\\/ca\\\/2019\\\/12\\\/5-de-diciembre-dia-internacional-del-voluntariado-5\\\/\",\"url\":\"https:\\\/\\\/www.itakaescolapios.org\\\/ca\\\/2019\\\/12\\\/5-de-diciembre-dia-internacional-del-voluntariado-5\\\/\",\"name\":\"5 de diciembre, D\u00eda Internacional del Voluntariado - Itaka-Escolapios\",\"isPartOf\":{\"@id\":\"https:\\\/\\\/www.itakaescolapios.org\\\/es\\\/#website\"},\"primaryImageOfPage\":{\"@id\":\"https:\\\/\\\/www.itakaescolapios.org\\\/ca\\\/2019\\\/12\\\/5-de-diciembre-dia-internacional-del-voluntariado-5\\\/#primaryimage\"},\"image\":{\"@id\":\"https:\\\/\\\/www.itakaescolapios.org\\\/ca\\\/2019\\\/12\\\/5-de-diciembre-dia-internacional-del-voluntariado-5\\\/#primaryimage\"},\"thumbnailUrl\":\"https:\\\/\\\/www.itakaescolapios.org\\\/wp-content\\\/uploads\\\/2019\\\/12\\\/5-DE-DICIMEBRE-ESP.jpeg\",\"datePublished\":\"2019-12-05T08:16:42+00:00\",\"dateModified\":\"2023-11-28T11:36:35+00:00\",\"breadcrumb\":{\"@id\":\"https:\\\/\\\/www.itakaescolapios.org\\\/ca\\\/2019\\\/12\\\/5-de-diciembre-dia-internacional-del-voluntariado-5\\\/#breadcrumb\"},\"inLanguage\":\"ca\",\"potentialAction\":[{\"@type\":\"ReadAction\",\"target\":[\"https:\\\/\\\/www.itakaescolapios.org\\\/ca\\\/2019\\\/12\\\/5-de-diciembre-dia-internacional-del-voluntariado-5\\\/\"]}]},{\"@type\":\"ImageObject\",\"inLanguage\":\"ca\",\"@id\":\"https:\\\/\\\/www.itakaescolapios.org\\\/ca\\\/2019\\\/12\\\/5-de-diciembre-dia-internacional-del-voluntariado-5\\\/#primaryimage\",\"url\":\"https:\\\/\\\/www.itakaescolapios.org\\\/wp-content\\\/uploads\\\/2019\\\/12\\\/5-DE-DICIMEBRE-ESP.jpeg\",\"contentUrl\":\"https:\\\/\\\/www.itakaescolapios.org\\\/wp-content\\\/uploads\\\/2019\\\/12\\\/5-DE-DICIMEBRE-ESP.jpeg\",\"width\":2000,\"height\":740},{\"@type\":\"BreadcrumbList\",\"@id\":\"https:\\\/\\\/www.itakaescolapios.org\\\/ca\\\/2019\\\/12\\\/5-de-diciembre-dia-internacional-del-voluntariado-5\\\/#breadcrumb\",\"itemListElement\":[{\"@type\":\"ListItem\",\"position\":1,\"name\":\"Itaka-Escolapios\",\"item\":\"https:\\\/\\\/www.itakaescolapios.org\\\/es\\\/\"},{\"@type\":\"ListItem\",\"position\":2,\"name\":\"5 de diciembre, D\u00eda Internacional del Voluntariado\"}]},{\"@type\":\"WebSite\",\"@id\":\"https:\\\/\\\/www.itakaescolapios.org\\\/ca\\\/es\\\/#website\",\"url\":\"https:\\\/\\\/www.itakaescolapios.org\\\/ca\\\/es\\\/\",\"name\":\"Itaka-Escolapios\",\"description\":\"Red de Itaka-Escolapios\",\"publisher\":{\"@id\":\"https:\\\/\\\/www.itakaescolapios.org\\\/ca\\\/es\\\/#organization\"},\"potentialAction\":[{\"@type\":\"SearchAction\",\"target\":{\"@type\":\"EntryPoint\",\"urlTemplate\":\"https:\\\/\\\/www.itakaescolapios.org\\\/ca\\\/es\\\/?s={search_term_string}\"},\"query-input\":{\"@type\":\"PropertyValueSpecification\",\"valueRequired\":true,\"valueName\":\"search_term_string\"}}],\"inLanguage\":\"ca\"},{\"@type\":\"Organization\",\"@id\":\"https:\\\/\\\/www.itakaescolapios.org\\\/ca\\\/es\\\/#organization\",\"name\":\"Fundaci\u00f3 Itaka-Escolapios\",\"url\":\"https:\\\/\\\/www.itakaescolapios.org\\\/ca\\\/es\\\/\",\"logo\":{\"@type\":\"ImageObject\",\"inLanguage\":\"ca\",\"@id\":\"https:\\\/\\\/www.itakaescolapios.org\\\/ca\\\/es\\\/#\\\/schema\\\/logo\\\/image\\\/\",\"url\":\"https:\\\/\\\/www.itakaescolapios.org\\\/wp-content\\\/uploads\\\/2024\\\/04\\\/Logo-itakaescolapios-peque.png\",\"contentUrl\":\"https:\\\/\\\/www.itakaescolapios.org\\\/wp-content\\\/uploads\\\/2024\\\/04\\\/Logo-itakaescolapios-peque.png\",\"width\":500,\"height\":199,\"caption\":\"Fundaci\u00f3 Itaka-Escolapios\"},\"image\":{\"@id\":\"https:\\\/\\\/www.itakaescolapios.org\\\/ca\\\/es\\\/#\\\/schema\\\/logo\\\/image\\\/\"}},{\"@type\":\"Person\",\"@id\":\"https:\\\/\\\/www.itakaescolapios.org\\\/es\\\/#\\\/schema\\\/person\\\/768ce0f19db5c2c2b6361e77e15db2db\",\"name\":\"itakaescolapios\",\"url\":\"https:\\\/\\\/www.itakaescolapios.org\\\/ca\\\/author\\\/itakaescolapios\\\/\"}]}<\/script>\n<!-- \/ Yoast SEO plugin. -->","yoast_head_json":{"title":"5 de diciembre, D\u00eda Internacional del Voluntariado","description":"Con motivo de la celebraci\u00f3n hoy, 5 de diciembre, del D\u00eda Internacional del Voluntariado, queremos reconocer y agradecer profundamente la labor de todas las personas voluntarias que a trav\u00e9s de su compromiso con Itaka-Escolapios hacen posible un mundo mejor, con m\u00e1s justicia y solidaridad. \u00a1Gracias! &nbsp;","robots":{"index":"index","follow":"follow","max-snippet":"max-snippet:-1","max-image-preview":"max-image-preview:large","max-video-preview":"max-video-preview:-1"},"canonical":"Con motivo de la celebraci\u00f3n hoy, 5 de diciembre, del D\u00eda Internacional del Voluntariado, queremos reconocer y agradecer profundamente la labor de todas las personas voluntarias que a trav\u00e9s de su compromiso con Itaka-Escolapios hacen posible un mundo mejor, con m\u00e1s justicia y solidaridad. \u00a1Gracias! &nbsp;","og_locale":"ca_ES","og_type":"article","og_title":"5 de diciembre, D\u00eda Internacional del Voluntariado","og_description":"Con motivo de la celebraci\u00f3n hoy, 5 de diciembre, del D\u00eda Internacional del Voluntariado, queremos reconocer y agradecer profundamente la labor de todas las personas voluntarias que a trav\u00e9s de su compromiso con Itaka-Escolapios hacen posible un mundo mejor, con m\u00e1s justicia y solidaridad. \u00a1Gracias! &nbsp;","og_url":"https:\/\/www.itakaescolapios.org\/ca\/2019\/12\/5-de-diciembre-dia-internacional-del-voluntariado-5\/","og_site_name":"Itaka-Escolapios","article_published_time":"2019-12-05T08:16:42+00:00","article_modified_time":"2023-11-28T11:36:35+00:00","og_image":[{"width":2000,"height":740,"url":"https:\/\/www.itakaescolapios.org\/wp-content\/uploads\/2019\/12\/5-DE-DICIMEBRE-ESP.jpeg","type":"image\/jpeg"}],"author":"itakaescolapios","twitter_card":"summary_large_image","twitter_misc":{"Escrit per":"itakaescolapios"},"schema":{"@context":"https:\/\/schema.org","@graph":[{"@type":"Article","@id":"https:\/\/www.itakaescolapios.org\/ca\/2019\/12\/5-de-diciembre-dia-internacional-del-voluntariado-5\/#article","isPartOf":{"@id":"https:\/\/www.itakaescolapios.org\/ca\/2019\/12\/5-de-diciembre-dia-internacional-del-voluntariado-5\/"},"author":{"name":"itakaescolapios","@id":"https:\/\/www.itakaescolapios.org\/es\/#\/schema\/person\/768ce0f19db5c2c2b6361e77e15db2db"},"headline":"5 de diciembre, D\u00eda Internacional del Voluntariado","datePublished":"2019-12-05T08:16:42+00:00","dateModified":"2023-11-28T11:36:35+00:00","mainEntityOfPage":{"@id":"https:\/\/www.itakaescolapios.org\/ca\/2019\/12\/5-de-diciembre-dia-internacional-del-voluntariado-5\/"},"wordCount":56,"publisher":{"@id":"https:\/\/www.itakaescolapios.org\/es\/#organization"},"image":{"@id":"https:\/\/www.itakaescolapios.org\/ca\/2019\/12\/5-de-diciembre-dia-internacional-del-voluntariado-5\/#primaryimage"},"thumbnailUrl":"https:\/\/www.itakaescolapios.org\/wp-content\/uploads\/2019\/12\/5-DE-DICIMEBRE-ESP.jpeg","articleSection":["Itaka Escolapios"],"inLanguage":"ca"},{"@type":"WebPage","@id":"https:\/\/www.itakaescolapios.org\/ca\/2019\/12\/5-de-diciembre-dia-internacional-del-voluntariado-5\/","url":"https:\/\/www.itakaescolapios.org\/ca\/2019\/12\/5-de-diciembre-dia-internacional-del-voluntariado-5\/","name":"5 de diciembre, D\u00eda Internacional del Voluntariado - Itaka-Escolapios","isPartOf":{"@id":"https:\/\/www.itakaescolapios.org\/es\/#website"},"primaryImageOfPage":{"@id":"https:\/\/www.itakaescolapios.org\/ca\/2019\/12\/5-de-diciembre-dia-internacional-del-voluntariado-5\/#primaryimage"},"image":{"@id":"https:\/\/www.itakaescolapios.org\/ca\/2019\/12\/5-de-diciembre-dia-internacional-del-voluntariado-5\/#primaryimage"},"thumbnailUrl":"https:\/\/www.itakaescolapios.org\/wp-content\/uploads\/2019\/12\/5-DE-DICIMEBRE-ESP.jpeg","datePublished":"2019-12-05T08:16:42+00:00","dateModified":"2023-11-28T11:36:35+00:00","breadcrumb":{"@id":"https:\/\/www.itakaescolapios.org\/ca\/2019\/12\/5-de-diciembre-dia-internacional-del-voluntariado-5\/#breadcrumb"},"inLanguage":"ca","potentialAction":[{"@type":"ReadAction","target":["https:\/\/www.itakaescolapios.org\/ca\/2019\/12\/5-de-diciembre-dia-internacional-del-voluntariado-5\/"]}]},{"@type":"ImageObject","inLanguage":"ca","@id":"https:\/\/www.itakaescolapios.org\/ca\/2019\/12\/5-de-diciembre-dia-internacional-del-voluntariado-5\/#primaryimage","url":"https:\/\/www.itakaescolapios.org\/wp-content\/uploads\/2019\/12\/5-DE-DICIMEBRE-ESP.jpeg","contentUrl":"https:\/\/www.itakaescolapios.org\/wp-content\/uploads\/2019\/12\/5-DE-DICIMEBRE-ESP.jpeg","width":2000,"height":740},{"@type":"BreadcrumbList","@id":"https:\/\/www.itakaescolapios.org\/ca\/2019\/12\/5-de-diciembre-dia-internacional-del-voluntariado-5\/#breadcrumb","itemListElement":[{"@type":"ListItem","position":1,"name":"Itaka-Escolapios","item":"https:\/\/www.itakaescolapios.org\/es\/"},{"@type":"ListItem","position":2,"name":"5 de diciembre, D\u00eda Internacional del Voluntariado"}]},{"@type":"WebSite","@id":"https:\/\/www.itakaescolapios.org\/ca\/es\/#website","url":"https:\/\/www.itakaescolapios.org\/ca\/es\/","name":"Itaka-Escolapios","description":"Red de Itaka-Escolapios","publisher":{"@id":"https:\/\/www.itakaescolapios.org\/ca\/es\/#organization"},"potentialAction":[{"@type":"SearchAction","target":{"@type":"EntryPoint","urlTemplate":"https:\/\/www.itakaescolapios.org\/ca\/es\/?s={search_term_string}"},"query-input":{"@type":"PropertyValueSpecification","valueRequired":true,"valueName":"search_term_string"}}],"inLanguage":"ca"},{"@type":"Organization","@id":"https:\/\/www.itakaescolapios.org\/ca\/es\/#organization","name":"Fundaci\u00f3 Itaka-Escolapios","url":"https:\/\/www.itakaescolapios.org\/ca\/es\/","logo":{"@type":"ImageObject","inLanguage":"ca","@id":"https:\/\/www.itakaescolapios.org\/ca\/es\/#\/schema\/logo\/image\/","url":"https:\/\/www.itakaescolapios.org\/wp-content\/uploads\/2024\/04\/Logo-itakaescolapios-peque.png","contentUrl":"https:\/\/www.itakaescolapios.org\/wp-content\/uploads\/2024\/04\/Logo-itakaescolapios-peque.png","width":500,"height":199,"caption":"Fundaci\u00f3 Itaka-Escolapios"},"image":{"@id":"https:\/\/www.itakaescolapios.org\/ca\/es\/#\/schema\/logo\/image\/"}},{"@type":"Person","@id":"https:\/\/www.itakaescolapios.org\/es\/#\/schema\/person\/768ce0f19db5c2c2b6361e77e15db2db","name":"itakaescolapios","url":"https:\/\/www.itakaescolapios.org\/ca\/author\/itakaescolapios\/"}]}},"_links":{"self":[{"href":"https:\/\/www.itakaescolapios.org\/ca\/wp-json\/wp\/v2\/posts\/29415","targetHints":{"allow":["GET"]}}],"collection":[{"href":"https:\/\/www.itakaescolapios.org\/ca\/wp-json\/wp\/v2\/posts"}],"about":[{"href":"https:\/\/www.itakaescolapios.org\/ca\/wp-json\/wp\/v2\/types\/post"}],"author":[{"embeddable":true,"href":"https:\/\/www.itakaescolapios.org\/ca\/wp-json\/wp\/v2\/users\/46"}],"replies":[{"embeddable":true,"href":"https:\/\/www.itakaescolapios.org\/ca\/wp-json\/wp\/v2\/comments?post=29415"}],"version-history":[{"count":4,"href":"https:\/\/www.itakaescolapios.org\/ca\/wp-json\/wp\/v2\/posts\/29415\/revisions"}],"predecessor-version":[{"id":45266,"href":"https:\/\/www.itakaescolapios.org\/ca\/wp-json\/wp\/v2\/posts\/29415\/revisions\/45266"}],"wp:featuredmedia":[{"embeddable":true,"href":"https:\/\/www.itakaescolapios.org\/ca\/wp-json\/wp\/v2\/media\/29416"}],"wp:attachment":[{"href":"https:\/\/www.itakaescolapios.org\/ca\/wp-json\/wp\/v2\/media?parent=29415"}],"wp:term":[{"taxonomy":"category","embeddable":true,"href":"https:\/\/www.itakaescolapios.org\/ca\/wp-json\/wp\/v2\/categories?post=29415"},{"taxonomy":"post_tag","embeddable":true,"href":"https:\/\/www.itakaescolapios.org\/ca\/wp-json\/wp\/v2\/tags?post=29415"}],"curies":[{"name":"wp","href":"https:\/\/api.w.org\/{rel}","templated":true}]}}