{"id":30341,"date":"2020-03-27T09:22:48","date_gmt":"2020-03-27T08:22:48","guid":{"rendered":"https:\/\/www.itakaescolapios.org\/?p=30341"},"modified":"2023-11-28T12:36:25","modified_gmt":"2023-11-28T11:36:25","slug":"nuestra-campana-de-solidaridad-con-dificultades-2","status":"publish","type":"post","link":"https:\/\/www.itakaescolapios.org\/ca\/2020\/03\/nuestra-campana-de-solidaridad-con-dificultades-2\/","title":{"rendered":"CAMPA\u00d1A DE SOLIDARIDAD ESCOLAPIA NO SUSPENDER \u00bfAPLAZAR?"},"content":{"rendered":"<p>La campa\u00f1a de solidaridad es una actividad clave para la red Itaka-Escolapios, que necesitamos intentar salvaguardar para que pueda realizarse en todos los lugares, aunque sea replanteando sus tiempos. Proponemos NO SUSPENDER, SINO EN CASO NECESARIO APLAZAR, la campa\u00f1a de solidaridad escolapia \u201cCompartiendo mucha vida\u201d#juventuditakaescolapios, a una fecha que resulte m\u00e1s conveniente seg\u00fan las circunstancias en cada lugar, para realizar en condiciones sus objetivos de sensibilizaci\u00f3n y recaudaci\u00f3n econ\u00f3mica.<\/p>\n\n\t\t<style type=\"text\/css\">\n\t\t\t#gallery-1 {\n\t\t\t\tmargin: auto;\n\t\t\t}\n\t\t\t#gallery-1 .gallery-item {\n\t\t\t\tfloat: left;\n\t\t\t\tmargin-top: 10px;\n\t\t\t\ttext-align: center;\n\t\t\t\twidth: 33%;\n\t\t\t}\n\t\t\t#gallery-1 img {\n\t\t\t\tborder: 2px solid #cfcfcf;\n\t\t\t}\n\t\t\t#gallery-1 .gallery-caption {\n\t\t\t\tmargin-left: 0;\n\t\t\t}\n\t\t\t\/* see gallery_shortcode() in wp-includes\/media.php *\/\n\t\t<\/style>\n\t\t<div id='gallery-1' class='gallery galleryid-30341 gallery-columns-3 gallery-size-thumbnail'><dl class='gallery-item'>\n\t\t\t<dt class='gallery-icon portrait'>\n\t\t\t\t<a href='https:\/\/www.itakaescolapios.org\/ca\/2020\/03\/nuestra-campana-de-solidaridad-con-dificultades-2\/cartel-itaka-c1920-_01-esp-2\/'><img decoding=\"async\" width=\"90\" height=\"90\" src=\"https:\/\/www.itakaescolapios.org\/wp-content\/uploads\/2020\/03\/CARTEL-ITAKA-C1920-_01-ESP-90x90.jpg\" class=\"attachment-thumbnail size-thumbnail\" alt=\"\" \/><\/a>\n\t\t\t<\/dt><\/dl>\n\t\t\t<br style='clear: both' \/>\n\t\t<\/div>\n\n","protected":false},"excerpt":{"rendered":"<p>La campa\u00f1a de solidaridad es una actividad clave para la red Itaka-Escolapios, que necesitamos intentar salvaguardar para que pueda realizarse en todos los lugares, aunque sea replanteando sus tiempos. Proponemos [&hellip;]<\/p>\n","protected":false},"author":4,"featured_media":30342,"comment_status":"closed","ping_status":"closed","sticky":false,"template":"","format":"standard","meta":{"_et_pb_use_builder":"","_et_pb_old_content":"","_et_gb_content_width":"","footnotes":""},"categories":[30],"tags":[],"class_list":["post-30341","post","type-post","status-publish","format-standard","has-post-thumbnail","hentry","category-itaka-escolapios"],"yoast_head":"<!-- This site is optimized with the Yoast SEO plugin v27.4 - https:\/\/yoast.com\/product\/yoast-seo-wordpress\/ -->\n<title>CAMPA\u00d1A DE SOLIDARIDAD ESCOLAPIA NO SUSPENDER \u00bfAPLAZAR?<\/title>\n<meta name=\"description\" content=\"La campa\u00f1a de solidaridad es una actividad clave para la red Itaka-Escolapios, que necesitamos intentar salvaguardar para que pueda realizarse en todos los lugares, aunque sea replanteando sus tiempos. Proponemos NO SUSPENDER, SINO EN CASO NECESARIO APLAZAR, la campa\u00f1a de solidaridad escolapia \u201cCompartiendo mucha vida\u201d#juventuditakaescolapios, a una fecha que resulte m\u00e1s conveniente seg\u00fan las circunstancias&hellip;\" \/>\n<meta name=\"robots\" content=\"index, follow, max-snippet:-1, max-image-preview:large, max-video-preview:-1\" \/>\n<link rel=\"canonical\" href=\"http:\/\/La%20campa\u00f1a%20de%20solidaridad%20es%20una%20actividad%20clave%20para%20la%20red%20Itaka-Escolapios,%20que%20necesitamos%20intentar%20salvaguardar%20para%20que%20pueda%20realizarse%20en%20todos%20los%20lugares,%20aunque%20sea%20replanteando%20sus%20tiempos.%20Proponemos%20NO%20SUSPENDER,%20SINO%20EN%20CASO%20NECESARIO%20APLAZAR,%20la%20campa\u00f1a%20de%20solidaridad%20escolapia%20\u201cCompartiendo%20mucha%20vida\u201d#juventuditakaescolapios,%20a%20una%20fecha%20que%20resulte%20m\u00e1s%20conveniente%20seg\u00fan%20las%20circunstancias&hellip;\" \/>\n<meta property=\"og:locale\" content=\"ca_ES\" \/>\n<meta property=\"og:type\" content=\"article\" \/>\n<meta property=\"og:title\" content=\"CAMPA\u00d1A DE SOLIDARIDAD ESCOLAPIA NO SUSPENDER \u00bfAPLAZAR?\" \/>\n<meta property=\"og:description\" content=\"La campa\u00f1a de solidaridad es una actividad clave para la red Itaka-Escolapios, que necesitamos intentar salvaguardar para que pueda realizarse en todos los lugares, aunque sea replanteando sus tiempos. Proponemos NO SUSPENDER, SINO EN CASO NECESARIO APLAZAR, la campa\u00f1a de solidaridad escolapia \u201cCompartiendo mucha vida\u201d#juventuditakaescolapios, a una fecha que resulte m\u00e1s conveniente seg\u00fan las circunstancias&hellip;\" \/>\n<meta property=\"og:url\" content=\"https:\/\/www.itakaescolapios.org\/ca\/2020\/03\/nuestra-campana-de-solidaridad-con-dificultades-2\/\" \/>\n<meta property=\"og:site_name\" content=\"Itaka-Escolapios\" \/>\n<meta property=\"article:published_time\" content=\"2020-03-27T08:22:48+00:00\" \/>\n<meta property=\"article:modified_time\" content=\"2023-11-28T11:36:25+00:00\" \/>\n<meta property=\"og:image\" content=\"https:\/\/www.itakaescolapios.org\/wp-content\/uploads\/2020\/03\/BANNER-WEB.jpg\" \/>\n\t<meta property=\"og:image:width\" content=\"1103\" \/>\n\t<meta property=\"og:image:height\" content=\"654\" \/>\n\t<meta property=\"og:image:type\" content=\"image\/jpeg\" \/>\n<meta name=\"author\" content=\"itaka\" \/>\n<meta name=\"twitter:card\" content=\"summary_large_image\" \/>\n<meta name=\"twitter:label1\" content=\"Escrit per\" \/>\n\t<meta name=\"twitter:data1\" content=\"itaka\" \/>\n<script type=\"application\/ld+json\" class=\"yoast-schema-graph\">{\"@context\":\"https:\\\/\\\/schema.org\",\"@graph\":[{\"@type\":\"Article\",\"@id\":\"https:\\\/\\\/www.itakaescolapios.org\\\/ca\\\/2020\\\/03\\\/nuestra-campana-de-solidaridad-con-dificultades-2\\\/#article\",\"isPartOf\":{\"@id\":\"https:\\\/\\\/www.itakaescolapios.org\\\/ca\\\/2020\\\/03\\\/nuestra-campana-de-solidaridad-con-dificultades-2\\\/\"},\"author\":{\"name\":\"itaka\",\"@id\":\"https:\\\/\\\/www.itakaescolapios.org\\\/es\\\/#\\\/schema\\\/person\\\/670123daeb1cc31cae1b106740036ccb\"},\"headline\":\"CAMPA\u00d1A DE SOLIDARIDAD ESCOLAPIA NO SUSPENDER \u00bfAPLAZAR?\",\"datePublished\":\"2020-03-27T08:22:48+00:00\",\"dateModified\":\"2023-11-28T11:36:25+00:00\",\"mainEntityOfPage\":{\"@id\":\"https:\\\/\\\/www.itakaescolapios.org\\\/ca\\\/2020\\\/03\\\/nuestra-campana-de-solidaridad-con-dificultades-2\\\/\"},\"wordCount\":87,\"publisher\":{\"@id\":\"https:\\\/\\\/www.itakaescolapios.org\\\/es\\\/#organization\"},\"image\":{\"@id\":\"https:\\\/\\\/www.itakaescolapios.org\\\/ca\\\/2020\\\/03\\\/nuestra-campana-de-solidaridad-con-dificultades-2\\\/#primaryimage\"},\"thumbnailUrl\":\"https:\\\/\\\/www.itakaescolapios.org\\\/wp-content\\\/uploads\\\/2020\\\/03\\\/BANNER-WEB.jpg\",\"articleSection\":[\"Itaka Escolapios\"],\"inLanguage\":\"ca\"},{\"@type\":\"WebPage\",\"@id\":\"https:\\\/\\\/www.itakaescolapios.org\\\/ca\\\/2020\\\/03\\\/nuestra-campana-de-solidaridad-con-dificultades-2\\\/\",\"url\":\"https:\\\/\\\/www.itakaescolapios.org\\\/ca\\\/2020\\\/03\\\/nuestra-campana-de-solidaridad-con-dificultades-2\\\/\",\"name\":\"CAMPA\u00d1A DE SOLIDARIDAD ESCOLAPIA NO SUSPENDER \u00bfAPLAZAR? - Itaka-Escolapios\",\"isPartOf\":{\"@id\":\"https:\\\/\\\/www.itakaescolapios.org\\\/es\\\/#website\"},\"primaryImageOfPage\":{\"@id\":\"https:\\\/\\\/www.itakaescolapios.org\\\/ca\\\/2020\\\/03\\\/nuestra-campana-de-solidaridad-con-dificultades-2\\\/#primaryimage\"},\"image\":{\"@id\":\"https:\\\/\\\/www.itakaescolapios.org\\\/ca\\\/2020\\\/03\\\/nuestra-campana-de-solidaridad-con-dificultades-2\\\/#primaryimage\"},\"thumbnailUrl\":\"https:\\\/\\\/www.itakaescolapios.org\\\/wp-content\\\/uploads\\\/2020\\\/03\\\/BANNER-WEB.jpg\",\"datePublished\":\"2020-03-27T08:22:48+00:00\",\"dateModified\":\"2023-11-28T11:36:25+00:00\",\"breadcrumb\":{\"@id\":\"https:\\\/\\\/www.itakaescolapios.org\\\/ca\\\/2020\\\/03\\\/nuestra-campana-de-solidaridad-con-dificultades-2\\\/#breadcrumb\"},\"inLanguage\":\"ca\",\"potentialAction\":[{\"@type\":\"ReadAction\",\"target\":[\"https:\\\/\\\/www.itakaescolapios.org\\\/ca\\\/2020\\\/03\\\/nuestra-campana-de-solidaridad-con-dificultades-2\\\/\"]}]},{\"@type\":\"ImageObject\",\"inLanguage\":\"ca\",\"@id\":\"https:\\\/\\\/www.itakaescolapios.org\\\/ca\\\/2020\\\/03\\\/nuestra-campana-de-solidaridad-con-dificultades-2\\\/#primaryimage\",\"url\":\"https:\\\/\\\/www.itakaescolapios.org\\\/wp-content\\\/uploads\\\/2020\\\/03\\\/BANNER-WEB.jpg\",\"contentUrl\":\"https:\\\/\\\/www.itakaescolapios.org\\\/wp-content\\\/uploads\\\/2020\\\/03\\\/BANNER-WEB.jpg\",\"width\":1103,\"height\":654},{\"@type\":\"BreadcrumbList\",\"@id\":\"https:\\\/\\\/www.itakaescolapios.org\\\/ca\\\/2020\\\/03\\\/nuestra-campana-de-solidaridad-con-dificultades-2\\\/#breadcrumb\",\"itemListElement\":[{\"@type\":\"ListItem\",\"position\":1,\"name\":\"Itaka-Escolapios\",\"item\":\"https:\\\/\\\/www.itakaescolapios.org\\\/es\\\/\"},{\"@type\":\"ListItem\",\"position\":2,\"name\":\"CAMPA\u00d1A DE SOLIDARIDAD ESCOLAPIA NO SUSPENDER \u00bfAPLAZAR?\"}]},{\"@type\":\"WebSite\",\"@id\":\"https:\\\/\\\/www.itakaescolapios.org\\\/ca\\\/es\\\/#website\",\"url\":\"https:\\\/\\\/www.itakaescolapios.org\\\/ca\\\/es\\\/\",\"name\":\"Itaka-Escolapios\",\"description\":\"Red de Itaka-Escolapios\",\"publisher\":{\"@id\":\"https:\\\/\\\/www.itakaescolapios.org\\\/ca\\\/es\\\/#organization\"},\"potentialAction\":[{\"@type\":\"SearchAction\",\"target\":{\"@type\":\"EntryPoint\",\"urlTemplate\":\"https:\\\/\\\/www.itakaescolapios.org\\\/ca\\\/es\\\/?s={search_term_string}\"},\"query-input\":{\"@type\":\"PropertyValueSpecification\",\"valueRequired\":true,\"valueName\":\"search_term_string\"}}],\"inLanguage\":\"ca\"},{\"@type\":\"Organization\",\"@id\":\"https:\\\/\\\/www.itakaescolapios.org\\\/ca\\\/es\\\/#organization\",\"name\":\"Fundaci\u00f3 Itaka-Escolapios\",\"url\":\"https:\\\/\\\/www.itakaescolapios.org\\\/ca\\\/es\\\/\",\"logo\":{\"@type\":\"ImageObject\",\"inLanguage\":\"ca\",\"@id\":\"https:\\\/\\\/www.itakaescolapios.org\\\/ca\\\/es\\\/#\\\/schema\\\/logo\\\/image\\\/\",\"url\":\"https:\\\/\\\/www.itakaescolapios.org\\\/wp-content\\\/uploads\\\/2024\\\/04\\\/Logo-itakaescolapios-peque.png\",\"contentUrl\":\"https:\\\/\\\/www.itakaescolapios.org\\\/wp-content\\\/uploads\\\/2024\\\/04\\\/Logo-itakaescolapios-peque.png\",\"width\":500,\"height\":199,\"caption\":\"Fundaci\u00f3 Itaka-Escolapios\"},\"image\":{\"@id\":\"https:\\\/\\\/www.itakaescolapios.org\\\/ca\\\/es\\\/#\\\/schema\\\/logo\\\/image\\\/\"}},{\"@type\":\"Person\",\"@id\":\"https:\\\/\\\/www.itakaescolapios.org\\\/es\\\/#\\\/schema\\\/person\\\/670123daeb1cc31cae1b106740036ccb\",\"name\":\"itaka\",\"url\":\"https:\\\/\\\/www.itakaescolapios.org\\\/ca\\\/author\\\/itaka\\\/\"}]}<\/script>\n<!-- \/ Yoast SEO plugin. -->","yoast_head_json":{"title":"CAMPA\u00d1A DE SOLIDARIDAD ESCOLAPIA NO SUSPENDER \u00bfAPLAZAR?","description":"La campa\u00f1a de solidaridad es una actividad clave para la red Itaka-Escolapios, que necesitamos intentar salvaguardar para que pueda realizarse en todos los lugares, aunque sea replanteando sus tiempos. Proponemos NO SUSPENDER, SINO EN CASO NECESARIO APLAZAR, la campa\u00f1a de solidaridad escolapia \u201cCompartiendo mucha vida\u201d#juventuditakaescolapios, a una fecha que resulte m\u00e1s conveniente seg\u00fan las circunstancias&hellip;","robots":{"index":"index","follow":"follow","max-snippet":"max-snippet:-1","max-image-preview":"max-image-preview:large","max-video-preview":"max-video-preview:-1"},"canonical":"La campa\u00f1a de solidaridad es una actividad clave para la red Itaka-Escolapios, que necesitamos intentar salvaguardar para que pueda realizarse en todos los lugares, aunque sea replanteando sus tiempos. Proponemos NO SUSPENDER, SINO EN CASO NECESARIO APLAZAR, la campa\u00f1a de solidaridad escolapia \u201cCompartiendo mucha vida\u201d#juventuditakaescolapios, a una fecha que resulte m\u00e1s conveniente seg\u00fan las circunstancias&hellip;","og_locale":"ca_ES","og_type":"article","og_title":"CAMPA\u00d1A DE SOLIDARIDAD ESCOLAPIA NO SUSPENDER \u00bfAPLAZAR?","og_description":"La campa\u00f1a de solidaridad es una actividad clave para la red Itaka-Escolapios, que necesitamos intentar salvaguardar para que pueda realizarse en todos los lugares, aunque sea replanteando sus tiempos. Proponemos NO SUSPENDER, SINO EN CASO NECESARIO APLAZAR, la campa\u00f1a de solidaridad escolapia \u201cCompartiendo mucha vida\u201d#juventuditakaescolapios, a una fecha que resulte m\u00e1s conveniente seg\u00fan las circunstancias&hellip;","og_url":"https:\/\/www.itakaescolapios.org\/ca\/2020\/03\/nuestra-campana-de-solidaridad-con-dificultades-2\/","og_site_name":"Itaka-Escolapios","article_published_time":"2020-03-27T08:22:48+00:00","article_modified_time":"2023-11-28T11:36:25+00:00","og_image":[{"width":1103,"height":654,"url":"https:\/\/www.itakaescolapios.org\/wp-content\/uploads\/2020\/03\/BANNER-WEB.jpg","type":"image\/jpeg"}],"author":"itaka","twitter_card":"summary_large_image","twitter_misc":{"Escrit per":"itaka"},"schema":{"@context":"https:\/\/schema.org","@graph":[{"@type":"Article","@id":"https:\/\/www.itakaescolapios.org\/ca\/2020\/03\/nuestra-campana-de-solidaridad-con-dificultades-2\/#article","isPartOf":{"@id":"https:\/\/www.itakaescolapios.org\/ca\/2020\/03\/nuestra-campana-de-solidaridad-con-dificultades-2\/"},"author":{"name":"itaka","@id":"https:\/\/www.itakaescolapios.org\/es\/#\/schema\/person\/670123daeb1cc31cae1b106740036ccb"},"headline":"CAMPA\u00d1A DE SOLIDARIDAD ESCOLAPIA NO SUSPENDER \u00bfAPLAZAR?","datePublished":"2020-03-27T08:22:48+00:00","dateModified":"2023-11-28T11:36:25+00:00","mainEntityOfPage":{"@id":"https:\/\/www.itakaescolapios.org\/ca\/2020\/03\/nuestra-campana-de-solidaridad-con-dificultades-2\/"},"wordCount":87,"publisher":{"@id":"https:\/\/www.itakaescolapios.org\/es\/#organization"},"image":{"@id":"https:\/\/www.itakaescolapios.org\/ca\/2020\/03\/nuestra-campana-de-solidaridad-con-dificultades-2\/#primaryimage"},"thumbnailUrl":"https:\/\/www.itakaescolapios.org\/wp-content\/uploads\/2020\/03\/BANNER-WEB.jpg","articleSection":["Itaka Escolapios"],"inLanguage":"ca"},{"@type":"WebPage","@id":"https:\/\/www.itakaescolapios.org\/ca\/2020\/03\/nuestra-campana-de-solidaridad-con-dificultades-2\/","url":"https:\/\/www.itakaescolapios.org\/ca\/2020\/03\/nuestra-campana-de-solidaridad-con-dificultades-2\/","name":"CAMPA\u00d1A DE SOLIDARIDAD ESCOLAPIA NO SUSPENDER \u00bfAPLAZAR? - Itaka-Escolapios","isPartOf":{"@id":"https:\/\/www.itakaescolapios.org\/es\/#website"},"primaryImageOfPage":{"@id":"https:\/\/www.itakaescolapios.org\/ca\/2020\/03\/nuestra-campana-de-solidaridad-con-dificultades-2\/#primaryimage"},"image":{"@id":"https:\/\/www.itakaescolapios.org\/ca\/2020\/03\/nuestra-campana-de-solidaridad-con-dificultades-2\/#primaryimage"},"thumbnailUrl":"https:\/\/www.itakaescolapios.org\/wp-content\/uploads\/2020\/03\/BANNER-WEB.jpg","datePublished":"2020-03-27T08:22:48+00:00","dateModified":"2023-11-28T11:36:25+00:00","breadcrumb":{"@id":"https:\/\/www.itakaescolapios.org\/ca\/2020\/03\/nuestra-campana-de-solidaridad-con-dificultades-2\/#breadcrumb"},"inLanguage":"ca","potentialAction":[{"@type":"ReadAction","target":["https:\/\/www.itakaescolapios.org\/ca\/2020\/03\/nuestra-campana-de-solidaridad-con-dificultades-2\/"]}]},{"@type":"ImageObject","inLanguage":"ca","@id":"https:\/\/www.itakaescolapios.org\/ca\/2020\/03\/nuestra-campana-de-solidaridad-con-dificultades-2\/#primaryimage","url":"https:\/\/www.itakaescolapios.org\/wp-content\/uploads\/2020\/03\/BANNER-WEB.jpg","contentUrl":"https:\/\/www.itakaescolapios.org\/wp-content\/uploads\/2020\/03\/BANNER-WEB.jpg","width":1103,"height":654},{"@type":"BreadcrumbList","@id":"https:\/\/www.itakaescolapios.org\/ca\/2020\/03\/nuestra-campana-de-solidaridad-con-dificultades-2\/#breadcrumb","itemListElement":[{"@type":"ListItem","position":1,"name":"Itaka-Escolapios","item":"https:\/\/www.itakaescolapios.org\/es\/"},{"@type":"ListItem","position":2,"name":"CAMPA\u00d1A DE SOLIDARIDAD ESCOLAPIA NO SUSPENDER \u00bfAPLAZAR?"}]},{"@type":"WebSite","@id":"https:\/\/www.itakaescolapios.org\/ca\/es\/#website","url":"https:\/\/www.itakaescolapios.org\/ca\/es\/","name":"Itaka-Escolapios","description":"Red de Itaka-Escolapios","publisher":{"@id":"https:\/\/www.itakaescolapios.org\/ca\/es\/#organization"},"potentialAction":[{"@type":"SearchAction","target":{"@type":"EntryPoint","urlTemplate":"https:\/\/www.itakaescolapios.org\/ca\/es\/?s={search_term_string}"},"query-input":{"@type":"PropertyValueSpecification","valueRequired":true,"valueName":"search_term_string"}}],"inLanguage":"ca"},{"@type":"Organization","@id":"https:\/\/www.itakaescolapios.org\/ca\/es\/#organization","name":"Fundaci\u00f3 Itaka-Escolapios","url":"https:\/\/www.itakaescolapios.org\/ca\/es\/","logo":{"@type":"ImageObject","inLanguage":"ca","@id":"https:\/\/www.itakaescolapios.org\/ca\/es\/#\/schema\/logo\/image\/","url":"https:\/\/www.itakaescolapios.org\/wp-content\/uploads\/2024\/04\/Logo-itakaescolapios-peque.png","contentUrl":"https:\/\/www.itakaescolapios.org\/wp-content\/uploads\/2024\/04\/Logo-itakaescolapios-peque.png","width":500,"height":199,"caption":"Fundaci\u00f3 Itaka-Escolapios"},"image":{"@id":"https:\/\/www.itakaescolapios.org\/ca\/es\/#\/schema\/logo\/image\/"}},{"@type":"Person","@id":"https:\/\/www.itakaescolapios.org\/es\/#\/schema\/person\/670123daeb1cc31cae1b106740036ccb","name":"itaka","url":"https:\/\/www.itakaescolapios.org\/ca\/author\/itaka\/"}]}},"_links":{"self":[{"href":"https:\/\/www.itakaescolapios.org\/ca\/wp-json\/wp\/v2\/posts\/30341","targetHints":{"allow":["GET"]}}],"collection":[{"href":"https:\/\/www.itakaescolapios.org\/ca\/wp-json\/wp\/v2\/posts"}],"about":[{"href":"https:\/\/www.itakaescolapios.org\/ca\/wp-json\/wp\/v2\/types\/post"}],"author":[{"embeddable":true,"href":"https:\/\/www.itakaescolapios.org\/ca\/wp-json\/wp\/v2\/users\/4"}],"replies":[{"embeddable":true,"href":"https:\/\/www.itakaescolapios.org\/ca\/wp-json\/wp\/v2\/comments?post=30341"}],"version-history":[{"count":4,"href":"https:\/\/www.itakaescolapios.org\/ca\/wp-json\/wp\/v2\/posts\/30341\/revisions"}],"predecessor-version":[{"id":44976,"href":"https:\/\/www.itakaescolapios.org\/ca\/wp-json\/wp\/v2\/posts\/30341\/revisions\/44976"}],"wp:featuredmedia":[{"embeddable":true,"href":"https:\/\/www.itakaescolapios.org\/ca\/wp-json\/wp\/v2\/media\/30342"}],"wp:attachment":[{"href":"https:\/\/www.itakaescolapios.org\/ca\/wp-json\/wp\/v2\/media?parent=30341"}],"wp:term":[{"taxonomy":"category","embeddable":true,"href":"https:\/\/www.itakaescolapios.org\/ca\/wp-json\/wp\/v2\/categories?post=30341"},{"taxonomy":"post_tag","embeddable":true,"href":"https:\/\/www.itakaescolapios.org\/ca\/wp-json\/wp\/v2\/tags?post=30341"}],"curies":[{"name":"wp","href":"https:\/\/api.w.org\/{rel}","templated":true}]}}