{"id":3043,"date":"2012-09-10T15:34:06","date_gmt":"2012-09-10T14:34:06","guid":{"rendered":"https:\/\/www.itakaescolapios.org\/?p=3043"},"modified":"2023-11-28T12:39:38","modified_gmt":"2023-11-28T11:39:38","slug":"nueva-liberada-en-bafia-itaka-escolapios-camerun-sigue-creciendo","status":"publish","type":"post","link":"https:\/\/www.itakaescolapios.org\/ca\/2012\/09\/nueva-liberada-en-bafia-itaka-escolapios-camerun-sigue-creciendo\/","title":{"rendered":"Nueva liberada en Bafia. Itaka-Escolapios Camer\u00fan sigue creciendo."},"content":{"rendered":"<p>Con el fin de asegurar un seguimiento eficaz de las numerosas actividades de las obras compartidas de la misi\u00f3n escolapia en Camer\u00fan, es importante que los recursos humanos tambi\u00e9n se adapten a la evoluci\u00f3n de dichas obras. Desde el pasado mes de agosto, la nueva liberada de la sede local de Bafia, Lucie MENYENGUE empez\u00f3 su labor en los \u00e1mbitos de administraci\u00f3n y de gesti\u00f3n de las obras de Bafia. Espec\u00edficamente, est\u00e1 encargada de la gesti\u00f3n econ\u00f3mica y administrativa de la escuela as\u00ed como de la oficina de Itaka-Escolapios en esta ciudad.<\/p>\n<p>Recordamos que adem\u00e1s de la oficina central de Yaund\u00e9, los escolapios Wilfred y Justine llevan tareas de nuestra entidad, Itaka-Escolapios, respectivamente en Bamenda y en Bamendjou. Seguramente que los pr\u00f3ximos cursos ver\u00e1n nuevas oficinas abiertas en estas presencias escolapias.<\/p>\n","protected":false},"excerpt":{"rendered":"<p>Con el fin de asegurar un seguimiento eficaz de las numerosas actividades de las obras compartidas de la misi\u00f3n escolapia en Camer\u00fan, es importante que los recursos humanos tambi\u00e9n se [&hellip;]<\/p>\n","protected":false},"author":3,"featured_media":3044,"comment_status":"closed","ping_status":"closed","sticky":false,"template":"","format":"standard","meta":{"_et_pb_use_builder":"","_et_pb_old_content":"","_et_gb_content_width":"","footnotes":""},"categories":[10],"tags":[],"class_list":["post-3043","post","type-post","status-publish","format-standard","has-post-thumbnail","hentry","category-camerun"],"yoast_head":"<!-- This site is optimized with the Yoast SEO plugin v27.4 - https:\/\/yoast.com\/product\/yoast-seo-wordpress\/ -->\n<title>Nueva liberada en Bafia. Itaka-Escolapios Camer\u00fan sigue creciendo.<\/title>\n<meta name=\"description\" content=\"Con el fin de asegurar un seguimiento eficaz de las numerosas actividades de las obras compartidas de la misi\u00f3n escolapia en Camer\u00fan, es importante que los recursos humanos tambi\u00e9n se adapten a la evoluci\u00f3n de dichas obras. Desde el pasado mes de agosto, la nueva liberada de la sede local de Bafia, Lucie MENYENGUE empez\u00f3&hellip;\" \/>\n<meta name=\"robots\" content=\"index, follow, max-snippet:-1, max-image-preview:large, max-video-preview:-1\" \/>\n<link rel=\"canonical\" href=\"http:\/\/Con%20el%20fin%20de%20asegurar%20un%20seguimiento%20eficaz%20de%20las%20numerosas%20actividades%20de%20las%20obras%20compartidas%20de%20la%20misi\u00f3n%20escolapia%20en%20Camer\u00fan,%20es%20importante%20que%20los%20recursos%20humanos%20tambi\u00e9n%20se%20adapten%20a%20la%20evoluci\u00f3n%20de%20dichas%20obras.%20Desde%20el%20pasado%20mes%20de%20agosto,%20la%20nueva%20liberada%20de%20la%20sede%20local%20de%20Bafia,%20Lucie%20MENYENGUE%20empez\u00f3&hellip;\" \/>\n<meta property=\"og:locale\" content=\"ca_ES\" \/>\n<meta property=\"og:type\" content=\"article\" \/>\n<meta property=\"og:title\" content=\"Nueva liberada en Bafia. Itaka-Escolapios Camer\u00fan sigue creciendo.\" \/>\n<meta property=\"og:description\" content=\"Con el fin de asegurar un seguimiento eficaz de las numerosas actividades de las obras compartidas de la misi\u00f3n escolapia en Camer\u00fan, es importante que los recursos humanos tambi\u00e9n se adapten a la evoluci\u00f3n de dichas obras. Desde el pasado mes de agosto, la nueva liberada de la sede local de Bafia, Lucie MENYENGUE empez\u00f3&hellip;\" \/>\n<meta property=\"og:url\" content=\"https:\/\/www.itakaescolapios.org\/ca\/2012\/09\/nueva-liberada-en-bafia-itaka-escolapios-camerun-sigue-creciendo\/\" \/>\n<meta property=\"og:site_name\" content=\"Itaka-Escolapios\" \/>\n<meta property=\"article:published_time\" content=\"2012-09-10T14:34:06+00:00\" \/>\n<meta property=\"article:modified_time\" content=\"2023-11-28T11:39:38+00:00\" \/>\n<meta property=\"og:image\" content=\"https:\/\/www.itakaescolapios.org\/wp-content\/uploads\/2012\/09\/NUEVA-LIBERADA.jpg\" \/>\n\t<meta property=\"og:image:width\" content=\"1024\" \/>\n\t<meta property=\"og:image:height\" content=\"768\" \/>\n\t<meta property=\"og:image:type\" content=\"image\/jpeg\" \/>\n<meta name=\"author\" content=\"Bilbao\" \/>\n<meta name=\"twitter:card\" content=\"summary_large_image\" \/>\n<meta name=\"twitter:label1\" content=\"Escrit per\" \/>\n\t<meta name=\"twitter:data1\" content=\"Bilbao\" \/>\n\t<meta name=\"twitter:label2\" content=\"Temps estimat de lectura\" \/>\n\t<meta name=\"twitter:data2\" content=\"1 minut\" \/>\n<script type=\"application\/ld+json\" class=\"yoast-schema-graph\">{\"@context\":\"https:\\\/\\\/schema.org\",\"@graph\":[{\"@type\":\"Article\",\"@id\":\"https:\\\/\\\/www.itakaescolapios.org\\\/ca\\\/2012\\\/09\\\/nueva-liberada-en-bafia-itaka-escolapios-camerun-sigue-creciendo\\\/#article\",\"isPartOf\":{\"@id\":\"https:\\\/\\\/www.itakaescolapios.org\\\/ca\\\/2012\\\/09\\\/nueva-liberada-en-bafia-itaka-escolapios-camerun-sigue-creciendo\\\/\"},\"author\":{\"name\":\"Bilbao\",\"@id\":\"https:\\\/\\\/www.itakaescolapios.org\\\/es\\\/#\\\/schema\\\/person\\\/d5b530ea20cbfbbd734611b2591f590c\"},\"headline\":\"Nueva liberada en Bafia. Itaka-Escolapios Camer\u00fan sigue creciendo.\",\"datePublished\":\"2012-09-10T14:34:06+00:00\",\"dateModified\":\"2023-11-28T11:39:38+00:00\",\"mainEntityOfPage\":{\"@id\":\"https:\\\/\\\/www.itakaescolapios.org\\\/ca\\\/2012\\\/09\\\/nueva-liberada-en-bafia-itaka-escolapios-camerun-sigue-creciendo\\\/\"},\"wordCount\":152,\"publisher\":{\"@id\":\"https:\\\/\\\/www.itakaescolapios.org\\\/es\\\/#organization\"},\"image\":{\"@id\":\"https:\\\/\\\/www.itakaescolapios.org\\\/ca\\\/2012\\\/09\\\/nueva-liberada-en-bafia-itaka-escolapios-camerun-sigue-creciendo\\\/#primaryimage\"},\"thumbnailUrl\":\"https:\\\/\\\/www.itakaescolapios.org\\\/wp-content\\\/uploads\\\/2012\\\/09\\\/NUEVA-LIBERADA.jpg\",\"articleSection\":[\"Camerun\"],\"inLanguage\":\"ca\"},{\"@type\":\"WebPage\",\"@id\":\"https:\\\/\\\/www.itakaescolapios.org\\\/ca\\\/2012\\\/09\\\/nueva-liberada-en-bafia-itaka-escolapios-camerun-sigue-creciendo\\\/\",\"url\":\"https:\\\/\\\/www.itakaescolapios.org\\\/ca\\\/2012\\\/09\\\/nueva-liberada-en-bafia-itaka-escolapios-camerun-sigue-creciendo\\\/\",\"name\":\"Nueva liberada en Bafia. Itaka-Escolapios Camer\u00fan sigue creciendo. - Itaka-Escolapios\",\"isPartOf\":{\"@id\":\"https:\\\/\\\/www.itakaescolapios.org\\\/es\\\/#website\"},\"primaryImageOfPage\":{\"@id\":\"https:\\\/\\\/www.itakaescolapios.org\\\/ca\\\/2012\\\/09\\\/nueva-liberada-en-bafia-itaka-escolapios-camerun-sigue-creciendo\\\/#primaryimage\"},\"image\":{\"@id\":\"https:\\\/\\\/www.itakaescolapios.org\\\/ca\\\/2012\\\/09\\\/nueva-liberada-en-bafia-itaka-escolapios-camerun-sigue-creciendo\\\/#primaryimage\"},\"thumbnailUrl\":\"https:\\\/\\\/www.itakaescolapios.org\\\/wp-content\\\/uploads\\\/2012\\\/09\\\/NUEVA-LIBERADA.jpg\",\"datePublished\":\"2012-09-10T14:34:06+00:00\",\"dateModified\":\"2023-11-28T11:39:38+00:00\",\"breadcrumb\":{\"@id\":\"https:\\\/\\\/www.itakaescolapios.org\\\/ca\\\/2012\\\/09\\\/nueva-liberada-en-bafia-itaka-escolapios-camerun-sigue-creciendo\\\/#breadcrumb\"},\"inLanguage\":\"ca\",\"potentialAction\":[{\"@type\":\"ReadAction\",\"target\":[\"https:\\\/\\\/www.itakaescolapios.org\\\/ca\\\/2012\\\/09\\\/nueva-liberada-en-bafia-itaka-escolapios-camerun-sigue-creciendo\\\/\"]}]},{\"@type\":\"ImageObject\",\"inLanguage\":\"ca\",\"@id\":\"https:\\\/\\\/www.itakaescolapios.org\\\/ca\\\/2012\\\/09\\\/nueva-liberada-en-bafia-itaka-escolapios-camerun-sigue-creciendo\\\/#primaryimage\",\"url\":\"https:\\\/\\\/www.itakaescolapios.org\\\/wp-content\\\/uploads\\\/2012\\\/09\\\/NUEVA-LIBERADA.jpg\",\"contentUrl\":\"https:\\\/\\\/www.itakaescolapios.org\\\/wp-content\\\/uploads\\\/2012\\\/09\\\/NUEVA-LIBERADA.jpg\",\"width\":\"1024\",\"height\":\"768\"},{\"@type\":\"BreadcrumbList\",\"@id\":\"https:\\\/\\\/www.itakaescolapios.org\\\/ca\\\/2012\\\/09\\\/nueva-liberada-en-bafia-itaka-escolapios-camerun-sigue-creciendo\\\/#breadcrumb\",\"itemListElement\":[{\"@type\":\"ListItem\",\"position\":1,\"name\":\"Itaka-Escolapios\",\"item\":\"https:\\\/\\\/www.itakaescolapios.org\\\/es\\\/\"},{\"@type\":\"ListItem\",\"position\":2,\"name\":\"Nueva liberada en Bafia. Itaka-Escolapios Camer\u00fan sigue creciendo.\"}]},{\"@type\":\"WebSite\",\"@id\":\"https:\\\/\\\/www.itakaescolapios.org\\\/ca\\\/es\\\/#website\",\"url\":\"https:\\\/\\\/www.itakaescolapios.org\\\/ca\\\/es\\\/\",\"name\":\"Itaka-Escolapios\",\"description\":\"Red de Itaka-Escolapios\",\"publisher\":{\"@id\":\"https:\\\/\\\/www.itakaescolapios.org\\\/ca\\\/es\\\/#organization\"},\"potentialAction\":[{\"@type\":\"SearchAction\",\"target\":{\"@type\":\"EntryPoint\",\"urlTemplate\":\"https:\\\/\\\/www.itakaescolapios.org\\\/ca\\\/es\\\/?s={search_term_string}\"},\"query-input\":{\"@type\":\"PropertyValueSpecification\",\"valueRequired\":true,\"valueName\":\"search_term_string\"}}],\"inLanguage\":\"ca\"},{\"@type\":\"Organization\",\"@id\":\"https:\\\/\\\/www.itakaescolapios.org\\\/ca\\\/es\\\/#organization\",\"name\":\"Fundaci\u00f3 Itaka-Escolapios\",\"url\":\"https:\\\/\\\/www.itakaescolapios.org\\\/ca\\\/es\\\/\",\"logo\":{\"@type\":\"ImageObject\",\"inLanguage\":\"ca\",\"@id\":\"https:\\\/\\\/www.itakaescolapios.org\\\/ca\\\/es\\\/#\\\/schema\\\/logo\\\/image\\\/\",\"url\":\"https:\\\/\\\/www.itakaescolapios.org\\\/wp-content\\\/uploads\\\/2024\\\/04\\\/Logo-itakaescolapios-peque.png\",\"contentUrl\":\"https:\\\/\\\/www.itakaescolapios.org\\\/wp-content\\\/uploads\\\/2024\\\/04\\\/Logo-itakaescolapios-peque.png\",\"width\":500,\"height\":199,\"caption\":\"Fundaci\u00f3 Itaka-Escolapios\"},\"image\":{\"@id\":\"https:\\\/\\\/www.itakaescolapios.org\\\/ca\\\/es\\\/#\\\/schema\\\/logo\\\/image\\\/\"}},{\"@type\":\"Person\",\"@id\":\"https:\\\/\\\/www.itakaescolapios.org\\\/es\\\/#\\\/schema\\\/person\\\/d5b530ea20cbfbbd734611b2591f590c\",\"name\":\"Bilbao\",\"url\":\"https:\\\/\\\/www.itakaescolapios.org\\\/ca\\\/author\\\/bilbao\\\/\"}]}<\/script>\n<!-- \/ Yoast SEO plugin. -->","yoast_head_json":{"title":"Nueva liberada en Bafia. Itaka-Escolapios Camer\u00fan sigue creciendo.","description":"Con el fin de asegurar un seguimiento eficaz de las numerosas actividades de las obras compartidas de la misi\u00f3n escolapia en Camer\u00fan, es importante que los recursos humanos tambi\u00e9n se adapten a la evoluci\u00f3n de dichas obras. Desde el pasado mes de agosto, la nueva liberada de la sede local de Bafia, Lucie MENYENGUE empez\u00f3&hellip;","robots":{"index":"index","follow":"follow","max-snippet":"max-snippet:-1","max-image-preview":"max-image-preview:large","max-video-preview":"max-video-preview:-1"},"canonical":"Con el fin de asegurar un seguimiento eficaz de las numerosas actividades de las obras compartidas de la misi\u00f3n escolapia en Camer\u00fan, es importante que los recursos humanos tambi\u00e9n se adapten a la evoluci\u00f3n de dichas obras. Desde el pasado mes de agosto, la nueva liberada de la sede local de Bafia, Lucie MENYENGUE empez\u00f3&hellip;","og_locale":"ca_ES","og_type":"article","og_title":"Nueva liberada en Bafia. Itaka-Escolapios Camer\u00fan sigue creciendo.","og_description":"Con el fin de asegurar un seguimiento eficaz de las numerosas actividades de las obras compartidas de la misi\u00f3n escolapia en Camer\u00fan, es importante que los recursos humanos tambi\u00e9n se adapten a la evoluci\u00f3n de dichas obras. Desde el pasado mes de agosto, la nueva liberada de la sede local de Bafia, Lucie MENYENGUE empez\u00f3&hellip;","og_url":"https:\/\/www.itakaescolapios.org\/ca\/2012\/09\/nueva-liberada-en-bafia-itaka-escolapios-camerun-sigue-creciendo\/","og_site_name":"Itaka-Escolapios","article_published_time":"2012-09-10T14:34:06+00:00","article_modified_time":"2023-11-28T11:39:38+00:00","og_image":[{"width":1024,"height":768,"url":"https:\/\/www.itakaescolapios.org\/wp-content\/uploads\/2012\/09\/NUEVA-LIBERADA.jpg","type":"image\/jpeg"}],"author":"Bilbao","twitter_card":"summary_large_image","twitter_misc":{"Escrit per":"Bilbao","Temps estimat de lectura":"1 minut"},"schema":{"@context":"https:\/\/schema.org","@graph":[{"@type":"Article","@id":"https:\/\/www.itakaescolapios.org\/ca\/2012\/09\/nueva-liberada-en-bafia-itaka-escolapios-camerun-sigue-creciendo\/#article","isPartOf":{"@id":"https:\/\/www.itakaescolapios.org\/ca\/2012\/09\/nueva-liberada-en-bafia-itaka-escolapios-camerun-sigue-creciendo\/"},"author":{"name":"Bilbao","@id":"https:\/\/www.itakaescolapios.org\/es\/#\/schema\/person\/d5b530ea20cbfbbd734611b2591f590c"},"headline":"Nueva liberada en Bafia. Itaka-Escolapios Camer\u00fan sigue creciendo.","datePublished":"2012-09-10T14:34:06+00:00","dateModified":"2023-11-28T11:39:38+00:00","mainEntityOfPage":{"@id":"https:\/\/www.itakaescolapios.org\/ca\/2012\/09\/nueva-liberada-en-bafia-itaka-escolapios-camerun-sigue-creciendo\/"},"wordCount":152,"publisher":{"@id":"https:\/\/www.itakaescolapios.org\/es\/#organization"},"image":{"@id":"https:\/\/www.itakaescolapios.org\/ca\/2012\/09\/nueva-liberada-en-bafia-itaka-escolapios-camerun-sigue-creciendo\/#primaryimage"},"thumbnailUrl":"https:\/\/www.itakaescolapios.org\/wp-content\/uploads\/2012\/09\/NUEVA-LIBERADA.jpg","articleSection":["Camerun"],"inLanguage":"ca"},{"@type":"WebPage","@id":"https:\/\/www.itakaescolapios.org\/ca\/2012\/09\/nueva-liberada-en-bafia-itaka-escolapios-camerun-sigue-creciendo\/","url":"https:\/\/www.itakaescolapios.org\/ca\/2012\/09\/nueva-liberada-en-bafia-itaka-escolapios-camerun-sigue-creciendo\/","name":"Nueva liberada en Bafia. Itaka-Escolapios Camer\u00fan sigue creciendo. - Itaka-Escolapios","isPartOf":{"@id":"https:\/\/www.itakaescolapios.org\/es\/#website"},"primaryImageOfPage":{"@id":"https:\/\/www.itakaescolapios.org\/ca\/2012\/09\/nueva-liberada-en-bafia-itaka-escolapios-camerun-sigue-creciendo\/#primaryimage"},"image":{"@id":"https:\/\/www.itakaescolapios.org\/ca\/2012\/09\/nueva-liberada-en-bafia-itaka-escolapios-camerun-sigue-creciendo\/#primaryimage"},"thumbnailUrl":"https:\/\/www.itakaescolapios.org\/wp-content\/uploads\/2012\/09\/NUEVA-LIBERADA.jpg","datePublished":"2012-09-10T14:34:06+00:00","dateModified":"2023-11-28T11:39:38+00:00","breadcrumb":{"@id":"https:\/\/www.itakaescolapios.org\/ca\/2012\/09\/nueva-liberada-en-bafia-itaka-escolapios-camerun-sigue-creciendo\/#breadcrumb"},"inLanguage":"ca","potentialAction":[{"@type":"ReadAction","target":["https:\/\/www.itakaescolapios.org\/ca\/2012\/09\/nueva-liberada-en-bafia-itaka-escolapios-camerun-sigue-creciendo\/"]}]},{"@type":"ImageObject","inLanguage":"ca","@id":"https:\/\/www.itakaescolapios.org\/ca\/2012\/09\/nueva-liberada-en-bafia-itaka-escolapios-camerun-sigue-creciendo\/#primaryimage","url":"https:\/\/www.itakaescolapios.org\/wp-content\/uploads\/2012\/09\/NUEVA-LIBERADA.jpg","contentUrl":"https:\/\/www.itakaescolapios.org\/wp-content\/uploads\/2012\/09\/NUEVA-LIBERADA.jpg","width":"1024","height":"768"},{"@type":"BreadcrumbList","@id":"https:\/\/www.itakaescolapios.org\/ca\/2012\/09\/nueva-liberada-en-bafia-itaka-escolapios-camerun-sigue-creciendo\/#breadcrumb","itemListElement":[{"@type":"ListItem","position":1,"name":"Itaka-Escolapios","item":"https:\/\/www.itakaescolapios.org\/es\/"},{"@type":"ListItem","position":2,"name":"Nueva liberada en Bafia. Itaka-Escolapios Camer\u00fan sigue creciendo."}]},{"@type":"WebSite","@id":"https:\/\/www.itakaescolapios.org\/ca\/es\/#website","url":"https:\/\/www.itakaescolapios.org\/ca\/es\/","name":"Itaka-Escolapios","description":"Red de Itaka-Escolapios","publisher":{"@id":"https:\/\/www.itakaescolapios.org\/ca\/es\/#organization"},"potentialAction":[{"@type":"SearchAction","target":{"@type":"EntryPoint","urlTemplate":"https:\/\/www.itakaescolapios.org\/ca\/es\/?s={search_term_string}"},"query-input":{"@type":"PropertyValueSpecification","valueRequired":true,"valueName":"search_term_string"}}],"inLanguage":"ca"},{"@type":"Organization","@id":"https:\/\/www.itakaescolapios.org\/ca\/es\/#organization","name":"Fundaci\u00f3 Itaka-Escolapios","url":"https:\/\/www.itakaescolapios.org\/ca\/es\/","logo":{"@type":"ImageObject","inLanguage":"ca","@id":"https:\/\/www.itakaescolapios.org\/ca\/es\/#\/schema\/logo\/image\/","url":"https:\/\/www.itakaescolapios.org\/wp-content\/uploads\/2024\/04\/Logo-itakaescolapios-peque.png","contentUrl":"https:\/\/www.itakaescolapios.org\/wp-content\/uploads\/2024\/04\/Logo-itakaescolapios-peque.png","width":500,"height":199,"caption":"Fundaci\u00f3 Itaka-Escolapios"},"image":{"@id":"https:\/\/www.itakaescolapios.org\/ca\/es\/#\/schema\/logo\/image\/"}},{"@type":"Person","@id":"https:\/\/www.itakaescolapios.org\/es\/#\/schema\/person\/d5b530ea20cbfbbd734611b2591f590c","name":"Bilbao","url":"https:\/\/www.itakaescolapios.org\/ca\/author\/bilbao\/"}]}},"_links":{"self":[{"href":"https:\/\/www.itakaescolapios.org\/ca\/wp-json\/wp\/v2\/posts\/3043","targetHints":{"allow":["GET"]}}],"collection":[{"href":"https:\/\/www.itakaescolapios.org\/ca\/wp-json\/wp\/v2\/posts"}],"about":[{"href":"https:\/\/www.itakaescolapios.org\/ca\/wp-json\/wp\/v2\/types\/post"}],"author":[{"embeddable":true,"href":"https:\/\/www.itakaescolapios.org\/ca\/wp-json\/wp\/v2\/users\/3"}],"replies":[{"embeddable":true,"href":"https:\/\/www.itakaescolapios.org\/ca\/wp-json\/wp\/v2\/comments?post=3043"}],"version-history":[{"count":4,"href":"https:\/\/www.itakaescolapios.org\/ca\/wp-json\/wp\/v2\/posts\/3043\/revisions"}],"predecessor-version":[{"id":50025,"href":"https:\/\/www.itakaescolapios.org\/ca\/wp-json\/wp\/v2\/posts\/3043\/revisions\/50025"}],"wp:featuredmedia":[{"embeddable":true,"href":"https:\/\/www.itakaescolapios.org\/ca\/wp-json\/wp\/v2\/media\/3044"}],"wp:attachment":[{"href":"https:\/\/www.itakaescolapios.org\/ca\/wp-json\/wp\/v2\/media?parent=3043"}],"wp:term":[{"taxonomy":"category","embeddable":true,"href":"https:\/\/www.itakaescolapios.org\/ca\/wp-json\/wp\/v2\/categories?post=3043"},{"taxonomy":"post_tag","embeddable":true,"href":"https:\/\/www.itakaescolapios.org\/ca\/wp-json\/wp\/v2\/tags?post=3043"}],"curies":[{"name":"wp","href":"https:\/\/api.w.org\/{rel}","templated":true}]}}