{"id":30640,"date":"2020-05-08T21:35:10","date_gmt":"2020-05-08T20:35:10","guid":{"rendered":"https:\/\/www.itakaescolapios.org\/?p=30640"},"modified":"2023-11-28T12:36:21","modified_gmt":"2023-11-28T11:36:21","slug":"portugues-solicitacao-de-apoio-ao-projeto-casa-lar","status":"publish","type":"post","link":"https:\/\/www.itakaescolapios.org\/ca\/2020\/05\/portugues-solicitacao-de-apoio-ao-projeto-casa-lar\/","title":{"rendered":"NECESITAMOS TU AYUDA PARA EL HOGAR DE VALADARES"},"content":{"rendered":"<p>Itaka &#8211; Escol\u00e1pios de Governador Valadares necesita tu ayuda siendo socio colaborador de este hogar que acoge ni\u00f1os, ni\u00f1as y adolaescentes encaminados por la\u00a0 Vara da Inf\u00e2ncia e Adolesc\u00eancia y por el Consejo Tutelar.<\/p>\n<p>Este hogar ofrece acogida, medios necesarios para una vida digna con educaic\u00f3n, alimentaci\u00f3n vestido, higiene, seguridad, vivienda, convivencia comunitaria&#8230; para rescatar la autoestima y la dignidad como personas.<\/p>\n","protected":false},"excerpt":{"rendered":"<p>Itaka &#8211; Escol\u00e1pios de Governador Valadares necesita tu ayuda siendo socio colaborador de este hogar que acoge ni\u00f1os, ni\u00f1as y adolaescentes encaminados por la\u00a0 Vara da Inf\u00e2ncia e Adolesc\u00eancia y [&hellip;]<\/p>\n","protected":false},"author":11,"featured_media":30642,"comment_status":"closed","ping_status":"closed","sticky":false,"template":"","format":"standard","meta":{"_et_pb_use_builder":"","_et_pb_old_content":"","_et_gb_content_width":"","footnotes":""},"categories":[16],"tags":[],"class_list":["post-30640","post","type-post","status-publish","format-standard","has-post-thumbnail","hentry","category-governador-valadares"],"yoast_head":"<!-- This site is optimized with the Yoast SEO plugin v27.4 - https:\/\/yoast.com\/product\/yoast-seo-wordpress\/ -->\n<title>NECESITAMOS TU AYUDA PARA EL HOGAR DE VALADARES<\/title>\n<meta name=\"description\" content=\"Itaka - Escol\u00e1pios de Governador Valadares necesita tu ayuda siendo socio colaborador de este hogar que acoge ni\u00f1os, ni\u00f1as y adolaescentes encaminados por la\u00a0 Vara da Inf\u00e2ncia e Adolesc\u00eancia y por el Consejo Tutelar. Este hogar ofrece acogida, medios necesarios para una vida digna con educaic\u00f3n, alimentaci\u00f3n vestido, higiene, seguridad, vivienda, convivencia comunitaria... para rescatar&hellip;\" \/>\n<meta name=\"robots\" content=\"index, follow, max-snippet:-1, max-image-preview:large, max-video-preview:-1\" \/>\n<link rel=\"canonical\" href=\"http:\/\/Itaka%20-%20Escol\u00e1pios%20de%20Governador%20Valadares%20necesita%20tu%20ayuda%20siendo%20socio%20colaborador%20de%20este%20hogar%20que%20acoge%20ni\u00f1os,%20ni\u00f1as%20y%20adolaescentes%20encaminados%20por%20la\u00a0%20Vara%20da%20Inf\u00e2ncia%20e%20Adolesc\u00eancia%20y%20por%20el%20Consejo%20Tutelar.%20Este%20hogar%20ofrece%20acogida,%20medios%20necesarios%20para%20una%20vida%20digna%20con%20educaic\u00f3n,%20alimentaci\u00f3n%20vestido,%20higiene,%20seguridad,%20vivienda,%20convivencia%20comunitaria...%20para%20rescatar&hellip;\" \/>\n<meta property=\"og:locale\" content=\"ca_ES\" \/>\n<meta property=\"og:type\" content=\"article\" \/>\n<meta property=\"og:title\" content=\"NECESITAMOS TU AYUDA PARA EL HOGAR DE VALADARES\" \/>\n<meta property=\"og:description\" content=\"Itaka - Escol\u00e1pios de Governador Valadares necesita tu ayuda siendo socio colaborador de este hogar que acoge ni\u00f1os, ni\u00f1as y adolaescentes encaminados por la\u00a0 Vara da Inf\u00e2ncia e Adolesc\u00eancia y por el Consejo Tutelar. Este hogar ofrece acogida, medios necesarios para una vida digna con educaic\u00f3n, alimentaci\u00f3n vestido, higiene, seguridad, vivienda, convivencia comunitaria... para rescatar&hellip;\" \/>\n<meta property=\"og:url\" content=\"https:\/\/www.itakaescolapios.org\/ca\/2020\/05\/portugues-solicitacao-de-apoio-ao-projeto-casa-lar\/\" \/>\n<meta property=\"og:site_name\" content=\"Itaka-Escolapios\" \/>\n<meta property=\"article:published_time\" content=\"2020-05-08T20:35:10+00:00\" \/>\n<meta property=\"article:modified_time\" content=\"2023-11-28T11:36:21+00:00\" \/>\n<meta property=\"og:image\" content=\"https:\/\/www.itakaescolapios.org\/wp-content\/uploads\/2020\/05\/Formas-de-contribuir-com-Itaka-GV-1.jpeg\" \/>\n\t<meta property=\"og:image:width\" content=\"897\" \/>\n\t<meta property=\"og:image:height\" content=\"1280\" \/>\n\t<meta property=\"og:image:type\" content=\"image\/jpeg\" \/>\n<meta name=\"author\" content=\"brasil03\" \/>\n<meta name=\"twitter:card\" content=\"summary_large_image\" \/>\n<meta name=\"twitter:label1\" content=\"Escrit per\" \/>\n\t<meta name=\"twitter:data1\" content=\"brasil03\" \/>\n<script type=\"application\/ld+json\" class=\"yoast-schema-graph\">{\"@context\":\"https:\\\/\\\/schema.org\",\"@graph\":[{\"@type\":\"Article\",\"@id\":\"https:\\\/\\\/www.itakaescolapios.org\\\/ca\\\/2020\\\/05\\\/portugues-solicitacao-de-apoio-ao-projeto-casa-lar\\\/#article\",\"isPartOf\":{\"@id\":\"https:\\\/\\\/www.itakaescolapios.org\\\/ca\\\/2020\\\/05\\\/portugues-solicitacao-de-apoio-ao-projeto-casa-lar\\\/\"},\"author\":{\"name\":\"brasil03\",\"@id\":\"https:\\\/\\\/www.itakaescolapios.org\\\/es\\\/#\\\/schema\\\/person\\\/9c761c62049293fc36e6c91e429de3d5\"},\"headline\":\"NECESITAMOS TU AYUDA PARA EL HOGAR DE VALADARES\",\"datePublished\":\"2020-05-08T20:35:10+00:00\",\"dateModified\":\"2023-11-28T11:36:21+00:00\",\"mainEntityOfPage\":{\"@id\":\"https:\\\/\\\/www.itakaescolapios.org\\\/ca\\\/2020\\\/05\\\/portugues-solicitacao-de-apoio-ao-projeto-casa-lar\\\/\"},\"wordCount\":77,\"publisher\":{\"@id\":\"https:\\\/\\\/www.itakaescolapios.org\\\/es\\\/#organization\"},\"image\":{\"@id\":\"https:\\\/\\\/www.itakaescolapios.org\\\/ca\\\/2020\\\/05\\\/portugues-solicitacao-de-apoio-ao-projeto-casa-lar\\\/#primaryimage\"},\"thumbnailUrl\":\"https:\\\/\\\/www.itakaescolapios.org\\\/wp-content\\\/uploads\\\/2020\\\/05\\\/Formas-de-contribuir-com-Itaka-GV-1.jpeg\",\"articleSection\":[\"Governador Valadares\"],\"inLanguage\":\"ca\"},{\"@type\":\"WebPage\",\"@id\":\"https:\\\/\\\/www.itakaescolapios.org\\\/ca\\\/2020\\\/05\\\/portugues-solicitacao-de-apoio-ao-projeto-casa-lar\\\/\",\"url\":\"https:\\\/\\\/www.itakaescolapios.org\\\/ca\\\/2020\\\/05\\\/portugues-solicitacao-de-apoio-ao-projeto-casa-lar\\\/\",\"name\":\"NECESITAMOS TU AYUDA PARA EL HOGAR DE VALADARES - Itaka-Escolapios\",\"isPartOf\":{\"@id\":\"https:\\\/\\\/www.itakaescolapios.org\\\/es\\\/#website\"},\"primaryImageOfPage\":{\"@id\":\"https:\\\/\\\/www.itakaescolapios.org\\\/ca\\\/2020\\\/05\\\/portugues-solicitacao-de-apoio-ao-projeto-casa-lar\\\/#primaryimage\"},\"image\":{\"@id\":\"https:\\\/\\\/www.itakaescolapios.org\\\/ca\\\/2020\\\/05\\\/portugues-solicitacao-de-apoio-ao-projeto-casa-lar\\\/#primaryimage\"},\"thumbnailUrl\":\"https:\\\/\\\/www.itakaescolapios.org\\\/wp-content\\\/uploads\\\/2020\\\/05\\\/Formas-de-contribuir-com-Itaka-GV-1.jpeg\",\"datePublished\":\"2020-05-08T20:35:10+00:00\",\"dateModified\":\"2023-11-28T11:36:21+00:00\",\"breadcrumb\":{\"@id\":\"https:\\\/\\\/www.itakaescolapios.org\\\/ca\\\/2020\\\/05\\\/portugues-solicitacao-de-apoio-ao-projeto-casa-lar\\\/#breadcrumb\"},\"inLanguage\":\"ca\",\"potentialAction\":[{\"@type\":\"ReadAction\",\"target\":[\"https:\\\/\\\/www.itakaescolapios.org\\\/ca\\\/2020\\\/05\\\/portugues-solicitacao-de-apoio-ao-projeto-casa-lar\\\/\"]}]},{\"@type\":\"ImageObject\",\"inLanguage\":\"ca\",\"@id\":\"https:\\\/\\\/www.itakaescolapios.org\\\/ca\\\/2020\\\/05\\\/portugues-solicitacao-de-apoio-ao-projeto-casa-lar\\\/#primaryimage\",\"url\":\"https:\\\/\\\/www.itakaescolapios.org\\\/wp-content\\\/uploads\\\/2020\\\/05\\\/Formas-de-contribuir-com-Itaka-GV-1.jpeg\",\"contentUrl\":\"https:\\\/\\\/www.itakaescolapios.org\\\/wp-content\\\/uploads\\\/2020\\\/05\\\/Formas-de-contribuir-com-Itaka-GV-1.jpeg\",\"width\":897,\"height\":1280},{\"@type\":\"BreadcrumbList\",\"@id\":\"https:\\\/\\\/www.itakaescolapios.org\\\/ca\\\/2020\\\/05\\\/portugues-solicitacao-de-apoio-ao-projeto-casa-lar\\\/#breadcrumb\",\"itemListElement\":[{\"@type\":\"ListItem\",\"position\":1,\"name\":\"Itaka-Escolapios\",\"item\":\"https:\\\/\\\/www.itakaescolapios.org\\\/es\\\/\"},{\"@type\":\"ListItem\",\"position\":2,\"name\":\"NECESITAMOS TU AYUDA PARA EL HOGAR DE VALADARES\"}]},{\"@type\":\"WebSite\",\"@id\":\"https:\\\/\\\/www.itakaescolapios.org\\\/ca\\\/es\\\/#website\",\"url\":\"https:\\\/\\\/www.itakaescolapios.org\\\/ca\\\/es\\\/\",\"name\":\"Itaka-Escolapios\",\"description\":\"Red de Itaka-Escolapios\",\"publisher\":{\"@id\":\"https:\\\/\\\/www.itakaescolapios.org\\\/ca\\\/es\\\/#organization\"},\"potentialAction\":[{\"@type\":\"SearchAction\",\"target\":{\"@type\":\"EntryPoint\",\"urlTemplate\":\"https:\\\/\\\/www.itakaescolapios.org\\\/ca\\\/es\\\/?s={search_term_string}\"},\"query-input\":{\"@type\":\"PropertyValueSpecification\",\"valueRequired\":true,\"valueName\":\"search_term_string\"}}],\"inLanguage\":\"ca\"},{\"@type\":\"Organization\",\"@id\":\"https:\\\/\\\/www.itakaescolapios.org\\\/ca\\\/es\\\/#organization\",\"name\":\"Fundaci\u00f3 Itaka-Escolapios\",\"url\":\"https:\\\/\\\/www.itakaescolapios.org\\\/ca\\\/es\\\/\",\"logo\":{\"@type\":\"ImageObject\",\"inLanguage\":\"ca\",\"@id\":\"https:\\\/\\\/www.itakaescolapios.org\\\/ca\\\/es\\\/#\\\/schema\\\/logo\\\/image\\\/\",\"url\":\"https:\\\/\\\/www.itakaescolapios.org\\\/wp-content\\\/uploads\\\/2024\\\/04\\\/Logo-itakaescolapios-peque.png\",\"contentUrl\":\"https:\\\/\\\/www.itakaescolapios.org\\\/wp-content\\\/uploads\\\/2024\\\/04\\\/Logo-itakaescolapios-peque.png\",\"width\":500,\"height\":199,\"caption\":\"Fundaci\u00f3 Itaka-Escolapios\"},\"image\":{\"@id\":\"https:\\\/\\\/www.itakaescolapios.org\\\/ca\\\/es\\\/#\\\/schema\\\/logo\\\/image\\\/\"}},{\"@type\":\"Person\",\"@id\":\"https:\\\/\\\/www.itakaescolapios.org\\\/es\\\/#\\\/schema\\\/person\\\/9c761c62049293fc36e6c91e429de3d5\",\"name\":\"brasil03\",\"url\":\"https:\\\/\\\/www.itakaescolapios.org\\\/ca\\\/author\\\/brasil03\\\/\"}]}<\/script>\n<!-- \/ Yoast SEO plugin. -->","yoast_head_json":{"title":"NECESITAMOS TU AYUDA PARA EL HOGAR DE VALADARES","description":"Itaka - Escol\u00e1pios de Governador Valadares necesita tu ayuda siendo socio colaborador de este hogar que acoge ni\u00f1os, ni\u00f1as y adolaescentes encaminados por la\u00a0 Vara da Inf\u00e2ncia e Adolesc\u00eancia y por el Consejo Tutelar. Este hogar ofrece acogida, medios necesarios para una vida digna con educaic\u00f3n, alimentaci\u00f3n vestido, higiene, seguridad, vivienda, convivencia comunitaria... para rescatar&hellip;","robots":{"index":"index","follow":"follow","max-snippet":"max-snippet:-1","max-image-preview":"max-image-preview:large","max-video-preview":"max-video-preview:-1"},"canonical":"Itaka - Escol\u00e1pios de Governador Valadares necesita tu ayuda siendo socio colaborador de este hogar que acoge ni\u00f1os, ni\u00f1as y adolaescentes encaminados por la\u00a0 Vara da Inf\u00e2ncia e Adolesc\u00eancia y por el Consejo Tutelar. Este hogar ofrece acogida, medios necesarios para una vida digna con educaic\u00f3n, alimentaci\u00f3n vestido, higiene, seguridad, vivienda, convivencia comunitaria... para rescatar&hellip;","og_locale":"ca_ES","og_type":"article","og_title":"NECESITAMOS TU AYUDA PARA EL HOGAR DE VALADARES","og_description":"Itaka - Escol\u00e1pios de Governador Valadares necesita tu ayuda siendo socio colaborador de este hogar que acoge ni\u00f1os, ni\u00f1as y adolaescentes encaminados por la\u00a0 Vara da Inf\u00e2ncia e Adolesc\u00eancia y por el Consejo Tutelar. Este hogar ofrece acogida, medios necesarios para una vida digna con educaic\u00f3n, alimentaci\u00f3n vestido, higiene, seguridad, vivienda, convivencia comunitaria... para rescatar&hellip;","og_url":"https:\/\/www.itakaescolapios.org\/ca\/2020\/05\/portugues-solicitacao-de-apoio-ao-projeto-casa-lar\/","og_site_name":"Itaka-Escolapios","article_published_time":"2020-05-08T20:35:10+00:00","article_modified_time":"2023-11-28T11:36:21+00:00","og_image":[{"width":897,"height":1280,"url":"https:\/\/www.itakaescolapios.org\/wp-content\/uploads\/2020\/05\/Formas-de-contribuir-com-Itaka-GV-1.jpeg","type":"image\/jpeg"}],"author":"brasil03","twitter_card":"summary_large_image","twitter_misc":{"Escrit per":"brasil03"},"schema":{"@context":"https:\/\/schema.org","@graph":[{"@type":"Article","@id":"https:\/\/www.itakaescolapios.org\/ca\/2020\/05\/portugues-solicitacao-de-apoio-ao-projeto-casa-lar\/#article","isPartOf":{"@id":"https:\/\/www.itakaescolapios.org\/ca\/2020\/05\/portugues-solicitacao-de-apoio-ao-projeto-casa-lar\/"},"author":{"name":"brasil03","@id":"https:\/\/www.itakaescolapios.org\/es\/#\/schema\/person\/9c761c62049293fc36e6c91e429de3d5"},"headline":"NECESITAMOS TU AYUDA PARA EL HOGAR DE VALADARES","datePublished":"2020-05-08T20:35:10+00:00","dateModified":"2023-11-28T11:36:21+00:00","mainEntityOfPage":{"@id":"https:\/\/www.itakaescolapios.org\/ca\/2020\/05\/portugues-solicitacao-de-apoio-ao-projeto-casa-lar\/"},"wordCount":77,"publisher":{"@id":"https:\/\/www.itakaescolapios.org\/es\/#organization"},"image":{"@id":"https:\/\/www.itakaescolapios.org\/ca\/2020\/05\/portugues-solicitacao-de-apoio-ao-projeto-casa-lar\/#primaryimage"},"thumbnailUrl":"https:\/\/www.itakaescolapios.org\/wp-content\/uploads\/2020\/05\/Formas-de-contribuir-com-Itaka-GV-1.jpeg","articleSection":["Governador Valadares"],"inLanguage":"ca"},{"@type":"WebPage","@id":"https:\/\/www.itakaescolapios.org\/ca\/2020\/05\/portugues-solicitacao-de-apoio-ao-projeto-casa-lar\/","url":"https:\/\/www.itakaescolapios.org\/ca\/2020\/05\/portugues-solicitacao-de-apoio-ao-projeto-casa-lar\/","name":"NECESITAMOS TU AYUDA PARA EL HOGAR DE VALADARES - Itaka-Escolapios","isPartOf":{"@id":"https:\/\/www.itakaescolapios.org\/es\/#website"},"primaryImageOfPage":{"@id":"https:\/\/www.itakaescolapios.org\/ca\/2020\/05\/portugues-solicitacao-de-apoio-ao-projeto-casa-lar\/#primaryimage"},"image":{"@id":"https:\/\/www.itakaescolapios.org\/ca\/2020\/05\/portugues-solicitacao-de-apoio-ao-projeto-casa-lar\/#primaryimage"},"thumbnailUrl":"https:\/\/www.itakaescolapios.org\/wp-content\/uploads\/2020\/05\/Formas-de-contribuir-com-Itaka-GV-1.jpeg","datePublished":"2020-05-08T20:35:10+00:00","dateModified":"2023-11-28T11:36:21+00:00","breadcrumb":{"@id":"https:\/\/www.itakaescolapios.org\/ca\/2020\/05\/portugues-solicitacao-de-apoio-ao-projeto-casa-lar\/#breadcrumb"},"inLanguage":"ca","potentialAction":[{"@type":"ReadAction","target":["https:\/\/www.itakaescolapios.org\/ca\/2020\/05\/portugues-solicitacao-de-apoio-ao-projeto-casa-lar\/"]}]},{"@type":"ImageObject","inLanguage":"ca","@id":"https:\/\/www.itakaescolapios.org\/ca\/2020\/05\/portugues-solicitacao-de-apoio-ao-projeto-casa-lar\/#primaryimage","url":"https:\/\/www.itakaescolapios.org\/wp-content\/uploads\/2020\/05\/Formas-de-contribuir-com-Itaka-GV-1.jpeg","contentUrl":"https:\/\/www.itakaescolapios.org\/wp-content\/uploads\/2020\/05\/Formas-de-contribuir-com-Itaka-GV-1.jpeg","width":897,"height":1280},{"@type":"BreadcrumbList","@id":"https:\/\/www.itakaescolapios.org\/ca\/2020\/05\/portugues-solicitacao-de-apoio-ao-projeto-casa-lar\/#breadcrumb","itemListElement":[{"@type":"ListItem","position":1,"name":"Itaka-Escolapios","item":"https:\/\/www.itakaescolapios.org\/es\/"},{"@type":"ListItem","position":2,"name":"NECESITAMOS TU AYUDA PARA EL HOGAR DE VALADARES"}]},{"@type":"WebSite","@id":"https:\/\/www.itakaescolapios.org\/ca\/es\/#website","url":"https:\/\/www.itakaescolapios.org\/ca\/es\/","name":"Itaka-Escolapios","description":"Red de Itaka-Escolapios","publisher":{"@id":"https:\/\/www.itakaescolapios.org\/ca\/es\/#organization"},"potentialAction":[{"@type":"SearchAction","target":{"@type":"EntryPoint","urlTemplate":"https:\/\/www.itakaescolapios.org\/ca\/es\/?s={search_term_string}"},"query-input":{"@type":"PropertyValueSpecification","valueRequired":true,"valueName":"search_term_string"}}],"inLanguage":"ca"},{"@type":"Organization","@id":"https:\/\/www.itakaescolapios.org\/ca\/es\/#organization","name":"Fundaci\u00f3 Itaka-Escolapios","url":"https:\/\/www.itakaescolapios.org\/ca\/es\/","logo":{"@type":"ImageObject","inLanguage":"ca","@id":"https:\/\/www.itakaescolapios.org\/ca\/es\/#\/schema\/logo\/image\/","url":"https:\/\/www.itakaescolapios.org\/wp-content\/uploads\/2024\/04\/Logo-itakaescolapios-peque.png","contentUrl":"https:\/\/www.itakaescolapios.org\/wp-content\/uploads\/2024\/04\/Logo-itakaescolapios-peque.png","width":500,"height":199,"caption":"Fundaci\u00f3 Itaka-Escolapios"},"image":{"@id":"https:\/\/www.itakaescolapios.org\/ca\/es\/#\/schema\/logo\/image\/"}},{"@type":"Person","@id":"https:\/\/www.itakaescolapios.org\/es\/#\/schema\/person\/9c761c62049293fc36e6c91e429de3d5","name":"brasil03","url":"https:\/\/www.itakaescolapios.org\/ca\/author\/brasil03\/"}]}},"_links":{"self":[{"href":"https:\/\/www.itakaescolapios.org\/ca\/wp-json\/wp\/v2\/posts\/30640","targetHints":{"allow":["GET"]}}],"collection":[{"href":"https:\/\/www.itakaescolapios.org\/ca\/wp-json\/wp\/v2\/posts"}],"about":[{"href":"https:\/\/www.itakaescolapios.org\/ca\/wp-json\/wp\/v2\/types\/post"}],"author":[{"embeddable":true,"href":"https:\/\/www.itakaescolapios.org\/ca\/wp-json\/wp\/v2\/users\/11"}],"replies":[{"embeddable":true,"href":"https:\/\/www.itakaescolapios.org\/ca\/wp-json\/wp\/v2\/comments?post=30640"}],"version-history":[{"count":5,"href":"https:\/\/www.itakaescolapios.org\/ca\/wp-json\/wp\/v2\/posts\/30640\/revisions"}],"predecessor-version":[{"id":44854,"href":"https:\/\/www.itakaescolapios.org\/ca\/wp-json\/wp\/v2\/posts\/30640\/revisions\/44854"}],"wp:featuredmedia":[{"embeddable":true,"href":"https:\/\/www.itakaescolapios.org\/ca\/wp-json\/wp\/v2\/media\/30642"}],"wp:attachment":[{"href":"https:\/\/www.itakaescolapios.org\/ca\/wp-json\/wp\/v2\/media?parent=30640"}],"wp:term":[{"taxonomy":"category","embeddable":true,"href":"https:\/\/www.itakaescolapios.org\/ca\/wp-json\/wp\/v2\/categories?post=30640"},{"taxonomy":"post_tag","embeddable":true,"href":"https:\/\/www.itakaescolapios.org\/ca\/wp-json\/wp\/v2\/tags?post=30640"}],"curies":[{"name":"wp","href":"https:\/\/api.w.org\/{rel}","templated":true}]}}