{"id":31947,"date":"2020-11-13T11:34:34","date_gmt":"2020-11-13T10:34:34","guid":{"rendered":"https:\/\/www.itakaescolapios.org\/?p=31947"},"modified":"2023-11-28T12:36:08","modified_gmt":"2023-11-28T11:36:08","slug":"amaltea-gatuna","status":"publish","type":"post","link":"https:\/\/www.itakaescolapios.org\/ca\/2020\/11\/amaltea-gatuna\/","title":{"rendered":"Amaltea Gatuna"},"content":{"rendered":"<p>Los grupos educativos infantil y primaria de Amaltea han salido de excursi\u00f3n a La F\u00e1brica de Huellas, un proyecto de la Fundaci\u00f3n Acavall que fomenta la concienciaci\u00f3n animal, la tenencia responsable y la adopci\u00f3n de gatos, promoviendo actividades educativas y de interacci\u00f3n humano-animal, entre otras.<\/p>\n<p>Durante la visita a La Casa de los Gatos, aprendieron mediante din\u00e1micas a tomar conciencia de la importancia de respetar tanto a los animales como al medio que los rodea, as\u00ed como el fomento de la adopci\u00f3n y el no abandono. Aprendieron a relacionarse con paciencia, tolerancia, cuidado\u2026 valores que nos ayudan en el d\u00eda a d\u00eda con los dem\u00e1s.<\/p>\n<p>Adem\u00e1s del momento gatuno, tambi\u00e9n tuvieron un taller donde fabricaron juguetes con material reciclado que se pudieron llevar para sus animales o donaron a la gatoteca.<\/p>\n<p>\u00a1Sin duda una salida felina! <span class=\"pq6dq46d tbxw36s4 knj5qynh kvgmc6g5 ditlmg2l oygrvhab nvdbi5me sf5mxxl7 gl3lb2sf hhz5lgdu\"><img decoding=\"async\" src=\"https:\/\/static.xx.fbcdn.net\/images\/emoji.php\/v9\/taa\/1\/16\/1f431.png\" alt=\"\ud83d\udc31\" width=\"16\" height=\"16\" \/><\/span><\/p>\n\n\t\t<style type=\"text\/css\">\n\t\t\t#gallery-1 {\n\t\t\t\tmargin: auto;\n\t\t\t}\n\t\t\t#gallery-1 .gallery-item {\n\t\t\t\tfloat: left;\n\t\t\t\tmargin-top: 10px;\n\t\t\t\ttext-align: center;\n\t\t\t\twidth: 33%;\n\t\t\t}\n\t\t\t#gallery-1 img {\n\t\t\t\tborder: 2px solid #cfcfcf;\n\t\t\t}\n\t\t\t#gallery-1 .gallery-caption {\n\t\t\t\tmargin-left: 0;\n\t\t\t}\n\t\t\t\/* see gallery_shortcode() in wp-includes\/media.php *\/\n\t\t<\/style>\n\t\t<div id='gallery-1' class='gallery galleryid-31947 gallery-columns-3 gallery-size-thumbnail'><dl class='gallery-item'>\n\t\t\t<dt class='gallery-icon landscape'>\n\t\t\t\t<a href='https:\/\/www.itakaescolapios.org\/ca\/2020\/11\/amaltea-gatuna\/whatsapp-image-2020-10-30-at-21-58-56-1\/'><img decoding=\"async\" width=\"90\" height=\"90\" src=\"https:\/\/www.itakaescolapios.org\/wp-content\/uploads\/2020\/11\/WhatsApp-Image-2020-10-30-at-21.58.56-1-90x90.jpeg\" class=\"attachment-thumbnail size-thumbnail\" alt=\"\" aria-describedby=\"gallery-1-31948\" \/><\/a>\n\t\t\t<\/dt>\n\t\t\t\t<dd class='wp-caption-text gallery-caption' id='gallery-1-31948'>\n\t\t\t\tGrupo 1\n\t\t\t\t<\/dd><\/dl><dl class='gallery-item'>\n\t\t\t<dt class='gallery-icon landscape'>\n\t\t\t\t<a href='https:\/\/www.itakaescolapios.org\/ca\/2020\/11\/amaltea-gatuna\/whatsapp-image-2020-11-10-at-12-36-19-3\/'><img decoding=\"async\" width=\"90\" height=\"90\" src=\"https:\/\/www.itakaescolapios.org\/wp-content\/uploads\/2020\/11\/WhatsApp-Image-2020-11-10-at-12.36.19-3-90x90.jpeg\" class=\"attachment-thumbnail size-thumbnail\" alt=\"\" aria-describedby=\"gallery-1-31950\" \/><\/a>\n\t\t\t<\/dt>\n\t\t\t\t<dd class='wp-caption-text gallery-caption' id='gallery-1-31950'>\n\t\t\t\tGrupo 2\n\t\t\t\t<\/dd><\/dl><dl class='gallery-item'>\n\t\t\t<dt class='gallery-icon landscape'>\n\t\t\t\t<a href='https:\/\/www.itakaescolapios.org\/ca\/2020\/11\/amaltea-gatuna\/whatsapp-image-2020-11-09-at-13-27-57\/'><img decoding=\"async\" width=\"90\" height=\"90\" src=\"https:\/\/www.itakaescolapios.org\/wp-content\/uploads\/2020\/11\/WhatsApp-Image-2020-11-09-at-13.27.57-90x90.jpeg\" class=\"attachment-thumbnail size-thumbnail\" alt=\"\" aria-describedby=\"gallery-1-31953\" \/><\/a>\n\t\t\t<\/dt>\n\t\t\t\t<dd class='wp-caption-text gallery-caption' id='gallery-1-31953'>\n\t\t\t\tGrupo 3\n\t\t\t\t<\/dd><\/dl><br style=\"clear: both\" \/><dl class='gallery-item'>\n\t\t\t<dt class='gallery-icon portrait'>\n\t\t\t\t<a href='https:\/\/www.itakaescolapios.org\/ca\/2020\/11\/amaltea-gatuna\/whatsapp-image-2020-10-30-at-21-58-56\/'><img decoding=\"async\" width=\"90\" height=\"90\" src=\"https:\/\/www.itakaescolapios.org\/wp-content\/uploads\/2020\/11\/WhatsApp-Image-2020-10-30-at-21.58.56-90x90.jpeg\" class=\"attachment-thumbnail size-thumbnail\" alt=\"\" aria-describedby=\"gallery-1-31949\" \/><\/a>\n\t\t\t<\/dt>\n\t\t\t\t<dd class='wp-caption-text gallery-caption' id='gallery-1-31949'>\n\t\t\t\tGrupo 1\n\t\t\t\t<\/dd><\/dl><dl class='gallery-item'>\n\t\t\t<dt class='gallery-icon landscape'>\n\t\t\t\t<a href='https:\/\/www.itakaescolapios.org\/ca\/2020\/11\/amaltea-gatuna\/whatsapp-image-2020-11-10-at-12-36-19\/'><img decoding=\"async\" width=\"90\" height=\"90\" src=\"https:\/\/www.itakaescolapios.org\/wp-content\/uploads\/2020\/11\/WhatsApp-Image-2020-11-10-at-12.36.19-90x90.jpeg\" class=\"attachment-thumbnail size-thumbnail\" alt=\"\" aria-describedby=\"gallery-1-31955\" \/><\/a>\n\t\t\t<\/dt>\n\t\t\t\t<dd class='wp-caption-text gallery-caption' id='gallery-1-31955'>\n\t\t\t\tGrupo 2\n\t\t\t\t<\/dd><\/dl><dl class='gallery-item'>\n\t\t\t<dt class='gallery-icon landscape'>\n\t\t\t\t<a href='https:\/\/www.itakaescolapios.org\/ca\/2020\/11\/amaltea-gatuna\/whatsapp-image-2020-11-09-at-13-27-56\/'><img decoding=\"async\" width=\"90\" height=\"90\" src=\"https:\/\/www.itakaescolapios.org\/wp-content\/uploads\/2020\/11\/WhatsApp-Image-2020-11-09-at-13.27.56-90x90.jpeg\" class=\"attachment-thumbnail size-thumbnail\" alt=\"\" aria-describedby=\"gallery-1-31954\" \/><\/a>\n\t\t\t<\/dt>\n\t\t\t\t<dd class='wp-caption-text gallery-caption' id='gallery-1-31954'>\n\t\t\t\tGrupo 3\n\t\t\t\t<\/dd><\/dl><br style=\"clear: both\" \/>\n\t\t<\/div>\n\n<p><a href=\"https:\/\/www.facebook.com\/ItakaBetania\/posts\/3561828497240479\">Publicaci\u00f3n de Facebook<\/a><\/p>\n<p>&nbsp;<\/p>\n","protected":false},"excerpt":{"rendered":"<p>Los grupos educativos infantil y primaria de Amaltea han salido de excursi\u00f3n a La F\u00e1brica de Huellas, un proyecto de la Fundaci\u00f3n Acavall que fomenta la concienciaci\u00f3n animal, la tenencia [&hellip;]<\/p>\n","protected":false},"author":39,"featured_media":31951,"comment_status":"closed","ping_status":"closed","sticky":false,"template":"","format":"standard","meta":{"_et_pb_use_builder":"","_et_pb_old_content":"","_et_gb_content_width":"","footnotes":""},"categories":[12],"tags":[],"class_list":["post-31947","post","type-post","status-publish","format-standard","has-post-thumbnail","hentry","category-valencia"],"yoast_head":"<!-- This site is optimized with the Yoast SEO plugin v27.4 - https:\/\/yoast.com\/product\/yoast-seo-wordpress\/ -->\n<title>Amaltea Gatuna<\/title>\n<meta name=\"description\" content=\"Los grupos educativos infantil y primaria de Amaltea han salido de excursi\u00f3n a La F\u00e1brica de Huellas, un proyecto de la Fundaci\u00f3n Acavall que fomenta la concienciaci\u00f3n animal, la tenencia responsable y la adopci\u00f3n de gatos, promoviendo actividades educativas y de interacci\u00f3n humano-animal, entre otras. Durante la visita a La Casa de los Gatos, aprendieron&hellip;\" \/>\n<meta name=\"robots\" content=\"index, follow, max-snippet:-1, max-image-preview:large, max-video-preview:-1\" \/>\n<link rel=\"canonical\" href=\"http:\/\/Los%20grupos%20educativos%20infantil%20y%20primaria%20de%20Amaltea%20han%20salido%20de%20excursi\u00f3n%20a%20La%20F\u00e1brica%20de%20Huellas,%20un%20proyecto%20de%20la%20Fundaci\u00f3n%20Acavall%20que%20fomenta%20la%20concienciaci\u00f3n%20animal,%20la%20tenencia%20responsable%20y%20la%20adopci\u00f3n%20de%20gatos,%20promoviendo%20actividades%20educativas%20y%20de%20interacci\u00f3n%20humano-animal,%20entre%20otras.%20Durante%20la%20visita%20a%20La%20Casa%20de%20los%20Gatos,%20aprendieron&hellip;\" \/>\n<meta property=\"og:locale\" content=\"ca_ES\" \/>\n<meta property=\"og:type\" content=\"article\" \/>\n<meta property=\"og:title\" content=\"Amaltea Gatuna\" \/>\n<meta property=\"og:description\" content=\"Los grupos educativos infantil y primaria de Amaltea han salido de excursi\u00f3n a La F\u00e1brica de Huellas, un proyecto de la Fundaci\u00f3n Acavall que fomenta la concienciaci\u00f3n animal, la tenencia responsable y la adopci\u00f3n de gatos, promoviendo actividades educativas y de interacci\u00f3n humano-animal, entre otras. Durante la visita a La Casa de los Gatos, aprendieron&hellip;\" \/>\n<meta property=\"og:url\" content=\"https:\/\/www.itakaescolapios.org\/ca\/2020\/11\/amaltea-gatuna\/\" \/>\n<meta property=\"og:site_name\" content=\"Itaka-Escolapios\" \/>\n<meta property=\"article:published_time\" content=\"2020-11-13T10:34:34+00:00\" \/>\n<meta property=\"article:modified_time\" content=\"2023-11-28T11:36:08+00:00\" \/>\n<meta property=\"og:image\" content=\"https:\/\/www.itakaescolapios.org\/wp-content\/uploads\/2020\/11\/123366439_798811757639127_2005923655543360027_o.jpg\" \/>\n\t<meta property=\"og:image:width\" content=\"1440\" \/>\n\t<meta property=\"og:image:height\" content=\"1800\" \/>\n\t<meta property=\"og:image:type\" content=\"image\/jpeg\" \/>\n<meta name=\"author\" content=\"valencia01\" \/>\n<meta name=\"twitter:card\" content=\"summary_large_image\" \/>\n<meta name=\"twitter:label1\" content=\"Escrit per\" \/>\n\t<meta name=\"twitter:data1\" content=\"valencia01\" \/>\n\t<meta name=\"twitter:label2\" content=\"Temps estimat de lectura\" \/>\n\t<meta name=\"twitter:data2\" content=\"1 minut\" \/>\n<script type=\"application\/ld+json\" class=\"yoast-schema-graph\">{\"@context\":\"https:\\\/\\\/schema.org\",\"@graph\":[{\"@type\":\"Article\",\"@id\":\"https:\\\/\\\/www.itakaescolapios.org\\\/ca\\\/2020\\\/11\\\/amaltea-gatuna\\\/#article\",\"isPartOf\":{\"@id\":\"https:\\\/\\\/www.itakaescolapios.org\\\/ca\\\/2020\\\/11\\\/amaltea-gatuna\\\/\"},\"author\":{\"name\":\"valencia01\",\"@id\":\"https:\\\/\\\/www.itakaescolapios.org\\\/es\\\/#\\\/schema\\\/person\\\/c232ccaa2b3f2e98db93c1f8dfca96ff\"},\"headline\":\"Amaltea Gatuna\",\"datePublished\":\"2020-11-13T10:34:34+00:00\",\"dateModified\":\"2023-11-28T11:36:08+00:00\",\"mainEntityOfPage\":{\"@id\":\"https:\\\/\\\/www.itakaescolapios.org\\\/ca\\\/2020\\\/11\\\/amaltea-gatuna\\\/\"},\"wordCount\":158,\"publisher\":{\"@id\":\"https:\\\/\\\/www.itakaescolapios.org\\\/es\\\/#organization\"},\"image\":{\"@id\":\"https:\\\/\\\/www.itakaescolapios.org\\\/ca\\\/2020\\\/11\\\/amaltea-gatuna\\\/#primaryimage\"},\"thumbnailUrl\":\"https:\\\/\\\/www.itakaescolapios.org\\\/wp-content\\\/uploads\\\/2020\\\/11\\\/123366439_798811757639127_2005923655543360027_o.jpg\",\"articleSection\":[\"Valencia\"],\"inLanguage\":\"ca\"},{\"@type\":\"WebPage\",\"@id\":\"https:\\\/\\\/www.itakaescolapios.org\\\/ca\\\/2020\\\/11\\\/amaltea-gatuna\\\/\",\"url\":\"https:\\\/\\\/www.itakaescolapios.org\\\/ca\\\/2020\\\/11\\\/amaltea-gatuna\\\/\",\"name\":\"Amaltea Gatuna - Itaka-Escolapios\",\"isPartOf\":{\"@id\":\"https:\\\/\\\/www.itakaescolapios.org\\\/es\\\/#website\"},\"primaryImageOfPage\":{\"@id\":\"https:\\\/\\\/www.itakaescolapios.org\\\/ca\\\/2020\\\/11\\\/amaltea-gatuna\\\/#primaryimage\"},\"image\":{\"@id\":\"https:\\\/\\\/www.itakaescolapios.org\\\/ca\\\/2020\\\/11\\\/amaltea-gatuna\\\/#primaryimage\"},\"thumbnailUrl\":\"https:\\\/\\\/www.itakaescolapios.org\\\/wp-content\\\/uploads\\\/2020\\\/11\\\/123366439_798811757639127_2005923655543360027_o.jpg\",\"datePublished\":\"2020-11-13T10:34:34+00:00\",\"dateModified\":\"2023-11-28T11:36:08+00:00\",\"breadcrumb\":{\"@id\":\"https:\\\/\\\/www.itakaescolapios.org\\\/ca\\\/2020\\\/11\\\/amaltea-gatuna\\\/#breadcrumb\"},\"inLanguage\":\"ca\",\"potentialAction\":[{\"@type\":\"ReadAction\",\"target\":[\"https:\\\/\\\/www.itakaescolapios.org\\\/ca\\\/2020\\\/11\\\/amaltea-gatuna\\\/\"]}]},{\"@type\":\"ImageObject\",\"inLanguage\":\"ca\",\"@id\":\"https:\\\/\\\/www.itakaescolapios.org\\\/ca\\\/2020\\\/11\\\/amaltea-gatuna\\\/#primaryimage\",\"url\":\"https:\\\/\\\/www.itakaescolapios.org\\\/wp-content\\\/uploads\\\/2020\\\/11\\\/123366439_798811757639127_2005923655543360027_o.jpg\",\"contentUrl\":\"https:\\\/\\\/www.itakaescolapios.org\\\/wp-content\\\/uploads\\\/2020\\\/11\\\/123366439_798811757639127_2005923655543360027_o.jpg\",\"width\":1440,\"height\":1800,\"caption\":\"Grupo 2\"},{\"@type\":\"BreadcrumbList\",\"@id\":\"https:\\\/\\\/www.itakaescolapios.org\\\/ca\\\/2020\\\/11\\\/amaltea-gatuna\\\/#breadcrumb\",\"itemListElement\":[{\"@type\":\"ListItem\",\"position\":1,\"name\":\"Itaka-Escolapios\",\"item\":\"https:\\\/\\\/www.itakaescolapios.org\\\/es\\\/\"},{\"@type\":\"ListItem\",\"position\":2,\"name\":\"Amaltea Gatuna\"}]},{\"@type\":\"WebSite\",\"@id\":\"https:\\\/\\\/www.itakaescolapios.org\\\/ca\\\/es\\\/#website\",\"url\":\"https:\\\/\\\/www.itakaescolapios.org\\\/ca\\\/es\\\/\",\"name\":\"Itaka-Escolapios\",\"description\":\"Red de Itaka-Escolapios\",\"publisher\":{\"@id\":\"https:\\\/\\\/www.itakaescolapios.org\\\/ca\\\/es\\\/#organization\"},\"potentialAction\":[{\"@type\":\"SearchAction\",\"target\":{\"@type\":\"EntryPoint\",\"urlTemplate\":\"https:\\\/\\\/www.itakaescolapios.org\\\/ca\\\/es\\\/?s={search_term_string}\"},\"query-input\":{\"@type\":\"PropertyValueSpecification\",\"valueRequired\":true,\"valueName\":\"search_term_string\"}}],\"inLanguage\":\"ca\"},{\"@type\":\"Organization\",\"@id\":\"https:\\\/\\\/www.itakaescolapios.org\\\/ca\\\/es\\\/#organization\",\"name\":\"Fundaci\u00f3 Itaka-Escolapios\",\"url\":\"https:\\\/\\\/www.itakaescolapios.org\\\/ca\\\/es\\\/\",\"logo\":{\"@type\":\"ImageObject\",\"inLanguage\":\"ca\",\"@id\":\"https:\\\/\\\/www.itakaescolapios.org\\\/ca\\\/es\\\/#\\\/schema\\\/logo\\\/image\\\/\",\"url\":\"https:\\\/\\\/www.itakaescolapios.org\\\/wp-content\\\/uploads\\\/2024\\\/04\\\/Logo-itakaescolapios-peque.png\",\"contentUrl\":\"https:\\\/\\\/www.itakaescolapios.org\\\/wp-content\\\/uploads\\\/2024\\\/04\\\/Logo-itakaescolapios-peque.png\",\"width\":500,\"height\":199,\"caption\":\"Fundaci\u00f3 Itaka-Escolapios\"},\"image\":{\"@id\":\"https:\\\/\\\/www.itakaescolapios.org\\\/ca\\\/es\\\/#\\\/schema\\\/logo\\\/image\\\/\"}},{\"@type\":\"Person\",\"@id\":\"https:\\\/\\\/www.itakaescolapios.org\\\/es\\\/#\\\/schema\\\/person\\\/c232ccaa2b3f2e98db93c1f8dfca96ff\",\"name\":\"valencia01\",\"url\":\"https:\\\/\\\/www.itakaescolapios.org\\\/ca\\\/author\\\/valencia01\\\/\"}]}<\/script>\n<!-- \/ Yoast SEO plugin. -->","yoast_head_json":{"title":"Amaltea Gatuna","description":"Los grupos educativos infantil y primaria de Amaltea han salido de excursi\u00f3n a La F\u00e1brica de Huellas, un proyecto de la Fundaci\u00f3n Acavall que fomenta la concienciaci\u00f3n animal, la tenencia responsable y la adopci\u00f3n de gatos, promoviendo actividades educativas y de interacci\u00f3n humano-animal, entre otras. Durante la visita a La Casa de los Gatos, aprendieron&hellip;","robots":{"index":"index","follow":"follow","max-snippet":"max-snippet:-1","max-image-preview":"max-image-preview:large","max-video-preview":"max-video-preview:-1"},"canonical":"Los grupos educativos infantil y primaria de Amaltea han salido de excursi\u00f3n a La F\u00e1brica de Huellas, un proyecto de la Fundaci\u00f3n Acavall que fomenta la concienciaci\u00f3n animal, la tenencia responsable y la adopci\u00f3n de gatos, promoviendo actividades educativas y de interacci\u00f3n humano-animal, entre otras. Durante la visita a La Casa de los Gatos, aprendieron&hellip;","og_locale":"ca_ES","og_type":"article","og_title":"Amaltea Gatuna","og_description":"Los grupos educativos infantil y primaria de Amaltea han salido de excursi\u00f3n a La F\u00e1brica de Huellas, un proyecto de la Fundaci\u00f3n Acavall que fomenta la concienciaci\u00f3n animal, la tenencia responsable y la adopci\u00f3n de gatos, promoviendo actividades educativas y de interacci\u00f3n humano-animal, entre otras. Durante la visita a La Casa de los Gatos, aprendieron&hellip;","og_url":"https:\/\/www.itakaescolapios.org\/ca\/2020\/11\/amaltea-gatuna\/","og_site_name":"Itaka-Escolapios","article_published_time":"2020-11-13T10:34:34+00:00","article_modified_time":"2023-11-28T11:36:08+00:00","og_image":[{"width":1440,"height":1800,"url":"https:\/\/www.itakaescolapios.org\/wp-content\/uploads\/2020\/11\/123366439_798811757639127_2005923655543360027_o.jpg","type":"image\/jpeg"}],"author":"valencia01","twitter_card":"summary_large_image","twitter_misc":{"Escrit per":"valencia01","Temps estimat de lectura":"1 minut"},"schema":{"@context":"https:\/\/schema.org","@graph":[{"@type":"Article","@id":"https:\/\/www.itakaescolapios.org\/ca\/2020\/11\/amaltea-gatuna\/#article","isPartOf":{"@id":"https:\/\/www.itakaescolapios.org\/ca\/2020\/11\/amaltea-gatuna\/"},"author":{"name":"valencia01","@id":"https:\/\/www.itakaescolapios.org\/es\/#\/schema\/person\/c232ccaa2b3f2e98db93c1f8dfca96ff"},"headline":"Amaltea Gatuna","datePublished":"2020-11-13T10:34:34+00:00","dateModified":"2023-11-28T11:36:08+00:00","mainEntityOfPage":{"@id":"https:\/\/www.itakaescolapios.org\/ca\/2020\/11\/amaltea-gatuna\/"},"wordCount":158,"publisher":{"@id":"https:\/\/www.itakaescolapios.org\/es\/#organization"},"image":{"@id":"https:\/\/www.itakaescolapios.org\/ca\/2020\/11\/amaltea-gatuna\/#primaryimage"},"thumbnailUrl":"https:\/\/www.itakaescolapios.org\/wp-content\/uploads\/2020\/11\/123366439_798811757639127_2005923655543360027_o.jpg","articleSection":["Valencia"],"inLanguage":"ca"},{"@type":"WebPage","@id":"https:\/\/www.itakaescolapios.org\/ca\/2020\/11\/amaltea-gatuna\/","url":"https:\/\/www.itakaescolapios.org\/ca\/2020\/11\/amaltea-gatuna\/","name":"Amaltea Gatuna - Itaka-Escolapios","isPartOf":{"@id":"https:\/\/www.itakaescolapios.org\/es\/#website"},"primaryImageOfPage":{"@id":"https:\/\/www.itakaescolapios.org\/ca\/2020\/11\/amaltea-gatuna\/#primaryimage"},"image":{"@id":"https:\/\/www.itakaescolapios.org\/ca\/2020\/11\/amaltea-gatuna\/#primaryimage"},"thumbnailUrl":"https:\/\/www.itakaescolapios.org\/wp-content\/uploads\/2020\/11\/123366439_798811757639127_2005923655543360027_o.jpg","datePublished":"2020-11-13T10:34:34+00:00","dateModified":"2023-11-28T11:36:08+00:00","breadcrumb":{"@id":"https:\/\/www.itakaescolapios.org\/ca\/2020\/11\/amaltea-gatuna\/#breadcrumb"},"inLanguage":"ca","potentialAction":[{"@type":"ReadAction","target":["https:\/\/www.itakaescolapios.org\/ca\/2020\/11\/amaltea-gatuna\/"]}]},{"@type":"ImageObject","inLanguage":"ca","@id":"https:\/\/www.itakaescolapios.org\/ca\/2020\/11\/amaltea-gatuna\/#primaryimage","url":"https:\/\/www.itakaescolapios.org\/wp-content\/uploads\/2020\/11\/123366439_798811757639127_2005923655543360027_o.jpg","contentUrl":"https:\/\/www.itakaescolapios.org\/wp-content\/uploads\/2020\/11\/123366439_798811757639127_2005923655543360027_o.jpg","width":1440,"height":1800,"caption":"Grupo 2"},{"@type":"BreadcrumbList","@id":"https:\/\/www.itakaescolapios.org\/ca\/2020\/11\/amaltea-gatuna\/#breadcrumb","itemListElement":[{"@type":"ListItem","position":1,"name":"Itaka-Escolapios","item":"https:\/\/www.itakaescolapios.org\/es\/"},{"@type":"ListItem","position":2,"name":"Amaltea Gatuna"}]},{"@type":"WebSite","@id":"https:\/\/www.itakaescolapios.org\/ca\/es\/#website","url":"https:\/\/www.itakaescolapios.org\/ca\/es\/","name":"Itaka-Escolapios","description":"Red de Itaka-Escolapios","publisher":{"@id":"https:\/\/www.itakaescolapios.org\/ca\/es\/#organization"},"potentialAction":[{"@type":"SearchAction","target":{"@type":"EntryPoint","urlTemplate":"https:\/\/www.itakaescolapios.org\/ca\/es\/?s={search_term_string}"},"query-input":{"@type":"PropertyValueSpecification","valueRequired":true,"valueName":"search_term_string"}}],"inLanguage":"ca"},{"@type":"Organization","@id":"https:\/\/www.itakaescolapios.org\/ca\/es\/#organization","name":"Fundaci\u00f3 Itaka-Escolapios","url":"https:\/\/www.itakaescolapios.org\/ca\/es\/","logo":{"@type":"ImageObject","inLanguage":"ca","@id":"https:\/\/www.itakaescolapios.org\/ca\/es\/#\/schema\/logo\/image\/","url":"https:\/\/www.itakaescolapios.org\/wp-content\/uploads\/2024\/04\/Logo-itakaescolapios-peque.png","contentUrl":"https:\/\/www.itakaescolapios.org\/wp-content\/uploads\/2024\/04\/Logo-itakaescolapios-peque.png","width":500,"height":199,"caption":"Fundaci\u00f3 Itaka-Escolapios"},"image":{"@id":"https:\/\/www.itakaescolapios.org\/ca\/es\/#\/schema\/logo\/image\/"}},{"@type":"Person","@id":"https:\/\/www.itakaescolapios.org\/es\/#\/schema\/person\/c232ccaa2b3f2e98db93c1f8dfca96ff","name":"valencia01","url":"https:\/\/www.itakaescolapios.org\/ca\/author\/valencia01\/"}]}},"_links":{"self":[{"href":"https:\/\/www.itakaescolapios.org\/ca\/wp-json\/wp\/v2\/posts\/31947","targetHints":{"allow":["GET"]}}],"collection":[{"href":"https:\/\/www.itakaescolapios.org\/ca\/wp-json\/wp\/v2\/posts"}],"about":[{"href":"https:\/\/www.itakaescolapios.org\/ca\/wp-json\/wp\/v2\/types\/post"}],"author":[{"embeddable":true,"href":"https:\/\/www.itakaescolapios.org\/ca\/wp-json\/wp\/v2\/users\/39"}],"replies":[{"embeddable":true,"href":"https:\/\/www.itakaescolapios.org\/ca\/wp-json\/wp\/v2\/comments?post=31947"}],"version-history":[{"count":4,"href":"https:\/\/www.itakaescolapios.org\/ca\/wp-json\/wp\/v2\/posts\/31947\/revisions"}],"predecessor-version":[{"id":44495,"href":"https:\/\/www.itakaescolapios.org\/ca\/wp-json\/wp\/v2\/posts\/31947\/revisions\/44495"}],"wp:featuredmedia":[{"embeddable":true,"href":"https:\/\/www.itakaescolapios.org\/ca\/wp-json\/wp\/v2\/media\/31951"}],"wp:attachment":[{"href":"https:\/\/www.itakaescolapios.org\/ca\/wp-json\/wp\/v2\/media?parent=31947"}],"wp:term":[{"taxonomy":"category","embeddable":true,"href":"https:\/\/www.itakaescolapios.org\/ca\/wp-json\/wp\/v2\/categories?post=31947"},{"taxonomy":"post_tag","embeddable":true,"href":"https:\/\/www.itakaescolapios.org\/ca\/wp-json\/wp\/v2\/tags?post=31947"}],"curies":[{"name":"wp","href":"https:\/\/api.w.org\/{rel}","templated":true}]}}