{"id":3223,"date":"2012-10-01T09:44:14","date_gmt":"2012-10-01T08:44:14","guid":{"rendered":"https:\/\/www.itakaescolapios.org\/?p=3223"},"modified":"2023-11-28T12:39:37","modified_gmt":"2023-11-28T11:39:37","slug":"reunion-del-patronato-en-bilbao","status":"publish","type":"post","link":"https:\/\/www.itakaescolapios.org\/ca\/2012\/10\/reunion-del-patronato-en-bilbao\/","title":{"rendered":"Reuni\u00f3n del patronato en Bilbao"},"content":{"rendered":"<p>El viernes, 28 de septiembre, tuvo lugar una nueva reuni\u00f3n del Patronato de la Fundaci\u00f3n Itaka &#8211; Escolapios.<\/p>\n<p>Tras un momento de oraci\u00f3n inicial y de aprobaci\u00f3n del acta, se presentaron las novedades desde la anterior reuni\u00f3n, se aprobob\u00f3 el prespuesto para este nuevo curso y se reflexion\u00f3 sobre las l\u00edneas de acci\u00f3n para este a\u00f1o a partir del plan estrat\u00e9gico y de las conclusiones del Consejo Asesor celebrado en mayo.<\/p>\n","protected":false},"excerpt":{"rendered":"<p>El viernes, 28 de septiembre, tuvo lugar una nueva reuni\u00f3n del Patronato de la Fundaci\u00f3n Itaka &#8211; Escolapios. Tras un momento de oraci\u00f3n inicial y de aprobaci\u00f3n del acta, se [&hellip;]<\/p>\n","protected":false},"author":3,"featured_media":3224,"comment_status":"closed","ping_status":"closed","sticky":false,"template":"","format":"standard","meta":{"_et_pb_use_builder":"","_et_pb_old_content":"","_et_gb_content_width":"","footnotes":""},"categories":[30],"tags":[],"class_list":["post-3223","post","type-post","status-publish","format-standard","has-post-thumbnail","hentry","category-itaka-escolapios"],"yoast_head":"<!-- This site is optimized with the Yoast SEO plugin v27.4 - https:\/\/yoast.com\/product\/yoast-seo-wordpress\/ -->\n<title>Reuni\u00f3n del patronato en Bilbao<\/title>\n<meta name=\"description\" content=\"El viernes, 28 de septiembre, tuvo lugar una nueva reuni\u00f3n del Patronato de la Fundaci\u00f3n Itaka - Escolapios. Tras un momento de oraci\u00f3n inicial y de aprobaci\u00f3n del acta, se presentaron las novedades desde la anterior reuni\u00f3n, se aprobob\u00f3 el prespuesto para este nuevo curso y se reflexion\u00f3 sobre las l\u00edneas de acci\u00f3n para este&hellip;\" \/>\n<meta name=\"robots\" content=\"index, follow, max-snippet:-1, max-image-preview:large, max-video-preview:-1\" \/>\n<link rel=\"canonical\" href=\"http:\/\/El%20viernes,%2028%20de%20septiembre,%20tuvo%20lugar%20una%20nueva%20reuni\u00f3n%20del%20Patronato%20de%20la%20Fundaci\u00f3n%20Itaka%20-%20Escolapios.%20Tras%20un%20momento%20de%20oraci\u00f3n%20inicial%20y%20de%20aprobaci\u00f3n%20del%20acta,%20se%20presentaron%20las%20novedades%20desde%20la%20anterior%20reuni\u00f3n,%20se%20aprobob\u00f3%20el%20prespuesto%20para%20este%20nuevo%20curso%20y%20se%20reflexion\u00f3%20sobre%20las%20l\u00edneas%20de%20acci\u00f3n%20para%20este&hellip;\" \/>\n<meta property=\"og:locale\" content=\"ca_ES\" \/>\n<meta property=\"og:type\" content=\"article\" \/>\n<meta property=\"og:title\" content=\"Reuni\u00f3n del patronato en Bilbao\" \/>\n<meta property=\"og:description\" content=\"El viernes, 28 de septiembre, tuvo lugar una nueva reuni\u00f3n del Patronato de la Fundaci\u00f3n Itaka - Escolapios. Tras un momento de oraci\u00f3n inicial y de aprobaci\u00f3n del acta, se presentaron las novedades desde la anterior reuni\u00f3n, se aprobob\u00f3 el prespuesto para este nuevo curso y se reflexion\u00f3 sobre las l\u00edneas de acci\u00f3n para este&hellip;\" \/>\n<meta property=\"og:url\" content=\"https:\/\/www.itakaescolapios.org\/ca\/2012\/10\/reunion-del-patronato-en-bilbao\/\" \/>\n<meta property=\"og:site_name\" content=\"Itaka-Escolapios\" \/>\n<meta property=\"article:published_time\" content=\"2012-10-01T08:44:14+00:00\" \/>\n<meta property=\"article:modified_time\" content=\"2023-11-28T11:39:37+00:00\" \/>\n<meta property=\"og:image\" content=\"https:\/\/www.itakaescolapios.org\/wp-content\/uploads\/2012\/10\/Patronato.jpg\" \/>\n\t<meta property=\"og:image:width\" content=\"1090\" \/>\n\t<meta property=\"og:image:height\" content=\"818\" \/>\n\t<meta property=\"og:image:type\" content=\"image\/jpeg\" \/>\n<meta name=\"author\" content=\"Bilbao\" \/>\n<meta name=\"twitter:card\" content=\"summary_large_image\" \/>\n<meta name=\"twitter:label1\" content=\"Escrit per\" \/>\n\t<meta name=\"twitter:data1\" content=\"Bilbao\" \/>\n<script type=\"application\/ld+json\" class=\"yoast-schema-graph\">{\"@context\":\"https:\\\/\\\/schema.org\",\"@graph\":[{\"@type\":\"Article\",\"@id\":\"https:\\\/\\\/www.itakaescolapios.org\\\/ca\\\/2012\\\/10\\\/reunion-del-patronato-en-bilbao\\\/#article\",\"isPartOf\":{\"@id\":\"https:\\\/\\\/www.itakaescolapios.org\\\/ca\\\/2012\\\/10\\\/reunion-del-patronato-en-bilbao\\\/\"},\"author\":{\"name\":\"Bilbao\",\"@id\":\"https:\\\/\\\/www.itakaescolapios.org\\\/es\\\/#\\\/schema\\\/person\\\/d5b530ea20cbfbbd734611b2591f590c\"},\"headline\":\"Reuni\u00f3n del patronato en Bilbao\",\"datePublished\":\"2012-10-01T08:44:14+00:00\",\"dateModified\":\"2023-11-28T11:39:37+00:00\",\"mainEntityOfPage\":{\"@id\":\"https:\\\/\\\/www.itakaescolapios.org\\\/ca\\\/2012\\\/10\\\/reunion-del-patronato-en-bilbao\\\/\"},\"wordCount\":85,\"publisher\":{\"@id\":\"https:\\\/\\\/www.itakaescolapios.org\\\/es\\\/#organization\"},\"image\":{\"@id\":\"https:\\\/\\\/www.itakaescolapios.org\\\/ca\\\/2012\\\/10\\\/reunion-del-patronato-en-bilbao\\\/#primaryimage\"},\"thumbnailUrl\":\"https:\\\/\\\/www.itakaescolapios.org\\\/wp-content\\\/uploads\\\/2012\\\/10\\\/Patronato.jpg\",\"articleSection\":[\"Itaka Escolapios\"],\"inLanguage\":\"ca\"},{\"@type\":\"WebPage\",\"@id\":\"https:\\\/\\\/www.itakaescolapios.org\\\/ca\\\/2012\\\/10\\\/reunion-del-patronato-en-bilbao\\\/\",\"url\":\"https:\\\/\\\/www.itakaescolapios.org\\\/ca\\\/2012\\\/10\\\/reunion-del-patronato-en-bilbao\\\/\",\"name\":\"Reuni\u00f3n del patronato en Bilbao - Itaka-Escolapios\",\"isPartOf\":{\"@id\":\"https:\\\/\\\/www.itakaescolapios.org\\\/es\\\/#website\"},\"primaryImageOfPage\":{\"@id\":\"https:\\\/\\\/www.itakaescolapios.org\\\/ca\\\/2012\\\/10\\\/reunion-del-patronato-en-bilbao\\\/#primaryimage\"},\"image\":{\"@id\":\"https:\\\/\\\/www.itakaescolapios.org\\\/ca\\\/2012\\\/10\\\/reunion-del-patronato-en-bilbao\\\/#primaryimage\"},\"thumbnailUrl\":\"https:\\\/\\\/www.itakaescolapios.org\\\/wp-content\\\/uploads\\\/2012\\\/10\\\/Patronato.jpg\",\"datePublished\":\"2012-10-01T08:44:14+00:00\",\"dateModified\":\"2023-11-28T11:39:37+00:00\",\"breadcrumb\":{\"@id\":\"https:\\\/\\\/www.itakaescolapios.org\\\/ca\\\/2012\\\/10\\\/reunion-del-patronato-en-bilbao\\\/#breadcrumb\"},\"inLanguage\":\"ca\",\"potentialAction\":[{\"@type\":\"ReadAction\",\"target\":[\"https:\\\/\\\/www.itakaescolapios.org\\\/ca\\\/2012\\\/10\\\/reunion-del-patronato-en-bilbao\\\/\"]}]},{\"@type\":\"ImageObject\",\"inLanguage\":\"ca\",\"@id\":\"https:\\\/\\\/www.itakaescolapios.org\\\/ca\\\/2012\\\/10\\\/reunion-del-patronato-en-bilbao\\\/#primaryimage\",\"url\":\"https:\\\/\\\/www.itakaescolapios.org\\\/wp-content\\\/uploads\\\/2012\\\/10\\\/Patronato.jpg\",\"contentUrl\":\"https:\\\/\\\/www.itakaescolapios.org\\\/wp-content\\\/uploads\\\/2012\\\/10\\\/Patronato.jpg\",\"width\":\"1090\",\"height\":\"818\"},{\"@type\":\"BreadcrumbList\",\"@id\":\"https:\\\/\\\/www.itakaescolapios.org\\\/ca\\\/2012\\\/10\\\/reunion-del-patronato-en-bilbao\\\/#breadcrumb\",\"itemListElement\":[{\"@type\":\"ListItem\",\"position\":1,\"name\":\"Itaka-Escolapios\",\"item\":\"https:\\\/\\\/www.itakaescolapios.org\\\/es\\\/\"},{\"@type\":\"ListItem\",\"position\":2,\"name\":\"Reuni\u00f3n del patronato en Bilbao\"}]},{\"@type\":\"WebSite\",\"@id\":\"https:\\\/\\\/www.itakaescolapios.org\\\/ca\\\/es\\\/#website\",\"url\":\"https:\\\/\\\/www.itakaescolapios.org\\\/ca\\\/es\\\/\",\"name\":\"Itaka-Escolapios\",\"description\":\"Red de Itaka-Escolapios\",\"publisher\":{\"@id\":\"https:\\\/\\\/www.itakaescolapios.org\\\/ca\\\/es\\\/#organization\"},\"potentialAction\":[{\"@type\":\"SearchAction\",\"target\":{\"@type\":\"EntryPoint\",\"urlTemplate\":\"https:\\\/\\\/www.itakaescolapios.org\\\/ca\\\/es\\\/?s={search_term_string}\"},\"query-input\":{\"@type\":\"PropertyValueSpecification\",\"valueRequired\":true,\"valueName\":\"search_term_string\"}}],\"inLanguage\":\"ca\"},{\"@type\":\"Organization\",\"@id\":\"https:\\\/\\\/www.itakaescolapios.org\\\/ca\\\/es\\\/#organization\",\"name\":\"Fundaci\u00f3 Itaka-Escolapios\",\"url\":\"https:\\\/\\\/www.itakaescolapios.org\\\/ca\\\/es\\\/\",\"logo\":{\"@type\":\"ImageObject\",\"inLanguage\":\"ca\",\"@id\":\"https:\\\/\\\/www.itakaescolapios.org\\\/ca\\\/es\\\/#\\\/schema\\\/logo\\\/image\\\/\",\"url\":\"https:\\\/\\\/www.itakaescolapios.org\\\/wp-content\\\/uploads\\\/2024\\\/04\\\/Logo-itakaescolapios-peque.png\",\"contentUrl\":\"https:\\\/\\\/www.itakaescolapios.org\\\/wp-content\\\/uploads\\\/2024\\\/04\\\/Logo-itakaescolapios-peque.png\",\"width\":500,\"height\":199,\"caption\":\"Fundaci\u00f3 Itaka-Escolapios\"},\"image\":{\"@id\":\"https:\\\/\\\/www.itakaescolapios.org\\\/ca\\\/es\\\/#\\\/schema\\\/logo\\\/image\\\/\"}},{\"@type\":\"Person\",\"@id\":\"https:\\\/\\\/www.itakaescolapios.org\\\/es\\\/#\\\/schema\\\/person\\\/d5b530ea20cbfbbd734611b2591f590c\",\"name\":\"Bilbao\",\"url\":\"https:\\\/\\\/www.itakaescolapios.org\\\/ca\\\/author\\\/bilbao\\\/\"}]}<\/script>\n<!-- \/ Yoast SEO plugin. -->","yoast_head_json":{"title":"Reuni\u00f3n del patronato en Bilbao","description":"El viernes, 28 de septiembre, tuvo lugar una nueva reuni\u00f3n del Patronato de la Fundaci\u00f3n Itaka - Escolapios. Tras un momento de oraci\u00f3n inicial y de aprobaci\u00f3n del acta, se presentaron las novedades desde la anterior reuni\u00f3n, se aprobob\u00f3 el prespuesto para este nuevo curso y se reflexion\u00f3 sobre las l\u00edneas de acci\u00f3n para este&hellip;","robots":{"index":"index","follow":"follow","max-snippet":"max-snippet:-1","max-image-preview":"max-image-preview:large","max-video-preview":"max-video-preview:-1"},"canonical":"El viernes, 28 de septiembre, tuvo lugar una nueva reuni\u00f3n del Patronato de la Fundaci\u00f3n Itaka - Escolapios. Tras un momento de oraci\u00f3n inicial y de aprobaci\u00f3n del acta, se presentaron las novedades desde la anterior reuni\u00f3n, se aprobob\u00f3 el prespuesto para este nuevo curso y se reflexion\u00f3 sobre las l\u00edneas de acci\u00f3n para este&hellip;","og_locale":"ca_ES","og_type":"article","og_title":"Reuni\u00f3n del patronato en Bilbao","og_description":"El viernes, 28 de septiembre, tuvo lugar una nueva reuni\u00f3n del Patronato de la Fundaci\u00f3n Itaka - Escolapios. Tras un momento de oraci\u00f3n inicial y de aprobaci\u00f3n del acta, se presentaron las novedades desde la anterior reuni\u00f3n, se aprobob\u00f3 el prespuesto para este nuevo curso y se reflexion\u00f3 sobre las l\u00edneas de acci\u00f3n para este&hellip;","og_url":"https:\/\/www.itakaescolapios.org\/ca\/2012\/10\/reunion-del-patronato-en-bilbao\/","og_site_name":"Itaka-Escolapios","article_published_time":"2012-10-01T08:44:14+00:00","article_modified_time":"2023-11-28T11:39:37+00:00","og_image":[{"width":1090,"height":818,"url":"https:\/\/www.itakaescolapios.org\/wp-content\/uploads\/2012\/10\/Patronato.jpg","type":"image\/jpeg"}],"author":"Bilbao","twitter_card":"summary_large_image","twitter_misc":{"Escrit per":"Bilbao"},"schema":{"@context":"https:\/\/schema.org","@graph":[{"@type":"Article","@id":"https:\/\/www.itakaescolapios.org\/ca\/2012\/10\/reunion-del-patronato-en-bilbao\/#article","isPartOf":{"@id":"https:\/\/www.itakaescolapios.org\/ca\/2012\/10\/reunion-del-patronato-en-bilbao\/"},"author":{"name":"Bilbao","@id":"https:\/\/www.itakaescolapios.org\/es\/#\/schema\/person\/d5b530ea20cbfbbd734611b2591f590c"},"headline":"Reuni\u00f3n del patronato en Bilbao","datePublished":"2012-10-01T08:44:14+00:00","dateModified":"2023-11-28T11:39:37+00:00","mainEntityOfPage":{"@id":"https:\/\/www.itakaescolapios.org\/ca\/2012\/10\/reunion-del-patronato-en-bilbao\/"},"wordCount":85,"publisher":{"@id":"https:\/\/www.itakaescolapios.org\/es\/#organization"},"image":{"@id":"https:\/\/www.itakaescolapios.org\/ca\/2012\/10\/reunion-del-patronato-en-bilbao\/#primaryimage"},"thumbnailUrl":"https:\/\/www.itakaescolapios.org\/wp-content\/uploads\/2012\/10\/Patronato.jpg","articleSection":["Itaka Escolapios"],"inLanguage":"ca"},{"@type":"WebPage","@id":"https:\/\/www.itakaescolapios.org\/ca\/2012\/10\/reunion-del-patronato-en-bilbao\/","url":"https:\/\/www.itakaescolapios.org\/ca\/2012\/10\/reunion-del-patronato-en-bilbao\/","name":"Reuni\u00f3n del patronato en Bilbao - Itaka-Escolapios","isPartOf":{"@id":"https:\/\/www.itakaescolapios.org\/es\/#website"},"primaryImageOfPage":{"@id":"https:\/\/www.itakaescolapios.org\/ca\/2012\/10\/reunion-del-patronato-en-bilbao\/#primaryimage"},"image":{"@id":"https:\/\/www.itakaescolapios.org\/ca\/2012\/10\/reunion-del-patronato-en-bilbao\/#primaryimage"},"thumbnailUrl":"https:\/\/www.itakaescolapios.org\/wp-content\/uploads\/2012\/10\/Patronato.jpg","datePublished":"2012-10-01T08:44:14+00:00","dateModified":"2023-11-28T11:39:37+00:00","breadcrumb":{"@id":"https:\/\/www.itakaescolapios.org\/ca\/2012\/10\/reunion-del-patronato-en-bilbao\/#breadcrumb"},"inLanguage":"ca","potentialAction":[{"@type":"ReadAction","target":["https:\/\/www.itakaescolapios.org\/ca\/2012\/10\/reunion-del-patronato-en-bilbao\/"]}]},{"@type":"ImageObject","inLanguage":"ca","@id":"https:\/\/www.itakaescolapios.org\/ca\/2012\/10\/reunion-del-patronato-en-bilbao\/#primaryimage","url":"https:\/\/www.itakaescolapios.org\/wp-content\/uploads\/2012\/10\/Patronato.jpg","contentUrl":"https:\/\/www.itakaescolapios.org\/wp-content\/uploads\/2012\/10\/Patronato.jpg","width":"1090","height":"818"},{"@type":"BreadcrumbList","@id":"https:\/\/www.itakaescolapios.org\/ca\/2012\/10\/reunion-del-patronato-en-bilbao\/#breadcrumb","itemListElement":[{"@type":"ListItem","position":1,"name":"Itaka-Escolapios","item":"https:\/\/www.itakaescolapios.org\/es\/"},{"@type":"ListItem","position":2,"name":"Reuni\u00f3n del patronato en Bilbao"}]},{"@type":"WebSite","@id":"https:\/\/www.itakaescolapios.org\/ca\/es\/#website","url":"https:\/\/www.itakaescolapios.org\/ca\/es\/","name":"Itaka-Escolapios","description":"Red de Itaka-Escolapios","publisher":{"@id":"https:\/\/www.itakaescolapios.org\/ca\/es\/#organization"},"potentialAction":[{"@type":"SearchAction","target":{"@type":"EntryPoint","urlTemplate":"https:\/\/www.itakaescolapios.org\/ca\/es\/?s={search_term_string}"},"query-input":{"@type":"PropertyValueSpecification","valueRequired":true,"valueName":"search_term_string"}}],"inLanguage":"ca"},{"@type":"Organization","@id":"https:\/\/www.itakaescolapios.org\/ca\/es\/#organization","name":"Fundaci\u00f3 Itaka-Escolapios","url":"https:\/\/www.itakaescolapios.org\/ca\/es\/","logo":{"@type":"ImageObject","inLanguage":"ca","@id":"https:\/\/www.itakaescolapios.org\/ca\/es\/#\/schema\/logo\/image\/","url":"https:\/\/www.itakaescolapios.org\/wp-content\/uploads\/2024\/04\/Logo-itakaescolapios-peque.png","contentUrl":"https:\/\/www.itakaescolapios.org\/wp-content\/uploads\/2024\/04\/Logo-itakaescolapios-peque.png","width":500,"height":199,"caption":"Fundaci\u00f3 Itaka-Escolapios"},"image":{"@id":"https:\/\/www.itakaescolapios.org\/ca\/es\/#\/schema\/logo\/image\/"}},{"@type":"Person","@id":"https:\/\/www.itakaescolapios.org\/es\/#\/schema\/person\/d5b530ea20cbfbbd734611b2591f590c","name":"Bilbao","url":"https:\/\/www.itakaescolapios.org\/ca\/author\/bilbao\/"}]}},"_links":{"self":[{"href":"https:\/\/www.itakaescolapios.org\/ca\/wp-json\/wp\/v2\/posts\/3223","targetHints":{"allow":["GET"]}}],"collection":[{"href":"https:\/\/www.itakaescolapios.org\/ca\/wp-json\/wp\/v2\/posts"}],"about":[{"href":"https:\/\/www.itakaescolapios.org\/ca\/wp-json\/wp\/v2\/types\/post"}],"author":[{"embeddable":true,"href":"https:\/\/www.itakaescolapios.org\/ca\/wp-json\/wp\/v2\/users\/3"}],"replies":[{"embeddable":true,"href":"https:\/\/www.itakaescolapios.org\/ca\/wp-json\/wp\/v2\/comments?post=3223"}],"version-history":[{"count":4,"href":"https:\/\/www.itakaescolapios.org\/ca\/wp-json\/wp\/v2\/posts\/3223\/revisions"}],"predecessor-version":[{"id":49998,"href":"https:\/\/www.itakaescolapios.org\/ca\/wp-json\/wp\/v2\/posts\/3223\/revisions\/49998"}],"wp:featuredmedia":[{"embeddable":true,"href":"https:\/\/www.itakaescolapios.org\/ca\/wp-json\/wp\/v2\/media\/3224"}],"wp:attachment":[{"href":"https:\/\/www.itakaescolapios.org\/ca\/wp-json\/wp\/v2\/media?parent=3223"}],"wp:term":[{"taxonomy":"category","embeddable":true,"href":"https:\/\/www.itakaescolapios.org\/ca\/wp-json\/wp\/v2\/categories?post=3223"},{"taxonomy":"post_tag","embeddable":true,"href":"https:\/\/www.itakaescolapios.org\/ca\/wp-json\/wp\/v2\/tags?post=3223"}],"curies":[{"name":"wp","href":"https:\/\/api.w.org\/{rel}","templated":true}]}}