{"id":325226,"date":"2024-02-07T10:18:37","date_gmt":"2024-02-07T09:18:37","guid":{"rendered":"https:\/\/www.itakaescolapios.org\/?p=43828"},"modified":"2025-03-07T18:28:28","modified_gmt":"2025-03-07T17:28:28","slug":"english-bilingualism-day-celebrated-at-bandjoun-ctc","status":"publish","type":"post","link":"https:\/\/www.itakaescolapios.org\/ca\/2024\/02\/english-bilingualism-day-celebrated-at-bandjoun-ctc\/","title":{"rendered":"Celebraci\u00f3n del D\u00eda del Biling\u00fcismo en el CTC de Bandjoun."},"content":{"rendered":"<p>Bajo el lema &#8220;El biling\u00fcismo, vector de digitalizaci\u00f3n de la ense\u00f1anza para promover los valores c\u00edvicos y morales en un Camer\u00fan pac\u00edfico y emergente&#8221;, se celebr\u00f3 ayer, 06 de febrero, la 19\u00aa Jornada del Biling\u00fcismo en el CTC (Coll\u00e8ge Technique Calasanz) Bandjoun. El programa incluy\u00f3 bailes, canciones, cuentos y otras presentaciones en franc\u00e9s e ingl\u00e9s. No s\u00f3lo fue una forma estupenda de promover nuestras lenguas nacionales, sino tambi\u00e9n un gran d\u00eda de estudio y entretenimiento.<\/p>\n<p>&nbsp;<!--more--><\/p>\n","protected":false},"excerpt":{"rendered":"<p>Bajo el lema &#8220;El biling\u00fcismo, vector de digitalizaci\u00f3n de la ense\u00f1anza para promover los valores c\u00edvicos y morales en un Camer\u00fan pac\u00edfico y emergente&#8221;, se celebr\u00f3 ayer, 06 de febrero, [&hellip;]<\/p>\n","protected":false},"author":15,"featured_media":325586,"comment_status":"closed","ping_status":"closed","sticky":false,"template":"","format":"standard","meta":{"_et_pb_use_builder":"","_et_pb_old_content":"","_et_gb_content_width":"","footnotes":""},"categories":[53,10],"tags":[],"class_list":["post-325226","post","type-post","status-publish","format-standard","has-post-thumbnail","hentry","category-africa-central","category-camerun"],"yoast_head":"<!-- This site is optimized with the Yoast SEO plugin v27.4 - https:\/\/yoast.com\/product\/yoast-seo-wordpress\/ -->\n<title>Celebraci\u00f3n del D\u00eda del Biling\u00fcismo en el CTC de Bandjoun.<\/title>\n<meta name=\"description\" content=\"Bajo el lema &quot;El biling\u00fcismo, vector de digitalizaci\u00f3n de la ense\u00f1anza para promover los valores c\u00edvicos y morales en un Camer\u00fan pac\u00edfico y emergente&quot;, se celebr\u00f3 ayer, 06 de febrero, la 19\u00aa Jornada del Biling\u00fcismo en el CTC (Coll\u00e8ge Technique Calasanz) Bandjoun. El programa incluy\u00f3 bailes, canciones, cuentos y otras presentaciones en franc\u00e9s e ingl\u00e9s.&hellip;\" \/>\n<meta name=\"robots\" content=\"index, follow, max-snippet:-1, max-image-preview:large, max-video-preview:-1\" \/>\n<link rel=\"canonical\" href=\"http:\/\/Bajo%20el%20lema%20El%20biling\u00fcismo,%20vector%20de%20digitalizaci\u00f3n%20de%20la%20ense\u00f1anza%20para%20promover%20los%20valores%20c\u00edvicos%20y%20morales%20en%20un%20Camer\u00fan%20pac\u00edfico%20y%20emergente,%20se%20celebr\u00f3%20ayer,%2006%20de%20febrero,%20la%2019\u00aa%20Jornada%20del%20Biling\u00fcismo%20en%20el%20CTC%20(Coll\u00e8ge%20Technique%20Calasanz)%20Bandjoun.%20El%20programa%20incluy\u00f3%20bailes,%20canciones,%20cuentos%20y%20otras%20presentaciones%20en%20franc\u00e9s%20e%20ingl\u00e9s.&hellip;\" \/>\n<meta property=\"og:locale\" content=\"ca_ES\" \/>\n<meta property=\"og:type\" content=\"article\" \/>\n<meta property=\"og:title\" content=\"Celebraci\u00f3n del D\u00eda del Biling\u00fcismo en el CTC de Bandjoun.\" \/>\n<meta property=\"og:description\" content=\"Bajo el lema &quot;El biling\u00fcismo, vector de digitalizaci\u00f3n de la ense\u00f1anza para promover los valores c\u00edvicos y morales en un Camer\u00fan pac\u00edfico y emergente&quot;, se celebr\u00f3 ayer, 06 de febrero, la 19\u00aa Jornada del Biling\u00fcismo en el CTC (Coll\u00e8ge Technique Calasanz) Bandjoun. El programa incluy\u00f3 bailes, canciones, cuentos y otras presentaciones en franc\u00e9s e ingl\u00e9s.&hellip;\" \/>\n<meta property=\"og:url\" content=\"https:\/\/www.itakaescolapios.org\/ca\/2024\/02\/english-bilingualism-day-celebrated-at-bandjoun-ctc\/\" \/>\n<meta property=\"og:site_name\" content=\"Itaka-Escolapios\" \/>\n<meta property=\"article:published_time\" content=\"2024-02-07T09:18:37+00:00\" \/>\n<meta property=\"article:modified_time\" content=\"2025-03-07T17:28:28+00:00\" \/>\n<meta property=\"og:image\" content=\"https:\/\/www.itakaescolapios.org\/wp-content\/uploads\/2024\/02\/NOTICIA-1-1.jpg\" \/>\n\t<meta property=\"og:image:width\" content=\"547\" \/>\n\t<meta property=\"og:image:height\" content=\"287\" \/>\n\t<meta property=\"og:image:type\" content=\"image\/jpeg\" \/>\n<meta name=\"author\" content=\"cameroun01\" \/>\n<meta name=\"twitter:card\" content=\"summary_large_image\" \/>\n<meta name=\"twitter:label1\" content=\"Escrit per\" \/>\n\t<meta name=\"twitter:data1\" content=\"cameroun01\" \/>\n<script type=\"application\/ld+json\" class=\"yoast-schema-graph\">{\"@context\":\"https:\\\/\\\/schema.org\",\"@graph\":[{\"@type\":\"Article\",\"@id\":\"https:\\\/\\\/www.itakaescolapios.org\\\/ca\\\/2024\\\/02\\\/english-bilingualism-day-celebrated-at-bandjoun-ctc\\\/#article\",\"isPartOf\":{\"@id\":\"https:\\\/\\\/www.itakaescolapios.org\\\/ca\\\/2024\\\/02\\\/english-bilingualism-day-celebrated-at-bandjoun-ctc\\\/\"},\"author\":{\"name\":\"cameroun01\",\"@id\":\"https:\\\/\\\/www.itakaescolapios.org\\\/es\\\/#\\\/schema\\\/person\\\/d2844383e29bfdfef69039672ce14eb1\"},\"headline\":\"Celebraci\u00f3n del D\u00eda del Biling\u00fcismo en el CTC de Bandjoun.\",\"datePublished\":\"2024-02-07T09:18:37+00:00\",\"dateModified\":\"2025-03-07T17:28:28+00:00\",\"mainEntityOfPage\":{\"@id\":\"https:\\\/\\\/www.itakaescolapios.org\\\/ca\\\/2024\\\/02\\\/english-bilingualism-day-celebrated-at-bandjoun-ctc\\\/\"},\"wordCount\":100,\"publisher\":{\"@id\":\"https:\\\/\\\/www.itakaescolapios.org\\\/es\\\/#organization\"},\"image\":{\"@id\":\"https:\\\/\\\/www.itakaescolapios.org\\\/ca\\\/2024\\\/02\\\/english-bilingualism-day-celebrated-at-bandjoun-ctc\\\/#primaryimage\"},\"thumbnailUrl\":\"https:\\\/\\\/www.itakaescolapios.org\\\/wp-content\\\/uploads\\\/2024\\\/02\\\/NOTICIA-1-1.jpg\",\"articleSection\":[\"\u00c1frica Central\",\"Camerun\"],\"inLanguage\":\"ca\"},{\"@type\":\"WebPage\",\"@id\":\"https:\\\/\\\/www.itakaescolapios.org\\\/ca\\\/2024\\\/02\\\/english-bilingualism-day-celebrated-at-bandjoun-ctc\\\/\",\"url\":\"https:\\\/\\\/www.itakaescolapios.org\\\/ca\\\/2024\\\/02\\\/english-bilingualism-day-celebrated-at-bandjoun-ctc\\\/\",\"name\":\"Celebraci\u00f3n del D\u00eda del Biling\u00fcismo en el CTC de Bandjoun. - Itaka-Escolapios\",\"isPartOf\":{\"@id\":\"https:\\\/\\\/www.itakaescolapios.org\\\/es\\\/#website\"},\"primaryImageOfPage\":{\"@id\":\"https:\\\/\\\/www.itakaescolapios.org\\\/ca\\\/2024\\\/02\\\/english-bilingualism-day-celebrated-at-bandjoun-ctc\\\/#primaryimage\"},\"image\":{\"@id\":\"https:\\\/\\\/www.itakaescolapios.org\\\/ca\\\/2024\\\/02\\\/english-bilingualism-day-celebrated-at-bandjoun-ctc\\\/#primaryimage\"},\"thumbnailUrl\":\"https:\\\/\\\/www.itakaescolapios.org\\\/wp-content\\\/uploads\\\/2024\\\/02\\\/NOTICIA-1-1.jpg\",\"datePublished\":\"2024-02-07T09:18:37+00:00\",\"dateModified\":\"2025-03-07T17:28:28+00:00\",\"breadcrumb\":{\"@id\":\"https:\\\/\\\/www.itakaescolapios.org\\\/ca\\\/2024\\\/02\\\/english-bilingualism-day-celebrated-at-bandjoun-ctc\\\/#breadcrumb\"},\"inLanguage\":\"ca\",\"potentialAction\":[{\"@type\":\"ReadAction\",\"target\":[\"https:\\\/\\\/www.itakaescolapios.org\\\/ca\\\/2024\\\/02\\\/english-bilingualism-day-celebrated-at-bandjoun-ctc\\\/\"]}]},{\"@type\":\"ImageObject\",\"inLanguage\":\"ca\",\"@id\":\"https:\\\/\\\/www.itakaescolapios.org\\\/ca\\\/2024\\\/02\\\/english-bilingualism-day-celebrated-at-bandjoun-ctc\\\/#primaryimage\",\"url\":\"https:\\\/\\\/www.itakaescolapios.org\\\/wp-content\\\/uploads\\\/2024\\\/02\\\/NOTICIA-1-1.jpg\",\"contentUrl\":\"https:\\\/\\\/www.itakaescolapios.org\\\/wp-content\\\/uploads\\\/2024\\\/02\\\/NOTICIA-1-1.jpg\",\"width\":547,\"height\":287},{\"@type\":\"BreadcrumbList\",\"@id\":\"https:\\\/\\\/www.itakaescolapios.org\\\/ca\\\/2024\\\/02\\\/english-bilingualism-day-celebrated-at-bandjoun-ctc\\\/#breadcrumb\",\"itemListElement\":[{\"@type\":\"ListItem\",\"position\":1,\"name\":\"Itaka-Escolapios\",\"item\":\"https:\\\/\\\/www.itakaescolapios.org\\\/es\\\/\"},{\"@type\":\"ListItem\",\"position\":2,\"name\":\"Celebraci\u00f3n del D\u00eda del Biling\u00fcismo en el CTC de Bandjoun.\"}]},{\"@type\":\"WebSite\",\"@id\":\"https:\\\/\\\/www.itakaescolapios.org\\\/ca\\\/es\\\/#website\",\"url\":\"https:\\\/\\\/www.itakaescolapios.org\\\/ca\\\/es\\\/\",\"name\":\"Itaka-Escolapios\",\"description\":\"Red de Itaka-Escolapios\",\"publisher\":{\"@id\":\"https:\\\/\\\/www.itakaescolapios.org\\\/ca\\\/es\\\/#organization\"},\"potentialAction\":[{\"@type\":\"SearchAction\",\"target\":{\"@type\":\"EntryPoint\",\"urlTemplate\":\"https:\\\/\\\/www.itakaescolapios.org\\\/ca\\\/es\\\/?s={search_term_string}\"},\"query-input\":{\"@type\":\"PropertyValueSpecification\",\"valueRequired\":true,\"valueName\":\"search_term_string\"}}],\"inLanguage\":\"ca\"},{\"@type\":\"Organization\",\"@id\":\"https:\\\/\\\/www.itakaescolapios.org\\\/ca\\\/es\\\/#organization\",\"name\":\"Fundaci\u00f3 Itaka-Escolapios\",\"url\":\"https:\\\/\\\/www.itakaescolapios.org\\\/ca\\\/es\\\/\",\"logo\":{\"@type\":\"ImageObject\",\"inLanguage\":\"ca\",\"@id\":\"https:\\\/\\\/www.itakaescolapios.org\\\/ca\\\/es\\\/#\\\/schema\\\/logo\\\/image\\\/\",\"url\":\"https:\\\/\\\/www.itakaescolapios.org\\\/wp-content\\\/uploads\\\/2024\\\/04\\\/Logo-itakaescolapios-peque.png\",\"contentUrl\":\"https:\\\/\\\/www.itakaescolapios.org\\\/wp-content\\\/uploads\\\/2024\\\/04\\\/Logo-itakaescolapios-peque.png\",\"width\":500,\"height\":199,\"caption\":\"Fundaci\u00f3 Itaka-Escolapios\"},\"image\":{\"@id\":\"https:\\\/\\\/www.itakaescolapios.org\\\/ca\\\/es\\\/#\\\/schema\\\/logo\\\/image\\\/\"}},{\"@type\":\"Person\",\"@id\":\"https:\\\/\\\/www.itakaescolapios.org\\\/es\\\/#\\\/schema\\\/person\\\/d2844383e29bfdfef69039672ce14eb1\",\"name\":\"cameroun01\",\"url\":\"https:\\\/\\\/www.itakaescolapios.org\\\/ca\\\/author\\\/cameroun01\\\/\"}]}<\/script>\n<!-- \/ Yoast SEO plugin. -->","yoast_head_json":{"title":"Celebraci\u00f3n del D\u00eda del Biling\u00fcismo en el CTC de Bandjoun.","description":"Bajo el lema \"El biling\u00fcismo, vector de digitalizaci\u00f3n de la ense\u00f1anza para promover los valores c\u00edvicos y morales en un Camer\u00fan pac\u00edfico y emergente\", se celebr\u00f3 ayer, 06 de febrero, la 19\u00aa Jornada del Biling\u00fcismo en el CTC (Coll\u00e8ge Technique Calasanz) Bandjoun. El programa incluy\u00f3 bailes, canciones, cuentos y otras presentaciones en franc\u00e9s e ingl\u00e9s.&hellip;","robots":{"index":"index","follow":"follow","max-snippet":"max-snippet:-1","max-image-preview":"max-image-preview:large","max-video-preview":"max-video-preview:-1"},"canonical":"Bajo el lema \"El biling\u00fcismo, vector de digitalizaci\u00f3n de la ense\u00f1anza para promover los valores c\u00edvicos y morales en un Camer\u00fan pac\u00edfico y emergente\", se celebr\u00f3 ayer, 06 de febrero, la 19\u00aa Jornada del Biling\u00fcismo en el CTC (Coll\u00e8ge Technique Calasanz) Bandjoun. El programa incluy\u00f3 bailes, canciones, cuentos y otras presentaciones en franc\u00e9s e ingl\u00e9s.&hellip;","og_locale":"ca_ES","og_type":"article","og_title":"Celebraci\u00f3n del D\u00eda del Biling\u00fcismo en el CTC de Bandjoun.","og_description":"Bajo el lema \"El biling\u00fcismo, vector de digitalizaci\u00f3n de la ense\u00f1anza para promover los valores c\u00edvicos y morales en un Camer\u00fan pac\u00edfico y emergente\", se celebr\u00f3 ayer, 06 de febrero, la 19\u00aa Jornada del Biling\u00fcismo en el CTC (Coll\u00e8ge Technique Calasanz) Bandjoun. El programa incluy\u00f3 bailes, canciones, cuentos y otras presentaciones en franc\u00e9s e ingl\u00e9s.&hellip;","og_url":"https:\/\/www.itakaescolapios.org\/ca\/2024\/02\/english-bilingualism-day-celebrated-at-bandjoun-ctc\/","og_site_name":"Itaka-Escolapios","article_published_time":"2024-02-07T09:18:37+00:00","article_modified_time":"2025-03-07T17:28:28+00:00","og_image":[{"width":547,"height":287,"url":"https:\/\/www.itakaescolapios.org\/wp-content\/uploads\/2024\/02\/NOTICIA-1-1.jpg","type":"image\/jpeg"}],"author":"cameroun01","twitter_card":"summary_large_image","twitter_misc":{"Escrit per":"cameroun01"},"schema":{"@context":"https:\/\/schema.org","@graph":[{"@type":"Article","@id":"https:\/\/www.itakaescolapios.org\/ca\/2024\/02\/english-bilingualism-day-celebrated-at-bandjoun-ctc\/#article","isPartOf":{"@id":"https:\/\/www.itakaescolapios.org\/ca\/2024\/02\/english-bilingualism-day-celebrated-at-bandjoun-ctc\/"},"author":{"name":"cameroun01","@id":"https:\/\/www.itakaescolapios.org\/es\/#\/schema\/person\/d2844383e29bfdfef69039672ce14eb1"},"headline":"Celebraci\u00f3n del D\u00eda del Biling\u00fcismo en el CTC de Bandjoun.","datePublished":"2024-02-07T09:18:37+00:00","dateModified":"2025-03-07T17:28:28+00:00","mainEntityOfPage":{"@id":"https:\/\/www.itakaescolapios.org\/ca\/2024\/02\/english-bilingualism-day-celebrated-at-bandjoun-ctc\/"},"wordCount":100,"publisher":{"@id":"https:\/\/www.itakaescolapios.org\/es\/#organization"},"image":{"@id":"https:\/\/www.itakaescolapios.org\/ca\/2024\/02\/english-bilingualism-day-celebrated-at-bandjoun-ctc\/#primaryimage"},"thumbnailUrl":"https:\/\/www.itakaescolapios.org\/wp-content\/uploads\/2024\/02\/NOTICIA-1-1.jpg","articleSection":["\u00c1frica Central","Camerun"],"inLanguage":"ca"},{"@type":"WebPage","@id":"https:\/\/www.itakaescolapios.org\/ca\/2024\/02\/english-bilingualism-day-celebrated-at-bandjoun-ctc\/","url":"https:\/\/www.itakaescolapios.org\/ca\/2024\/02\/english-bilingualism-day-celebrated-at-bandjoun-ctc\/","name":"Celebraci\u00f3n del D\u00eda del Biling\u00fcismo en el CTC de Bandjoun. - Itaka-Escolapios","isPartOf":{"@id":"https:\/\/www.itakaescolapios.org\/es\/#website"},"primaryImageOfPage":{"@id":"https:\/\/www.itakaescolapios.org\/ca\/2024\/02\/english-bilingualism-day-celebrated-at-bandjoun-ctc\/#primaryimage"},"image":{"@id":"https:\/\/www.itakaescolapios.org\/ca\/2024\/02\/english-bilingualism-day-celebrated-at-bandjoun-ctc\/#primaryimage"},"thumbnailUrl":"https:\/\/www.itakaescolapios.org\/wp-content\/uploads\/2024\/02\/NOTICIA-1-1.jpg","datePublished":"2024-02-07T09:18:37+00:00","dateModified":"2025-03-07T17:28:28+00:00","breadcrumb":{"@id":"https:\/\/www.itakaescolapios.org\/ca\/2024\/02\/english-bilingualism-day-celebrated-at-bandjoun-ctc\/#breadcrumb"},"inLanguage":"ca","potentialAction":[{"@type":"ReadAction","target":["https:\/\/www.itakaescolapios.org\/ca\/2024\/02\/english-bilingualism-day-celebrated-at-bandjoun-ctc\/"]}]},{"@type":"ImageObject","inLanguage":"ca","@id":"https:\/\/www.itakaescolapios.org\/ca\/2024\/02\/english-bilingualism-day-celebrated-at-bandjoun-ctc\/#primaryimage","url":"https:\/\/www.itakaescolapios.org\/wp-content\/uploads\/2024\/02\/NOTICIA-1-1.jpg","contentUrl":"https:\/\/www.itakaescolapios.org\/wp-content\/uploads\/2024\/02\/NOTICIA-1-1.jpg","width":547,"height":287},{"@type":"BreadcrumbList","@id":"https:\/\/www.itakaescolapios.org\/ca\/2024\/02\/english-bilingualism-day-celebrated-at-bandjoun-ctc\/#breadcrumb","itemListElement":[{"@type":"ListItem","position":1,"name":"Itaka-Escolapios","item":"https:\/\/www.itakaescolapios.org\/es\/"},{"@type":"ListItem","position":2,"name":"Celebraci\u00f3n del D\u00eda del Biling\u00fcismo en el CTC de Bandjoun."}]},{"@type":"WebSite","@id":"https:\/\/www.itakaescolapios.org\/ca\/es\/#website","url":"https:\/\/www.itakaescolapios.org\/ca\/es\/","name":"Itaka-Escolapios","description":"Red de Itaka-Escolapios","publisher":{"@id":"https:\/\/www.itakaescolapios.org\/ca\/es\/#organization"},"potentialAction":[{"@type":"SearchAction","target":{"@type":"EntryPoint","urlTemplate":"https:\/\/www.itakaescolapios.org\/ca\/es\/?s={search_term_string}"},"query-input":{"@type":"PropertyValueSpecification","valueRequired":true,"valueName":"search_term_string"}}],"inLanguage":"ca"},{"@type":"Organization","@id":"https:\/\/www.itakaescolapios.org\/ca\/es\/#organization","name":"Fundaci\u00f3 Itaka-Escolapios","url":"https:\/\/www.itakaescolapios.org\/ca\/es\/","logo":{"@type":"ImageObject","inLanguage":"ca","@id":"https:\/\/www.itakaescolapios.org\/ca\/es\/#\/schema\/logo\/image\/","url":"https:\/\/www.itakaescolapios.org\/wp-content\/uploads\/2024\/04\/Logo-itakaescolapios-peque.png","contentUrl":"https:\/\/www.itakaescolapios.org\/wp-content\/uploads\/2024\/04\/Logo-itakaescolapios-peque.png","width":500,"height":199,"caption":"Fundaci\u00f3 Itaka-Escolapios"},"image":{"@id":"https:\/\/www.itakaescolapios.org\/ca\/es\/#\/schema\/logo\/image\/"}},{"@type":"Person","@id":"https:\/\/www.itakaescolapios.org\/es\/#\/schema\/person\/d2844383e29bfdfef69039672ce14eb1","name":"cameroun01","url":"https:\/\/www.itakaescolapios.org\/ca\/author\/cameroun01\/"}]}},"_links":{"self":[{"href":"https:\/\/www.itakaescolapios.org\/ca\/wp-json\/wp\/v2\/posts\/325226","targetHints":{"allow":["GET"]}}],"collection":[{"href":"https:\/\/www.itakaescolapios.org\/ca\/wp-json\/wp\/v2\/posts"}],"about":[{"href":"https:\/\/www.itakaescolapios.org\/ca\/wp-json\/wp\/v2\/types\/post"}],"author":[{"embeddable":true,"href":"https:\/\/www.itakaescolapios.org\/ca\/wp-json\/wp\/v2\/users\/15"}],"replies":[{"embeddable":true,"href":"https:\/\/www.itakaescolapios.org\/ca\/wp-json\/wp\/v2\/comments?post=325226"}],"version-history":[{"count":2,"href":"https:\/\/www.itakaescolapios.org\/ca\/wp-json\/wp\/v2\/posts\/325226\/revisions"}],"predecessor-version":[{"id":326369,"href":"https:\/\/www.itakaescolapios.org\/ca\/wp-json\/wp\/v2\/posts\/325226\/revisions\/326369"}],"wp:featuredmedia":[{"embeddable":true,"href":"https:\/\/www.itakaescolapios.org\/ca\/wp-json\/wp\/v2\/media\/325586"}],"wp:attachment":[{"href":"https:\/\/www.itakaescolapios.org\/ca\/wp-json\/wp\/v2\/media?parent=325226"}],"wp:term":[{"taxonomy":"category","embeddable":true,"href":"https:\/\/www.itakaescolapios.org\/ca\/wp-json\/wp\/v2\/categories?post=325226"},{"taxonomy":"post_tag","embeddable":true,"href":"https:\/\/www.itakaescolapios.org\/ca\/wp-json\/wp\/v2\/tags?post=325226"}],"curies":[{"name":"wp","href":"https:\/\/api.w.org\/{rel}","templated":true}]}}