{"id":325312,"date":"2024-10-17T08:44:27","date_gmt":"2024-10-17T07:44:27","guid":{"rendered":"https:\/\/www.itakaescolapios.org\/?p=45227"},"modified":"2025-03-07T18:28:17","modified_gmt":"2025-03-07T17:28:17","slug":"encuentro-con-la-fraternidad-de-estados-unidos-y-puerto-rico","status":"publish","type":"post","link":"https:\/\/www.itakaescolapios.org\/ca\/2024\/10\/encuentro-con-la-fraternidad-de-estados-unidos-y-puerto-rico\/","title":{"rendered":"Encuentro con la Fraternidad de Estados Unidos y Puerto Rico"},"content":{"rendered":"<p>El d\u00eda 16 de octubre hemos celebrado un significativo encuentro online con la Fraternidad Escolapia de Estados Unidos y Puerto Rico, recientemente constituida. Ha sido la primera toma de contacto oficial entre la Red Itaka-Escolapios y esta nueva Fraternidad, a\u00fan peque\u00f1a pero con gran ilusi\u00f3n y potencial, como pudimos comprobar en la reuni\u00f3n. Participaron en el encuentro los fraternos tanto del grupo de Hialeah (Miami) como desde otros puntos del pa\u00eds, as\u00ed como el P. Provincial Francisco Anaya y Kevin Owens, responsable demarcacional de Itaka-Escolapios.<\/p>\n<p>En el encuentro, tras el saludo y la oraci\u00f3n iniciales, hubo una presentaci\u00f3n de Itaka-Escolapios por parte de la Red (representada por varios miembros de la Comisi\u00f3n Ejecutiva), seguido de un di\u00e1logo que sirvi\u00f3 para aclarar algunas dudas, percibir la sinton\u00eda y expresar la voluntad de colaboraci\u00f3n. Un ilusionante encuentro que a buen seguro tendr\u00e1 continuidad.<\/p>\n<p>Para nuestra Red, por su propia identidad, es fundamental cultivar la relaci\u00f3n con la Fraternidad Escolapia, su cofundadora, ofreci\u00e9ndose como cauce para compartir misi\u00f3n y estando siempre a disposici\u00f3n para apoyar en el impulso de su vida escolapia.<!--more--><\/p>\n","protected":false},"excerpt":{"rendered":"<p>El d\u00eda 16 de octubre hemos celebrado un significativo encuentro online con la Fraternidad Escolapia de Estados Unidos y Puerto Rico, recientemente constituida. Ha sido la primera toma de contacto [&hellip;]<\/p>\n","protected":false},"author":46,"featured_media":326011,"comment_status":"closed","ping_status":"closed","sticky":false,"template":"","format":"standard","meta":{"_et_pb_use_builder":"","_et_pb_old_content":"","_et_gb_content_width":"","footnotes":""},"categories":[629],"tags":[],"class_list":["post-325312","post","type-post","status-publish","format-standard","has-post-thumbnail","hentry","category-estados-unidos"],"yoast_head":"<!-- This site is optimized with the Yoast SEO plugin v27.4 - https:\/\/yoast.com\/product\/yoast-seo-wordpress\/ -->\n<title>Encuentro con la Fraternidad de Estados Unidos y Puerto Rico<\/title>\n<meta name=\"description\" content=\"El d\u00eda 16 de octubre hemos celebrado un significativo encuentro online con la Fraternidad Escolapia de Estados Unidos y Puerto Rico, recientemente constituida. Ha sido la primera toma de contacto oficial entre la Red Itaka-Escolapios y esta nueva Fraternidad, a\u00fan peque\u00f1a pero con gran ilusi\u00f3n y potencial, como pudimos comprobar en la reuni\u00f3n. Participaron en&hellip;\" \/>\n<meta name=\"robots\" content=\"index, follow, max-snippet:-1, max-image-preview:large, max-video-preview:-1\" \/>\n<link rel=\"canonical\" href=\"http:\/\/El%20d\u00eda%2016%20de%20octubre%20hemos%20celebrado%20un%20significativo%20encuentro%20online%20con%20la%20Fraternidad%20Escolapia%20de%20Estados%20Unidos%20y%20Puerto%20Rico,%20recientemente%20constituida.%20Ha%20sido%20la%20primera%20toma%20de%20contacto%20oficial%20entre%20la%20Red%20Itaka-Escolapios%20y%20esta%20nueva%20Fraternidad,%20a\u00fan%20peque\u00f1a%20pero%20con%20gran%20ilusi\u00f3n%20y%20potencial,%20como%20pudimos%20comprobar%20en%20la%20reuni\u00f3n.%20Participaron%20en&hellip;\" \/>\n<meta property=\"og:locale\" content=\"ca_ES\" \/>\n<meta property=\"og:type\" content=\"article\" \/>\n<meta property=\"og:title\" content=\"Encuentro con la Fraternidad de Estados Unidos y Puerto Rico\" \/>\n<meta property=\"og:description\" content=\"El d\u00eda 16 de octubre hemos celebrado un significativo encuentro online con la Fraternidad Escolapia de Estados Unidos y Puerto Rico, recientemente constituida. Ha sido la primera toma de contacto oficial entre la Red Itaka-Escolapios y esta nueva Fraternidad, a\u00fan peque\u00f1a pero con gran ilusi\u00f3n y potencial, como pudimos comprobar en la reuni\u00f3n. Participaron en&hellip;\" \/>\n<meta property=\"og:url\" content=\"https:\/\/www.itakaescolapios.org\/ca\/2024\/10\/encuentro-con-la-fraternidad-de-estados-unidos-y-puerto-rico\/\" \/>\n<meta property=\"og:site_name\" content=\"Itaka-Escolapios\" \/>\n<meta property=\"article:published_time\" content=\"2024-10-17T07:44:27+00:00\" \/>\n<meta property=\"article:modified_time\" content=\"2025-03-07T17:28:17+00:00\" \/>\n<meta property=\"og:image\" content=\"https:\/\/www.itakaescolapios.org\/wp-content\/uploads\/2024\/10\/Imagen-de-WhatsApp-2024-10-17-a-las-00.14.42_d706e1b6-1.jpg\" \/>\n\t<meta property=\"og:image:width\" content=\"1600\" \/>\n\t<meta property=\"og:image:height\" content=\"1111\" \/>\n\t<meta property=\"og:image:type\" content=\"image\/jpeg\" \/>\n<meta name=\"author\" content=\"itakaescolapios\" \/>\n<meta name=\"twitter:card\" content=\"summary_large_image\" \/>\n<meta name=\"twitter:label1\" content=\"Escrit per\" \/>\n\t<meta name=\"twitter:data1\" content=\"itakaescolapios\" \/>\n\t<meta name=\"twitter:label2\" content=\"Temps estimat de lectura\" \/>\n\t<meta name=\"twitter:data2\" content=\"1 minut\" \/>\n<script type=\"application\/ld+json\" class=\"yoast-schema-graph\">{\"@context\":\"https:\\\/\\\/schema.org\",\"@graph\":[{\"@type\":\"Article\",\"@id\":\"https:\\\/\\\/www.itakaescolapios.org\\\/ca\\\/2024\\\/10\\\/encuentro-con-la-fraternidad-de-estados-unidos-y-puerto-rico\\\/#article\",\"isPartOf\":{\"@id\":\"https:\\\/\\\/www.itakaescolapios.org\\\/ca\\\/2024\\\/10\\\/encuentro-con-la-fraternidad-de-estados-unidos-y-puerto-rico\\\/\"},\"author\":{\"name\":\"itakaescolapios\",\"@id\":\"https:\\\/\\\/www.itakaescolapios.org\\\/es\\\/#\\\/schema\\\/person\\\/768ce0f19db5c2c2b6361e77e15db2db\"},\"headline\":\"Encuentro con la Fraternidad de Estados Unidos y Puerto Rico\",\"datePublished\":\"2024-10-17T07:44:27+00:00\",\"dateModified\":\"2025-03-07T17:28:17+00:00\",\"mainEntityOfPage\":{\"@id\":\"https:\\\/\\\/www.itakaescolapios.org\\\/ca\\\/2024\\\/10\\\/encuentro-con-la-fraternidad-de-estados-unidos-y-puerto-rico\\\/\"},\"wordCount\":204,\"publisher\":{\"@id\":\"https:\\\/\\\/www.itakaescolapios.org\\\/es\\\/#organization\"},\"image\":{\"@id\":\"https:\\\/\\\/www.itakaescolapios.org\\\/ca\\\/2024\\\/10\\\/encuentro-con-la-fraternidad-de-estados-unidos-y-puerto-rico\\\/#primaryimage\"},\"thumbnailUrl\":\"https:\\\/\\\/www.itakaescolapios.org\\\/wp-content\\\/uploads\\\/2024\\\/10\\\/Imagen-de-WhatsApp-2024-10-17-a-las-00.14.42_d706e1b6-1.jpg\",\"articleSection\":[\"Estados Unidos\"],\"inLanguage\":\"ca\"},{\"@type\":\"WebPage\",\"@id\":\"https:\\\/\\\/www.itakaescolapios.org\\\/ca\\\/2024\\\/10\\\/encuentro-con-la-fraternidad-de-estados-unidos-y-puerto-rico\\\/\",\"url\":\"https:\\\/\\\/www.itakaescolapios.org\\\/ca\\\/2024\\\/10\\\/encuentro-con-la-fraternidad-de-estados-unidos-y-puerto-rico\\\/\",\"name\":\"Encuentro con la Fraternidad de Estados Unidos y Puerto Rico - Itaka-Escolapios\",\"isPartOf\":{\"@id\":\"https:\\\/\\\/www.itakaescolapios.org\\\/es\\\/#website\"},\"primaryImageOfPage\":{\"@id\":\"https:\\\/\\\/www.itakaescolapios.org\\\/ca\\\/2024\\\/10\\\/encuentro-con-la-fraternidad-de-estados-unidos-y-puerto-rico\\\/#primaryimage\"},\"image\":{\"@id\":\"https:\\\/\\\/www.itakaescolapios.org\\\/ca\\\/2024\\\/10\\\/encuentro-con-la-fraternidad-de-estados-unidos-y-puerto-rico\\\/#primaryimage\"},\"thumbnailUrl\":\"https:\\\/\\\/www.itakaescolapios.org\\\/wp-content\\\/uploads\\\/2024\\\/10\\\/Imagen-de-WhatsApp-2024-10-17-a-las-00.14.42_d706e1b6-1.jpg\",\"datePublished\":\"2024-10-17T07:44:27+00:00\",\"dateModified\":\"2025-03-07T17:28:17+00:00\",\"breadcrumb\":{\"@id\":\"https:\\\/\\\/www.itakaescolapios.org\\\/ca\\\/2024\\\/10\\\/encuentro-con-la-fraternidad-de-estados-unidos-y-puerto-rico\\\/#breadcrumb\"},\"inLanguage\":\"ca\",\"potentialAction\":[{\"@type\":\"ReadAction\",\"target\":[\"https:\\\/\\\/www.itakaescolapios.org\\\/ca\\\/2024\\\/10\\\/encuentro-con-la-fraternidad-de-estados-unidos-y-puerto-rico\\\/\"]}]},{\"@type\":\"ImageObject\",\"inLanguage\":\"ca\",\"@id\":\"https:\\\/\\\/www.itakaescolapios.org\\\/ca\\\/2024\\\/10\\\/encuentro-con-la-fraternidad-de-estados-unidos-y-puerto-rico\\\/#primaryimage\",\"url\":\"https:\\\/\\\/www.itakaescolapios.org\\\/wp-content\\\/uploads\\\/2024\\\/10\\\/Imagen-de-WhatsApp-2024-10-17-a-las-00.14.42_d706e1b6-1.jpg\",\"contentUrl\":\"https:\\\/\\\/www.itakaescolapios.org\\\/wp-content\\\/uploads\\\/2024\\\/10\\\/Imagen-de-WhatsApp-2024-10-17-a-las-00.14.42_d706e1b6-1.jpg\",\"width\":1600,\"height\":1111},{\"@type\":\"BreadcrumbList\",\"@id\":\"https:\\\/\\\/www.itakaescolapios.org\\\/ca\\\/2024\\\/10\\\/encuentro-con-la-fraternidad-de-estados-unidos-y-puerto-rico\\\/#breadcrumb\",\"itemListElement\":[{\"@type\":\"ListItem\",\"position\":1,\"name\":\"Itaka-Escolapios\",\"item\":\"https:\\\/\\\/www.itakaescolapios.org\\\/es\\\/\"},{\"@type\":\"ListItem\",\"position\":2,\"name\":\"Encuentro con la Fraternidad de Estados Unidos y Puerto Rico\"}]},{\"@type\":\"WebSite\",\"@id\":\"https:\\\/\\\/www.itakaescolapios.org\\\/ca\\\/es\\\/#website\",\"url\":\"https:\\\/\\\/www.itakaescolapios.org\\\/ca\\\/es\\\/\",\"name\":\"Itaka-Escolapios\",\"description\":\"Red de Itaka-Escolapios\",\"publisher\":{\"@id\":\"https:\\\/\\\/www.itakaescolapios.org\\\/ca\\\/es\\\/#organization\"},\"potentialAction\":[{\"@type\":\"SearchAction\",\"target\":{\"@type\":\"EntryPoint\",\"urlTemplate\":\"https:\\\/\\\/www.itakaescolapios.org\\\/ca\\\/es\\\/?s={search_term_string}\"},\"query-input\":{\"@type\":\"PropertyValueSpecification\",\"valueRequired\":true,\"valueName\":\"search_term_string\"}}],\"inLanguage\":\"ca\"},{\"@type\":\"Organization\",\"@id\":\"https:\\\/\\\/www.itakaescolapios.org\\\/ca\\\/es\\\/#organization\",\"name\":\"Fundaci\u00f3 Itaka-Escolapios\",\"url\":\"https:\\\/\\\/www.itakaescolapios.org\\\/ca\\\/es\\\/\",\"logo\":{\"@type\":\"ImageObject\",\"inLanguage\":\"ca\",\"@id\":\"https:\\\/\\\/www.itakaescolapios.org\\\/ca\\\/es\\\/#\\\/schema\\\/logo\\\/image\\\/\",\"url\":\"https:\\\/\\\/www.itakaescolapios.org\\\/wp-content\\\/uploads\\\/2024\\\/04\\\/Logo-itakaescolapios-peque.png\",\"contentUrl\":\"https:\\\/\\\/www.itakaescolapios.org\\\/wp-content\\\/uploads\\\/2024\\\/04\\\/Logo-itakaescolapios-peque.png\",\"width\":500,\"height\":199,\"caption\":\"Fundaci\u00f3 Itaka-Escolapios\"},\"image\":{\"@id\":\"https:\\\/\\\/www.itakaescolapios.org\\\/ca\\\/es\\\/#\\\/schema\\\/logo\\\/image\\\/\"}},{\"@type\":\"Person\",\"@id\":\"https:\\\/\\\/www.itakaescolapios.org\\\/es\\\/#\\\/schema\\\/person\\\/768ce0f19db5c2c2b6361e77e15db2db\",\"name\":\"itakaescolapios\",\"url\":\"https:\\\/\\\/www.itakaescolapios.org\\\/ca\\\/author\\\/itakaescolapios\\\/\"}]}<\/script>\n<!-- \/ Yoast SEO plugin. -->","yoast_head_json":{"title":"Encuentro con la Fraternidad de Estados Unidos y Puerto Rico","description":"El d\u00eda 16 de octubre hemos celebrado un significativo encuentro online con la Fraternidad Escolapia de Estados Unidos y Puerto Rico, recientemente constituida. Ha sido la primera toma de contacto oficial entre la Red Itaka-Escolapios y esta nueva Fraternidad, a\u00fan peque\u00f1a pero con gran ilusi\u00f3n y potencial, como pudimos comprobar en la reuni\u00f3n. Participaron en&hellip;","robots":{"index":"index","follow":"follow","max-snippet":"max-snippet:-1","max-image-preview":"max-image-preview:large","max-video-preview":"max-video-preview:-1"},"canonical":"El d\u00eda 16 de octubre hemos celebrado un significativo encuentro online con la Fraternidad Escolapia de Estados Unidos y Puerto Rico, recientemente constituida. Ha sido la primera toma de contacto oficial entre la Red Itaka-Escolapios y esta nueva Fraternidad, a\u00fan peque\u00f1a pero con gran ilusi\u00f3n y potencial, como pudimos comprobar en la reuni\u00f3n. Participaron en&hellip;","og_locale":"ca_ES","og_type":"article","og_title":"Encuentro con la Fraternidad de Estados Unidos y Puerto Rico","og_description":"El d\u00eda 16 de octubre hemos celebrado un significativo encuentro online con la Fraternidad Escolapia de Estados Unidos y Puerto Rico, recientemente constituida. Ha sido la primera toma de contacto oficial entre la Red Itaka-Escolapios y esta nueva Fraternidad, a\u00fan peque\u00f1a pero con gran ilusi\u00f3n y potencial, como pudimos comprobar en la reuni\u00f3n. Participaron en&hellip;","og_url":"https:\/\/www.itakaescolapios.org\/ca\/2024\/10\/encuentro-con-la-fraternidad-de-estados-unidos-y-puerto-rico\/","og_site_name":"Itaka-Escolapios","article_published_time":"2024-10-17T07:44:27+00:00","article_modified_time":"2025-03-07T17:28:17+00:00","og_image":[{"width":1600,"height":1111,"url":"https:\/\/www.itakaescolapios.org\/wp-content\/uploads\/2024\/10\/Imagen-de-WhatsApp-2024-10-17-a-las-00.14.42_d706e1b6-1.jpg","type":"image\/jpeg"}],"author":"itakaescolapios","twitter_card":"summary_large_image","twitter_misc":{"Escrit per":"itakaescolapios","Temps estimat de lectura":"1 minut"},"schema":{"@context":"https:\/\/schema.org","@graph":[{"@type":"Article","@id":"https:\/\/www.itakaescolapios.org\/ca\/2024\/10\/encuentro-con-la-fraternidad-de-estados-unidos-y-puerto-rico\/#article","isPartOf":{"@id":"https:\/\/www.itakaescolapios.org\/ca\/2024\/10\/encuentro-con-la-fraternidad-de-estados-unidos-y-puerto-rico\/"},"author":{"name":"itakaescolapios","@id":"https:\/\/www.itakaescolapios.org\/es\/#\/schema\/person\/768ce0f19db5c2c2b6361e77e15db2db"},"headline":"Encuentro con la Fraternidad de Estados Unidos y Puerto Rico","datePublished":"2024-10-17T07:44:27+00:00","dateModified":"2025-03-07T17:28:17+00:00","mainEntityOfPage":{"@id":"https:\/\/www.itakaescolapios.org\/ca\/2024\/10\/encuentro-con-la-fraternidad-de-estados-unidos-y-puerto-rico\/"},"wordCount":204,"publisher":{"@id":"https:\/\/www.itakaescolapios.org\/es\/#organization"},"image":{"@id":"https:\/\/www.itakaescolapios.org\/ca\/2024\/10\/encuentro-con-la-fraternidad-de-estados-unidos-y-puerto-rico\/#primaryimage"},"thumbnailUrl":"https:\/\/www.itakaescolapios.org\/wp-content\/uploads\/2024\/10\/Imagen-de-WhatsApp-2024-10-17-a-las-00.14.42_d706e1b6-1.jpg","articleSection":["Estados Unidos"],"inLanguage":"ca"},{"@type":"WebPage","@id":"https:\/\/www.itakaescolapios.org\/ca\/2024\/10\/encuentro-con-la-fraternidad-de-estados-unidos-y-puerto-rico\/","url":"https:\/\/www.itakaescolapios.org\/ca\/2024\/10\/encuentro-con-la-fraternidad-de-estados-unidos-y-puerto-rico\/","name":"Encuentro con la Fraternidad de Estados Unidos y Puerto Rico - Itaka-Escolapios","isPartOf":{"@id":"https:\/\/www.itakaescolapios.org\/es\/#website"},"primaryImageOfPage":{"@id":"https:\/\/www.itakaescolapios.org\/ca\/2024\/10\/encuentro-con-la-fraternidad-de-estados-unidos-y-puerto-rico\/#primaryimage"},"image":{"@id":"https:\/\/www.itakaescolapios.org\/ca\/2024\/10\/encuentro-con-la-fraternidad-de-estados-unidos-y-puerto-rico\/#primaryimage"},"thumbnailUrl":"https:\/\/www.itakaescolapios.org\/wp-content\/uploads\/2024\/10\/Imagen-de-WhatsApp-2024-10-17-a-las-00.14.42_d706e1b6-1.jpg","datePublished":"2024-10-17T07:44:27+00:00","dateModified":"2025-03-07T17:28:17+00:00","breadcrumb":{"@id":"https:\/\/www.itakaescolapios.org\/ca\/2024\/10\/encuentro-con-la-fraternidad-de-estados-unidos-y-puerto-rico\/#breadcrumb"},"inLanguage":"ca","potentialAction":[{"@type":"ReadAction","target":["https:\/\/www.itakaescolapios.org\/ca\/2024\/10\/encuentro-con-la-fraternidad-de-estados-unidos-y-puerto-rico\/"]}]},{"@type":"ImageObject","inLanguage":"ca","@id":"https:\/\/www.itakaescolapios.org\/ca\/2024\/10\/encuentro-con-la-fraternidad-de-estados-unidos-y-puerto-rico\/#primaryimage","url":"https:\/\/www.itakaescolapios.org\/wp-content\/uploads\/2024\/10\/Imagen-de-WhatsApp-2024-10-17-a-las-00.14.42_d706e1b6-1.jpg","contentUrl":"https:\/\/www.itakaescolapios.org\/wp-content\/uploads\/2024\/10\/Imagen-de-WhatsApp-2024-10-17-a-las-00.14.42_d706e1b6-1.jpg","width":1600,"height":1111},{"@type":"BreadcrumbList","@id":"https:\/\/www.itakaescolapios.org\/ca\/2024\/10\/encuentro-con-la-fraternidad-de-estados-unidos-y-puerto-rico\/#breadcrumb","itemListElement":[{"@type":"ListItem","position":1,"name":"Itaka-Escolapios","item":"https:\/\/www.itakaescolapios.org\/es\/"},{"@type":"ListItem","position":2,"name":"Encuentro con la Fraternidad de Estados Unidos y Puerto Rico"}]},{"@type":"WebSite","@id":"https:\/\/www.itakaescolapios.org\/ca\/es\/#website","url":"https:\/\/www.itakaescolapios.org\/ca\/es\/","name":"Itaka-Escolapios","description":"Red de Itaka-Escolapios","publisher":{"@id":"https:\/\/www.itakaescolapios.org\/ca\/es\/#organization"},"potentialAction":[{"@type":"SearchAction","target":{"@type":"EntryPoint","urlTemplate":"https:\/\/www.itakaescolapios.org\/ca\/es\/?s={search_term_string}"},"query-input":{"@type":"PropertyValueSpecification","valueRequired":true,"valueName":"search_term_string"}}],"inLanguage":"ca"},{"@type":"Organization","@id":"https:\/\/www.itakaescolapios.org\/ca\/es\/#organization","name":"Fundaci\u00f3 Itaka-Escolapios","url":"https:\/\/www.itakaescolapios.org\/ca\/es\/","logo":{"@type":"ImageObject","inLanguage":"ca","@id":"https:\/\/www.itakaescolapios.org\/ca\/es\/#\/schema\/logo\/image\/","url":"https:\/\/www.itakaescolapios.org\/wp-content\/uploads\/2024\/04\/Logo-itakaescolapios-peque.png","contentUrl":"https:\/\/www.itakaescolapios.org\/wp-content\/uploads\/2024\/04\/Logo-itakaescolapios-peque.png","width":500,"height":199,"caption":"Fundaci\u00f3 Itaka-Escolapios"},"image":{"@id":"https:\/\/www.itakaescolapios.org\/ca\/es\/#\/schema\/logo\/image\/"}},{"@type":"Person","@id":"https:\/\/www.itakaescolapios.org\/es\/#\/schema\/person\/768ce0f19db5c2c2b6361e77e15db2db","name":"itakaescolapios","url":"https:\/\/www.itakaescolapios.org\/ca\/author\/itakaescolapios\/"}]}},"_links":{"self":[{"href":"https:\/\/www.itakaescolapios.org\/ca\/wp-json\/wp\/v2\/posts\/325312","targetHints":{"allow":["GET"]}}],"collection":[{"href":"https:\/\/www.itakaescolapios.org\/ca\/wp-json\/wp\/v2\/posts"}],"about":[{"href":"https:\/\/www.itakaescolapios.org\/ca\/wp-json\/wp\/v2\/types\/post"}],"author":[{"embeddable":true,"href":"https:\/\/www.itakaescolapios.org\/ca\/wp-json\/wp\/v2\/users\/46"}],"replies":[{"embeddable":true,"href":"https:\/\/www.itakaescolapios.org\/ca\/wp-json\/wp\/v2\/comments?post=325312"}],"version-history":[{"count":2,"href":"https:\/\/www.itakaescolapios.org\/ca\/wp-json\/wp\/v2\/posts\/325312\/revisions"}],"predecessor-version":[{"id":326196,"href":"https:\/\/www.itakaescolapios.org\/ca\/wp-json\/wp\/v2\/posts\/325312\/revisions\/326196"}],"wp:featuredmedia":[{"embeddable":true,"href":"https:\/\/www.itakaescolapios.org\/ca\/wp-json\/wp\/v2\/media\/326011"}],"wp:attachment":[{"href":"https:\/\/www.itakaescolapios.org\/ca\/wp-json\/wp\/v2\/media?parent=325312"}],"wp:term":[{"taxonomy":"category","embeddable":true,"href":"https:\/\/www.itakaescolapios.org\/ca\/wp-json\/wp\/v2\/categories?post=325312"},{"taxonomy":"post_tag","embeddable":true,"href":"https:\/\/www.itakaescolapios.org\/ca\/wp-json\/wp\/v2\/tags?post=325312"}],"curies":[{"name":"wp","href":"https:\/\/api.w.org\/{rel}","templated":true}]}}