{"id":327314,"date":"2025-04-03T13:23:57","date_gmt":"2025-04-03T12:23:57","guid":{"rendered":"https:\/\/www.itakaescolapios.org\/?p=327314"},"modified":"2025-04-14T15:23:00","modified_gmt":"2025-04-14T14:23:00","slug":"lanzamiento-oficial-de-la-campana-de-solidaridad-en-el-complejo-escolar-san-jose-de-calasanz-de-kinshasa","status":"publish","type":"post","link":"https:\/\/www.itakaescolapios.org\/ca\/2025\/04\/lanzamiento-oficial-de-la-campana-de-solidaridad-en-el-complejo-escolar-san-jose-de-calasanz-de-kinshasa\/","title":{"rendered":"Llan\u00e7ament de la campanya oficial de la Campanya de Solidaritat en el Complex Escolar San Jos\u00e9 de Calasanz de Kinshasa"},"content":{"rendered":"<p>[et_pb_section fb_built=&#8221;1&#8243; make_equal=&#8221;on&#8221; use_custom_gutter=&#8221;on&#8221; gutter_width=&#8221;2&#8243; specialty=&#8221;on&#8221; _builder_version=&#8221;4.24.3&#8243; _module_preset=&#8221;default&#8221; width=&#8221;100%&#8221; max_width=&#8221;100%&#8221; module_alignment=&#8221;center&#8221; inner_width=&#8221;90%&#8221; inner_max_width=&#8221;2222px&#8221; inner_module_alignment=&#8221;center&#8221; custom_margin=&#8221;0px||||false|false&#8221; custom_padding=&#8221;0px||||false|false&#8221; da_disable_devices=&#8221;off|off|off&#8221; global_colors_info=&#8221;{}&#8221; da_is_popup=&#8221;off&#8221; da_exit_intent=&#8221;off&#8221; da_has_close=&#8221;on&#8221; da_alt_close=&#8221;off&#8221; da_dark_close=&#8221;off&#8221; da_not_modal=&#8221;on&#8221; da_is_singular=&#8221;off&#8221; da_with_loader=&#8221;off&#8221; da_has_shadow=&#8221;on&#8221;][et_pb_column type=&#8221;3_4&#8243; specialty_columns=&#8221;3&#8243; _builder_version=&#8221;4.16&#8243; custom_padding=&#8221;|||&#8221; global_colors_info=&#8221;{}&#8221; custom_padding__hover=&#8221;|||&#8221;][et_pb_row_inner custom_padding_last_edited=&#8221;on|phone&#8221; _builder_version=&#8221;4.24.3&#8243; _module_preset=&#8221;default&#8221; module_alignment=&#8221;center&#8221; custom_padding=&#8221;|50px|4px||false|false&#8221; custom_padding_tablet=&#8221;|50px|4px||false|false&#8221; custom_padding_phone=&#8221;|0px|||false|false&#8221; border_color_all=&#8221;gcid-b1ace166-c11d-4c70-a679-55884e9ca298&#8243; border_style_all=&#8221;dotted&#8221; border_width_right=&#8221;3px&#8221; border_color_right=&#8221;gcid-b1ace166-c11d-4c70-a679-55884e9ca298&#8243; border_width_right_tablet=&#8221;3px&#8221; border_width_right_phone=&#8221;0px&#8221; border_width_right_last_edited=&#8221;on|desktop&#8221; collapsed=&#8221;off&#8221; global_colors_info=&#8221;{%22gcid-b1ace166-c11d-4c70-a679-55884e9ca298%22:%91%22border_color_all%22,%22border_color_right%22%93}&#8221;][et_pb_column_inner saved_specialty_column_type=&#8221;3_4&#8243; _builder_version=&#8221;4.24.3&#8243; _module_preset=&#8221;default&#8221; global_colors_info=&#8221;{}&#8221;][et_pb_text admin_label=&#8221;T\u00cdTULO NOTICIA&#8221; _builder_version=&#8221;4.27.4&#8243; _module_preset=&#8221;default&#8221; header_font=&#8221;Titulo Itaka-Escolapios|700|||||||&#8221; header_text_align=&#8221;center&#8221; header_text_color=&#8221;gcid-cca90ba6-297c-4d63-9e2c-8201011ef870&#8243; header_font_size=&#8221;50px&#8221; custom_margin=&#8221;||20px||false|false&#8221; custom_margin_tablet=&#8221;||20px||false|false&#8221; custom_margin_phone=&#8221;||20px||false|false&#8221; custom_margin_last_edited=&#8221;on|desktop&#8221; header_font_size_tablet=&#8221;55px&#8221; header_font_size_phone=&#8221;35px&#8221; header_font_size_last_edited=&#8221;on|phone&#8221; content_en_us=&#8221;<\/p>\n<h1><strong>Official launch of the Solidarity Campaign at Complexe Scolaire Saint Joseph Calasanz in Kinshasa<\/strong><\/h1>\n<p>&#8221; content_fr_fr=&#8221;<\/p>\n<h1><strong>Lancement officiel de la Campaigne de Solidarit\u00e9 aux Complexe Scolaire Saint Joseph Calasanz de Kinshasa<\/strong><\/h1>\n<p>&#8221; content_eu=&#8221;<\/p>\n<h1><strong>Elkartasun kanpainaren hasiera ofiziala Complexe Scolaire Saint Joseph Calasanzen, Kinshasan<\/strong><\/h1>\n<p>&#8221; content_ca=&#8221;<\/p>\n<h1><strong>Llan\u00e7ament oficial de la Campanya de Solidaritat en el Complex Escolar San Jos\u00e9 de Calasanz de Kinshasa<\/strong><\/h1>\n<p>&#8221; content_pt_br=&#8221;<\/p>\n<h1><strong>Lan\u00e7amento oficial da Campanha de Solidariedade no Complexe Scolaire Saint Joseph Calasanz em Kinshasa<\/strong><\/h1>\n<p>&#8221; global_colors_info=&#8221;{%22gcid-cca90ba6-297c-4d63-9e2c-8201011ef870%22:%91%22header_text_color%22%93}&#8221;]<\/p>\n<h1><strong>Lanzamiento de la campa\u00f1a oficial de la Campa\u00f1a de Solidaridad en el Complejo Escolar San Jos\u00e9 de Calasanz de Kinshasa<\/strong><\/h1>\n<p>[\/et_pb_text][\/et_pb_column_inner][\/et_pb_row_inner][et_pb_row_inner _builder_version=&#8221;4.27.4&#8243; _module_preset=&#8221;default&#8221; border_width_right=&#8221;3px&#8221; border_color_right=&#8221;gcid-b1ace166-c11d-4c70-a679-55884e9ca298&#8243; border_style_right=&#8221;dotted&#8221; collapsed=&#8221;off&#8221; global_colors_info=&#8221;{%22gcid-b1ace166-c11d-4c70-a679-55884e9ca298%22:%91%22border_color_right%22%93}&#8221;][et_pb_column_inner saved_specialty_column_type=&#8221;3_4&#8243; _builder_version=&#8221;4.27.4&#8243; _module_preset=&#8221;default&#8221; global_colors_info=&#8221;{}&#8221;][et_pb_text admin_label=&#8221;CUERPO NOTICIA&#8221; _builder_version=&#8221;4.27.4&#8243; _module_preset=&#8221;default&#8221; text_font=&#8221;&#8211;et_global_body_font||||||||&#8221; text_font_size=&#8221;16px&#8221; width=&#8221;100%&#8221; module_alignment=&#8221;center&#8221; custom_padding=&#8221;|60px|||false|false&#8221; text_font_size_tablet=&#8221;16px&#8221; text_font_size_phone=&#8221;16px&#8221; text_font_size_last_edited=&#8221;on|desktop&#8221; content_en_us=&#8221;<\/p>\n<p>On March 25, 2025, Reverend Father Adalbert Fouda, head of the Itaka-RDC foundation, raised awareness among all pupils at the Complexe Scolaire Saint Joseph Calasanz. Indeed, the aim of this sensitization was to pass on the message and explain to the pupils the meaning of this solidarity campaign in simpler and easier words, adapted to the children&#8217;s understanding. Reverend Father Adalbert Fouda proceeded to put a series of questions and answers to the children, to see if they had fully understood the meaning of generosity and solidarity in their lives.<\/p>\n<p>&#8221; content_fr_fr=&#8221;<\/p>\n<p>Le 25 mars 2025, le R\u00e9v\u00e9rend P\u00e8re Adalbert Fouda, responsable de la fondation Itaka-RDC a sensibilis\u00e9 tous les \u00e9l\u00e8ves du Complexe Scolaire Saint Joseph Calasanz. En effet, l\u2019objectif de cette sensibilisation \u00e9tait de passer le message et expliquer aux \u00e9l\u00e8ves le sens de cette campagne de solidarit\u00e9 en des mots plus simples et faciles, adapt\u00e9s \u00e0 la compr\u00e9hension des enfants. Certes, le R\u00e9v\u00e9rend P\u00e8re Adalbert Fouda a poss\u00e9d\u00e9 par une s\u00e9rie des questions et r\u00e9ponses aux enfants pour voir si les \u00e9l\u00e8ves ont bien compris le sens de la g\u00e9n\u00e9rosit\u00e9 et de la solidarit\u00e9 dans leur vie.<\/p>\n<p>&#8221; content_eu=&#8221;<\/p>\n<p>2025eko martxoaren 25ean, Aita Adalbert Fouda agurgarriak, Itaka-RDC fundazioaren arduradunak, San Joseph Calasanz Eskola Guneko ikasle guztiak sentsibilizatu ditu. Izan ere, sentsibilizazio horren helburua zen mezua pasatzea eta ikasleei elkartasun kanpaina horren zentzua azaltzea, hitz sinpleago eta errazagoetan, haurren ulermenera egokituak. Egia da, Adalbert Fouda Aita Agurgarria haurren galderen eta erantzunen jabe izan da, ikasleek beren bizian eskuzabaltasunaren eta elkartasunaren zentzua ongi ulertu duten ikusteko.<\/p>\n<p>&#8221; content_ca=&#8221;<\/p>\n<p>El 25 de mar\u00e7 de 2025, el Reverend Pare Adalbert Fouda, responsable de la fundaci\u00f3 Itaka-RDC, va realitzar una sensibilitzaci\u00f3 entre tots els alumnes del complex escolar Saint Joseph Calasanz. L&#8217;objectiu d&#8217;aquesta sensibilitzaci\u00f3 era transmetre el missatge i explicar als alumnes el significat d&#8217;aquesta campanya de solidaritat amb paraules m\u00e9s senzilles i f\u00e0cils, adaptades a la comprensi\u00f3 dels xiquets. El Reverend Pare Adalbert Fouda va plantejar als xiquets una s\u00e8rie de preguntes i respostes per a comprovar si els alumnes havien compr\u00e8s b\u00e9 el significat de la generositat i la solidaritat en les seues vides.<\/p>\n<p>&#8221; content_pt_br=&#8221;<\/p>\n<p>Em 25 de mar\u00e7o de 2025, o Reverendo Padre Adalbert Fouda, diretor da funda\u00e7\u00e3o Itaka-RDC, conscientizou todos os alunos do complexo escolar Saint Joseph Calasanz. O objetivo dessa sensibiliza\u00e7\u00e3o era transmitir a mensagem e explicar aos alunos o significado dessa campanha de solidariedade em palavras mais simples e f\u00e1ceis, adaptadas \u00e0 compreens\u00e3o das crian\u00e7as. O Reverendo Padre Adalberto Fouda fez uma s\u00e9rie de perguntas e respostas \u00e0s crian\u00e7as para verificar se elas haviam compreendido plenamente o significado da generosidade e da solidariedade em suas vidas.<\/p>\n<p>&#8221; global_colors_info=&#8221;{}&#8221;]<\/p>\n<p>El 25 de marzo de 2025, el Reverendo Padre Adalbert Fouda, responsable de la fundaci\u00f3n Itaka-RDC, realiz\u00f3 una sensibilizaci\u00f3n entre todos los alumnos del complejo escolar Saint Joseph Calasanz. El objetivo de esta sensibilizaci\u00f3n era transmitir el mensaje y explicar a los alumnos el significado de esta campa\u00f1a de solidaridad con palabras m\u00e1s sencillas y f\u00e1ciles, adaptadas a la comprensi\u00f3n de los ni\u00f1os. El Reverendo Padre Adalbert Fouda plante\u00f3 a los ni\u00f1os una serie de preguntas y respuestas para comprobar si los alumnos hab\u00edan comprendido bien el significado de la generosidad y la solidaridad en sus vidas.<\/p>\n<p>[\/et_pb_text][\/et_pb_column_inner][\/et_pb_row_inner][et_pb_row_inner admin_label=&#8221;Im\u00e1genes sede&#8221; _builder_version=&#8221;4.27.4&#8243; _module_preset=&#8221;default&#8221; custom_padding=&#8221;20px||||false|false&#8221; border_width_right=&#8221;3px&#8221; border_color_right=&#8221;gcid-b1ace166-c11d-4c70-a679-55884e9ca298&#8243; border_style_right=&#8221;dotted&#8221; border_width_right_tablet=&#8221;3px&#8221; border_width_right_phone=&#8221;0px&#8221; border_width_right_last_edited=&#8221;on|desktop&#8221; collapsed=&#8221;off&#8221; global_colors_info=&#8221;{%22gcid-b1ace166-c11d-4c70-a679-55884e9ca298%22:%91%22border_color_right%22%93}&#8221;][et_pb_column_inner saved_specialty_column_type=&#8221;3_4&#8243; _builder_version=&#8221;4.27.4&#8243; _module_preset=&#8221;default&#8221; global_colors_info=&#8221;{}&#8221;][difl_imagecarousel item_desktop=&#8221;2&#8243; item_tablet=&#8221;1&#8243; loop=&#8221;on&#8221; dots=&#8221;on&#8221; use_lightbox=&#8221;on&#8221; arrow_color=&#8221;gcid-b1ace166-c11d-4c70-a679-55884e9ca298&#8243; dots_color=&#8221;gcid-cca90ba6-297c-4d63-9e2c-8201011ef870&#8243; active_dots_color=&#8221;gcid-b1ace166-c11d-4c70-a679-55884e9ca298&#8243; _builder_version=&#8221;4.27.4&#8243; _module_preset=&#8221;default&#8221; overflow-x=&#8221;hidden&#8221; overflow-y=&#8221;hidden&#8221; custom_margin=&#8221;|60px|||false|false&#8221; custom_margin_tablet=&#8221;|60px|||false|false&#8221; custom_margin_phone=&#8221;|60px|||false|false&#8221; custom_margin_last_edited=&#8221;on|desktop&#8221; custom_css_free_form=&#8221;selector .df_ici_container {margin: 0 auto;}&#8221; global_colors_info=&#8221;{%22gcid-b1ace166-c11d-4c70-a679-55884e9ca298%22:%91%22arrow_color%22,%22active_dots_color%22%93,%22gcid-cca90ba6-297c-4d63-9e2c-8201011ef870%22:%91%22dots_color%22%93}&#8221;][difl_imagecarouselitem image=&#8221;https:\/\/www.itakaescolapios.org\/wp-content\/uploads\/2025\/03\/IMG_20250321_104146_888@1981161266.jpg&#8221; ic_button_button_url_new_window=&#8221;1&#8243; _builder_version=&#8221;4.27.4&#8243; _module_preset=&#8221;default&#8221; global_colors_info=&#8221;{}&#8221;][\/difl_imagecarouselitem][difl_imagecarouselitem image=&#8221;https:\/\/www.itakaescolapios.org\/wp-content\/uploads\/2025\/03\/IMG-20250319-WA0022.jpg&#8221; ic_button_button_url_new_window=&#8221;1&#8243; _builder_version=&#8221;4.27.4&#8243; _module_preset=&#8221;default&#8221; global_colors_info=&#8221;{}&#8221;][\/difl_imagecarouselitem][difl_imagecarouselitem image=&#8221;https:\/\/www.itakaescolapios.org\/wp-content\/uploads\/2025\/03\/IMG-20250327-WA0002.jpg&#8221; ic_button_button_url_new_window=&#8221;1&#8243; _builder_version=&#8221;4.27.4&#8243; _module_preset=&#8221;default&#8221; global_colors_info=&#8221;{}&#8221;][\/difl_imagecarouselitem][difl_imagecarouselitem image=&#8221;https:\/\/www.itakaescolapios.org\/wp-content\/uploads\/2025\/03\/IMG_20250326_174125_384@-571094388.jpg&#8221; ic_button_button_url_new_window=&#8221;1&#8243; _builder_version=&#8221;4.27.4&#8243; _module_preset=&#8221;default&#8221; global_colors_info=&#8221;{}&#8221;][\/difl_imagecarouselitem][difl_imagecarouselitem image=&#8221;https:\/\/www.itakaescolapios.org\/wp-content\/uploads\/2025\/03\/IMG_20250328_112019_740@-1894459090.jpg&#8221; ic_button_button_url_new_window=&#8221;1&#8243; _builder_version=&#8221;4.27.4&#8243; _module_preset=&#8221;default&#8221; global_colors_info=&#8221;{}&#8221;][\/difl_imagecarouselitem][difl_imagecarouselitem image=&#8221;https:\/\/www.itakaescolapios.org\/wp-content\/uploads\/2025\/03\/IMG-20250319-WA0014.jpg&#8221; ic_button_button_url_new_window=&#8221;1&#8243; _builder_version=&#8221;4.27.4&#8243; _module_preset=&#8221;default&#8221; global_colors_info=&#8221;{}&#8221;][\/difl_imagecarouselitem][difl_imagecarouselitem image=&#8221;https:\/\/www.itakaescolapios.org\/wp-content\/uploads\/2025\/03\/IMG_20250327_095251_9@-187386543.jpg&#8221; ic_button_button_url_new_window=&#8221;1&#8243; _builder_version=&#8221;4.27.4&#8243; _module_preset=&#8221;default&#8221; global_colors_info=&#8221;{}&#8221;][\/difl_imagecarouselitem][difl_imagecarouselitem image=&#8221;https:\/\/www.itakaescolapios.org\/wp-content\/uploads\/2025\/03\/IMG_20250327_100848_5@2128185910.jpg&#8221; ic_button_button_url_new_window=&#8221;1&#8243; _builder_version=&#8221;4.27.4&#8243; _module_preset=&#8221;default&#8221; global_colors_info=&#8221;{}&#8221;][\/difl_imagecarouselitem][\/difl_imagecarousel][\/et_pb_column_inner][\/et_pb_row_inner][et_pb_row_inner _builder_version=&#8221;4.24.3&#8243; _module_preset=&#8221;default&#8221; custom_padding=&#8221;20px||||false|false&#8221; border_width_right=&#8221;3px&#8221; border_color_right=&#8221;gcid-b1ace166-c11d-4c70-a679-55884e9ca298&#8243; border_style_right=&#8221;dotted&#8221; border_width_right_tablet=&#8221;3px&#8221; border_width_right_phone=&#8221;0px&#8221; border_width_right_last_edited=&#8221;on|desktop&#8221; collapsed=&#8221;on&#8221; global_colors_info=&#8221;{%22gcid-b1ace166-c11d-4c70-a679-55884e9ca298%22:%91%22border_color_right%22%93}&#8221;][et_pb_column_inner saved_specialty_column_type=&#8221;3_4&#8243; _builder_version=&#8221;4.24.3&#8243; _module_preset=&#8221;default&#8221; global_colors_info=&#8221;{}&#8221;][et_pb_text admin_label=&#8221;L\u00ednea divisoria&#8221; _builder_version=&#8221;4.27.4&#8243; _module_preset=&#8221;default&#8221; header_font=&#8221;IBM Plex Sans|700|||||||&#8221; header_text_color=&#8221;gcid-cca90ba6-297c-4d63-9e2c-8201011ef870&#8243; header_font_size=&#8221;40px&#8221; custom_margin=&#8221;|30px|||false|false&#8221; header_font_size_tablet=&#8221;55px&#8221; header_font_size_phone=&#8221;30px&#8221; header_font_size_last_edited=&#8221;on|phone&#8221; border_width_bottom=&#8221;3px&#8221; border_color_bottom=&#8221;gcid-b1ace166-c11d-4c70-a679-55884e9ca298&#8243; border_style_bottom=&#8221;dotted&#8221; global_colors_info=&#8221;{%22gcid-cca90ba6-297c-4d63-9e2c-8201011ef870%22:%91%22header_text_color%22%93,%22gcid-b1ace166-c11d-4c70-a679-55884e9ca298%22:%91%22border_color_bottom%22%93}&#8221;][\/et_pb_text][difl_imagecarousel item_desktop=&#8221;3&#8243; admin_label=&#8221;Campa\u00f1a, educa y voluntariado&#8221; _builder_version=&#8221;4.27.4&#8243; _module_preset=&#8221;default&#8221; width_tablet=&#8221;&#8221; width_phone=&#8221;100%&#8221; width_last_edited=&#8221;on|desktop&#8221; custom_margin=&#8221;|62px|||false|false&#8221; custom_margin_tablet=&#8221;|62px|||false|false&#8221; custom_margin_phone=&#8221;|62px|||false|false&#8221; custom_margin_last_edited=&#8221;on|desktop&#8221; global_module=&#8221;316782&#8243; global_colors_info=&#8221;{}&#8221; custom_margin__hover_enabled=&#8221;off|desktop&#8221; custom_margin__hover=&#8221;|30px|||false|false&#8221;][difl_imagecarouselitem image=&#8221;https:\/\/www.itakaescolapios.org\/wp-content\/uploads\/2025\/02\/BANNERS-CAMPANA-INFERIOR-500500.jpg&#8221; ic_button_button_url_new_window=&#8221;1&#8243; _builder_version=&#8221;4.27.4&#8243; _module_preset=&#8221;default&#8221; link_option_url=&#8221;https:\/\/www.educa.itakaescolapios.org\/campanas\/2024-2025-abriendo-caminos&#8221; image_en_us=&#8221;https:\/\/www.itakaescolapios.org\/wp-content\/uploads\/2025\/02\/BANNERS-CAMPANA-INFERIOR-5005002.jpg&#8221; image_fr_fr=&#8221;https:\/\/www.itakaescolapios.org\/wp-content\/uploads\/2025\/02\/BANNERS-CAMPANA-INFERIOR-5005003.jpg&#8221; image_eu=&#8221;https:\/\/www.itakaescolapios.org\/wp-content\/uploads\/2025\/02\/BANNERS-CAMPANA-INFERIOR-5005006.jpg&#8221; image_ca=&#8221;https:\/\/www.itakaescolapios.org\/wp-content\/uploads\/2025\/02\/BANNERS-CAMPANA-INFERIOR-5005005.jpg&#8221; image_pt_br=&#8221;https:\/\/www.itakaescolapios.org\/wp-content\/uploads\/2025\/02\/BANNERS-CAMPANA-INFERIOR-5005004.jpg&#8221; global_colors_info=&#8221;{}&#8221;][\/difl_imagecarouselitem][difl_imagecarouselitem admin_label=&#8221;Voluntariado&#8221; image=&#8221;https:\/\/www.itakaescolapios.org\/wp-content\/uploads\/2025\/02\/BANNERS-VOLUNTARIADO-INFERIOR-500500.jpg&#8221; ic_button_button_url_new_window=&#8221;1&#8243; _builder_version=&#8221;4.27.4&#8243; _module_preset=&#8221;default&#8221; link_option_url=&#8221;https:\/\/www.itakaescolapios.org\/es\/haz-voluntariado\/&#8221; image_en_us=&#8221;https:\/\/www.itakaescolapios.org\/wp-content\/uploads\/2025\/02\/BANNERS-VOLUNTARIADO-INFERIOR-5005002.jpg&#8221; ic_button_button_url_en_us=&#8221;https:\/\/www.itakaescolapios.org\/&#8221; image_fr_fr=&#8221;https:\/\/www.itakaescolapios.org\/wp-content\/uploads\/2025\/02\/BANNERS-VOLUNTARIADO-INFERIOR-5005003.jpg&#8221; image_eu=&#8221;https:\/\/www.itakaescolapios.org\/wp-content\/uploads\/2025\/02\/BANNERS-VOLUNTARIADO-INFERIOR-5005006.jpg&#8221; image_ca=&#8221;https:\/\/www.itakaescolapios.org\/wp-content\/uploads\/2025\/02\/BANNERS-VOLUNTARIADO-INFERIOR-5005004.jpg&#8221; image_pt_br=&#8221;https:\/\/www.itakaescolapios.org\/wp-content\/uploads\/2025\/02\/BANNERS-VOLUNTARIADO-INFERIOR-5005005.jpg&#8221; global_colors_info=&#8221;{}&#8221;][\/difl_imagecarouselitem][difl_imagecarouselitem image=&#8221;https:\/\/www.itakaescolapios.org\/wp-content\/uploads\/2025\/02\/BANNERS-EDUCA-INFERIOR-500500.jpg&#8221; ic_button_button_url_new_window=&#8221;1&#8243; _builder_version=&#8221;4.27.4&#8243; _module_preset=&#8221;default&#8221; link_option_url=&#8221;https:\/\/www.educa.itakaescolapios.org\/&#8221; image_en_us=&#8221;https:\/\/www.itakaescolapios.org\/wp-content\/uploads\/2025\/02\/BANNERS-EDUCA-INFERIOR-5005002.jpg&#8221; image_fr_fr=&#8221;https:\/\/www.itakaescolapios.org\/wp-content\/uploads\/2025\/02\/BANNERS-EDUCA-INFERIOR-5005003.jpg&#8221; image_eu=&#8221;https:\/\/www.itakaescolapios.org\/wp-content\/uploads\/2025\/02\/BANNERS-EDUCA-INFERIOR-5005006.jpg&#8221; image_ca=&#8221;https:\/\/www.itakaescolapios.org\/wp-content\/uploads\/2025\/02\/BANNERS-EDUCA-INFERIOR-5005005.jpg&#8221; image_pt_br=&#8221;https:\/\/www.itakaescolapios.org\/wp-content\/uploads\/2025\/02\/BANNERS-EDUCA-INFERIOR-5005004.jpg&#8221; global_colors_info=&#8221;{}&#8221;][\/difl_imagecarouselitem][\/difl_imagecarousel][\/et_pb_column_inner][\/et_pb_row_inner][\/et_pb_column][et_pb_column type=&#8221;1_4&#8243; _builder_version=&#8221;4.16&#8243; custom_padding=&#8221;|||&#8221; global_colors_info=&#8221;{}&#8221; custom_padding__hover=&#8221;|||&#8221;][difl_imagecarousel item_desktop=&#8221;1&#8243; item_tablet=&#8221;1&#8243; loop=&#8221;on&#8221; autoplay=&#8221;on&#8221; autospeed=&#8221;3500&#8243; dots=&#8221;on&#8221; dots_color=&#8221;gcid-cca90ba6-297c-4d63-9e2c-8201011ef870&#8243; active_dots_color=&#8221;gcid-b1ace166-c11d-4c70-a679-55884e9ca298&#8243; dots_gap=&#8221;21px&#8221; item_wrapper_padding=&#8221;||15px||false|false&#8221; admin_label=&#8221;Ser miembro y newsletter&#8221; module_class=&#8221;extiendeenlacedeboton&#8221; _builder_version=&#8221;4.27.4&#8243; _module_preset=&#8221;default&#8221; global_module=&#8221;51656&#8243; saved_tabs=&#8221;all&#8221; global_colors_info=&#8221;{%22gcid-cca90ba6-297c-4d63-9e2c-8201011ef870%22:%91%22dots_color%22%93,%22gcid-b1ace166-c11d-4c70-a679-55884e9ca298%22:%91%22active_dots_color%22%93}&#8221;][difl_imagecarouselitem image=&#8221;https:\/\/www.itakaescolapios.org\/wp-content\/uploads\/2025\/02\/banners-500&#215;500-esp.jpg&#8221; ic_button_button_text=&#8221;bot&#8221; ic_button_button_url=&#8221;\/es\/colabora&#8221; ic_button_button_url_new_window=&#8221;1&#8243; _builder_version=&#8221;4.27.4&#8243; _module_preset=&#8221;default&#8221; image_en_us=&#8221;https:\/\/www.itakaescolapios.org\/wp-content\/uploads\/2025\/02\/banners-500&#215;500-eng.jpg&#8221; ic_button_button_text_en_us=&#8221;bot&#8221; ic_button_button_url_en_us=&#8221;\/en\/collaborate\/&#8221; image_fr_fr=&#8221;https:\/\/www.itakaescolapios.org\/wp-content\/uploads\/2025\/02\/banners-500&#215;500-fra.jpg&#8221; ic_button_button_text_fr_fr=&#8221;bot&#8221; ic_button_button_url_fr_fr=&#8221;\/fr\/collaborez\/&#8221; image_eu=&#8221;https:\/\/www.itakaescolapios.org\/wp-content\/uploads\/2025\/02\/banners-500&#215;500-eusk.jpg&#8221; ic_button_button_text_eu=&#8221;bot&#8221; ic_button_button_url_eu=&#8221;\/eu\/lagundu\/&#8221; image_ca=&#8221;https:\/\/www.itakaescolapios.org\/wp-content\/uploads\/2025\/02\/banners-500&#215;500-val.jpg&#8221; ic_button_button_text_ca=&#8221;bot&#8221; ic_button_button_url_ca=&#8221;\/ca\/collabora\/&#8221; image_pt_br=&#8221;https:\/\/www.itakaescolapios.org\/wp-content\/uploads\/2025\/02\/banners-500&#215;500-port.jpg&#8221; ic_button_button_text_pt_br=&#8221;bot&#8221; ic_button_button_url_pt_br=&#8221;\/pt\/colabore\/&#8221; global_colors_info=&#8221;{}&#8221;][\/difl_imagecarouselitem][difl_imagecarouselitem image=&#8221;https:\/\/www.itakaescolapios.org\/wp-content\/uploads\/2025\/02\/banners-500&#215;500-esp2.png&#8221; ic_button_button_text=&#8221;bot&#8221; ic_button_button_url=&#8221;\/es\/suscribete\/&#8221; ic_button_button_url_new_window=&#8221;1&#8243; _builder_version=&#8221;4.27.4&#8243; _module_preset=&#8221;default&#8221; image_en_us=&#8221;https:\/\/www.itakaescolapios.org\/wp-content\/uploads\/2025\/02\/banners-500&#215;500-eng2.jpg&#8221; ic_button_button_text_en_us=&#8221;bot&#8221; ic_button_button_url_en_us=&#8221;\/en\/subscribe\/&#8221; image_fr_fr=&#8221;https:\/\/www.itakaescolapios.org\/wp-content\/uploads\/2025\/02\/banners-500&#215;500-fra2.jpg&#8221; ic_button_button_text_fr_fr=&#8221;bot&#8221; ic_button_button_url_fr_fr=&#8221;\/fr\/abonnez-vous-maintenant\/&#8221; image_eu=&#8221;https:\/\/www.itakaescolapios.org\/wp-content\/uploads\/2025\/02\/banners-500&#215;500-eusk2.jpg&#8221; ic_button_button_text_eu=&#8221;bot&#8221; ic_button_button_url_eu=&#8221;\/eu\/harpidetu\/&#8221; image_ca=&#8221;https:\/\/www.itakaescolapios.org\/wp-content\/uploads\/2025\/02\/banners-500&#215;500-val2.jpg&#8221; ic_button_button_text_ca=&#8221;bot&#8221; ic_button_button_url_ca=&#8221;\/ca\/subscriu-te\/&#8221; image_pt_br=&#8221;https:\/\/www.itakaescolapios.org\/wp-content\/uploads\/2025\/02\/banners-500&#215;500-port2.jpg&#8221; ic_button_button_text_pt_br=&#8221;bot&#8221; ic_button_button_url_pt_br=&#8221;\/pt\/assine\/&#8221; global_colors_info=&#8221;{}&#8221;][\/difl_imagecarouselitem][\/difl_imagecarousel][et_pb_text admin_label=&#8221;Texto %22\u00daltimas noticias%22&#8243; _builder_version=&#8221;4.25.0&#8243; _module_preset=&#8221;default&#8221; header_font=&#8221;IBM Plex Sans|700|||||||&#8221; header_text_color=&#8221;gcid-cca90ba6-297c-4d63-9e2c-8201011ef870&#8243; header_font_size=&#8221;40px&#8221; custom_margin=&#8221;||||false|false&#8221; header_font_size_tablet=&#8221;55px&#8221; header_font_size_phone=&#8221;30px&#8221; header_font_size_last_edited=&#8221;on|phone&#8221; content_en_us=&#8221;<\/p>\n<h1>Last news<\/h1>\n<p>&#8221; content_fr_fr=&#8221;<\/p>\n<h1>Derni\u00e8res nouvelles<\/h1>\n<p>&#8221; content_eu=&#8221;<\/p>\n<h1>Azken berriak<\/h1>\n<p>&#8221; content_ca=&#8221;<\/p>\n<h1>\u00daltimes not\u00edcies<\/h1>\n<p>&#8221; content_pt_br=&#8221;<\/p>\n<h1>\u00daltimas not\u00edcias<\/h1>\n<p>&#8221; border_width_bottom=&#8221;3px&#8221; border_color_bottom=&#8221;gcid-b1ace166-c11d-4c70-a679-55884e9ca298&#8243; border_style_bottom=&#8221;dotted&#8221; global_module=&#8221;50904&#8243; saved_tabs=&#8221;all&#8221; global_colors_info=&#8221;{%22gcid-cca90ba6-297c-4d63-9e2c-8201011ef870%22:%91%22header_text_color%22,%22header_text_color%22%93,%22gcid-b1ace166-c11d-4c70-a679-55884e9ca298%22:%91%22border_color_bottom%22%93}&#8221;]<\/p>\n<h1>\u00daltimas noticias<\/h1>\n<p>[\/et_pb_text][difl_blogcarousel posts_number=&#8221;6&#8243; post_display=&#8221;by_category&#8221; include_categories=&#8221;337&#8243; use_image_as_background=&#8221;on&#8221; item_desktop=&#8221;1&#8243; item_tablet=&#8221;1&#8243; loop=&#8221;on&#8221; dots=&#8221;on&#8221; equal_height=&#8221;on&#8221; item_background_bgcolor=&#8221;rgba(175,196,16,0.9)&#8221; arrow_color=&#8221;#FFFFFF&#8221; arrow_background=&#8221;gcid-cca90ba6-297c-4d63-9e2c-8201011ef870&#8243; arrow_circle=&#8221;on&#8221; arrow_prev_icon_use_icon=&#8221;off&#8221; arrow_prev_margin=&#8221;|||-70px|false|false&#8221; arrow_prev_margin_tablet=&#8221;&#8221; arrow_prev_margin_phone=&#8221;|||0px|false|false&#8221; arrow_prev_margin_last_edited=&#8221;on|phone&#8221; arrow_next_margin=&#8221;|-70px|||false|false&#8221; arrow_next_margin_tablet=&#8221;&#8221; arrow_next_margin_phone=&#8221;|0px|||false|false&#8221; arrow_next_margin_last_edited=&#8221;on|phone&#8221; large_active_dot=&#8221;on&#8221; dots_color=&#8221;gcid-cca90ba6-297c-4d63-9e2c-8201011ef870&#8243; active_dots_color=&#8221;gcid-b1ace166-c11d-4c70-a679-55884e9ca298&#8243; wrapper_padding=&#8221;||15px||false|false&#8221; item_wrapper_padding=&#8221;300px||||false|false&#8221; item_padding=&#8221;20px||||false|false&#8221; admin_label=&#8221;AQU\u00cd CAMBIA LA CATEGOR\u00cdA&#8221; _builder_version=&#8221;4.27.4&#8243; _module_preset=&#8221;default&#8221; border_radii_item_outer=&#8221;on|8px|8px|8px|8px&#8221; global_colors_info=&#8221;{%22gcid-b1ace166-c11d-4c70-a679-55884e9ca298%22:%91%22item_background_bgcolor%22,%22active_dots_color%22%93}&#8221;][difl_postitem type=&#8221;title&#8221; element_padding=&#8221;10px|10px||10px|false|true&#8221; _builder_version=&#8221;4.27.4&#8243; _module_preset=&#8221;default&#8221; post_font_style_font=&#8221;Merriweather|900|||||||&#8221; post_font_style_text_color=&#8221;#FFFFFF&#8221; post_font_style_font_size=&#8221;20px&#8221; post_font_style_line_height=&#8221;22px&#8221; background_color=&#8221;RGBA(255,255,255,0)&#8221; background_enable_color=&#8221;on&#8221; text_orientation=&#8221;center&#8221; global_colors_info=&#8221;{}&#8221;][\/difl_postitem][difl_postitem type=&#8221;date&#8221; date_format=&#8221;j-F-Y&#8221; meta_display=&#8221;block&#8221; use_icon=&#8221;on&#8221; font_icon=&#8221;&#xe023;||divi||400&#8243; icon_color=&#8221;#FFFFFF&#8221; element_padding=&#8221;|10px||10px|false|true&#8221; _builder_version=&#8221;4.27.4&#8243; _module_preset=&#8221;default&#8221; post_font_style_font=&#8221;IBM Plex Sans|700|||||||&#8221; post_font_style_text_color=&#8221;#FFFFFF&#8221; post_font_style_font_size=&#8221;12px&#8221; background_color=&#8221;RGBA(255,255,255,0)&#8221; background_enable_color=&#8221;on&#8221; text_orientation=&#8221;right&#8221; global_colors_info=&#8221;{}&#8221;][\/difl_postitem][\/difl_blogcarousel][et_pb_text admin_label=&#8221;Texto %22S\u00edguenos%22&#8243; _builder_version=&#8221;4.27.4&#8243; _module_preset=&#8221;default&#8221; header_font=&#8221;IBM Plex Sans|600|||||||&#8221; header_text_color=&#8221;#FFFFFF&#8221; background_color=&#8221;gcid-cca90ba6-297c-4d63-9e2c-8201011ef870&#8243; custom_margin=&#8221;0px||0px||true|false&#8221; custom_padding=&#8221;20px||||false|false&#8221; content_en_us=&#8221;<\/p>\n<h1 style=%22text-align: center;%22>Follow us<\/h1>\n<p>&#8221; content_fr_fr=&#8221;<\/p>\n<h1 style=%22text-align: center;%22>Suivez-nous sur<\/h1>\n<p>&#8221; content_eu=&#8221;<\/p>\n<h1 style=%22text-align: center;%22>Jarraitu<\/h1>\n<p>&#8221; content_ca=&#8221;<\/p>\n<h1 style=%22text-align: center;%22>Segueix-nos<\/h1>\n<p>&#8221; content_pt_br=&#8221;<\/p>\n<h1 style=%22text-align: center;%22>Siga-nos em<\/h1>\n<p>&#8221; border_radii=&#8221;off||15px||&#8221; global_colors_info=&#8221;{%22gcid-cca90ba6-297c-4d63-9e2c-8201011ef870%22:%91%22background_color%22%93}&#8221;]<\/p>\n<h1 style=\"text-align: center;\">S\u00edguenos<\/h1>\n<p>[\/et_pb_text][et_pb_social_media_follow admin_label=&#8221;REDES SOCIALES SEDE&#8221; module_class=&#8221;redes-portada-sede&#8221; _builder_version=&#8221;4.25.1&#8243; _module_preset=&#8221;default&#8221; background_color=&#8221;gcid-cca90ba6-297c-4d63-9e2c-8201011ef870&#8243; text_orientation=&#8221;center&#8221; custom_margin=&#8221;0px||||false|false&#8221; custom_padding=&#8221;15px||15px||true|false&#8221; custom_css_free_form=&#8221;.redes-portada-sede.et_pb_module {border-bottom-left-radius: 15px !important;}&#8221; border_radii=&#8221;off|15px|15px|15px|15px&#8221; global_colors_info=&#8221;{%22gcid-cca90ba6-297c-4d63-9e2c-8201011ef870%22:%91%22background_color%22%93}&#8221;][et_pb_social_media_follow_network social_network=&#8221;facebook&#8221; icon_color=&#8221;gcid-cca90ba6-297c-4d63-9e2c-8201011ef870&#8243; _builder_version=&#8221;4.24.3&#8243; _module_preset=&#8221;default&#8221; background_color=&#8221;#FFFFFF&#8221; background_enable_color=&#8221;on&#8221; global_colors_info=&#8221;{%22gcid-cca90ba6-297c-4d63-9e2c-8201011ef870%22:%91%22icon_color%22%93}&#8221; follow_button=&#8221;off&#8221; url_new_window=&#8221;on&#8221;]facebook[\/et_pb_social_media_follow_network][et_pb_social_media_follow_network social_network=&#8221;instagram&#8221; icon_color=&#8221;gcid-cca90ba6-297c-4d63-9e2c-8201011ef870&#8243; _builder_version=&#8221;4.24.3&#8243; _module_preset=&#8221;default&#8221; background_color=&#8221;#FFFFFF&#8221; background_enable_color=&#8221;on&#8221; global_colors_info=&#8221;{%22gcid-cca90ba6-297c-4d63-9e2c-8201011ef870%22:%91%22icon_color%22%93}&#8221; follow_button=&#8221;off&#8221; url_new_window=&#8221;on&#8221;]instagram[\/et_pb_social_media_follow_network][et_pb_social_media_follow_network social_network=&#8221;youtube&#8221; icon_color=&#8221;gcid-cca90ba6-297c-4d63-9e2c-8201011ef870&#8243; _builder_version=&#8221;4.24.3&#8243; _module_preset=&#8221;default&#8221; background_color=&#8221;#FFFFFF&#8221; background_enable_color=&#8221;on&#8221; global_colors_info=&#8221;{%22gcid-cca90ba6-297c-4d63-9e2c-8201011ef870%22:%91%22icon_color%22%93}&#8221; follow_button=&#8221;off&#8221; url_new_window=&#8221;on&#8221;]youtube[\/et_pb_social_media_follow_network][\/et_pb_social_media_follow][difl_imagecarousel item_desktop=&#8221;1&#8243; item_tablet=&#8221;1&#8243; loop=&#8221;on&#8221; autoplay=&#8221;on&#8221; autospeed=&#8221;3500&#8243; dots=&#8221;on&#8221; dots_color=&#8221;gcid-cca90ba6-297c-4d63-9e2c-8201011ef870&#8243; active_dots_color=&#8221;gcid-b1ace166-c11d-4c70-a679-55884e9ca298&#8243; item_wrapper_padding=&#8221;||20px||false|false&#8221; admin_label=&#8221;Formaci\u00f3n, hemeroteca y formaci\u00f3n&#8221; module_class=&#8221;extiendeenlacedeboton&#8221; _builder_version=&#8221;4.27.4&#8243; _module_preset=&#8221;default&#8221; module_alignment=&#8221;center&#8221; custom_margin=&#8221;||||false|false&#8221; global_module=&#8221;51721&#8243; saved_tabs=&#8221;all&#8221; global_colors_info=&#8221;{%22gcid-cca90ba6-297c-4d63-9e2c-8201011ef870%22:%91%22dots_color%22%93,%22gcid-b1ace166-c11d-4c70-a679-55884e9ca298%22:%91%22active_dots_color%22%93}&#8221; custom_margin__hover_enabled=&#8221;on|hover&#8221; custom_margin__hover=&#8221;||||false|false&#8221;][difl_imagecarouselitem admin_label=&#8221;Formaci\u00f3n&#8221; image=&#8221;https:\/\/www.itakaescolapios.org\/wp-content\/uploads\/2025\/02\/banners-500&#215;500-esp5.jpg&#8221; ic_button_button_text=&#8221;bot&#8221; ic_button_button_url=&#8221;\/es\/que-hacemos\/formacion\/&#8221; ic_button_button_url_new_window=&#8221;1&#8243; _builder_version=&#8221;4.27.4&#8243; _module_preset=&#8221;default&#8221; image_en_us=&#8221;https:\/\/www.itakaescolapios.org\/wp-content\/uploads\/2025\/02\/banners-500&#215;500-eng5.jpg&#8221; ic_button_button_text_en_us=&#8221;bot&#8221; ic_button_button_url_en_us=&#8221;\/en\/what-we-do\/training\/&#8221; image_fr_fr=&#8221;https:\/\/www.itakaescolapios.org\/wp-content\/uploads\/2025\/02\/banners-500&#215;500-fra5.jpg&#8221; ic_button_button_text_fr_fr=&#8221;bot&#8221; ic_button_button_url_fr_fr=&#8221;\/fr\/que-faisons-nous\/formation\/&#8221; image_eu=&#8221;https:\/\/www.itakaescolapios.org\/wp-content\/uploads\/2025\/02\/banners-500&#215;500-eusk5.jpg&#8221; ic_button_button_text_eu=&#8221;bot&#8221; ic_button_button_url_eu=&#8221;\/eu\/zer-egiten-dugu\/prestakuntza\/&#8221; image_ca=&#8221;https:\/\/www.itakaescolapios.org\/wp-content\/uploads\/2025\/02\/banners-500&#215;500-val5.jpg&#8221; ic_button_button_text_ca=&#8221;bot&#8221; ic_button_button_url_ca=&#8221;\/ca\/que-fem\/formacio\/&#8221; image_pt_br=&#8221;https:\/\/www.itakaescolapios.org\/wp-content\/uploads\/2025\/02\/banners-500&#215;500-port5.jpg&#8221; ic_button_button_text_pt_br=&#8221;bot&#8221; ic_button_button_url_pt_br=&#8221;\/pt\/o-que-fazemos\/formacao\/&#8221; global_colors_info=&#8221;{}&#8221;][\/difl_imagecarouselitem][difl_imagecarouselitem admin_label=&#8221;Publicaciones&#8221; image=&#8221;https:\/\/www.itakaescolapios.org\/wp-content\/uploads\/2025\/02\/banners-500&#215;500-esp3-1.jpg&#8221; ic_button_button_text=&#8221;bot&#8221; ic_button_button_url=&#8221;\/es\/publicaciones&#8221; ic_button_button_url_new_window=&#8221;1&#8243; _builder_version=&#8221;4.27.4&#8243; _module_preset=&#8221;default&#8221; image_en_us=&#8221;https:\/\/www.itakaescolapios.org\/wp-content\/uploads\/2025\/02\/banners-500&#215;500-eng3.jpg&#8221; ic_button_button_text_en_us=&#8221;bot&#8221; ic_button_button_url_en_us=&#8221;\/en\/publicaciones&#8221; image_fr_fr=&#8221;https:\/\/www.itakaescolapios.org\/wp-content\/uploads\/2025\/02\/banners-500&#215;500-fra3.jpg&#8221; ic_button_button_text_fr_fr=&#8221;bot&#8221; ic_button_button_url_fr_fr=&#8221;\/fr\/publicaciones&#8221; image_eu=&#8221;https:\/\/www.itakaescolapios.org\/wp-content\/uploads\/2025\/02\/banners-500&#215;500-eusk3.jpg&#8221; ic_button_button_text_eu=&#8221;bot&#8221; ic_button_button_url_eu=&#8221;\/eu\/publicaciones&#8221; image_ca=&#8221;https:\/\/www.itakaescolapios.org\/wp-content\/uploads\/2025\/02\/banners-500&#215;500-val3.jpg&#8221; ic_button_button_text_ca=&#8221;bot&#8221; ic_button_button_url_ca=&#8221;\/ca\/publicaciones&#8221; image_pt_br=&#8221;https:\/\/www.itakaescolapios.org\/wp-content\/uploads\/2025\/02\/banners-500&#215;500-port3.jpg&#8221; ic_button_button_text_pt_br=&#8221;bot&#8221; ic_button_button_url_pt_br=&#8221;\/pt\/publicaciones&#8221; global_colors_info=&#8221;{}&#8221;][\/difl_imagecarouselitem][difl_imagecarouselitem admin_label=&#8221;Hemeroteca&#8221; image=&#8221;https:\/\/www.itakaescolapios.org\/wp-content\/uploads\/2025\/02\/banners-500&#215;500-esp4.jpg&#8221; ic_button_button_text=&#8221;bot&#8221; ic_button_button_url=&#8221;\/es\/noticias\/&#8221; ic_button_button_url_new_window=&#8221;1&#8243; _builder_version=&#8221;4.27.4&#8243; _module_preset=&#8221;default&#8221; image_en_us=&#8221;https:\/\/www.itakaescolapios.org\/wp-content\/uploads\/2025\/02\/banners-500&#215;500-eng4.jpg&#8221; ic_button_button_text_en_us=&#8221;bot&#8221; ic_button_button_url_en_us=&#8221;7en\/news\/&#8221; image_fr_fr=&#8221;https:\/\/www.itakaescolapios.org\/wp-content\/uploads\/2025\/02\/banners-500&#215;500-fra4.jpg&#8221; ic_button_button_text_fr_fr=&#8221;bot&#8221; ic_button_button_url_fr_fr=&#8221;\/fr\/actualites\/&#8221; image_eu=&#8221;https:\/\/www.itakaescolapios.org\/wp-content\/uploads\/2025\/02\/banners-500&#215;500-eusk4.jpg&#8221; ic_button_button_text_eu=&#8221;bot&#8221; ic_button_button_url_eu=&#8221;\/eu\/berriak\/&#8221; image_ca=&#8221;https:\/\/www.itakaescolapios.org\/wp-content\/uploads\/2025\/02\/banners-500&#215;500-val4.jpg&#8221; ic_button_button_text_ca=&#8221;bot&#8221; ic_button_button_url_ca=&#8221;\/ca\/noticies\/&#8221; image_pt_br=&#8221;https:\/\/www.itakaescolapios.org\/wp-content\/uploads\/2025\/02\/banners-500&#215;500-port4.jpg&#8221; ic_button_button_text_pt_br=&#8221;bot&#8221; ic_button_button_url_pt_br=&#8221;\/pt\/novidades\/&#8221; global_colors_info=&#8221;{}&#8221;][\/difl_imagecarouselitem][\/difl_imagecarousel][\/et_pb_column][\/et_pb_section]<\/p>\n","protected":false},"excerpt":{"rendered":"<p>El 25 de mar\u00e7 de 2025, el Reverend Pare Adalbert Fouda, responsable de la fundaci\u00f3 Itaka-RDC, va realitzar una sensibilitzaci\u00f3 entre tots els alumnes del complex escolar Saint Joseph Calasanz. L&#8217;objectiu d&#8217;aquesta sensibilitzaci\u00f3 era transmetre el missatge i explicar als alumnes el significat d&#8217;aquesta campanya de solidaritat amb paraules m\u00e9s senzilles i f\u00e0cils, adaptades a la comprensi\u00f3 dels xiquets.<\/p>\n","protected":false},"author":69,"featured_media":327261,"comment_status":"closed","ping_status":"closed","sticky":false,"template":"","format":"standard","meta":{"_et_pb_use_builder":"on","_et_pb_old_content":"","_et_gb_content_width":"","footnotes":""},"categories":[337],"tags":[],"class_list":["post-327314","post","type-post","status-publish","format-standard","has-post-thumbnail","hentry","category-r-d-congo"],"yoast_head":"<!-- This site is optimized with the Yoast SEO plugin v27.4 - https:\/\/yoast.com\/product\/yoast-seo-wordpress\/ -->\n<title>Llan\u00e7ament de la campanya oficial de la Campanya de Solidaritat en el Complex Escolar San Jos\u00e9 de Calasanz de Kinshasa<\/title>\n<meta name=\"description\" content=\"El 25 de mar\u00e7 de 2025, el Reverend Pare Adalbert Fouda, responsable de la fundaci\u00f3 Itaka-RDC, va realitzar una sensibilitzaci\u00f3 entre tots els alumnes del complex escolar Saint Joseph Calasanz. L&#039;objectiu d&#039;aquesta sensibilitzaci\u00f3 era transmetre el missatge i explicar als alumnes el significat d&#039;aquesta campanya de solidaritat amb paraules m\u00e9s senzilles i f\u00e0cils, adaptades a la comprensi\u00f3 dels xiquets.\" \/>\n<meta name=\"robots\" content=\"index, follow, max-snippet:-1, max-image-preview:large, max-video-preview:-1\" \/>\n<link rel=\"canonical\" href=\"http:\/\/El%2025%20de%20mar\u00e7%20de%202025,%20el%20Reverend%20Pare%20Adalbert%20Fouda,%20responsable%20de%20la%20fundaci\u00f3%20Itaka-RDC,%20va%20realitzar%20una%20sensibilitzaci\u00f3%20entre%20tots%20els%20alumnes%20del%20complex%20escolar%20Saint%20Joseph%20Calasanz.%20L'objectiu%20d'aquesta%20sensibilitzaci\u00f3%20era%20transmetre%20el%20missatge%20i%20explicar%20als%20alumnes%20el%20significat%20d'aquesta%20campanya%20de%20solidaritat%20amb%20paraules%20m\u00e9s%20senzilles%20i%20f\u00e0cils,%20adaptades%20a%20la%20comprensi\u00f3%20dels%20xiquets.\" \/>\n<meta property=\"og:locale\" content=\"ca_ES\" \/>\n<meta property=\"og:type\" content=\"article\" \/>\n<meta property=\"og:title\" content=\"Llan\u00e7ament de la campanya oficial de la Campanya de Solidaritat en el Complex Escolar San Jos\u00e9 de Calasanz de Kinshasa\" \/>\n<meta property=\"og:description\" content=\"El 25 de mar\u00e7 de 2025, el Reverend Pare Adalbert Fouda, responsable de la fundaci\u00f3 Itaka-RDC, va realitzar una sensibilitzaci\u00f3 entre tots els alumnes del complex escolar Saint Joseph Calasanz. L&#039;objectiu d&#039;aquesta sensibilitzaci\u00f3 era transmetre el missatge i explicar als alumnes el significat d&#039;aquesta campanya de solidaritat amb paraules m\u00e9s senzilles i f\u00e0cils, adaptades a la comprensi\u00f3 dels xiquets.\" \/>\n<meta property=\"og:url\" content=\"https:\/\/www.itakaescolapios.org\/ca\/2025\/04\/lanzamiento-oficial-de-la-campana-de-solidaridad-en-el-complejo-escolar-san-jose-de-calasanz-de-kinshasa\/\" \/>\n<meta property=\"og:site_name\" content=\"Itaka-Escolapios\" \/>\n<meta property=\"article:published_time\" content=\"2025-04-03T12:23:57+00:00\" \/>\n<meta property=\"article:modified_time\" content=\"2025-04-14T14:23:00+00:00\" \/>\n<meta property=\"og:image\" content=\"https:\/\/www.itakaescolapios.org\/wp-content\/uploads\/2025\/03\/IMG_20250328_112019_740@-1894459090-1.jpg\" \/>\n\t<meta property=\"og:image:width\" content=\"2000\" \/>\n\t<meta property=\"og:image:height\" content=\"1500\" \/>\n\t<meta property=\"og:image:type\" content=\"image\/jpeg\" \/>\n<meta name=\"author\" content=\"Paz Su\u00f1er\" \/>\n<meta name=\"twitter:card\" content=\"summary_large_image\" \/>\n<meta name=\"twitter:label1\" content=\"Escrit per\" \/>\n\t<meta name=\"twitter:data1\" content=\"Paz Su\u00f1er\" \/>\n\t<meta name=\"twitter:label2\" content=\"Temps estimat de lectura\" \/>\n\t<meta name=\"twitter:data2\" content=\"5 minuts\" \/>\n<script type=\"application\/ld+json\" class=\"yoast-schema-graph\">{\"@context\":\"https:\\\/\\\/schema.org\",\"@graph\":[{\"@type\":\"Article\",\"@id\":\"https:\\\/\\\/www.itakaescolapios.org\\\/ca\\\/2025\\\/04\\\/lanzamiento-oficial-de-la-campana-de-solidaridad-en-el-complejo-escolar-san-jose-de-calasanz-de-kinshasa\\\/#article\",\"isPartOf\":{\"@id\":\"https:\\\/\\\/www.itakaescolapios.org\\\/ca\\\/2025\\\/04\\\/lanzamiento-oficial-de-la-campana-de-solidaridad-en-el-complejo-escolar-san-jose-de-calasanz-de-kinshasa\\\/\"},\"author\":{\"name\":\"Paz Su\u00f1er\",\"@id\":\"https:\\\/\\\/www.itakaescolapios.org\\\/es\\\/#\\\/schema\\\/person\\\/b4aee0bb1423368fa9a5439a0985739e\"},\"headline\":\"Llan\u00e7ament de la campanya oficial de la Campanya de Solidaritat en el Complex Escolar San Jos\u00e9 de Calasanz de Kinshasa\",\"datePublished\":\"2025-04-03T12:23:57+00:00\",\"dateModified\":\"2025-04-14T14:23:00+00:00\",\"mainEntityOfPage\":{\"@id\":\"https:\\\/\\\/www.itakaescolapios.org\\\/ca\\\/2025\\\/04\\\/lanzamiento-oficial-de-la-campana-de-solidaridad-en-el-complejo-escolar-san-jose-de-calasanz-de-kinshasa\\\/\"},\"wordCount\":4045,\"publisher\":{\"@id\":\"https:\\\/\\\/www.itakaescolapios.org\\\/es\\\/#organization\"},\"image\":{\"@id\":\"https:\\\/\\\/www.itakaescolapios.org\\\/ca\\\/2025\\\/04\\\/lanzamiento-oficial-de-la-campana-de-solidaridad-en-el-complejo-escolar-san-jose-de-calasanz-de-kinshasa\\\/#primaryimage\"},\"thumbnailUrl\":\"https:\\\/\\\/www.itakaescolapios.org\\\/wp-content\\\/uploads\\\/2025\\\/03\\\/IMG_20250328_112019_740@-1894459090-1.jpg\",\"articleSection\":[\"R.D. Congo\"],\"inLanguage\":\"ca\"},{\"@type\":\"WebPage\",\"@id\":\"https:\\\/\\\/www.itakaescolapios.org\\\/ca\\\/2025\\\/04\\\/lanzamiento-oficial-de-la-campana-de-solidaridad-en-el-complejo-escolar-san-jose-de-calasanz-de-kinshasa\\\/\",\"url\":\"https:\\\/\\\/www.itakaescolapios.org\\\/ca\\\/2025\\\/04\\\/lanzamiento-oficial-de-la-campana-de-solidaridad-en-el-complejo-escolar-san-jose-de-calasanz-de-kinshasa\\\/\",\"name\":\"LANZAMIENTO OFICIAL DE LA CAMPA\u00d1A DE SOLIDARIDAD EN EL COMPLEJO ESCOLAR SAN JOS\u00c9 DE CALASANZ DE KINSHASA - Itaka-Escolapios\",\"isPartOf\":{\"@id\":\"https:\\\/\\\/www.itakaescolapios.org\\\/es\\\/#website\"},\"primaryImageOfPage\":{\"@id\":\"https:\\\/\\\/www.itakaescolapios.org\\\/ca\\\/2025\\\/04\\\/lanzamiento-oficial-de-la-campana-de-solidaridad-en-el-complejo-escolar-san-jose-de-calasanz-de-kinshasa\\\/#primaryimage\"},\"image\":{\"@id\":\"https:\\\/\\\/www.itakaescolapios.org\\\/ca\\\/2025\\\/04\\\/lanzamiento-oficial-de-la-campana-de-solidaridad-en-el-complejo-escolar-san-jose-de-calasanz-de-kinshasa\\\/#primaryimage\"},\"thumbnailUrl\":\"https:\\\/\\\/www.itakaescolapios.org\\\/wp-content\\\/uploads\\\/2025\\\/03\\\/IMG_20250328_112019_740@-1894459090-1.jpg\",\"datePublished\":\"2025-04-03T12:23:57+00:00\",\"dateModified\":\"2025-04-14T14:23:00+00:00\",\"breadcrumb\":{\"@id\":\"https:\\\/\\\/www.itakaescolapios.org\\\/ca\\\/2025\\\/04\\\/lanzamiento-oficial-de-la-campana-de-solidaridad-en-el-complejo-escolar-san-jose-de-calasanz-de-kinshasa\\\/#breadcrumb\"},\"inLanguage\":\"ca\",\"potentialAction\":[{\"@type\":\"ReadAction\",\"target\":[\"https:\\\/\\\/www.itakaescolapios.org\\\/ca\\\/2025\\\/04\\\/lanzamiento-oficial-de-la-campana-de-solidaridad-en-el-complejo-escolar-san-jose-de-calasanz-de-kinshasa\\\/\"]}]},{\"@type\":\"ImageObject\",\"inLanguage\":\"ca\",\"@id\":\"https:\\\/\\\/www.itakaescolapios.org\\\/ca\\\/2025\\\/04\\\/lanzamiento-oficial-de-la-campana-de-solidaridad-en-el-complejo-escolar-san-jose-de-calasanz-de-kinshasa\\\/#primaryimage\",\"url\":\"https:\\\/\\\/www.itakaescolapios.org\\\/wp-content\\\/uploads\\\/2025\\\/03\\\/IMG_20250328_112019_740@-1894459090-1.jpg\",\"contentUrl\":\"https:\\\/\\\/www.itakaescolapios.org\\\/wp-content\\\/uploads\\\/2025\\\/03\\\/IMG_20250328_112019_740@-1894459090-1.jpg\",\"width\":2000,\"height\":1500},{\"@type\":\"BreadcrumbList\",\"@id\":\"https:\\\/\\\/www.itakaescolapios.org\\\/ca\\\/2025\\\/04\\\/lanzamiento-oficial-de-la-campana-de-solidaridad-en-el-complejo-escolar-san-jose-de-calasanz-de-kinshasa\\\/#breadcrumb\",\"itemListElement\":[{\"@type\":\"ListItem\",\"position\":1,\"name\":\"Itaka-Escolapios\",\"item\":\"https:\\\/\\\/www.itakaescolapios.org\\\/es\\\/\"},{\"@type\":\"ListItem\",\"position\":2,\"name\":\"Llan\u00e7ament de la campanya oficial de la Campanya de Solidaritat en el Complex Escolar San Jos\u00e9 de Calasanz de Kinshasa\"}]},{\"@type\":\"WebSite\",\"@id\":\"https:\\\/\\\/www.itakaescolapios.org\\\/ca\\\/es\\\/#website\",\"url\":\"https:\\\/\\\/www.itakaescolapios.org\\\/ca\\\/es\\\/\",\"name\":\"Itaka-Escolapios\",\"description\":\"Red de Itaka-Escolapios\",\"publisher\":{\"@id\":\"https:\\\/\\\/www.itakaescolapios.org\\\/ca\\\/es\\\/#organization\"},\"potentialAction\":[{\"@type\":\"SearchAction\",\"target\":{\"@type\":\"EntryPoint\",\"urlTemplate\":\"https:\\\/\\\/www.itakaescolapios.org\\\/ca\\\/es\\\/?s={search_term_string}\"},\"query-input\":{\"@type\":\"PropertyValueSpecification\",\"valueRequired\":true,\"valueName\":\"search_term_string\"}}],\"inLanguage\":\"ca\"},{\"@type\":\"Organization\",\"@id\":\"https:\\\/\\\/www.itakaescolapios.org\\\/ca\\\/es\\\/#organization\",\"name\":\"Fundaci\u00f3 Itaka-Escolapios\",\"url\":\"https:\\\/\\\/www.itakaescolapios.org\\\/ca\\\/es\\\/\",\"logo\":{\"@type\":\"ImageObject\",\"inLanguage\":\"ca\",\"@id\":\"https:\\\/\\\/www.itakaescolapios.org\\\/ca\\\/es\\\/#\\\/schema\\\/logo\\\/image\\\/\",\"url\":\"https:\\\/\\\/www.itakaescolapios.org\\\/wp-content\\\/uploads\\\/2024\\\/04\\\/Logo-itakaescolapios-peque.png\",\"contentUrl\":\"https:\\\/\\\/www.itakaescolapios.org\\\/wp-content\\\/uploads\\\/2024\\\/04\\\/Logo-itakaescolapios-peque.png\",\"width\":500,\"height\":199,\"caption\":\"Fundaci\u00f3 Itaka-Escolapios\"},\"image\":{\"@id\":\"https:\\\/\\\/www.itakaescolapios.org\\\/ca\\\/es\\\/#\\\/schema\\\/logo\\\/image\\\/\"}},{\"@type\":\"Person\",\"@id\":\"https:\\\/\\\/www.itakaescolapios.org\\\/es\\\/#\\\/schema\\\/person\\\/b4aee0bb1423368fa9a5439a0985739e\",\"name\":\"Paz Su\u00f1er\",\"url\":\"https:\\\/\\\/www.itakaescolapios.org\\\/ca\\\/author\\\/pazsuner\\\/\"}]}<\/script>\n<!-- \/ Yoast SEO plugin. -->","yoast_head_json":{"title":"Llan\u00e7ament de la campanya oficial de la Campanya de Solidaritat en el Complex Escolar San Jos\u00e9 de Calasanz de Kinshasa","description":"El 25 de mar\u00e7 de 2025, el Reverend Pare Adalbert Fouda, responsable de la fundaci\u00f3 Itaka-RDC, va realitzar una sensibilitzaci\u00f3 entre tots els alumnes del complex escolar Saint Joseph Calasanz. L'objectiu d'aquesta sensibilitzaci\u00f3 era transmetre el missatge i explicar als alumnes el significat d'aquesta campanya de solidaritat amb paraules m\u00e9s senzilles i f\u00e0cils, adaptades a la comprensi\u00f3 dels xiquets.","robots":{"index":"index","follow":"follow","max-snippet":"max-snippet:-1","max-image-preview":"max-image-preview:large","max-video-preview":"max-video-preview:-1"},"canonical":"El 25 de mar\u00e7 de 2025, el Reverend Pare Adalbert Fouda, responsable de la fundaci\u00f3 Itaka-RDC, va realitzar una sensibilitzaci\u00f3 entre tots els alumnes del complex escolar Saint Joseph Calasanz. L'objectiu d'aquesta sensibilitzaci\u00f3 era transmetre el missatge i explicar als alumnes el significat d'aquesta campanya de solidaritat amb paraules m\u00e9s senzilles i f\u00e0cils, adaptades a la comprensi\u00f3 dels xiquets.","og_locale":"ca_ES","og_type":"article","og_title":"Llan\u00e7ament de la campanya oficial de la Campanya de Solidaritat en el Complex Escolar San Jos\u00e9 de Calasanz de Kinshasa","og_description":"El 25 de mar\u00e7 de 2025, el Reverend Pare Adalbert Fouda, responsable de la fundaci\u00f3 Itaka-RDC, va realitzar una sensibilitzaci\u00f3 entre tots els alumnes del complex escolar Saint Joseph Calasanz. L'objectiu d'aquesta sensibilitzaci\u00f3 era transmetre el missatge i explicar als alumnes el significat d'aquesta campanya de solidaritat amb paraules m\u00e9s senzilles i f\u00e0cils, adaptades a la comprensi\u00f3 dels xiquets.","og_url":"https:\/\/www.itakaescolapios.org\/ca\/2025\/04\/lanzamiento-oficial-de-la-campana-de-solidaridad-en-el-complejo-escolar-san-jose-de-calasanz-de-kinshasa\/","og_site_name":"Itaka-Escolapios","article_published_time":"2025-04-03T12:23:57+00:00","article_modified_time":"2025-04-14T14:23:00+00:00","og_image":[{"width":2000,"height":1500,"url":"https:\/\/www.itakaescolapios.org\/wp-content\/uploads\/2025\/03\/IMG_20250328_112019_740@-1894459090-1.jpg","type":"image\/jpeg"}],"author":"Paz Su\u00f1er","twitter_card":"summary_large_image","twitter_misc":{"Escrit per":"Paz Su\u00f1er","Temps estimat de lectura":"5 minuts"},"schema":{"@context":"https:\/\/schema.org","@graph":[{"@type":"Article","@id":"https:\/\/www.itakaescolapios.org\/ca\/2025\/04\/lanzamiento-oficial-de-la-campana-de-solidaridad-en-el-complejo-escolar-san-jose-de-calasanz-de-kinshasa\/#article","isPartOf":{"@id":"https:\/\/www.itakaescolapios.org\/ca\/2025\/04\/lanzamiento-oficial-de-la-campana-de-solidaridad-en-el-complejo-escolar-san-jose-de-calasanz-de-kinshasa\/"},"author":{"name":"Paz Su\u00f1er","@id":"https:\/\/www.itakaescolapios.org\/es\/#\/schema\/person\/b4aee0bb1423368fa9a5439a0985739e"},"headline":"Llan\u00e7ament de la campanya oficial de la Campanya de Solidaritat en el Complex Escolar San Jos\u00e9 de Calasanz de Kinshasa","datePublished":"2025-04-03T12:23:57+00:00","dateModified":"2025-04-14T14:23:00+00:00","mainEntityOfPage":{"@id":"https:\/\/www.itakaescolapios.org\/ca\/2025\/04\/lanzamiento-oficial-de-la-campana-de-solidaridad-en-el-complejo-escolar-san-jose-de-calasanz-de-kinshasa\/"},"wordCount":4045,"publisher":{"@id":"https:\/\/www.itakaescolapios.org\/es\/#organization"},"image":{"@id":"https:\/\/www.itakaescolapios.org\/ca\/2025\/04\/lanzamiento-oficial-de-la-campana-de-solidaridad-en-el-complejo-escolar-san-jose-de-calasanz-de-kinshasa\/#primaryimage"},"thumbnailUrl":"https:\/\/www.itakaescolapios.org\/wp-content\/uploads\/2025\/03\/IMG_20250328_112019_740@-1894459090-1.jpg","articleSection":["R.D. Congo"],"inLanguage":"ca"},{"@type":"WebPage","@id":"https:\/\/www.itakaescolapios.org\/ca\/2025\/04\/lanzamiento-oficial-de-la-campana-de-solidaridad-en-el-complejo-escolar-san-jose-de-calasanz-de-kinshasa\/","url":"https:\/\/www.itakaescolapios.org\/ca\/2025\/04\/lanzamiento-oficial-de-la-campana-de-solidaridad-en-el-complejo-escolar-san-jose-de-calasanz-de-kinshasa\/","name":"LANZAMIENTO OFICIAL DE LA CAMPA\u00d1A DE SOLIDARIDAD EN EL COMPLEJO ESCOLAR SAN JOS\u00c9 DE CALASANZ DE KINSHASA - Itaka-Escolapios","isPartOf":{"@id":"https:\/\/www.itakaescolapios.org\/es\/#website"},"primaryImageOfPage":{"@id":"https:\/\/www.itakaescolapios.org\/ca\/2025\/04\/lanzamiento-oficial-de-la-campana-de-solidaridad-en-el-complejo-escolar-san-jose-de-calasanz-de-kinshasa\/#primaryimage"},"image":{"@id":"https:\/\/www.itakaescolapios.org\/ca\/2025\/04\/lanzamiento-oficial-de-la-campana-de-solidaridad-en-el-complejo-escolar-san-jose-de-calasanz-de-kinshasa\/#primaryimage"},"thumbnailUrl":"https:\/\/www.itakaescolapios.org\/wp-content\/uploads\/2025\/03\/IMG_20250328_112019_740@-1894459090-1.jpg","datePublished":"2025-04-03T12:23:57+00:00","dateModified":"2025-04-14T14:23:00+00:00","breadcrumb":{"@id":"https:\/\/www.itakaescolapios.org\/ca\/2025\/04\/lanzamiento-oficial-de-la-campana-de-solidaridad-en-el-complejo-escolar-san-jose-de-calasanz-de-kinshasa\/#breadcrumb"},"inLanguage":"ca","potentialAction":[{"@type":"ReadAction","target":["https:\/\/www.itakaescolapios.org\/ca\/2025\/04\/lanzamiento-oficial-de-la-campana-de-solidaridad-en-el-complejo-escolar-san-jose-de-calasanz-de-kinshasa\/"]}]},{"@type":"ImageObject","inLanguage":"ca","@id":"https:\/\/www.itakaescolapios.org\/ca\/2025\/04\/lanzamiento-oficial-de-la-campana-de-solidaridad-en-el-complejo-escolar-san-jose-de-calasanz-de-kinshasa\/#primaryimage","url":"https:\/\/www.itakaescolapios.org\/wp-content\/uploads\/2025\/03\/IMG_20250328_112019_740@-1894459090-1.jpg","contentUrl":"https:\/\/www.itakaescolapios.org\/wp-content\/uploads\/2025\/03\/IMG_20250328_112019_740@-1894459090-1.jpg","width":2000,"height":1500},{"@type":"BreadcrumbList","@id":"https:\/\/www.itakaescolapios.org\/ca\/2025\/04\/lanzamiento-oficial-de-la-campana-de-solidaridad-en-el-complejo-escolar-san-jose-de-calasanz-de-kinshasa\/#breadcrumb","itemListElement":[{"@type":"ListItem","position":1,"name":"Itaka-Escolapios","item":"https:\/\/www.itakaescolapios.org\/es\/"},{"@type":"ListItem","position":2,"name":"Llan\u00e7ament de la campanya oficial de la Campanya de Solidaritat en el Complex Escolar San Jos\u00e9 de Calasanz de Kinshasa"}]},{"@type":"WebSite","@id":"https:\/\/www.itakaescolapios.org\/ca\/es\/#website","url":"https:\/\/www.itakaescolapios.org\/ca\/es\/","name":"Itaka-Escolapios","description":"Red de Itaka-Escolapios","publisher":{"@id":"https:\/\/www.itakaescolapios.org\/ca\/es\/#organization"},"potentialAction":[{"@type":"SearchAction","target":{"@type":"EntryPoint","urlTemplate":"https:\/\/www.itakaescolapios.org\/ca\/es\/?s={search_term_string}"},"query-input":{"@type":"PropertyValueSpecification","valueRequired":true,"valueName":"search_term_string"}}],"inLanguage":"ca"},{"@type":"Organization","@id":"https:\/\/www.itakaescolapios.org\/ca\/es\/#organization","name":"Fundaci\u00f3 Itaka-Escolapios","url":"https:\/\/www.itakaescolapios.org\/ca\/es\/","logo":{"@type":"ImageObject","inLanguage":"ca","@id":"https:\/\/www.itakaescolapios.org\/ca\/es\/#\/schema\/logo\/image\/","url":"https:\/\/www.itakaescolapios.org\/wp-content\/uploads\/2024\/04\/Logo-itakaescolapios-peque.png","contentUrl":"https:\/\/www.itakaescolapios.org\/wp-content\/uploads\/2024\/04\/Logo-itakaescolapios-peque.png","width":500,"height":199,"caption":"Fundaci\u00f3 Itaka-Escolapios"},"image":{"@id":"https:\/\/www.itakaescolapios.org\/ca\/es\/#\/schema\/logo\/image\/"}},{"@type":"Person","@id":"https:\/\/www.itakaescolapios.org\/es\/#\/schema\/person\/b4aee0bb1423368fa9a5439a0985739e","name":"Paz Su\u00f1er","url":"https:\/\/www.itakaescolapios.org\/ca\/author\/pazsuner\/"}]}},"_links":{"self":[{"href":"https:\/\/www.itakaescolapios.org\/ca\/wp-json\/wp\/v2\/posts\/327314","targetHints":{"allow":["GET"]}}],"collection":[{"href":"https:\/\/www.itakaescolapios.org\/ca\/wp-json\/wp\/v2\/posts"}],"about":[{"href":"https:\/\/www.itakaescolapios.org\/ca\/wp-json\/wp\/v2\/types\/post"}],"author":[{"embeddable":true,"href":"https:\/\/www.itakaescolapios.org\/ca\/wp-json\/wp\/v2\/users\/69"}],"replies":[{"embeddable":true,"href":"https:\/\/www.itakaescolapios.org\/ca\/wp-json\/wp\/v2\/comments?post=327314"}],"version-history":[{"count":7,"href":"https:\/\/www.itakaescolapios.org\/ca\/wp-json\/wp\/v2\/posts\/327314\/revisions"}],"predecessor-version":[{"id":327599,"href":"https:\/\/www.itakaescolapios.org\/ca\/wp-json\/wp\/v2\/posts\/327314\/revisions\/327599"}],"wp:featuredmedia":[{"embeddable":true,"href":"https:\/\/www.itakaescolapios.org\/ca\/wp-json\/wp\/v2\/media\/327261"}],"wp:attachment":[{"href":"https:\/\/www.itakaescolapios.org\/ca\/wp-json\/wp\/v2\/media?parent=327314"}],"wp:term":[{"taxonomy":"category","embeddable":true,"href":"https:\/\/www.itakaescolapios.org\/ca\/wp-json\/wp\/v2\/categories?post=327314"},{"taxonomy":"post_tag","embeddable":true,"href":"https:\/\/www.itakaescolapios.org\/ca\/wp-json\/wp\/v2\/tags?post=327314"}],"curies":[{"name":"wp","href":"https:\/\/api.w.org\/{rel}","templated":true}]}}